{"id":9979,"date":"2025-09-26T07:49:34","date_gmt":"2025-09-26T05:49:34","guid":{"rendered":"https:\/\/nordnesrepublikken.no\/index.php\/2025\/09\/26\/data-om-den-nye-hikikomori-det-japanske-fenomenet-utvides-i-italia-og-i-verden\/"},"modified":"2025-09-26T07:49:34","modified_gmt":"2025-09-26T05:49:34","slug":"data-om-den-nye-hikikomori-det-japanske-fenomenet-utvides-i-italia-og-i-verden","status":"publish","type":"post","link":"https:\/\/nordnesrepublikken.no\/index.php\/2025\/09\/26\/data-om-den-nye-hikikomori-det-japanske-fenomenet-utvides-i-italia-og-i-verden\/","title":{"rendered":"Data om den nye hikikomori, det japanske fenomenet utvides i Italia og i verden"},"content":{"rendered":"<div>\n<div class=\"cp_wrapper cp_wrapper--fw mb-30 mb-20@tablet\">\n<figure class=\"mm\"><picture class=\"img\" style=\"padding-top:56.25%\"><source  media=\"(min-width: 1024px)\"><source  media=\"(min-width: 768px)\"><\/source><\/source><\/picture><\/figure>\n<\/p><\/div>\n<p>Fenomenet <strong>Hikikomori<\/strong>f\u00f8dt i Japan p\u00e5 \u00e5ttitallet og nittitallet, er det ikke lenger et fenomen begrenset til den japanske skj\u00e6rg\u00e5rden: Dette begrepet refererer til mennesker, hovedsakelig ten\u00e5ringer og unge voksne, som ja<strong> isolert fra omverdenen<\/strong> For en lang tid og nekter sosiale kontakter. I l\u00f8pet av de siste to ti\u00e5rene har Hikikomori spredd seg bra<strong> Utover de asiatiske grensene<\/strong>tar p\u00e5 seg forskjellige egenskaper i henhold til den kulturelle konteksten. I dag er det faktisk tilfeller ikke bare i Japan, men ogs\u00e5 i <strong>Europa, Latin -Amerika og til og med i Midt\u00f8sten -land<\/strong>demonstrere en transformasjon i global forstand.<\/p>\n<h2>Fenomenet i Italia og de &laquo;nye&raquo; involverte landene<\/h2>\n<p>I <strong>Italia<\/strong>estimatene snakker om om <strong>50 000 sertifiserte saker<\/strong>med noen kilder som dobler tallet opp til 100 000. I motsetning til <strong>Japan<\/strong>Der fenomenet opprinnelig ble assosiert med skole- og arbeidspress, veier i italiensk sammenheng mer p\u00e5 st\u00f8rrelsen p\u00e5 retrett p\u00e5 grunn av episoder med mobbing, sosial eksklusjon og eksistensiell prek\u00e6rhet. Der <strong>Spania<\/strong>derimot, spilt inn <strong>Ekstreme episoder med isolasjon<\/strong>med folk som forble stengt i huset i flere ti\u00e5r, mens de var i <strong>Kina<\/strong> Andelen unge som tas ut overstiger 6%, et tall som gjenspeiler kombinasjonen av sv\u00e6rt videreg\u00e5ende skoleforventninger, familiekontroll og mangel p\u00e5 rom for ungdoms autonomi.<\/p>\n<p>Dette <strong>heterogenitet<\/strong> indikerer at hikikomori ikke er en <strong>&laquo;Kulturell produkt&raquo;<\/strong> utelukkende japansk, men en form for <strong>Sosial respons p\u00e5 strukturelle forhold som er vanlige for globaliserte selskaper:<\/strong> Konkurransedyktig press, fragmentering av tradisjonelle samfunn og nye metoder for sosialisering formidlet av digital.<\/p>\n<h2>\u00c5rsaker og utl\u00f8sende faktorer<\/h2>\n<p>De <strong>\u00c5rsaker<\/strong> ledende <strong>til sosial isolasjon<\/strong> varierer betydelig i henhold til konteksten. I landene i<strong>\u00d8st -Asia<\/strong>som <strong>Japan<\/strong> Og <strong>S\u00f8r -Korea<\/strong>Skole og profesjonell konkurranse representerer et sentralt element: <strong>faglig eller arbeidssvikt<\/strong> Det oppfattes som et stigma som er vanskelig \u00e5 komme seg, og for mange unge mennesker blir retrett et &laquo;beskyttelses&raquo; -valg sammenlignet med samfunnets dom.<\/p>\n<p>I <strong>Europa<\/strong>derimot, \u00e5 p\u00e5virke er mer dynamikk relatert til <strong>mobbing<\/strong>al <strong>rasisme<\/strong>kl<strong> Vanskeligheter med integrering og voksende byens ensomhet<\/strong>. I <strong>Latin -Amerika<\/strong>Tvert imot, fenomenet er sammenvevd med \u00f8konomisk ustabilitet og ungdomsledighet, som mater f\u00f8lelsen av impotens og tap av perspektiver.<\/p>\n<p>Dette mangfoldet av faktorer f\u00f8rer til <strong>trening av veldig forskjellige profiler<\/strong>: Det er ten\u00e5ringer som plutselig avbryter skolen og trekker seg tilbake til rommet; Unge voksne som mislykkes i overgangen til arbeidsverdenen og forblir blokkert i en innenlandsk limbo; og midtbelagte voksne som har tilbrakt disse \u00e5rene isolert at de ikke lenger kan forestille seg gjeninnsetting.<\/p>\n<p>Der <strong>\u00f8konomisk sp\u00f8rsm\u00e5l<\/strong> Det er en av de mest g\u00e5tefulle og delikate nodene av hikikomori -fenomenet. I <strong>Japan<\/strong>De fleste av de som bor isolert fungerer ikke og har ikke sin egen inntekt: Daglig overlevelse er garantert nesten utelukkende av familiest\u00f8tte. Foreldre dekker kostnadene for mat, overnatting og forbruksvarer, og forvandler seg faktisk til det viktigste sosiale sikkerhetsnettet.<\/p>\n<p>Denne modellen er imidlertid skj\u00f8r, da den avhenger av aldring av befolkningen som mater den s\u00e5 -kalt <strong>&laquo;Problem 80-50&raquo;<\/strong>: <strong>Eldre foreldre (80)<\/strong> de holder <strong>Voksne barn (50)<\/strong> uten noe perspektiv p\u00e5 autonomi.<\/p>\n<h2>Svar p\u00e5 fenomenet og innovative terapeutiske tiln\u00e6rminger<\/h2>\n<p>Svarene p\u00e5 fenomenet er heterogene og gjenspeiler forskjellene i <strong>Velferdssystemer<\/strong>. I <strong>S\u00f8r -Korea<\/strong>ble f\u00f8dt <strong>Fellesskapshus designet som overgangsrom<\/strong>der unge mennesker isolert kan leve sammen, f\u00f8lge terapeutiske veier og gradvis gjenvinne sosiale og arbeidsevner. I <strong>Frankrike<\/strong> og inn <strong>Italia<\/strong>I stedet er det foretrukket \u00e5 fokusere mer p\u00e5 <strong>involvering av familier<\/strong>: Psyko-utdanningsintervensjoner tar sikte p\u00e5 \u00e5 transformere den innenlandske konteksten, som ofte viser seg \u00e5 v\u00e6re ambivalent. Parallelt, de dukker opp <strong>Innovative tiln\u00e6rminger<\/strong> som bruker <strong>teknologier<\/strong> som <strong>Meklingsverkt\u00f8y<\/strong>. I <strong>Brasil<\/strong>for eksempel oppleves <strong>Terapeutiske videospill<\/strong> designet for \u00e5 stimulere progressivt samspill, mens du er i <strong>Japan<\/strong> Og <strong>Korea<\/strong> De tester seg selv <strong>Applikasjoner av virtual reality som simulerer sosiale milj\u00f8er<\/strong>slik at fors\u00f8kspersoner gradvis kan m\u00f8te frykten for kontakt med den andre.<\/p>\n<p>Disse verkt\u00f8yene viser hvordan <strong>teknologi<\/strong>ofte oppfattet som <strong>\u00c5rsak til isolasjon<\/strong>kan ogs\u00e5 v\u00e6re en del av <strong>l\u00f8sning<\/strong>.<\/p>\n<\/p><\/div>\n","protected":false},"excerpt":{"rendered":"<p>Fenomenet Hikikomorif\u00f8dt i Japan p\u00e5 \u00e5ttitallet og nittitallet, er det ikke lenger et fenomen begrenset<\/p>\n","protected":false},"author":1,"featured_media":9980,"comment_status":"closed","ping_status":"open","sticky":false,"template":"","format":"standard","meta":{"footnotes":""},"categories":[104],"tags":[3707,74,66,1814,6536,437,4132,260,6537,598],"class_list":["post-9979","post","type-post","status-publish","format-standard","has-post-thumbnail","hentry","category-samfunn","tag-data","tag-den","tag-det","tag-fenomenet","tag-hikikomori","tag-italia","tag-japanske","tag-nye","tag-utvides","tag-verden","generate-columns","tablet-grid-50","mobile-grid-100","grid-parent","grid-33","resize-featured-image"],"yoast_head":"<!-- This site is optimized with the Yoast SEO plugin v24.4 - https:\/\/yoast.com\/wordpress\/plugins\/seo\/ -->\n<title>Data om den nye hikikomori, det japanske fenomenet utvides i Italia og i verden - Nordnesrepublikken<\/title>\n<meta name=\"robots\" content=\"index, follow, max-snippet:-1, max-image-preview:large, max-video-preview:-1\" \/>\n<link rel=\"canonical\" href=\"https:\/\/nordnesrepublikken.no\/index.php\/2025\/09\/26\/data-om-den-nye-hikikomori-det-japanske-fenomenet-utvides-i-italia-og-i-verden\/\" \/>\n<meta property=\"og:locale\" content=\"nb_NO\" \/>\n<meta property=\"og:type\" content=\"article\" \/>\n<meta property=\"og:title\" content=\"Data om den nye hikikomori, det japanske fenomenet utvides i Italia og i verden - Nordnesrepublikken\" \/>\n<meta property=\"og:description\" content=\"Fenomenet Hikikomorif\u00f8dt i Japan p\u00e5 \u00e5ttitallet og nittitallet, er det ikke lenger et fenomen begrenset\" \/>\n<meta property=\"og:url\" content=\"https:\/\/nordnesrepublikken.no\/index.php\/2025\/09\/26\/data-om-den-nye-hikikomori-det-japanske-fenomenet-utvides-i-italia-og-i-verden\/\" \/>\n<meta property=\"og:site_name\" content=\"Nordnesrepublikken\" \/>\n<meta property=\"article:published_time\" content=\"2025-09-26T05:49:34+00:00\" \/>\n<meta property=\"og:image\" content=\"https:\/\/nordnesrepublikken.no\/wp-content\/uploads\/2025\/09\/1758865774_Data-om-den-nye-hikikomori-det-japanske-fenomenet-utvides-i.jpg\" \/>\n\t<meta property=\"og:image:width\" content=\"640\" \/>\n\t<meta property=\"og:image:height\" content=\"424\" \/>\n\t<meta property=\"og:image:type\" content=\"image\/jpeg\" \/>\n<meta name=\"author\" content=\"Ole Andersen\" \/>\n<meta name=\"twitter:card\" content=\"summary_large_image\" \/>\n<meta name=\"twitter:label1\" content=\"Skrevet av\" \/>\n\t<meta name=\"twitter:data1\" content=\"Ole Andersen\" \/>\n\t<meta name=\"twitter:label2\" content=\"Ansl. lesetid\" \/>\n\t<meta name=\"twitter:data2\" content=\"3 minutter\" \/>\n<script type=\"application\/ld+json\" class=\"yoast-schema-graph\">{\"@context\":\"https:\/\/schema.org\",\"@graph\":[{\"@type\":\"Article\",\"@id\":\"https:\/\/nordnesrepublikken.no\/index.php\/2025\/09\/26\/data-om-den-nye-hikikomori-det-japanske-fenomenet-utvides-i-italia-og-i-verden\/#article\",\"isPartOf\":{\"@id\":\"https:\/\/nordnesrepublikken.no\/index.php\/2025\/09\/26\/data-om-den-nye-hikikomori-det-japanske-fenomenet-utvides-i-italia-og-i-verden\/\"},\"author\":{\"name\":\"Ole Andersen\",\"@id\":\"https:\/\/nordnesrepublikken.no\/#\/schema\/person\/2e7e81935bab77882fffb79296240ff1\"},\"headline\":\"Data om den nye hikikomori, det japanske fenomenet utvides i Italia og i verden\",\"datePublished\":\"2025-09-26T05:49:34+00:00\",\"mainEntityOfPage\":{\"@id\":\"https:\/\/nordnesrepublikken.no\/index.php\/2025\/09\/26\/data-om-den-nye-hikikomori-det-japanske-fenomenet-utvides-i-italia-og-i-verden\/\"},\"wordCount\":663,\"publisher\":{\"@id\":\"https:\/\/nordnesrepublikken.no\/#organization\"},\"image\":{\"@id\":\"https:\/\/nordnesrepublikken.no\/index.php\/2025\/09\/26\/data-om-den-nye-hikikomori-det-japanske-fenomenet-utvides-i-italia-og-i-verden\/#primaryimage\"},\"thumbnailUrl\":\"https:\/\/nordnesrepublikken.no\/wp-content\/uploads\/2025\/09\/1758865774_Data-om-den-nye-hikikomori-det-japanske-fenomenet-utvides-i.jpg\",\"keywords\":[\"data\",\"den\",\"Det\",\"fenomenet\",\"hikikomori\",\"Italia\",\"japanske\",\"nye\",\"utvides\",\"verden\"],\"articleSection\":[\"Samfunn\"],\"inLanguage\":\"nb-NO\"},{\"@type\":\"WebPage\",\"@id\":\"https:\/\/nordnesrepublikken.no\/index.php\/2025\/09\/26\/data-om-den-nye-hikikomori-det-japanske-fenomenet-utvides-i-italia-og-i-verden\/\",\"url\":\"https:\/\/nordnesrepublikken.no\/index.php\/2025\/09\/26\/data-om-den-nye-hikikomori-det-japanske-fenomenet-utvides-i-italia-og-i-verden\/\",\"name\":\"Data om den nye hikikomori, det japanske fenomenet utvides i Italia og i verden - Nordnesrepublikken\",\"isPartOf\":{\"@id\":\"https:\/\/nordnesrepublikken.no\/#website\"},\"primaryImageOfPage\":{\"@id\":\"https:\/\/nordnesrepublikken.no\/index.php\/2025\/09\/26\/data-om-den-nye-hikikomori-det-japanske-fenomenet-utvides-i-italia-og-i-verden\/#primaryimage\"},\"image\":{\"@id\":\"https:\/\/nordnesrepublikken.no\/index.php\/2025\/09\/26\/data-om-den-nye-hikikomori-det-japanske-fenomenet-utvides-i-italia-og-i-verden\/#primaryimage\"},\"thumbnailUrl\":\"https:\/\/nordnesrepublikken.no\/wp-content\/uploads\/2025\/09\/1758865774_Data-om-den-nye-hikikomori-det-japanske-fenomenet-utvides-i.jpg\",\"datePublished\":\"2025-09-26T05:49:34+00:00\",\"breadcrumb\":{\"@id\":\"https:\/\/nordnesrepublikken.no\/index.php\/2025\/09\/26\/data-om-den-nye-hikikomori-det-japanske-fenomenet-utvides-i-italia-og-i-verden\/#breadcrumb\"},\"inLanguage\":\"nb-NO\",\"potentialAction\":[{\"@type\":\"ReadAction\",\"target\":[\"https:\/\/nordnesrepublikken.no\/index.php\/2025\/09\/26\/data-om-den-nye-hikikomori-det-japanske-fenomenet-utvides-i-italia-og-i-verden\/\"]}]},{\"@type\":\"ImageObject\",\"inLanguage\":\"nb-NO\",\"@id\":\"https:\/\/nordnesrepublikken.no\/index.php\/2025\/09\/26\/data-om-den-nye-hikikomori-det-japanske-fenomenet-utvides-i-italia-og-i-verden\/#primaryimage\",\"url\":\"https:\/\/nordnesrepublikken.no\/wp-content\/uploads\/2025\/09\/1758865774_Data-om-den-nye-hikikomori-det-japanske-fenomenet-utvides-i.jpg\",\"contentUrl\":\"https:\/\/nordnesrepublikken.no\/wp-content\/uploads\/2025\/09\/1758865774_Data-om-den-nye-hikikomori-det-japanske-fenomenet-utvides-i.jpg\",\"width\":640,\"height\":424,\"caption\":\"Data om den nye hikikomori, det japanske fenomenet utvides i Italia og i verden\"},{\"@type\":\"BreadcrumbList\",\"@id\":\"https:\/\/nordnesrepublikken.no\/index.php\/2025\/09\/26\/data-om-den-nye-hikikomori-det-japanske-fenomenet-utvides-i-italia-og-i-verden\/#breadcrumb\",\"itemListElement\":[{\"@type\":\"ListItem\",\"position\":1,\"name\":\"Home\",\"item\":\"https:\/\/nordnesrepublikken.no\/\"},{\"@type\":\"ListItem\",\"position\":2,\"name\":\"Data om den nye hikikomori, det japanske fenomenet utvides i Italia og i verden\"}]},{\"@type\":\"WebSite\",\"@id\":\"https:\/\/nordnesrepublikken.no\/#website\",\"url\":\"https:\/\/nordnesrepublikken.no\/\",\"name\":\"Nordnesrepublikken\",\"description\":\"Stemmer og Visjoner fra Republikkens Hjerte\",\"publisher\":{\"@id\":\"https:\/\/nordnesrepublikken.no\/#organization\"},\"potentialAction\":[{\"@type\":\"SearchAction\",\"target\":{\"@type\":\"EntryPoint\",\"urlTemplate\":\"https:\/\/nordnesrepublikken.no\/?s={search_term_string}\"},\"query-input\":{\"@type\":\"PropertyValueSpecification\",\"valueRequired\":true,\"valueName\":\"search_term_string\"}}],\"inLanguage\":\"nb-NO\"},{\"@type\":\"Organization\",\"@id\":\"https:\/\/nordnesrepublikken.no\/#organization\",\"name\":\"Nordnesrepublikken\",\"url\":\"https:\/\/nordnesrepublikken.no\/\",\"logo\":{\"@type\":\"ImageObject\",\"inLanguage\":\"nb-NO\",\"@id\":\"https:\/\/nordnesrepublikken.no\/#\/schema\/logo\/image\/\",\"url\":\"https:\/\/nordnesrepublikken.no\/wp-content\/uploads\/2025\/02\/cropped-nordnesrepublikken-2.png\",\"contentUrl\":\"https:\/\/nordnesrepublikken.no\/wp-content\/uploads\/2025\/02\/cropped-nordnesrepublikken-2.png\",\"width\":1248,\"height\":362,\"caption\":\"Nordnesrepublikken\"},\"image\":{\"@id\":\"https:\/\/nordnesrepublikken.no\/#\/schema\/logo\/image\/\"}},{\"@type\":\"Person\",\"@id\":\"https:\/\/nordnesrepublikken.no\/#\/schema\/person\/2e7e81935bab77882fffb79296240ff1\",\"name\":\"Ole Andersen\",\"image\":{\"@type\":\"ImageObject\",\"inLanguage\":\"nb-NO\",\"@id\":\"https:\/\/nordnesrepublikken.no\/#\/schema\/person\/image\/\",\"url\":\"https:\/\/nordnesrepublikken.no\/wp-content\/uploads\/2025\/02\/nordnesrepublikken-2-2-150x150.jpg\",\"contentUrl\":\"https:\/\/nordnesrepublikken.no\/wp-content\/uploads\/2025\/02\/nordnesrepublikken-2-2-150x150.jpg\",\"caption\":\"Ole Andersen\"},\"description\":\"Ettersom jeg vokste opp i Oslo, har jeg alltid v\u00e6rt fascinert av ordenes kraft og deres evne til \u00e5 skape endringer. Etter \u00e5 ha fullf\u00f8rt min utdannelse i kommunikasjon ved Universitetet i Bergen, fikk jeg muligheten til \u00e5 jobbe innen ulike medier, der jeg har s\u00f8kt \u00e5 belyse viktige samfunnssp\u00f8rsm\u00e5l. I dag, som redakt\u00f8r for Nordnesrepublikken, pr\u00f8ver jeg \u00e5 forene min kj\u00e6rlighet for journalistikk med min lidenskap for innovasjon og eventyr.\",\"sameAs\":[\"https:\/\/nordnesrepublikken.no\/\"]}]}<\/script>\n<!-- \/ Yoast SEO plugin. -->","yoast_head_json":{"title":"Data om den nye hikikomori, det japanske fenomenet utvides i Italia og i verden - Nordnesrepublikken","robots":{"index":"index","follow":"follow","max-snippet":"max-snippet:-1","max-image-preview":"max-image-preview:large","max-video-preview":"max-video-preview:-1"},"canonical":"https:\/\/nordnesrepublikken.no\/index.php\/2025\/09\/26\/data-om-den-nye-hikikomori-det-japanske-fenomenet-utvides-i-italia-og-i-verden\/","og_locale":"nb_NO","og_type":"article","og_title":"Data om den nye hikikomori, det japanske fenomenet utvides i Italia og i verden - Nordnesrepublikken","og_description":"Fenomenet Hikikomorif\u00f8dt i Japan p\u00e5 \u00e5ttitallet og nittitallet, er det ikke lenger et fenomen begrenset","og_url":"https:\/\/nordnesrepublikken.no\/index.php\/2025\/09\/26\/data-om-den-nye-hikikomori-det-japanske-fenomenet-utvides-i-italia-og-i-verden\/","og_site_name":"Nordnesrepublikken","article_published_time":"2025-09-26T05:49:34+00:00","og_image":[{"width":640,"height":424,"url":"https:\/\/nordnesrepublikken.no\/wp-content\/uploads\/2025\/09\/1758865774_Data-om-den-nye-hikikomori-det-japanske-fenomenet-utvides-i.jpg","type":"image\/jpeg"}],"author":"Ole Andersen","twitter_card":"summary_large_image","twitter_misc":{"Skrevet av":"Ole Andersen","Ansl. lesetid":"3 minutter"},"schema":{"@context":"https:\/\/schema.org","@graph":[{"@type":"Article","@id":"https:\/\/nordnesrepublikken.no\/index.php\/2025\/09\/26\/data-om-den-nye-hikikomori-det-japanske-fenomenet-utvides-i-italia-og-i-verden\/#article","isPartOf":{"@id":"https:\/\/nordnesrepublikken.no\/index.php\/2025\/09\/26\/data-om-den-nye-hikikomori-det-japanske-fenomenet-utvides-i-italia-og-i-verden\/"},"author":{"name":"Ole Andersen","@id":"https:\/\/nordnesrepublikken.no\/#\/schema\/person\/2e7e81935bab77882fffb79296240ff1"},"headline":"Data om den nye hikikomori, det japanske fenomenet utvides i Italia og i verden","datePublished":"2025-09-26T05:49:34+00:00","mainEntityOfPage":{"@id":"https:\/\/nordnesrepublikken.no\/index.php\/2025\/09\/26\/data-om-den-nye-hikikomori-det-japanske-fenomenet-utvides-i-italia-og-i-verden\/"},"wordCount":663,"publisher":{"@id":"https:\/\/nordnesrepublikken.no\/#organization"},"image":{"@id":"https:\/\/nordnesrepublikken.no\/index.php\/2025\/09\/26\/data-om-den-nye-hikikomori-det-japanske-fenomenet-utvides-i-italia-og-i-verden\/#primaryimage"},"thumbnailUrl":"https:\/\/nordnesrepublikken.no\/wp-content\/uploads\/2025\/09\/1758865774_Data-om-den-nye-hikikomori-det-japanske-fenomenet-utvides-i.jpg","keywords":["data","den","Det","fenomenet","hikikomori","Italia","japanske","nye","utvides","verden"],"articleSection":["Samfunn"],"inLanguage":"nb-NO"},{"@type":"WebPage","@id":"https:\/\/nordnesrepublikken.no\/index.php\/2025\/09\/26\/data-om-den-nye-hikikomori-det-japanske-fenomenet-utvides-i-italia-og-i-verden\/","url":"https:\/\/nordnesrepublikken.no\/index.php\/2025\/09\/26\/data-om-den-nye-hikikomori-det-japanske-fenomenet-utvides-i-italia-og-i-verden\/","name":"Data om den nye hikikomori, det japanske fenomenet utvides i Italia og i verden - Nordnesrepublikken","isPartOf":{"@id":"https:\/\/nordnesrepublikken.no\/#website"},"primaryImageOfPage":{"@id":"https:\/\/nordnesrepublikken.no\/index.php\/2025\/09\/26\/data-om-den-nye-hikikomori-det-japanske-fenomenet-utvides-i-italia-og-i-verden\/#primaryimage"},"image":{"@id":"https:\/\/nordnesrepublikken.no\/index.php\/2025\/09\/26\/data-om-den-nye-hikikomori-det-japanske-fenomenet-utvides-i-italia-og-i-verden\/#primaryimage"},"thumbnailUrl":"https:\/\/nordnesrepublikken.no\/wp-content\/uploads\/2025\/09\/1758865774_Data-om-den-nye-hikikomori-det-japanske-fenomenet-utvides-i.jpg","datePublished":"2025-09-26T05:49:34+00:00","breadcrumb":{"@id":"https:\/\/nordnesrepublikken.no\/index.php\/2025\/09\/26\/data-om-den-nye-hikikomori-det-japanske-fenomenet-utvides-i-italia-og-i-verden\/#breadcrumb"},"inLanguage":"nb-NO","potentialAction":[{"@type":"ReadAction","target":["https:\/\/nordnesrepublikken.no\/index.php\/2025\/09\/26\/data-om-den-nye-hikikomori-det-japanske-fenomenet-utvides-i-italia-og-i-verden\/"]}]},{"@type":"ImageObject","inLanguage":"nb-NO","@id":"https:\/\/nordnesrepublikken.no\/index.php\/2025\/09\/26\/data-om-den-nye-hikikomori-det-japanske-fenomenet-utvides-i-italia-og-i-verden\/#primaryimage","url":"https:\/\/nordnesrepublikken.no\/wp-content\/uploads\/2025\/09\/1758865774_Data-om-den-nye-hikikomori-det-japanske-fenomenet-utvides-i.jpg","contentUrl":"https:\/\/nordnesrepublikken.no\/wp-content\/uploads\/2025\/09\/1758865774_Data-om-den-nye-hikikomori-det-japanske-fenomenet-utvides-i.jpg","width":640,"height":424,"caption":"Data om den nye hikikomori, det japanske fenomenet utvides i Italia og i verden"},{"@type":"BreadcrumbList","@id":"https:\/\/nordnesrepublikken.no\/index.php\/2025\/09\/26\/data-om-den-nye-hikikomori-det-japanske-fenomenet-utvides-i-italia-og-i-verden\/#breadcrumb","itemListElement":[{"@type":"ListItem","position":1,"name":"Home","item":"https:\/\/nordnesrepublikken.no\/"},{"@type":"ListItem","position":2,"name":"Data om den nye hikikomori, det japanske fenomenet utvides i Italia og i verden"}]},{"@type":"WebSite","@id":"https:\/\/nordnesrepublikken.no\/#website","url":"https:\/\/nordnesrepublikken.no\/","name":"Nordnesrepublikken","description":"Stemmer og Visjoner fra Republikkens Hjerte","publisher":{"@id":"https:\/\/nordnesrepublikken.no\/#organization"},"potentialAction":[{"@type":"SearchAction","target":{"@type":"EntryPoint","urlTemplate":"https:\/\/nordnesrepublikken.no\/?s={search_term_string}"},"query-input":{"@type":"PropertyValueSpecification","valueRequired":true,"valueName":"search_term_string"}}],"inLanguage":"nb-NO"},{"@type":"Organization","@id":"https:\/\/nordnesrepublikken.no\/#organization","name":"Nordnesrepublikken","url":"https:\/\/nordnesrepublikken.no\/","logo":{"@type":"ImageObject","inLanguage":"nb-NO","@id":"https:\/\/nordnesrepublikken.no\/#\/schema\/logo\/image\/","url":"https:\/\/nordnesrepublikken.no\/wp-content\/uploads\/2025\/02\/cropped-nordnesrepublikken-2.png","contentUrl":"https:\/\/nordnesrepublikken.no\/wp-content\/uploads\/2025\/02\/cropped-nordnesrepublikken-2.png","width":1248,"height":362,"caption":"Nordnesrepublikken"},"image":{"@id":"https:\/\/nordnesrepublikken.no\/#\/schema\/logo\/image\/"}},{"@type":"Person","@id":"https:\/\/nordnesrepublikken.no\/#\/schema\/person\/2e7e81935bab77882fffb79296240ff1","name":"Ole Andersen","image":{"@type":"ImageObject","inLanguage":"nb-NO","@id":"https:\/\/nordnesrepublikken.no\/#\/schema\/person\/image\/","url":"https:\/\/nordnesrepublikken.no\/wp-content\/uploads\/2025\/02\/nordnesrepublikken-2-2-150x150.jpg","contentUrl":"https:\/\/nordnesrepublikken.no\/wp-content\/uploads\/2025\/02\/nordnesrepublikken-2-2-150x150.jpg","caption":"Ole Andersen"},"description":"Ettersom jeg vokste opp i Oslo, har jeg alltid v\u00e6rt fascinert av ordenes kraft og deres evne til \u00e5 skape endringer. Etter \u00e5 ha fullf\u00f8rt min utdannelse i kommunikasjon ved Universitetet i Bergen, fikk jeg muligheten til \u00e5 jobbe innen ulike medier, der jeg har s\u00f8kt \u00e5 belyse viktige samfunnssp\u00f8rsm\u00e5l. I dag, som redakt\u00f8r for Nordnesrepublikken, pr\u00f8ver jeg \u00e5 forene min kj\u00e6rlighet for journalistikk med min lidenskap for innovasjon og eventyr.","sameAs":["https:\/\/nordnesrepublikken.no\/"]}]}},"_links":{"self":[{"href":"https:\/\/nordnesrepublikken.no\/index.php\/wp-json\/wp\/v2\/posts\/9979","targetHints":{"allow":["GET"]}}],"collection":[{"href":"https:\/\/nordnesrepublikken.no\/index.php\/wp-json\/wp\/v2\/posts"}],"about":[{"href":"https:\/\/nordnesrepublikken.no\/index.php\/wp-json\/wp\/v2\/types\/post"}],"author":[{"embeddable":true,"href":"https:\/\/nordnesrepublikken.no\/index.php\/wp-json\/wp\/v2\/users\/1"}],"replies":[{"embeddable":true,"href":"https:\/\/nordnesrepublikken.no\/index.php\/wp-json\/wp\/v2\/comments?post=9979"}],"version-history":[{"count":1,"href":"https:\/\/nordnesrepublikken.no\/index.php\/wp-json\/wp\/v2\/posts\/9979\/revisions"}],"predecessor-version":[{"id":9981,"href":"https:\/\/nordnesrepublikken.no\/index.php\/wp-json\/wp\/v2\/posts\/9979\/revisions\/9981"}],"wp:featuredmedia":[{"embeddable":true,"href":"https:\/\/nordnesrepublikken.no\/index.php\/wp-json\/wp\/v2\/media\/9980"}],"wp:attachment":[{"href":"https:\/\/nordnesrepublikken.no\/index.php\/wp-json\/wp\/v2\/media?parent=9979"}],"wp:term":[{"taxonomy":"category","embeddable":true,"href":"https:\/\/nordnesrepublikken.no\/index.php\/wp-json\/wp\/v2\/categories?post=9979"},{"taxonomy":"post_tag","embeddable":true,"href":"https:\/\/nordnesrepublikken.no\/index.php\/wp-json\/wp\/v2\/tags?post=9979"}],"curies":[{"name":"wp","href":"https:\/\/api.w.org\/{rel}","templated":true}]}}