{"id":9973,"date":"2025-09-26T00:49:49","date_gmt":"2025-09-25T22:49:49","guid":{"rendered":"https:\/\/nordnesrepublikken.no\/index.php\/2025\/09\/26\/er-hansel-og-gretel-inspirert-av-to-drapsmenn-den-utrolige-teorien-om-det-beromte-eventyret\/"},"modified":"2025-09-26T00:49:50","modified_gmt":"2025-09-25T22:49:50","slug":"er-hansel-og-gretel-inspirert-av-to-drapsmenn-den-utrolige-teorien-om-det-beromte-eventyret","status":"publish","type":"post","link":"https:\/\/nordnesrepublikken.no\/index.php\/2025\/09\/26\/er-hansel-og-gretel-inspirert-av-to-drapsmenn-den-utrolige-teorien-om-det-beromte-eventyret\/","title":{"rendered":"Er Hansel og Gretel inspirert av to drapsmenn? Den utrolige teorien om det ber\u00f8mte eventyret"},"content":{"rendered":"<div>\n<div class=\"cp_wrapper cp_wrapper--fw mb-30 mb-20@tablet\">\n<figure class=\"mm\"><picture class=\"img\" style=\"padding-top:56.25%\"><source  media=\"(min-width: 1024px)\"><source  media=\"(min-width: 768px)\"><\/source><\/source><\/picture><\/figure>\n<\/p><\/div>\n<div class=\"fbx \">\n<div class=\"fbx__content\">\n<p>\t\t\tDu ser p\u00e5 <strong>Absurd, men sant<\/strong> Ikke g\u00e5 glipp av annet innhold av <span>Geopop<\/span>\n\t\t<\/p>\n<\/p><\/div>\n<div class=\"fbx__image\">\n<picture class=\"img  img--static-mode \">\n<p>  <img decoding=\"async\" loading=\"lazy\" src=\"https:\/\/nordnesrepublikken.no\/wp-content\/uploads\/2025\/09\/Er-Hansel-og-Gretel-inspirert-av-to-drapsmenn-Den-utrolige.jpeg\" alt=\"Bilde\" width=\"1920\" height=\"1080\"\/>\n<\/picture>\n\t<\/div>\n<\/div>\n<p>Alle vet <strong>Hansel og Gretel eventyr<\/strong>skrevet p\u00e5 det nittende \u00e5rhundre av <strong>Grimm Brothers<\/strong>: For \u00e5 v\u00e6re tydelig, det av de to barna som foreldrene i skogen som finner et marzipansk hus som en gammel kvinne bor som \u00f8nsker \u00e5 berolige barn. Ikke alle vet imidlertid at bak historien, en mye mer kj\u00f8lig ekte historie kan v\u00e6re skjult. I f\u00f8lge rekonstruksjonene utf\u00f8rt av arkeologen <strong>Georg Consagg<\/strong>Faktisk ville eventyret bli inspirert av historien om to voksne mennesker som ble presset til drapet fra sult etter makt i Tyskland. Funnene hans ble utgitt i en bok tegnet av journalisten Hans Traxler, men som ofte skjer, bak denne historien er det mye mer enn den ser ut.<\/p>\n<h2>Hvem er professor Georg Bon<\/h2>\n<p>Hovedpersonen i v\u00e5r historie er professor <strong>Georg<\/strong> <strong>Consag<\/strong>. F\u00f8dt i Praha <strong>21. mai 1919<\/strong> i byen <strong>Golem,<\/strong> Fra en tidlig alder bor han i Spessart -regionen, i Black Forest. Det er et sted med en magisk atmosf\u00e6re, og av denne grunn elsker han \u00e5 lese eventyr, s\u00e5 mye at besteforeldrene hans gir ham et illustrert volum av Grimm -br\u00f8drene. P\u00e5 grunn av krigen blir Consagg tvunget til \u00e5 flytte til andre omr\u00e5der i Tyskland, og ogs\u00e5 bo i <strong>Frankfurt<\/strong> I en periode og \u00e5 kunne reise hjem bare i 1962. Her f\u00f8ler han stemmer av b\u00f8nder som hevder at det fremdeles i dag i skogen er restene av heksens gamle skoger &#8230; hva om det var det virkelige huset til heksen som ble fortalt i Hansel og Gretel der?<\/p>\n<p>Selvf\u00f8lgelig s\u00e5 det ut som en gal id\u00e9 .. I det minste til han gikk gjennom skogen, n\u00e5dde han et glimt som virket kjent for ham &#8230; men selvf\u00f8lgelig var landskapet han s\u00e5 det samme som vist p\u00e5 eventyrboken som ble gitt ham av besteforeldrene da han var liten! Det l\u00e5 i riktig punkt, og <strong>S\u00f8ket var klart til \u00e5 starte<\/strong>.<\/p>\n<h2>Real Crime Theory of Consagg<\/h2>\n<p>Basert p\u00e5 den illustrasjonen klarte han f\u00f8rst \u00e5 identifisere <strong>Hansel og Gretels foreldres hus<\/strong>eller i det minste, hvor det m\u00e5tte oppst\u00e5, gitt at det i sin plass var n\u00e5 <strong>En motorvei<\/strong>. Analyse av registerene til Rohrbrunn jernbanekontor fant en \u00e5rsak mellom den gamle eieren av en eiendom som sto her, slik <em>Georg Scheidtbauer<\/em>og den f\u00f8derale administrasjonen av motorveiene. Dette var beviset p\u00e5 at det var et hus her f\u00f8r! Og etter all sannsynlighet var det huset han lette etter. Han tok denne hypotesen for godt, og begynte \u00e5 f\u00f8lge det som ble fortalt av Grimm -br\u00f8drene.<\/p>\n<p>For eksempel m\u00e5tte han se etter en rydding, gitt at de to barna, f\u00f8r han ble forlatt, tente i eventyret, og det beste stedet \u00e5 gj\u00f8re det er en lysning. Consegs tok da noen <strong>barn,<\/strong> fylte lommene av ham <strong>Sassolini<\/strong> Og han pr\u00f8vde \u00e5 f\u00e5 ham til \u00e5 reise forskjellige stier, men ingen klarte \u00e5 n\u00e5 noen lysning. Professoren hadde da et glimt av geni: Han fylte sine egne steiner og s\u00e5 dem med regelmessige tidsintervaller, han klarte \u00e5 avslutte dem n\u00f8yaktig inne i en lysning. Hva betydde dette? At han etter all sannsynlighet ikke var barn, men <strong>voksne.<\/strong><\/p>\n<p>I denne lysningen fant han ogs\u00e5 et tre til stede i historien. I historien koblet faren et tau rundt et tre, og han la merke til at et av tr\u00e6rne rundt lysningen, omtrent <strong>25 meter h\u00f8y<\/strong>hadde et slags arr i form av <strong>halvm\u00e5ne<\/strong>: Det var ikke noe mer enn tegnet p\u00e5 tauet som over tid hadde blitt innlemmet av selve treet. Han kj\u00f8pte deretter Tree of the Land Eier, fikk ham til \u00e5 bryte sammen og klarte \u00e5 telle hvor mange <strong>ringer<\/strong> De var rundt tauet og klarte \u00e5 forst\u00e5 at det var bundet om<strong> 315 \u00e5r tidligere<\/strong>det vil si i <strong>1647<\/strong>. Her er den andre store oppdagelsen, datoen, som vi vil se vil v\u00e6re avgj\u00f8rende for \u00e5 oppdage sannheten.<\/p>\n<p>Etter \u00e5 ha funnet lysningen fortsatte han imidlertid i henhold til historien og inspiserte alle mulige omr\u00e5der der huset kunne bli funnet. Det tok uker \u00e5 sl\u00e5 hvert hj\u00f8rne av skogen, til vendingsdagen, <strong>10. juli 1962<\/strong>.<\/p>\n<h2>Oppdagelsen av huset<\/h2>\n<p>Den dagen fant han i skogen restene av en <strong>lite hjem<\/strong> med en vegg bare h\u00f8y <strong>2 meter og 20<\/strong> Laget med steiner, leire og eikebjelker. Huset besto av et enkeltrom, og det var fire ovner inne. I de p\u00e5f\u00f8lgende dagene inspiserte han det i hvert hj\u00f8rne, og fant en <strong>s\u00f8t mugg<\/strong> og gjemt bak en vegg, til og med noen eldgamle <strong>Oppskrifter<\/strong>! Men det er ikke over, han oppdaget ogs\u00e5 mer kj\u00f8lige detaljer: inngangsd\u00f8ren hadde guder <strong>hj\u00f8rnestein<\/strong> <strong>tvunget<\/strong>som om noen hadde raidet hjemme og analysert ovnene, den 25. juli, inns\u00e5 at inne i en av disse var det en <strong>skjelett<\/strong>. Umiddelbart kontaktet han <strong>Professor Vermeulen<\/strong> av det antropologiske instituttet ved University of Leida som begynte \u00e5 unders\u00f8ke kroppen og vendte tilbake til professoren et klart bilde av hendelsen.<\/p>\n<p>Det var skjelettet til en ung kvinne fra Massimo <strong>35 \u00e5r,<\/strong> h\u00f8y <strong>1.67<\/strong> <strong>meter<\/strong> Og uten noen form for fysisk deformitet. S\u00e5 en veldig annen person enn heksen til Grimm. I f\u00f8lge analysen av skjelettet var beinene <strong>Bare delvis forkullet<\/strong> &#8211; Siden ovnene ikke var designet for det &#8211; og det ser ut til at kvinnen da hun ble kastet i ovnen allerede var d\u00f8d. Kanskje p\u00e5 grunn av en kvalt, skriver Obba i dagboken sin. Her er vi, dette var den tredje store \u00e5penbaringen som ble funnet av Bloom, det vil si hvordan &laquo;heksen&raquo; d\u00f8de.<\/p>\n<p>P\u00e5 dette tidspunktet manglet bare en ting: <strong>motiv<\/strong>.<\/p>\n<h2>Sannheten om Hansel og Gretel<\/h2>\n<p>Som vi sa, vet vi i hvilke \u00e5r historien fant sted, og med disse dataene begynte professoren \u00e5 presse dokumentene som var til stede i arkivet til den n\u00e6rliggende byen <strong>Harz<\/strong>finne transkripsjonen av et avh\u00f8r som fant sted <strong>15. juli 1647.<\/strong> Hovedpersonen i dokumentet er <strong>Katharina Schraderin,<\/strong> kallenavnet <em><strong>der<\/strong><\/em> <strong><em>Heks av ovnen<\/em><\/strong>. Hun var konditor i N\u00fcrnberg, den beste i byen. En dag under markedet ble han opps\u00f8kt av Court Baker av kongen som pr\u00f8vde \u00e5 beve det slik at han kunne stjele sin veldig hemmelige oppskrift p\u00e5 varetekt og bli enda viktigere i suverenens \u00f8yne. Men hun forsto intensjonene hans og nektet, men han av all respons begynte \u00e5 forf\u00f8lge henne, til og med \u00e5 g\u00e5 s\u00e5 langt som \u00e5 rapportere henne som en heks.<\/p>\n<p>Hun ble deretter tatt til fange, avh\u00f8rt, torturert, men tilsto aldri \u00e5 v\u00e6re en heks, og slik ble hun frigjort. Etter \u00e5 ha blitt l\u00f8slatt fra Katharina, ble et hus bygget i skogen, hvor hun skulle jobbe i fred &#8230; men det hun ikke visste er at kokken ikke var ferdig med henne. Faktisk dro han en dag med s\u00f8steren og sammen bestemte de seg for <strong>Drep henne.<\/strong> Vi vet ikke n\u00f8yaktig hvordan dette skjedde, men det vi vet med sikkerhet er at de pr\u00f8vde \u00e5 brenne bevisene for gesten deres ved \u00e5 kaste kroppen i en av ovnene. De satte huset opp ned for \u00e5 se etter oppskriften, men ingenting, de fant den ikke. Det er nettopp av denne grunn at manuskriptene fremdeles var skjult i dag <strong>Bak veggen!<\/strong><\/p>\n<p>Men vi har ikke sagt den enda mer interessante \u00e5penbaringen. Vet du hva de to drapsmennene ble kalt? Navnet p\u00e5 kokken var <strong>Hans Metzler<\/strong> Og s\u00f8steren hans <strong>Grete.<\/strong> Hans og Grete. Hansel og Gretel. Endelig hadde professoren rekonstruert all historien! I dokumentet sies det ogs\u00e5 at de to kriminelle ble pr\u00f8vd, men at det til slutt ikke er spesifisert som &#8211; de ble frifunnet, og avsluttet denne historien med en Dolceamara -lapp.<\/p>\n<h2>Publiseringen av boka<\/h2>\n<p>Det virker absurd \u00e5 ha klart \u00e5 l\u00f8se et gammelt \u00e5rhundrer drap, og Consagg var s\u00e5 begeistret for \u00e5 kontakte umiddelbart <strong>Hans Taxler,<\/strong> P\u00e5 den tiden forfatter for Frankfurt Magazine <em>Tilgi<\/em>for \u00e5 fortelle ham all historien. Til slutt ble denne utrolige historien publisert for f\u00f8rste gang i 1963 med navnet &laquo;<strong><em>Sannheten om Hansel og Gretel<\/em><\/strong>&laquo;. Teksten p\u00e5 veldig kort tid ble en av de bestselgerne i Vest -Tyskland og ble anerkjent b\u00e5de av kritikerne og av datidens akademikere, og ble ber\u00f8mt til og med i utlandet.<\/p>\n<p>S\u00e5 alt endte opp for det beste, ikke sant? Vel, ikke akkurat. Fordi omtrent et \u00e5r etter publiseringen av boken hoppet ut at alt han hadde blitt fortalt var faktisk <strong>falsk<\/strong>. Forfatteren, Hans Taxler, kom med en uttalelse som ristet opinionen: <strong>Det var ingen professor Consagg<\/strong> Og alle testene som ble rapportert i boka var <strong>forfalsket<\/strong> fra seg selv. Hensikten med boka hadde aldri v\u00e6rt \u00e5 fortelle den sanne historien om Hansel og Gretel, men snarere den av <strong>Gj\u00f8r narr av media og akademikere<\/strong>som tok denne teksten som et gullkokt gull uten \u00e5 sjekke dataene den var basert p\u00e5.<\/p>\n<p>Den gangen, f\u00e5 trodde ham, ble det antatt \u00e5 v\u00e6re en m\u00e5te \u00e5 tiltrekke seg oppmerksomhet til seg selv &#8211; og fremfor alt ville ingen gj\u00f8re figuren til det dumme \u00e5 ha trodd noe slikt &#8230; men snart ble det forst\u00e5tt at han ikke sa en l\u00f8gn. Alle studiene og funnene funnet var ikke noe mer enn <strong>Falske fakta for kunst<\/strong>inkludert de p\u00e5st\u00e5tte arkivdokumentene der historiene om Katsrina, Hans og Grete ble fortalt.<\/p>\n<\/p><\/div>\n","protected":false},"excerpt":{"rendered":"<p>Du ser p\u00e5 Absurd, men sant Ikke g\u00e5 glipp av annet innhold av Geopop Alle<\/p>\n","protected":false},"author":1,"featured_media":9974,"comment_status":"closed","ping_status":"open","sticky":false,"template":"","format":"standard","meta":{"footnotes":""},"categories":[104],"tags":[1633,74,66,6533,633,6532,6531,2016,6003,1339],"class_list":["post-9973","post","type-post","status-publish","format-standard","has-post-thumbnail","hentry","category-samfunn","tag-beromte","tag-den","tag-det","tag-drapsmenn","tag-eventyret","tag-gretel","tag-hansel","tag-inspirert","tag-teorien","tag-utrolige","generate-columns","tablet-grid-50","mobile-grid-100","grid-parent","grid-33","resize-featured-image"],"yoast_head":"<!-- This site is optimized with the Yoast SEO plugin v24.4 - https:\/\/yoast.com\/wordpress\/plugins\/seo\/ -->\n<title>Er Hansel og Gretel inspirert av to drapsmenn? Den utrolige teorien om det ber\u00f8mte eventyret - Nordnesrepublikken<\/title>\n<meta name=\"robots\" content=\"index, follow, max-snippet:-1, max-image-preview:large, max-video-preview:-1\" \/>\n<link rel=\"canonical\" href=\"https:\/\/nordnesrepublikken.no\/index.php\/2025\/09\/26\/er-hansel-og-gretel-inspirert-av-to-drapsmenn-den-utrolige-teorien-om-det-beromte-eventyret\/\" \/>\n<meta property=\"og:locale\" content=\"nb_NO\" \/>\n<meta property=\"og:type\" content=\"article\" \/>\n<meta property=\"og:title\" content=\"Er Hansel og Gretel inspirert av to drapsmenn? Den utrolige teorien om det ber\u00f8mte eventyret - Nordnesrepublikken\" \/>\n<meta property=\"og:description\" content=\"Du ser p\u00e5 Absurd, men sant Ikke g\u00e5 glipp av annet innhold av Geopop Alle\" \/>\n<meta property=\"og:url\" content=\"https:\/\/nordnesrepublikken.no\/index.php\/2025\/09\/26\/er-hansel-og-gretel-inspirert-av-to-drapsmenn-den-utrolige-teorien-om-det-beromte-eventyret\/\" \/>\n<meta property=\"og:site_name\" content=\"Nordnesrepublikken\" \/>\n<meta property=\"article:published_time\" content=\"2025-09-25T22:49:49+00:00\" \/>\n<meta property=\"article:modified_time\" content=\"2025-09-25T22:49:50+00:00\" \/>\n<meta property=\"og:image\" content=\"https:\/\/nordnesrepublikken.no\/wp-content\/uploads\/2025\/09\/1758840589_Er-Hansel-og-Gretel-inspirert-av-to-drapsmenn-Den-utrolige.jpg\" \/>\n\t<meta property=\"og:image:width\" content=\"1280\" \/>\n\t<meta property=\"og:image:height\" content=\"720\" \/>\n\t<meta property=\"og:image:type\" content=\"image\/jpeg\" \/>\n<meta name=\"author\" content=\"Ole Andersen\" \/>\n<meta name=\"twitter:card\" content=\"summary_large_image\" \/>\n<meta name=\"twitter:label1\" content=\"Skrevet av\" \/>\n\t<meta name=\"twitter:data1\" content=\"Ole Andersen\" \/>\n\t<meta name=\"twitter:label2\" content=\"Ansl. lesetid\" \/>\n\t<meta name=\"twitter:data2\" content=\"8 minutter\" \/>\n<script type=\"application\/ld+json\" class=\"yoast-schema-graph\">{\"@context\":\"https:\/\/schema.org\",\"@graph\":[{\"@type\":\"Article\",\"@id\":\"https:\/\/nordnesrepublikken.no\/index.php\/2025\/09\/26\/er-hansel-og-gretel-inspirert-av-to-drapsmenn-den-utrolige-teorien-om-det-beromte-eventyret\/#article\",\"isPartOf\":{\"@id\":\"https:\/\/nordnesrepublikken.no\/index.php\/2025\/09\/26\/er-hansel-og-gretel-inspirert-av-to-drapsmenn-den-utrolige-teorien-om-det-beromte-eventyret\/\"},\"author\":{\"name\":\"Ole Andersen\",\"@id\":\"https:\/\/nordnesrepublikken.no\/#\/schema\/person\/2e7e81935bab77882fffb79296240ff1\"},\"headline\":\"Er Hansel og Gretel inspirert av to drapsmenn? Den utrolige teorien om det ber\u00f8mte eventyret\",\"datePublished\":\"2025-09-25T22:49:49+00:00\",\"dateModified\":\"2025-09-25T22:49:50+00:00\",\"mainEntityOfPage\":{\"@id\":\"https:\/\/nordnesrepublikken.no\/index.php\/2025\/09\/26\/er-hansel-og-gretel-inspirert-av-to-drapsmenn-den-utrolige-teorien-om-det-beromte-eventyret\/\"},\"wordCount\":1539,\"publisher\":{\"@id\":\"https:\/\/nordnesrepublikken.no\/#organization\"},\"image\":{\"@id\":\"https:\/\/nordnesrepublikken.no\/index.php\/2025\/09\/26\/er-hansel-og-gretel-inspirert-av-to-drapsmenn-den-utrolige-teorien-om-det-beromte-eventyret\/#primaryimage\"},\"thumbnailUrl\":\"https:\/\/nordnesrepublikken.no\/wp-content\/uploads\/2025\/09\/1758840589_Er-Hansel-og-Gretel-inspirert-av-to-drapsmenn-Den-utrolige.jpg\",\"keywords\":[\"ber\u00f8mte\",\"den\",\"Det\",\"drapsmenn\",\"eventyret\",\"Gretel\",\"Hansel\",\"inspirert\",\"teorien\",\"utrolige\"],\"articleSection\":[\"Samfunn\"],\"inLanguage\":\"nb-NO\"},{\"@type\":\"WebPage\",\"@id\":\"https:\/\/nordnesrepublikken.no\/index.php\/2025\/09\/26\/er-hansel-og-gretel-inspirert-av-to-drapsmenn-den-utrolige-teorien-om-det-beromte-eventyret\/\",\"url\":\"https:\/\/nordnesrepublikken.no\/index.php\/2025\/09\/26\/er-hansel-og-gretel-inspirert-av-to-drapsmenn-den-utrolige-teorien-om-det-beromte-eventyret\/\",\"name\":\"Er Hansel og Gretel inspirert av to drapsmenn? Den utrolige teorien om det ber\u00f8mte eventyret - Nordnesrepublikken\",\"isPartOf\":{\"@id\":\"https:\/\/nordnesrepublikken.no\/#website\"},\"primaryImageOfPage\":{\"@id\":\"https:\/\/nordnesrepublikken.no\/index.php\/2025\/09\/26\/er-hansel-og-gretel-inspirert-av-to-drapsmenn-den-utrolige-teorien-om-det-beromte-eventyret\/#primaryimage\"},\"image\":{\"@id\":\"https:\/\/nordnesrepublikken.no\/index.php\/2025\/09\/26\/er-hansel-og-gretel-inspirert-av-to-drapsmenn-den-utrolige-teorien-om-det-beromte-eventyret\/#primaryimage\"},\"thumbnailUrl\":\"https:\/\/nordnesrepublikken.no\/wp-content\/uploads\/2025\/09\/1758840589_Er-Hansel-og-Gretel-inspirert-av-to-drapsmenn-Den-utrolige.jpg\",\"datePublished\":\"2025-09-25T22:49:49+00:00\",\"dateModified\":\"2025-09-25T22:49:50+00:00\",\"breadcrumb\":{\"@id\":\"https:\/\/nordnesrepublikken.no\/index.php\/2025\/09\/26\/er-hansel-og-gretel-inspirert-av-to-drapsmenn-den-utrolige-teorien-om-det-beromte-eventyret\/#breadcrumb\"},\"inLanguage\":\"nb-NO\",\"potentialAction\":[{\"@type\":\"ReadAction\",\"target\":[\"https:\/\/nordnesrepublikken.no\/index.php\/2025\/09\/26\/er-hansel-og-gretel-inspirert-av-to-drapsmenn-den-utrolige-teorien-om-det-beromte-eventyret\/\"]}]},{\"@type\":\"ImageObject\",\"inLanguage\":\"nb-NO\",\"@id\":\"https:\/\/nordnesrepublikken.no\/index.php\/2025\/09\/26\/er-hansel-og-gretel-inspirert-av-to-drapsmenn-den-utrolige-teorien-om-det-beromte-eventyret\/#primaryimage\",\"url\":\"https:\/\/nordnesrepublikken.no\/wp-content\/uploads\/2025\/09\/1758840589_Er-Hansel-og-Gretel-inspirert-av-to-drapsmenn-Den-utrolige.jpg\",\"contentUrl\":\"https:\/\/nordnesrepublikken.no\/wp-content\/uploads\/2025\/09\/1758840589_Er-Hansel-og-Gretel-inspirert-av-to-drapsmenn-Den-utrolige.jpg\",\"width\":1280,\"height\":720,\"caption\":\"hansel e gretel\"},{\"@type\":\"BreadcrumbList\",\"@id\":\"https:\/\/nordnesrepublikken.no\/index.php\/2025\/09\/26\/er-hansel-og-gretel-inspirert-av-to-drapsmenn-den-utrolige-teorien-om-det-beromte-eventyret\/#breadcrumb\",\"itemListElement\":[{\"@type\":\"ListItem\",\"position\":1,\"name\":\"Home\",\"item\":\"https:\/\/nordnesrepublikken.no\/\"},{\"@type\":\"ListItem\",\"position\":2,\"name\":\"Er Hansel og Gretel inspirert av to drapsmenn? Den utrolige teorien om det ber\u00f8mte eventyret\"}]},{\"@type\":\"WebSite\",\"@id\":\"https:\/\/nordnesrepublikken.no\/#website\",\"url\":\"https:\/\/nordnesrepublikken.no\/\",\"name\":\"Nordnesrepublikken\",\"description\":\"Stemmer og Visjoner fra Republikkens Hjerte\",\"publisher\":{\"@id\":\"https:\/\/nordnesrepublikken.no\/#organization\"},\"potentialAction\":[{\"@type\":\"SearchAction\",\"target\":{\"@type\":\"EntryPoint\",\"urlTemplate\":\"https:\/\/nordnesrepublikken.no\/?s={search_term_string}\"},\"query-input\":{\"@type\":\"PropertyValueSpecification\",\"valueRequired\":true,\"valueName\":\"search_term_string\"}}],\"inLanguage\":\"nb-NO\"},{\"@type\":\"Organization\",\"@id\":\"https:\/\/nordnesrepublikken.no\/#organization\",\"name\":\"Nordnesrepublikken\",\"url\":\"https:\/\/nordnesrepublikken.no\/\",\"logo\":{\"@type\":\"ImageObject\",\"inLanguage\":\"nb-NO\",\"@id\":\"https:\/\/nordnesrepublikken.no\/#\/schema\/logo\/image\/\",\"url\":\"https:\/\/nordnesrepublikken.no\/wp-content\/uploads\/2025\/02\/cropped-nordnesrepublikken-2.png\",\"contentUrl\":\"https:\/\/nordnesrepublikken.no\/wp-content\/uploads\/2025\/02\/cropped-nordnesrepublikken-2.png\",\"width\":1248,\"height\":362,\"caption\":\"Nordnesrepublikken\"},\"image\":{\"@id\":\"https:\/\/nordnesrepublikken.no\/#\/schema\/logo\/image\/\"}},{\"@type\":\"Person\",\"@id\":\"https:\/\/nordnesrepublikken.no\/#\/schema\/person\/2e7e81935bab77882fffb79296240ff1\",\"name\":\"Ole Andersen\",\"image\":{\"@type\":\"ImageObject\",\"inLanguage\":\"nb-NO\",\"@id\":\"https:\/\/nordnesrepublikken.no\/#\/schema\/person\/image\/\",\"url\":\"https:\/\/nordnesrepublikken.no\/wp-content\/uploads\/2025\/02\/nordnesrepublikken-2-2-150x150.jpg\",\"contentUrl\":\"https:\/\/nordnesrepublikken.no\/wp-content\/uploads\/2025\/02\/nordnesrepublikken-2-2-150x150.jpg\",\"caption\":\"Ole Andersen\"},\"description\":\"Ettersom jeg vokste opp i Oslo, har jeg alltid v\u00e6rt fascinert av ordenes kraft og deres evne til \u00e5 skape endringer. Etter \u00e5 ha fullf\u00f8rt min utdannelse i kommunikasjon ved Universitetet i Bergen, fikk jeg muligheten til \u00e5 jobbe innen ulike medier, der jeg har s\u00f8kt \u00e5 belyse viktige samfunnssp\u00f8rsm\u00e5l. I dag, som redakt\u00f8r for Nordnesrepublikken, pr\u00f8ver jeg \u00e5 forene min kj\u00e6rlighet for journalistikk med min lidenskap for innovasjon og eventyr.\",\"sameAs\":[\"https:\/\/nordnesrepublikken.no\/\"]}]}<\/script>\n<!-- \/ Yoast SEO plugin. -->","yoast_head_json":{"title":"Er Hansel og Gretel inspirert av to drapsmenn? Den utrolige teorien om det ber\u00f8mte eventyret - Nordnesrepublikken","robots":{"index":"index","follow":"follow","max-snippet":"max-snippet:-1","max-image-preview":"max-image-preview:large","max-video-preview":"max-video-preview:-1"},"canonical":"https:\/\/nordnesrepublikken.no\/index.php\/2025\/09\/26\/er-hansel-og-gretel-inspirert-av-to-drapsmenn-den-utrolige-teorien-om-det-beromte-eventyret\/","og_locale":"nb_NO","og_type":"article","og_title":"Er Hansel og Gretel inspirert av to drapsmenn? Den utrolige teorien om det ber\u00f8mte eventyret - Nordnesrepublikken","og_description":"Du ser p\u00e5 Absurd, men sant Ikke g\u00e5 glipp av annet innhold av Geopop Alle","og_url":"https:\/\/nordnesrepublikken.no\/index.php\/2025\/09\/26\/er-hansel-og-gretel-inspirert-av-to-drapsmenn-den-utrolige-teorien-om-det-beromte-eventyret\/","og_site_name":"Nordnesrepublikken","article_published_time":"2025-09-25T22:49:49+00:00","article_modified_time":"2025-09-25T22:49:50+00:00","og_image":[{"width":1280,"height":720,"url":"https:\/\/nordnesrepublikken.no\/wp-content\/uploads\/2025\/09\/1758840589_Er-Hansel-og-Gretel-inspirert-av-to-drapsmenn-Den-utrolige.jpg","type":"image\/jpeg"}],"author":"Ole Andersen","twitter_card":"summary_large_image","twitter_misc":{"Skrevet av":"Ole Andersen","Ansl. lesetid":"8 minutter"},"schema":{"@context":"https:\/\/schema.org","@graph":[{"@type":"Article","@id":"https:\/\/nordnesrepublikken.no\/index.php\/2025\/09\/26\/er-hansel-og-gretel-inspirert-av-to-drapsmenn-den-utrolige-teorien-om-det-beromte-eventyret\/#article","isPartOf":{"@id":"https:\/\/nordnesrepublikken.no\/index.php\/2025\/09\/26\/er-hansel-og-gretel-inspirert-av-to-drapsmenn-den-utrolige-teorien-om-det-beromte-eventyret\/"},"author":{"name":"Ole Andersen","@id":"https:\/\/nordnesrepublikken.no\/#\/schema\/person\/2e7e81935bab77882fffb79296240ff1"},"headline":"Er Hansel og Gretel inspirert av to drapsmenn? Den utrolige teorien om det ber\u00f8mte eventyret","datePublished":"2025-09-25T22:49:49+00:00","dateModified":"2025-09-25T22:49:50+00:00","mainEntityOfPage":{"@id":"https:\/\/nordnesrepublikken.no\/index.php\/2025\/09\/26\/er-hansel-og-gretel-inspirert-av-to-drapsmenn-den-utrolige-teorien-om-det-beromte-eventyret\/"},"wordCount":1539,"publisher":{"@id":"https:\/\/nordnesrepublikken.no\/#organization"},"image":{"@id":"https:\/\/nordnesrepublikken.no\/index.php\/2025\/09\/26\/er-hansel-og-gretel-inspirert-av-to-drapsmenn-den-utrolige-teorien-om-det-beromte-eventyret\/#primaryimage"},"thumbnailUrl":"https:\/\/nordnesrepublikken.no\/wp-content\/uploads\/2025\/09\/1758840589_Er-Hansel-og-Gretel-inspirert-av-to-drapsmenn-Den-utrolige.jpg","keywords":["ber\u00f8mte","den","Det","drapsmenn","eventyret","Gretel","Hansel","inspirert","teorien","utrolige"],"articleSection":["Samfunn"],"inLanguage":"nb-NO"},{"@type":"WebPage","@id":"https:\/\/nordnesrepublikken.no\/index.php\/2025\/09\/26\/er-hansel-og-gretel-inspirert-av-to-drapsmenn-den-utrolige-teorien-om-det-beromte-eventyret\/","url":"https:\/\/nordnesrepublikken.no\/index.php\/2025\/09\/26\/er-hansel-og-gretel-inspirert-av-to-drapsmenn-den-utrolige-teorien-om-det-beromte-eventyret\/","name":"Er Hansel og Gretel inspirert av to drapsmenn? Den utrolige teorien om det ber\u00f8mte eventyret - Nordnesrepublikken","isPartOf":{"@id":"https:\/\/nordnesrepublikken.no\/#website"},"primaryImageOfPage":{"@id":"https:\/\/nordnesrepublikken.no\/index.php\/2025\/09\/26\/er-hansel-og-gretel-inspirert-av-to-drapsmenn-den-utrolige-teorien-om-det-beromte-eventyret\/#primaryimage"},"image":{"@id":"https:\/\/nordnesrepublikken.no\/index.php\/2025\/09\/26\/er-hansel-og-gretel-inspirert-av-to-drapsmenn-den-utrolige-teorien-om-det-beromte-eventyret\/#primaryimage"},"thumbnailUrl":"https:\/\/nordnesrepublikken.no\/wp-content\/uploads\/2025\/09\/1758840589_Er-Hansel-og-Gretel-inspirert-av-to-drapsmenn-Den-utrolige.jpg","datePublished":"2025-09-25T22:49:49+00:00","dateModified":"2025-09-25T22:49:50+00:00","breadcrumb":{"@id":"https:\/\/nordnesrepublikken.no\/index.php\/2025\/09\/26\/er-hansel-og-gretel-inspirert-av-to-drapsmenn-den-utrolige-teorien-om-det-beromte-eventyret\/#breadcrumb"},"inLanguage":"nb-NO","potentialAction":[{"@type":"ReadAction","target":["https:\/\/nordnesrepublikken.no\/index.php\/2025\/09\/26\/er-hansel-og-gretel-inspirert-av-to-drapsmenn-den-utrolige-teorien-om-det-beromte-eventyret\/"]}]},{"@type":"ImageObject","inLanguage":"nb-NO","@id":"https:\/\/nordnesrepublikken.no\/index.php\/2025\/09\/26\/er-hansel-og-gretel-inspirert-av-to-drapsmenn-den-utrolige-teorien-om-det-beromte-eventyret\/#primaryimage","url":"https:\/\/nordnesrepublikken.no\/wp-content\/uploads\/2025\/09\/1758840589_Er-Hansel-og-Gretel-inspirert-av-to-drapsmenn-Den-utrolige.jpg","contentUrl":"https:\/\/nordnesrepublikken.no\/wp-content\/uploads\/2025\/09\/1758840589_Er-Hansel-og-Gretel-inspirert-av-to-drapsmenn-Den-utrolige.jpg","width":1280,"height":720,"caption":"hansel e gretel"},{"@type":"BreadcrumbList","@id":"https:\/\/nordnesrepublikken.no\/index.php\/2025\/09\/26\/er-hansel-og-gretel-inspirert-av-to-drapsmenn-den-utrolige-teorien-om-det-beromte-eventyret\/#breadcrumb","itemListElement":[{"@type":"ListItem","position":1,"name":"Home","item":"https:\/\/nordnesrepublikken.no\/"},{"@type":"ListItem","position":2,"name":"Er Hansel og Gretel inspirert av to drapsmenn? Den utrolige teorien om det ber\u00f8mte eventyret"}]},{"@type":"WebSite","@id":"https:\/\/nordnesrepublikken.no\/#website","url":"https:\/\/nordnesrepublikken.no\/","name":"Nordnesrepublikken","description":"Stemmer og Visjoner fra Republikkens Hjerte","publisher":{"@id":"https:\/\/nordnesrepublikken.no\/#organization"},"potentialAction":[{"@type":"SearchAction","target":{"@type":"EntryPoint","urlTemplate":"https:\/\/nordnesrepublikken.no\/?s={search_term_string}"},"query-input":{"@type":"PropertyValueSpecification","valueRequired":true,"valueName":"search_term_string"}}],"inLanguage":"nb-NO"},{"@type":"Organization","@id":"https:\/\/nordnesrepublikken.no\/#organization","name":"Nordnesrepublikken","url":"https:\/\/nordnesrepublikken.no\/","logo":{"@type":"ImageObject","inLanguage":"nb-NO","@id":"https:\/\/nordnesrepublikken.no\/#\/schema\/logo\/image\/","url":"https:\/\/nordnesrepublikken.no\/wp-content\/uploads\/2025\/02\/cropped-nordnesrepublikken-2.png","contentUrl":"https:\/\/nordnesrepublikken.no\/wp-content\/uploads\/2025\/02\/cropped-nordnesrepublikken-2.png","width":1248,"height":362,"caption":"Nordnesrepublikken"},"image":{"@id":"https:\/\/nordnesrepublikken.no\/#\/schema\/logo\/image\/"}},{"@type":"Person","@id":"https:\/\/nordnesrepublikken.no\/#\/schema\/person\/2e7e81935bab77882fffb79296240ff1","name":"Ole Andersen","image":{"@type":"ImageObject","inLanguage":"nb-NO","@id":"https:\/\/nordnesrepublikken.no\/#\/schema\/person\/image\/","url":"https:\/\/nordnesrepublikken.no\/wp-content\/uploads\/2025\/02\/nordnesrepublikken-2-2-150x150.jpg","contentUrl":"https:\/\/nordnesrepublikken.no\/wp-content\/uploads\/2025\/02\/nordnesrepublikken-2-2-150x150.jpg","caption":"Ole Andersen"},"description":"Ettersom jeg vokste opp i Oslo, har jeg alltid v\u00e6rt fascinert av ordenes kraft og deres evne til \u00e5 skape endringer. Etter \u00e5 ha fullf\u00f8rt min utdannelse i kommunikasjon ved Universitetet i Bergen, fikk jeg muligheten til \u00e5 jobbe innen ulike medier, der jeg har s\u00f8kt \u00e5 belyse viktige samfunnssp\u00f8rsm\u00e5l. I dag, som redakt\u00f8r for Nordnesrepublikken, pr\u00f8ver jeg \u00e5 forene min kj\u00e6rlighet for journalistikk med min lidenskap for innovasjon og eventyr.","sameAs":["https:\/\/nordnesrepublikken.no\/"]}]}},"_links":{"self":[{"href":"https:\/\/nordnesrepublikken.no\/index.php\/wp-json\/wp\/v2\/posts\/9973","targetHints":{"allow":["GET"]}}],"collection":[{"href":"https:\/\/nordnesrepublikken.no\/index.php\/wp-json\/wp\/v2\/posts"}],"about":[{"href":"https:\/\/nordnesrepublikken.no\/index.php\/wp-json\/wp\/v2\/types\/post"}],"author":[{"embeddable":true,"href":"https:\/\/nordnesrepublikken.no\/index.php\/wp-json\/wp\/v2\/users\/1"}],"replies":[{"embeddable":true,"href":"https:\/\/nordnesrepublikken.no\/index.php\/wp-json\/wp\/v2\/comments?post=9973"}],"version-history":[{"count":1,"href":"https:\/\/nordnesrepublikken.no\/index.php\/wp-json\/wp\/v2\/posts\/9973\/revisions"}],"predecessor-version":[{"id":9975,"href":"https:\/\/nordnesrepublikken.no\/index.php\/wp-json\/wp\/v2\/posts\/9973\/revisions\/9975"}],"wp:featuredmedia":[{"embeddable":true,"href":"https:\/\/nordnesrepublikken.no\/index.php\/wp-json\/wp\/v2\/media\/9974"}],"wp:attachment":[{"href":"https:\/\/nordnesrepublikken.no\/index.php\/wp-json\/wp\/v2\/media?parent=9973"}],"wp:term":[{"taxonomy":"category","embeddable":true,"href":"https:\/\/nordnesrepublikken.no\/index.php\/wp-json\/wp\/v2\/categories?post=9973"},{"taxonomy":"post_tag","embeddable":true,"href":"https:\/\/nordnesrepublikken.no\/index.php\/wp-json\/wp\/v2\/tags?post=9973"}],"curies":[{"name":"wp","href":"https:\/\/api.w.org\/{rel}","templated":true}]}}