{"id":9970,"date":"2025-09-25T23:49:39","date_gmt":"2025-09-25T21:49:39","guid":{"rendered":"https:\/\/nordnesrepublikken.no\/index.php\/2025\/09\/25\/spania-legger-til-host-vinter-flyruer-2025-2026\/"},"modified":"2025-09-25T23:49:42","modified_gmt":"2025-09-25T21:49:42","slug":"spania-legger-til-host-vinter-flyruer-2025-2026","status":"publish","type":"post","link":"https:\/\/nordnesrepublikken.no\/index.php\/2025\/09\/25\/spania-legger-til-host-vinter-flyruer-2025-2026\/","title":{"rendered":"Spania legger til h\u00f8st &#8211; vinter flyruer 2025\u20132026"},"content":{"rendered":"<p><\/p>\n<div class=\"wordpress-content\">\n                    <!-- Article Start --><\/p>\n<p class=\"p2\"><strong>Spanias luftfartssektor forbereder seg p\u00e5 et betydelig l\u00f8ft i tilkoblingen i h\u00f8st og vinter, ettersom flere flyselskaper kunngj\u00f8r nye ruter som knytter spanske byer til langdistanse og europeiske destinasjoner. Fra fritidsreiser hotspots i Amerika til utvidet tilgang til kortdistanse over hele Europa, forventes de kommende flyoppskytningene \u00e5 gi reisende mer valg, forbedre konkurransen og styrke Spanias posisjon som et globalt luftfartshub.<\/strong><\/p>\n<p class=\"p2\">De mest bemerkelsesverdige tilleggene kommer fra Iberia, Spanias flaggskipb\u00e6rer, som fortsetter sin strategiske ekspansjon til Nord- og S\u00f8r -Amerika. Disse nye rutene er designet ikke bare for \u00e5 tiltrekke spanske ferierende, men ogs\u00e5 for \u00e5 tjene den \u00f8kende ettersp\u00f8rselen etter inng\u00e5ende turisme og forretningsreiser.<\/p>\n<ul class=\"ul1\">\n<li class=\"li2\"><b>Madrid <\/b><span class=\"s1\">\u2192<\/span><b>  Orlando (USA):<\/b> Begynnelse <b>26. oktober 2025<\/b>Iberia vil operere fire ukentlige flyreiser til Orlando, Florida. Tjenesten tar sikte p\u00e5 \u00e5 fange b\u00e5de familiemarkedet-gitt Orlandos rykte som hjem til temaparker i verdensklasse-og forretnings- og konferansesektoren, som stadig vokser i sentrum av Florida.<\/li>\n<li class=\"li2\"><b>Madrid <\/b><span class=\"s1\">\u2192<\/span><b>  Recife (Brasil):<\/b> Starter<b> 31. desember 2025<\/b>Iberia vil introdusere tre ukentlige flyreiser til Recife, en av det nord\u00f8stlige Brasils mest kulturelt livlige byer. Denne forbindelsen vil utvide turismeforbindelser og ogs\u00e5 styrke Iberias tilstedev\u00e6relse i det brasilianske markedet utover S\u00e3o Paulo og Rio de Janeiro.<\/li>\n<li class=\"li2\"><b>Madrid <\/b><span class=\"s1\">\u2192<\/span><b>  Fortaleza (Brasil):<\/b> Planlagt \u00e5 begynne i <b>Januar 2026<\/b>Vil Iberia tilby tre ukentlige flyreiser til Fortaleza. Byen er kjent for sine strender og sterke handelsforbindelser, og gir en strategisk inngangsport til Brasils nord\u00f8stlige region.<\/li>\n<\/ul>\n<p class=\"p2\">Disse tilleggene representerer Iberias fokus p\u00e5 \u00e5 diversifisere nettverket og forsterke Madrid som et stort transatlantisk knutepunkt.<\/p>\n<div class=\"sra_unit\"><link rel=\"stylesheet\" id=\"block-sra\" href=\"https:\/\/euroweeklynews.com\/wp-content\/plugins\/snack-related-articles\/dist\/css\/snack-related.min.css?250312-193541\" type=\"text\/css\" media=\"all\">\n<\/div>\n<p class=\"p2\">I mellomtiden fortsetter Ryanair \u00e5 utvide aggressivt i Europa, med flere nye tjenester som forbinder spanske byer til b\u00e5de prim\u00e6re og sekund\u00e6re flyplasser over kontinentet. Vekststrategien prioriterer rimelig pris og frekvens, og appellerer til b\u00e5de turister og innbyggere som reiser for arbeid eller studier.<\/p>\n<ul class=\"ul1\">\n<li class=\"li2\"><b>Valencia <\/b><span class=\"s1\">\u2192<\/span><b>  Praha, Wien, Krak\u00f3w:<\/b> Nye ruter lansert i <b>Oktober 2025<\/b> vil knytte Valencia til tre sentrale europeiske kulturhovedsteder, \u00f8ke mulighetene for bypauser og utveksle turisme.<\/li>\n<li class=\"li2\"><b>Barcelona <\/b><span class=\"s1\">\u2192<\/span><b>  Birmingham og Brussel-Charleroi:<\/b> Ytterligere tjenester vil gi rimelig tilgang mellom Catalonia og to store europeiske knutepunkter.<\/li>\n<\/ul>\n<p class=\"p2\">Disse utvidelsene fremhever Ryanairs p\u00e5g\u00e5ende innsats for \u00e5 konsolidere fotavtrykket i Spania, og utnytter sterk ettersp\u00f8rsel etter rimelige reiser.<\/p>\n<p class=\"p2\">En annen betydelig utvikling kommer fra Wizz Air, som er rettet mot b\u00e5de utg\u00e5ende britiske reisende og inng\u00e5ende spansk turisme.<\/p>\n<ul class=\"ul1\">\n<li class=\"li2\"><b>London &#8211; Luton <\/b><span class=\"s1\">\u2192<\/span><b>  Barcelona, \u200b\u200bMadrid, Bilbao, Valencia, Sevilla:<\/b> Begynnelse<b> 29. mars 2026<\/b>Wizz Air vil operere fem nye nonstop -ruter som forbinder London &#8211; Luton med Spanias st\u00f8rste og mest dynamiske byer. Disse rutene forventes \u00e5 intensivere konkurransen om Storbritannias -spain -korridoren, som fortsatt er et av Europas travleste fritidsmarkeder.<\/li>\n<\/ul>\n<p class=\"p2\">Sammen gjenspeiler disse nye tjenestene et luftfartsmarked som reagerer p\u00e5 fornyet passasjertillit og skiftende ettersp\u00f8rselsm\u00f8nstre. Spania er fortsatt et av Europas mest bes\u00f8kte land, og flyselskaper samsvarer med strategiene sine for \u00e5 sikre sin del av dette kravet. Med \u00f8kte alternativer over b\u00e5de langdistanse og kortdistanse sektorer, vil passasjerer dra nytte av st\u00f8rre fleksibilitet, mens flyplasser som Madrid, Barcelona og Valencia styrker deres internasjonale status.<\/p>\n<p>                    <!-- This article has been originally published at https:\/\/euroweeklynews.com\/2025\/09\/24\/spain-adds-autumn-winter-flight-routes-2025-2026\/ on 24 Sep 2025 at 16:31 by Molly Grace --><br \/>\n                    <!-- Article End -->\n                <\/div>\n","protected":false},"excerpt":{"rendered":"<p>Spanias luftfartssektor forbereder seg p\u00e5 et betydelig l\u00f8ft i tilkoblingen i h\u00f8st og vinter, ettersom<\/p>\n","protected":false},"author":1,"featured_media":9971,"comment_status":"closed","ping_status":"open","sticky":false,"template":"","format":"standard","meta":{"footnotes":""},"categories":[105],"tags":[6530,5406,1310,529,117,6529],"class_list":["post-9970","post","type-post","status-publish","format-standard","has-post-thumbnail","hentry","category-livsstil","tag-flyruer","tag-host","tag-legger","tag-spania","tag-til","tag-vinter","generate-columns","tablet-grid-50","mobile-grid-100","grid-parent","grid-33","resize-featured-image"],"yoast_head":"<!-- This site is optimized with the Yoast SEO plugin v24.4 - https:\/\/yoast.com\/wordpress\/plugins\/seo\/ -->\n<title>Spania legger til h\u00f8st - vinter flyruer 2025\u20132026 - Nordnesrepublikken<\/title>\n<meta name=\"robots\" content=\"index, follow, max-snippet:-1, max-image-preview:large, max-video-preview:-1\" \/>\n<link rel=\"canonical\" href=\"https:\/\/nordnesrepublikken.no\/index.php\/2025\/09\/25\/spania-legger-til-host-vinter-flyruer-2025-2026\/\" \/>\n<meta property=\"og:locale\" content=\"nb_NO\" \/>\n<meta property=\"og:type\" content=\"article\" \/>\n<meta property=\"og:title\" content=\"Spania legger til h\u00f8st - vinter flyruer 2025\u20132026 - Nordnesrepublikken\" \/>\n<meta property=\"og:description\" content=\"Spanias luftfartssektor forbereder seg p\u00e5 et betydelig l\u00f8ft i tilkoblingen i h\u00f8st og vinter, ettersom\" \/>\n<meta property=\"og:url\" content=\"https:\/\/nordnesrepublikken.no\/index.php\/2025\/09\/25\/spania-legger-til-host-vinter-flyruer-2025-2026\/\" \/>\n<meta property=\"og:site_name\" content=\"Nordnesrepublikken\" \/>\n<meta property=\"article:published_time\" content=\"2025-09-25T21:49:39+00:00\" \/>\n<meta property=\"article:modified_time\" content=\"2025-09-25T21:49:42+00:00\" \/>\n<meta property=\"og:image\" content=\"https:\/\/nordnesrepublikken.no\/wp-content\/uploads\/2025\/09\/1758836980_Spania-legger-til-host-vinter-flyruer-2025\u20132026.jpg\" \/>\n\t<meta property=\"og:image:width\" content=\"1200\" \/>\n\t<meta property=\"og:image:height\" content=\"900\" \/>\n\t<meta property=\"og:image:type\" content=\"image\/jpeg\" \/>\n<meta name=\"author\" content=\"Ole Andersen\" \/>\n<meta name=\"twitter:card\" content=\"summary_large_image\" \/>\n<meta name=\"twitter:label1\" content=\"Skrevet av\" \/>\n\t<meta name=\"twitter:data1\" content=\"Ole Andersen\" \/>\n\t<meta name=\"twitter:label2\" content=\"Ansl. lesetid\" \/>\n\t<meta name=\"twitter:data2\" content=\"2 minutter\" \/>\n<script type=\"application\/ld+json\" class=\"yoast-schema-graph\">{\"@context\":\"https:\/\/schema.org\",\"@graph\":[{\"@type\":\"Article\",\"@id\":\"https:\/\/nordnesrepublikken.no\/index.php\/2025\/09\/25\/spania-legger-til-host-vinter-flyruer-2025-2026\/#article\",\"isPartOf\":{\"@id\":\"https:\/\/nordnesrepublikken.no\/index.php\/2025\/09\/25\/spania-legger-til-host-vinter-flyruer-2025-2026\/\"},\"author\":{\"name\":\"Ole Andersen\",\"@id\":\"https:\/\/nordnesrepublikken.no\/#\/schema\/person\/2e7e81935bab77882fffb79296240ff1\"},\"headline\":\"Spania legger til h\u00f8st &#8211; vinter flyruer 2025\u20132026\",\"datePublished\":\"2025-09-25T21:49:39+00:00\",\"dateModified\":\"2025-09-25T21:49:42+00:00\",\"mainEntityOfPage\":{\"@id\":\"https:\/\/nordnesrepublikken.no\/index.php\/2025\/09\/25\/spania-legger-til-host-vinter-flyruer-2025-2026\/\"},\"wordCount\":503,\"publisher\":{\"@id\":\"https:\/\/nordnesrepublikken.no\/#organization\"},\"image\":{\"@id\":\"https:\/\/nordnesrepublikken.no\/index.php\/2025\/09\/25\/spania-legger-til-host-vinter-flyruer-2025-2026\/#primaryimage\"},\"thumbnailUrl\":\"https:\/\/nordnesrepublikken.no\/wp-content\/uploads\/2025\/09\/1758836980_Spania-legger-til-host-vinter-flyruer-2025\u20132026.jpg\",\"keywords\":[\"flyruer\",\"h\u00f8st\",\"legger\",\"Spania\",\"til\",\"vinter\"],\"articleSection\":[\"Livsstil\"],\"inLanguage\":\"nb-NO\"},{\"@type\":\"WebPage\",\"@id\":\"https:\/\/nordnesrepublikken.no\/index.php\/2025\/09\/25\/spania-legger-til-host-vinter-flyruer-2025-2026\/\",\"url\":\"https:\/\/nordnesrepublikken.no\/index.php\/2025\/09\/25\/spania-legger-til-host-vinter-flyruer-2025-2026\/\",\"name\":\"Spania legger til h\u00f8st - vinter flyruer 2025\u20132026 - Nordnesrepublikken\",\"isPartOf\":{\"@id\":\"https:\/\/nordnesrepublikken.no\/#website\"},\"primaryImageOfPage\":{\"@id\":\"https:\/\/nordnesrepublikken.no\/index.php\/2025\/09\/25\/spania-legger-til-host-vinter-flyruer-2025-2026\/#primaryimage\"},\"image\":{\"@id\":\"https:\/\/nordnesrepublikken.no\/index.php\/2025\/09\/25\/spania-legger-til-host-vinter-flyruer-2025-2026\/#primaryimage\"},\"thumbnailUrl\":\"https:\/\/nordnesrepublikken.no\/wp-content\/uploads\/2025\/09\/1758836980_Spania-legger-til-host-vinter-flyruer-2025\u20132026.jpg\",\"datePublished\":\"2025-09-25T21:49:39+00:00\",\"dateModified\":\"2025-09-25T21:49:42+00:00\",\"breadcrumb\":{\"@id\":\"https:\/\/nordnesrepublikken.no\/index.php\/2025\/09\/25\/spania-legger-til-host-vinter-flyruer-2025-2026\/#breadcrumb\"},\"inLanguage\":\"nb-NO\",\"potentialAction\":[{\"@type\":\"ReadAction\",\"target\":[\"https:\/\/nordnesrepublikken.no\/index.php\/2025\/09\/25\/spania-legger-til-host-vinter-flyruer-2025-2026\/\"]}]},{\"@type\":\"ImageObject\",\"inLanguage\":\"nb-NO\",\"@id\":\"https:\/\/nordnesrepublikken.no\/index.php\/2025\/09\/25\/spania-legger-til-host-vinter-flyruer-2025-2026\/#primaryimage\",\"url\":\"https:\/\/nordnesrepublikken.no\/wp-content\/uploads\/2025\/09\/1758836980_Spania-legger-til-host-vinter-flyruer-2025\u20132026.jpg\",\"contentUrl\":\"https:\/\/nordnesrepublikken.no\/wp-content\/uploads\/2025\/09\/1758836980_Spania-legger-til-host-vinter-flyruer-2025\u20132026.jpg\",\"width\":1200,\"height\":900,\"caption\":\"Spania legger til h\u00f8st - vinter flyruer 2025\u20132026\"},{\"@type\":\"BreadcrumbList\",\"@id\":\"https:\/\/nordnesrepublikken.no\/index.php\/2025\/09\/25\/spania-legger-til-host-vinter-flyruer-2025-2026\/#breadcrumb\",\"itemListElement\":[{\"@type\":\"ListItem\",\"position\":1,\"name\":\"Home\",\"item\":\"https:\/\/nordnesrepublikken.no\/\"},{\"@type\":\"ListItem\",\"position\":2,\"name\":\"Spania legger til h\u00f8st &#8211; vinter flyruer 2025\u20132026\"}]},{\"@type\":\"WebSite\",\"@id\":\"https:\/\/nordnesrepublikken.no\/#website\",\"url\":\"https:\/\/nordnesrepublikken.no\/\",\"name\":\"Nordnesrepublikken\",\"description\":\"Stemmer og Visjoner fra Republikkens Hjerte\",\"publisher\":{\"@id\":\"https:\/\/nordnesrepublikken.no\/#organization\"},\"potentialAction\":[{\"@type\":\"SearchAction\",\"target\":{\"@type\":\"EntryPoint\",\"urlTemplate\":\"https:\/\/nordnesrepublikken.no\/?s={search_term_string}\"},\"query-input\":{\"@type\":\"PropertyValueSpecification\",\"valueRequired\":true,\"valueName\":\"search_term_string\"}}],\"inLanguage\":\"nb-NO\"},{\"@type\":\"Organization\",\"@id\":\"https:\/\/nordnesrepublikken.no\/#organization\",\"name\":\"Nordnesrepublikken\",\"url\":\"https:\/\/nordnesrepublikken.no\/\",\"logo\":{\"@type\":\"ImageObject\",\"inLanguage\":\"nb-NO\",\"@id\":\"https:\/\/nordnesrepublikken.no\/#\/schema\/logo\/image\/\",\"url\":\"https:\/\/nordnesrepublikken.no\/wp-content\/uploads\/2025\/02\/cropped-nordnesrepublikken-2.png\",\"contentUrl\":\"https:\/\/nordnesrepublikken.no\/wp-content\/uploads\/2025\/02\/cropped-nordnesrepublikken-2.png\",\"width\":1248,\"height\":362,\"caption\":\"Nordnesrepublikken\"},\"image\":{\"@id\":\"https:\/\/nordnesrepublikken.no\/#\/schema\/logo\/image\/\"}},{\"@type\":\"Person\",\"@id\":\"https:\/\/nordnesrepublikken.no\/#\/schema\/person\/2e7e81935bab77882fffb79296240ff1\",\"name\":\"Ole Andersen\",\"image\":{\"@type\":\"ImageObject\",\"inLanguage\":\"nb-NO\",\"@id\":\"https:\/\/nordnesrepublikken.no\/#\/schema\/person\/image\/\",\"url\":\"https:\/\/nordnesrepublikken.no\/wp-content\/uploads\/2025\/02\/nordnesrepublikken-2-2-150x150.jpg\",\"contentUrl\":\"https:\/\/nordnesrepublikken.no\/wp-content\/uploads\/2025\/02\/nordnesrepublikken-2-2-150x150.jpg\",\"caption\":\"Ole Andersen\"},\"description\":\"Ettersom jeg vokste opp i Oslo, har jeg alltid v\u00e6rt fascinert av ordenes kraft og deres evne til \u00e5 skape endringer. Etter \u00e5 ha fullf\u00f8rt min utdannelse i kommunikasjon ved Universitetet i Bergen, fikk jeg muligheten til \u00e5 jobbe innen ulike medier, der jeg har s\u00f8kt \u00e5 belyse viktige samfunnssp\u00f8rsm\u00e5l. I dag, som redakt\u00f8r for Nordnesrepublikken, pr\u00f8ver jeg \u00e5 forene min kj\u00e6rlighet for journalistikk med min lidenskap for innovasjon og eventyr.\",\"sameAs\":[\"https:\/\/nordnesrepublikken.no\/\"]}]}<\/script>\n<!-- \/ Yoast SEO plugin. -->","yoast_head_json":{"title":"Spania legger til h\u00f8st - vinter flyruer 2025\u20132026 - Nordnesrepublikken","robots":{"index":"index","follow":"follow","max-snippet":"max-snippet:-1","max-image-preview":"max-image-preview:large","max-video-preview":"max-video-preview:-1"},"canonical":"https:\/\/nordnesrepublikken.no\/index.php\/2025\/09\/25\/spania-legger-til-host-vinter-flyruer-2025-2026\/","og_locale":"nb_NO","og_type":"article","og_title":"Spania legger til h\u00f8st - vinter flyruer 2025\u20132026 - Nordnesrepublikken","og_description":"Spanias luftfartssektor forbereder seg p\u00e5 et betydelig l\u00f8ft i tilkoblingen i h\u00f8st og vinter, ettersom","og_url":"https:\/\/nordnesrepublikken.no\/index.php\/2025\/09\/25\/spania-legger-til-host-vinter-flyruer-2025-2026\/","og_site_name":"Nordnesrepublikken","article_published_time":"2025-09-25T21:49:39+00:00","article_modified_time":"2025-09-25T21:49:42+00:00","og_image":[{"width":1200,"height":900,"url":"https:\/\/nordnesrepublikken.no\/wp-content\/uploads\/2025\/09\/1758836980_Spania-legger-til-host-vinter-flyruer-2025\u20132026.jpg","type":"image\/jpeg"}],"author":"Ole Andersen","twitter_card":"summary_large_image","twitter_misc":{"Skrevet av":"Ole Andersen","Ansl. lesetid":"2 minutter"},"schema":{"@context":"https:\/\/schema.org","@graph":[{"@type":"Article","@id":"https:\/\/nordnesrepublikken.no\/index.php\/2025\/09\/25\/spania-legger-til-host-vinter-flyruer-2025-2026\/#article","isPartOf":{"@id":"https:\/\/nordnesrepublikken.no\/index.php\/2025\/09\/25\/spania-legger-til-host-vinter-flyruer-2025-2026\/"},"author":{"name":"Ole Andersen","@id":"https:\/\/nordnesrepublikken.no\/#\/schema\/person\/2e7e81935bab77882fffb79296240ff1"},"headline":"Spania legger til h\u00f8st &#8211; vinter flyruer 2025\u20132026","datePublished":"2025-09-25T21:49:39+00:00","dateModified":"2025-09-25T21:49:42+00:00","mainEntityOfPage":{"@id":"https:\/\/nordnesrepublikken.no\/index.php\/2025\/09\/25\/spania-legger-til-host-vinter-flyruer-2025-2026\/"},"wordCount":503,"publisher":{"@id":"https:\/\/nordnesrepublikken.no\/#organization"},"image":{"@id":"https:\/\/nordnesrepublikken.no\/index.php\/2025\/09\/25\/spania-legger-til-host-vinter-flyruer-2025-2026\/#primaryimage"},"thumbnailUrl":"https:\/\/nordnesrepublikken.no\/wp-content\/uploads\/2025\/09\/1758836980_Spania-legger-til-host-vinter-flyruer-2025\u20132026.jpg","keywords":["flyruer","h\u00f8st","legger","Spania","til","vinter"],"articleSection":["Livsstil"],"inLanguage":"nb-NO"},{"@type":"WebPage","@id":"https:\/\/nordnesrepublikken.no\/index.php\/2025\/09\/25\/spania-legger-til-host-vinter-flyruer-2025-2026\/","url":"https:\/\/nordnesrepublikken.no\/index.php\/2025\/09\/25\/spania-legger-til-host-vinter-flyruer-2025-2026\/","name":"Spania legger til h\u00f8st - vinter flyruer 2025\u20132026 - Nordnesrepublikken","isPartOf":{"@id":"https:\/\/nordnesrepublikken.no\/#website"},"primaryImageOfPage":{"@id":"https:\/\/nordnesrepublikken.no\/index.php\/2025\/09\/25\/spania-legger-til-host-vinter-flyruer-2025-2026\/#primaryimage"},"image":{"@id":"https:\/\/nordnesrepublikken.no\/index.php\/2025\/09\/25\/spania-legger-til-host-vinter-flyruer-2025-2026\/#primaryimage"},"thumbnailUrl":"https:\/\/nordnesrepublikken.no\/wp-content\/uploads\/2025\/09\/1758836980_Spania-legger-til-host-vinter-flyruer-2025\u20132026.jpg","datePublished":"2025-09-25T21:49:39+00:00","dateModified":"2025-09-25T21:49:42+00:00","breadcrumb":{"@id":"https:\/\/nordnesrepublikken.no\/index.php\/2025\/09\/25\/spania-legger-til-host-vinter-flyruer-2025-2026\/#breadcrumb"},"inLanguage":"nb-NO","potentialAction":[{"@type":"ReadAction","target":["https:\/\/nordnesrepublikken.no\/index.php\/2025\/09\/25\/spania-legger-til-host-vinter-flyruer-2025-2026\/"]}]},{"@type":"ImageObject","inLanguage":"nb-NO","@id":"https:\/\/nordnesrepublikken.no\/index.php\/2025\/09\/25\/spania-legger-til-host-vinter-flyruer-2025-2026\/#primaryimage","url":"https:\/\/nordnesrepublikken.no\/wp-content\/uploads\/2025\/09\/1758836980_Spania-legger-til-host-vinter-flyruer-2025\u20132026.jpg","contentUrl":"https:\/\/nordnesrepublikken.no\/wp-content\/uploads\/2025\/09\/1758836980_Spania-legger-til-host-vinter-flyruer-2025\u20132026.jpg","width":1200,"height":900,"caption":"Spania legger til h\u00f8st - vinter flyruer 2025\u20132026"},{"@type":"BreadcrumbList","@id":"https:\/\/nordnesrepublikken.no\/index.php\/2025\/09\/25\/spania-legger-til-host-vinter-flyruer-2025-2026\/#breadcrumb","itemListElement":[{"@type":"ListItem","position":1,"name":"Home","item":"https:\/\/nordnesrepublikken.no\/"},{"@type":"ListItem","position":2,"name":"Spania legger til h\u00f8st &#8211; vinter flyruer 2025\u20132026"}]},{"@type":"WebSite","@id":"https:\/\/nordnesrepublikken.no\/#website","url":"https:\/\/nordnesrepublikken.no\/","name":"Nordnesrepublikken","description":"Stemmer og Visjoner fra Republikkens Hjerte","publisher":{"@id":"https:\/\/nordnesrepublikken.no\/#organization"},"potentialAction":[{"@type":"SearchAction","target":{"@type":"EntryPoint","urlTemplate":"https:\/\/nordnesrepublikken.no\/?s={search_term_string}"},"query-input":{"@type":"PropertyValueSpecification","valueRequired":true,"valueName":"search_term_string"}}],"inLanguage":"nb-NO"},{"@type":"Organization","@id":"https:\/\/nordnesrepublikken.no\/#organization","name":"Nordnesrepublikken","url":"https:\/\/nordnesrepublikken.no\/","logo":{"@type":"ImageObject","inLanguage":"nb-NO","@id":"https:\/\/nordnesrepublikken.no\/#\/schema\/logo\/image\/","url":"https:\/\/nordnesrepublikken.no\/wp-content\/uploads\/2025\/02\/cropped-nordnesrepublikken-2.png","contentUrl":"https:\/\/nordnesrepublikken.no\/wp-content\/uploads\/2025\/02\/cropped-nordnesrepublikken-2.png","width":1248,"height":362,"caption":"Nordnesrepublikken"},"image":{"@id":"https:\/\/nordnesrepublikken.no\/#\/schema\/logo\/image\/"}},{"@type":"Person","@id":"https:\/\/nordnesrepublikken.no\/#\/schema\/person\/2e7e81935bab77882fffb79296240ff1","name":"Ole Andersen","image":{"@type":"ImageObject","inLanguage":"nb-NO","@id":"https:\/\/nordnesrepublikken.no\/#\/schema\/person\/image\/","url":"https:\/\/nordnesrepublikken.no\/wp-content\/uploads\/2025\/02\/nordnesrepublikken-2-2-150x150.jpg","contentUrl":"https:\/\/nordnesrepublikken.no\/wp-content\/uploads\/2025\/02\/nordnesrepublikken-2-2-150x150.jpg","caption":"Ole Andersen"},"description":"Ettersom jeg vokste opp i Oslo, har jeg alltid v\u00e6rt fascinert av ordenes kraft og deres evne til \u00e5 skape endringer. Etter \u00e5 ha fullf\u00f8rt min utdannelse i kommunikasjon ved Universitetet i Bergen, fikk jeg muligheten til \u00e5 jobbe innen ulike medier, der jeg har s\u00f8kt \u00e5 belyse viktige samfunnssp\u00f8rsm\u00e5l. I dag, som redakt\u00f8r for Nordnesrepublikken, pr\u00f8ver jeg \u00e5 forene min kj\u00e6rlighet for journalistikk med min lidenskap for innovasjon og eventyr.","sameAs":["https:\/\/nordnesrepublikken.no\/"]}]}},"_links":{"self":[{"href":"https:\/\/nordnesrepublikken.no\/index.php\/wp-json\/wp\/v2\/posts\/9970","targetHints":{"allow":["GET"]}}],"collection":[{"href":"https:\/\/nordnesrepublikken.no\/index.php\/wp-json\/wp\/v2\/posts"}],"about":[{"href":"https:\/\/nordnesrepublikken.no\/index.php\/wp-json\/wp\/v2\/types\/post"}],"author":[{"embeddable":true,"href":"https:\/\/nordnesrepublikken.no\/index.php\/wp-json\/wp\/v2\/users\/1"}],"replies":[{"embeddable":true,"href":"https:\/\/nordnesrepublikken.no\/index.php\/wp-json\/wp\/v2\/comments?post=9970"}],"version-history":[{"count":1,"href":"https:\/\/nordnesrepublikken.no\/index.php\/wp-json\/wp\/v2\/posts\/9970\/revisions"}],"predecessor-version":[{"id":9972,"href":"https:\/\/nordnesrepublikken.no\/index.php\/wp-json\/wp\/v2\/posts\/9970\/revisions\/9972"}],"wp:featuredmedia":[{"embeddable":true,"href":"https:\/\/nordnesrepublikken.no\/index.php\/wp-json\/wp\/v2\/media\/9971"}],"wp:attachment":[{"href":"https:\/\/nordnesrepublikken.no\/index.php\/wp-json\/wp\/v2\/media?parent=9970"}],"wp:term":[{"taxonomy":"category","embeddable":true,"href":"https:\/\/nordnesrepublikken.no\/index.php\/wp-json\/wp\/v2\/categories?post=9970"},{"taxonomy":"post_tag","embeddable":true,"href":"https:\/\/nordnesrepublikken.no\/index.php\/wp-json\/wp\/v2\/tags?post=9970"}],"curies":[{"name":"wp","href":"https:\/\/api.w.org\/{rel}","templated":true}]}}