{"id":9956,"date":"2025-09-25T13:49:31","date_gmt":"2025-09-25T11:49:31","guid":{"rendered":"https:\/\/nordnesrepublikken.no\/index.php\/2025\/09\/25\/de-mulige-arsakene-til-veikollapsen\/"},"modified":"2025-09-25T13:49:38","modified_gmt":"2025-09-25T11:49:38","slug":"de-mulige-arsakene-til-veikollapsen","status":"publish","type":"post","link":"https:\/\/nordnesrepublikken.no\/index.php\/2025\/09\/25\/de-mulige-arsakene-til-veikollapsen\/","title":{"rendered":"De mulige \u00e5rsakene til veikollapsen"},"content":{"rendered":"<div>\n<div class=\"cp_wrapper cp_wrapper--fw mb-30 mb-20@tablet\">\n<figure class=\"mm\"><picture class=\"img\" style=\"padding-top:56.25%\"><source  media=\"(min-width: 1024px)\"><source  media=\"(min-width: 768px)\"><\/source><\/source><\/picture><\/figure>\n<\/p><\/div>\n<p>EN <b>Chasm<\/b> Cirka 50 meter dyp \u00e5pnet foran Vajira sykehus <b>Bangkok, <\/b>i<b> Thailand<\/b>suge kj\u00f8ret\u00f8y, skade oppf\u00f8rsel og underjordiske tjenester, og sette grunnlaget for noen bygninger som vender mot, heldigvis <strong>uten \u00e5 for\u00e5rsake ofre<\/strong>. Basert p\u00e5 den tilgjengelige informasjonen, vil hendelsen tilskrives en kombinert effekt mellom <strong>Utgraving av et galleri<\/strong> noen meter unna (fremtid <strong>Vajira stasjon<\/strong> av MRT -lilla linjen) og <strong>skade p\u00e5 vannoppf\u00f8rsel<\/strong> I dybden, som kan ha akselerert &#8211; eller utl\u00f8st &#8211; jordens ustabilitet. Ulike videoer av hendelsen er gitt ut p\u00e5 nettet, som tydelig synlig fra f\u00f8lgende innlegg av X:<\/p>\n<h2>Hendelsesforl\u00f8pet<\/h2>\n<p>Kollapsen skjedde n\u00e6r byggeplassen til <strong>Futura Vajira Station<\/strong>ved siden av sykehuset. Vitnesbyrdene og utbredte filmer tillater lokalt \u00e5 rekonstruere f\u00f8lgende dynamikk: \u00c5pning av hulrommet rundt <strong>7:13 (lokal tid)<\/strong>etterfulgt av en <strong>Progressiv utvidelse<\/strong> I noen f\u00e5 titalls minutter. Forel\u00f8pige estimater indikerer en dybde i rekkef\u00f8lgen p\u00e5 <strong>Titalls meter<\/strong> (Vi snakker om omtrent 50 m). Etter den mest intense fasen gikk situasjonen til en <strong>stabilisering<\/strong>som ser ut til \u00e5 bli bekreftet.<\/p>\n<h2>De mulige \u00e5rsakene til den enorme kl\u00f8ften: fordi veiene kollapser<\/h2>\n<p>Det er forel\u00f8pig ingen offisielle uttalelser om \u00e5rsakene som slipper l\u00f8s sammenbruddet. I mangel av en endelig teknisk pressemelding kan det imidlertid v\u00e6re nyttig \u00e5 skille <strong>Sannsynlige \u00e5rsaker<\/strong> og de mulige effektene av ytterligere medvirkende faktorer:<\/p>\n<h3>Effekter av den underjordiske utgravningen<\/h3>\n<p>Utgravningen av en n\u00e6rliggende tunnel har absolutt p\u00e5virket jordens respons i adjacency. Opprettelsen av et modifikasjonsgalleri <strong>Tenous State of the Ground<\/strong> Rundt utgravningsfronten. P\u00e5 landsbygda er dette manifestert, i de alvorligste tilfellene, med en i\u00f8ynefallende fordeling av sagging kjent som <strong>subsidie<\/strong>: representerer konfigurasjonen av bakken nedstr\u00f8ms for deformasjonen indusert av utgravningen, nettopp saggingen. Dette er maksimalt i akse p\u00e5 tunnelen og reduseres sideveis, til den forsvinner, og beveger seg bort nok. Hvis st\u00f8tteforholdene, trykket foran eller den mekaniske responsen til landet &#8211; som ofte er heterogene og ikke perfekt kjent f\u00f8r den virkelige utgravningen blir gjort &#8211; er ugunstige, kan det forstyrrede omr\u00e5det spre seg, forsterke og utl\u00f8se lokalt <strong>kollaps av det granul\u00e6re skjelettet<\/strong>med ogs\u00e5 dannelsen av hulrom som kan g\u00e5 tilbake til overflaten.<\/p>\n<h3>Roll av vann<\/h3>\n<p>Der <strong>tilstedev\u00e6relse av vann<\/strong> Det kan redusere jordens motstand i disse tilfellene og oppmuntre til fenomener med indre erosjon. I denne sammenhengen der vi er, kan to scenarier v\u00e6re plausible, noe som ang\u00e5r underjordiske tjenester i bakken i h\u00f8yder utsatt for veibanen:<\/p>\n<ul>\n<li><strong>Den n\u00e5v\u00e6rende oppf\u00f8rselen kan bli skadet som en konsekvens<\/strong> Av svikt som er indusert av utgravningen: vannet som helles i hulrommet som allerede er p\u00e5 plass, kan forsterke og akselerere utviklingen av kollaps.<\/li>\n<li><strong>Oppf\u00f8ringen til stede er skadet<\/strong>for eksempel fordi de er slitte og blir \u00e5rsaken\/triggeren<strong>.<\/strong><\/li>\n<\/ul>\n<p>I begge tilfeller introduserer en langvarig spinning av vann anomale v\u00e6skevolum i undergrunnen som kan generere fenomener av<strong> intern erosjon<\/strong> (De oppst\u00e5r n\u00e5r vannet drar de fine partiklene) og\/eller <strong>Reduksjon av den attraktive komponenten<\/strong> blant de faste partiklene. I begge tilfeller er det f\u00f8lgelig en reduksjon i jordens kapasitet. I tilfelle det gjelder, viser det grafiske materialet som sirkulerer p\u00e5 nettet vann for \u00e5 r\u00f8mme fra en oppf\u00f8rsel i omr\u00e5det som allerede er kollapset. Denne spinningen g\u00e5r deretter foran en p\u00e5f\u00f8lgende og viktig svikt i bunnen av hullet, allerede til stede: den mest realistiske hypotesen er derfor at vannet har <strong>forverret<\/strong> En balanse som allerede er kompromittert av utgravningene.<\/p>\n<h2>Hva skjer med nabobygninger<\/h2>\n<p>Bildene viser <strong>Foundation Poles<\/strong> <em>utsatt<\/em> Under noen bygninger, en indikasjon p\u00e5 tap av st\u00f8tte som ligger under bygningen. Tilstedev\u00e6relsen av polakker, det vil si <strong>Dype fundamenter<\/strong>antyder at overfladisk jordsmonn har beskjedne st\u00f8ttende kapasiteter, og det er grunnen til at prosjektet har forutsett adopsjonen av et dypt fundament. DE&#8217;<strong>Eksponering av polene<\/strong> Det inneb\u00e6rer ikke n\u00f8dvendigvis implisitte strukturelle skader eller overhengende kollapser: Hvis feilen ikke sprer seg til avtrykk av bygningen, kan arbeidet fortsatt v\u00e6re trygt, spesielt hvis polene hovedsakelig fungerer <strong>topp<\/strong><em>, <\/em>det vil si p\u00e5 lag i dybden. N\u00e5r det er sagt, er det fortsatt god praksis \u00e5 aktivere <strong>Overv\u00e5king<\/strong> via sensor (niv\u00e5er av presisjon, skr\u00e5stoffer, sprekker, piezometre), utf\u00f8rer ut <strong>inspeksjoner<\/strong> Spesifikk post-arrangement for \u00e5 teste sikkerhetstilstanden og unng\u00e5 ytterligere kollapser.<\/p>\n<\/p><\/div>\n","protected":false},"excerpt":{"rendered":"<p>EN Chasm Cirka 50 meter dyp \u00e5pnet foran Vajira sykehus Bangkok, i Thailandsuge kj\u00f8ret\u00f8y, skade<\/p>\n","protected":false},"author":1,"featured_media":9957,"comment_status":"closed","ping_status":"open","sticky":false,"template":"","format":"standard","meta":{"footnotes":""},"categories":[24],"tags":[1003,253,117,6519],"class_list":["post-9956","post","type-post","status-publish","format-standard","has-post-thumbnail","hentry","category-vitenskap","tag-arsakene","tag-mulige","tag-til","tag-veikollapsen","generate-columns","tablet-grid-50","mobile-grid-100","grid-parent","grid-33","resize-featured-image"],"yoast_head":"<!-- This site is optimized with the Yoast SEO plugin v24.4 - https:\/\/yoast.com\/wordpress\/plugins\/seo\/ -->\n<title>De mulige \u00e5rsakene til veikollapsen - Nordnesrepublikken<\/title>\n<meta name=\"robots\" content=\"index, follow, max-snippet:-1, max-image-preview:large, max-video-preview:-1\" \/>\n<link rel=\"canonical\" href=\"https:\/\/nordnesrepublikken.no\/index.php\/2025\/09\/25\/de-mulige-arsakene-til-veikollapsen\/\" \/>\n<meta property=\"og:locale\" content=\"nb_NO\" \/>\n<meta property=\"og:type\" content=\"article\" \/>\n<meta property=\"og:title\" content=\"De mulige \u00e5rsakene til veikollapsen - Nordnesrepublikken\" \/>\n<meta property=\"og:description\" content=\"EN Chasm Cirka 50 meter dyp \u00e5pnet foran Vajira sykehus Bangkok, i Thailandsuge kj\u00f8ret\u00f8y, skade\" \/>\n<meta property=\"og:url\" content=\"https:\/\/nordnesrepublikken.no\/index.php\/2025\/09\/25\/de-mulige-arsakene-til-veikollapsen\/\" \/>\n<meta property=\"og:site_name\" content=\"Nordnesrepublikken\" \/>\n<meta property=\"article:published_time\" content=\"2025-09-25T11:49:31+00:00\" \/>\n<meta property=\"article:modified_time\" content=\"2025-09-25T11:49:38+00:00\" \/>\n<meta property=\"og:image\" content=\"https:\/\/nordnesrepublikken.no\/wp-content\/uploads\/2025\/09\/1758800972_De-mulige-arsakene-til-veikollapsen.jpg\" \/>\n\t<meta property=\"og:image:width\" content=\"2549\" \/>\n\t<meta property=\"og:image:height\" content=\"1491\" \/>\n\t<meta property=\"og:image:type\" content=\"image\/jpeg\" \/>\n<meta name=\"author\" content=\"Ole Andersen\" \/>\n<meta name=\"twitter:card\" content=\"summary_large_image\" \/>\n<meta name=\"twitter:label1\" content=\"Skrevet av\" \/>\n\t<meta name=\"twitter:data1\" content=\"Ole Andersen\" \/>\n\t<meta name=\"twitter:label2\" content=\"Ansl. lesetid\" \/>\n\t<meta name=\"twitter:data2\" content=\"4 minutter\" \/>\n<script type=\"application\/ld+json\" class=\"yoast-schema-graph\">{\"@context\":\"https:\/\/schema.org\",\"@graph\":[{\"@type\":\"Article\",\"@id\":\"https:\/\/nordnesrepublikken.no\/index.php\/2025\/09\/25\/de-mulige-arsakene-til-veikollapsen\/#article\",\"isPartOf\":{\"@id\":\"https:\/\/nordnesrepublikken.no\/index.php\/2025\/09\/25\/de-mulige-arsakene-til-veikollapsen\/\"},\"author\":{\"name\":\"Ole Andersen\",\"@id\":\"https:\/\/nordnesrepublikken.no\/#\/schema\/person\/2e7e81935bab77882fffb79296240ff1\"},\"headline\":\"De mulige \u00e5rsakene til veikollapsen\",\"datePublished\":\"2025-09-25T11:49:31+00:00\",\"dateModified\":\"2025-09-25T11:49:38+00:00\",\"mainEntityOfPage\":{\"@id\":\"https:\/\/nordnesrepublikken.no\/index.php\/2025\/09\/25\/de-mulige-arsakene-til-veikollapsen\/\"},\"wordCount\":714,\"publisher\":{\"@id\":\"https:\/\/nordnesrepublikken.no\/#organization\"},\"image\":{\"@id\":\"https:\/\/nordnesrepublikken.no\/index.php\/2025\/09\/25\/de-mulige-arsakene-til-veikollapsen\/#primaryimage\"},\"thumbnailUrl\":\"https:\/\/nordnesrepublikken.no\/wp-content\/uploads\/2025\/09\/1758800972_De-mulige-arsakene-til-veikollapsen.jpg\",\"keywords\":[\"\u00e5rsakene\",\"mulige\",\"til\",\"veikollapsen\"],\"articleSection\":[\"Vitenskap\"],\"inLanguage\":\"nb-NO\"},{\"@type\":\"WebPage\",\"@id\":\"https:\/\/nordnesrepublikken.no\/index.php\/2025\/09\/25\/de-mulige-arsakene-til-veikollapsen\/\",\"url\":\"https:\/\/nordnesrepublikken.no\/index.php\/2025\/09\/25\/de-mulige-arsakene-til-veikollapsen\/\",\"name\":\"De mulige \u00e5rsakene til veikollapsen - Nordnesrepublikken\",\"isPartOf\":{\"@id\":\"https:\/\/nordnesrepublikken.no\/#website\"},\"primaryImageOfPage\":{\"@id\":\"https:\/\/nordnesrepublikken.no\/index.php\/2025\/09\/25\/de-mulige-arsakene-til-veikollapsen\/#primaryimage\"},\"image\":{\"@id\":\"https:\/\/nordnesrepublikken.no\/index.php\/2025\/09\/25\/de-mulige-arsakene-til-veikollapsen\/#primaryimage\"},\"thumbnailUrl\":\"https:\/\/nordnesrepublikken.no\/wp-content\/uploads\/2025\/09\/1758800972_De-mulige-arsakene-til-veikollapsen.jpg\",\"datePublished\":\"2025-09-25T11:49:31+00:00\",\"dateModified\":\"2025-09-25T11:49:38+00:00\",\"breadcrumb\":{\"@id\":\"https:\/\/nordnesrepublikken.no\/index.php\/2025\/09\/25\/de-mulige-arsakene-til-veikollapsen\/#breadcrumb\"},\"inLanguage\":\"nb-NO\",\"potentialAction\":[{\"@type\":\"ReadAction\",\"target\":[\"https:\/\/nordnesrepublikken.no\/index.php\/2025\/09\/25\/de-mulige-arsakene-til-veikollapsen\/\"]}]},{\"@type\":\"ImageObject\",\"inLanguage\":\"nb-NO\",\"@id\":\"https:\/\/nordnesrepublikken.no\/index.php\/2025\/09\/25\/de-mulige-arsakene-til-veikollapsen\/#primaryimage\",\"url\":\"https:\/\/nordnesrepublikken.no\/wp-content\/uploads\/2025\/09\/1758800972_De-mulige-arsakene-til-veikollapsen.jpg\",\"contentUrl\":\"https:\/\/nordnesrepublikken.no\/wp-content\/uploads\/2025\/09\/1758800972_De-mulige-arsakene-til-veikollapsen.jpg\",\"width\":2549,\"height\":1491,\"caption\":\"De mulige \u00e5rsakene til veikollapsen\"},{\"@type\":\"BreadcrumbList\",\"@id\":\"https:\/\/nordnesrepublikken.no\/index.php\/2025\/09\/25\/de-mulige-arsakene-til-veikollapsen\/#breadcrumb\",\"itemListElement\":[{\"@type\":\"ListItem\",\"position\":1,\"name\":\"Home\",\"item\":\"https:\/\/nordnesrepublikken.no\/\"},{\"@type\":\"ListItem\",\"position\":2,\"name\":\"De mulige \u00e5rsakene til veikollapsen\"}]},{\"@type\":\"WebSite\",\"@id\":\"https:\/\/nordnesrepublikken.no\/#website\",\"url\":\"https:\/\/nordnesrepublikken.no\/\",\"name\":\"Nordnesrepublikken\",\"description\":\"Stemmer og Visjoner fra Republikkens Hjerte\",\"publisher\":{\"@id\":\"https:\/\/nordnesrepublikken.no\/#organization\"},\"potentialAction\":[{\"@type\":\"SearchAction\",\"target\":{\"@type\":\"EntryPoint\",\"urlTemplate\":\"https:\/\/nordnesrepublikken.no\/?s={search_term_string}\"},\"query-input\":{\"@type\":\"PropertyValueSpecification\",\"valueRequired\":true,\"valueName\":\"search_term_string\"}}],\"inLanguage\":\"nb-NO\"},{\"@type\":\"Organization\",\"@id\":\"https:\/\/nordnesrepublikken.no\/#organization\",\"name\":\"Nordnesrepublikken\",\"url\":\"https:\/\/nordnesrepublikken.no\/\",\"logo\":{\"@type\":\"ImageObject\",\"inLanguage\":\"nb-NO\",\"@id\":\"https:\/\/nordnesrepublikken.no\/#\/schema\/logo\/image\/\",\"url\":\"https:\/\/nordnesrepublikken.no\/wp-content\/uploads\/2025\/02\/cropped-nordnesrepublikken-2.png\",\"contentUrl\":\"https:\/\/nordnesrepublikken.no\/wp-content\/uploads\/2025\/02\/cropped-nordnesrepublikken-2.png\",\"width\":1248,\"height\":362,\"caption\":\"Nordnesrepublikken\"},\"image\":{\"@id\":\"https:\/\/nordnesrepublikken.no\/#\/schema\/logo\/image\/\"}},{\"@type\":\"Person\",\"@id\":\"https:\/\/nordnesrepublikken.no\/#\/schema\/person\/2e7e81935bab77882fffb79296240ff1\",\"name\":\"Ole Andersen\",\"image\":{\"@type\":\"ImageObject\",\"inLanguage\":\"nb-NO\",\"@id\":\"https:\/\/nordnesrepublikken.no\/#\/schema\/person\/image\/\",\"url\":\"https:\/\/nordnesrepublikken.no\/wp-content\/uploads\/2025\/02\/nordnesrepublikken-2-2-150x150.jpg\",\"contentUrl\":\"https:\/\/nordnesrepublikken.no\/wp-content\/uploads\/2025\/02\/nordnesrepublikken-2-2-150x150.jpg\",\"caption\":\"Ole Andersen\"},\"description\":\"Ettersom jeg vokste opp i Oslo, har jeg alltid v\u00e6rt fascinert av ordenes kraft og deres evne til \u00e5 skape endringer. Etter \u00e5 ha fullf\u00f8rt min utdannelse i kommunikasjon ved Universitetet i Bergen, fikk jeg muligheten til \u00e5 jobbe innen ulike medier, der jeg har s\u00f8kt \u00e5 belyse viktige samfunnssp\u00f8rsm\u00e5l. I dag, som redakt\u00f8r for Nordnesrepublikken, pr\u00f8ver jeg \u00e5 forene min kj\u00e6rlighet for journalistikk med min lidenskap for innovasjon og eventyr.\",\"sameAs\":[\"https:\/\/nordnesrepublikken.no\/\"]}]}<\/script>\n<!-- \/ Yoast SEO plugin. -->","yoast_head_json":{"title":"De mulige \u00e5rsakene til veikollapsen - Nordnesrepublikken","robots":{"index":"index","follow":"follow","max-snippet":"max-snippet:-1","max-image-preview":"max-image-preview:large","max-video-preview":"max-video-preview:-1"},"canonical":"https:\/\/nordnesrepublikken.no\/index.php\/2025\/09\/25\/de-mulige-arsakene-til-veikollapsen\/","og_locale":"nb_NO","og_type":"article","og_title":"De mulige \u00e5rsakene til veikollapsen - Nordnesrepublikken","og_description":"EN Chasm Cirka 50 meter dyp \u00e5pnet foran Vajira sykehus Bangkok, i Thailandsuge kj\u00f8ret\u00f8y, skade","og_url":"https:\/\/nordnesrepublikken.no\/index.php\/2025\/09\/25\/de-mulige-arsakene-til-veikollapsen\/","og_site_name":"Nordnesrepublikken","article_published_time":"2025-09-25T11:49:31+00:00","article_modified_time":"2025-09-25T11:49:38+00:00","og_image":[{"width":2549,"height":1491,"url":"https:\/\/nordnesrepublikken.no\/wp-content\/uploads\/2025\/09\/1758800972_De-mulige-arsakene-til-veikollapsen.jpg","type":"image\/jpeg"}],"author":"Ole Andersen","twitter_card":"summary_large_image","twitter_misc":{"Skrevet av":"Ole Andersen","Ansl. lesetid":"4 minutter"},"schema":{"@context":"https:\/\/schema.org","@graph":[{"@type":"Article","@id":"https:\/\/nordnesrepublikken.no\/index.php\/2025\/09\/25\/de-mulige-arsakene-til-veikollapsen\/#article","isPartOf":{"@id":"https:\/\/nordnesrepublikken.no\/index.php\/2025\/09\/25\/de-mulige-arsakene-til-veikollapsen\/"},"author":{"name":"Ole Andersen","@id":"https:\/\/nordnesrepublikken.no\/#\/schema\/person\/2e7e81935bab77882fffb79296240ff1"},"headline":"De mulige \u00e5rsakene til veikollapsen","datePublished":"2025-09-25T11:49:31+00:00","dateModified":"2025-09-25T11:49:38+00:00","mainEntityOfPage":{"@id":"https:\/\/nordnesrepublikken.no\/index.php\/2025\/09\/25\/de-mulige-arsakene-til-veikollapsen\/"},"wordCount":714,"publisher":{"@id":"https:\/\/nordnesrepublikken.no\/#organization"},"image":{"@id":"https:\/\/nordnesrepublikken.no\/index.php\/2025\/09\/25\/de-mulige-arsakene-til-veikollapsen\/#primaryimage"},"thumbnailUrl":"https:\/\/nordnesrepublikken.no\/wp-content\/uploads\/2025\/09\/1758800972_De-mulige-arsakene-til-veikollapsen.jpg","keywords":["\u00e5rsakene","mulige","til","veikollapsen"],"articleSection":["Vitenskap"],"inLanguage":"nb-NO"},{"@type":"WebPage","@id":"https:\/\/nordnesrepublikken.no\/index.php\/2025\/09\/25\/de-mulige-arsakene-til-veikollapsen\/","url":"https:\/\/nordnesrepublikken.no\/index.php\/2025\/09\/25\/de-mulige-arsakene-til-veikollapsen\/","name":"De mulige \u00e5rsakene til veikollapsen - Nordnesrepublikken","isPartOf":{"@id":"https:\/\/nordnesrepublikken.no\/#website"},"primaryImageOfPage":{"@id":"https:\/\/nordnesrepublikken.no\/index.php\/2025\/09\/25\/de-mulige-arsakene-til-veikollapsen\/#primaryimage"},"image":{"@id":"https:\/\/nordnesrepublikken.no\/index.php\/2025\/09\/25\/de-mulige-arsakene-til-veikollapsen\/#primaryimage"},"thumbnailUrl":"https:\/\/nordnesrepublikken.no\/wp-content\/uploads\/2025\/09\/1758800972_De-mulige-arsakene-til-veikollapsen.jpg","datePublished":"2025-09-25T11:49:31+00:00","dateModified":"2025-09-25T11:49:38+00:00","breadcrumb":{"@id":"https:\/\/nordnesrepublikken.no\/index.php\/2025\/09\/25\/de-mulige-arsakene-til-veikollapsen\/#breadcrumb"},"inLanguage":"nb-NO","potentialAction":[{"@type":"ReadAction","target":["https:\/\/nordnesrepublikken.no\/index.php\/2025\/09\/25\/de-mulige-arsakene-til-veikollapsen\/"]}]},{"@type":"ImageObject","inLanguage":"nb-NO","@id":"https:\/\/nordnesrepublikken.no\/index.php\/2025\/09\/25\/de-mulige-arsakene-til-veikollapsen\/#primaryimage","url":"https:\/\/nordnesrepublikken.no\/wp-content\/uploads\/2025\/09\/1758800972_De-mulige-arsakene-til-veikollapsen.jpg","contentUrl":"https:\/\/nordnesrepublikken.no\/wp-content\/uploads\/2025\/09\/1758800972_De-mulige-arsakene-til-veikollapsen.jpg","width":2549,"height":1491,"caption":"De mulige \u00e5rsakene til veikollapsen"},{"@type":"BreadcrumbList","@id":"https:\/\/nordnesrepublikken.no\/index.php\/2025\/09\/25\/de-mulige-arsakene-til-veikollapsen\/#breadcrumb","itemListElement":[{"@type":"ListItem","position":1,"name":"Home","item":"https:\/\/nordnesrepublikken.no\/"},{"@type":"ListItem","position":2,"name":"De mulige \u00e5rsakene til veikollapsen"}]},{"@type":"WebSite","@id":"https:\/\/nordnesrepublikken.no\/#website","url":"https:\/\/nordnesrepublikken.no\/","name":"Nordnesrepublikken","description":"Stemmer og Visjoner fra Republikkens Hjerte","publisher":{"@id":"https:\/\/nordnesrepublikken.no\/#organization"},"potentialAction":[{"@type":"SearchAction","target":{"@type":"EntryPoint","urlTemplate":"https:\/\/nordnesrepublikken.no\/?s={search_term_string}"},"query-input":{"@type":"PropertyValueSpecification","valueRequired":true,"valueName":"search_term_string"}}],"inLanguage":"nb-NO"},{"@type":"Organization","@id":"https:\/\/nordnesrepublikken.no\/#organization","name":"Nordnesrepublikken","url":"https:\/\/nordnesrepublikken.no\/","logo":{"@type":"ImageObject","inLanguage":"nb-NO","@id":"https:\/\/nordnesrepublikken.no\/#\/schema\/logo\/image\/","url":"https:\/\/nordnesrepublikken.no\/wp-content\/uploads\/2025\/02\/cropped-nordnesrepublikken-2.png","contentUrl":"https:\/\/nordnesrepublikken.no\/wp-content\/uploads\/2025\/02\/cropped-nordnesrepublikken-2.png","width":1248,"height":362,"caption":"Nordnesrepublikken"},"image":{"@id":"https:\/\/nordnesrepublikken.no\/#\/schema\/logo\/image\/"}},{"@type":"Person","@id":"https:\/\/nordnesrepublikken.no\/#\/schema\/person\/2e7e81935bab77882fffb79296240ff1","name":"Ole Andersen","image":{"@type":"ImageObject","inLanguage":"nb-NO","@id":"https:\/\/nordnesrepublikken.no\/#\/schema\/person\/image\/","url":"https:\/\/nordnesrepublikken.no\/wp-content\/uploads\/2025\/02\/nordnesrepublikken-2-2-150x150.jpg","contentUrl":"https:\/\/nordnesrepublikken.no\/wp-content\/uploads\/2025\/02\/nordnesrepublikken-2-2-150x150.jpg","caption":"Ole Andersen"},"description":"Ettersom jeg vokste opp i Oslo, har jeg alltid v\u00e6rt fascinert av ordenes kraft og deres evne til \u00e5 skape endringer. Etter \u00e5 ha fullf\u00f8rt min utdannelse i kommunikasjon ved Universitetet i Bergen, fikk jeg muligheten til \u00e5 jobbe innen ulike medier, der jeg har s\u00f8kt \u00e5 belyse viktige samfunnssp\u00f8rsm\u00e5l. I dag, som redakt\u00f8r for Nordnesrepublikken, pr\u00f8ver jeg \u00e5 forene min kj\u00e6rlighet for journalistikk med min lidenskap for innovasjon og eventyr.","sameAs":["https:\/\/nordnesrepublikken.no\/"]}]}},"_links":{"self":[{"href":"https:\/\/nordnesrepublikken.no\/index.php\/wp-json\/wp\/v2\/posts\/9956","targetHints":{"allow":["GET"]}}],"collection":[{"href":"https:\/\/nordnesrepublikken.no\/index.php\/wp-json\/wp\/v2\/posts"}],"about":[{"href":"https:\/\/nordnesrepublikken.no\/index.php\/wp-json\/wp\/v2\/types\/post"}],"author":[{"embeddable":true,"href":"https:\/\/nordnesrepublikken.no\/index.php\/wp-json\/wp\/v2\/users\/1"}],"replies":[{"embeddable":true,"href":"https:\/\/nordnesrepublikken.no\/index.php\/wp-json\/wp\/v2\/comments?post=9956"}],"version-history":[{"count":1,"href":"https:\/\/nordnesrepublikken.no\/index.php\/wp-json\/wp\/v2\/posts\/9956\/revisions"}],"predecessor-version":[{"id":9958,"href":"https:\/\/nordnesrepublikken.no\/index.php\/wp-json\/wp\/v2\/posts\/9956\/revisions\/9958"}],"wp:featuredmedia":[{"embeddable":true,"href":"https:\/\/nordnesrepublikken.no\/index.php\/wp-json\/wp\/v2\/media\/9957"}],"wp:attachment":[{"href":"https:\/\/nordnesrepublikken.no\/index.php\/wp-json\/wp\/v2\/media?parent=9956"}],"wp:term":[{"taxonomy":"category","embeddable":true,"href":"https:\/\/nordnesrepublikken.no\/index.php\/wp-json\/wp\/v2\/categories?post=9956"},{"taxonomy":"post_tag","embeddable":true,"href":"https:\/\/nordnesrepublikken.no\/index.php\/wp-json\/wp\/v2\/tags?post=9956"}],"curies":[{"name":"wp","href":"https:\/\/api.w.org\/{rel}","templated":true}]}}