{"id":9953,"date":"2025-09-25T12:50:15","date_gmt":"2025-09-25T10:50:15","guid":{"rendered":"https:\/\/nordnesrepublikken.no\/index.php\/2025\/09\/25\/ingen-tredje-verdenskrig-ved-portene\/"},"modified":"2025-09-25T12:50:25","modified_gmt":"2025-09-25T10:50:25","slug":"ingen-tredje-verdenskrig-ved-portene","status":"publish","type":"post","link":"https:\/\/nordnesrepublikken.no\/index.php\/2025\/09\/25\/ingen-tredje-verdenskrig-ved-portene\/","title":{"rendered":"Ingen &laquo;tredje verdenskrig&raquo; ved portene"},"content":{"rendered":"<div>\n<div class=\"cp_wrapper cp_wrapper--fw mb-30 mb-20@tablet\">\n<figure class=\"mm\"><picture class=\"img\" style=\"padding-top:56.25%\"><source  media=\"(min-width: 1024px)\"><source  media=\"(min-width: 768px)\"><\/source><\/source><\/picture><\/figure>\n<\/p><\/div>\n<p>Han gjorde et nylig intervju med <em>Daily Mail<\/em> av den britiske generalen <strong>Richard Shiroff<\/strong>en h\u00f8y offiser for de v\u00e6pnede styrkene i hans britiske majestet og tidligere \u00f8verste allierte i Europa (den nest viktigste siktelsen i NATOs milit\u00e6re strukturer), hvor det er risikoen for et &laquo;ekstrem, men ikke umulig&raquo; scenario der, i m\u00f8te med en <strong>Overraskelsesangrep i stor skala<\/strong> av Russland mot Europa kan de \u00f8stlige forsvarene til NATO gi etter bare <strong>100 timer<\/strong>. Det &laquo;apokalyptiske&raquo; scenariet gjorde ogs\u00e5 hypoteser om &laquo;tredje verdenskrig&raquo;. Men er det virkelig tilfelle?<\/p>\n<p>Dette er ikke en ny avhandling av Shirreff: Allerede i 2016 med boken sin <em>2017: Krig med Russland: En presserende advarsel fra senior milit\u00e6re kommandoer for \u00e5 sk\u00e5ne den milit\u00e6re verden like mye som politikken ang\u00e5ende det <\/em>Generalen advarte om at NATO er i en tilstand av <strong>Fullstendig uforberedelse<\/strong> noe som ville gj\u00f8re det ute av stand til \u00e5 organisere et tilstrekkelig forsvar hvis det verste scenariet i \u00f8st for NATO -konkretisert. At evalueringene uttrykt av Shireff gjennom \u00e5rene er realistiske eller ikke, er gjenstand for debatt: det vi kan si er at for \u00f8yeblikket <strong>Det er ingen troverdige signaler<\/strong> av en overraskelse russisk offensiv som forberedelse.<\/p>\n<div class=\"cp_wrapper cp_wrapper--fw mb-50\">\n<figure class=\"mm\"><picture class=\"img\" style=\"padding-top:71.375%\"><source  media=\"(min-width: 1024px)\"><source  media=\"(min-width: 768px)\"><img decoding=\"async\" loading=\"lazy\" src=\"https:\/\/nordnesrepublikken.no\/wp-content\/uploads\/2025\/09\/1758797415_736_Ingen-tredje-verdenskrig-ved-portene.jpg\" alt=\"Bilde\" width=\"800\" height=\"571\"\/><\/source><\/source><\/picture><\/figure>\n<\/p><\/div>\n<h2><b>For for \u00f8yeblikket er et overraskelsesangrep fra Russland usannsynlig<\/b><\/h2>\n<p>Hoved\u00e5rsaken til at det ser ut til \u00e5 v\u00e6re usannsynlig at for \u00f8yeblikket er Moskva forbereder seg p\u00e5 en stor -skala overraskelses offensiv langs \u00f8st for NATO East er den<strong>frav\u00e6r av forberedelser fra den russiske marinen<\/strong>.  Denne eiendelen har en posisjon av grunnleggende betydning i de milit\u00e6re strategiene i Kreml, slik det er bekreftet under den russiske inngripen i den syriske borgerkrigen og under den russisk-Ukraina-krigen. F\u00f8r starten av fiendtlighetene, mellom oktober 2021 og februar 2022, er det faktisk en <strong>Unormal konsentrasjon av russiske marinestyrker <\/strong>I vannet i Svartehavet (noen fra Nordfl\u00e5ten eller til og med fra Stillehavet), s\u00e6rlig landingsskip for \u00e5 st\u00f8tte den amfibiske operasjonene langs de ukrainske kystene.<\/p>\n<p>Den store mobiliseringen av marinen var et utvetydig signal om det faktum at Kreml forberedte seg p\u00e5 et angrep. Til dags dato skj\u00f8nt <strong>Ingen lignende forberedelser ble lagt merke til<\/strong> At det antar at Russland -marinen er i n\u00e6rheten av \u00e5 dra ut i havet ved messe i krigsoppsett. Dette er en veldig betydelig ledetr\u00e5d, fordi et hypotetisk overraskelsesangrep mot NATO <strong>Det kunne ikke p\u00e5 noen m\u00e5te ignorere bruken av marinen<\/strong>hvis skuldre ansvaret for \u00e5 angripe NATO -sidene, ville falle og treffe strategiske m\u00e5l som ligger i dybden med et regn av konvensjonelle eller til og med atomkruise missiler.<\/p>\n<div class=\"cp_wrapper cp_wrapper--fw mb-50\">\n<figure class=\"mm\"><picture class=\"img\" style=\"padding-top:99.625%\"><source  media=\"(min-width: 1024px)\"><source  media=\"(min-width: 768px)\"><img decoding=\"async\" loading=\"lazy\" src=\"https:\/\/nordnesrepublikken.no\/wp-content\/uploads\/2025\/09\/1758797415_526_Ingen-tredje-verdenskrig-ved-portene.jpg\" alt=\"Bilde\" width=\"800\" height=\"797\" class=\"js-seedtag-img\"\/><\/source><\/source><\/picture><\/figure>\n<\/p><\/div>\n<p>Frav\u00e6ret av noen &laquo;mistenkelig bevegelse&raquo; av &laquo;fart\u00f8yene med korset til Sant&#8217;Andrea&raquo; er nok til \u00e5 fjerne de mest foschi -scenariene: <strong>Russland er ikke ett skritt unna \u00e5 angripe oss<\/strong>.<\/p>\n<h2><b>De voksende russiske spenningene og f\u00f8dt<\/b><\/h2>\n<p>Mangelen p\u00e5 signaler som f\u00f8rer til at vi bekrefter at utbruddet av den &laquo;tredje hele tiden verdenskrig&raquo; ikke er rundt hj\u00f8rnet, men ikke m\u00e5 f\u00e5 oss til \u00e5 tenke at &laquo;alt g\u00e5r bra&raquo;. Det siste ti\u00e5ret <strong>Forholdet mellom Russland og NATO har gradvis blitt forverret<\/strong> til du forlater feltet til en <strong>\u00e5pen fiendtlighet<\/strong> Og f\u00f8lgelig har de h\u00f8ye kommandoene og tenketankene til de motsatte fraksjonene lurt p\u00e5 flere ganger ang\u00e5ende de hypotetiske krigsscenariene.<\/p>\n<p>\u00d8kningen i spenningen har resultert i nyere <strong>Frontierulykker<\/strong> som vokser p\u00e5 en bekymringsfull m\u00e5te, fra de p\u00e5st\u00e5tte tilfellene av fastlege -fastkj\u00f8ring til de p\u00e5st\u00e5tte inngrepene av droner i flyplassene i \u00d8st -Europa. Fra dette synspunktet er det legitimt \u00e5 sp\u00f8rre om de to utfordrerne faktisk forbereder seg p\u00e5 en <strong>Krig i stor skala<\/strong>selv om det ikke er lett \u00e5 skille mellom virkelighet og retorikk, spesielt n\u00e5r utfordrerne tyr til erkl\u00e6ringer av brennende karakter som de som den russiske eks-presidenten har v\u00e6rt vant til oss i \u00e5revis i \u00e5revis <strong>Dmitry Medvedev<\/strong>.<\/p>\n<p>Uten tvil Russland har i et fors\u00f8k p\u00e5 \u00e5 bringe den russisk-Ukraina-krigen til en seirende l\u00f8sning for henne, <strong>veldig store ressurser investert<\/strong> I utvidelsen av hans v\u00e6pnede styrker og i gjenoppbyggingen av det milit\u00e6rindustrielle komplekset som er n\u00f8dvendig for \u00e5 st\u00f8tte dem, selv med tanke p\u00e5 \u00e5 diskutere med det forst\u00f8rrede vest. NATO har p\u00e5 sin side \u00e5pent utplassert til fordel for Ukraina og st\u00f8ttes nesten enstemmig i sin kamp mot Moskva, men den <strong>Generelt gjenstandsprogram<\/strong> av alliansen har n\u00e5 gitt motstridende resultater.<\/p>\n<p>Selv om det for \u00f8yeblikket ikke virker overhengende en direkte konfrontasjon, er det i det hele tatt sp\u00f8rsm\u00e5let<strong>Oppdatering av driftsdoktriner<\/strong> av utfordrerne. Mens Russland bokstavelig talt reformerer de operasjonelle begrepene til de v\u00e6pnede styrkene, ogs\u00e5 i lys av de virkelige opplevelsene som er l\u00e6rt p\u00e5 slagmarkene i den f\u00f8rste konvensjonelle krigen i en stor skala fra det 21. \u00e5rhundre (massiv bruk av droner, bruk av elektroniske lidelsessystemer og s\u00e5 videre), ser Nato hittil date <strong>Forfriskning for \u00e5 omfavne revolusjonen p\u00e5 milit\u00e6rfeltet<\/strong> at denne krigen bringer.<\/p>\n<div class=\"cp_wrapper cp_wrapper--fw mb-50\">\n<figure class=\"mm\"><picture class=\"img\" style=\"padding-top:66.625%\"><source  media=\"(min-width: 1024px)\"><source  media=\"(min-width: 768px)\"><img decoding=\"async\" loading=\"lazy\" src=\"https:\/\/nordnesrepublikken.no\/wp-content\/uploads\/2025\/09\/1758797415_541_Ingen-tredje-verdenskrig-ved-portene.jpg\" alt=\"Bilde\" width=\"800\" height=\"533\"\/><\/source><\/source><\/picture><\/figure>\n<\/p><\/div>\n<\/p><\/div>\n","protected":false},"excerpt":{"rendered":"<p>Han gjorde et nylig intervju med Daily Mail av den britiske generalen Richard Shiroffen h\u00f8y<\/p>\n","protected":false},"author":1,"featured_media":9954,"comment_status":"closed","ping_status":"open","sticky":false,"template":"","format":"standard","meta":{"footnotes":""},"categories":[23],"tags":[141,6518,2096,231,749],"class_list":["post-9953","post","type-post","status-publish","format-standard","has-post-thumbnail","hentry","category-politikk","tag-ingen","tag-portene","tag-tredje","tag-ved","tag-verdenskrig","generate-columns","tablet-grid-50","mobile-grid-100","grid-parent","grid-33","resize-featured-image"],"yoast_head":"<!-- This site is optimized with the Yoast SEO plugin v24.4 - https:\/\/yoast.com\/wordpress\/plugins\/seo\/ -->\n<title>Ingen &quot;tredje verdenskrig&quot; ved portene - Nordnesrepublikken<\/title>\n<meta name=\"robots\" content=\"index, follow, max-snippet:-1, max-image-preview:large, max-video-preview:-1\" \/>\n<link rel=\"canonical\" href=\"https:\/\/nordnesrepublikken.no\/index.php\/2025\/09\/25\/ingen-tredje-verdenskrig-ved-portene\/\" \/>\n<meta property=\"og:locale\" content=\"nb_NO\" \/>\n<meta property=\"og:type\" content=\"article\" \/>\n<meta property=\"og:title\" content=\"Ingen &quot;tredje verdenskrig&quot; ved portene - Nordnesrepublikken\" \/>\n<meta property=\"og:description\" content=\"Han gjorde et nylig intervju med Daily Mail av den britiske generalen Richard Shiroffen h\u00f8y\" \/>\n<meta property=\"og:url\" content=\"https:\/\/nordnesrepublikken.no\/index.php\/2025\/09\/25\/ingen-tredje-verdenskrig-ved-portene\/\" \/>\n<meta property=\"og:site_name\" content=\"Nordnesrepublikken\" \/>\n<meta property=\"article:published_time\" content=\"2025-09-25T10:50:15+00:00\" \/>\n<meta property=\"article:modified_time\" content=\"2025-09-25T10:50:25+00:00\" \/>\n<meta property=\"og:image\" content=\"https:\/\/nordnesrepublikken.no\/wp-content\/uploads\/2025\/09\/1758797416_Ingen-tredje-verdenskrig-ved-portene-scaled.jpg\" \/>\n\t<meta property=\"og:image:width\" content=\"2560\" \/>\n\t<meta property=\"og:image:height\" content=\"1920\" \/>\n\t<meta property=\"og:image:type\" content=\"image\/jpeg\" \/>\n<meta name=\"author\" content=\"Ole Andersen\" \/>\n<meta name=\"twitter:card\" content=\"summary_large_image\" \/>\n<meta name=\"twitter:label1\" content=\"Skrevet av\" \/>\n\t<meta name=\"twitter:data1\" content=\"Ole Andersen\" \/>\n\t<meta name=\"twitter:label2\" content=\"Ansl. lesetid\" \/>\n\t<meta name=\"twitter:data2\" content=\"4 minutter\" \/>\n<script type=\"application\/ld+json\" class=\"yoast-schema-graph\">{\"@context\":\"https:\/\/schema.org\",\"@graph\":[{\"@type\":\"Article\",\"@id\":\"https:\/\/nordnesrepublikken.no\/index.php\/2025\/09\/25\/ingen-tredje-verdenskrig-ved-portene\/#article\",\"isPartOf\":{\"@id\":\"https:\/\/nordnesrepublikken.no\/index.php\/2025\/09\/25\/ingen-tredje-verdenskrig-ved-portene\/\"},\"author\":{\"name\":\"Ole Andersen\",\"@id\":\"https:\/\/nordnesrepublikken.no\/#\/schema\/person\/2e7e81935bab77882fffb79296240ff1\"},\"headline\":\"Ingen &laquo;tredje verdenskrig&raquo; ved portene\",\"datePublished\":\"2025-09-25T10:50:15+00:00\",\"dateModified\":\"2025-09-25T10:50:25+00:00\",\"mainEntityOfPage\":{\"@id\":\"https:\/\/nordnesrepublikken.no\/index.php\/2025\/09\/25\/ingen-tredje-verdenskrig-ved-portene\/\"},\"wordCount\":819,\"publisher\":{\"@id\":\"https:\/\/nordnesrepublikken.no\/#organization\"},\"image\":{\"@id\":\"https:\/\/nordnesrepublikken.no\/index.php\/2025\/09\/25\/ingen-tredje-verdenskrig-ved-portene\/#primaryimage\"},\"thumbnailUrl\":\"https:\/\/nordnesrepublikken.no\/wp-content\/uploads\/2025\/09\/1758797416_Ingen-tredje-verdenskrig-ved-portene-scaled.jpg\",\"keywords\":[\"ingen\",\"portene\",\"tredje\",\"ved\",\"verdenskrig\"],\"articleSection\":[\"Politikk\"],\"inLanguage\":\"nb-NO\"},{\"@type\":\"WebPage\",\"@id\":\"https:\/\/nordnesrepublikken.no\/index.php\/2025\/09\/25\/ingen-tredje-verdenskrig-ved-portene\/\",\"url\":\"https:\/\/nordnesrepublikken.no\/index.php\/2025\/09\/25\/ingen-tredje-verdenskrig-ved-portene\/\",\"name\":\"Ingen \\\"tredje verdenskrig\\\" ved portene - Nordnesrepublikken\",\"isPartOf\":{\"@id\":\"https:\/\/nordnesrepublikken.no\/#website\"},\"primaryImageOfPage\":{\"@id\":\"https:\/\/nordnesrepublikken.no\/index.php\/2025\/09\/25\/ingen-tredje-verdenskrig-ved-portene\/#primaryimage\"},\"image\":{\"@id\":\"https:\/\/nordnesrepublikken.no\/index.php\/2025\/09\/25\/ingen-tredje-verdenskrig-ved-portene\/#primaryimage\"},\"thumbnailUrl\":\"https:\/\/nordnesrepublikken.no\/wp-content\/uploads\/2025\/09\/1758797416_Ingen-tredje-verdenskrig-ved-portene-scaled.jpg\",\"datePublished\":\"2025-09-25T10:50:15+00:00\",\"dateModified\":\"2025-09-25T10:50:25+00:00\",\"breadcrumb\":{\"@id\":\"https:\/\/nordnesrepublikken.no\/index.php\/2025\/09\/25\/ingen-tredje-verdenskrig-ved-portene\/#breadcrumb\"},\"inLanguage\":\"nb-NO\",\"potentialAction\":[{\"@type\":\"ReadAction\",\"target\":[\"https:\/\/nordnesrepublikken.no\/index.php\/2025\/09\/25\/ingen-tredje-verdenskrig-ved-portene\/\"]}]},{\"@type\":\"ImageObject\",\"inLanguage\":\"nb-NO\",\"@id\":\"https:\/\/nordnesrepublikken.no\/index.php\/2025\/09\/25\/ingen-tredje-verdenskrig-ved-portene\/#primaryimage\",\"url\":\"https:\/\/nordnesrepublikken.no\/wp-content\/uploads\/2025\/09\/1758797416_Ingen-tredje-verdenskrig-ved-portene-scaled.jpg\",\"contentUrl\":\"https:\/\/nordnesrepublikken.no\/wp-content\/uploads\/2025\/09\/1758797416_Ingen-tredje-verdenskrig-ved-portene-scaled.jpg\",\"width\":2560,\"height\":1920,\"caption\":\"Ingen \\\"tredje verdenskrig\\\" ved portene\"},{\"@type\":\"BreadcrumbList\",\"@id\":\"https:\/\/nordnesrepublikken.no\/index.php\/2025\/09\/25\/ingen-tredje-verdenskrig-ved-portene\/#breadcrumb\",\"itemListElement\":[{\"@type\":\"ListItem\",\"position\":1,\"name\":\"Home\",\"item\":\"https:\/\/nordnesrepublikken.no\/\"},{\"@type\":\"ListItem\",\"position\":2,\"name\":\"Ingen &laquo;tredje verdenskrig&raquo; ved portene\"}]},{\"@type\":\"WebSite\",\"@id\":\"https:\/\/nordnesrepublikken.no\/#website\",\"url\":\"https:\/\/nordnesrepublikken.no\/\",\"name\":\"Nordnesrepublikken\",\"description\":\"Stemmer og Visjoner fra Republikkens Hjerte\",\"publisher\":{\"@id\":\"https:\/\/nordnesrepublikken.no\/#organization\"},\"potentialAction\":[{\"@type\":\"SearchAction\",\"target\":{\"@type\":\"EntryPoint\",\"urlTemplate\":\"https:\/\/nordnesrepublikken.no\/?s={search_term_string}\"},\"query-input\":{\"@type\":\"PropertyValueSpecification\",\"valueRequired\":true,\"valueName\":\"search_term_string\"}}],\"inLanguage\":\"nb-NO\"},{\"@type\":\"Organization\",\"@id\":\"https:\/\/nordnesrepublikken.no\/#organization\",\"name\":\"Nordnesrepublikken\",\"url\":\"https:\/\/nordnesrepublikken.no\/\",\"logo\":{\"@type\":\"ImageObject\",\"inLanguage\":\"nb-NO\",\"@id\":\"https:\/\/nordnesrepublikken.no\/#\/schema\/logo\/image\/\",\"url\":\"https:\/\/nordnesrepublikken.no\/wp-content\/uploads\/2025\/02\/cropped-nordnesrepublikken-2.png\",\"contentUrl\":\"https:\/\/nordnesrepublikken.no\/wp-content\/uploads\/2025\/02\/cropped-nordnesrepublikken-2.png\",\"width\":1248,\"height\":362,\"caption\":\"Nordnesrepublikken\"},\"image\":{\"@id\":\"https:\/\/nordnesrepublikken.no\/#\/schema\/logo\/image\/\"}},{\"@type\":\"Person\",\"@id\":\"https:\/\/nordnesrepublikken.no\/#\/schema\/person\/2e7e81935bab77882fffb79296240ff1\",\"name\":\"Ole Andersen\",\"image\":{\"@type\":\"ImageObject\",\"inLanguage\":\"nb-NO\",\"@id\":\"https:\/\/nordnesrepublikken.no\/#\/schema\/person\/image\/\",\"url\":\"https:\/\/nordnesrepublikken.no\/wp-content\/uploads\/2025\/02\/nordnesrepublikken-2-2-150x150.jpg\",\"contentUrl\":\"https:\/\/nordnesrepublikken.no\/wp-content\/uploads\/2025\/02\/nordnesrepublikken-2-2-150x150.jpg\",\"caption\":\"Ole Andersen\"},\"description\":\"Ettersom jeg vokste opp i Oslo, har jeg alltid v\u00e6rt fascinert av ordenes kraft og deres evne til \u00e5 skape endringer. Etter \u00e5 ha fullf\u00f8rt min utdannelse i kommunikasjon ved Universitetet i Bergen, fikk jeg muligheten til \u00e5 jobbe innen ulike medier, der jeg har s\u00f8kt \u00e5 belyse viktige samfunnssp\u00f8rsm\u00e5l. I dag, som redakt\u00f8r for Nordnesrepublikken, pr\u00f8ver jeg \u00e5 forene min kj\u00e6rlighet for journalistikk med min lidenskap for innovasjon og eventyr.\",\"sameAs\":[\"https:\/\/nordnesrepublikken.no\/\"]}]}<\/script>\n<!-- \/ Yoast SEO plugin. -->","yoast_head_json":{"title":"Ingen \"tredje verdenskrig\" ved portene - Nordnesrepublikken","robots":{"index":"index","follow":"follow","max-snippet":"max-snippet:-1","max-image-preview":"max-image-preview:large","max-video-preview":"max-video-preview:-1"},"canonical":"https:\/\/nordnesrepublikken.no\/index.php\/2025\/09\/25\/ingen-tredje-verdenskrig-ved-portene\/","og_locale":"nb_NO","og_type":"article","og_title":"Ingen \"tredje verdenskrig\" ved portene - Nordnesrepublikken","og_description":"Han gjorde et nylig intervju med Daily Mail av den britiske generalen Richard Shiroffen h\u00f8y","og_url":"https:\/\/nordnesrepublikken.no\/index.php\/2025\/09\/25\/ingen-tredje-verdenskrig-ved-portene\/","og_site_name":"Nordnesrepublikken","article_published_time":"2025-09-25T10:50:15+00:00","article_modified_time":"2025-09-25T10:50:25+00:00","og_image":[{"width":2560,"height":1920,"url":"https:\/\/nordnesrepublikken.no\/wp-content\/uploads\/2025\/09\/1758797416_Ingen-tredje-verdenskrig-ved-portene-scaled.jpg","type":"image\/jpeg"}],"author":"Ole Andersen","twitter_card":"summary_large_image","twitter_misc":{"Skrevet av":"Ole Andersen","Ansl. lesetid":"4 minutter"},"schema":{"@context":"https:\/\/schema.org","@graph":[{"@type":"Article","@id":"https:\/\/nordnesrepublikken.no\/index.php\/2025\/09\/25\/ingen-tredje-verdenskrig-ved-portene\/#article","isPartOf":{"@id":"https:\/\/nordnesrepublikken.no\/index.php\/2025\/09\/25\/ingen-tredje-verdenskrig-ved-portene\/"},"author":{"name":"Ole Andersen","@id":"https:\/\/nordnesrepublikken.no\/#\/schema\/person\/2e7e81935bab77882fffb79296240ff1"},"headline":"Ingen &laquo;tredje verdenskrig&raquo; ved portene","datePublished":"2025-09-25T10:50:15+00:00","dateModified":"2025-09-25T10:50:25+00:00","mainEntityOfPage":{"@id":"https:\/\/nordnesrepublikken.no\/index.php\/2025\/09\/25\/ingen-tredje-verdenskrig-ved-portene\/"},"wordCount":819,"publisher":{"@id":"https:\/\/nordnesrepublikken.no\/#organization"},"image":{"@id":"https:\/\/nordnesrepublikken.no\/index.php\/2025\/09\/25\/ingen-tredje-verdenskrig-ved-portene\/#primaryimage"},"thumbnailUrl":"https:\/\/nordnesrepublikken.no\/wp-content\/uploads\/2025\/09\/1758797416_Ingen-tredje-verdenskrig-ved-portene-scaled.jpg","keywords":["ingen","portene","tredje","ved","verdenskrig"],"articleSection":["Politikk"],"inLanguage":"nb-NO"},{"@type":"WebPage","@id":"https:\/\/nordnesrepublikken.no\/index.php\/2025\/09\/25\/ingen-tredje-verdenskrig-ved-portene\/","url":"https:\/\/nordnesrepublikken.no\/index.php\/2025\/09\/25\/ingen-tredje-verdenskrig-ved-portene\/","name":"Ingen \"tredje verdenskrig\" ved portene - Nordnesrepublikken","isPartOf":{"@id":"https:\/\/nordnesrepublikken.no\/#website"},"primaryImageOfPage":{"@id":"https:\/\/nordnesrepublikken.no\/index.php\/2025\/09\/25\/ingen-tredje-verdenskrig-ved-portene\/#primaryimage"},"image":{"@id":"https:\/\/nordnesrepublikken.no\/index.php\/2025\/09\/25\/ingen-tredje-verdenskrig-ved-portene\/#primaryimage"},"thumbnailUrl":"https:\/\/nordnesrepublikken.no\/wp-content\/uploads\/2025\/09\/1758797416_Ingen-tredje-verdenskrig-ved-portene-scaled.jpg","datePublished":"2025-09-25T10:50:15+00:00","dateModified":"2025-09-25T10:50:25+00:00","breadcrumb":{"@id":"https:\/\/nordnesrepublikken.no\/index.php\/2025\/09\/25\/ingen-tredje-verdenskrig-ved-portene\/#breadcrumb"},"inLanguage":"nb-NO","potentialAction":[{"@type":"ReadAction","target":["https:\/\/nordnesrepublikken.no\/index.php\/2025\/09\/25\/ingen-tredje-verdenskrig-ved-portene\/"]}]},{"@type":"ImageObject","inLanguage":"nb-NO","@id":"https:\/\/nordnesrepublikken.no\/index.php\/2025\/09\/25\/ingen-tredje-verdenskrig-ved-portene\/#primaryimage","url":"https:\/\/nordnesrepublikken.no\/wp-content\/uploads\/2025\/09\/1758797416_Ingen-tredje-verdenskrig-ved-portene-scaled.jpg","contentUrl":"https:\/\/nordnesrepublikken.no\/wp-content\/uploads\/2025\/09\/1758797416_Ingen-tredje-verdenskrig-ved-portene-scaled.jpg","width":2560,"height":1920,"caption":"Ingen \"tredje verdenskrig\" ved portene"},{"@type":"BreadcrumbList","@id":"https:\/\/nordnesrepublikken.no\/index.php\/2025\/09\/25\/ingen-tredje-verdenskrig-ved-portene\/#breadcrumb","itemListElement":[{"@type":"ListItem","position":1,"name":"Home","item":"https:\/\/nordnesrepublikken.no\/"},{"@type":"ListItem","position":2,"name":"Ingen &laquo;tredje verdenskrig&raquo; ved portene"}]},{"@type":"WebSite","@id":"https:\/\/nordnesrepublikken.no\/#website","url":"https:\/\/nordnesrepublikken.no\/","name":"Nordnesrepublikken","description":"Stemmer og Visjoner fra Republikkens Hjerte","publisher":{"@id":"https:\/\/nordnesrepublikken.no\/#organization"},"potentialAction":[{"@type":"SearchAction","target":{"@type":"EntryPoint","urlTemplate":"https:\/\/nordnesrepublikken.no\/?s={search_term_string}"},"query-input":{"@type":"PropertyValueSpecification","valueRequired":true,"valueName":"search_term_string"}}],"inLanguage":"nb-NO"},{"@type":"Organization","@id":"https:\/\/nordnesrepublikken.no\/#organization","name":"Nordnesrepublikken","url":"https:\/\/nordnesrepublikken.no\/","logo":{"@type":"ImageObject","inLanguage":"nb-NO","@id":"https:\/\/nordnesrepublikken.no\/#\/schema\/logo\/image\/","url":"https:\/\/nordnesrepublikken.no\/wp-content\/uploads\/2025\/02\/cropped-nordnesrepublikken-2.png","contentUrl":"https:\/\/nordnesrepublikken.no\/wp-content\/uploads\/2025\/02\/cropped-nordnesrepublikken-2.png","width":1248,"height":362,"caption":"Nordnesrepublikken"},"image":{"@id":"https:\/\/nordnesrepublikken.no\/#\/schema\/logo\/image\/"}},{"@type":"Person","@id":"https:\/\/nordnesrepublikken.no\/#\/schema\/person\/2e7e81935bab77882fffb79296240ff1","name":"Ole Andersen","image":{"@type":"ImageObject","inLanguage":"nb-NO","@id":"https:\/\/nordnesrepublikken.no\/#\/schema\/person\/image\/","url":"https:\/\/nordnesrepublikken.no\/wp-content\/uploads\/2025\/02\/nordnesrepublikken-2-2-150x150.jpg","contentUrl":"https:\/\/nordnesrepublikken.no\/wp-content\/uploads\/2025\/02\/nordnesrepublikken-2-2-150x150.jpg","caption":"Ole Andersen"},"description":"Ettersom jeg vokste opp i Oslo, har jeg alltid v\u00e6rt fascinert av ordenes kraft og deres evne til \u00e5 skape endringer. Etter \u00e5 ha fullf\u00f8rt min utdannelse i kommunikasjon ved Universitetet i Bergen, fikk jeg muligheten til \u00e5 jobbe innen ulike medier, der jeg har s\u00f8kt \u00e5 belyse viktige samfunnssp\u00f8rsm\u00e5l. I dag, som redakt\u00f8r for Nordnesrepublikken, pr\u00f8ver jeg \u00e5 forene min kj\u00e6rlighet for journalistikk med min lidenskap for innovasjon og eventyr.","sameAs":["https:\/\/nordnesrepublikken.no\/"]}]}},"_links":{"self":[{"href":"https:\/\/nordnesrepublikken.no\/index.php\/wp-json\/wp\/v2\/posts\/9953","targetHints":{"allow":["GET"]}}],"collection":[{"href":"https:\/\/nordnesrepublikken.no\/index.php\/wp-json\/wp\/v2\/posts"}],"about":[{"href":"https:\/\/nordnesrepublikken.no\/index.php\/wp-json\/wp\/v2\/types\/post"}],"author":[{"embeddable":true,"href":"https:\/\/nordnesrepublikken.no\/index.php\/wp-json\/wp\/v2\/users\/1"}],"replies":[{"embeddable":true,"href":"https:\/\/nordnesrepublikken.no\/index.php\/wp-json\/wp\/v2\/comments?post=9953"}],"version-history":[{"count":1,"href":"https:\/\/nordnesrepublikken.no\/index.php\/wp-json\/wp\/v2\/posts\/9953\/revisions"}],"predecessor-version":[{"id":9955,"href":"https:\/\/nordnesrepublikken.no\/index.php\/wp-json\/wp\/v2\/posts\/9953\/revisions\/9955"}],"wp:featuredmedia":[{"embeddable":true,"href":"https:\/\/nordnesrepublikken.no\/index.php\/wp-json\/wp\/v2\/media\/9954"}],"wp:attachment":[{"href":"https:\/\/nordnesrepublikken.no\/index.php\/wp-json\/wp\/v2\/media?parent=9953"}],"wp:term":[{"taxonomy":"category","embeddable":true,"href":"https:\/\/nordnesrepublikken.no\/index.php\/wp-json\/wp\/v2\/categories?post=9953"},{"taxonomy":"post_tag","embeddable":true,"href":"https:\/\/nordnesrepublikken.no\/index.php\/wp-json\/wp\/v2\/tags?post=9953"}],"curies":[{"name":"wp","href":"https:\/\/api.w.org\/{rel}","templated":true}]}}