{"id":9944,"date":"2025-09-25T09:49:44","date_gmt":"2025-09-25T07:49:44","guid":{"rendered":"https:\/\/nordnesrepublikken.no\/index.php\/2025\/09\/25\/polestar-5-performance-grand-tourer-avslort-offisielt\/"},"modified":"2025-09-25T09:49:45","modified_gmt":"2025-09-25T07:49:45","slug":"polestar-5-performance-grand-tourer-avslort-offisielt","status":"publish","type":"post","link":"https:\/\/nordnesrepublikken.no\/index.php\/2025\/09\/25\/polestar-5-performance-grand-tourer-avslort-offisielt\/","title":{"rendered":"Polestar 5 Performance Grand Tourer avsl\u00f8rt offisielt"},"content":{"rendered":"<p><\/p>\n<div class=\"wordpress-content\">\n                    <!-- Article Start --><\/p>\n<p><strong>Polestar, det \u00f8kende popul\u00e6re svenske elektriske bilmerket har avsl\u00f8rt sin nye Polestar 5-modell, en fire-d\u00f8rs forestilling Grand Tourer. Opprettet og designet fra resept -konseptbilen, f\u00f8rst avduket i 2020 Polestar 5 er at Future Vision realiserte i produksjonen. Som med andre Polestar -modeller er det noen uvanlige funksjoner, for eksempel et virtuelt bakvindu.<\/strong><\/p>\n<p><span id=\"more-544932\"><\/span><\/p>\n<p>Polestar Design-teamet utvikler en forskriftsbil i produksjon med minimale endringer, og har skapt en 5-meter lang grand Tourer-slank taklinje. Polestar 5 bruker det digitale bakspeilet og det virtuelle bakvinduet som p\u00e5 Polestar 4. Polestar 5 har ogs\u00e5 det st\u00f8rste panoramiske glasstaket til en hvilken som helst Polestar s\u00e5 langt-p\u00e5 litt over 2 meter lang.<\/p>\n<div class=\"sra_unit\"><link rel=\"stylesheet\" id=\"block-sra\" href=\"https:\/\/euroweeklynews.com\/wp-content\/plugins\/snack-related-articles\/dist\/css\/snack-related.min.css?250312-193541\" type=\"text\/css\" media=\"all\">\n<\/div>\n<p>Innvendig er de 4+1 sete elektriske ytelsen GT forsetene designet i samarbeid med Recaro og kommer ferdig i kullmikroteknisk som standard eller valgfri bro av Weir Nappa Leather.<\/p>\n<p>Baserte sete passasjerer er designet f\u00f8rst og fremst som en fireseter baksete-passasjerer, kan kontrollere firesonesystemet, seteoppvarming, ventilasjon og massasjefunksjoner. Disse baksetene f\u00f8lger samme formutforming som Recaro -frontene og kan v\u00e6re individuelt liggende for komfort.<\/p>\n<p>Bremsing er h\u00f8flighet av Brembo fire-stempel-kalliper foran, som deles med Polestar 3, men i kombinasjon med de lette 400 mm todelte platene, sparer 12 kg over systemet i SUV-s\u00f8sken, og forbedrer un-spredt masse og h\u00e5ndtering.<\/p>\n<p>Den doble motoren har sofistikerte BWI -passive spjeld og indre rebound -spiralfj\u00e6rer, mens Polestar 5 -ytelsen bruker BWI Magneride adaptiv demping. Demperne leste veien opp til 1000 ganger per sekund og kan reagere innen tre millisekunder takket v\u00e6re magnetorologisk v\u00e6ske.<\/p>\n<p>Polestar 5 sysselsetter en egen utviklet elektrisk bakmotor som bidrar med opptil 450 kW og 660nm til Polestar 5-ytelsen p\u00e5 650 kW og 1.015nm total effekt. Dette gj\u00f8r at Polestar 5-ytelsen kan akselerere fra 0-60 mph p\u00e5 bare 3,1 sekunder, mens 550kW Polestar 5 dobbeltmotor tar bare 3,8 sekunder \u00e5 fullf\u00f8re den samme testen. Begge versjoner er elektronisk begrenset til 155 mph.<\/p>\n<p>Polestar 5 Dual Motor Launch Edition er tilgjengelig for bestilling n\u00e5, og er priset fra \u20ac 103 154\/\u00a3 89 500. Polestar 5 Performance Launch Edition (650kW, 1.015nm) er tilgjengelig fra \u20ac 120.903\/\u00a3 104.900.<\/p>\n<p>                    <!-- This article has been originally published at https:\/\/euroweeklynews.com\/2025\/09\/24\/polestar-5-performance-grand-tourer-officially-revealed\/ on 24 Sep 2025 at 17:36 by Mark Slack --><br \/>\n                    <!-- Article End -->\n                <\/div>\n","protected":false},"excerpt":{"rendered":"<p>Polestar, det \u00f8kende popul\u00e6re svenske elektriske bilmerket har avsl\u00f8rt sin nye Polestar 5-modell, en fire-d\u00f8rs<\/p>\n","protected":false},"author":1,"featured_media":9945,"comment_status":"closed","ping_status":"open","sticky":false,"template":"","format":"standard","meta":{"footnotes":""},"categories":[105],"tags":[3884,1780,6511,6509,6508,6510],"class_list":["post-9944","post","type-post","status-publish","format-standard","has-post-thumbnail","hentry","category-livsstil","tag-avslort","tag-grand","tag-offisielt","tag-performance","tag-polestar","tag-tourer","generate-columns","tablet-grid-50","mobile-grid-100","grid-parent","grid-33","resize-featured-image"],"yoast_head":"<!-- This site is optimized with the Yoast SEO plugin v24.4 - https:\/\/yoast.com\/wordpress\/plugins\/seo\/ -->\n<title>Polestar 5 Performance Grand Tourer avsl\u00f8rt offisielt - Nordnesrepublikken<\/title>\n<meta name=\"robots\" content=\"index, follow, max-snippet:-1, max-image-preview:large, max-video-preview:-1\" \/>\n<link rel=\"canonical\" href=\"https:\/\/nordnesrepublikken.no\/index.php\/2025\/09\/25\/polestar-5-performance-grand-tourer-avslort-offisielt\/\" \/>\n<meta property=\"og:locale\" content=\"nb_NO\" \/>\n<meta property=\"og:type\" content=\"article\" \/>\n<meta property=\"og:title\" content=\"Polestar 5 Performance Grand Tourer avsl\u00f8rt offisielt - Nordnesrepublikken\" \/>\n<meta property=\"og:description\" content=\"Polestar, det \u00f8kende popul\u00e6re svenske elektriske bilmerket har avsl\u00f8rt sin nye Polestar 5-modell, en fire-d\u00f8rs\" \/>\n<meta property=\"og:url\" content=\"https:\/\/nordnesrepublikken.no\/index.php\/2025\/09\/25\/polestar-5-performance-grand-tourer-avslort-offisielt\/\" \/>\n<meta property=\"og:site_name\" content=\"Nordnesrepublikken\" \/>\n<meta property=\"article:published_time\" content=\"2025-09-25T07:49:44+00:00\" \/>\n<meta property=\"article:modified_time\" content=\"2025-09-25T07:49:45+00:00\" \/>\n<meta property=\"og:image\" content=\"https:\/\/nordnesrepublikken.no\/wp-content\/uploads\/2025\/09\/1758786585_Polestar-5-Performance-Grand-Tourer-avslort-offisielt.jpg\" \/>\n\t<meta property=\"og:image:width\" content=\"1200\" \/>\n\t<meta property=\"og:image:height\" content=\"665\" \/>\n\t<meta property=\"og:image:type\" content=\"image\/jpeg\" \/>\n<meta name=\"author\" content=\"Ole Andersen\" \/>\n<meta name=\"twitter:card\" content=\"summary_large_image\" \/>\n<meta name=\"twitter:label1\" content=\"Skrevet av\" \/>\n\t<meta name=\"twitter:data1\" content=\"Ole Andersen\" \/>\n\t<meta name=\"twitter:label2\" content=\"Ansl. lesetid\" \/>\n\t<meta name=\"twitter:data2\" content=\"2 minutter\" \/>\n<script type=\"application\/ld+json\" class=\"yoast-schema-graph\">{\"@context\":\"https:\/\/schema.org\",\"@graph\":[{\"@type\":\"Article\",\"@id\":\"https:\/\/nordnesrepublikken.no\/index.php\/2025\/09\/25\/polestar-5-performance-grand-tourer-avslort-offisielt\/#article\",\"isPartOf\":{\"@id\":\"https:\/\/nordnesrepublikken.no\/index.php\/2025\/09\/25\/polestar-5-performance-grand-tourer-avslort-offisielt\/\"},\"author\":{\"name\":\"Ole Andersen\",\"@id\":\"https:\/\/nordnesrepublikken.no\/#\/schema\/person\/2e7e81935bab77882fffb79296240ff1\"},\"headline\":\"Polestar 5 Performance Grand Tourer avsl\u00f8rt offisielt\",\"datePublished\":\"2025-09-25T07:49:44+00:00\",\"dateModified\":\"2025-09-25T07:49:45+00:00\",\"mainEntityOfPage\":{\"@id\":\"https:\/\/nordnesrepublikken.no\/index.php\/2025\/09\/25\/polestar-5-performance-grand-tourer-avslort-offisielt\/\"},\"wordCount\":331,\"publisher\":{\"@id\":\"https:\/\/nordnesrepublikken.no\/#organization\"},\"image\":{\"@id\":\"https:\/\/nordnesrepublikken.no\/index.php\/2025\/09\/25\/polestar-5-performance-grand-tourer-avslort-offisielt\/#primaryimage\"},\"thumbnailUrl\":\"https:\/\/nordnesrepublikken.no\/wp-content\/uploads\/2025\/09\/1758786585_Polestar-5-Performance-Grand-Tourer-avslort-offisielt.jpg\",\"keywords\":[\"avsl\u00f8rt\",\"Grand\",\"offisielt\",\"Performance\",\"Polestar\",\"Tourer\"],\"articleSection\":[\"Livsstil\"],\"inLanguage\":\"nb-NO\"},{\"@type\":\"WebPage\",\"@id\":\"https:\/\/nordnesrepublikken.no\/index.php\/2025\/09\/25\/polestar-5-performance-grand-tourer-avslort-offisielt\/\",\"url\":\"https:\/\/nordnesrepublikken.no\/index.php\/2025\/09\/25\/polestar-5-performance-grand-tourer-avslort-offisielt\/\",\"name\":\"Polestar 5 Performance Grand Tourer avsl\u00f8rt offisielt - Nordnesrepublikken\",\"isPartOf\":{\"@id\":\"https:\/\/nordnesrepublikken.no\/#website\"},\"primaryImageOfPage\":{\"@id\":\"https:\/\/nordnesrepublikken.no\/index.php\/2025\/09\/25\/polestar-5-performance-grand-tourer-avslort-offisielt\/#primaryimage\"},\"image\":{\"@id\":\"https:\/\/nordnesrepublikken.no\/index.php\/2025\/09\/25\/polestar-5-performance-grand-tourer-avslort-offisielt\/#primaryimage\"},\"thumbnailUrl\":\"https:\/\/nordnesrepublikken.no\/wp-content\/uploads\/2025\/09\/1758786585_Polestar-5-Performance-Grand-Tourer-avslort-offisielt.jpg\",\"datePublished\":\"2025-09-25T07:49:44+00:00\",\"dateModified\":\"2025-09-25T07:49:45+00:00\",\"breadcrumb\":{\"@id\":\"https:\/\/nordnesrepublikken.no\/index.php\/2025\/09\/25\/polestar-5-performance-grand-tourer-avslort-offisielt\/#breadcrumb\"},\"inLanguage\":\"nb-NO\",\"potentialAction\":[{\"@type\":\"ReadAction\",\"target\":[\"https:\/\/nordnesrepublikken.no\/index.php\/2025\/09\/25\/polestar-5-performance-grand-tourer-avslort-offisielt\/\"]}]},{\"@type\":\"ImageObject\",\"inLanguage\":\"nb-NO\",\"@id\":\"https:\/\/nordnesrepublikken.no\/index.php\/2025\/09\/25\/polestar-5-performance-grand-tourer-avslort-offisielt\/#primaryimage\",\"url\":\"https:\/\/nordnesrepublikken.no\/wp-content\/uploads\/2025\/09\/1758786585_Polestar-5-Performance-Grand-Tourer-avslort-offisielt.jpg\",\"contentUrl\":\"https:\/\/nordnesrepublikken.no\/wp-content\/uploads\/2025\/09\/1758786585_Polestar-5-Performance-Grand-Tourer-avslort-offisielt.jpg\",\"width\":1200,\"height\":665,\"caption\":\"Polestar 5 Performance Grand Tourer avsl\u00f8rt offisielt\"},{\"@type\":\"BreadcrumbList\",\"@id\":\"https:\/\/nordnesrepublikken.no\/index.php\/2025\/09\/25\/polestar-5-performance-grand-tourer-avslort-offisielt\/#breadcrumb\",\"itemListElement\":[{\"@type\":\"ListItem\",\"position\":1,\"name\":\"Home\",\"item\":\"https:\/\/nordnesrepublikken.no\/\"},{\"@type\":\"ListItem\",\"position\":2,\"name\":\"Polestar 5 Performance Grand Tourer avsl\u00f8rt offisielt\"}]},{\"@type\":\"WebSite\",\"@id\":\"https:\/\/nordnesrepublikken.no\/#website\",\"url\":\"https:\/\/nordnesrepublikken.no\/\",\"name\":\"Nordnesrepublikken\",\"description\":\"Stemmer og Visjoner fra Republikkens Hjerte\",\"publisher\":{\"@id\":\"https:\/\/nordnesrepublikken.no\/#organization\"},\"potentialAction\":[{\"@type\":\"SearchAction\",\"target\":{\"@type\":\"EntryPoint\",\"urlTemplate\":\"https:\/\/nordnesrepublikken.no\/?s={search_term_string}\"},\"query-input\":{\"@type\":\"PropertyValueSpecification\",\"valueRequired\":true,\"valueName\":\"search_term_string\"}}],\"inLanguage\":\"nb-NO\"},{\"@type\":\"Organization\",\"@id\":\"https:\/\/nordnesrepublikken.no\/#organization\",\"name\":\"Nordnesrepublikken\",\"url\":\"https:\/\/nordnesrepublikken.no\/\",\"logo\":{\"@type\":\"ImageObject\",\"inLanguage\":\"nb-NO\",\"@id\":\"https:\/\/nordnesrepublikken.no\/#\/schema\/logo\/image\/\",\"url\":\"https:\/\/nordnesrepublikken.no\/wp-content\/uploads\/2025\/02\/cropped-nordnesrepublikken-2.png\",\"contentUrl\":\"https:\/\/nordnesrepublikken.no\/wp-content\/uploads\/2025\/02\/cropped-nordnesrepublikken-2.png\",\"width\":1248,\"height\":362,\"caption\":\"Nordnesrepublikken\"},\"image\":{\"@id\":\"https:\/\/nordnesrepublikken.no\/#\/schema\/logo\/image\/\"}},{\"@type\":\"Person\",\"@id\":\"https:\/\/nordnesrepublikken.no\/#\/schema\/person\/2e7e81935bab77882fffb79296240ff1\",\"name\":\"Ole Andersen\",\"image\":{\"@type\":\"ImageObject\",\"inLanguage\":\"nb-NO\",\"@id\":\"https:\/\/nordnesrepublikken.no\/#\/schema\/person\/image\/\",\"url\":\"https:\/\/nordnesrepublikken.no\/wp-content\/uploads\/2025\/02\/nordnesrepublikken-2-2-150x150.jpg\",\"contentUrl\":\"https:\/\/nordnesrepublikken.no\/wp-content\/uploads\/2025\/02\/nordnesrepublikken-2-2-150x150.jpg\",\"caption\":\"Ole Andersen\"},\"description\":\"Ettersom jeg vokste opp i Oslo, har jeg alltid v\u00e6rt fascinert av ordenes kraft og deres evne til \u00e5 skape endringer. Etter \u00e5 ha fullf\u00f8rt min utdannelse i kommunikasjon ved Universitetet i Bergen, fikk jeg muligheten til \u00e5 jobbe innen ulike medier, der jeg har s\u00f8kt \u00e5 belyse viktige samfunnssp\u00f8rsm\u00e5l. I dag, som redakt\u00f8r for Nordnesrepublikken, pr\u00f8ver jeg \u00e5 forene min kj\u00e6rlighet for journalistikk med min lidenskap for innovasjon og eventyr.\",\"sameAs\":[\"https:\/\/nordnesrepublikken.no\/\"]}]}<\/script>\n<!-- \/ Yoast SEO plugin. -->","yoast_head_json":{"title":"Polestar 5 Performance Grand Tourer avsl\u00f8rt offisielt - Nordnesrepublikken","robots":{"index":"index","follow":"follow","max-snippet":"max-snippet:-1","max-image-preview":"max-image-preview:large","max-video-preview":"max-video-preview:-1"},"canonical":"https:\/\/nordnesrepublikken.no\/index.php\/2025\/09\/25\/polestar-5-performance-grand-tourer-avslort-offisielt\/","og_locale":"nb_NO","og_type":"article","og_title":"Polestar 5 Performance Grand Tourer avsl\u00f8rt offisielt - Nordnesrepublikken","og_description":"Polestar, det \u00f8kende popul\u00e6re svenske elektriske bilmerket har avsl\u00f8rt sin nye Polestar 5-modell, en fire-d\u00f8rs","og_url":"https:\/\/nordnesrepublikken.no\/index.php\/2025\/09\/25\/polestar-5-performance-grand-tourer-avslort-offisielt\/","og_site_name":"Nordnesrepublikken","article_published_time":"2025-09-25T07:49:44+00:00","article_modified_time":"2025-09-25T07:49:45+00:00","og_image":[{"width":1200,"height":665,"url":"https:\/\/nordnesrepublikken.no\/wp-content\/uploads\/2025\/09\/1758786585_Polestar-5-Performance-Grand-Tourer-avslort-offisielt.jpg","type":"image\/jpeg"}],"author":"Ole Andersen","twitter_card":"summary_large_image","twitter_misc":{"Skrevet av":"Ole Andersen","Ansl. lesetid":"2 minutter"},"schema":{"@context":"https:\/\/schema.org","@graph":[{"@type":"Article","@id":"https:\/\/nordnesrepublikken.no\/index.php\/2025\/09\/25\/polestar-5-performance-grand-tourer-avslort-offisielt\/#article","isPartOf":{"@id":"https:\/\/nordnesrepublikken.no\/index.php\/2025\/09\/25\/polestar-5-performance-grand-tourer-avslort-offisielt\/"},"author":{"name":"Ole Andersen","@id":"https:\/\/nordnesrepublikken.no\/#\/schema\/person\/2e7e81935bab77882fffb79296240ff1"},"headline":"Polestar 5 Performance Grand Tourer avsl\u00f8rt offisielt","datePublished":"2025-09-25T07:49:44+00:00","dateModified":"2025-09-25T07:49:45+00:00","mainEntityOfPage":{"@id":"https:\/\/nordnesrepublikken.no\/index.php\/2025\/09\/25\/polestar-5-performance-grand-tourer-avslort-offisielt\/"},"wordCount":331,"publisher":{"@id":"https:\/\/nordnesrepublikken.no\/#organization"},"image":{"@id":"https:\/\/nordnesrepublikken.no\/index.php\/2025\/09\/25\/polestar-5-performance-grand-tourer-avslort-offisielt\/#primaryimage"},"thumbnailUrl":"https:\/\/nordnesrepublikken.no\/wp-content\/uploads\/2025\/09\/1758786585_Polestar-5-Performance-Grand-Tourer-avslort-offisielt.jpg","keywords":["avsl\u00f8rt","Grand","offisielt","Performance","Polestar","Tourer"],"articleSection":["Livsstil"],"inLanguage":"nb-NO"},{"@type":"WebPage","@id":"https:\/\/nordnesrepublikken.no\/index.php\/2025\/09\/25\/polestar-5-performance-grand-tourer-avslort-offisielt\/","url":"https:\/\/nordnesrepublikken.no\/index.php\/2025\/09\/25\/polestar-5-performance-grand-tourer-avslort-offisielt\/","name":"Polestar 5 Performance Grand Tourer avsl\u00f8rt offisielt - Nordnesrepublikken","isPartOf":{"@id":"https:\/\/nordnesrepublikken.no\/#website"},"primaryImageOfPage":{"@id":"https:\/\/nordnesrepublikken.no\/index.php\/2025\/09\/25\/polestar-5-performance-grand-tourer-avslort-offisielt\/#primaryimage"},"image":{"@id":"https:\/\/nordnesrepublikken.no\/index.php\/2025\/09\/25\/polestar-5-performance-grand-tourer-avslort-offisielt\/#primaryimage"},"thumbnailUrl":"https:\/\/nordnesrepublikken.no\/wp-content\/uploads\/2025\/09\/1758786585_Polestar-5-Performance-Grand-Tourer-avslort-offisielt.jpg","datePublished":"2025-09-25T07:49:44+00:00","dateModified":"2025-09-25T07:49:45+00:00","breadcrumb":{"@id":"https:\/\/nordnesrepublikken.no\/index.php\/2025\/09\/25\/polestar-5-performance-grand-tourer-avslort-offisielt\/#breadcrumb"},"inLanguage":"nb-NO","potentialAction":[{"@type":"ReadAction","target":["https:\/\/nordnesrepublikken.no\/index.php\/2025\/09\/25\/polestar-5-performance-grand-tourer-avslort-offisielt\/"]}]},{"@type":"ImageObject","inLanguage":"nb-NO","@id":"https:\/\/nordnesrepublikken.no\/index.php\/2025\/09\/25\/polestar-5-performance-grand-tourer-avslort-offisielt\/#primaryimage","url":"https:\/\/nordnesrepublikken.no\/wp-content\/uploads\/2025\/09\/1758786585_Polestar-5-Performance-Grand-Tourer-avslort-offisielt.jpg","contentUrl":"https:\/\/nordnesrepublikken.no\/wp-content\/uploads\/2025\/09\/1758786585_Polestar-5-Performance-Grand-Tourer-avslort-offisielt.jpg","width":1200,"height":665,"caption":"Polestar 5 Performance Grand Tourer avsl\u00f8rt offisielt"},{"@type":"BreadcrumbList","@id":"https:\/\/nordnesrepublikken.no\/index.php\/2025\/09\/25\/polestar-5-performance-grand-tourer-avslort-offisielt\/#breadcrumb","itemListElement":[{"@type":"ListItem","position":1,"name":"Home","item":"https:\/\/nordnesrepublikken.no\/"},{"@type":"ListItem","position":2,"name":"Polestar 5 Performance Grand Tourer avsl\u00f8rt offisielt"}]},{"@type":"WebSite","@id":"https:\/\/nordnesrepublikken.no\/#website","url":"https:\/\/nordnesrepublikken.no\/","name":"Nordnesrepublikken","description":"Stemmer og Visjoner fra Republikkens Hjerte","publisher":{"@id":"https:\/\/nordnesrepublikken.no\/#organization"},"potentialAction":[{"@type":"SearchAction","target":{"@type":"EntryPoint","urlTemplate":"https:\/\/nordnesrepublikken.no\/?s={search_term_string}"},"query-input":{"@type":"PropertyValueSpecification","valueRequired":true,"valueName":"search_term_string"}}],"inLanguage":"nb-NO"},{"@type":"Organization","@id":"https:\/\/nordnesrepublikken.no\/#organization","name":"Nordnesrepublikken","url":"https:\/\/nordnesrepublikken.no\/","logo":{"@type":"ImageObject","inLanguage":"nb-NO","@id":"https:\/\/nordnesrepublikken.no\/#\/schema\/logo\/image\/","url":"https:\/\/nordnesrepublikken.no\/wp-content\/uploads\/2025\/02\/cropped-nordnesrepublikken-2.png","contentUrl":"https:\/\/nordnesrepublikken.no\/wp-content\/uploads\/2025\/02\/cropped-nordnesrepublikken-2.png","width":1248,"height":362,"caption":"Nordnesrepublikken"},"image":{"@id":"https:\/\/nordnesrepublikken.no\/#\/schema\/logo\/image\/"}},{"@type":"Person","@id":"https:\/\/nordnesrepublikken.no\/#\/schema\/person\/2e7e81935bab77882fffb79296240ff1","name":"Ole Andersen","image":{"@type":"ImageObject","inLanguage":"nb-NO","@id":"https:\/\/nordnesrepublikken.no\/#\/schema\/person\/image\/","url":"https:\/\/nordnesrepublikken.no\/wp-content\/uploads\/2025\/02\/nordnesrepublikken-2-2-150x150.jpg","contentUrl":"https:\/\/nordnesrepublikken.no\/wp-content\/uploads\/2025\/02\/nordnesrepublikken-2-2-150x150.jpg","caption":"Ole Andersen"},"description":"Ettersom jeg vokste opp i Oslo, har jeg alltid v\u00e6rt fascinert av ordenes kraft og deres evne til \u00e5 skape endringer. Etter \u00e5 ha fullf\u00f8rt min utdannelse i kommunikasjon ved Universitetet i Bergen, fikk jeg muligheten til \u00e5 jobbe innen ulike medier, der jeg har s\u00f8kt \u00e5 belyse viktige samfunnssp\u00f8rsm\u00e5l. I dag, som redakt\u00f8r for Nordnesrepublikken, pr\u00f8ver jeg \u00e5 forene min kj\u00e6rlighet for journalistikk med min lidenskap for innovasjon og eventyr.","sameAs":["https:\/\/nordnesrepublikken.no\/"]}]}},"_links":{"self":[{"href":"https:\/\/nordnesrepublikken.no\/index.php\/wp-json\/wp\/v2\/posts\/9944","targetHints":{"allow":["GET"]}}],"collection":[{"href":"https:\/\/nordnesrepublikken.no\/index.php\/wp-json\/wp\/v2\/posts"}],"about":[{"href":"https:\/\/nordnesrepublikken.no\/index.php\/wp-json\/wp\/v2\/types\/post"}],"author":[{"embeddable":true,"href":"https:\/\/nordnesrepublikken.no\/index.php\/wp-json\/wp\/v2\/users\/1"}],"replies":[{"embeddable":true,"href":"https:\/\/nordnesrepublikken.no\/index.php\/wp-json\/wp\/v2\/comments?post=9944"}],"version-history":[{"count":1,"href":"https:\/\/nordnesrepublikken.no\/index.php\/wp-json\/wp\/v2\/posts\/9944\/revisions"}],"predecessor-version":[{"id":9946,"href":"https:\/\/nordnesrepublikken.no\/index.php\/wp-json\/wp\/v2\/posts\/9944\/revisions\/9946"}],"wp:featuredmedia":[{"embeddable":true,"href":"https:\/\/nordnesrepublikken.no\/index.php\/wp-json\/wp\/v2\/media\/9945"}],"wp:attachment":[{"href":"https:\/\/nordnesrepublikken.no\/index.php\/wp-json\/wp\/v2\/media?parent=9944"}],"wp:term":[{"taxonomy":"category","embeddable":true,"href":"https:\/\/nordnesrepublikken.no\/index.php\/wp-json\/wp\/v2\/categories?post=9944"},{"taxonomy":"post_tag","embeddable":true,"href":"https:\/\/nordnesrepublikken.no\/index.php\/wp-json\/wp\/v2\/tags?post=9944"}],"curies":[{"name":"wp","href":"https:\/\/api.w.org\/{rel}","templated":true}]}}