{"id":9935,"date":"2025-09-25T03:49:33","date_gmt":"2025-09-25T01:49:33","guid":{"rendered":"https:\/\/nordnesrepublikken.no\/index.php\/2025\/09\/25\/hvorfor-sier-du-beklager-for-franskmennene-opprinnelse-og-utvikling-av-betydningen\/"},"modified":"2025-09-25T03:49:34","modified_gmt":"2025-09-25T01:49:34","slug":"hvorfor-sier-du-beklager-for-franskmennene-opprinnelse-og-utvikling-av-betydningen","status":"publish","type":"post","link":"https:\/\/nordnesrepublikken.no\/index.php\/2025\/09\/25\/hvorfor-sier-du-beklager-for-franskmennene-opprinnelse-og-utvikling-av-betydningen\/","title":{"rendered":"Hvorfor sier du &laquo;Beklager for franskmennene&raquo;? Opprinnelse og utvikling av betydningen"},"content":{"rendered":"<div>\n<div class=\"cp_wrapper cp_wrapper--fw mb-30 mb-20@tablet\">\n<figure class=\"mm\"><picture class=\"img\" style=\"padding-top:56.25%\"><source  media=\"(min-width: 1024px)\"><source  media=\"(min-width: 768px)\"><\/source><\/source><\/picture><\/figure>\n<\/p><\/div>\n<p>I de mest opphetede samtalene er det ikke uvanlig \u00e5 bruke veldig uttrykk <b>fargerik<\/b>noen ganger til og med skurrende som <strong>D\u00e5rlige ord<\/strong>ledsager dem til uttrykket &laquo;<b>Tilgi franskismen<\/b>&laquo;. Men hvorfor knytte visse uttrykk med franskmennene? \u200b\u200bKall det&raquo; franskhet &raquo; <b>gir en sarkastisk tone <\/b>til ordet eller skurrede uttrykk som brukes, nettopp fordi de er assosiert med et spr\u00e5k som tradisjonelt blir ansett som kultivert og raffinert.<\/p>\n<p>Utviklingen av betydningen har fulgt to stier: Fra det nittende \u00e5rhundre ble uttrykket &laquo;Beklager for franskmennene&raquo; attesteret med en veldig annen betydning enn den n\u00e5v\u00e6rende. Det var faktisk en strategi som foredragsholderen rettferdiggjorde bruken av en ekte <b>Gallikk <\/b>eller a <b>konstruere <\/b>Fransk p\u00e5 italiensk, for eksempel <em>budsjett<\/em>, <em>meny<\/em>, <em>garasje,<\/em> eller hele <strong>Spr\u00e5klige kaster<\/strong>som <em>Mettre en leur faute<\/em> (&laquo;Sett inn galt&raquo;, skyld).<\/p>\n<p>Bare starter <strong>Fra begynnelsen av 2000 -tallet<\/strong>sannsynligvis takket v\u00e6re spredningen av medier og telekommunikasjon, har uttrykket f\u00e5tt den sarkastiske betydningen vi kjenner i dag. DE&#8217;<b>Semantisk evolusjon<\/b> Det har g\u00e5tt, fra &laquo;<em>Jeg bruker et ord p\u00e5 fransk som er den eneste som kan formidle informasjonen jeg vil gi, og tjener ogs\u00e5 til \u00e5 demonstrere min kultur<\/em>&laquo;EN&raquo;<em>Jeg bruker et upraktisk ord som stryker p\u00e5 en kultur som anses som raffinert og h\u00f8flig<\/em>&laquo;.<\/p>\n<p>Det er derfor en samtale dynamikk som foredragsholderen bevisst rapporterer at han har brutt en spr\u00e5klig regel &#8211; med enkle ord, bruken av et skittent ord. I f\u00f8lge filosofen <strong>Herbert Paul Grice<\/strong>denne mekanismen er basert p\u00e5 <strong>Samarbeidsprinsipp<\/strong>if\u00f8lge hvilken i en samtale oppriktigheten og relevansen av det som er sagt, er tatt for gitt. I denne sammenhengen kan det styge spr\u00e5ket ogs\u00e5 aksepteres av begge samtalepartnere. Med andre ord, takket v\u00e6re en &laquo;tilgi fransk&raquo;, l<strong>vulg\u00e6rt uttrykk blir dempet, brakt ned og gj\u00f8res sosialt mer ford\u00f8yelig<\/strong>unng\u00e5 \u00e5 v\u00e6re for upraktisk.<\/p>\n<p>Vi er ikke de eneste som kobler seg p\u00e5 nytt til s\u00f8skenbarnene til Alpene for \u00e5 rettferdiggj\u00f8re en <b>Samtalebrudd<\/b>: Selv britene, sterke av en historie med rivalisering og samtidig beundring mot fransk kultur, bruker uttrykket &laquo;<em>Tilgi min fench &laquo;<\/em>ogs\u00e5 allerede attesteret i det nittende \u00e5rhundre med bruk <b>sarkastisk<\/b>.<\/p>\n<p>&laquo;Beklager for fransk&raquo; er <strong>En spr\u00e5klig reversering som har utviklet seg over to \u00e5rhundrer<\/strong>: Fra enkel begrunnelse for bruk av et fransk ord til ironisk alibi for v\u00e5re banneord. En m\u00e5te \u00e5 si det som avsl\u00f8rer hvordan spr\u00e5k aldri er statiske, men de har det g\u00f8y \u00e5 undergrave betydningen, og paradoksalt nok har franskmennene, et symbol p\u00e5 foredling, hjelp oss \u00e5 gj\u00f8re selv den mest fargerike varetektet mer elegant.<\/p>\n<\/p><\/div>\n","protected":false},"excerpt":{"rendered":"<p>I de mest opphetede samtalene er det ikke uvanlig \u00e5 bruke veldig uttrykk fargeriknoen ganger<\/p>\n","protected":false},"author":1,"featured_media":9936,"comment_status":"closed","ping_status":"open","sticky":false,"template":"","format":"standard","meta":{"footnotes":""},"categories":[104],"tags":[6501,962,6502,101,1480,752,317],"class_list":["post-9935","post","type-post","status-publish","format-standard","has-post-thumbnail","hentry","category-samfunn","tag-beklager","tag-betydningen","tag-franskmennene","tag-hvorfor","tag-opprinnelse","tag-sier","tag-utvikling","generate-columns","tablet-grid-50","mobile-grid-100","grid-parent","grid-33","resize-featured-image"],"yoast_head":"<!-- This site is optimized with the Yoast SEO plugin v24.4 - https:\/\/yoast.com\/wordpress\/plugins\/seo\/ -->\n<title>Hvorfor sier du &quot;Beklager for franskmennene&quot;? Opprinnelse og utvikling av betydningen - Nordnesrepublikken<\/title>\n<meta name=\"robots\" content=\"index, follow, max-snippet:-1, max-image-preview:large, max-video-preview:-1\" \/>\n<link rel=\"canonical\" href=\"https:\/\/nordnesrepublikken.no\/index.php\/2025\/09\/25\/hvorfor-sier-du-beklager-for-franskmennene-opprinnelse-og-utvikling-av-betydningen\/\" \/>\n<meta property=\"og:locale\" content=\"nb_NO\" \/>\n<meta property=\"og:type\" content=\"article\" \/>\n<meta property=\"og:title\" content=\"Hvorfor sier du &quot;Beklager for franskmennene&quot;? Opprinnelse og utvikling av betydningen - Nordnesrepublikken\" \/>\n<meta property=\"og:description\" content=\"I de mest opphetede samtalene er det ikke uvanlig \u00e5 bruke veldig uttrykk fargeriknoen ganger\" \/>\n<meta property=\"og:url\" content=\"https:\/\/nordnesrepublikken.no\/index.php\/2025\/09\/25\/hvorfor-sier-du-beklager-for-franskmennene-opprinnelse-og-utvikling-av-betydningen\/\" \/>\n<meta property=\"og:site_name\" content=\"Nordnesrepublikken\" \/>\n<meta property=\"article:published_time\" content=\"2025-09-25T01:49:33+00:00\" \/>\n<meta property=\"article:modified_time\" content=\"2025-09-25T01:49:34+00:00\" \/>\n<meta property=\"og:image\" content=\"https:\/\/nordnesrepublikken.no\/wp-content\/uploads\/2025\/09\/1758764974_Hvorfor-sier-du-Beklager-for-franskmennene-Opprinnelse-og-utvikling-av.jpg\" \/>\n\t<meta property=\"og:image:width\" content=\"724\" \/>\n\t<meta property=\"og:image:height\" content=\"483\" \/>\n\t<meta property=\"og:image:type\" content=\"image\/jpeg\" \/>\n<meta name=\"author\" content=\"Ole Andersen\" \/>\n<meta name=\"twitter:card\" content=\"summary_large_image\" \/>\n<meta name=\"twitter:label1\" content=\"Skrevet av\" \/>\n\t<meta name=\"twitter:data1\" content=\"Ole Andersen\" \/>\n\t<meta name=\"twitter:label2\" content=\"Ansl. lesetid\" \/>\n\t<meta name=\"twitter:data2\" content=\"2 minutter\" \/>\n<script type=\"application\/ld+json\" class=\"yoast-schema-graph\">{\"@context\":\"https:\/\/schema.org\",\"@graph\":[{\"@type\":\"Article\",\"@id\":\"https:\/\/nordnesrepublikken.no\/index.php\/2025\/09\/25\/hvorfor-sier-du-beklager-for-franskmennene-opprinnelse-og-utvikling-av-betydningen\/#article\",\"isPartOf\":{\"@id\":\"https:\/\/nordnesrepublikken.no\/index.php\/2025\/09\/25\/hvorfor-sier-du-beklager-for-franskmennene-opprinnelse-og-utvikling-av-betydningen\/\"},\"author\":{\"name\":\"Ole Andersen\",\"@id\":\"https:\/\/nordnesrepublikken.no\/#\/schema\/person\/2e7e81935bab77882fffb79296240ff1\"},\"headline\":\"Hvorfor sier du &laquo;Beklager for franskmennene&raquo;? Opprinnelse og utvikling av betydningen\",\"datePublished\":\"2025-09-25T01:49:33+00:00\",\"dateModified\":\"2025-09-25T01:49:34+00:00\",\"mainEntityOfPage\":{\"@id\":\"https:\/\/nordnesrepublikken.no\/index.php\/2025\/09\/25\/hvorfor-sier-du-beklager-for-franskmennene-opprinnelse-og-utvikling-av-betydningen\/\"},\"wordCount\":433,\"publisher\":{\"@id\":\"https:\/\/nordnesrepublikken.no\/#organization\"},\"image\":{\"@id\":\"https:\/\/nordnesrepublikken.no\/index.php\/2025\/09\/25\/hvorfor-sier-du-beklager-for-franskmennene-opprinnelse-og-utvikling-av-betydningen\/#primaryimage\"},\"thumbnailUrl\":\"https:\/\/nordnesrepublikken.no\/wp-content\/uploads\/2025\/09\/1758764974_Hvorfor-sier-du-Beklager-for-franskmennene-Opprinnelse-og-utvikling-av.jpg\",\"keywords\":[\"Beklager\",\"betydningen\",\"franskmennene\",\"hvorfor\",\"Opprinnelse\",\"sier\",\"utvikling\"],\"articleSection\":[\"Samfunn\"],\"inLanguage\":\"nb-NO\"},{\"@type\":\"WebPage\",\"@id\":\"https:\/\/nordnesrepublikken.no\/index.php\/2025\/09\/25\/hvorfor-sier-du-beklager-for-franskmennene-opprinnelse-og-utvikling-av-betydningen\/\",\"url\":\"https:\/\/nordnesrepublikken.no\/index.php\/2025\/09\/25\/hvorfor-sier-du-beklager-for-franskmennene-opprinnelse-og-utvikling-av-betydningen\/\",\"name\":\"Hvorfor sier du \\\"Beklager for franskmennene\\\"? Opprinnelse og utvikling av betydningen - Nordnesrepublikken\",\"isPartOf\":{\"@id\":\"https:\/\/nordnesrepublikken.no\/#website\"},\"primaryImageOfPage\":{\"@id\":\"https:\/\/nordnesrepublikken.no\/index.php\/2025\/09\/25\/hvorfor-sier-du-beklager-for-franskmennene-opprinnelse-og-utvikling-av-betydningen\/#primaryimage\"},\"image\":{\"@id\":\"https:\/\/nordnesrepublikken.no\/index.php\/2025\/09\/25\/hvorfor-sier-du-beklager-for-franskmennene-opprinnelse-og-utvikling-av-betydningen\/#primaryimage\"},\"thumbnailUrl\":\"https:\/\/nordnesrepublikken.no\/wp-content\/uploads\/2025\/09\/1758764974_Hvorfor-sier-du-Beklager-for-franskmennene-Opprinnelse-og-utvikling-av.jpg\",\"datePublished\":\"2025-09-25T01:49:33+00:00\",\"dateModified\":\"2025-09-25T01:49:34+00:00\",\"breadcrumb\":{\"@id\":\"https:\/\/nordnesrepublikken.no\/index.php\/2025\/09\/25\/hvorfor-sier-du-beklager-for-franskmennene-opprinnelse-og-utvikling-av-betydningen\/#breadcrumb\"},\"inLanguage\":\"nb-NO\",\"potentialAction\":[{\"@type\":\"ReadAction\",\"target\":[\"https:\/\/nordnesrepublikken.no\/index.php\/2025\/09\/25\/hvorfor-sier-du-beklager-for-franskmennene-opprinnelse-og-utvikling-av-betydningen\/\"]}]},{\"@type\":\"ImageObject\",\"inLanguage\":\"nb-NO\",\"@id\":\"https:\/\/nordnesrepublikken.no\/index.php\/2025\/09\/25\/hvorfor-sier-du-beklager-for-franskmennene-opprinnelse-og-utvikling-av-betydningen\/#primaryimage\",\"url\":\"https:\/\/nordnesrepublikken.no\/wp-content\/uploads\/2025\/09\/1758764974_Hvorfor-sier-du-Beklager-for-franskmennene-Opprinnelse-og-utvikling-av.jpg\",\"contentUrl\":\"https:\/\/nordnesrepublikken.no\/wp-content\/uploads\/2025\/09\/1758764974_Hvorfor-sier-du-Beklager-for-franskmennene-Opprinnelse-og-utvikling-av.jpg\",\"width\":724,\"height\":483,\"caption\":\"Hvorfor sier du \\\"Beklager for franskmennene\\\"? Opprinnelse og utvikling av betydningen\"},{\"@type\":\"BreadcrumbList\",\"@id\":\"https:\/\/nordnesrepublikken.no\/index.php\/2025\/09\/25\/hvorfor-sier-du-beklager-for-franskmennene-opprinnelse-og-utvikling-av-betydningen\/#breadcrumb\",\"itemListElement\":[{\"@type\":\"ListItem\",\"position\":1,\"name\":\"Home\",\"item\":\"https:\/\/nordnesrepublikken.no\/\"},{\"@type\":\"ListItem\",\"position\":2,\"name\":\"Hvorfor sier du &laquo;Beklager for franskmennene&raquo;? Opprinnelse og utvikling av betydningen\"}]},{\"@type\":\"WebSite\",\"@id\":\"https:\/\/nordnesrepublikken.no\/#website\",\"url\":\"https:\/\/nordnesrepublikken.no\/\",\"name\":\"Nordnesrepublikken\",\"description\":\"Stemmer og Visjoner fra Republikkens Hjerte\",\"publisher\":{\"@id\":\"https:\/\/nordnesrepublikken.no\/#organization\"},\"potentialAction\":[{\"@type\":\"SearchAction\",\"target\":{\"@type\":\"EntryPoint\",\"urlTemplate\":\"https:\/\/nordnesrepublikken.no\/?s={search_term_string}\"},\"query-input\":{\"@type\":\"PropertyValueSpecification\",\"valueRequired\":true,\"valueName\":\"search_term_string\"}}],\"inLanguage\":\"nb-NO\"},{\"@type\":\"Organization\",\"@id\":\"https:\/\/nordnesrepublikken.no\/#organization\",\"name\":\"Nordnesrepublikken\",\"url\":\"https:\/\/nordnesrepublikken.no\/\",\"logo\":{\"@type\":\"ImageObject\",\"inLanguage\":\"nb-NO\",\"@id\":\"https:\/\/nordnesrepublikken.no\/#\/schema\/logo\/image\/\",\"url\":\"https:\/\/nordnesrepublikken.no\/wp-content\/uploads\/2025\/02\/cropped-nordnesrepublikken-2.png\",\"contentUrl\":\"https:\/\/nordnesrepublikken.no\/wp-content\/uploads\/2025\/02\/cropped-nordnesrepublikken-2.png\",\"width\":1248,\"height\":362,\"caption\":\"Nordnesrepublikken\"},\"image\":{\"@id\":\"https:\/\/nordnesrepublikken.no\/#\/schema\/logo\/image\/\"}},{\"@type\":\"Person\",\"@id\":\"https:\/\/nordnesrepublikken.no\/#\/schema\/person\/2e7e81935bab77882fffb79296240ff1\",\"name\":\"Ole Andersen\",\"image\":{\"@type\":\"ImageObject\",\"inLanguage\":\"nb-NO\",\"@id\":\"https:\/\/nordnesrepublikken.no\/#\/schema\/person\/image\/\",\"url\":\"https:\/\/nordnesrepublikken.no\/wp-content\/uploads\/2025\/02\/nordnesrepublikken-2-2-150x150.jpg\",\"contentUrl\":\"https:\/\/nordnesrepublikken.no\/wp-content\/uploads\/2025\/02\/nordnesrepublikken-2-2-150x150.jpg\",\"caption\":\"Ole Andersen\"},\"description\":\"Ettersom jeg vokste opp i Oslo, har jeg alltid v\u00e6rt fascinert av ordenes kraft og deres evne til \u00e5 skape endringer. Etter \u00e5 ha fullf\u00f8rt min utdannelse i kommunikasjon ved Universitetet i Bergen, fikk jeg muligheten til \u00e5 jobbe innen ulike medier, der jeg har s\u00f8kt \u00e5 belyse viktige samfunnssp\u00f8rsm\u00e5l. I dag, som redakt\u00f8r for Nordnesrepublikken, pr\u00f8ver jeg \u00e5 forene min kj\u00e6rlighet for journalistikk med min lidenskap for innovasjon og eventyr.\",\"sameAs\":[\"https:\/\/nordnesrepublikken.no\/\"]}]}<\/script>\n<!-- \/ Yoast SEO plugin. -->","yoast_head_json":{"title":"Hvorfor sier du \"Beklager for franskmennene\"? Opprinnelse og utvikling av betydningen - Nordnesrepublikken","robots":{"index":"index","follow":"follow","max-snippet":"max-snippet:-1","max-image-preview":"max-image-preview:large","max-video-preview":"max-video-preview:-1"},"canonical":"https:\/\/nordnesrepublikken.no\/index.php\/2025\/09\/25\/hvorfor-sier-du-beklager-for-franskmennene-opprinnelse-og-utvikling-av-betydningen\/","og_locale":"nb_NO","og_type":"article","og_title":"Hvorfor sier du \"Beklager for franskmennene\"? Opprinnelse og utvikling av betydningen - Nordnesrepublikken","og_description":"I de mest opphetede samtalene er det ikke uvanlig \u00e5 bruke veldig uttrykk fargeriknoen ganger","og_url":"https:\/\/nordnesrepublikken.no\/index.php\/2025\/09\/25\/hvorfor-sier-du-beklager-for-franskmennene-opprinnelse-og-utvikling-av-betydningen\/","og_site_name":"Nordnesrepublikken","article_published_time":"2025-09-25T01:49:33+00:00","article_modified_time":"2025-09-25T01:49:34+00:00","og_image":[{"width":724,"height":483,"url":"https:\/\/nordnesrepublikken.no\/wp-content\/uploads\/2025\/09\/1758764974_Hvorfor-sier-du-Beklager-for-franskmennene-Opprinnelse-og-utvikling-av.jpg","type":"image\/jpeg"}],"author":"Ole Andersen","twitter_card":"summary_large_image","twitter_misc":{"Skrevet av":"Ole Andersen","Ansl. lesetid":"2 minutter"},"schema":{"@context":"https:\/\/schema.org","@graph":[{"@type":"Article","@id":"https:\/\/nordnesrepublikken.no\/index.php\/2025\/09\/25\/hvorfor-sier-du-beklager-for-franskmennene-opprinnelse-og-utvikling-av-betydningen\/#article","isPartOf":{"@id":"https:\/\/nordnesrepublikken.no\/index.php\/2025\/09\/25\/hvorfor-sier-du-beklager-for-franskmennene-opprinnelse-og-utvikling-av-betydningen\/"},"author":{"name":"Ole Andersen","@id":"https:\/\/nordnesrepublikken.no\/#\/schema\/person\/2e7e81935bab77882fffb79296240ff1"},"headline":"Hvorfor sier du &laquo;Beklager for franskmennene&raquo;? Opprinnelse og utvikling av betydningen","datePublished":"2025-09-25T01:49:33+00:00","dateModified":"2025-09-25T01:49:34+00:00","mainEntityOfPage":{"@id":"https:\/\/nordnesrepublikken.no\/index.php\/2025\/09\/25\/hvorfor-sier-du-beklager-for-franskmennene-opprinnelse-og-utvikling-av-betydningen\/"},"wordCount":433,"publisher":{"@id":"https:\/\/nordnesrepublikken.no\/#organization"},"image":{"@id":"https:\/\/nordnesrepublikken.no\/index.php\/2025\/09\/25\/hvorfor-sier-du-beklager-for-franskmennene-opprinnelse-og-utvikling-av-betydningen\/#primaryimage"},"thumbnailUrl":"https:\/\/nordnesrepublikken.no\/wp-content\/uploads\/2025\/09\/1758764974_Hvorfor-sier-du-Beklager-for-franskmennene-Opprinnelse-og-utvikling-av.jpg","keywords":["Beklager","betydningen","franskmennene","hvorfor","Opprinnelse","sier","utvikling"],"articleSection":["Samfunn"],"inLanguage":"nb-NO"},{"@type":"WebPage","@id":"https:\/\/nordnesrepublikken.no\/index.php\/2025\/09\/25\/hvorfor-sier-du-beklager-for-franskmennene-opprinnelse-og-utvikling-av-betydningen\/","url":"https:\/\/nordnesrepublikken.no\/index.php\/2025\/09\/25\/hvorfor-sier-du-beklager-for-franskmennene-opprinnelse-og-utvikling-av-betydningen\/","name":"Hvorfor sier du \"Beklager for franskmennene\"? Opprinnelse og utvikling av betydningen - Nordnesrepublikken","isPartOf":{"@id":"https:\/\/nordnesrepublikken.no\/#website"},"primaryImageOfPage":{"@id":"https:\/\/nordnesrepublikken.no\/index.php\/2025\/09\/25\/hvorfor-sier-du-beklager-for-franskmennene-opprinnelse-og-utvikling-av-betydningen\/#primaryimage"},"image":{"@id":"https:\/\/nordnesrepublikken.no\/index.php\/2025\/09\/25\/hvorfor-sier-du-beklager-for-franskmennene-opprinnelse-og-utvikling-av-betydningen\/#primaryimage"},"thumbnailUrl":"https:\/\/nordnesrepublikken.no\/wp-content\/uploads\/2025\/09\/1758764974_Hvorfor-sier-du-Beklager-for-franskmennene-Opprinnelse-og-utvikling-av.jpg","datePublished":"2025-09-25T01:49:33+00:00","dateModified":"2025-09-25T01:49:34+00:00","breadcrumb":{"@id":"https:\/\/nordnesrepublikken.no\/index.php\/2025\/09\/25\/hvorfor-sier-du-beklager-for-franskmennene-opprinnelse-og-utvikling-av-betydningen\/#breadcrumb"},"inLanguage":"nb-NO","potentialAction":[{"@type":"ReadAction","target":["https:\/\/nordnesrepublikken.no\/index.php\/2025\/09\/25\/hvorfor-sier-du-beklager-for-franskmennene-opprinnelse-og-utvikling-av-betydningen\/"]}]},{"@type":"ImageObject","inLanguage":"nb-NO","@id":"https:\/\/nordnesrepublikken.no\/index.php\/2025\/09\/25\/hvorfor-sier-du-beklager-for-franskmennene-opprinnelse-og-utvikling-av-betydningen\/#primaryimage","url":"https:\/\/nordnesrepublikken.no\/wp-content\/uploads\/2025\/09\/1758764974_Hvorfor-sier-du-Beklager-for-franskmennene-Opprinnelse-og-utvikling-av.jpg","contentUrl":"https:\/\/nordnesrepublikken.no\/wp-content\/uploads\/2025\/09\/1758764974_Hvorfor-sier-du-Beklager-for-franskmennene-Opprinnelse-og-utvikling-av.jpg","width":724,"height":483,"caption":"Hvorfor sier du \"Beklager for franskmennene\"? Opprinnelse og utvikling av betydningen"},{"@type":"BreadcrumbList","@id":"https:\/\/nordnesrepublikken.no\/index.php\/2025\/09\/25\/hvorfor-sier-du-beklager-for-franskmennene-opprinnelse-og-utvikling-av-betydningen\/#breadcrumb","itemListElement":[{"@type":"ListItem","position":1,"name":"Home","item":"https:\/\/nordnesrepublikken.no\/"},{"@type":"ListItem","position":2,"name":"Hvorfor sier du &laquo;Beklager for franskmennene&raquo;? Opprinnelse og utvikling av betydningen"}]},{"@type":"WebSite","@id":"https:\/\/nordnesrepublikken.no\/#website","url":"https:\/\/nordnesrepublikken.no\/","name":"Nordnesrepublikken","description":"Stemmer og Visjoner fra Republikkens Hjerte","publisher":{"@id":"https:\/\/nordnesrepublikken.no\/#organization"},"potentialAction":[{"@type":"SearchAction","target":{"@type":"EntryPoint","urlTemplate":"https:\/\/nordnesrepublikken.no\/?s={search_term_string}"},"query-input":{"@type":"PropertyValueSpecification","valueRequired":true,"valueName":"search_term_string"}}],"inLanguage":"nb-NO"},{"@type":"Organization","@id":"https:\/\/nordnesrepublikken.no\/#organization","name":"Nordnesrepublikken","url":"https:\/\/nordnesrepublikken.no\/","logo":{"@type":"ImageObject","inLanguage":"nb-NO","@id":"https:\/\/nordnesrepublikken.no\/#\/schema\/logo\/image\/","url":"https:\/\/nordnesrepublikken.no\/wp-content\/uploads\/2025\/02\/cropped-nordnesrepublikken-2.png","contentUrl":"https:\/\/nordnesrepublikken.no\/wp-content\/uploads\/2025\/02\/cropped-nordnesrepublikken-2.png","width":1248,"height":362,"caption":"Nordnesrepublikken"},"image":{"@id":"https:\/\/nordnesrepublikken.no\/#\/schema\/logo\/image\/"}},{"@type":"Person","@id":"https:\/\/nordnesrepublikken.no\/#\/schema\/person\/2e7e81935bab77882fffb79296240ff1","name":"Ole Andersen","image":{"@type":"ImageObject","inLanguage":"nb-NO","@id":"https:\/\/nordnesrepublikken.no\/#\/schema\/person\/image\/","url":"https:\/\/nordnesrepublikken.no\/wp-content\/uploads\/2025\/02\/nordnesrepublikken-2-2-150x150.jpg","contentUrl":"https:\/\/nordnesrepublikken.no\/wp-content\/uploads\/2025\/02\/nordnesrepublikken-2-2-150x150.jpg","caption":"Ole Andersen"},"description":"Ettersom jeg vokste opp i Oslo, har jeg alltid v\u00e6rt fascinert av ordenes kraft og deres evne til \u00e5 skape endringer. Etter \u00e5 ha fullf\u00f8rt min utdannelse i kommunikasjon ved Universitetet i Bergen, fikk jeg muligheten til \u00e5 jobbe innen ulike medier, der jeg har s\u00f8kt \u00e5 belyse viktige samfunnssp\u00f8rsm\u00e5l. I dag, som redakt\u00f8r for Nordnesrepublikken, pr\u00f8ver jeg \u00e5 forene min kj\u00e6rlighet for journalistikk med min lidenskap for innovasjon og eventyr.","sameAs":["https:\/\/nordnesrepublikken.no\/"]}]}},"_links":{"self":[{"href":"https:\/\/nordnesrepublikken.no\/index.php\/wp-json\/wp\/v2\/posts\/9935","targetHints":{"allow":["GET"]}}],"collection":[{"href":"https:\/\/nordnesrepublikken.no\/index.php\/wp-json\/wp\/v2\/posts"}],"about":[{"href":"https:\/\/nordnesrepublikken.no\/index.php\/wp-json\/wp\/v2\/types\/post"}],"author":[{"embeddable":true,"href":"https:\/\/nordnesrepublikken.no\/index.php\/wp-json\/wp\/v2\/users\/1"}],"replies":[{"embeddable":true,"href":"https:\/\/nordnesrepublikken.no\/index.php\/wp-json\/wp\/v2\/comments?post=9935"}],"version-history":[{"count":1,"href":"https:\/\/nordnesrepublikken.no\/index.php\/wp-json\/wp\/v2\/posts\/9935\/revisions"}],"predecessor-version":[{"id":9937,"href":"https:\/\/nordnesrepublikken.no\/index.php\/wp-json\/wp\/v2\/posts\/9935\/revisions\/9937"}],"wp:featuredmedia":[{"embeddable":true,"href":"https:\/\/nordnesrepublikken.no\/index.php\/wp-json\/wp\/v2\/media\/9936"}],"wp:attachment":[{"href":"https:\/\/nordnesrepublikken.no\/index.php\/wp-json\/wp\/v2\/media?parent=9935"}],"wp:term":[{"taxonomy":"category","embeddable":true,"href":"https:\/\/nordnesrepublikken.no\/index.php\/wp-json\/wp\/v2\/categories?post=9935"},{"taxonomy":"post_tag","embeddable":true,"href":"https:\/\/nordnesrepublikken.no\/index.php\/wp-json\/wp\/v2\/tags?post=9935"}],"curies":[{"name":"wp","href":"https:\/\/api.w.org\/{rel}","templated":true}]}}