{"id":9929,"date":"2025-09-25T00:50:01","date_gmt":"2025-09-24T22:50:01","guid":{"rendered":"https:\/\/nordnesrepublikken.no\/index.php\/2025\/09\/25\/fordi-stormene-er-sa-voldelige\/"},"modified":"2025-09-25T00:50:02","modified_gmt":"2025-09-24T22:50:02","slug":"fordi-stormene-er-sa-voldelige","status":"publish","type":"post","link":"https:\/\/nordnesrepublikken.no\/index.php\/2025\/09\/25\/fordi-stormene-er-sa-voldelige\/","title":{"rendered":"Fordi stormene er s\u00e5 voldelige"},"content":{"rendered":"<div>\n<div class=\"cp_wrapper cp_wrapper--fw mb-30 mb-20@tablet\">\n<figure class=\"mm\"><picture class=\"img\" style=\"padding-top:56.25%\"><source  media=\"(min-width: 1024px)\"><source  media=\"(min-width: 768px)\"><\/source><\/source><\/picture><\/figure>\n<\/p><\/div>\n<p>De <strong>d\u00e5rlig v\u00e6r<\/strong> Det ser ikke ut til \u00e5 gi pusterom til Italia: 60 mm regn falt i Como over natten, som er lagt til 170 mm i g\u00e5r, noe som for\u00e5rsaket<strong>flom av Como -sj\u00f8en<\/strong> og nedleggelse av sentrum p\u00e5 grunn av tilstedev\u00e6relsen av gj\u00f8rme og rusk. TIL <strong>Blevio<\/strong> Et nytt skred har isolert noen br\u00f8k, med omtrent <strong>30 fordrevne,<\/strong> Mens forskningen p\u00e5 en tysk turist spredt etter det sterke nedb\u00f8ren fremdeles p\u00e5g\u00e5r i Alexandrine.<\/p>\n<p>Men regnet redder ikke engang resten av halv\u00f8ya i de f\u00f8rste dagene av <strong>falle<\/strong>: For Veneto ble det utstedt et oransje varsel for rikelig nedb\u00f8r, mens en voldelig <strong>storm<\/strong> Treff ogs\u00e5 \u00f8yene av <strong>Procida, Ischia e<\/strong> <strong>Capri<\/strong>. For i dag er det planlagt et gult varsel for det meste av landet, men i l\u00f8pet av de neste dagene vil tordenv\u00e6ret hovedsakelig insistere p\u00e5 nord-vest p\u00e5 grunn av parkering av en <strong>Kaldt fall<\/strong> I n\u00e6rheten av de vestlige Alpene.<\/p>\n<h2>Fordi det har v\u00e6rt s\u00e5 sterk nedb\u00f8r p\u00e5 nord-vest<\/h2>\n<p>Totalt sett falt de i provinsen Como <strong>230 mm<\/strong> av regn p\u00e5 mindre enn 24 timer, mens de p\u00e5 fjellhjelpene p\u00e5 grensen mellom Liguria og Piedmont ble de spilt inn <strong>422 mm<\/strong>med en topp av <strong>106 millimeter<\/strong> Om en time. I mellomtiden er det rapportert at topper i Brianza opp til 220 mm, mens 115 mm regn falt p\u00e5 nabolagene nord for Milano.<\/p>\n<p>Men hvorfor har s\u00e5 mye regn faller p\u00e5 regionene i nord-vest? \u00c5 for\u00e5rsake denne b\u00f8lgen av d\u00e5rlig v\u00e6r er en <strong>Kaldt fall<\/strong>det vil si en kald syklonisk virvel f\u00f8dt fra <strong>Nord -Atlantic Bag<\/strong>: Denne sykloniske strukturen har faktisk posisjonert seg n\u00e6r <strong>Vestlige alper<\/strong>utsetter for en sterk <strong>ustabilitet<\/strong> De nordlige regionene i nord-vest og delvis ogs\u00e5 de sentrale og Sardinia, med s\u00e6rlig intensitet tordenv\u00e6r som har for\u00e5rsaket flom, skred og flom, som synlige ogs\u00e5 i videoen nedenfor.<\/p>\n<h2>Hvor mye d\u00e5rlig v\u00e6r vil vare: prognosene de neste dagene<\/h2>\n<p>D\u00e5rlig v\u00e6r vil ikke gi et pusterom, i det minste i Nord-Italy, f\u00f8r fredag. For i dag er det planlagt utbredt nedb\u00f8r i Nord-Italia og i noen sentrale s\u00f8rlige regioner: Av denne grunn har den sivile beskyttelsen gitt et oransje varsel om noen sektorer i <strong>Veneto<\/strong> og et gult varsel p\u00e5 store sektorer av <strong>Piedmont<\/strong>, <strong>Lombardy<\/strong>, <strong>Veneto<\/strong> Og <strong>Friuli-Venezia Giulia<\/strong>p\u00e5 den autonome provinsen Bolzano og p\u00e5 det meste <strong>Toscana<\/strong>, <strong>Abruzzo<\/strong>, <strong>Campania<\/strong>, <strong>Calabria<\/strong> Og <strong>Sardinia<\/strong>men ogs\u00e5 <strong>Basilicata<\/strong> Og <strong>Sicilia<\/strong>.<\/p>\n<p>Generelt sett kan hele det vestlige b\u00e5ndet i landet bli p\u00e5virket av veldig intenst nedb\u00f8r som vil kunne laste ned enda mer enn 150 mm regn, en mengde vann som generelt, h\u00f8st, faller i l\u00f8pet av en hel m\u00e5ned.<br \/>Til<strong> Torsdag 25. september<\/strong>p\u00e5 den annen side er det fortsettelsen av ustabiliteten i nord, med temperaturene som kan falle <strong>4-5 \u00b0 C under gjennomsnittet<\/strong> av perioden, mens de fredelige vil vende tilbake til sentrum og s\u00f8r.<\/p>\n<p><strong>Fredag \u200b\u200b26. september<\/strong>p\u00e5 den annen side, vil det igjen se regn spredt p\u00e5 nord-vest og p\u00e5 \u00f8vre tuscan, selv om det er mindre intensitet sammenlignet med de foreg\u00e5ende dagene, mens v\u00e6ret i s\u00f8r hovedsakelig vil v\u00e6re stabilt.<\/p>\n<\/p><\/div>\n","protected":false},"excerpt":{"rendered":"<p>De d\u00e5rlig v\u00e6r Det ser ikke ut til \u00e5 gi pusterom til Italia: 60 mm<\/p>\n","protected":false},"author":1,"featured_media":9930,"comment_status":"closed","ping_status":"open","sticky":false,"template":"","format":"standard","meta":{"footnotes":""},"categories":[26],"tags":[83,1472,6498,626],"class_list":["post-9929","post","type-post","status-publish","format-standard","has-post-thumbnail","hentry","category-miljo","tag-fordi","tag-sa","tag-stormene","tag-voldelige","generate-columns","tablet-grid-50","mobile-grid-100","grid-parent","grid-33","resize-featured-image"],"yoast_head":"<!-- This site is optimized with the Yoast SEO plugin v24.4 - https:\/\/yoast.com\/wordpress\/plugins\/seo\/ -->\n<title>Fordi stormene er s\u00e5 voldelige - Nordnesrepublikken<\/title>\n<meta name=\"robots\" content=\"index, follow, max-snippet:-1, max-image-preview:large, max-video-preview:-1\" \/>\n<link rel=\"canonical\" href=\"https:\/\/nordnesrepublikken.no\/index.php\/2025\/09\/25\/fordi-stormene-er-sa-voldelige\/\" \/>\n<meta property=\"og:locale\" content=\"nb_NO\" \/>\n<meta property=\"og:type\" content=\"article\" \/>\n<meta property=\"og:title\" content=\"Fordi stormene er s\u00e5 voldelige - Nordnesrepublikken\" \/>\n<meta property=\"og:description\" content=\"De d\u00e5rlig v\u00e6r Det ser ikke ut til \u00e5 gi pusterom til Italia: 60 mm\" \/>\n<meta property=\"og:url\" content=\"https:\/\/nordnesrepublikken.no\/index.php\/2025\/09\/25\/fordi-stormene-er-sa-voldelige\/\" \/>\n<meta property=\"og:site_name\" content=\"Nordnesrepublikken\" \/>\n<meta property=\"article:published_time\" content=\"2025-09-24T22:50:01+00:00\" \/>\n<meta property=\"article:modified_time\" content=\"2025-09-24T22:50:02+00:00\" \/>\n<meta property=\"og:image\" content=\"https:\/\/nordnesrepublikken.no\/wp-content\/uploads\/2025\/09\/1758754201_Fordi-stormene-er-sa-voldelige.jpeg\" \/>\n\t<meta property=\"og:image:width\" content=\"1024\" \/>\n\t<meta property=\"og:image:height\" content=\"768\" \/>\n\t<meta property=\"og:image:type\" content=\"image\/jpeg\" \/>\n<meta name=\"author\" content=\"Ole Andersen\" \/>\n<meta name=\"twitter:card\" content=\"summary_large_image\" \/>\n<meta name=\"twitter:label1\" content=\"Skrevet av\" \/>\n\t<meta name=\"twitter:data1\" content=\"Ole Andersen\" \/>\n\t<meta name=\"twitter:label2\" content=\"Ansl. lesetid\" \/>\n\t<meta name=\"twitter:data2\" content=\"3 minutter\" \/>\n<script type=\"application\/ld+json\" class=\"yoast-schema-graph\">{\"@context\":\"https:\/\/schema.org\",\"@graph\":[{\"@type\":\"Article\",\"@id\":\"https:\/\/nordnesrepublikken.no\/index.php\/2025\/09\/25\/fordi-stormene-er-sa-voldelige\/#article\",\"isPartOf\":{\"@id\":\"https:\/\/nordnesrepublikken.no\/index.php\/2025\/09\/25\/fordi-stormene-er-sa-voldelige\/\"},\"author\":{\"name\":\"Ole Andersen\",\"@id\":\"https:\/\/nordnesrepublikken.no\/#\/schema\/person\/2e7e81935bab77882fffb79296240ff1\"},\"headline\":\"Fordi stormene er s\u00e5 voldelige\",\"datePublished\":\"2025-09-24T22:50:01+00:00\",\"dateModified\":\"2025-09-24T22:50:02+00:00\",\"mainEntityOfPage\":{\"@id\":\"https:\/\/nordnesrepublikken.no\/index.php\/2025\/09\/25\/fordi-stormene-er-sa-voldelige\/\"},\"wordCount\":537,\"publisher\":{\"@id\":\"https:\/\/nordnesrepublikken.no\/#organization\"},\"image\":{\"@id\":\"https:\/\/nordnesrepublikken.no\/index.php\/2025\/09\/25\/fordi-stormene-er-sa-voldelige\/#primaryimage\"},\"thumbnailUrl\":\"https:\/\/nordnesrepublikken.no\/wp-content\/uploads\/2025\/09\/1758754201_Fordi-stormene-er-sa-voldelige.jpeg\",\"keywords\":[\"Fordi\",\"s\u00e5\",\"stormene\",\"voldelige\"],\"articleSection\":[\"Milj\u00f8\"],\"inLanguage\":\"nb-NO\"},{\"@type\":\"WebPage\",\"@id\":\"https:\/\/nordnesrepublikken.no\/index.php\/2025\/09\/25\/fordi-stormene-er-sa-voldelige\/\",\"url\":\"https:\/\/nordnesrepublikken.no\/index.php\/2025\/09\/25\/fordi-stormene-er-sa-voldelige\/\",\"name\":\"Fordi stormene er s\u00e5 voldelige - Nordnesrepublikken\",\"isPartOf\":{\"@id\":\"https:\/\/nordnesrepublikken.no\/#website\"},\"primaryImageOfPage\":{\"@id\":\"https:\/\/nordnesrepublikken.no\/index.php\/2025\/09\/25\/fordi-stormene-er-sa-voldelige\/#primaryimage\"},\"image\":{\"@id\":\"https:\/\/nordnesrepublikken.no\/index.php\/2025\/09\/25\/fordi-stormene-er-sa-voldelige\/#primaryimage\"},\"thumbnailUrl\":\"https:\/\/nordnesrepublikken.no\/wp-content\/uploads\/2025\/09\/1758754201_Fordi-stormene-er-sa-voldelige.jpeg\",\"datePublished\":\"2025-09-24T22:50:01+00:00\",\"dateModified\":\"2025-09-24T22:50:02+00:00\",\"breadcrumb\":{\"@id\":\"https:\/\/nordnesrepublikken.no\/index.php\/2025\/09\/25\/fordi-stormene-er-sa-voldelige\/#breadcrumb\"},\"inLanguage\":\"nb-NO\",\"potentialAction\":[{\"@type\":\"ReadAction\",\"target\":[\"https:\/\/nordnesrepublikken.no\/index.php\/2025\/09\/25\/fordi-stormene-er-sa-voldelige\/\"]}]},{\"@type\":\"ImageObject\",\"inLanguage\":\"nb-NO\",\"@id\":\"https:\/\/nordnesrepublikken.no\/index.php\/2025\/09\/25\/fordi-stormene-er-sa-voldelige\/#primaryimage\",\"url\":\"https:\/\/nordnesrepublikken.no\/wp-content\/uploads\/2025\/09\/1758754201_Fordi-stormene-er-sa-voldelige.jpeg\",\"contentUrl\":\"https:\/\/nordnesrepublikken.no\/wp-content\/uploads\/2025\/09\/1758754201_Fordi-stormene-er-sa-voldelige.jpeg\",\"width\":1024,\"height\":768,\"caption\":\"Fordi stormene er s\u00e5 voldelige\"},{\"@type\":\"BreadcrumbList\",\"@id\":\"https:\/\/nordnesrepublikken.no\/index.php\/2025\/09\/25\/fordi-stormene-er-sa-voldelige\/#breadcrumb\",\"itemListElement\":[{\"@type\":\"ListItem\",\"position\":1,\"name\":\"Home\",\"item\":\"https:\/\/nordnesrepublikken.no\/\"},{\"@type\":\"ListItem\",\"position\":2,\"name\":\"Fordi stormene er s\u00e5 voldelige\"}]},{\"@type\":\"WebSite\",\"@id\":\"https:\/\/nordnesrepublikken.no\/#website\",\"url\":\"https:\/\/nordnesrepublikken.no\/\",\"name\":\"Nordnesrepublikken\",\"description\":\"Stemmer og Visjoner fra Republikkens Hjerte\",\"publisher\":{\"@id\":\"https:\/\/nordnesrepublikken.no\/#organization\"},\"potentialAction\":[{\"@type\":\"SearchAction\",\"target\":{\"@type\":\"EntryPoint\",\"urlTemplate\":\"https:\/\/nordnesrepublikken.no\/?s={search_term_string}\"},\"query-input\":{\"@type\":\"PropertyValueSpecification\",\"valueRequired\":true,\"valueName\":\"search_term_string\"}}],\"inLanguage\":\"nb-NO\"},{\"@type\":\"Organization\",\"@id\":\"https:\/\/nordnesrepublikken.no\/#organization\",\"name\":\"Nordnesrepublikken\",\"url\":\"https:\/\/nordnesrepublikken.no\/\",\"logo\":{\"@type\":\"ImageObject\",\"inLanguage\":\"nb-NO\",\"@id\":\"https:\/\/nordnesrepublikken.no\/#\/schema\/logo\/image\/\",\"url\":\"https:\/\/nordnesrepublikken.no\/wp-content\/uploads\/2025\/02\/cropped-nordnesrepublikken-2.png\",\"contentUrl\":\"https:\/\/nordnesrepublikken.no\/wp-content\/uploads\/2025\/02\/cropped-nordnesrepublikken-2.png\",\"width\":1248,\"height\":362,\"caption\":\"Nordnesrepublikken\"},\"image\":{\"@id\":\"https:\/\/nordnesrepublikken.no\/#\/schema\/logo\/image\/\"}},{\"@type\":\"Person\",\"@id\":\"https:\/\/nordnesrepublikken.no\/#\/schema\/person\/2e7e81935bab77882fffb79296240ff1\",\"name\":\"Ole Andersen\",\"image\":{\"@type\":\"ImageObject\",\"inLanguage\":\"nb-NO\",\"@id\":\"https:\/\/nordnesrepublikken.no\/#\/schema\/person\/image\/\",\"url\":\"https:\/\/nordnesrepublikken.no\/wp-content\/uploads\/2025\/02\/nordnesrepublikken-2-2-150x150.jpg\",\"contentUrl\":\"https:\/\/nordnesrepublikken.no\/wp-content\/uploads\/2025\/02\/nordnesrepublikken-2-2-150x150.jpg\",\"caption\":\"Ole Andersen\"},\"description\":\"Ettersom jeg vokste opp i Oslo, har jeg alltid v\u00e6rt fascinert av ordenes kraft og deres evne til \u00e5 skape endringer. Etter \u00e5 ha fullf\u00f8rt min utdannelse i kommunikasjon ved Universitetet i Bergen, fikk jeg muligheten til \u00e5 jobbe innen ulike medier, der jeg har s\u00f8kt \u00e5 belyse viktige samfunnssp\u00f8rsm\u00e5l. I dag, som redakt\u00f8r for Nordnesrepublikken, pr\u00f8ver jeg \u00e5 forene min kj\u00e6rlighet for journalistikk med min lidenskap for innovasjon og eventyr.\",\"sameAs\":[\"https:\/\/nordnesrepublikken.no\/\"]}]}<\/script>\n<!-- \/ Yoast SEO plugin. -->","yoast_head_json":{"title":"Fordi stormene er s\u00e5 voldelige - Nordnesrepublikken","robots":{"index":"index","follow":"follow","max-snippet":"max-snippet:-1","max-image-preview":"max-image-preview:large","max-video-preview":"max-video-preview:-1"},"canonical":"https:\/\/nordnesrepublikken.no\/index.php\/2025\/09\/25\/fordi-stormene-er-sa-voldelige\/","og_locale":"nb_NO","og_type":"article","og_title":"Fordi stormene er s\u00e5 voldelige - Nordnesrepublikken","og_description":"De d\u00e5rlig v\u00e6r Det ser ikke ut til \u00e5 gi pusterom til Italia: 60 mm","og_url":"https:\/\/nordnesrepublikken.no\/index.php\/2025\/09\/25\/fordi-stormene-er-sa-voldelige\/","og_site_name":"Nordnesrepublikken","article_published_time":"2025-09-24T22:50:01+00:00","article_modified_time":"2025-09-24T22:50:02+00:00","og_image":[{"width":1024,"height":768,"url":"https:\/\/nordnesrepublikken.no\/wp-content\/uploads\/2025\/09\/1758754201_Fordi-stormene-er-sa-voldelige.jpeg","type":"image\/jpeg"}],"author":"Ole Andersen","twitter_card":"summary_large_image","twitter_misc":{"Skrevet av":"Ole Andersen","Ansl. lesetid":"3 minutter"},"schema":{"@context":"https:\/\/schema.org","@graph":[{"@type":"Article","@id":"https:\/\/nordnesrepublikken.no\/index.php\/2025\/09\/25\/fordi-stormene-er-sa-voldelige\/#article","isPartOf":{"@id":"https:\/\/nordnesrepublikken.no\/index.php\/2025\/09\/25\/fordi-stormene-er-sa-voldelige\/"},"author":{"name":"Ole Andersen","@id":"https:\/\/nordnesrepublikken.no\/#\/schema\/person\/2e7e81935bab77882fffb79296240ff1"},"headline":"Fordi stormene er s\u00e5 voldelige","datePublished":"2025-09-24T22:50:01+00:00","dateModified":"2025-09-24T22:50:02+00:00","mainEntityOfPage":{"@id":"https:\/\/nordnesrepublikken.no\/index.php\/2025\/09\/25\/fordi-stormene-er-sa-voldelige\/"},"wordCount":537,"publisher":{"@id":"https:\/\/nordnesrepublikken.no\/#organization"},"image":{"@id":"https:\/\/nordnesrepublikken.no\/index.php\/2025\/09\/25\/fordi-stormene-er-sa-voldelige\/#primaryimage"},"thumbnailUrl":"https:\/\/nordnesrepublikken.no\/wp-content\/uploads\/2025\/09\/1758754201_Fordi-stormene-er-sa-voldelige.jpeg","keywords":["Fordi","s\u00e5","stormene","voldelige"],"articleSection":["Milj\u00f8"],"inLanguage":"nb-NO"},{"@type":"WebPage","@id":"https:\/\/nordnesrepublikken.no\/index.php\/2025\/09\/25\/fordi-stormene-er-sa-voldelige\/","url":"https:\/\/nordnesrepublikken.no\/index.php\/2025\/09\/25\/fordi-stormene-er-sa-voldelige\/","name":"Fordi stormene er s\u00e5 voldelige - Nordnesrepublikken","isPartOf":{"@id":"https:\/\/nordnesrepublikken.no\/#website"},"primaryImageOfPage":{"@id":"https:\/\/nordnesrepublikken.no\/index.php\/2025\/09\/25\/fordi-stormene-er-sa-voldelige\/#primaryimage"},"image":{"@id":"https:\/\/nordnesrepublikken.no\/index.php\/2025\/09\/25\/fordi-stormene-er-sa-voldelige\/#primaryimage"},"thumbnailUrl":"https:\/\/nordnesrepublikken.no\/wp-content\/uploads\/2025\/09\/1758754201_Fordi-stormene-er-sa-voldelige.jpeg","datePublished":"2025-09-24T22:50:01+00:00","dateModified":"2025-09-24T22:50:02+00:00","breadcrumb":{"@id":"https:\/\/nordnesrepublikken.no\/index.php\/2025\/09\/25\/fordi-stormene-er-sa-voldelige\/#breadcrumb"},"inLanguage":"nb-NO","potentialAction":[{"@type":"ReadAction","target":["https:\/\/nordnesrepublikken.no\/index.php\/2025\/09\/25\/fordi-stormene-er-sa-voldelige\/"]}]},{"@type":"ImageObject","inLanguage":"nb-NO","@id":"https:\/\/nordnesrepublikken.no\/index.php\/2025\/09\/25\/fordi-stormene-er-sa-voldelige\/#primaryimage","url":"https:\/\/nordnesrepublikken.no\/wp-content\/uploads\/2025\/09\/1758754201_Fordi-stormene-er-sa-voldelige.jpeg","contentUrl":"https:\/\/nordnesrepublikken.no\/wp-content\/uploads\/2025\/09\/1758754201_Fordi-stormene-er-sa-voldelige.jpeg","width":1024,"height":768,"caption":"Fordi stormene er s\u00e5 voldelige"},{"@type":"BreadcrumbList","@id":"https:\/\/nordnesrepublikken.no\/index.php\/2025\/09\/25\/fordi-stormene-er-sa-voldelige\/#breadcrumb","itemListElement":[{"@type":"ListItem","position":1,"name":"Home","item":"https:\/\/nordnesrepublikken.no\/"},{"@type":"ListItem","position":2,"name":"Fordi stormene er s\u00e5 voldelige"}]},{"@type":"WebSite","@id":"https:\/\/nordnesrepublikken.no\/#website","url":"https:\/\/nordnesrepublikken.no\/","name":"Nordnesrepublikken","description":"Stemmer og Visjoner fra Republikkens Hjerte","publisher":{"@id":"https:\/\/nordnesrepublikken.no\/#organization"},"potentialAction":[{"@type":"SearchAction","target":{"@type":"EntryPoint","urlTemplate":"https:\/\/nordnesrepublikken.no\/?s={search_term_string}"},"query-input":{"@type":"PropertyValueSpecification","valueRequired":true,"valueName":"search_term_string"}}],"inLanguage":"nb-NO"},{"@type":"Organization","@id":"https:\/\/nordnesrepublikken.no\/#organization","name":"Nordnesrepublikken","url":"https:\/\/nordnesrepublikken.no\/","logo":{"@type":"ImageObject","inLanguage":"nb-NO","@id":"https:\/\/nordnesrepublikken.no\/#\/schema\/logo\/image\/","url":"https:\/\/nordnesrepublikken.no\/wp-content\/uploads\/2025\/02\/cropped-nordnesrepublikken-2.png","contentUrl":"https:\/\/nordnesrepublikken.no\/wp-content\/uploads\/2025\/02\/cropped-nordnesrepublikken-2.png","width":1248,"height":362,"caption":"Nordnesrepublikken"},"image":{"@id":"https:\/\/nordnesrepublikken.no\/#\/schema\/logo\/image\/"}},{"@type":"Person","@id":"https:\/\/nordnesrepublikken.no\/#\/schema\/person\/2e7e81935bab77882fffb79296240ff1","name":"Ole Andersen","image":{"@type":"ImageObject","inLanguage":"nb-NO","@id":"https:\/\/nordnesrepublikken.no\/#\/schema\/person\/image\/","url":"https:\/\/nordnesrepublikken.no\/wp-content\/uploads\/2025\/02\/nordnesrepublikken-2-2-150x150.jpg","contentUrl":"https:\/\/nordnesrepublikken.no\/wp-content\/uploads\/2025\/02\/nordnesrepublikken-2-2-150x150.jpg","caption":"Ole Andersen"},"description":"Ettersom jeg vokste opp i Oslo, har jeg alltid v\u00e6rt fascinert av ordenes kraft og deres evne til \u00e5 skape endringer. Etter \u00e5 ha fullf\u00f8rt min utdannelse i kommunikasjon ved Universitetet i Bergen, fikk jeg muligheten til \u00e5 jobbe innen ulike medier, der jeg har s\u00f8kt \u00e5 belyse viktige samfunnssp\u00f8rsm\u00e5l. I dag, som redakt\u00f8r for Nordnesrepublikken, pr\u00f8ver jeg \u00e5 forene min kj\u00e6rlighet for journalistikk med min lidenskap for innovasjon og eventyr.","sameAs":["https:\/\/nordnesrepublikken.no\/"]}]}},"_links":{"self":[{"href":"https:\/\/nordnesrepublikken.no\/index.php\/wp-json\/wp\/v2\/posts\/9929","targetHints":{"allow":["GET"]}}],"collection":[{"href":"https:\/\/nordnesrepublikken.no\/index.php\/wp-json\/wp\/v2\/posts"}],"about":[{"href":"https:\/\/nordnesrepublikken.no\/index.php\/wp-json\/wp\/v2\/types\/post"}],"author":[{"embeddable":true,"href":"https:\/\/nordnesrepublikken.no\/index.php\/wp-json\/wp\/v2\/users\/1"}],"replies":[{"embeddable":true,"href":"https:\/\/nordnesrepublikken.no\/index.php\/wp-json\/wp\/v2\/comments?post=9929"}],"version-history":[{"count":1,"href":"https:\/\/nordnesrepublikken.no\/index.php\/wp-json\/wp\/v2\/posts\/9929\/revisions"}],"predecessor-version":[{"id":9931,"href":"https:\/\/nordnesrepublikken.no\/index.php\/wp-json\/wp\/v2\/posts\/9929\/revisions\/9931"}],"wp:featuredmedia":[{"embeddable":true,"href":"https:\/\/nordnesrepublikken.no\/index.php\/wp-json\/wp\/v2\/media\/9930"}],"wp:attachment":[{"href":"https:\/\/nordnesrepublikken.no\/index.php\/wp-json\/wp\/v2\/media?parent=9929"}],"wp:term":[{"taxonomy":"category","embeddable":true,"href":"https:\/\/nordnesrepublikken.no\/index.php\/wp-json\/wp\/v2\/categories?post=9929"},{"taxonomy":"post_tag","embeddable":true,"href":"https:\/\/nordnesrepublikken.no\/index.php\/wp-json\/wp\/v2\/tags?post=9929"}],"curies":[{"name":"wp","href":"https:\/\/api.w.org\/{rel}","templated":true}]}}