{"id":9926,"date":"2025-09-24T23:50:09","date_gmt":"2025-09-24T21:50:09","guid":{"rendered":"https:\/\/nordnesrepublikken.no\/index.php\/2025\/09\/24\/har-oljen-en-frist-nei-det-har-bare-minimum-lagringsperiode\/"},"modified":"2025-09-24T23:50:19","modified_gmt":"2025-09-24T21:50:19","slug":"har-oljen-en-frist-nei-det-har-bare-minimum-lagringsperiode","status":"publish","type":"post","link":"https:\/\/nordnesrepublikken.no\/index.php\/2025\/09\/24\/har-oljen-en-frist-nei-det-har-bare-minimum-lagringsperiode\/","title":{"rendered":"Har oljen en frist? Nei, det har bare minimum lagringsperiode"},"content":{"rendered":"<div>\n<div class=\"cp_wrapper cp_wrapper--fw mb-30 mb-20@tablet\">\n<figure class=\"mm\"><picture class=\"img\" style=\"padding-top:56.25%\"><source  media=\"(min-width: 1024px)\"><source  media=\"(min-width: 768px)\"><\/source><\/source><\/picture><\/figure>\n<\/p><\/div>\n<p>Noen matvarer, for eksempel olivenolje, har ikke en virkelig frist: <strong>det blir ikke skadelig<\/strong>men over tid mister han sine egenskaper og kan utvikle en <strong>ubehagelig smak og lukt,<\/strong> p\u00e5 grunn av prosessen med <strong>utslett<\/strong>. Med andre ord, flasken med glemt olje i kjelleren vil ikke skade helsen, men den vil neppe beholde sin opprinnelige smak og aroma. Europeisk lovgivning forplikter oljeprodusenter \u00e5 sette inn en utl\u00f8psdato, vanligvis <strong>Mellom 12 og 18 m\u00e5neder fra tapping<\/strong>men dette er ikke en ekte &laquo;frist&raquo;: det er <strong>Minimum lagringsperiode<\/strong> (<strong>TMC<\/strong>), dvs. perioden produsenten garanterer at oljen vil opprettholde sine beste egenskaper uten \u00e5 lekke. Etter denne datoen vil det rett og slett ikke lenger v\u00e6re hyggelig som f\u00f8r, og salaten v\u00e5r vil ha en velsmakende. Mens vi snakker om utl\u00f8p, tenker vi generelt p\u00e5 mat som over en viss dato blir giftig og <strong>farlig<\/strong> for helse, for eksempel kj\u00f8tt eller melk.<\/p>\n<h2><strong>Oljen utl\u00f8per egentlig ikke, men den kan miste lukt og smak<\/strong><\/h2>\n<p>Olje er en av disse matvarene som ikke har en veldig spesifikk frist, s\u00e5 sp\u00f8rsm\u00e5let kommer spontant: &laquo;Kan jeg bruke den uten problemer selv etter to \u00e5r?&raquo;. Svaret er: det kommer an p\u00e5. Europeiske forskrifter skiller mellom <strong>&laquo;\u00c5 bli konsumert av&raquo;<\/strong> (brukt til bedervelige produkter som blir farlige for helse utover en bestemt dato) og <strong>&laquo;Best f\u00f8r&raquo;<\/strong>det vil si bare en minimum lagringstegn (TMC) som ang\u00e5r produkter som pasta, honning, faktisk olje.<\/p>\n<div class=\"cp_wrapper cp_wrapper--fw mb-50\">\n<figure class=\"mm\"><picture class=\"img\" style=\"padding-top:66.724738675958%\"><source  media=\"(min-width: 1024px)\"><source  media=\"(min-width: 768px)\"><img decoding=\"async\" loading=\"lazy\" src=\"https:\/\/nordnesrepublikken.no\/wp-content\/uploads\/2025\/09\/1758750609_780_Har-oljen-en-frist-Nei-det-har-bare-minimum-lagringsperiode.jpg\" alt=\"Minimum lagringsperiode\" width=\"4592\" height=\"3064\"\/><\/source><\/source><\/picture><\/figure>\n<\/p><\/div>\n<p>N\u00e5r det gjelder olje, rapporterer TMC ganske enkelt perioden produsenten garanterer <strong>Beste organoleptiske egenskaper<\/strong> og ern\u00e6ring, generelt om <strong>12-18 m\u00e5neder<\/strong>. For \u00e5 indikere at produksjonsdatoen vanligvis er OSA, det vil si produsentene (operat\u00f8ren av agri -mat -sektoren), som har forpliktelsen og ansvaret for \u00e5 vurdere de organoleptiske egenskapene og <strong>Maksimal lagringstid<\/strong> av produktene deres. Etter denne datoen, <strong>Det er ingen \u00f8yeblikkelig helserisiko,<\/strong> Men oljen <strong>Det kan ha mistet smak, aroma<\/strong> og en del av fordelene, om enn minimale, av antioksidanter. Hvis du oppfatter en skarp og spesiell lukt, er det signalet om at fettet har oksidert og oljen n\u00e5 er sprayet. \u00c5 bruke det vil ikke skade, men det kan \u00f8delegge rettene dine.<\/p>\n<p>S\u00e5 i tillegg til oppmerksomheten bare for datoen som er trykt p\u00e5 flasken, teller den <strong>bevaring<\/strong>: En olje som holdes i kj\u00f8lig og m\u00f8rket kan opprettholde et niv\u00e5 av god kvalitet selv over 18 m\u00e5neder; Tvert imot, en olje utsatt for lys eller i n\u00e6rheten av ovnen kan forverres mye raskere. Kj\u00f8p flasker med st\u00f8rrelse egnet til forbruket, <strong>Hold dem borte fra varmen<\/strong> Og n\u00e5 og da kan det \u00e5 stole p\u00e5 nese og gane v\u00e6re gode &laquo;tiln\u00e6rminger&raquo; for \u00e5 bevare aromaer og smaker av oljen i landene v\u00e5re. Og s\u00e5 vet du, en god olje gjenkjennes selv uten etikett.<\/p>\n<h2><strong>Hva som skjer med olje etter minimum lagringsperioden<\/strong><\/h2>\n<p>Bare oksygenet som holder oss i live er den viktigste ansvarlige for forverringen av oljen. N\u00e5r det umettede fettet som utgj\u00f8r oljen, kommer det s\u00e5 -kalt &laquo;triglyseridene&raquo; i kontakt med luften, finner en kjemisk reaksjon sted <strong>oksidasjon<\/strong> som f\u00f8rer til dannelse av flyktige forbindelser som er ansvarlige for den typiske lukten av <strong>harsk<\/strong>. Det er det samme fenomenet som vi observerer om vi lar korn eller chips \u00e5pne for lenge: smaken endres, blir ubehagelig og &laquo;knasen&raquo; g\u00e5r tapt.<\/p>\n<p>Jeg spiller ogs\u00e5 en viktig rolle <strong>Polyfenoler<\/strong>Naturlige forbindelser er hovedsakelig i ekstra jomfruolje. Disse molekylene har en sterk <strong>antioksidanthandling<\/strong> Det bremser r\u00e5prosessen: det er som om de skapte en &laquo;usynlig barriere&raquo; til oksygen som ikke kan trenge godt ved \u00e5 heve oljen. Av denne grunn motst\u00e5r en ung og polyfenol ekstra jomfru olivenolje lenger den gangen. Med m\u00e5nedens bortgang &laquo;slukker imidlertid polyfenolene ogs\u00e5&raquo; nedbrytende, noe som reduserer oljeevnen til \u00e5 forsvare seg mot oksygen.<\/p>\n<div class=\"cp_wrapper cp_wrapper--fw mb-50\">\n<figure class=\"mm\"><picture class=\"img\" style=\"padding-top:66.666666666667%\"><source  media=\"(min-width: 1024px)\"><source  media=\"(min-width: 768px)\"><img decoding=\"async\" loading=\"lazy\" src=\"https:\/\/nordnesrepublikken.no\/wp-content\/uploads\/2025\/09\/1758750609_284_Har-oljen-en-frist-Nei-det-har-bare-minimum-lagringsperiode.jpg\" alt=\"olje i m\u00f8rke flasker\" width=\"3864\" height=\"2576\" class=\"js-seedtag-img\"\/><\/source><\/source><\/picture><\/figure>\n<\/p><\/div>\n<p>Selv om i mindre grad er andre faktorer som <strong>lys<\/strong> og <strong>varme<\/strong>. Det beste ville v\u00e6re \u00e5 holde oljen i <strong>m\u00f8rke flasker<\/strong>Skjul for lyskilder og en temperatur som ikke overstiger 20-25 grader. Hyllen over ovnene eller vinduet som er utsatt for kj\u00f8kkenet, er ikke egnet, bedre \u00e5 velge et m\u00f8rkt og kult sted, for eksempel en kjeller eller en garasje.<\/p>\n<\/p><\/div>\n","protected":false},"excerpt":{"rendered":"<p>Noen matvarer, for eksempel olivenolje, har ikke en virkelig frist: det blir ikke skadeligmen over<\/p>\n","protected":false},"author":1,"featured_media":9927,"comment_status":"closed","ping_status":"open","sticky":false,"template":"","format":"standard","meta":{"footnotes":""},"categories":[24],"tags":[1930,66,6495,179,6497,6496,821,1663],"class_list":["post-9926","post","type-post","status-publish","format-standard","has-post-thumbnail","hentry","category-vitenskap","tag-bare","tag-det","tag-frist","tag-har","tag-lagringsperiode","tag-minimum","tag-nei","tag-oljen","generate-columns","tablet-grid-50","mobile-grid-100","grid-parent","grid-33","resize-featured-image"],"yoast_head":"<!-- This site is optimized with the Yoast SEO plugin v24.4 - https:\/\/yoast.com\/wordpress\/plugins\/seo\/ -->\n<title>Har oljen en frist? Nei, det har bare minimum lagringsperiode - Nordnesrepublikken<\/title>\n<meta name=\"robots\" content=\"index, follow, max-snippet:-1, max-image-preview:large, max-video-preview:-1\" \/>\n<link rel=\"canonical\" href=\"https:\/\/nordnesrepublikken.no\/index.php\/2025\/09\/24\/har-oljen-en-frist-nei-det-har-bare-minimum-lagringsperiode\/\" \/>\n<meta property=\"og:locale\" content=\"nb_NO\" \/>\n<meta property=\"og:type\" content=\"article\" \/>\n<meta property=\"og:title\" content=\"Har oljen en frist? Nei, det har bare minimum lagringsperiode - Nordnesrepublikken\" \/>\n<meta property=\"og:description\" content=\"Noen matvarer, for eksempel olivenolje, har ikke en virkelig frist: det blir ikke skadeligmen over\" \/>\n<meta property=\"og:url\" content=\"https:\/\/nordnesrepublikken.no\/index.php\/2025\/09\/24\/har-oljen-en-frist-nei-det-har-bare-minimum-lagringsperiode\/\" \/>\n<meta property=\"og:site_name\" content=\"Nordnesrepublikken\" \/>\n<meta property=\"article:published_time\" content=\"2025-09-24T21:50:09+00:00\" \/>\n<meta property=\"article:modified_time\" content=\"2025-09-24T21:50:19+00:00\" \/>\n<meta property=\"og:image\" content=\"https:\/\/nordnesrepublikken.no\/wp-content\/uploads\/2025\/09\/1758750610_Har-oljen-en-frist-Nei-det-har-bare-minimum-lagringsperiode-scaled.jpg\" \/>\n\t<meta property=\"og:image:width\" content=\"2560\" \/>\n\t<meta property=\"og:image:height\" content=\"1708\" \/>\n\t<meta property=\"og:image:type\" content=\"image\/jpeg\" \/>\n<meta name=\"author\" content=\"Ole Andersen\" \/>\n<meta name=\"twitter:card\" content=\"summary_large_image\" \/>\n<meta name=\"twitter:label1\" content=\"Skrevet av\" \/>\n\t<meta name=\"twitter:data1\" content=\"Ole Andersen\" \/>\n\t<meta name=\"twitter:label2\" content=\"Ansl. lesetid\" \/>\n\t<meta name=\"twitter:data2\" content=\"3 minutter\" \/>\n<script type=\"application\/ld+json\" class=\"yoast-schema-graph\">{\"@context\":\"https:\/\/schema.org\",\"@graph\":[{\"@type\":\"Article\",\"@id\":\"https:\/\/nordnesrepublikken.no\/index.php\/2025\/09\/24\/har-oljen-en-frist-nei-det-har-bare-minimum-lagringsperiode\/#article\",\"isPartOf\":{\"@id\":\"https:\/\/nordnesrepublikken.no\/index.php\/2025\/09\/24\/har-oljen-en-frist-nei-det-har-bare-minimum-lagringsperiode\/\"},\"author\":{\"name\":\"Ole Andersen\",\"@id\":\"https:\/\/nordnesrepublikken.no\/#\/schema\/person\/2e7e81935bab77882fffb79296240ff1\"},\"headline\":\"Har oljen en frist? Nei, det har bare minimum lagringsperiode\",\"datePublished\":\"2025-09-24T21:50:09+00:00\",\"dateModified\":\"2025-09-24T21:50:19+00:00\",\"mainEntityOfPage\":{\"@id\":\"https:\/\/nordnesrepublikken.no\/index.php\/2025\/09\/24\/har-oljen-en-frist-nei-det-har-bare-minimum-lagringsperiode\/\"},\"wordCount\":694,\"publisher\":{\"@id\":\"https:\/\/nordnesrepublikken.no\/#organization\"},\"image\":{\"@id\":\"https:\/\/nordnesrepublikken.no\/index.php\/2025\/09\/24\/har-oljen-en-frist-nei-det-har-bare-minimum-lagringsperiode\/#primaryimage\"},\"thumbnailUrl\":\"https:\/\/nordnesrepublikken.no\/wp-content\/uploads\/2025\/09\/1758750610_Har-oljen-en-frist-Nei-det-har-bare-minimum-lagringsperiode-scaled.jpg\",\"keywords\":[\"bare\",\"Det\",\"frist\",\"har\",\"lagringsperiode\",\"minimum\",\"Nei\",\"oljen\"],\"articleSection\":[\"Vitenskap\"],\"inLanguage\":\"nb-NO\"},{\"@type\":\"WebPage\",\"@id\":\"https:\/\/nordnesrepublikken.no\/index.php\/2025\/09\/24\/har-oljen-en-frist-nei-det-har-bare-minimum-lagringsperiode\/\",\"url\":\"https:\/\/nordnesrepublikken.no\/index.php\/2025\/09\/24\/har-oljen-en-frist-nei-det-har-bare-minimum-lagringsperiode\/\",\"name\":\"Har oljen en frist? Nei, det har bare minimum lagringsperiode - Nordnesrepublikken\",\"isPartOf\":{\"@id\":\"https:\/\/nordnesrepublikken.no\/#website\"},\"primaryImageOfPage\":{\"@id\":\"https:\/\/nordnesrepublikken.no\/index.php\/2025\/09\/24\/har-oljen-en-frist-nei-det-har-bare-minimum-lagringsperiode\/#primaryimage\"},\"image\":{\"@id\":\"https:\/\/nordnesrepublikken.no\/index.php\/2025\/09\/24\/har-oljen-en-frist-nei-det-har-bare-minimum-lagringsperiode\/#primaryimage\"},\"thumbnailUrl\":\"https:\/\/nordnesrepublikken.no\/wp-content\/uploads\/2025\/09\/1758750610_Har-oljen-en-frist-Nei-det-har-bare-minimum-lagringsperiode-scaled.jpg\",\"datePublished\":\"2025-09-24T21:50:09+00:00\",\"dateModified\":\"2025-09-24T21:50:19+00:00\",\"breadcrumb\":{\"@id\":\"https:\/\/nordnesrepublikken.no\/index.php\/2025\/09\/24\/har-oljen-en-frist-nei-det-har-bare-minimum-lagringsperiode\/#breadcrumb\"},\"inLanguage\":\"nb-NO\",\"potentialAction\":[{\"@type\":\"ReadAction\",\"target\":[\"https:\/\/nordnesrepublikken.no\/index.php\/2025\/09\/24\/har-oljen-en-frist-nei-det-har-bare-minimum-lagringsperiode\/\"]}]},{\"@type\":\"ImageObject\",\"inLanguage\":\"nb-NO\",\"@id\":\"https:\/\/nordnesrepublikken.no\/index.php\/2025\/09\/24\/har-oljen-en-frist-nei-det-har-bare-minimum-lagringsperiode\/#primaryimage\",\"url\":\"https:\/\/nordnesrepublikken.no\/wp-content\/uploads\/2025\/09\/1758750610_Har-oljen-en-frist-Nei-det-har-bare-minimum-lagringsperiode-scaled.jpg\",\"contentUrl\":\"https:\/\/nordnesrepublikken.no\/wp-content\/uploads\/2025\/09\/1758750610_Har-oljen-en-frist-Nei-det-har-bare-minimum-lagringsperiode-scaled.jpg\",\"width\":2560,\"height\":1708,\"caption\":\"Har oljen en frist? Nei, det har bare minimum lagringsperiode\"},{\"@type\":\"BreadcrumbList\",\"@id\":\"https:\/\/nordnesrepublikken.no\/index.php\/2025\/09\/24\/har-oljen-en-frist-nei-det-har-bare-minimum-lagringsperiode\/#breadcrumb\",\"itemListElement\":[{\"@type\":\"ListItem\",\"position\":1,\"name\":\"Home\",\"item\":\"https:\/\/nordnesrepublikken.no\/\"},{\"@type\":\"ListItem\",\"position\":2,\"name\":\"Har oljen en frist? Nei, det har bare minimum lagringsperiode\"}]},{\"@type\":\"WebSite\",\"@id\":\"https:\/\/nordnesrepublikken.no\/#website\",\"url\":\"https:\/\/nordnesrepublikken.no\/\",\"name\":\"Nordnesrepublikken\",\"description\":\"Stemmer og Visjoner fra Republikkens Hjerte\",\"publisher\":{\"@id\":\"https:\/\/nordnesrepublikken.no\/#organization\"},\"potentialAction\":[{\"@type\":\"SearchAction\",\"target\":{\"@type\":\"EntryPoint\",\"urlTemplate\":\"https:\/\/nordnesrepublikken.no\/?s={search_term_string}\"},\"query-input\":{\"@type\":\"PropertyValueSpecification\",\"valueRequired\":true,\"valueName\":\"search_term_string\"}}],\"inLanguage\":\"nb-NO\"},{\"@type\":\"Organization\",\"@id\":\"https:\/\/nordnesrepublikken.no\/#organization\",\"name\":\"Nordnesrepublikken\",\"url\":\"https:\/\/nordnesrepublikken.no\/\",\"logo\":{\"@type\":\"ImageObject\",\"inLanguage\":\"nb-NO\",\"@id\":\"https:\/\/nordnesrepublikken.no\/#\/schema\/logo\/image\/\",\"url\":\"https:\/\/nordnesrepublikken.no\/wp-content\/uploads\/2025\/02\/cropped-nordnesrepublikken-2.png\",\"contentUrl\":\"https:\/\/nordnesrepublikken.no\/wp-content\/uploads\/2025\/02\/cropped-nordnesrepublikken-2.png\",\"width\":1248,\"height\":362,\"caption\":\"Nordnesrepublikken\"},\"image\":{\"@id\":\"https:\/\/nordnesrepublikken.no\/#\/schema\/logo\/image\/\"}},{\"@type\":\"Person\",\"@id\":\"https:\/\/nordnesrepublikken.no\/#\/schema\/person\/2e7e81935bab77882fffb79296240ff1\",\"name\":\"Ole Andersen\",\"image\":{\"@type\":\"ImageObject\",\"inLanguage\":\"nb-NO\",\"@id\":\"https:\/\/nordnesrepublikken.no\/#\/schema\/person\/image\/\",\"url\":\"https:\/\/nordnesrepublikken.no\/wp-content\/uploads\/2025\/02\/nordnesrepublikken-2-2-150x150.jpg\",\"contentUrl\":\"https:\/\/nordnesrepublikken.no\/wp-content\/uploads\/2025\/02\/nordnesrepublikken-2-2-150x150.jpg\",\"caption\":\"Ole Andersen\"},\"description\":\"Ettersom jeg vokste opp i Oslo, har jeg alltid v\u00e6rt fascinert av ordenes kraft og deres evne til \u00e5 skape endringer. Etter \u00e5 ha fullf\u00f8rt min utdannelse i kommunikasjon ved Universitetet i Bergen, fikk jeg muligheten til \u00e5 jobbe innen ulike medier, der jeg har s\u00f8kt \u00e5 belyse viktige samfunnssp\u00f8rsm\u00e5l. I dag, som redakt\u00f8r for Nordnesrepublikken, pr\u00f8ver jeg \u00e5 forene min kj\u00e6rlighet for journalistikk med min lidenskap for innovasjon og eventyr.\",\"sameAs\":[\"https:\/\/nordnesrepublikken.no\/\"]}]}<\/script>\n<!-- \/ Yoast SEO plugin. -->","yoast_head_json":{"title":"Har oljen en frist? Nei, det har bare minimum lagringsperiode - Nordnesrepublikken","robots":{"index":"index","follow":"follow","max-snippet":"max-snippet:-1","max-image-preview":"max-image-preview:large","max-video-preview":"max-video-preview:-1"},"canonical":"https:\/\/nordnesrepublikken.no\/index.php\/2025\/09\/24\/har-oljen-en-frist-nei-det-har-bare-minimum-lagringsperiode\/","og_locale":"nb_NO","og_type":"article","og_title":"Har oljen en frist? Nei, det har bare minimum lagringsperiode - Nordnesrepublikken","og_description":"Noen matvarer, for eksempel olivenolje, har ikke en virkelig frist: det blir ikke skadeligmen over","og_url":"https:\/\/nordnesrepublikken.no\/index.php\/2025\/09\/24\/har-oljen-en-frist-nei-det-har-bare-minimum-lagringsperiode\/","og_site_name":"Nordnesrepublikken","article_published_time":"2025-09-24T21:50:09+00:00","article_modified_time":"2025-09-24T21:50:19+00:00","og_image":[{"width":2560,"height":1708,"url":"https:\/\/nordnesrepublikken.no\/wp-content\/uploads\/2025\/09\/1758750610_Har-oljen-en-frist-Nei-det-har-bare-minimum-lagringsperiode-scaled.jpg","type":"image\/jpeg"}],"author":"Ole Andersen","twitter_card":"summary_large_image","twitter_misc":{"Skrevet av":"Ole Andersen","Ansl. lesetid":"3 minutter"},"schema":{"@context":"https:\/\/schema.org","@graph":[{"@type":"Article","@id":"https:\/\/nordnesrepublikken.no\/index.php\/2025\/09\/24\/har-oljen-en-frist-nei-det-har-bare-minimum-lagringsperiode\/#article","isPartOf":{"@id":"https:\/\/nordnesrepublikken.no\/index.php\/2025\/09\/24\/har-oljen-en-frist-nei-det-har-bare-minimum-lagringsperiode\/"},"author":{"name":"Ole Andersen","@id":"https:\/\/nordnesrepublikken.no\/#\/schema\/person\/2e7e81935bab77882fffb79296240ff1"},"headline":"Har oljen en frist? Nei, det har bare minimum lagringsperiode","datePublished":"2025-09-24T21:50:09+00:00","dateModified":"2025-09-24T21:50:19+00:00","mainEntityOfPage":{"@id":"https:\/\/nordnesrepublikken.no\/index.php\/2025\/09\/24\/har-oljen-en-frist-nei-det-har-bare-minimum-lagringsperiode\/"},"wordCount":694,"publisher":{"@id":"https:\/\/nordnesrepublikken.no\/#organization"},"image":{"@id":"https:\/\/nordnesrepublikken.no\/index.php\/2025\/09\/24\/har-oljen-en-frist-nei-det-har-bare-minimum-lagringsperiode\/#primaryimage"},"thumbnailUrl":"https:\/\/nordnesrepublikken.no\/wp-content\/uploads\/2025\/09\/1758750610_Har-oljen-en-frist-Nei-det-har-bare-minimum-lagringsperiode-scaled.jpg","keywords":["bare","Det","frist","har","lagringsperiode","minimum","Nei","oljen"],"articleSection":["Vitenskap"],"inLanguage":"nb-NO"},{"@type":"WebPage","@id":"https:\/\/nordnesrepublikken.no\/index.php\/2025\/09\/24\/har-oljen-en-frist-nei-det-har-bare-minimum-lagringsperiode\/","url":"https:\/\/nordnesrepublikken.no\/index.php\/2025\/09\/24\/har-oljen-en-frist-nei-det-har-bare-minimum-lagringsperiode\/","name":"Har oljen en frist? Nei, det har bare minimum lagringsperiode - Nordnesrepublikken","isPartOf":{"@id":"https:\/\/nordnesrepublikken.no\/#website"},"primaryImageOfPage":{"@id":"https:\/\/nordnesrepublikken.no\/index.php\/2025\/09\/24\/har-oljen-en-frist-nei-det-har-bare-minimum-lagringsperiode\/#primaryimage"},"image":{"@id":"https:\/\/nordnesrepublikken.no\/index.php\/2025\/09\/24\/har-oljen-en-frist-nei-det-har-bare-minimum-lagringsperiode\/#primaryimage"},"thumbnailUrl":"https:\/\/nordnesrepublikken.no\/wp-content\/uploads\/2025\/09\/1758750610_Har-oljen-en-frist-Nei-det-har-bare-minimum-lagringsperiode-scaled.jpg","datePublished":"2025-09-24T21:50:09+00:00","dateModified":"2025-09-24T21:50:19+00:00","breadcrumb":{"@id":"https:\/\/nordnesrepublikken.no\/index.php\/2025\/09\/24\/har-oljen-en-frist-nei-det-har-bare-minimum-lagringsperiode\/#breadcrumb"},"inLanguage":"nb-NO","potentialAction":[{"@type":"ReadAction","target":["https:\/\/nordnesrepublikken.no\/index.php\/2025\/09\/24\/har-oljen-en-frist-nei-det-har-bare-minimum-lagringsperiode\/"]}]},{"@type":"ImageObject","inLanguage":"nb-NO","@id":"https:\/\/nordnesrepublikken.no\/index.php\/2025\/09\/24\/har-oljen-en-frist-nei-det-har-bare-minimum-lagringsperiode\/#primaryimage","url":"https:\/\/nordnesrepublikken.no\/wp-content\/uploads\/2025\/09\/1758750610_Har-oljen-en-frist-Nei-det-har-bare-minimum-lagringsperiode-scaled.jpg","contentUrl":"https:\/\/nordnesrepublikken.no\/wp-content\/uploads\/2025\/09\/1758750610_Har-oljen-en-frist-Nei-det-har-bare-minimum-lagringsperiode-scaled.jpg","width":2560,"height":1708,"caption":"Har oljen en frist? Nei, det har bare minimum lagringsperiode"},{"@type":"BreadcrumbList","@id":"https:\/\/nordnesrepublikken.no\/index.php\/2025\/09\/24\/har-oljen-en-frist-nei-det-har-bare-minimum-lagringsperiode\/#breadcrumb","itemListElement":[{"@type":"ListItem","position":1,"name":"Home","item":"https:\/\/nordnesrepublikken.no\/"},{"@type":"ListItem","position":2,"name":"Har oljen en frist? Nei, det har bare minimum lagringsperiode"}]},{"@type":"WebSite","@id":"https:\/\/nordnesrepublikken.no\/#website","url":"https:\/\/nordnesrepublikken.no\/","name":"Nordnesrepublikken","description":"Stemmer og Visjoner fra Republikkens Hjerte","publisher":{"@id":"https:\/\/nordnesrepublikken.no\/#organization"},"potentialAction":[{"@type":"SearchAction","target":{"@type":"EntryPoint","urlTemplate":"https:\/\/nordnesrepublikken.no\/?s={search_term_string}"},"query-input":{"@type":"PropertyValueSpecification","valueRequired":true,"valueName":"search_term_string"}}],"inLanguage":"nb-NO"},{"@type":"Organization","@id":"https:\/\/nordnesrepublikken.no\/#organization","name":"Nordnesrepublikken","url":"https:\/\/nordnesrepublikken.no\/","logo":{"@type":"ImageObject","inLanguage":"nb-NO","@id":"https:\/\/nordnesrepublikken.no\/#\/schema\/logo\/image\/","url":"https:\/\/nordnesrepublikken.no\/wp-content\/uploads\/2025\/02\/cropped-nordnesrepublikken-2.png","contentUrl":"https:\/\/nordnesrepublikken.no\/wp-content\/uploads\/2025\/02\/cropped-nordnesrepublikken-2.png","width":1248,"height":362,"caption":"Nordnesrepublikken"},"image":{"@id":"https:\/\/nordnesrepublikken.no\/#\/schema\/logo\/image\/"}},{"@type":"Person","@id":"https:\/\/nordnesrepublikken.no\/#\/schema\/person\/2e7e81935bab77882fffb79296240ff1","name":"Ole Andersen","image":{"@type":"ImageObject","inLanguage":"nb-NO","@id":"https:\/\/nordnesrepublikken.no\/#\/schema\/person\/image\/","url":"https:\/\/nordnesrepublikken.no\/wp-content\/uploads\/2025\/02\/nordnesrepublikken-2-2-150x150.jpg","contentUrl":"https:\/\/nordnesrepublikken.no\/wp-content\/uploads\/2025\/02\/nordnesrepublikken-2-2-150x150.jpg","caption":"Ole Andersen"},"description":"Ettersom jeg vokste opp i Oslo, har jeg alltid v\u00e6rt fascinert av ordenes kraft og deres evne til \u00e5 skape endringer. Etter \u00e5 ha fullf\u00f8rt min utdannelse i kommunikasjon ved Universitetet i Bergen, fikk jeg muligheten til \u00e5 jobbe innen ulike medier, der jeg har s\u00f8kt \u00e5 belyse viktige samfunnssp\u00f8rsm\u00e5l. I dag, som redakt\u00f8r for Nordnesrepublikken, pr\u00f8ver jeg \u00e5 forene min kj\u00e6rlighet for journalistikk med min lidenskap for innovasjon og eventyr.","sameAs":["https:\/\/nordnesrepublikken.no\/"]}]}},"_links":{"self":[{"href":"https:\/\/nordnesrepublikken.no\/index.php\/wp-json\/wp\/v2\/posts\/9926","targetHints":{"allow":["GET"]}}],"collection":[{"href":"https:\/\/nordnesrepublikken.no\/index.php\/wp-json\/wp\/v2\/posts"}],"about":[{"href":"https:\/\/nordnesrepublikken.no\/index.php\/wp-json\/wp\/v2\/types\/post"}],"author":[{"embeddable":true,"href":"https:\/\/nordnesrepublikken.no\/index.php\/wp-json\/wp\/v2\/users\/1"}],"replies":[{"embeddable":true,"href":"https:\/\/nordnesrepublikken.no\/index.php\/wp-json\/wp\/v2\/comments?post=9926"}],"version-history":[{"count":1,"href":"https:\/\/nordnesrepublikken.no\/index.php\/wp-json\/wp\/v2\/posts\/9926\/revisions"}],"predecessor-version":[{"id":9928,"href":"https:\/\/nordnesrepublikken.no\/index.php\/wp-json\/wp\/v2\/posts\/9926\/revisions\/9928"}],"wp:featuredmedia":[{"embeddable":true,"href":"https:\/\/nordnesrepublikken.no\/index.php\/wp-json\/wp\/v2\/media\/9927"}],"wp:attachment":[{"href":"https:\/\/nordnesrepublikken.no\/index.php\/wp-json\/wp\/v2\/media?parent=9926"}],"wp:term":[{"taxonomy":"category","embeddable":true,"href":"https:\/\/nordnesrepublikken.no\/index.php\/wp-json\/wp\/v2\/categories?post=9926"},{"taxonomy":"post_tag","embeddable":true,"href":"https:\/\/nordnesrepublikken.no\/index.php\/wp-json\/wp\/v2\/tags?post=9926"}],"curies":[{"name":"wp","href":"https:\/\/api.w.org\/{rel}","templated":true}]}}