{"id":9917,"date":"2025-09-24T19:50:22","date_gmt":"2025-09-24T17:50:22","guid":{"rendered":"https:\/\/nordnesrepublikken.no\/index.php\/2025\/09\/24\/forskere-bekrefter-at-mennesker-avgir-en-glod-som-forsvinner-etter-doden\/"},"modified":"2025-09-24T19:50:25","modified_gmt":"2025-09-24T17:50:25","slug":"forskere-bekrefter-at-mennesker-avgir-en-glod-som-forsvinner-etter-doden","status":"publish","type":"post","link":"https:\/\/nordnesrepublikken.no\/index.php\/2025\/09\/24\/forskere-bekrefter-at-mennesker-avgir-en-glod-som-forsvinner-etter-doden\/","title":{"rendered":"Forskere bekrefter at mennesker avgir en gl\u00f8d som forsvinner etter d\u00f8den"},"content":{"rendered":"<p><\/p>\n<div class=\"wordpress-content\">\n                    <!-- Article Start --><\/p>\n<p><strong>Gravide kvinner blir ofte beskrevet som &laquo;gl\u00f8dende&raquo;, og ny forskning antyder at det kan v\u00e6re mer sannhet for dette enn metafor.<\/strong><\/p>\n<p>Forskere som studerer Ultraweak Photon Emission (UPE) har funnet at levende organismer, inkludert mennesker, avgir et svakt, naturlig lys som blekner etter d\u00f8den &#8211; og til og med gnister lyst p\u00e5 unnfangelsen.<\/p>\n<h2><strong>Levende vesener avgir svakt lys, sier forskere<\/strong><\/h2>\n<p>En studie publisert i <em>Journal of Physical Chemistry Letters<\/em> fant at levende celler frigj\u00f8r ultraweak -fotoner, lette partikler s\u00e5 svake at de er usynlige for det menneskelige \u00f8yet, men p\u00e5viselig med sensitivt avbildningsutstyr som EMCCD -kameraer (ACS -publikasjoner).<\/p>\n<div class=\"sra_unit\"><link rel=\"stylesheet\" id=\"block-sra\" href=\"https:\/\/euroweeklynews.com\/wp-content\/plugins\/snack-related-articles\/dist\/css\/snack-related.min.css?250312-193541\" type=\"text\/css\" media=\"all\">\n<\/div>\n<p>Fenomenet, kjent som UPE, forekommer i det spektrale omr\u00e5det 200\u20131000 nanometer og har blitt p\u00e5vist p\u00e5 tvers av planter, dyr og mennesker. Forskere bemerket en skarp kontrast i lysutslipp mellom levende og d\u00f8de mus, med et klart fall i fotonutgangen etter d\u00f8den.<\/p>\n<h3>Se YouTube -videoen nedenfor for mer informasjon om studien.<\/h3>\n<p><a href=\"https:\/\/www.youtube.com\/watch?v=j205cocfu3u\">https:\/\/www.youtube.com\/watch?v=j205cocfu3u<\/a><\/p>\n<h2><strong>Spreng av lys ved unnfangelsen<\/strong><\/h2>\n<p>Tidligere arbeid har ogs\u00e5 avsl\u00f8rt at i det \u00f8yeblikket befruktnings\u00f8yeblikket oppst\u00e5r en plutselig &laquo;lysglimt&raquo;. Dette er for\u00e5rsaket av en sink gnist frigitt n\u00e5r en s\u00e6d m\u00f8ter et egg, og produserer millioner av fotoner p\u00e5 et \u00f8yeblikk.<\/p>\n<p>Kombinert gir disse funnene et vitenskapelig grunnlag til den mange\u00e5rige poetiske ideen om livet som str\u00e5lende. Som University of Calgary fysiker Vahid Salari forklarte, kunne UPE en dag brukes i medisin for \u00e5 overv\u00e5ke cellul\u00e6r helse og stress uten invasive prosedyrer.<\/p>\n<h2><strong>Hvorfor gravide ser ut til \u00e5 &laquo;gl\u00f8de&raquo;<\/strong><\/h2>\n<p>Den popul\u00e6re setningen som forventningsfulle m\u00f8dre er &laquo;gl\u00f8dende&raquo;, refererer kanskje ikke bare til emosjonell utstr\u00e5ling. \u00d8kt metabolsk aktivitet, endringer i hudsirkulasjonen og \u00f8kte cellul\u00e6re prosesser under graviditet kan forsterke UPE, noe som gir en bokstavelig underbygging av metaforen.<\/p>\n<p>Overv\u00e5king av cellul\u00e6rt lys kan til slutt hjelpe til med fruktbarhetsbehandlinger, prenatal helse og til og med p\u00e5visning av tidlig sykdom.<\/p>\n<p>Se alle helseartikler.<\/p>\n<p>Se alle verdensnyheter.<\/p>\n<p>                    <!-- This article has been originally published at https:\/\/euroweeklynews.com\/2025\/09\/24\/scientists-confirms-that-humans-emit-a-glow-that-vanishes-after-death\/ on 24 Sep 2025 at 19:18 by Letara Draghia --><br \/>\n                    <!-- Article End -->\n                <\/div>\n","protected":false},"excerpt":{"rendered":"<p>Gravide kvinner blir ofte beskrevet som &laquo;gl\u00f8dende&raquo;, og ny forskning antyder at det kan v\u00e6re<\/p>\n","protected":false},"author":1,"featured_media":9918,"comment_status":"closed","ping_status":"open","sticky":false,"template":"","format":"standard","meta":{"footnotes":""},"categories":[105],"tags":[3550,1415,1934,92,2142,2657,6492,36,31],"class_list":["post-9917","post","type-post","status-publish","format-standard","has-post-thumbnail","hentry","category-livsstil","tag-avgir","tag-bekrefter","tag-doden","tag-etter","tag-forskere","tag-forsvinner","tag-glod","tag-mennesker","tag-som","generate-columns","tablet-grid-50","mobile-grid-100","grid-parent","grid-33","resize-featured-image"],"yoast_head":"<!-- This site is optimized with the Yoast SEO plugin v24.4 - https:\/\/yoast.com\/wordpress\/plugins\/seo\/ -->\n<title>Forskere bekrefter at mennesker avgir en gl\u00f8d som forsvinner etter d\u00f8den - Nordnesrepublikken<\/title>\n<meta name=\"robots\" content=\"index, follow, max-snippet:-1, max-image-preview:large, max-video-preview:-1\" \/>\n<link rel=\"canonical\" href=\"https:\/\/nordnesrepublikken.no\/index.php\/2025\/09\/24\/forskere-bekrefter-at-mennesker-avgir-en-glod-som-forsvinner-etter-doden\/\" \/>\n<meta property=\"og:locale\" content=\"nb_NO\" \/>\n<meta property=\"og:type\" content=\"article\" \/>\n<meta property=\"og:title\" content=\"Forskere bekrefter at mennesker avgir en gl\u00f8d som forsvinner etter d\u00f8den - Nordnesrepublikken\" \/>\n<meta property=\"og:description\" content=\"Gravide kvinner blir ofte beskrevet som &laquo;gl\u00f8dende&raquo;, og ny forskning antyder at det kan v\u00e6re\" \/>\n<meta property=\"og:url\" content=\"https:\/\/nordnesrepublikken.no\/index.php\/2025\/09\/24\/forskere-bekrefter-at-mennesker-avgir-en-glod-som-forsvinner-etter-doden\/\" \/>\n<meta property=\"og:site_name\" content=\"Nordnesrepublikken\" \/>\n<meta property=\"article:published_time\" content=\"2025-09-24T17:50:22+00:00\" \/>\n<meta property=\"article:modified_time\" content=\"2025-09-24T17:50:25+00:00\" \/>\n<meta property=\"og:image\" content=\"https:\/\/nordnesrepublikken.no\/wp-content\/uploads\/2025\/09\/1758736223_Forskere-bekrefter-at-mennesker-avgir-en-glod-som-forsvinner-etter.jpg\" \/>\n\t<meta property=\"og:image:width\" content=\"1200\" \/>\n\t<meta property=\"og:image:height\" content=\"864\" \/>\n\t<meta property=\"og:image:type\" content=\"image\/jpeg\" \/>\n<meta name=\"author\" content=\"Ole Andersen\" \/>\n<meta name=\"twitter:card\" content=\"summary_large_image\" \/>\n<meta name=\"twitter:label1\" content=\"Skrevet av\" \/>\n\t<meta name=\"twitter:data1\" content=\"Ole Andersen\" \/>\n\t<meta name=\"twitter:label2\" content=\"Ansl. lesetid\" \/>\n\t<meta name=\"twitter:data2\" content=\"2 minutter\" \/>\n<script type=\"application\/ld+json\" class=\"yoast-schema-graph\">{\"@context\":\"https:\/\/schema.org\",\"@graph\":[{\"@type\":\"Article\",\"@id\":\"https:\/\/nordnesrepublikken.no\/index.php\/2025\/09\/24\/forskere-bekrefter-at-mennesker-avgir-en-glod-som-forsvinner-etter-doden\/#article\",\"isPartOf\":{\"@id\":\"https:\/\/nordnesrepublikken.no\/index.php\/2025\/09\/24\/forskere-bekrefter-at-mennesker-avgir-en-glod-som-forsvinner-etter-doden\/\"},\"author\":{\"name\":\"Ole Andersen\",\"@id\":\"https:\/\/nordnesrepublikken.no\/#\/schema\/person\/2e7e81935bab77882fffb79296240ff1\"},\"headline\":\"Forskere bekrefter at mennesker avgir en gl\u00f8d som forsvinner etter d\u00f8den\",\"datePublished\":\"2025-09-24T17:50:22+00:00\",\"dateModified\":\"2025-09-24T17:50:25+00:00\",\"mainEntityOfPage\":{\"@id\":\"https:\/\/nordnesrepublikken.no\/index.php\/2025\/09\/24\/forskere-bekrefter-at-mennesker-avgir-en-glod-som-forsvinner-etter-doden\/\"},\"wordCount\":353,\"publisher\":{\"@id\":\"https:\/\/nordnesrepublikken.no\/#organization\"},\"image\":{\"@id\":\"https:\/\/nordnesrepublikken.no\/index.php\/2025\/09\/24\/forskere-bekrefter-at-mennesker-avgir-en-glod-som-forsvinner-etter-doden\/#primaryimage\"},\"thumbnailUrl\":\"https:\/\/nordnesrepublikken.no\/wp-content\/uploads\/2025\/09\/1758736223_Forskere-bekrefter-at-mennesker-avgir-en-glod-som-forsvinner-etter.jpg\",\"keywords\":[\"avgir\",\"bekrefter\",\"d\u00f8den\",\"Etter\",\"forskere\",\"forsvinner\",\"gl\u00f8d\",\"mennesker\",\"som\"],\"articleSection\":[\"Livsstil\"],\"inLanguage\":\"nb-NO\"},{\"@type\":\"WebPage\",\"@id\":\"https:\/\/nordnesrepublikken.no\/index.php\/2025\/09\/24\/forskere-bekrefter-at-mennesker-avgir-en-glod-som-forsvinner-etter-doden\/\",\"url\":\"https:\/\/nordnesrepublikken.no\/index.php\/2025\/09\/24\/forskere-bekrefter-at-mennesker-avgir-en-glod-som-forsvinner-etter-doden\/\",\"name\":\"Forskere bekrefter at mennesker avgir en gl\u00f8d som forsvinner etter d\u00f8den - Nordnesrepublikken\",\"isPartOf\":{\"@id\":\"https:\/\/nordnesrepublikken.no\/#website\"},\"primaryImageOfPage\":{\"@id\":\"https:\/\/nordnesrepublikken.no\/index.php\/2025\/09\/24\/forskere-bekrefter-at-mennesker-avgir-en-glod-som-forsvinner-etter-doden\/#primaryimage\"},\"image\":{\"@id\":\"https:\/\/nordnesrepublikken.no\/index.php\/2025\/09\/24\/forskere-bekrefter-at-mennesker-avgir-en-glod-som-forsvinner-etter-doden\/#primaryimage\"},\"thumbnailUrl\":\"https:\/\/nordnesrepublikken.no\/wp-content\/uploads\/2025\/09\/1758736223_Forskere-bekrefter-at-mennesker-avgir-en-glod-som-forsvinner-etter.jpg\",\"datePublished\":\"2025-09-24T17:50:22+00:00\",\"dateModified\":\"2025-09-24T17:50:25+00:00\",\"breadcrumb\":{\"@id\":\"https:\/\/nordnesrepublikken.no\/index.php\/2025\/09\/24\/forskere-bekrefter-at-mennesker-avgir-en-glod-som-forsvinner-etter-doden\/#breadcrumb\"},\"inLanguage\":\"nb-NO\",\"potentialAction\":[{\"@type\":\"ReadAction\",\"target\":[\"https:\/\/nordnesrepublikken.no\/index.php\/2025\/09\/24\/forskere-bekrefter-at-mennesker-avgir-en-glod-som-forsvinner-etter-doden\/\"]}]},{\"@type\":\"ImageObject\",\"inLanguage\":\"nb-NO\",\"@id\":\"https:\/\/nordnesrepublikken.no\/index.php\/2025\/09\/24\/forskere-bekrefter-at-mennesker-avgir-en-glod-som-forsvinner-etter-doden\/#primaryimage\",\"url\":\"https:\/\/nordnesrepublikken.no\/wp-content\/uploads\/2025\/09\/1758736223_Forskere-bekrefter-at-mennesker-avgir-en-glod-som-forsvinner-etter.jpg\",\"contentUrl\":\"https:\/\/nordnesrepublikken.no\/wp-content\/uploads\/2025\/09\/1758736223_Forskere-bekrefter-at-mennesker-avgir-en-glod-som-forsvinner-etter.jpg\",\"width\":1200,\"height\":864,\"caption\":\"Forskere bekrefter at mennesker avgir en gl\u00f8d som forsvinner etter d\u00f8den\"},{\"@type\":\"BreadcrumbList\",\"@id\":\"https:\/\/nordnesrepublikken.no\/index.php\/2025\/09\/24\/forskere-bekrefter-at-mennesker-avgir-en-glod-som-forsvinner-etter-doden\/#breadcrumb\",\"itemListElement\":[{\"@type\":\"ListItem\",\"position\":1,\"name\":\"Home\",\"item\":\"https:\/\/nordnesrepublikken.no\/\"},{\"@type\":\"ListItem\",\"position\":2,\"name\":\"Forskere bekrefter at mennesker avgir en gl\u00f8d som forsvinner etter d\u00f8den\"}]},{\"@type\":\"WebSite\",\"@id\":\"https:\/\/nordnesrepublikken.no\/#website\",\"url\":\"https:\/\/nordnesrepublikken.no\/\",\"name\":\"Nordnesrepublikken\",\"description\":\"Stemmer og Visjoner fra Republikkens Hjerte\",\"publisher\":{\"@id\":\"https:\/\/nordnesrepublikken.no\/#organization\"},\"potentialAction\":[{\"@type\":\"SearchAction\",\"target\":{\"@type\":\"EntryPoint\",\"urlTemplate\":\"https:\/\/nordnesrepublikken.no\/?s={search_term_string}\"},\"query-input\":{\"@type\":\"PropertyValueSpecification\",\"valueRequired\":true,\"valueName\":\"search_term_string\"}}],\"inLanguage\":\"nb-NO\"},{\"@type\":\"Organization\",\"@id\":\"https:\/\/nordnesrepublikken.no\/#organization\",\"name\":\"Nordnesrepublikken\",\"url\":\"https:\/\/nordnesrepublikken.no\/\",\"logo\":{\"@type\":\"ImageObject\",\"inLanguage\":\"nb-NO\",\"@id\":\"https:\/\/nordnesrepublikken.no\/#\/schema\/logo\/image\/\",\"url\":\"https:\/\/nordnesrepublikken.no\/wp-content\/uploads\/2025\/02\/cropped-nordnesrepublikken-2.png\",\"contentUrl\":\"https:\/\/nordnesrepublikken.no\/wp-content\/uploads\/2025\/02\/cropped-nordnesrepublikken-2.png\",\"width\":1248,\"height\":362,\"caption\":\"Nordnesrepublikken\"},\"image\":{\"@id\":\"https:\/\/nordnesrepublikken.no\/#\/schema\/logo\/image\/\"}},{\"@type\":\"Person\",\"@id\":\"https:\/\/nordnesrepublikken.no\/#\/schema\/person\/2e7e81935bab77882fffb79296240ff1\",\"name\":\"Ole Andersen\",\"image\":{\"@type\":\"ImageObject\",\"inLanguage\":\"nb-NO\",\"@id\":\"https:\/\/nordnesrepublikken.no\/#\/schema\/person\/image\/\",\"url\":\"https:\/\/nordnesrepublikken.no\/wp-content\/uploads\/2025\/02\/nordnesrepublikken-2-2-150x150.jpg\",\"contentUrl\":\"https:\/\/nordnesrepublikken.no\/wp-content\/uploads\/2025\/02\/nordnesrepublikken-2-2-150x150.jpg\",\"caption\":\"Ole Andersen\"},\"description\":\"Ettersom jeg vokste opp i Oslo, har jeg alltid v\u00e6rt fascinert av ordenes kraft og deres evne til \u00e5 skape endringer. Etter \u00e5 ha fullf\u00f8rt min utdannelse i kommunikasjon ved Universitetet i Bergen, fikk jeg muligheten til \u00e5 jobbe innen ulike medier, der jeg har s\u00f8kt \u00e5 belyse viktige samfunnssp\u00f8rsm\u00e5l. I dag, som redakt\u00f8r for Nordnesrepublikken, pr\u00f8ver jeg \u00e5 forene min kj\u00e6rlighet for journalistikk med min lidenskap for innovasjon og eventyr.\",\"sameAs\":[\"https:\/\/nordnesrepublikken.no\/\"]}]}<\/script>\n<!-- \/ Yoast SEO plugin. -->","yoast_head_json":{"title":"Forskere bekrefter at mennesker avgir en gl\u00f8d som forsvinner etter d\u00f8den - Nordnesrepublikken","robots":{"index":"index","follow":"follow","max-snippet":"max-snippet:-1","max-image-preview":"max-image-preview:large","max-video-preview":"max-video-preview:-1"},"canonical":"https:\/\/nordnesrepublikken.no\/index.php\/2025\/09\/24\/forskere-bekrefter-at-mennesker-avgir-en-glod-som-forsvinner-etter-doden\/","og_locale":"nb_NO","og_type":"article","og_title":"Forskere bekrefter at mennesker avgir en gl\u00f8d som forsvinner etter d\u00f8den - Nordnesrepublikken","og_description":"Gravide kvinner blir ofte beskrevet som &laquo;gl\u00f8dende&raquo;, og ny forskning antyder at det kan v\u00e6re","og_url":"https:\/\/nordnesrepublikken.no\/index.php\/2025\/09\/24\/forskere-bekrefter-at-mennesker-avgir-en-glod-som-forsvinner-etter-doden\/","og_site_name":"Nordnesrepublikken","article_published_time":"2025-09-24T17:50:22+00:00","article_modified_time":"2025-09-24T17:50:25+00:00","og_image":[{"width":1200,"height":864,"url":"https:\/\/nordnesrepublikken.no\/wp-content\/uploads\/2025\/09\/1758736223_Forskere-bekrefter-at-mennesker-avgir-en-glod-som-forsvinner-etter.jpg","type":"image\/jpeg"}],"author":"Ole Andersen","twitter_card":"summary_large_image","twitter_misc":{"Skrevet av":"Ole Andersen","Ansl. lesetid":"2 minutter"},"schema":{"@context":"https:\/\/schema.org","@graph":[{"@type":"Article","@id":"https:\/\/nordnesrepublikken.no\/index.php\/2025\/09\/24\/forskere-bekrefter-at-mennesker-avgir-en-glod-som-forsvinner-etter-doden\/#article","isPartOf":{"@id":"https:\/\/nordnesrepublikken.no\/index.php\/2025\/09\/24\/forskere-bekrefter-at-mennesker-avgir-en-glod-som-forsvinner-etter-doden\/"},"author":{"name":"Ole Andersen","@id":"https:\/\/nordnesrepublikken.no\/#\/schema\/person\/2e7e81935bab77882fffb79296240ff1"},"headline":"Forskere bekrefter at mennesker avgir en gl\u00f8d som forsvinner etter d\u00f8den","datePublished":"2025-09-24T17:50:22+00:00","dateModified":"2025-09-24T17:50:25+00:00","mainEntityOfPage":{"@id":"https:\/\/nordnesrepublikken.no\/index.php\/2025\/09\/24\/forskere-bekrefter-at-mennesker-avgir-en-glod-som-forsvinner-etter-doden\/"},"wordCount":353,"publisher":{"@id":"https:\/\/nordnesrepublikken.no\/#organization"},"image":{"@id":"https:\/\/nordnesrepublikken.no\/index.php\/2025\/09\/24\/forskere-bekrefter-at-mennesker-avgir-en-glod-som-forsvinner-etter-doden\/#primaryimage"},"thumbnailUrl":"https:\/\/nordnesrepublikken.no\/wp-content\/uploads\/2025\/09\/1758736223_Forskere-bekrefter-at-mennesker-avgir-en-glod-som-forsvinner-etter.jpg","keywords":["avgir","bekrefter","d\u00f8den","Etter","forskere","forsvinner","gl\u00f8d","mennesker","som"],"articleSection":["Livsstil"],"inLanguage":"nb-NO"},{"@type":"WebPage","@id":"https:\/\/nordnesrepublikken.no\/index.php\/2025\/09\/24\/forskere-bekrefter-at-mennesker-avgir-en-glod-som-forsvinner-etter-doden\/","url":"https:\/\/nordnesrepublikken.no\/index.php\/2025\/09\/24\/forskere-bekrefter-at-mennesker-avgir-en-glod-som-forsvinner-etter-doden\/","name":"Forskere bekrefter at mennesker avgir en gl\u00f8d som forsvinner etter d\u00f8den - Nordnesrepublikken","isPartOf":{"@id":"https:\/\/nordnesrepublikken.no\/#website"},"primaryImageOfPage":{"@id":"https:\/\/nordnesrepublikken.no\/index.php\/2025\/09\/24\/forskere-bekrefter-at-mennesker-avgir-en-glod-som-forsvinner-etter-doden\/#primaryimage"},"image":{"@id":"https:\/\/nordnesrepublikken.no\/index.php\/2025\/09\/24\/forskere-bekrefter-at-mennesker-avgir-en-glod-som-forsvinner-etter-doden\/#primaryimage"},"thumbnailUrl":"https:\/\/nordnesrepublikken.no\/wp-content\/uploads\/2025\/09\/1758736223_Forskere-bekrefter-at-mennesker-avgir-en-glod-som-forsvinner-etter.jpg","datePublished":"2025-09-24T17:50:22+00:00","dateModified":"2025-09-24T17:50:25+00:00","breadcrumb":{"@id":"https:\/\/nordnesrepublikken.no\/index.php\/2025\/09\/24\/forskere-bekrefter-at-mennesker-avgir-en-glod-som-forsvinner-etter-doden\/#breadcrumb"},"inLanguage":"nb-NO","potentialAction":[{"@type":"ReadAction","target":["https:\/\/nordnesrepublikken.no\/index.php\/2025\/09\/24\/forskere-bekrefter-at-mennesker-avgir-en-glod-som-forsvinner-etter-doden\/"]}]},{"@type":"ImageObject","inLanguage":"nb-NO","@id":"https:\/\/nordnesrepublikken.no\/index.php\/2025\/09\/24\/forskere-bekrefter-at-mennesker-avgir-en-glod-som-forsvinner-etter-doden\/#primaryimage","url":"https:\/\/nordnesrepublikken.no\/wp-content\/uploads\/2025\/09\/1758736223_Forskere-bekrefter-at-mennesker-avgir-en-glod-som-forsvinner-etter.jpg","contentUrl":"https:\/\/nordnesrepublikken.no\/wp-content\/uploads\/2025\/09\/1758736223_Forskere-bekrefter-at-mennesker-avgir-en-glod-som-forsvinner-etter.jpg","width":1200,"height":864,"caption":"Forskere bekrefter at mennesker avgir en gl\u00f8d som forsvinner etter d\u00f8den"},{"@type":"BreadcrumbList","@id":"https:\/\/nordnesrepublikken.no\/index.php\/2025\/09\/24\/forskere-bekrefter-at-mennesker-avgir-en-glod-som-forsvinner-etter-doden\/#breadcrumb","itemListElement":[{"@type":"ListItem","position":1,"name":"Home","item":"https:\/\/nordnesrepublikken.no\/"},{"@type":"ListItem","position":2,"name":"Forskere bekrefter at mennesker avgir en gl\u00f8d som forsvinner etter d\u00f8den"}]},{"@type":"WebSite","@id":"https:\/\/nordnesrepublikken.no\/#website","url":"https:\/\/nordnesrepublikken.no\/","name":"Nordnesrepublikken","description":"Stemmer og Visjoner fra Republikkens Hjerte","publisher":{"@id":"https:\/\/nordnesrepublikken.no\/#organization"},"potentialAction":[{"@type":"SearchAction","target":{"@type":"EntryPoint","urlTemplate":"https:\/\/nordnesrepublikken.no\/?s={search_term_string}"},"query-input":{"@type":"PropertyValueSpecification","valueRequired":true,"valueName":"search_term_string"}}],"inLanguage":"nb-NO"},{"@type":"Organization","@id":"https:\/\/nordnesrepublikken.no\/#organization","name":"Nordnesrepublikken","url":"https:\/\/nordnesrepublikken.no\/","logo":{"@type":"ImageObject","inLanguage":"nb-NO","@id":"https:\/\/nordnesrepublikken.no\/#\/schema\/logo\/image\/","url":"https:\/\/nordnesrepublikken.no\/wp-content\/uploads\/2025\/02\/cropped-nordnesrepublikken-2.png","contentUrl":"https:\/\/nordnesrepublikken.no\/wp-content\/uploads\/2025\/02\/cropped-nordnesrepublikken-2.png","width":1248,"height":362,"caption":"Nordnesrepublikken"},"image":{"@id":"https:\/\/nordnesrepublikken.no\/#\/schema\/logo\/image\/"}},{"@type":"Person","@id":"https:\/\/nordnesrepublikken.no\/#\/schema\/person\/2e7e81935bab77882fffb79296240ff1","name":"Ole Andersen","image":{"@type":"ImageObject","inLanguage":"nb-NO","@id":"https:\/\/nordnesrepublikken.no\/#\/schema\/person\/image\/","url":"https:\/\/nordnesrepublikken.no\/wp-content\/uploads\/2025\/02\/nordnesrepublikken-2-2-150x150.jpg","contentUrl":"https:\/\/nordnesrepublikken.no\/wp-content\/uploads\/2025\/02\/nordnesrepublikken-2-2-150x150.jpg","caption":"Ole Andersen"},"description":"Ettersom jeg vokste opp i Oslo, har jeg alltid v\u00e6rt fascinert av ordenes kraft og deres evne til \u00e5 skape endringer. Etter \u00e5 ha fullf\u00f8rt min utdannelse i kommunikasjon ved Universitetet i Bergen, fikk jeg muligheten til \u00e5 jobbe innen ulike medier, der jeg har s\u00f8kt \u00e5 belyse viktige samfunnssp\u00f8rsm\u00e5l. I dag, som redakt\u00f8r for Nordnesrepublikken, pr\u00f8ver jeg \u00e5 forene min kj\u00e6rlighet for journalistikk med min lidenskap for innovasjon og eventyr.","sameAs":["https:\/\/nordnesrepublikken.no\/"]}]}},"_links":{"self":[{"href":"https:\/\/nordnesrepublikken.no\/index.php\/wp-json\/wp\/v2\/posts\/9917","targetHints":{"allow":["GET"]}}],"collection":[{"href":"https:\/\/nordnesrepublikken.no\/index.php\/wp-json\/wp\/v2\/posts"}],"about":[{"href":"https:\/\/nordnesrepublikken.no\/index.php\/wp-json\/wp\/v2\/types\/post"}],"author":[{"embeddable":true,"href":"https:\/\/nordnesrepublikken.no\/index.php\/wp-json\/wp\/v2\/users\/1"}],"replies":[{"embeddable":true,"href":"https:\/\/nordnesrepublikken.no\/index.php\/wp-json\/wp\/v2\/comments?post=9917"}],"version-history":[{"count":1,"href":"https:\/\/nordnesrepublikken.no\/index.php\/wp-json\/wp\/v2\/posts\/9917\/revisions"}],"predecessor-version":[{"id":9919,"href":"https:\/\/nordnesrepublikken.no\/index.php\/wp-json\/wp\/v2\/posts\/9917\/revisions\/9919"}],"wp:featuredmedia":[{"embeddable":true,"href":"https:\/\/nordnesrepublikken.no\/index.php\/wp-json\/wp\/v2\/media\/9918"}],"wp:attachment":[{"href":"https:\/\/nordnesrepublikken.no\/index.php\/wp-json\/wp\/v2\/media?parent=9917"}],"wp:term":[{"taxonomy":"category","embeddable":true,"href":"https:\/\/nordnesrepublikken.no\/index.php\/wp-json\/wp\/v2\/categories?post=9917"},{"taxonomy":"post_tag","embeddable":true,"href":"https:\/\/nordnesrepublikken.no\/index.php\/wp-json\/wp\/v2\/tags?post=9917"}],"curies":[{"name":"wp","href":"https:\/\/api.w.org\/{rel}","templated":true}]}}