{"id":9914,"date":"2025-09-24T17:49:38","date_gmt":"2025-09-24T15:49:38","guid":{"rendered":"https:\/\/nordnesrepublikken.no\/index.php\/2025\/09\/24\/det-kan-vaere-det-mest-voldelige-siden-2018\/"},"modified":"2025-09-24T17:49:39","modified_gmt":"2025-09-24T15:49:39","slug":"det-kan-vaere-det-mest-voldelige-siden-2018","status":"publish","type":"post","link":"https:\/\/nordnesrepublikken.no\/index.php\/2025\/09\/24\/det-kan-vaere-det-mest-voldelige-siden-2018\/","title":{"rendered":"Det kan v\u00e6re det mest voldelige siden 2018"},"content":{"rendered":"<div>\n<div class=\"cp_wrapper cp_wrapper--fw mb-30 mb-20@tablet\">\n<figure class=\"mm\"><picture class=\"img\" style=\"padding-top:56.25%\"><source  media=\"(min-width: 1024px)\"><source  media=\"(min-width: 768px)\"><\/source><\/source><\/picture><\/figure>\n<\/p><\/div>\n<p>De <strong>\u201cSuper Tiphone\u201d Ragasa<\/strong> ber\u00f8rte land i Kina a <strong>Yangjiang,<\/strong> I provinsen Guangdong, hvor omtrent 2 millioner mennesker er blitt evakuert og flyttet til tilfluktsentre eller de \u00f8verste etasjene i bygningene. N\u00e5 er gutta, den mest voldelige tropiske syklonen fra 2025, p\u00e5 vei mot <strong>Vietnam<\/strong> Der han vil fortsette \u00e5 miste intensiteten, selv om han i de foreg\u00e5ende timene har for\u00e5rsaket mange skader: i <strong>Filippinene<\/strong> I det minste er blitt rapportert <strong>10 ofre<\/strong> p\u00e5 grunn av voldelig tjue ved 265 km\/t, mens a <strong>Taiwan<\/strong> Flommene har v\u00e6rt mer katastrofale enn forventet, med 17 mennesker som mistet livet og minst 120 er spredt p\u00e5 grunn av utforskningen av en innsj\u00f8. TIL <strong>Hong Kong<\/strong>derimot ble vindvind p\u00e5 omtrent 206 km\/t registrert, med b\u00f8lger p\u00e5 omtrent 2-3 meter langs kysten.<\/p>\n<p>Syklonens \u00f8ye skal treffe den kinesiske byen <strong>Zhanjiang<\/strong> Rundt 16:00 italiensk (23:00 lokal): Etter \u00e5 ha styrket i det filippinske havet og n\u00e5dd den maksimale kategorien (tilsvarer en orkan i kategori 5), er tyfonen imidlertid <strong>redusert intensitet<\/strong>Synkende til en kategori 3 p\u00e5 saffir-spesonskalaen: Likevel forblir dets destruktive potensiale h\u00f8yt. I f\u00f8lge dataene fra det kinesiske meteorologiske senteret (CMA, <em>Kina meteorologisk administrasjon<\/em>), a <strong>Yangjiang<\/strong> 144 km\/t vindkast ble registrert, mens de kraftige regnene kunne laste ned mellom 250 mm og 450 mm regn p\u00e5 noen f\u00e5 timer.<\/p>\n<h2>Ragasa kan v\u00e6re den mest voldelige tyfonen i Kina siden 2018<\/h2>\n<p>Til tross for at han ble svekket i l\u00f8pet av de siste timene og blitt nedgradert av &laquo;supertone&raquo; til &laquo;intens tyfon&raquo;, opprettholder Ragasa fortsatt en <strong>Destruktivt potensial, <\/strong>med tjue av <strong>144 km\/t<\/strong> spilt inn i Yangjiang og topper opp til <strong>241 km\/t<\/strong>. I f\u00f8lge prognosene for CMA kan de kraftige regnene for\u00e5rsake voldelige stormer, og lastes ned mellom <strong>250 mm<\/strong> Han er <strong>450 mm<\/strong> vann p\u00e5 noen f\u00e5 timer, en mengde regn som vanligvis faller i l\u00f8pet av en hel m\u00e5ned.<\/p>\n<p>DE&#8217;<strong>\u00f8ye av syklonen<\/strong>p\u00e5 den annen side, den skal ber\u00f8re bakken rundt 16:00 italiensk (23:00 lokal), bryte ned p\u00e5 byen Zhanjiang og for\u00e5rsake stormer langs kysten, med forventede b\u00f8lger p\u00e5 minst <strong>2-3 meter h\u00f8y<\/strong>som synlig ogs\u00e5 i videoen nedenfor.<\/p>\n<p>Den kinesiske regionen, blant annet, er allerede spesielt pr\u00f8vd av passering av Mitag Storm, som bare fant sted i forrige uke: gitt volden, kinesiske v\u00e6reksperter kalte &laquo;<strong>King of Storms<\/strong>&laquo;.<\/p>\n<p>I tillegg til \u00e5 v\u00e6re den mest intense tropiske syklonen fra 2025, risikerer Ragaso ogs\u00e5 \u00e5 v\u00e6re ogs\u00e5 <strong>Den mest voldelige tyfonen som p\u00e5virker Kina siden 2018<\/strong>: I fylket Taishan ble faktisk tjue opp til 241 km\/t registrert, og oversteg tyfonen Mangkhut i 2018. P\u00e5 samme m\u00e5te kan hevingen av vannstanden p\u00e5 grunn av stormb\u00f8lger og intenst nedb\u00f8r for\u00e5rsake st\u00f8rre skade enn for 7 \u00e5r siden, da det endelige budsjettet var 134 ofre og utover <strong>3,77 milliarder dollar<\/strong> av \u00f8konomiske tap.<\/p>\n<h2>Gutta som setter kursen mot Vietnam<\/h2>\n<p>For \u00f8yeblikket beveger gutta Super Typhoon seg mot <strong>Vest<\/strong> med en hastighet p\u00e5 <strong>20 km\/t<\/strong>: I l\u00f8pet av de neste timene vil den f\u00f8rste informasjonen om skader for\u00e5rsaket i Kina og i provinsen Guangdong bli utgitt. I f\u00f8lge prognosene for CMA, b\u00f8r Ragaso i morgen 25. september v\u00e6re <strong>nedgradert<\/strong> Fra Typhon til <strong>tropisk storm<\/strong>n\u00e5 deretter <strong>Vietnam, <\/strong>gjennom <strong>Tonchino Gulf<\/strong>ytterligere svekket <strong>tropisk depresjon<\/strong>eller kategorien med lavere intensitet for en syklon (tjue forventet mellom 63 km\/hei 117 km\/t). I alle fall har de vietnamesiske myndighetene allerede invitert befolkningen til maksimal forsiktighet, gitt risikoen for sterk regn, plutselige flom og sterk vind.<\/p>\n<div class=\"cp_wrapper cp_wrapper--fw mb-50\">\n<figure class=\"mm\"><picture class=\"img\" style=\"padding-top:58.930276981853%\"><source  media=\"(min-width: 1024px)\"><source  media=\"(min-width: 768px)\"><img decoding=\"async\" loading=\"lazy\" src=\"https:\/\/nordnesrepublikken.no\/wp-content\/uploads\/2025\/09\/Det-kan-vaere-det-mest-voldelige-siden-2018.jpg\" alt=\"Typhoon-Ragasa-Traiettoria-Kina\" width=\"1047\" height=\"617\"\/><\/source><\/source><\/picture><\/figure>\n<\/p><\/div>\n<p>Husk at Typhon og orkanen er to tilsvarende termer, brukt for \u00e5 indikere det samme atmosf\u00e6riske fenomenet, det vil si en tropisk syklon: Imidlertid, mens tyfonen genereres utenfor den asiatiske kysten av Stillehavet, har orkanen sin opprinnelse utenfor kysten av det sentrale nord-Amerika.<\/p>\n<\/p><\/div>\n","protected":false},"excerpt":{"rendered":"<p>De \u201cSuper Tiphone\u201d Ragasa ber\u00f8rte land i Kina a Yangjiang, I provinsen Guangdong, hvor omtrent<\/p>\n","protected":false},"author":1,"featured_media":9915,"comment_status":"closed","ping_status":"open","sticky":false,"template":"","format":"standard","meta":{"footnotes":""},"categories":[26],"tags":[66,339,167,564,290,626],"class_list":["post-9914","post","type-post","status-publish","format-standard","has-post-thumbnail","hentry","category-miljo","tag-det","tag-kan","tag-mest","tag-siden","tag-vaere","tag-voldelige","generate-columns","tablet-grid-50","mobile-grid-100","grid-parent","grid-33"],"yoast_head":"<!-- This site is optimized with the Yoast SEO plugin v24.4 - https:\/\/yoast.com\/wordpress\/plugins\/seo\/ -->\n<title>Det kan v\u00e6re det mest voldelige siden 2018 - Nordnesrepublikken<\/title>\n<meta name=\"robots\" content=\"index, follow, max-snippet:-1, max-image-preview:large, max-video-preview:-1\" \/>\n<link rel=\"canonical\" href=\"https:\/\/nordnesrepublikken.no\/index.php\/2025\/09\/24\/det-kan-vaere-det-mest-voldelige-siden-2018\/\" \/>\n<meta property=\"og:locale\" content=\"nb_NO\" \/>\n<meta property=\"og:type\" content=\"article\" \/>\n<meta property=\"og:title\" content=\"Det kan v\u00e6re det mest voldelige siden 2018 - Nordnesrepublikken\" \/>\n<meta property=\"og:description\" content=\"De \u201cSuper Tiphone\u201d Ragasa ber\u00f8rte land i Kina a Yangjiang, I provinsen Guangdong, hvor omtrent\" \/>\n<meta property=\"og:url\" content=\"https:\/\/nordnesrepublikken.no\/index.php\/2025\/09\/24\/det-kan-vaere-det-mest-voldelige-siden-2018\/\" \/>\n<meta property=\"og:site_name\" content=\"Nordnesrepublikken\" \/>\n<meta property=\"article:published_time\" content=\"2025-09-24T15:49:38+00:00\" \/>\n<meta property=\"article:modified_time\" content=\"2025-09-24T15:49:39+00:00\" \/>\n<meta property=\"og:image\" content=\"https:\/\/nordnesrepublikken.no\/wp-content\/uploads\/2025\/09\/1758728979_Det-kan-vaere-det-mest-voldelige-siden-2018.jpeg\" \/>\n\t<meta property=\"og:image:width\" content=\"960\" \/>\n\t<meta property=\"og:image:height\" content=\"600\" \/>\n\t<meta property=\"og:image:type\" content=\"image\/jpeg\" \/>\n<meta name=\"author\" content=\"Ole Andersen\" \/>\n<meta name=\"twitter:card\" content=\"summary_large_image\" \/>\n<meta name=\"twitter:label1\" content=\"Skrevet av\" \/>\n\t<meta name=\"twitter:data1\" content=\"Ole Andersen\" \/>\n\t<meta name=\"twitter:label2\" content=\"Ansl. lesetid\" \/>\n\t<meta name=\"twitter:data2\" content=\"3 minutter\" \/>\n<script type=\"application\/ld+json\" class=\"yoast-schema-graph\">{\"@context\":\"https:\/\/schema.org\",\"@graph\":[{\"@type\":\"Article\",\"@id\":\"https:\/\/nordnesrepublikken.no\/index.php\/2025\/09\/24\/det-kan-vaere-det-mest-voldelige-siden-2018\/#article\",\"isPartOf\":{\"@id\":\"https:\/\/nordnesrepublikken.no\/index.php\/2025\/09\/24\/det-kan-vaere-det-mest-voldelige-siden-2018\/\"},\"author\":{\"name\":\"Ole Andersen\",\"@id\":\"https:\/\/nordnesrepublikken.no\/#\/schema\/person\/2e7e81935bab77882fffb79296240ff1\"},\"headline\":\"Det kan v\u00e6re det mest voldelige siden 2018\",\"datePublished\":\"2025-09-24T15:49:38+00:00\",\"dateModified\":\"2025-09-24T15:49:39+00:00\",\"mainEntityOfPage\":{\"@id\":\"https:\/\/nordnesrepublikken.no\/index.php\/2025\/09\/24\/det-kan-vaere-det-mest-voldelige-siden-2018\/\"},\"wordCount\":617,\"publisher\":{\"@id\":\"https:\/\/nordnesrepublikken.no\/#organization\"},\"image\":{\"@id\":\"https:\/\/nordnesrepublikken.no\/index.php\/2025\/09\/24\/det-kan-vaere-det-mest-voldelige-siden-2018\/#primaryimage\"},\"thumbnailUrl\":\"https:\/\/nordnesrepublikken.no\/wp-content\/uploads\/2025\/09\/1758728979_Det-kan-vaere-det-mest-voldelige-siden-2018.jpeg\",\"keywords\":[\"Det\",\"kan\",\"mest\",\"siden\",\"v\u00e6re\",\"voldelige\"],\"articleSection\":[\"Milj\u00f8\"],\"inLanguage\":\"nb-NO\"},{\"@type\":\"WebPage\",\"@id\":\"https:\/\/nordnesrepublikken.no\/index.php\/2025\/09\/24\/det-kan-vaere-det-mest-voldelige-siden-2018\/\",\"url\":\"https:\/\/nordnesrepublikken.no\/index.php\/2025\/09\/24\/det-kan-vaere-det-mest-voldelige-siden-2018\/\",\"name\":\"Det kan v\u00e6re det mest voldelige siden 2018 - Nordnesrepublikken\",\"isPartOf\":{\"@id\":\"https:\/\/nordnesrepublikken.no\/#website\"},\"primaryImageOfPage\":{\"@id\":\"https:\/\/nordnesrepublikken.no\/index.php\/2025\/09\/24\/det-kan-vaere-det-mest-voldelige-siden-2018\/#primaryimage\"},\"image\":{\"@id\":\"https:\/\/nordnesrepublikken.no\/index.php\/2025\/09\/24\/det-kan-vaere-det-mest-voldelige-siden-2018\/#primaryimage\"},\"thumbnailUrl\":\"https:\/\/nordnesrepublikken.no\/wp-content\/uploads\/2025\/09\/1758728979_Det-kan-vaere-det-mest-voldelige-siden-2018.jpeg\",\"datePublished\":\"2025-09-24T15:49:38+00:00\",\"dateModified\":\"2025-09-24T15:49:39+00:00\",\"breadcrumb\":{\"@id\":\"https:\/\/nordnesrepublikken.no\/index.php\/2025\/09\/24\/det-kan-vaere-det-mest-voldelige-siden-2018\/#breadcrumb\"},\"inLanguage\":\"nb-NO\",\"potentialAction\":[{\"@type\":\"ReadAction\",\"target\":[\"https:\/\/nordnesrepublikken.no\/index.php\/2025\/09\/24\/det-kan-vaere-det-mest-voldelige-siden-2018\/\"]}]},{\"@type\":\"ImageObject\",\"inLanguage\":\"nb-NO\",\"@id\":\"https:\/\/nordnesrepublikken.no\/index.php\/2025\/09\/24\/det-kan-vaere-det-mest-voldelige-siden-2018\/#primaryimage\",\"url\":\"https:\/\/nordnesrepublikken.no\/wp-content\/uploads\/2025\/09\/1758728979_Det-kan-vaere-det-mest-voldelige-siden-2018.jpeg\",\"contentUrl\":\"https:\/\/nordnesrepublikken.no\/wp-content\/uploads\/2025\/09\/1758728979_Det-kan-vaere-det-mest-voldelige-siden-2018.jpeg\",\"width\":960,\"height\":600,\"caption\":\"Det kan v\u00e6re det mest voldelige siden 2018\"},{\"@type\":\"BreadcrumbList\",\"@id\":\"https:\/\/nordnesrepublikken.no\/index.php\/2025\/09\/24\/det-kan-vaere-det-mest-voldelige-siden-2018\/#breadcrumb\",\"itemListElement\":[{\"@type\":\"ListItem\",\"position\":1,\"name\":\"Home\",\"item\":\"https:\/\/nordnesrepublikken.no\/\"},{\"@type\":\"ListItem\",\"position\":2,\"name\":\"Det kan v\u00e6re det mest voldelige siden 2018\"}]},{\"@type\":\"WebSite\",\"@id\":\"https:\/\/nordnesrepublikken.no\/#website\",\"url\":\"https:\/\/nordnesrepublikken.no\/\",\"name\":\"Nordnesrepublikken\",\"description\":\"Stemmer og Visjoner fra Republikkens Hjerte\",\"publisher\":{\"@id\":\"https:\/\/nordnesrepublikken.no\/#organization\"},\"potentialAction\":[{\"@type\":\"SearchAction\",\"target\":{\"@type\":\"EntryPoint\",\"urlTemplate\":\"https:\/\/nordnesrepublikken.no\/?s={search_term_string}\"},\"query-input\":{\"@type\":\"PropertyValueSpecification\",\"valueRequired\":true,\"valueName\":\"search_term_string\"}}],\"inLanguage\":\"nb-NO\"},{\"@type\":\"Organization\",\"@id\":\"https:\/\/nordnesrepublikken.no\/#organization\",\"name\":\"Nordnesrepublikken\",\"url\":\"https:\/\/nordnesrepublikken.no\/\",\"logo\":{\"@type\":\"ImageObject\",\"inLanguage\":\"nb-NO\",\"@id\":\"https:\/\/nordnesrepublikken.no\/#\/schema\/logo\/image\/\",\"url\":\"https:\/\/nordnesrepublikken.no\/wp-content\/uploads\/2025\/02\/cropped-nordnesrepublikken-2.png\",\"contentUrl\":\"https:\/\/nordnesrepublikken.no\/wp-content\/uploads\/2025\/02\/cropped-nordnesrepublikken-2.png\",\"width\":1248,\"height\":362,\"caption\":\"Nordnesrepublikken\"},\"image\":{\"@id\":\"https:\/\/nordnesrepublikken.no\/#\/schema\/logo\/image\/\"}},{\"@type\":\"Person\",\"@id\":\"https:\/\/nordnesrepublikken.no\/#\/schema\/person\/2e7e81935bab77882fffb79296240ff1\",\"name\":\"Ole Andersen\",\"image\":{\"@type\":\"ImageObject\",\"inLanguage\":\"nb-NO\",\"@id\":\"https:\/\/nordnesrepublikken.no\/#\/schema\/person\/image\/\",\"url\":\"https:\/\/nordnesrepublikken.no\/wp-content\/uploads\/2025\/02\/nordnesrepublikken-2-2-150x150.jpg\",\"contentUrl\":\"https:\/\/nordnesrepublikken.no\/wp-content\/uploads\/2025\/02\/nordnesrepublikken-2-2-150x150.jpg\",\"caption\":\"Ole Andersen\"},\"description\":\"Ettersom jeg vokste opp i Oslo, har jeg alltid v\u00e6rt fascinert av ordenes kraft og deres evne til \u00e5 skape endringer. Etter \u00e5 ha fullf\u00f8rt min utdannelse i kommunikasjon ved Universitetet i Bergen, fikk jeg muligheten til \u00e5 jobbe innen ulike medier, der jeg har s\u00f8kt \u00e5 belyse viktige samfunnssp\u00f8rsm\u00e5l. I dag, som redakt\u00f8r for Nordnesrepublikken, pr\u00f8ver jeg \u00e5 forene min kj\u00e6rlighet for journalistikk med min lidenskap for innovasjon og eventyr.\",\"sameAs\":[\"https:\/\/nordnesrepublikken.no\/\"]}]}<\/script>\n<!-- \/ Yoast SEO plugin. -->","yoast_head_json":{"title":"Det kan v\u00e6re det mest voldelige siden 2018 - Nordnesrepublikken","robots":{"index":"index","follow":"follow","max-snippet":"max-snippet:-1","max-image-preview":"max-image-preview:large","max-video-preview":"max-video-preview:-1"},"canonical":"https:\/\/nordnesrepublikken.no\/index.php\/2025\/09\/24\/det-kan-vaere-det-mest-voldelige-siden-2018\/","og_locale":"nb_NO","og_type":"article","og_title":"Det kan v\u00e6re det mest voldelige siden 2018 - Nordnesrepublikken","og_description":"De \u201cSuper Tiphone\u201d Ragasa ber\u00f8rte land i Kina a Yangjiang, I provinsen Guangdong, hvor omtrent","og_url":"https:\/\/nordnesrepublikken.no\/index.php\/2025\/09\/24\/det-kan-vaere-det-mest-voldelige-siden-2018\/","og_site_name":"Nordnesrepublikken","article_published_time":"2025-09-24T15:49:38+00:00","article_modified_time":"2025-09-24T15:49:39+00:00","og_image":[{"width":960,"height":600,"url":"https:\/\/nordnesrepublikken.no\/wp-content\/uploads\/2025\/09\/1758728979_Det-kan-vaere-det-mest-voldelige-siden-2018.jpeg","type":"image\/jpeg"}],"author":"Ole Andersen","twitter_card":"summary_large_image","twitter_misc":{"Skrevet av":"Ole Andersen","Ansl. lesetid":"3 minutter"},"schema":{"@context":"https:\/\/schema.org","@graph":[{"@type":"Article","@id":"https:\/\/nordnesrepublikken.no\/index.php\/2025\/09\/24\/det-kan-vaere-det-mest-voldelige-siden-2018\/#article","isPartOf":{"@id":"https:\/\/nordnesrepublikken.no\/index.php\/2025\/09\/24\/det-kan-vaere-det-mest-voldelige-siden-2018\/"},"author":{"name":"Ole Andersen","@id":"https:\/\/nordnesrepublikken.no\/#\/schema\/person\/2e7e81935bab77882fffb79296240ff1"},"headline":"Det kan v\u00e6re det mest voldelige siden 2018","datePublished":"2025-09-24T15:49:38+00:00","dateModified":"2025-09-24T15:49:39+00:00","mainEntityOfPage":{"@id":"https:\/\/nordnesrepublikken.no\/index.php\/2025\/09\/24\/det-kan-vaere-det-mest-voldelige-siden-2018\/"},"wordCount":617,"publisher":{"@id":"https:\/\/nordnesrepublikken.no\/#organization"},"image":{"@id":"https:\/\/nordnesrepublikken.no\/index.php\/2025\/09\/24\/det-kan-vaere-det-mest-voldelige-siden-2018\/#primaryimage"},"thumbnailUrl":"https:\/\/nordnesrepublikken.no\/wp-content\/uploads\/2025\/09\/1758728979_Det-kan-vaere-det-mest-voldelige-siden-2018.jpeg","keywords":["Det","kan","mest","siden","v\u00e6re","voldelige"],"articleSection":["Milj\u00f8"],"inLanguage":"nb-NO"},{"@type":"WebPage","@id":"https:\/\/nordnesrepublikken.no\/index.php\/2025\/09\/24\/det-kan-vaere-det-mest-voldelige-siden-2018\/","url":"https:\/\/nordnesrepublikken.no\/index.php\/2025\/09\/24\/det-kan-vaere-det-mest-voldelige-siden-2018\/","name":"Det kan v\u00e6re det mest voldelige siden 2018 - Nordnesrepublikken","isPartOf":{"@id":"https:\/\/nordnesrepublikken.no\/#website"},"primaryImageOfPage":{"@id":"https:\/\/nordnesrepublikken.no\/index.php\/2025\/09\/24\/det-kan-vaere-det-mest-voldelige-siden-2018\/#primaryimage"},"image":{"@id":"https:\/\/nordnesrepublikken.no\/index.php\/2025\/09\/24\/det-kan-vaere-det-mest-voldelige-siden-2018\/#primaryimage"},"thumbnailUrl":"https:\/\/nordnesrepublikken.no\/wp-content\/uploads\/2025\/09\/1758728979_Det-kan-vaere-det-mest-voldelige-siden-2018.jpeg","datePublished":"2025-09-24T15:49:38+00:00","dateModified":"2025-09-24T15:49:39+00:00","breadcrumb":{"@id":"https:\/\/nordnesrepublikken.no\/index.php\/2025\/09\/24\/det-kan-vaere-det-mest-voldelige-siden-2018\/#breadcrumb"},"inLanguage":"nb-NO","potentialAction":[{"@type":"ReadAction","target":["https:\/\/nordnesrepublikken.no\/index.php\/2025\/09\/24\/det-kan-vaere-det-mest-voldelige-siden-2018\/"]}]},{"@type":"ImageObject","inLanguage":"nb-NO","@id":"https:\/\/nordnesrepublikken.no\/index.php\/2025\/09\/24\/det-kan-vaere-det-mest-voldelige-siden-2018\/#primaryimage","url":"https:\/\/nordnesrepublikken.no\/wp-content\/uploads\/2025\/09\/1758728979_Det-kan-vaere-det-mest-voldelige-siden-2018.jpeg","contentUrl":"https:\/\/nordnesrepublikken.no\/wp-content\/uploads\/2025\/09\/1758728979_Det-kan-vaere-det-mest-voldelige-siden-2018.jpeg","width":960,"height":600,"caption":"Det kan v\u00e6re det mest voldelige siden 2018"},{"@type":"BreadcrumbList","@id":"https:\/\/nordnesrepublikken.no\/index.php\/2025\/09\/24\/det-kan-vaere-det-mest-voldelige-siden-2018\/#breadcrumb","itemListElement":[{"@type":"ListItem","position":1,"name":"Home","item":"https:\/\/nordnesrepublikken.no\/"},{"@type":"ListItem","position":2,"name":"Det kan v\u00e6re det mest voldelige siden 2018"}]},{"@type":"WebSite","@id":"https:\/\/nordnesrepublikken.no\/#website","url":"https:\/\/nordnesrepublikken.no\/","name":"Nordnesrepublikken","description":"Stemmer og Visjoner fra Republikkens Hjerte","publisher":{"@id":"https:\/\/nordnesrepublikken.no\/#organization"},"potentialAction":[{"@type":"SearchAction","target":{"@type":"EntryPoint","urlTemplate":"https:\/\/nordnesrepublikken.no\/?s={search_term_string}"},"query-input":{"@type":"PropertyValueSpecification","valueRequired":true,"valueName":"search_term_string"}}],"inLanguage":"nb-NO"},{"@type":"Organization","@id":"https:\/\/nordnesrepublikken.no\/#organization","name":"Nordnesrepublikken","url":"https:\/\/nordnesrepublikken.no\/","logo":{"@type":"ImageObject","inLanguage":"nb-NO","@id":"https:\/\/nordnesrepublikken.no\/#\/schema\/logo\/image\/","url":"https:\/\/nordnesrepublikken.no\/wp-content\/uploads\/2025\/02\/cropped-nordnesrepublikken-2.png","contentUrl":"https:\/\/nordnesrepublikken.no\/wp-content\/uploads\/2025\/02\/cropped-nordnesrepublikken-2.png","width":1248,"height":362,"caption":"Nordnesrepublikken"},"image":{"@id":"https:\/\/nordnesrepublikken.no\/#\/schema\/logo\/image\/"}},{"@type":"Person","@id":"https:\/\/nordnesrepublikken.no\/#\/schema\/person\/2e7e81935bab77882fffb79296240ff1","name":"Ole Andersen","image":{"@type":"ImageObject","inLanguage":"nb-NO","@id":"https:\/\/nordnesrepublikken.no\/#\/schema\/person\/image\/","url":"https:\/\/nordnesrepublikken.no\/wp-content\/uploads\/2025\/02\/nordnesrepublikken-2-2-150x150.jpg","contentUrl":"https:\/\/nordnesrepublikken.no\/wp-content\/uploads\/2025\/02\/nordnesrepublikken-2-2-150x150.jpg","caption":"Ole Andersen"},"description":"Ettersom jeg vokste opp i Oslo, har jeg alltid v\u00e6rt fascinert av ordenes kraft og deres evne til \u00e5 skape endringer. Etter \u00e5 ha fullf\u00f8rt min utdannelse i kommunikasjon ved Universitetet i Bergen, fikk jeg muligheten til \u00e5 jobbe innen ulike medier, der jeg har s\u00f8kt \u00e5 belyse viktige samfunnssp\u00f8rsm\u00e5l. I dag, som redakt\u00f8r for Nordnesrepublikken, pr\u00f8ver jeg \u00e5 forene min kj\u00e6rlighet for journalistikk med min lidenskap for innovasjon og eventyr.","sameAs":["https:\/\/nordnesrepublikken.no\/"]}]}},"_links":{"self":[{"href":"https:\/\/nordnesrepublikken.no\/index.php\/wp-json\/wp\/v2\/posts\/9914","targetHints":{"allow":["GET"]}}],"collection":[{"href":"https:\/\/nordnesrepublikken.no\/index.php\/wp-json\/wp\/v2\/posts"}],"about":[{"href":"https:\/\/nordnesrepublikken.no\/index.php\/wp-json\/wp\/v2\/types\/post"}],"author":[{"embeddable":true,"href":"https:\/\/nordnesrepublikken.no\/index.php\/wp-json\/wp\/v2\/users\/1"}],"replies":[{"embeddable":true,"href":"https:\/\/nordnesrepublikken.no\/index.php\/wp-json\/wp\/v2\/comments?post=9914"}],"version-history":[{"count":1,"href":"https:\/\/nordnesrepublikken.no\/index.php\/wp-json\/wp\/v2\/posts\/9914\/revisions"}],"predecessor-version":[{"id":9916,"href":"https:\/\/nordnesrepublikken.no\/index.php\/wp-json\/wp\/v2\/posts\/9914\/revisions\/9916"}],"wp:featuredmedia":[{"embeddable":true,"href":"https:\/\/nordnesrepublikken.no\/index.php\/wp-json\/wp\/v2\/media\/9915"}],"wp:attachment":[{"href":"https:\/\/nordnesrepublikken.no\/index.php\/wp-json\/wp\/v2\/media?parent=9914"}],"wp:term":[{"taxonomy":"category","embeddable":true,"href":"https:\/\/nordnesrepublikken.no\/index.php\/wp-json\/wp\/v2\/categories?post=9914"},{"taxonomy":"post_tag","embeddable":true,"href":"https:\/\/nordnesrepublikken.no\/index.php\/wp-json\/wp\/v2\/tags?post=9914"}],"curies":[{"name":"wp","href":"https:\/\/api.w.org\/{rel}","templated":true}]}}