{"id":9905,"date":"2025-09-24T13:50:37","date_gmt":"2025-09-24T11:50:37","guid":{"rendered":"https:\/\/nordnesrepublikken.no\/index.php\/2025\/09\/24\/hvordan-horte-vi-pa-vestlig-musikk-i-sovjetunionen-under-den-kalde-krigen\/"},"modified":"2025-09-24T13:50:38","modified_gmt":"2025-09-24T11:50:38","slug":"hvordan-horte-vi-pa-vestlig-musikk-i-sovjetunionen-under-den-kalde-krigen","status":"publish","type":"post","link":"https:\/\/nordnesrepublikken.no\/index.php\/2025\/09\/24\/hvordan-horte-vi-pa-vestlig-musikk-i-sovjetunionen-under-den-kalde-krigen\/","title":{"rendered":"Hvordan h\u00f8rte vi p\u00e5 vestlig musikk i Sovjetunionen under den kalde krigen?"},"content":{"rendered":"<div>\n<div class=\"cp_wrapper cp_wrapper--fw mb-30 mb-20@tablet\">\n<figure class=\"mm\"><picture class=\"img\" style=\"padding-top:56.25%\"><source  media=\"(min-width: 1024px)\"><source  media=\"(min-width: 768px)\"><\/source><\/source><\/picture><\/figure>\n<\/p><\/div>\n<p>I Sovjetunionen av den kalde krigen<strong> Vestlig musikk var forbudt<\/strong>men \u00f8nsket om \u00e5 lytte til det fant en alternativ og genial m\u00e5te. P\u00e5 gamle radiografier, kuttet og gravert som vinyl, ble jeg f\u00f8dt <strong>&laquo;Benskiver&raquo;<\/strong>: hemmelige kopier av jazz og rock som brakte den forbudte lyden i sovjetiske hjem. Under den kalde krigen, <strong>Vestlig musikk og spesielt rock and roll og jazz kom<\/strong><strong>  forbudt av partiet i frykt for ideologisk korrupsjon<\/strong>. Behovet for musikk og smaken av vestlig nyhet forsvant imidlertid ikke, noe som mange hadde opplevd under andre verdenskrig: dette f\u00f8rte til en strategi for \u00e5 komme seg rundt forbudet.<\/p>\n<p>Selv om denne oppfinnelsen er omstridt mellom forskjellige land og om flere \u00e5r, er det <strong>PhD James Taylor<\/strong> av <em>Department of Music<\/em> av University of Bristol har identifisert f\u00f8dselen av <strong>Denne ideen i 1946 i Leningrado<\/strong>i en studie om Nevsky -perspektivet kalt &laquo;Audio Message&raquo;. Her brukte grunnleggeren Stanislav Filon en tysk musikalsk remastery Telefunken for \u00e5 gjenskape musikalske innspillinger fra den originale vinylen p\u00e5 lavt kostnad gjenoppfunnet radiografisk materiale<strong>: X -ray -platene<\/strong>.<\/p>\n<div class=\"cp_wrapper cp_wrapper--fw mb-50\">\n<figure class=\"mm\"><picture class=\"img\" style=\"padding-top:97.03125%\"><source  media=\"(min-width: 1024px)\"><source  media=\"(min-width: 768px)\"><img decoding=\"async\" loading=\"lazy\" src=\"https:\/\/nordnesrepublikken.no\/wp-content\/uploads\/2025\/09\/1758714637_250_Hvordan-horte-vi-pa-vestlig-musikk-i-Sovjetunionen-under-den.jpg\" alt=\"Musikkradiografer\" width=\"640\" height=\"621\"\/><\/source><\/source><\/picture><\/figure>\n<\/p><\/div>\n<p>Disse platene (som ikke fremsto titler av sanger eller gruppenavn) ble kjent som &laquo;<strong>R\u00ebbra<\/strong>&laquo;Det vil si ribbeina &#8211; fordi r\u00f8ntgenbildene av platen ofte var synlige &#8211; men de ble ofte kalt&raquo;<strong>Roentgeniizdat<\/strong>&laquo;(&raquo; X -Ray Publications &laquo;) eller beinmusikk.<\/p>\n<p>Platene ble avrundet med saks og perforert i sentrum (ofte med en sigarett). <strong>Kvaliteten p\u00e5 disse kopiene var ikke veldig h\u00f8y, men de koster lite<\/strong> \u00c5 gj\u00f8re og kj\u00f8pe, og snart viste de seg \u00e5 v\u00e6re veldig effektive i \u00e5 bringe forbudt musikk der han ikke kunne ankomme: <strong>Louis Armstrong, Duke Ellington, Ella Fitzgerald, Elvis Presley, men ogs\u00e5 Beatles, Rolling Stones og Beach Boys<\/strong> N\u00e5 spilte de i husene til<strong>Sovjetunionen<\/strong>.<\/p>\n<p>Mange andre underjordiske studier begynte \u00e5 produsere tusenvis av radiografiske kopier, som ble solgt p\u00e5 det svarte markedet til de ble, p\u00e5 slutten av 1950 -tallet, &laquo;<strong>Den felles valutaen til den sovjetiske blokken<\/strong>&laquo;.<\/p>\n<p>De ble veldig popul\u00e6re ogs\u00e5 takket v\u00e6re de sovjetiske subkulturene, f\u00f8rst og fremst &laquo;<strong>Stiliagi<\/strong>&laquo;, Stylosen (ekvivalent med&raquo; hipstere &laquo;i vestlig litteratur), som representerte et avslag p\u00e5 musikalske, mote- og atferdsstiler som ble fremmet p\u00e5 institusjonelt niv\u00e5 i USSR, og ble tilhengere av en ny vestlig modell (med en noe&raquo; fett &laquo;-stil) og promoterende dansende m\u00f8ter i store sovjetiske cities.<\/p>\n<p>Sensuren gikk da videre: Jazzmusikerne ble arrestert, ofte sendt i Gulag, og den offisielle sovjetiske pressen gjorde kontinuerlige angrep p\u00e5 stylene, og bidro til \u00e5 styrke ideen om <strong>Roentgeniizdat<\/strong> Som en &laquo;undergravende praksis&raquo;: forgjeves. Populariteten til platene i beinene &#8211; gitt av det amerikanske kulturelle hegemoniet og den voksende forbrukerkulturen i den sovjetiske Post -War -unionen &#8211; stoppet ikke for hele 1960 -tallet, og avviste bare med ankomsten av musiskeste.<\/p>\n<\/p><\/div>\n","protected":false},"excerpt":{"rendered":"<p>I Sovjetunionen av den kalde krigen Vestlig musikk var forbudtmen \u00f8nsket om \u00e5 lytte til<\/p>\n","protected":false},"author":1,"featured_media":9906,"comment_status":"closed","ping_status":"open","sticky":false,"template":"","format":"standard","meta":{"footnotes":""},"categories":[104],"tags":[74,755,112,6487,2126,5634,81,3698,6486],"class_list":["post-9905","post","type-post","status-publish","format-standard","has-post-thumbnail","hentry","category-samfunn","tag-den","tag-horte","tag-hvordan","tag-kalde","tag-krigen","tag-musikk","tag-pa","tag-sovjetunionen","tag-vestlig","generate-columns","tablet-grid-50","mobile-grid-100","grid-parent","grid-33","resize-featured-image"],"yoast_head":"<!-- This site is optimized with the Yoast SEO plugin v24.4 - https:\/\/yoast.com\/wordpress\/plugins\/seo\/ -->\n<title>Hvordan h\u00f8rte vi p\u00e5 vestlig musikk i Sovjetunionen under den kalde krigen? - Nordnesrepublikken<\/title>\n<meta name=\"robots\" content=\"index, follow, max-snippet:-1, max-image-preview:large, max-video-preview:-1\" \/>\n<link rel=\"canonical\" href=\"https:\/\/nordnesrepublikken.no\/index.php\/2025\/09\/24\/hvordan-horte-vi-pa-vestlig-musikk-i-sovjetunionen-under-den-kalde-krigen\/\" \/>\n<meta property=\"og:locale\" content=\"nb_NO\" \/>\n<meta property=\"og:type\" content=\"article\" \/>\n<meta property=\"og:title\" content=\"Hvordan h\u00f8rte vi p\u00e5 vestlig musikk i Sovjetunionen under den kalde krigen? - Nordnesrepublikken\" \/>\n<meta property=\"og:description\" content=\"I Sovjetunionen av den kalde krigen Vestlig musikk var forbudtmen \u00f8nsket om \u00e5 lytte til\" \/>\n<meta property=\"og:url\" content=\"https:\/\/nordnesrepublikken.no\/index.php\/2025\/09\/24\/hvordan-horte-vi-pa-vestlig-musikk-i-sovjetunionen-under-den-kalde-krigen\/\" \/>\n<meta property=\"og:site_name\" content=\"Nordnesrepublikken\" \/>\n<meta property=\"article:published_time\" content=\"2025-09-24T11:50:37+00:00\" \/>\n<meta property=\"article:modified_time\" content=\"2025-09-24T11:50:38+00:00\" \/>\n<meta property=\"og:image\" content=\"https:\/\/nordnesrepublikken.no\/wp-content\/uploads\/2025\/09\/1758714637_Hvordan-horte-vi-pa-vestlig-musikk-i-Sovjetunionen-under-den.jpg\" \/>\n\t<meta property=\"og:image:width\" content=\"640\" \/>\n\t<meta property=\"og:image:height\" content=\"511\" \/>\n\t<meta property=\"og:image:type\" content=\"image\/jpeg\" \/>\n<meta name=\"author\" content=\"Ole Andersen\" \/>\n<meta name=\"twitter:card\" content=\"summary_large_image\" \/>\n<meta name=\"twitter:label1\" content=\"Skrevet av\" \/>\n\t<meta name=\"twitter:data1\" content=\"Ole Andersen\" \/>\n\t<meta name=\"twitter:label2\" content=\"Ansl. lesetid\" \/>\n\t<meta name=\"twitter:data2\" content=\"2 minutter\" \/>\n<script type=\"application\/ld+json\" class=\"yoast-schema-graph\">{\"@context\":\"https:\/\/schema.org\",\"@graph\":[{\"@type\":\"Article\",\"@id\":\"https:\/\/nordnesrepublikken.no\/index.php\/2025\/09\/24\/hvordan-horte-vi-pa-vestlig-musikk-i-sovjetunionen-under-den-kalde-krigen\/#article\",\"isPartOf\":{\"@id\":\"https:\/\/nordnesrepublikken.no\/index.php\/2025\/09\/24\/hvordan-horte-vi-pa-vestlig-musikk-i-sovjetunionen-under-den-kalde-krigen\/\"},\"author\":{\"name\":\"Ole Andersen\",\"@id\":\"https:\/\/nordnesrepublikken.no\/#\/schema\/person\/2e7e81935bab77882fffb79296240ff1\"},\"headline\":\"Hvordan h\u00f8rte vi p\u00e5 vestlig musikk i Sovjetunionen under den kalde krigen?\",\"datePublished\":\"2025-09-24T11:50:37+00:00\",\"dateModified\":\"2025-09-24T11:50:38+00:00\",\"mainEntityOfPage\":{\"@id\":\"https:\/\/nordnesrepublikken.no\/index.php\/2025\/09\/24\/hvordan-horte-vi-pa-vestlig-musikk-i-sovjetunionen-under-den-kalde-krigen\/\"},\"wordCount\":458,\"publisher\":{\"@id\":\"https:\/\/nordnesrepublikken.no\/#organization\"},\"image\":{\"@id\":\"https:\/\/nordnesrepublikken.no\/index.php\/2025\/09\/24\/hvordan-horte-vi-pa-vestlig-musikk-i-sovjetunionen-under-den-kalde-krigen\/#primaryimage\"},\"thumbnailUrl\":\"https:\/\/nordnesrepublikken.no\/wp-content\/uploads\/2025\/09\/1758714637_Hvordan-horte-vi-pa-vestlig-musikk-i-Sovjetunionen-under-den.jpg\",\"keywords\":[\"den\",\"h\u00f8rte\",\"Hvordan\",\"kalde\",\"krigen\",\"musikk\",\"p\u00e5\",\"Sovjetunionen\",\"vestlig\"],\"articleSection\":[\"Samfunn\"],\"inLanguage\":\"nb-NO\"},{\"@type\":\"WebPage\",\"@id\":\"https:\/\/nordnesrepublikken.no\/index.php\/2025\/09\/24\/hvordan-horte-vi-pa-vestlig-musikk-i-sovjetunionen-under-den-kalde-krigen\/\",\"url\":\"https:\/\/nordnesrepublikken.no\/index.php\/2025\/09\/24\/hvordan-horte-vi-pa-vestlig-musikk-i-sovjetunionen-under-den-kalde-krigen\/\",\"name\":\"Hvordan h\u00f8rte vi p\u00e5 vestlig musikk i Sovjetunionen under den kalde krigen? - Nordnesrepublikken\",\"isPartOf\":{\"@id\":\"https:\/\/nordnesrepublikken.no\/#website\"},\"primaryImageOfPage\":{\"@id\":\"https:\/\/nordnesrepublikken.no\/index.php\/2025\/09\/24\/hvordan-horte-vi-pa-vestlig-musikk-i-sovjetunionen-under-den-kalde-krigen\/#primaryimage\"},\"image\":{\"@id\":\"https:\/\/nordnesrepublikken.no\/index.php\/2025\/09\/24\/hvordan-horte-vi-pa-vestlig-musikk-i-sovjetunionen-under-den-kalde-krigen\/#primaryimage\"},\"thumbnailUrl\":\"https:\/\/nordnesrepublikken.no\/wp-content\/uploads\/2025\/09\/1758714637_Hvordan-horte-vi-pa-vestlig-musikk-i-Sovjetunionen-under-den.jpg\",\"datePublished\":\"2025-09-24T11:50:37+00:00\",\"dateModified\":\"2025-09-24T11:50:38+00:00\",\"breadcrumb\":{\"@id\":\"https:\/\/nordnesrepublikken.no\/index.php\/2025\/09\/24\/hvordan-horte-vi-pa-vestlig-musikk-i-sovjetunionen-under-den-kalde-krigen\/#breadcrumb\"},\"inLanguage\":\"nb-NO\",\"potentialAction\":[{\"@type\":\"ReadAction\",\"target\":[\"https:\/\/nordnesrepublikken.no\/index.php\/2025\/09\/24\/hvordan-horte-vi-pa-vestlig-musikk-i-sovjetunionen-under-den-kalde-krigen\/\"]}]},{\"@type\":\"ImageObject\",\"inLanguage\":\"nb-NO\",\"@id\":\"https:\/\/nordnesrepublikken.no\/index.php\/2025\/09\/24\/hvordan-horte-vi-pa-vestlig-musikk-i-sovjetunionen-under-den-kalde-krigen\/#primaryimage\",\"url\":\"https:\/\/nordnesrepublikken.no\/wp-content\/uploads\/2025\/09\/1758714637_Hvordan-horte-vi-pa-vestlig-musikk-i-Sovjetunionen-under-den.jpg\",\"contentUrl\":\"https:\/\/nordnesrepublikken.no\/wp-content\/uploads\/2025\/09\/1758714637_Hvordan-horte-vi-pa-vestlig-musikk-i-Sovjetunionen-under-den.jpg\",\"width\":640,\"height\":511,\"caption\":\"Hvordan h\u00f8rte vi p\u00e5 vestlig musikk i Sovjetunionen under den kalde krigen?\"},{\"@type\":\"BreadcrumbList\",\"@id\":\"https:\/\/nordnesrepublikken.no\/index.php\/2025\/09\/24\/hvordan-horte-vi-pa-vestlig-musikk-i-sovjetunionen-under-den-kalde-krigen\/#breadcrumb\",\"itemListElement\":[{\"@type\":\"ListItem\",\"position\":1,\"name\":\"Home\",\"item\":\"https:\/\/nordnesrepublikken.no\/\"},{\"@type\":\"ListItem\",\"position\":2,\"name\":\"Hvordan h\u00f8rte vi p\u00e5 vestlig musikk i Sovjetunionen under den kalde krigen?\"}]},{\"@type\":\"WebSite\",\"@id\":\"https:\/\/nordnesrepublikken.no\/#website\",\"url\":\"https:\/\/nordnesrepublikken.no\/\",\"name\":\"Nordnesrepublikken\",\"description\":\"Stemmer og Visjoner fra Republikkens Hjerte\",\"publisher\":{\"@id\":\"https:\/\/nordnesrepublikken.no\/#organization\"},\"potentialAction\":[{\"@type\":\"SearchAction\",\"target\":{\"@type\":\"EntryPoint\",\"urlTemplate\":\"https:\/\/nordnesrepublikken.no\/?s={search_term_string}\"},\"query-input\":{\"@type\":\"PropertyValueSpecification\",\"valueRequired\":true,\"valueName\":\"search_term_string\"}}],\"inLanguage\":\"nb-NO\"},{\"@type\":\"Organization\",\"@id\":\"https:\/\/nordnesrepublikken.no\/#organization\",\"name\":\"Nordnesrepublikken\",\"url\":\"https:\/\/nordnesrepublikken.no\/\",\"logo\":{\"@type\":\"ImageObject\",\"inLanguage\":\"nb-NO\",\"@id\":\"https:\/\/nordnesrepublikken.no\/#\/schema\/logo\/image\/\",\"url\":\"https:\/\/nordnesrepublikken.no\/wp-content\/uploads\/2025\/02\/cropped-nordnesrepublikken-2.png\",\"contentUrl\":\"https:\/\/nordnesrepublikken.no\/wp-content\/uploads\/2025\/02\/cropped-nordnesrepublikken-2.png\",\"width\":1248,\"height\":362,\"caption\":\"Nordnesrepublikken\"},\"image\":{\"@id\":\"https:\/\/nordnesrepublikken.no\/#\/schema\/logo\/image\/\"}},{\"@type\":\"Person\",\"@id\":\"https:\/\/nordnesrepublikken.no\/#\/schema\/person\/2e7e81935bab77882fffb79296240ff1\",\"name\":\"Ole Andersen\",\"image\":{\"@type\":\"ImageObject\",\"inLanguage\":\"nb-NO\",\"@id\":\"https:\/\/nordnesrepublikken.no\/#\/schema\/person\/image\/\",\"url\":\"https:\/\/nordnesrepublikken.no\/wp-content\/uploads\/2025\/02\/nordnesrepublikken-2-2-150x150.jpg\",\"contentUrl\":\"https:\/\/nordnesrepublikken.no\/wp-content\/uploads\/2025\/02\/nordnesrepublikken-2-2-150x150.jpg\",\"caption\":\"Ole Andersen\"},\"description\":\"Ettersom jeg vokste opp i Oslo, har jeg alltid v\u00e6rt fascinert av ordenes kraft og deres evne til \u00e5 skape endringer. Etter \u00e5 ha fullf\u00f8rt min utdannelse i kommunikasjon ved Universitetet i Bergen, fikk jeg muligheten til \u00e5 jobbe innen ulike medier, der jeg har s\u00f8kt \u00e5 belyse viktige samfunnssp\u00f8rsm\u00e5l. I dag, som redakt\u00f8r for Nordnesrepublikken, pr\u00f8ver jeg \u00e5 forene min kj\u00e6rlighet for journalistikk med min lidenskap for innovasjon og eventyr.\",\"sameAs\":[\"https:\/\/nordnesrepublikken.no\/\"]}]}<\/script>\n<!-- \/ Yoast SEO plugin. -->","yoast_head_json":{"title":"Hvordan h\u00f8rte vi p\u00e5 vestlig musikk i Sovjetunionen under den kalde krigen? - Nordnesrepublikken","robots":{"index":"index","follow":"follow","max-snippet":"max-snippet:-1","max-image-preview":"max-image-preview:large","max-video-preview":"max-video-preview:-1"},"canonical":"https:\/\/nordnesrepublikken.no\/index.php\/2025\/09\/24\/hvordan-horte-vi-pa-vestlig-musikk-i-sovjetunionen-under-den-kalde-krigen\/","og_locale":"nb_NO","og_type":"article","og_title":"Hvordan h\u00f8rte vi p\u00e5 vestlig musikk i Sovjetunionen under den kalde krigen? - Nordnesrepublikken","og_description":"I Sovjetunionen av den kalde krigen Vestlig musikk var forbudtmen \u00f8nsket om \u00e5 lytte til","og_url":"https:\/\/nordnesrepublikken.no\/index.php\/2025\/09\/24\/hvordan-horte-vi-pa-vestlig-musikk-i-sovjetunionen-under-den-kalde-krigen\/","og_site_name":"Nordnesrepublikken","article_published_time":"2025-09-24T11:50:37+00:00","article_modified_time":"2025-09-24T11:50:38+00:00","og_image":[{"width":640,"height":511,"url":"https:\/\/nordnesrepublikken.no\/wp-content\/uploads\/2025\/09\/1758714637_Hvordan-horte-vi-pa-vestlig-musikk-i-Sovjetunionen-under-den.jpg","type":"image\/jpeg"}],"author":"Ole Andersen","twitter_card":"summary_large_image","twitter_misc":{"Skrevet av":"Ole Andersen","Ansl. lesetid":"2 minutter"},"schema":{"@context":"https:\/\/schema.org","@graph":[{"@type":"Article","@id":"https:\/\/nordnesrepublikken.no\/index.php\/2025\/09\/24\/hvordan-horte-vi-pa-vestlig-musikk-i-sovjetunionen-under-den-kalde-krigen\/#article","isPartOf":{"@id":"https:\/\/nordnesrepublikken.no\/index.php\/2025\/09\/24\/hvordan-horte-vi-pa-vestlig-musikk-i-sovjetunionen-under-den-kalde-krigen\/"},"author":{"name":"Ole Andersen","@id":"https:\/\/nordnesrepublikken.no\/#\/schema\/person\/2e7e81935bab77882fffb79296240ff1"},"headline":"Hvordan h\u00f8rte vi p\u00e5 vestlig musikk i Sovjetunionen under den kalde krigen?","datePublished":"2025-09-24T11:50:37+00:00","dateModified":"2025-09-24T11:50:38+00:00","mainEntityOfPage":{"@id":"https:\/\/nordnesrepublikken.no\/index.php\/2025\/09\/24\/hvordan-horte-vi-pa-vestlig-musikk-i-sovjetunionen-under-den-kalde-krigen\/"},"wordCount":458,"publisher":{"@id":"https:\/\/nordnesrepublikken.no\/#organization"},"image":{"@id":"https:\/\/nordnesrepublikken.no\/index.php\/2025\/09\/24\/hvordan-horte-vi-pa-vestlig-musikk-i-sovjetunionen-under-den-kalde-krigen\/#primaryimage"},"thumbnailUrl":"https:\/\/nordnesrepublikken.no\/wp-content\/uploads\/2025\/09\/1758714637_Hvordan-horte-vi-pa-vestlig-musikk-i-Sovjetunionen-under-den.jpg","keywords":["den","h\u00f8rte","Hvordan","kalde","krigen","musikk","p\u00e5","Sovjetunionen","vestlig"],"articleSection":["Samfunn"],"inLanguage":"nb-NO"},{"@type":"WebPage","@id":"https:\/\/nordnesrepublikken.no\/index.php\/2025\/09\/24\/hvordan-horte-vi-pa-vestlig-musikk-i-sovjetunionen-under-den-kalde-krigen\/","url":"https:\/\/nordnesrepublikken.no\/index.php\/2025\/09\/24\/hvordan-horte-vi-pa-vestlig-musikk-i-sovjetunionen-under-den-kalde-krigen\/","name":"Hvordan h\u00f8rte vi p\u00e5 vestlig musikk i Sovjetunionen under den kalde krigen? - Nordnesrepublikken","isPartOf":{"@id":"https:\/\/nordnesrepublikken.no\/#website"},"primaryImageOfPage":{"@id":"https:\/\/nordnesrepublikken.no\/index.php\/2025\/09\/24\/hvordan-horte-vi-pa-vestlig-musikk-i-sovjetunionen-under-den-kalde-krigen\/#primaryimage"},"image":{"@id":"https:\/\/nordnesrepublikken.no\/index.php\/2025\/09\/24\/hvordan-horte-vi-pa-vestlig-musikk-i-sovjetunionen-under-den-kalde-krigen\/#primaryimage"},"thumbnailUrl":"https:\/\/nordnesrepublikken.no\/wp-content\/uploads\/2025\/09\/1758714637_Hvordan-horte-vi-pa-vestlig-musikk-i-Sovjetunionen-under-den.jpg","datePublished":"2025-09-24T11:50:37+00:00","dateModified":"2025-09-24T11:50:38+00:00","breadcrumb":{"@id":"https:\/\/nordnesrepublikken.no\/index.php\/2025\/09\/24\/hvordan-horte-vi-pa-vestlig-musikk-i-sovjetunionen-under-den-kalde-krigen\/#breadcrumb"},"inLanguage":"nb-NO","potentialAction":[{"@type":"ReadAction","target":["https:\/\/nordnesrepublikken.no\/index.php\/2025\/09\/24\/hvordan-horte-vi-pa-vestlig-musikk-i-sovjetunionen-under-den-kalde-krigen\/"]}]},{"@type":"ImageObject","inLanguage":"nb-NO","@id":"https:\/\/nordnesrepublikken.no\/index.php\/2025\/09\/24\/hvordan-horte-vi-pa-vestlig-musikk-i-sovjetunionen-under-den-kalde-krigen\/#primaryimage","url":"https:\/\/nordnesrepublikken.no\/wp-content\/uploads\/2025\/09\/1758714637_Hvordan-horte-vi-pa-vestlig-musikk-i-Sovjetunionen-under-den.jpg","contentUrl":"https:\/\/nordnesrepublikken.no\/wp-content\/uploads\/2025\/09\/1758714637_Hvordan-horte-vi-pa-vestlig-musikk-i-Sovjetunionen-under-den.jpg","width":640,"height":511,"caption":"Hvordan h\u00f8rte vi p\u00e5 vestlig musikk i Sovjetunionen under den kalde krigen?"},{"@type":"BreadcrumbList","@id":"https:\/\/nordnesrepublikken.no\/index.php\/2025\/09\/24\/hvordan-horte-vi-pa-vestlig-musikk-i-sovjetunionen-under-den-kalde-krigen\/#breadcrumb","itemListElement":[{"@type":"ListItem","position":1,"name":"Home","item":"https:\/\/nordnesrepublikken.no\/"},{"@type":"ListItem","position":2,"name":"Hvordan h\u00f8rte vi p\u00e5 vestlig musikk i Sovjetunionen under den kalde krigen?"}]},{"@type":"WebSite","@id":"https:\/\/nordnesrepublikken.no\/#website","url":"https:\/\/nordnesrepublikken.no\/","name":"Nordnesrepublikken","description":"Stemmer og Visjoner fra Republikkens Hjerte","publisher":{"@id":"https:\/\/nordnesrepublikken.no\/#organization"},"potentialAction":[{"@type":"SearchAction","target":{"@type":"EntryPoint","urlTemplate":"https:\/\/nordnesrepublikken.no\/?s={search_term_string}"},"query-input":{"@type":"PropertyValueSpecification","valueRequired":true,"valueName":"search_term_string"}}],"inLanguage":"nb-NO"},{"@type":"Organization","@id":"https:\/\/nordnesrepublikken.no\/#organization","name":"Nordnesrepublikken","url":"https:\/\/nordnesrepublikken.no\/","logo":{"@type":"ImageObject","inLanguage":"nb-NO","@id":"https:\/\/nordnesrepublikken.no\/#\/schema\/logo\/image\/","url":"https:\/\/nordnesrepublikken.no\/wp-content\/uploads\/2025\/02\/cropped-nordnesrepublikken-2.png","contentUrl":"https:\/\/nordnesrepublikken.no\/wp-content\/uploads\/2025\/02\/cropped-nordnesrepublikken-2.png","width":1248,"height":362,"caption":"Nordnesrepublikken"},"image":{"@id":"https:\/\/nordnesrepublikken.no\/#\/schema\/logo\/image\/"}},{"@type":"Person","@id":"https:\/\/nordnesrepublikken.no\/#\/schema\/person\/2e7e81935bab77882fffb79296240ff1","name":"Ole Andersen","image":{"@type":"ImageObject","inLanguage":"nb-NO","@id":"https:\/\/nordnesrepublikken.no\/#\/schema\/person\/image\/","url":"https:\/\/nordnesrepublikken.no\/wp-content\/uploads\/2025\/02\/nordnesrepublikken-2-2-150x150.jpg","contentUrl":"https:\/\/nordnesrepublikken.no\/wp-content\/uploads\/2025\/02\/nordnesrepublikken-2-2-150x150.jpg","caption":"Ole Andersen"},"description":"Ettersom jeg vokste opp i Oslo, har jeg alltid v\u00e6rt fascinert av ordenes kraft og deres evne til \u00e5 skape endringer. Etter \u00e5 ha fullf\u00f8rt min utdannelse i kommunikasjon ved Universitetet i Bergen, fikk jeg muligheten til \u00e5 jobbe innen ulike medier, der jeg har s\u00f8kt \u00e5 belyse viktige samfunnssp\u00f8rsm\u00e5l. I dag, som redakt\u00f8r for Nordnesrepublikken, pr\u00f8ver jeg \u00e5 forene min kj\u00e6rlighet for journalistikk med min lidenskap for innovasjon og eventyr.","sameAs":["https:\/\/nordnesrepublikken.no\/"]}]}},"_links":{"self":[{"href":"https:\/\/nordnesrepublikken.no\/index.php\/wp-json\/wp\/v2\/posts\/9905","targetHints":{"allow":["GET"]}}],"collection":[{"href":"https:\/\/nordnesrepublikken.no\/index.php\/wp-json\/wp\/v2\/posts"}],"about":[{"href":"https:\/\/nordnesrepublikken.no\/index.php\/wp-json\/wp\/v2\/types\/post"}],"author":[{"embeddable":true,"href":"https:\/\/nordnesrepublikken.no\/index.php\/wp-json\/wp\/v2\/users\/1"}],"replies":[{"embeddable":true,"href":"https:\/\/nordnesrepublikken.no\/index.php\/wp-json\/wp\/v2\/comments?post=9905"}],"version-history":[{"count":1,"href":"https:\/\/nordnesrepublikken.no\/index.php\/wp-json\/wp\/v2\/posts\/9905\/revisions"}],"predecessor-version":[{"id":9907,"href":"https:\/\/nordnesrepublikken.no\/index.php\/wp-json\/wp\/v2\/posts\/9905\/revisions\/9907"}],"wp:featuredmedia":[{"embeddable":true,"href":"https:\/\/nordnesrepublikken.no\/index.php\/wp-json\/wp\/v2\/media\/9906"}],"wp:attachment":[{"href":"https:\/\/nordnesrepublikken.no\/index.php\/wp-json\/wp\/v2\/media?parent=9905"}],"wp:term":[{"taxonomy":"category","embeddable":true,"href":"https:\/\/nordnesrepublikken.no\/index.php\/wp-json\/wp\/v2\/categories?post=9905"},{"taxonomy":"post_tag","embeddable":true,"href":"https:\/\/nordnesrepublikken.no\/index.php\/wp-json\/wp\/v2\/tags?post=9905"}],"curies":[{"name":"wp","href":"https:\/\/api.w.org\/{rel}","templated":true}]}}