{"id":9896,"date":"2025-09-24T04:51:40","date_gmt":"2025-09-24T02:51:40","guid":{"rendered":"https:\/\/nordnesrepublikken.no\/index.php\/2025\/09\/24\/oslo-terrorisert-av-tenaringens-eksplosjonsforsok\/"},"modified":"2025-09-24T04:51:49","modified_gmt":"2025-09-24T02:51:49","slug":"oslo-terrorisert-av-tenaringens-eksplosjonsforsok","status":"publish","type":"post","link":"https:\/\/nordnesrepublikken.no\/index.php\/2025\/09\/24\/oslo-terrorisert-av-tenaringens-eksplosjonsforsok\/","title":{"rendered":"Oslo terrorisert av ten\u00e5ringens eksplosjonsfors\u00f8k"},"content":{"rendered":"<p><\/p>\n<div class=\"wordpress-content\">\n                    <!-- Article Start --><\/p>\n<p class=\"p1\"><strong>En eksplosjon rystet Central Oslo om kvelden 23. september, og vekket en stor politiets operasjon og n\u00f8dvarsler til innbyggerne. Myndighetene bekreftet senere at en 13 \u00e5r gammel gutt var blitt arrestert i forbindelse med hendelsen, som de mener var for\u00e5rsaket av en h\u00e5ndgranat i milit\u00e6r stil.<\/strong><\/p>\n<p class=\"p1\">Sprengningen skjedde rundt klokken 08:40 lokal tid i Pilestredet, en travel gate n\u00e6r Oslo Metropolitan University, omtrent 500 meter fra Royal Palace og n\u00e6r den israelske ambassaden. Vitner beskrev et h\u00f8yt smell som fikk Windows til \u00e5 rasle og satte av bilalarmer. &laquo;Eksplosjonen var s\u00e5 h\u00f8y, \u00f8rene mine gjorde vondt,&raquo; sa en lokal innbygger til norske medier, sitert av <i>Hindustan Times<\/i>. Politiet ble raskt avstemt av omr\u00e5det og sendte ut et n\u00f8dsituasjon for mobile varsel som instruerte innbyggerne om \u00e5 holde seg borte fra Windows og unng\u00e5 \u00e5stedet. En annen enhet, antatt \u00e5 v\u00e6re en annen granat, ble oppdaget i n\u00e6rheten. Bombe -troppen gjennomf\u00f8rte en kontrollert detonasjon for \u00e5 n\u00f8ytralisere trusselen.<\/p>\n<p class=\"p1\">Det er ikke registrert noen skader, selv om trikketrafikk og lokal transport ble midlertidig suspendert. Myndighetene understreket at hendelsen utgjorde en alvorlig risiko for offentlig sikkerhet, gitt stedet og hvilken type enheter som er involvert.<\/p>\n<div class=\"sra_unit\"><link rel=\"stylesheet\" id=\"block-sra\" href=\"https:\/\/euroweeklynews.com\/wp-content\/plugins\/snack-related-articles\/dist\/css\/snack-related.min.css?250312-193541\" type=\"text\/css\" media=\"all\">\n<\/div>\n<h3 class=\"p2\"><b>Mistenkt og motiv<\/b><\/h3>\n<p class=\"p1\">Norsk politi bekreftet senere at en ten\u00e5ring, f\u00f8dt i 2012, hadde blitt tatt i varetekt. 13-\u00e5ringen er under kriminelt ansvar i Norge, som er 15 \u00e5r, noe som betyr at han ikke kan m\u00f8te en formell straffesak. I stedet forventes barnevernstjenester \u00e5 h\u00e5ndtere saken hans. Etterforskerne jobber fortsatt med \u00e5 avgj\u00f8re hvor gutten skaffet seg sprengstoffene og om andre var involvert. Selv om det ikke er erkl\u00e6rt noe offisielt motiv, antydet politikilder at eksplosjonen kan v\u00e6re knyttet til en konflikt mellom kriminelle grupper i stedet for terrorisme. &laquo;Vi kan ikke utelukke andre muligheter, men for tiden ser dette ut til \u00e5 v\u00e6re koblet til kriminelle milj\u00f8er,&raquo; sa en talsperson for politiet <i>Vg<\/i>.<\/p>\n<h3 class=\"p2\"><b>Politiske og offentlige reaksjoner<\/b><\/h3>\n<p class=\"p1\">Hendelsen har rystet Oslo, en by som i stor grad har blitt sk\u00e5net for store bombe- eller granatangrep de siste \u00e5rene. Hovedstadens ordf\u00f8rer, Anne Lindboe, kalte eksplosjonen &laquo;skremmende&raquo; og takket n\u00f8detatene for deres raske svar<i>. <\/i>Beboere uttrykte bekymring for n\u00e6rheten av eksplosjonen til sentrale institusjoner, inkludert det kongelige palasset og utenlandske ambassader. Med Europa som allerede er p\u00e5 vakt over sikkerhetssp\u00f8rsm\u00e5l, har tilstedev\u00e6relsen av granater i et tett befolket omr\u00e5de \u00f8kt oppfordring til t\u00f8ffere tiltak mot ulovlige v\u00e5pen. Rettsmedisinske team har unders\u00f8kt eksplosjonsstedet mens etterforskerne sporer opprinnelsen til granadene. Politiet vurderer ogs\u00e5 CCTV -opptak fra omr\u00e5det og intervjuer vitner. Tjenestemenn bekreftet at den umiddelbare faren har g\u00e5tt, men r\u00e5det publikum til \u00e5 forbli \u00e5rv\u00e5ken. Oppdagelsen av eksplosiver av milit\u00e6rkvalitet i hendene p\u00e5 et barn har reist presserende sp\u00f8rsm\u00e5l om tilgang til v\u00e5pen og ungdomsengasjement i kriminelle nettverk. Norges regjering har enn\u00e5 ikke gitt ut en formell uttalelse, men ytterligere oppdateringer forventes etter hvert som etterforskningen skrider frem.<\/p>\n<p>                    <!-- This article has been originally published at https:\/\/euroweeklynews.com\/2025\/09\/24\/oslo-terrorised-by-teens-explosion-attempt\/ on 24 Sep 2025 at 0:23 by Molly Grace --><br \/>\n                    <!-- Article End -->\n                <\/div>\n","protected":false},"excerpt":{"rendered":"<p>En eksplosjon rystet Central Oslo om kvelden 23. september, og vekket en stor politiets operasjon<\/p>\n","protected":false},"author":1,"featured_media":9897,"comment_status":"closed","ping_status":"open","sticky":false,"template":"","format":"standard","meta":{"footnotes":""},"categories":[22],"tags":[6477,2156,6476,6475],"class_list":["post-9896","post","type-post","status-publish","format-standard","has-post-thumbnail","hentry","category-nasjonal","tag-eksplosjonsforsok","tag-oslo","tag-tenaringens","tag-terrorisert","generate-columns","tablet-grid-50","mobile-grid-100","grid-parent","grid-33","resize-featured-image"],"yoast_head":"<!-- This site is optimized with the Yoast SEO plugin v24.4 - https:\/\/yoast.com\/wordpress\/plugins\/seo\/ -->\n<title>Oslo terrorisert av ten\u00e5ringens eksplosjonsfors\u00f8k - Nordnesrepublikken<\/title>\n<meta name=\"robots\" content=\"index, follow, max-snippet:-1, max-image-preview:large, max-video-preview:-1\" \/>\n<link rel=\"canonical\" href=\"https:\/\/nordnesrepublikken.no\/index.php\/2025\/09\/24\/oslo-terrorisert-av-tenaringens-eksplosjonsforsok\/\" \/>\n<meta property=\"og:locale\" content=\"nb_NO\" \/>\n<meta property=\"og:type\" content=\"article\" \/>\n<meta property=\"og:title\" content=\"Oslo terrorisert av ten\u00e5ringens eksplosjonsfors\u00f8k - Nordnesrepublikken\" \/>\n<meta property=\"og:description\" content=\"En eksplosjon rystet Central Oslo om kvelden 23. september, og vekket en stor politiets operasjon\" \/>\n<meta property=\"og:url\" content=\"https:\/\/nordnesrepublikken.no\/index.php\/2025\/09\/24\/oslo-terrorisert-av-tenaringens-eksplosjonsforsok\/\" \/>\n<meta property=\"og:site_name\" content=\"Nordnesrepublikken\" \/>\n<meta property=\"article:published_time\" content=\"2025-09-24T02:51:40+00:00\" \/>\n<meta property=\"article:modified_time\" content=\"2025-09-24T02:51:49+00:00\" \/>\n<meta property=\"og:image\" content=\"https:\/\/nordnesrepublikken.no\/wp-content\/uploads\/2025\/09\/1758682301_Oslo-terrorisert-av-tenaringens-eksplosjonsforsok.png\" \/>\n\t<meta property=\"og:image:width\" content=\"1200\" \/>\n\t<meta property=\"og:image:height\" content=\"823\" \/>\n\t<meta property=\"og:image:type\" content=\"image\/png\" \/>\n<meta name=\"author\" content=\"Ole Andersen\" \/>\n<meta name=\"twitter:card\" content=\"summary_large_image\" \/>\n<meta name=\"twitter:label1\" content=\"Skrevet av\" \/>\n\t<meta name=\"twitter:data1\" content=\"Ole Andersen\" \/>\n\t<meta name=\"twitter:label2\" content=\"Ansl. lesetid\" \/>\n\t<meta name=\"twitter:data2\" content=\"2 minutter\" \/>\n<script type=\"application\/ld+json\" class=\"yoast-schema-graph\">{\"@context\":\"https:\/\/schema.org\",\"@graph\":[{\"@type\":\"Article\",\"@id\":\"https:\/\/nordnesrepublikken.no\/index.php\/2025\/09\/24\/oslo-terrorisert-av-tenaringens-eksplosjonsforsok\/#article\",\"isPartOf\":{\"@id\":\"https:\/\/nordnesrepublikken.no\/index.php\/2025\/09\/24\/oslo-terrorisert-av-tenaringens-eksplosjonsforsok\/\"},\"author\":{\"name\":\"Ole Andersen\",\"@id\":\"https:\/\/nordnesrepublikken.no\/#\/schema\/person\/2e7e81935bab77882fffb79296240ff1\"},\"headline\":\"Oslo terrorisert av ten\u00e5ringens eksplosjonsfors\u00f8k\",\"datePublished\":\"2025-09-24T02:51:40+00:00\",\"dateModified\":\"2025-09-24T02:51:49+00:00\",\"mainEntityOfPage\":{\"@id\":\"https:\/\/nordnesrepublikken.no\/index.php\/2025\/09\/24\/oslo-terrorisert-av-tenaringens-eksplosjonsforsok\/\"},\"wordCount\":504,\"publisher\":{\"@id\":\"https:\/\/nordnesrepublikken.no\/#organization\"},\"image\":{\"@id\":\"https:\/\/nordnesrepublikken.no\/index.php\/2025\/09\/24\/oslo-terrorisert-av-tenaringens-eksplosjonsforsok\/#primaryimage\"},\"thumbnailUrl\":\"https:\/\/nordnesrepublikken.no\/wp-content\/uploads\/2025\/09\/1758682301_Oslo-terrorisert-av-tenaringens-eksplosjonsforsok.png\",\"keywords\":[\"eksplosjonsfors\u00f8k\",\"Oslo\",\"ten\u00e5ringens\",\"terrorisert\"],\"articleSection\":[\"Nasjonal\"],\"inLanguage\":\"nb-NO\"},{\"@type\":\"WebPage\",\"@id\":\"https:\/\/nordnesrepublikken.no\/index.php\/2025\/09\/24\/oslo-terrorisert-av-tenaringens-eksplosjonsforsok\/\",\"url\":\"https:\/\/nordnesrepublikken.no\/index.php\/2025\/09\/24\/oslo-terrorisert-av-tenaringens-eksplosjonsforsok\/\",\"name\":\"Oslo terrorisert av ten\u00e5ringens eksplosjonsfors\u00f8k - Nordnesrepublikken\",\"isPartOf\":{\"@id\":\"https:\/\/nordnesrepublikken.no\/#website\"},\"primaryImageOfPage\":{\"@id\":\"https:\/\/nordnesrepublikken.no\/index.php\/2025\/09\/24\/oslo-terrorisert-av-tenaringens-eksplosjonsforsok\/#primaryimage\"},\"image\":{\"@id\":\"https:\/\/nordnesrepublikken.no\/index.php\/2025\/09\/24\/oslo-terrorisert-av-tenaringens-eksplosjonsforsok\/#primaryimage\"},\"thumbnailUrl\":\"https:\/\/nordnesrepublikken.no\/wp-content\/uploads\/2025\/09\/1758682301_Oslo-terrorisert-av-tenaringens-eksplosjonsforsok.png\",\"datePublished\":\"2025-09-24T02:51:40+00:00\",\"dateModified\":\"2025-09-24T02:51:49+00:00\",\"breadcrumb\":{\"@id\":\"https:\/\/nordnesrepublikken.no\/index.php\/2025\/09\/24\/oslo-terrorisert-av-tenaringens-eksplosjonsforsok\/#breadcrumb\"},\"inLanguage\":\"nb-NO\",\"potentialAction\":[{\"@type\":\"ReadAction\",\"target\":[\"https:\/\/nordnesrepublikken.no\/index.php\/2025\/09\/24\/oslo-terrorisert-av-tenaringens-eksplosjonsforsok\/\"]}]},{\"@type\":\"ImageObject\",\"inLanguage\":\"nb-NO\",\"@id\":\"https:\/\/nordnesrepublikken.no\/index.php\/2025\/09\/24\/oslo-terrorisert-av-tenaringens-eksplosjonsforsok\/#primaryimage\",\"url\":\"https:\/\/nordnesrepublikken.no\/wp-content\/uploads\/2025\/09\/1758682301_Oslo-terrorisert-av-tenaringens-eksplosjonsforsok.png\",\"contentUrl\":\"https:\/\/nordnesrepublikken.no\/wp-content\/uploads\/2025\/09\/1758682301_Oslo-terrorisert-av-tenaringens-eksplosjonsforsok.png\",\"width\":1200,\"height\":823,\"caption\":\"Oslo terrorisert av ten\u00e5ringens eksplosjonsfors\u00f8k\"},{\"@type\":\"BreadcrumbList\",\"@id\":\"https:\/\/nordnesrepublikken.no\/index.php\/2025\/09\/24\/oslo-terrorisert-av-tenaringens-eksplosjonsforsok\/#breadcrumb\",\"itemListElement\":[{\"@type\":\"ListItem\",\"position\":1,\"name\":\"Home\",\"item\":\"https:\/\/nordnesrepublikken.no\/\"},{\"@type\":\"ListItem\",\"position\":2,\"name\":\"Oslo terrorisert av ten\u00e5ringens eksplosjonsfors\u00f8k\"}]},{\"@type\":\"WebSite\",\"@id\":\"https:\/\/nordnesrepublikken.no\/#website\",\"url\":\"https:\/\/nordnesrepublikken.no\/\",\"name\":\"Nordnesrepublikken\",\"description\":\"Stemmer og Visjoner fra Republikkens Hjerte\",\"publisher\":{\"@id\":\"https:\/\/nordnesrepublikken.no\/#organization\"},\"potentialAction\":[{\"@type\":\"SearchAction\",\"target\":{\"@type\":\"EntryPoint\",\"urlTemplate\":\"https:\/\/nordnesrepublikken.no\/?s={search_term_string}\"},\"query-input\":{\"@type\":\"PropertyValueSpecification\",\"valueRequired\":true,\"valueName\":\"search_term_string\"}}],\"inLanguage\":\"nb-NO\"},{\"@type\":\"Organization\",\"@id\":\"https:\/\/nordnesrepublikken.no\/#organization\",\"name\":\"Nordnesrepublikken\",\"url\":\"https:\/\/nordnesrepublikken.no\/\",\"logo\":{\"@type\":\"ImageObject\",\"inLanguage\":\"nb-NO\",\"@id\":\"https:\/\/nordnesrepublikken.no\/#\/schema\/logo\/image\/\",\"url\":\"https:\/\/nordnesrepublikken.no\/wp-content\/uploads\/2025\/02\/cropped-nordnesrepublikken-2.png\",\"contentUrl\":\"https:\/\/nordnesrepublikken.no\/wp-content\/uploads\/2025\/02\/cropped-nordnesrepublikken-2.png\",\"width\":1248,\"height\":362,\"caption\":\"Nordnesrepublikken\"},\"image\":{\"@id\":\"https:\/\/nordnesrepublikken.no\/#\/schema\/logo\/image\/\"}},{\"@type\":\"Person\",\"@id\":\"https:\/\/nordnesrepublikken.no\/#\/schema\/person\/2e7e81935bab77882fffb79296240ff1\",\"name\":\"Ole Andersen\",\"image\":{\"@type\":\"ImageObject\",\"inLanguage\":\"nb-NO\",\"@id\":\"https:\/\/nordnesrepublikken.no\/#\/schema\/person\/image\/\",\"url\":\"https:\/\/nordnesrepublikken.no\/wp-content\/uploads\/2025\/02\/nordnesrepublikken-2-2-150x150.jpg\",\"contentUrl\":\"https:\/\/nordnesrepublikken.no\/wp-content\/uploads\/2025\/02\/nordnesrepublikken-2-2-150x150.jpg\",\"caption\":\"Ole Andersen\"},\"description\":\"Ettersom jeg vokste opp i Oslo, har jeg alltid v\u00e6rt fascinert av ordenes kraft og deres evne til \u00e5 skape endringer. Etter \u00e5 ha fullf\u00f8rt min utdannelse i kommunikasjon ved Universitetet i Bergen, fikk jeg muligheten til \u00e5 jobbe innen ulike medier, der jeg har s\u00f8kt \u00e5 belyse viktige samfunnssp\u00f8rsm\u00e5l. I dag, som redakt\u00f8r for Nordnesrepublikken, pr\u00f8ver jeg \u00e5 forene min kj\u00e6rlighet for journalistikk med min lidenskap for innovasjon og eventyr.\",\"sameAs\":[\"https:\/\/nordnesrepublikken.no\/\"]}]}<\/script>\n<!-- \/ Yoast SEO plugin. -->","yoast_head_json":{"title":"Oslo terrorisert av ten\u00e5ringens eksplosjonsfors\u00f8k - Nordnesrepublikken","robots":{"index":"index","follow":"follow","max-snippet":"max-snippet:-1","max-image-preview":"max-image-preview:large","max-video-preview":"max-video-preview:-1"},"canonical":"https:\/\/nordnesrepublikken.no\/index.php\/2025\/09\/24\/oslo-terrorisert-av-tenaringens-eksplosjonsforsok\/","og_locale":"nb_NO","og_type":"article","og_title":"Oslo terrorisert av ten\u00e5ringens eksplosjonsfors\u00f8k - Nordnesrepublikken","og_description":"En eksplosjon rystet Central Oslo om kvelden 23. september, og vekket en stor politiets operasjon","og_url":"https:\/\/nordnesrepublikken.no\/index.php\/2025\/09\/24\/oslo-terrorisert-av-tenaringens-eksplosjonsforsok\/","og_site_name":"Nordnesrepublikken","article_published_time":"2025-09-24T02:51:40+00:00","article_modified_time":"2025-09-24T02:51:49+00:00","og_image":[{"width":1200,"height":823,"url":"https:\/\/nordnesrepublikken.no\/wp-content\/uploads\/2025\/09\/1758682301_Oslo-terrorisert-av-tenaringens-eksplosjonsforsok.png","type":"image\/png"}],"author":"Ole Andersen","twitter_card":"summary_large_image","twitter_misc":{"Skrevet av":"Ole Andersen","Ansl. lesetid":"2 minutter"},"schema":{"@context":"https:\/\/schema.org","@graph":[{"@type":"Article","@id":"https:\/\/nordnesrepublikken.no\/index.php\/2025\/09\/24\/oslo-terrorisert-av-tenaringens-eksplosjonsforsok\/#article","isPartOf":{"@id":"https:\/\/nordnesrepublikken.no\/index.php\/2025\/09\/24\/oslo-terrorisert-av-tenaringens-eksplosjonsforsok\/"},"author":{"name":"Ole Andersen","@id":"https:\/\/nordnesrepublikken.no\/#\/schema\/person\/2e7e81935bab77882fffb79296240ff1"},"headline":"Oslo terrorisert av ten\u00e5ringens eksplosjonsfors\u00f8k","datePublished":"2025-09-24T02:51:40+00:00","dateModified":"2025-09-24T02:51:49+00:00","mainEntityOfPage":{"@id":"https:\/\/nordnesrepublikken.no\/index.php\/2025\/09\/24\/oslo-terrorisert-av-tenaringens-eksplosjonsforsok\/"},"wordCount":504,"publisher":{"@id":"https:\/\/nordnesrepublikken.no\/#organization"},"image":{"@id":"https:\/\/nordnesrepublikken.no\/index.php\/2025\/09\/24\/oslo-terrorisert-av-tenaringens-eksplosjonsforsok\/#primaryimage"},"thumbnailUrl":"https:\/\/nordnesrepublikken.no\/wp-content\/uploads\/2025\/09\/1758682301_Oslo-terrorisert-av-tenaringens-eksplosjonsforsok.png","keywords":["eksplosjonsfors\u00f8k","Oslo","ten\u00e5ringens","terrorisert"],"articleSection":["Nasjonal"],"inLanguage":"nb-NO"},{"@type":"WebPage","@id":"https:\/\/nordnesrepublikken.no\/index.php\/2025\/09\/24\/oslo-terrorisert-av-tenaringens-eksplosjonsforsok\/","url":"https:\/\/nordnesrepublikken.no\/index.php\/2025\/09\/24\/oslo-terrorisert-av-tenaringens-eksplosjonsforsok\/","name":"Oslo terrorisert av ten\u00e5ringens eksplosjonsfors\u00f8k - Nordnesrepublikken","isPartOf":{"@id":"https:\/\/nordnesrepublikken.no\/#website"},"primaryImageOfPage":{"@id":"https:\/\/nordnesrepublikken.no\/index.php\/2025\/09\/24\/oslo-terrorisert-av-tenaringens-eksplosjonsforsok\/#primaryimage"},"image":{"@id":"https:\/\/nordnesrepublikken.no\/index.php\/2025\/09\/24\/oslo-terrorisert-av-tenaringens-eksplosjonsforsok\/#primaryimage"},"thumbnailUrl":"https:\/\/nordnesrepublikken.no\/wp-content\/uploads\/2025\/09\/1758682301_Oslo-terrorisert-av-tenaringens-eksplosjonsforsok.png","datePublished":"2025-09-24T02:51:40+00:00","dateModified":"2025-09-24T02:51:49+00:00","breadcrumb":{"@id":"https:\/\/nordnesrepublikken.no\/index.php\/2025\/09\/24\/oslo-terrorisert-av-tenaringens-eksplosjonsforsok\/#breadcrumb"},"inLanguage":"nb-NO","potentialAction":[{"@type":"ReadAction","target":["https:\/\/nordnesrepublikken.no\/index.php\/2025\/09\/24\/oslo-terrorisert-av-tenaringens-eksplosjonsforsok\/"]}]},{"@type":"ImageObject","inLanguage":"nb-NO","@id":"https:\/\/nordnesrepublikken.no\/index.php\/2025\/09\/24\/oslo-terrorisert-av-tenaringens-eksplosjonsforsok\/#primaryimage","url":"https:\/\/nordnesrepublikken.no\/wp-content\/uploads\/2025\/09\/1758682301_Oslo-terrorisert-av-tenaringens-eksplosjonsforsok.png","contentUrl":"https:\/\/nordnesrepublikken.no\/wp-content\/uploads\/2025\/09\/1758682301_Oslo-terrorisert-av-tenaringens-eksplosjonsforsok.png","width":1200,"height":823,"caption":"Oslo terrorisert av ten\u00e5ringens eksplosjonsfors\u00f8k"},{"@type":"BreadcrumbList","@id":"https:\/\/nordnesrepublikken.no\/index.php\/2025\/09\/24\/oslo-terrorisert-av-tenaringens-eksplosjonsforsok\/#breadcrumb","itemListElement":[{"@type":"ListItem","position":1,"name":"Home","item":"https:\/\/nordnesrepublikken.no\/"},{"@type":"ListItem","position":2,"name":"Oslo terrorisert av ten\u00e5ringens eksplosjonsfors\u00f8k"}]},{"@type":"WebSite","@id":"https:\/\/nordnesrepublikken.no\/#website","url":"https:\/\/nordnesrepublikken.no\/","name":"Nordnesrepublikken","description":"Stemmer og Visjoner fra Republikkens Hjerte","publisher":{"@id":"https:\/\/nordnesrepublikken.no\/#organization"},"potentialAction":[{"@type":"SearchAction","target":{"@type":"EntryPoint","urlTemplate":"https:\/\/nordnesrepublikken.no\/?s={search_term_string}"},"query-input":{"@type":"PropertyValueSpecification","valueRequired":true,"valueName":"search_term_string"}}],"inLanguage":"nb-NO"},{"@type":"Organization","@id":"https:\/\/nordnesrepublikken.no\/#organization","name":"Nordnesrepublikken","url":"https:\/\/nordnesrepublikken.no\/","logo":{"@type":"ImageObject","inLanguage":"nb-NO","@id":"https:\/\/nordnesrepublikken.no\/#\/schema\/logo\/image\/","url":"https:\/\/nordnesrepublikken.no\/wp-content\/uploads\/2025\/02\/cropped-nordnesrepublikken-2.png","contentUrl":"https:\/\/nordnesrepublikken.no\/wp-content\/uploads\/2025\/02\/cropped-nordnesrepublikken-2.png","width":1248,"height":362,"caption":"Nordnesrepublikken"},"image":{"@id":"https:\/\/nordnesrepublikken.no\/#\/schema\/logo\/image\/"}},{"@type":"Person","@id":"https:\/\/nordnesrepublikken.no\/#\/schema\/person\/2e7e81935bab77882fffb79296240ff1","name":"Ole Andersen","image":{"@type":"ImageObject","inLanguage":"nb-NO","@id":"https:\/\/nordnesrepublikken.no\/#\/schema\/person\/image\/","url":"https:\/\/nordnesrepublikken.no\/wp-content\/uploads\/2025\/02\/nordnesrepublikken-2-2-150x150.jpg","contentUrl":"https:\/\/nordnesrepublikken.no\/wp-content\/uploads\/2025\/02\/nordnesrepublikken-2-2-150x150.jpg","caption":"Ole Andersen"},"description":"Ettersom jeg vokste opp i Oslo, har jeg alltid v\u00e6rt fascinert av ordenes kraft og deres evne til \u00e5 skape endringer. Etter \u00e5 ha fullf\u00f8rt min utdannelse i kommunikasjon ved Universitetet i Bergen, fikk jeg muligheten til \u00e5 jobbe innen ulike medier, der jeg har s\u00f8kt \u00e5 belyse viktige samfunnssp\u00f8rsm\u00e5l. I dag, som redakt\u00f8r for Nordnesrepublikken, pr\u00f8ver jeg \u00e5 forene min kj\u00e6rlighet for journalistikk med min lidenskap for innovasjon og eventyr.","sameAs":["https:\/\/nordnesrepublikken.no\/"]}]}},"_links":{"self":[{"href":"https:\/\/nordnesrepublikken.no\/index.php\/wp-json\/wp\/v2\/posts\/9896","targetHints":{"allow":["GET"]}}],"collection":[{"href":"https:\/\/nordnesrepublikken.no\/index.php\/wp-json\/wp\/v2\/posts"}],"about":[{"href":"https:\/\/nordnesrepublikken.no\/index.php\/wp-json\/wp\/v2\/types\/post"}],"author":[{"embeddable":true,"href":"https:\/\/nordnesrepublikken.no\/index.php\/wp-json\/wp\/v2\/users\/1"}],"replies":[{"embeddable":true,"href":"https:\/\/nordnesrepublikken.no\/index.php\/wp-json\/wp\/v2\/comments?post=9896"}],"version-history":[{"count":1,"href":"https:\/\/nordnesrepublikken.no\/index.php\/wp-json\/wp\/v2\/posts\/9896\/revisions"}],"predecessor-version":[{"id":9898,"href":"https:\/\/nordnesrepublikken.no\/index.php\/wp-json\/wp\/v2\/posts\/9896\/revisions\/9898"}],"wp:featuredmedia":[{"embeddable":true,"href":"https:\/\/nordnesrepublikken.no\/index.php\/wp-json\/wp\/v2\/media\/9897"}],"wp:attachment":[{"href":"https:\/\/nordnesrepublikken.no\/index.php\/wp-json\/wp\/v2\/media?parent=9896"}],"wp:term":[{"taxonomy":"category","embeddable":true,"href":"https:\/\/nordnesrepublikken.no\/index.php\/wp-json\/wp\/v2\/categories?post=9896"},{"taxonomy":"post_tag","embeddable":true,"href":"https:\/\/nordnesrepublikken.no\/index.php\/wp-json\/wp\/v2\/tags?post=9896"}],"curies":[{"name":"wp","href":"https:\/\/api.w.org\/{rel}","templated":true}]}}