{"id":9875,"date":"2025-09-23T16:49:55","date_gmt":"2025-09-23T14:49:55","guid":{"rendered":"https:\/\/nordnesrepublikken.no\/index.php\/2025\/09\/23\/en-ny-studie-oppdaget-opprinnelsen-til-den-bla-fargen-pa-det-beromte-pollock-maleriet\/"},"modified":"2025-09-23T16:49:58","modified_gmt":"2025-09-23T14:49:58","slug":"en-ny-studie-oppdaget-opprinnelsen-til-den-bla-fargen-pa-det-beromte-pollock-maleriet","status":"publish","type":"post","link":"https:\/\/nordnesrepublikken.no\/index.php\/2025\/09\/23\/en-ny-studie-oppdaget-opprinnelsen-til-den-bla-fargen-pa-det-beromte-pollock-maleriet\/","title":{"rendered":"En ny studie oppdaget opprinnelsen til den bl\u00e5 fargen p\u00e5 det ber\u00f8mte Pollock -maleriet"},"content":{"rendered":"<div>\n<div class=\"cp_wrapper cp_wrapper--fw mb-30 mb-20@tablet\">\n<figure class=\"mm\"><picture class=\"img\" style=\"padding-top:56.25%\"><source  media=\"(min-width: 1024px)\"><source  media=\"(min-width: 768px)\"><\/source><\/source><\/picture><\/figure>\n<\/p><\/div>\n<p>Det enorme maleriet <strong>&laquo;Nummer 1A&raquo; av Jackson Pollock<\/strong>fra 1948, siden da har hemmeligheten bak det bl\u00e5 pigmentet skjult: Faktisk har flere studier gjennom \u00e5rene identifisert de r\u00f8de og gule pigmentene som er en del av hovedpaletten, mens<strong> Den pulserende bl\u00e5 av maleriet har lenge holdt seg ubestemt<\/strong>. Dette frem til det ber\u00f8mte &laquo;actionmaleriet&raquo;, som for tiden ble utsatt for Museum of Modern Art i New York, ble ikke utsatt for spektroskopisk lys.<\/p>\n<p>Selv bare ved \u00e5 observere &laquo;nummer 1A&raquo; kan du umiddelbart legge merke til detaljer som gj\u00f8r Pollock -maleriet umiskjennelig: den typiske stilen til <strong>&laquo;Drypp&raquo; -maleri<\/strong>Det vil si flyt ovenfra, avtrykkene av kunstnerens hender \u00f8verst til h\u00f8yre, eller til og med &laquo;tittelen -ikke -tittelen&raquo; representert med et enkelt tall -har som kunstneren Lee Krasen, hans kone, forklarte \u00e5 v\u00e6re en m\u00e5te \u00e5 f\u00e5 observat\u00f8rene til \u00e5 konsentrere seg bare p\u00e5 \u00e5 male -og ikke minst de vibrante fargene som alltid har en fascinert l\u00e6rd og kunstner.<\/p>\n<p>Studien publisert i det amerikanske magasinet <em>Proceedings of the National Academy of Sciences<\/em> har etablert det<strong> Denne bl\u00e5 er et syntetisk pigment<\/strong> <strong>Levende kjent som &laquo;manganbl\u00e5&raquo;<\/strong>. For \u00e5 identifisere den n\u00f8yaktige opprinnelsen til pigmentet, tok forskerne fragmenter av bl\u00e5tt maleri og brukte laser som ble brukt til \u00e5 spre lyset og m\u00e5le vibrasjonen av maleriemolekylene. Dette ga dem <strong>Et unikt kjemisk avtrykk for farge<\/strong>som identifiserte seg som &laquo;bl\u00e5 av mangan&raquo;: det er den f\u00f8rste bekreftede testen for bruken av denne spesifikke bl\u00e5 av Pollock.<\/p>\n<p>Dette pigmentet har ofte blitt brukt av kunstnere (s\u00e5 vel som for <strong>Farg sementen til sv\u00f8mmebassengene<\/strong>) fordi den er utstyrt med h\u00f8y stabilitet i lys, temperatur og fuktighet. P\u00e5 90 -tallet var det imidlertid <strong>gradvis eliminert av milj\u00f8- og sikkerhetsmessige \u00e5rsaker<\/strong>: spist av barium, dette er det vitenskapelige navnet p\u00e5 pigmentet, er faktisk<strong> giftig <\/strong>(ved inn\u00e5nding), og det er grunnen til at den er erstattet av nye industrielle forbindelser som produserer samme farge.<\/p>\n<\/p><\/div>\n","protected":false},"excerpt":{"rendered":"<p>Det enorme maleriet &laquo;Nummer 1A&raquo; av Jackson Pollockfra 1948, siden da har hemmeligheten bak det<\/p>\n","protected":false},"author":1,"featured_media":9876,"comment_status":"closed","ping_status":"open","sticky":false,"template":"","format":"standard","meta":{"footnotes":""},"categories":[104],"tags":[1633,236,74,66,1563,6124,78,2162,81,5189,1681,117],"class_list":["post-9875","post","type-post","status-publish","format-standard","has-post-thumbnail","hentry","category-samfunn","tag-beromte","tag-bla","tag-den","tag-det","tag-fargen","tag-maleriet","tag-oppdaget","tag-opprinnelsen","tag-pa","tag-pollock","tag-studie","tag-til","generate-columns","tablet-grid-50","mobile-grid-100","grid-parent","grid-33","resize-featured-image"],"yoast_head":"<!-- This site is optimized with the Yoast SEO plugin v24.4 - https:\/\/yoast.com\/wordpress\/plugins\/seo\/ -->\n<title>En ny studie oppdaget opprinnelsen til den bl\u00e5 fargen p\u00e5 det ber\u00f8mte Pollock -maleriet - Nordnesrepublikken<\/title>\n<meta name=\"robots\" content=\"index, follow, max-snippet:-1, max-image-preview:large, max-video-preview:-1\" \/>\n<link rel=\"canonical\" href=\"https:\/\/nordnesrepublikken.no\/index.php\/2025\/09\/23\/en-ny-studie-oppdaget-opprinnelsen-til-den-bla-fargen-pa-det-beromte-pollock-maleriet\/\" \/>\n<meta property=\"og:locale\" content=\"nb_NO\" \/>\n<meta property=\"og:type\" content=\"article\" \/>\n<meta property=\"og:title\" content=\"En ny studie oppdaget opprinnelsen til den bl\u00e5 fargen p\u00e5 det ber\u00f8mte Pollock -maleriet - Nordnesrepublikken\" \/>\n<meta property=\"og:description\" content=\"Det enorme maleriet &laquo;Nummer 1A&raquo; av Jackson Pollockfra 1948, siden da har hemmeligheten bak det\" \/>\n<meta property=\"og:url\" content=\"https:\/\/nordnesrepublikken.no\/index.php\/2025\/09\/23\/en-ny-studie-oppdaget-opprinnelsen-til-den-bla-fargen-pa-det-beromte-pollock-maleriet\/\" \/>\n<meta property=\"og:site_name\" content=\"Nordnesrepublikken\" \/>\n<meta property=\"article:published_time\" content=\"2025-09-23T14:49:55+00:00\" \/>\n<meta property=\"article:modified_time\" content=\"2025-09-23T14:49:58+00:00\" \/>\n<meta property=\"og:image\" content=\"https:\/\/nordnesrepublikken.no\/wp-content\/uploads\/2025\/09\/En-ny-studie-oppdaget-opprinnelsen-til-den-bla-fargen-pa.-copy-2025-Pollock-Krasner-Foundation-Artists-Rights-Society-ARS-New.jpeg\" \/>\n\t<meta property=\"og:image:width\" content=\"2000\" \/>\n\t<meta property=\"og:image:height\" content=\"1307\" \/>\n\t<meta property=\"og:image:type\" content=\"image\/jpeg\" \/>\n<meta name=\"author\" content=\"Ole Andersen\" \/>\n<meta name=\"twitter:card\" content=\"summary_large_image\" \/>\n<meta name=\"twitter:label1\" content=\"Skrevet av\" \/>\n\t<meta name=\"twitter:data1\" content=\"Ole Andersen\" \/>\n\t<meta name=\"twitter:label2\" content=\"Ansl. lesetid\" \/>\n\t<meta name=\"twitter:data2\" content=\"2 minutter\" \/>\n<script type=\"application\/ld+json\" class=\"yoast-schema-graph\">{\"@context\":\"https:\/\/schema.org\",\"@graph\":[{\"@type\":\"Article\",\"@id\":\"https:\/\/nordnesrepublikken.no\/index.php\/2025\/09\/23\/en-ny-studie-oppdaget-opprinnelsen-til-den-bla-fargen-pa-det-beromte-pollock-maleriet\/#article\",\"isPartOf\":{\"@id\":\"https:\/\/nordnesrepublikken.no\/index.php\/2025\/09\/23\/en-ny-studie-oppdaget-opprinnelsen-til-den-bla-fargen-pa-det-beromte-pollock-maleriet\/\"},\"author\":{\"name\":\"Ole Andersen\",\"@id\":\"https:\/\/nordnesrepublikken.no\/#\/schema\/person\/2e7e81935bab77882fffb79296240ff1\"},\"headline\":\"En ny studie oppdaget opprinnelsen til den bl\u00e5 fargen p\u00e5 det ber\u00f8mte Pollock -maleriet\",\"datePublished\":\"2025-09-23T14:49:55+00:00\",\"dateModified\":\"2025-09-23T14:49:58+00:00\",\"mainEntityOfPage\":{\"@id\":\"https:\/\/nordnesrepublikken.no\/index.php\/2025\/09\/23\/en-ny-studie-oppdaget-opprinnelsen-til-den-bla-fargen-pa-det-beromte-pollock-maleriet\/\"},\"wordCount\":336,\"publisher\":{\"@id\":\"https:\/\/nordnesrepublikken.no\/#organization\"},\"image\":{\"@id\":\"https:\/\/nordnesrepublikken.no\/index.php\/2025\/09\/23\/en-ny-studie-oppdaget-opprinnelsen-til-den-bla-fargen-pa-det-beromte-pollock-maleriet\/#primaryimage\"},\"thumbnailUrl\":\"https:\/\/nordnesrepublikken.no\/wp-content\/uploads\/2025\/09\/En-ny-studie-oppdaget-opprinnelsen-til-den-bla-fargen-pa.-copy-2025-Pollock-Krasner-Foundation-Artists-Rights-Society-ARS-New.jpeg\",\"keywords\":[\"ber\u00f8mte\",\"bl\u00e5\",\"den\",\"Det\",\"fargen\",\"maleriet\",\"oppdaget\",\"Opprinnelsen\",\"p\u00e5\",\"pollock\",\"studie\",\"til\"],\"articleSection\":[\"Samfunn\"],\"inLanguage\":\"nb-NO\"},{\"@type\":\"WebPage\",\"@id\":\"https:\/\/nordnesrepublikken.no\/index.php\/2025\/09\/23\/en-ny-studie-oppdaget-opprinnelsen-til-den-bla-fargen-pa-det-beromte-pollock-maleriet\/\",\"url\":\"https:\/\/nordnesrepublikken.no\/index.php\/2025\/09\/23\/en-ny-studie-oppdaget-opprinnelsen-til-den-bla-fargen-pa-det-beromte-pollock-maleriet\/\",\"name\":\"En ny studie oppdaget opprinnelsen til den bl\u00e5 fargen p\u00e5 det ber\u00f8mte Pollock -maleriet - Nordnesrepublikken\",\"isPartOf\":{\"@id\":\"https:\/\/nordnesrepublikken.no\/#website\"},\"primaryImageOfPage\":{\"@id\":\"https:\/\/nordnesrepublikken.no\/index.php\/2025\/09\/23\/en-ny-studie-oppdaget-opprinnelsen-til-den-bla-fargen-pa-det-beromte-pollock-maleriet\/#primaryimage\"},\"image\":{\"@id\":\"https:\/\/nordnesrepublikken.no\/index.php\/2025\/09\/23\/en-ny-studie-oppdaget-opprinnelsen-til-den-bla-fargen-pa-det-beromte-pollock-maleriet\/#primaryimage\"},\"thumbnailUrl\":\"https:\/\/nordnesrepublikken.no\/wp-content\/uploads\/2025\/09\/En-ny-studie-oppdaget-opprinnelsen-til-den-bla-fargen-pa.-copy-2025-Pollock-Krasner-Foundation-Artists-Rights-Society-ARS-New.jpeg\",\"datePublished\":\"2025-09-23T14:49:55+00:00\",\"dateModified\":\"2025-09-23T14:49:58+00:00\",\"breadcrumb\":{\"@id\":\"https:\/\/nordnesrepublikken.no\/index.php\/2025\/09\/23\/en-ny-studie-oppdaget-opprinnelsen-til-den-bla-fargen-pa-det-beromte-pollock-maleriet\/#breadcrumb\"},\"inLanguage\":\"nb-NO\",\"potentialAction\":[{\"@type\":\"ReadAction\",\"target\":[\"https:\/\/nordnesrepublikken.no\/index.php\/2025\/09\/23\/en-ny-studie-oppdaget-opprinnelsen-til-den-bla-fargen-pa-det-beromte-pollock-maleriet\/\"]}]},{\"@type\":\"ImageObject\",\"inLanguage\":\"nb-NO\",\"@id\":\"https:\/\/nordnesrepublikken.no\/index.php\/2025\/09\/23\/en-ny-studie-oppdaget-opprinnelsen-til-den-bla-fargen-pa-det-beromte-pollock-maleriet\/#primaryimage\",\"url\":\"https:\/\/nordnesrepublikken.no\/wp-content\/uploads\/2025\/09\/En-ny-studie-oppdaget-opprinnelsen-til-den-bla-fargen-pa.-copy-2025-Pollock-Krasner-Foundation-Artists-Rights-Society-ARS-New.jpeg\",\"contentUrl\":\"https:\/\/nordnesrepublikken.no\/wp-content\/uploads\/2025\/09\/En-ny-studie-oppdaget-opprinnelsen-til-den-bla-fargen-pa.-copy-2025-Pollock-Krasner-Foundation-Artists-Rights-Society-ARS-New.jpeg\",\"width\":2000,\"height\":1307,\"caption\":\"Immagine\"},{\"@type\":\"BreadcrumbList\",\"@id\":\"https:\/\/nordnesrepublikken.no\/index.php\/2025\/09\/23\/en-ny-studie-oppdaget-opprinnelsen-til-den-bla-fargen-pa-det-beromte-pollock-maleriet\/#breadcrumb\",\"itemListElement\":[{\"@type\":\"ListItem\",\"position\":1,\"name\":\"Home\",\"item\":\"https:\/\/nordnesrepublikken.no\/\"},{\"@type\":\"ListItem\",\"position\":2,\"name\":\"En ny studie oppdaget opprinnelsen til den bl\u00e5 fargen p\u00e5 det ber\u00f8mte Pollock -maleriet\"}]},{\"@type\":\"WebSite\",\"@id\":\"https:\/\/nordnesrepublikken.no\/#website\",\"url\":\"https:\/\/nordnesrepublikken.no\/\",\"name\":\"Nordnesrepublikken\",\"description\":\"Stemmer og Visjoner fra Republikkens Hjerte\",\"publisher\":{\"@id\":\"https:\/\/nordnesrepublikken.no\/#organization\"},\"potentialAction\":[{\"@type\":\"SearchAction\",\"target\":{\"@type\":\"EntryPoint\",\"urlTemplate\":\"https:\/\/nordnesrepublikken.no\/?s={search_term_string}\"},\"query-input\":{\"@type\":\"PropertyValueSpecification\",\"valueRequired\":true,\"valueName\":\"search_term_string\"}}],\"inLanguage\":\"nb-NO\"},{\"@type\":\"Organization\",\"@id\":\"https:\/\/nordnesrepublikken.no\/#organization\",\"name\":\"Nordnesrepublikken\",\"url\":\"https:\/\/nordnesrepublikken.no\/\",\"logo\":{\"@type\":\"ImageObject\",\"inLanguage\":\"nb-NO\",\"@id\":\"https:\/\/nordnesrepublikken.no\/#\/schema\/logo\/image\/\",\"url\":\"https:\/\/nordnesrepublikken.no\/wp-content\/uploads\/2025\/02\/cropped-nordnesrepublikken-2.png\",\"contentUrl\":\"https:\/\/nordnesrepublikken.no\/wp-content\/uploads\/2025\/02\/cropped-nordnesrepublikken-2.png\",\"width\":1248,\"height\":362,\"caption\":\"Nordnesrepublikken\"},\"image\":{\"@id\":\"https:\/\/nordnesrepublikken.no\/#\/schema\/logo\/image\/\"}},{\"@type\":\"Person\",\"@id\":\"https:\/\/nordnesrepublikken.no\/#\/schema\/person\/2e7e81935bab77882fffb79296240ff1\",\"name\":\"Ole Andersen\",\"image\":{\"@type\":\"ImageObject\",\"inLanguage\":\"nb-NO\",\"@id\":\"https:\/\/nordnesrepublikken.no\/#\/schema\/person\/image\/\",\"url\":\"https:\/\/nordnesrepublikken.no\/wp-content\/uploads\/2025\/02\/nordnesrepublikken-2-2-150x150.jpg\",\"contentUrl\":\"https:\/\/nordnesrepublikken.no\/wp-content\/uploads\/2025\/02\/nordnesrepublikken-2-2-150x150.jpg\",\"caption\":\"Ole Andersen\"},\"description\":\"Ettersom jeg vokste opp i Oslo, har jeg alltid v\u00e6rt fascinert av ordenes kraft og deres evne til \u00e5 skape endringer. Etter \u00e5 ha fullf\u00f8rt min utdannelse i kommunikasjon ved Universitetet i Bergen, fikk jeg muligheten til \u00e5 jobbe innen ulike medier, der jeg har s\u00f8kt \u00e5 belyse viktige samfunnssp\u00f8rsm\u00e5l. I dag, som redakt\u00f8r for Nordnesrepublikken, pr\u00f8ver jeg \u00e5 forene min kj\u00e6rlighet for journalistikk med min lidenskap for innovasjon og eventyr.\",\"sameAs\":[\"https:\/\/nordnesrepublikken.no\/\"]}]}<\/script>\n<!-- \/ Yoast SEO plugin. -->","yoast_head_json":{"title":"En ny studie oppdaget opprinnelsen til den bl\u00e5 fargen p\u00e5 det ber\u00f8mte Pollock -maleriet - Nordnesrepublikken","robots":{"index":"index","follow":"follow","max-snippet":"max-snippet:-1","max-image-preview":"max-image-preview:large","max-video-preview":"max-video-preview:-1"},"canonical":"https:\/\/nordnesrepublikken.no\/index.php\/2025\/09\/23\/en-ny-studie-oppdaget-opprinnelsen-til-den-bla-fargen-pa-det-beromte-pollock-maleriet\/","og_locale":"nb_NO","og_type":"article","og_title":"En ny studie oppdaget opprinnelsen til den bl\u00e5 fargen p\u00e5 det ber\u00f8mte Pollock -maleriet - Nordnesrepublikken","og_description":"Det enorme maleriet &laquo;Nummer 1A&raquo; av Jackson Pollockfra 1948, siden da har hemmeligheten bak det","og_url":"https:\/\/nordnesrepublikken.no\/index.php\/2025\/09\/23\/en-ny-studie-oppdaget-opprinnelsen-til-den-bla-fargen-pa-det-beromte-pollock-maleriet\/","og_site_name":"Nordnesrepublikken","article_published_time":"2025-09-23T14:49:55+00:00","article_modified_time":"2025-09-23T14:49:58+00:00","og_image":[{"width":2000,"height":1307,"url":"https:\/\/nordnesrepublikken.no\/wp-content\/uploads\/2025\/09\/En-ny-studie-oppdaget-opprinnelsen-til-den-bla-fargen-pa.-copy-2025-Pollock-Krasner-Foundation-Artists-Rights-Society-ARS-New.jpeg","type":"image\/jpeg"}],"author":"Ole Andersen","twitter_card":"summary_large_image","twitter_misc":{"Skrevet av":"Ole Andersen","Ansl. lesetid":"2 minutter"},"schema":{"@context":"https:\/\/schema.org","@graph":[{"@type":"Article","@id":"https:\/\/nordnesrepublikken.no\/index.php\/2025\/09\/23\/en-ny-studie-oppdaget-opprinnelsen-til-den-bla-fargen-pa-det-beromte-pollock-maleriet\/#article","isPartOf":{"@id":"https:\/\/nordnesrepublikken.no\/index.php\/2025\/09\/23\/en-ny-studie-oppdaget-opprinnelsen-til-den-bla-fargen-pa-det-beromte-pollock-maleriet\/"},"author":{"name":"Ole Andersen","@id":"https:\/\/nordnesrepublikken.no\/#\/schema\/person\/2e7e81935bab77882fffb79296240ff1"},"headline":"En ny studie oppdaget opprinnelsen til den bl\u00e5 fargen p\u00e5 det ber\u00f8mte Pollock -maleriet","datePublished":"2025-09-23T14:49:55+00:00","dateModified":"2025-09-23T14:49:58+00:00","mainEntityOfPage":{"@id":"https:\/\/nordnesrepublikken.no\/index.php\/2025\/09\/23\/en-ny-studie-oppdaget-opprinnelsen-til-den-bla-fargen-pa-det-beromte-pollock-maleriet\/"},"wordCount":336,"publisher":{"@id":"https:\/\/nordnesrepublikken.no\/#organization"},"image":{"@id":"https:\/\/nordnesrepublikken.no\/index.php\/2025\/09\/23\/en-ny-studie-oppdaget-opprinnelsen-til-den-bla-fargen-pa-det-beromte-pollock-maleriet\/#primaryimage"},"thumbnailUrl":"https:\/\/nordnesrepublikken.no\/wp-content\/uploads\/2025\/09\/En-ny-studie-oppdaget-opprinnelsen-til-den-bla-fargen-pa.-copy-2025-Pollock-Krasner-Foundation-Artists-Rights-Society-ARS-New.jpeg","keywords":["ber\u00f8mte","bl\u00e5","den","Det","fargen","maleriet","oppdaget","Opprinnelsen","p\u00e5","pollock","studie","til"],"articleSection":["Samfunn"],"inLanguage":"nb-NO"},{"@type":"WebPage","@id":"https:\/\/nordnesrepublikken.no\/index.php\/2025\/09\/23\/en-ny-studie-oppdaget-opprinnelsen-til-den-bla-fargen-pa-det-beromte-pollock-maleriet\/","url":"https:\/\/nordnesrepublikken.no\/index.php\/2025\/09\/23\/en-ny-studie-oppdaget-opprinnelsen-til-den-bla-fargen-pa-det-beromte-pollock-maleriet\/","name":"En ny studie oppdaget opprinnelsen til den bl\u00e5 fargen p\u00e5 det ber\u00f8mte Pollock -maleriet - Nordnesrepublikken","isPartOf":{"@id":"https:\/\/nordnesrepublikken.no\/#website"},"primaryImageOfPage":{"@id":"https:\/\/nordnesrepublikken.no\/index.php\/2025\/09\/23\/en-ny-studie-oppdaget-opprinnelsen-til-den-bla-fargen-pa-det-beromte-pollock-maleriet\/#primaryimage"},"image":{"@id":"https:\/\/nordnesrepublikken.no\/index.php\/2025\/09\/23\/en-ny-studie-oppdaget-opprinnelsen-til-den-bla-fargen-pa-det-beromte-pollock-maleriet\/#primaryimage"},"thumbnailUrl":"https:\/\/nordnesrepublikken.no\/wp-content\/uploads\/2025\/09\/En-ny-studie-oppdaget-opprinnelsen-til-den-bla-fargen-pa.-copy-2025-Pollock-Krasner-Foundation-Artists-Rights-Society-ARS-New.jpeg","datePublished":"2025-09-23T14:49:55+00:00","dateModified":"2025-09-23T14:49:58+00:00","breadcrumb":{"@id":"https:\/\/nordnesrepublikken.no\/index.php\/2025\/09\/23\/en-ny-studie-oppdaget-opprinnelsen-til-den-bla-fargen-pa-det-beromte-pollock-maleriet\/#breadcrumb"},"inLanguage":"nb-NO","potentialAction":[{"@type":"ReadAction","target":["https:\/\/nordnesrepublikken.no\/index.php\/2025\/09\/23\/en-ny-studie-oppdaget-opprinnelsen-til-den-bla-fargen-pa-det-beromte-pollock-maleriet\/"]}]},{"@type":"ImageObject","inLanguage":"nb-NO","@id":"https:\/\/nordnesrepublikken.no\/index.php\/2025\/09\/23\/en-ny-studie-oppdaget-opprinnelsen-til-den-bla-fargen-pa-det-beromte-pollock-maleriet\/#primaryimage","url":"https:\/\/nordnesrepublikken.no\/wp-content\/uploads\/2025\/09\/En-ny-studie-oppdaget-opprinnelsen-til-den-bla-fargen-pa.-copy-2025-Pollock-Krasner-Foundation-Artists-Rights-Society-ARS-New.jpeg","contentUrl":"https:\/\/nordnesrepublikken.no\/wp-content\/uploads\/2025\/09\/En-ny-studie-oppdaget-opprinnelsen-til-den-bla-fargen-pa.-copy-2025-Pollock-Krasner-Foundation-Artists-Rights-Society-ARS-New.jpeg","width":2000,"height":1307,"caption":"Immagine"},{"@type":"BreadcrumbList","@id":"https:\/\/nordnesrepublikken.no\/index.php\/2025\/09\/23\/en-ny-studie-oppdaget-opprinnelsen-til-den-bla-fargen-pa-det-beromte-pollock-maleriet\/#breadcrumb","itemListElement":[{"@type":"ListItem","position":1,"name":"Home","item":"https:\/\/nordnesrepublikken.no\/"},{"@type":"ListItem","position":2,"name":"En ny studie oppdaget opprinnelsen til den bl\u00e5 fargen p\u00e5 det ber\u00f8mte Pollock -maleriet"}]},{"@type":"WebSite","@id":"https:\/\/nordnesrepublikken.no\/#website","url":"https:\/\/nordnesrepublikken.no\/","name":"Nordnesrepublikken","description":"Stemmer og Visjoner fra Republikkens Hjerte","publisher":{"@id":"https:\/\/nordnesrepublikken.no\/#organization"},"potentialAction":[{"@type":"SearchAction","target":{"@type":"EntryPoint","urlTemplate":"https:\/\/nordnesrepublikken.no\/?s={search_term_string}"},"query-input":{"@type":"PropertyValueSpecification","valueRequired":true,"valueName":"search_term_string"}}],"inLanguage":"nb-NO"},{"@type":"Organization","@id":"https:\/\/nordnesrepublikken.no\/#organization","name":"Nordnesrepublikken","url":"https:\/\/nordnesrepublikken.no\/","logo":{"@type":"ImageObject","inLanguage":"nb-NO","@id":"https:\/\/nordnesrepublikken.no\/#\/schema\/logo\/image\/","url":"https:\/\/nordnesrepublikken.no\/wp-content\/uploads\/2025\/02\/cropped-nordnesrepublikken-2.png","contentUrl":"https:\/\/nordnesrepublikken.no\/wp-content\/uploads\/2025\/02\/cropped-nordnesrepublikken-2.png","width":1248,"height":362,"caption":"Nordnesrepublikken"},"image":{"@id":"https:\/\/nordnesrepublikken.no\/#\/schema\/logo\/image\/"}},{"@type":"Person","@id":"https:\/\/nordnesrepublikken.no\/#\/schema\/person\/2e7e81935bab77882fffb79296240ff1","name":"Ole Andersen","image":{"@type":"ImageObject","inLanguage":"nb-NO","@id":"https:\/\/nordnesrepublikken.no\/#\/schema\/person\/image\/","url":"https:\/\/nordnesrepublikken.no\/wp-content\/uploads\/2025\/02\/nordnesrepublikken-2-2-150x150.jpg","contentUrl":"https:\/\/nordnesrepublikken.no\/wp-content\/uploads\/2025\/02\/nordnesrepublikken-2-2-150x150.jpg","caption":"Ole Andersen"},"description":"Ettersom jeg vokste opp i Oslo, har jeg alltid v\u00e6rt fascinert av ordenes kraft og deres evne til \u00e5 skape endringer. Etter \u00e5 ha fullf\u00f8rt min utdannelse i kommunikasjon ved Universitetet i Bergen, fikk jeg muligheten til \u00e5 jobbe innen ulike medier, der jeg har s\u00f8kt \u00e5 belyse viktige samfunnssp\u00f8rsm\u00e5l. I dag, som redakt\u00f8r for Nordnesrepublikken, pr\u00f8ver jeg \u00e5 forene min kj\u00e6rlighet for journalistikk med min lidenskap for innovasjon og eventyr.","sameAs":["https:\/\/nordnesrepublikken.no\/"]}]}},"_links":{"self":[{"href":"https:\/\/nordnesrepublikken.no\/index.php\/wp-json\/wp\/v2\/posts\/9875","targetHints":{"allow":["GET"]}}],"collection":[{"href":"https:\/\/nordnesrepublikken.no\/index.php\/wp-json\/wp\/v2\/posts"}],"about":[{"href":"https:\/\/nordnesrepublikken.no\/index.php\/wp-json\/wp\/v2\/types\/post"}],"author":[{"embeddable":true,"href":"https:\/\/nordnesrepublikken.no\/index.php\/wp-json\/wp\/v2\/users\/1"}],"replies":[{"embeddable":true,"href":"https:\/\/nordnesrepublikken.no\/index.php\/wp-json\/wp\/v2\/comments?post=9875"}],"version-history":[{"count":1,"href":"https:\/\/nordnesrepublikken.no\/index.php\/wp-json\/wp\/v2\/posts\/9875\/revisions"}],"predecessor-version":[{"id":9877,"href":"https:\/\/nordnesrepublikken.no\/index.php\/wp-json\/wp\/v2\/posts\/9875\/revisions\/9877"}],"wp:featuredmedia":[{"embeddable":true,"href":"https:\/\/nordnesrepublikken.no\/index.php\/wp-json\/wp\/v2\/media\/9876"}],"wp:attachment":[{"href":"https:\/\/nordnesrepublikken.no\/index.php\/wp-json\/wp\/v2\/media?parent=9875"}],"wp:term":[{"taxonomy":"category","embeddable":true,"href":"https:\/\/nordnesrepublikken.no\/index.php\/wp-json\/wp\/v2\/categories?post=9875"},{"taxonomy":"post_tag","embeddable":true,"href":"https:\/\/nordnesrepublikken.no\/index.php\/wp-json\/wp\/v2\/tags?post=9875"}],"curies":[{"name":"wp","href":"https:\/\/api.w.org\/{rel}","templated":true}]}}