{"id":9872,"date":"2025-09-23T15:49:36","date_gmt":"2025-09-23T13:49:36","guid":{"rendered":"https:\/\/nordnesrepublikken.no\/index.php\/2025\/09\/23\/skremmende-nesten-glipp-av-passasjerer-pa-fin-flyplass\/"},"modified":"2025-09-23T15:49:38","modified_gmt":"2025-09-23T13:49:38","slug":"skremmende-nesten-glipp-av-passasjerer-pa-fin-flyplass","status":"publish","type":"post","link":"https:\/\/nordnesrepublikken.no\/index.php\/2025\/09\/23\/skremmende-nesten-glipp-av-passasjerer-pa-fin-flyplass\/","title":{"rendered":"Skremmende nesten glipp av passasjerer p\u00e5 fin flyplass"},"content":{"rendered":"<p><\/p>\n<div class=\"wordpress-content\">\n                    <!-- Article Start --><\/p>\n<p><strong>Passasjerer p\u00e5 Nice Airport t\u00e5lte en skremmende skremsel sent p\u00e5 s\u00f8ndag kveld da to fly kom innenfor en visp av kollidering. Det som burde ha v\u00e6rt en rutinemessig landing, ble til et hjerte-stoppende \u00f8yeblikk som lot reisende rystet og luftfartsmyndighetene krypse etter svar.<\/strong><\/p>\n<h2>En skremmende n\u00e6r fr\u00f8ken<\/h2>\n<p>Det var rundt klokka 23.30 21. september da Nouvelair Flight BJ586 fra Tunis gjorde sin tiln\u00e6rming til fin. V\u00e6ret kunne knapt ha v\u00e6rt verre &#8211; regnark banket asfalt og synligheten var s\u00e5 d\u00e5rlig at selv rullebanelysene var lite mer enn en uskarphet.<\/p>\n<p>Da den tunisiske jeten gikk ned, f\u00f8lte passasjerer om bord i et EasyJet -fly som ventet p\u00e5 \u00e5 reise til Nantes plutselig en voldelig st\u00f8t. Hytta skranglet, overhead binger ristet, og if\u00f8lge en reisende fylte &laquo;en enorm st\u00f8y hytta mens et annet fly br\u00f8lte rett over oss &#8211; pilotene fortalte oss senere at det var omtrent tre meter unna.&raquo;<\/p>\n<div class=\"sra_unit\"><link rel=\"stylesheet\" id=\"block-sra\" href=\"https:\/\/euroweeklynews.com\/wp-content\/plugins\/snack-related-articles\/dist\/css\/snack-related.min.css?250312-193541\" type=\"text\/css\" media=\"all\">\n<\/div>\n<p>Nouvelair -pilotene reagerte p\u00e5 et \u00f8yeblikk, smalt motorene til full skyvekraft og trakk flyet skarpt tilbake p\u00e5 nattehimmelen. Flyttingen avverget nesten helt sikkert katastrofe.<\/p>\n<h2>Forvirring og sp\u00f8rsm\u00e5l<\/h2>\n<p>Til \u00e5 begynne med spredte ryktene seg raskt: Hadde Nouvelair -mannskapet foret seg p\u00e5 feil rullebane? Var det menneskelig feil, eller et sammenbrudd i kommunikasjon med flytrafikkontroll? Nice-Matin rapporterte at piloten hadde tatt feil av landingsstien. Flyplassen, som ble kontaktet av lokale medier, bekreftet at &laquo;piloten ser ut til \u00e5 ha gjort en feil&raquo; og la til at mannskapet utf\u00f8rte en rundt for \u00e5 unng\u00e5 innvirkning.<\/p>\n<p>Frankrikes Bureau of Enquiry and Analyse for Civil Aviation Safety (Bea) leder n\u00e5 etterforskningen. Avtroppende transportminister Philippe Tabarot kastet bort ingen tid til \u00e5 bestille henvendelsen og sa at det var viktig for <em>&laquo;Kj\u00f8r fullt lys over omstendighetene med denne alvorlige hendelsen.&raquo;<\/em><\/p>\n<p>For passasjerene var de offisielle forklaringene imidlertid lite i \u00f8yeblikket. Det de vil huske er panikken om bord, skrikene og realiseringen av hvor n\u00e6r de hadde kommet.<\/p>\n<h2>Nouvelair forsvarer mannskapet<\/h2>\n<p>Nouvelair br\u00f8t stillheten dagen etter, og understreket at hendelsen utspilte seg i <em>&laquo;Spesielt vanskelige meteorologiske forhold, preget av kraftig regn og ekstremt redusert synlighet.&raquo;<\/em><\/p>\n<p>Flyselskapet, som har flyr i mer enn 36 \u00e5r, var opptatt av \u00e5 understreke sikkerhetsrekorden. I uttalelsen bekreftet Nouvelair at passasjer- og besetningen er dens &#8216;absolutte prioritering&#8217; og sa at den samarbeidet fullt ut med etterforskerne.<\/p>\n<p>&laquo;All v\u00e5r virksomhet utf\u00f8res i strengt samsvar med internasjonale standarder,&raquo; la flyselskapet til, og lovet \u00e5 gi &laquo;all st\u00f8tte som er n\u00f8dvendig for \u00e5 sikre jevn gjennomf\u00f8ring av etterforskningen.&raquo;<\/p>\n<p>Det var en melding som ikke bare var designet for \u00e5 berolige passasjerer, men ogs\u00e5 for \u00e5 forsvare pilotene, som ble m\u00f8tt med et mareritt -scenario om tiln\u00e6rming til et av Europas travleste flyplasser.<\/p>\n<h2>En natt \u00e5 huske<\/h2>\n<p>EasyJet kansellerte Nantes -tjenesten og ombook passasjerer p\u00e5 andre flyreiser. Nouvelairs jet, etter sirkling, landet til slutt trygt i Nice.<\/p>\n<p>Senest mandag morgen fylte bilder av lange k\u00f8er og frustrerte reisende sosiale medier. Men bak ulempen l\u00e5 en lettelse. Noen f\u00e5 meter og noen f\u00e5 sekunder hadde v\u00e6rt alt som skilte hendelsen fra \u00e5 bli en tragedie.<\/p>\n<p>Luftfartseksperter bemerker at selv om slike n\u00e6re samtaler er sjeldne, blir de tatt ekstremt alvorlig. Etterforskerne vil se p\u00e5 alle detaljer &#8211; fra v\u00e6rrapporter og radardata til cockpitopptak &#8211; for \u00e5 forst\u00e5 hva som gikk galt.<\/p>\n<p>For de ombord vil minnet somle seg langt lenger enn overskriftene. Da en passasjer oppsummerte den: &laquo;Vi var klare til \u00e5 ta av, s\u00e5 plutselig f\u00f8ltes det som om himmelen falt p\u00e5 oss. Det var det skumleste \u00f8yeblikket i livet mitt.&raquo;<\/p>\n<p>                    <!-- This article has been originally published at https:\/\/euroweeklynews.com\/2025\/09\/23\/terrifying-near-miss-shocks-passengers-at-nice-airport\/ on 23 Sep 2025 at 14:32 by Farah Mokrani --><br \/>\n                    <!-- Article End -->\n                <\/div>\n","protected":false},"excerpt":{"rendered":"<p>Passasjerer p\u00e5 Nice Airport t\u00e5lte en skremmende skremsel sent p\u00e5 s\u00f8ndag kveld da to fly<\/p>\n","protected":false},"author":1,"featured_media":9873,"comment_status":"closed","ping_status":"open","sticky":false,"template":"","format":"standard","meta":{"footnotes":""},"categories":[105],"tags":[6162,979,5285,2629,81,3471,1151],"class_list":["post-9872","post","type-post","status-publish","format-standard","has-post-thumbnail","hentry","category-livsstil","tag-fin","tag-flyplass","tag-glipp","tag-nesten","tag-pa","tag-passasjerer","tag-skremmende","generate-columns","tablet-grid-50","mobile-grid-100","grid-parent","grid-33","resize-featured-image"],"yoast_head":"<!-- This site is optimized with the Yoast SEO plugin v24.4 - https:\/\/yoast.com\/wordpress\/plugins\/seo\/ -->\n<title>Skremmende nesten glipp av passasjerer p\u00e5 fin flyplass - Nordnesrepublikken<\/title>\n<meta name=\"robots\" content=\"index, follow, max-snippet:-1, max-image-preview:large, max-video-preview:-1\" \/>\n<link rel=\"canonical\" href=\"https:\/\/nordnesrepublikken.no\/index.php\/2025\/09\/23\/skremmende-nesten-glipp-av-passasjerer-pa-fin-flyplass\/\" \/>\n<meta property=\"og:locale\" content=\"nb_NO\" \/>\n<meta property=\"og:type\" content=\"article\" \/>\n<meta property=\"og:title\" content=\"Skremmende nesten glipp av passasjerer p\u00e5 fin flyplass - Nordnesrepublikken\" \/>\n<meta property=\"og:description\" content=\"Passasjerer p\u00e5 Nice Airport t\u00e5lte en skremmende skremsel sent p\u00e5 s\u00f8ndag kveld da to fly\" \/>\n<meta property=\"og:url\" content=\"https:\/\/nordnesrepublikken.no\/index.php\/2025\/09\/23\/skremmende-nesten-glipp-av-passasjerer-pa-fin-flyplass\/\" \/>\n<meta property=\"og:site_name\" content=\"Nordnesrepublikken\" \/>\n<meta property=\"article:published_time\" content=\"2025-09-23T13:49:36+00:00\" \/>\n<meta property=\"article:modified_time\" content=\"2025-09-23T13:49:38+00:00\" \/>\n<meta property=\"og:image\" content=\"https:\/\/nordnesrepublikken.no\/wp-content\/uploads\/2025\/09\/1758635377_Skremmende-nesten-glipp-av-passasjerer-pa-fin-flyplass.jpg\" \/>\n\t<meta property=\"og:image:width\" content=\"1200\" \/>\n\t<meta property=\"og:image:height\" content=\"800\" \/>\n\t<meta property=\"og:image:type\" content=\"image\/jpeg\" \/>\n<meta name=\"author\" content=\"Ole Andersen\" \/>\n<meta name=\"twitter:card\" content=\"summary_large_image\" \/>\n<meta name=\"twitter:label1\" content=\"Skrevet av\" \/>\n\t<meta name=\"twitter:data1\" content=\"Ole Andersen\" \/>\n\t<meta name=\"twitter:label2\" content=\"Ansl. lesetid\" \/>\n\t<meta name=\"twitter:data2\" content=\"3 minutter\" \/>\n<script type=\"application\/ld+json\" class=\"yoast-schema-graph\">{\"@context\":\"https:\/\/schema.org\",\"@graph\":[{\"@type\":\"Article\",\"@id\":\"https:\/\/nordnesrepublikken.no\/index.php\/2025\/09\/23\/skremmende-nesten-glipp-av-passasjerer-pa-fin-flyplass\/#article\",\"isPartOf\":{\"@id\":\"https:\/\/nordnesrepublikken.no\/index.php\/2025\/09\/23\/skremmende-nesten-glipp-av-passasjerer-pa-fin-flyplass\/\"},\"author\":{\"name\":\"Ole Andersen\",\"@id\":\"https:\/\/nordnesrepublikken.no\/#\/schema\/person\/2e7e81935bab77882fffb79296240ff1\"},\"headline\":\"Skremmende nesten glipp av passasjerer p\u00e5 fin flyplass\",\"datePublished\":\"2025-09-23T13:49:36+00:00\",\"dateModified\":\"2025-09-23T13:49:38+00:00\",\"mainEntityOfPage\":{\"@id\":\"https:\/\/nordnesrepublikken.no\/index.php\/2025\/09\/23\/skremmende-nesten-glipp-av-passasjerer-pa-fin-flyplass\/\"},\"wordCount\":597,\"publisher\":{\"@id\":\"https:\/\/nordnesrepublikken.no\/#organization\"},\"image\":{\"@id\":\"https:\/\/nordnesrepublikken.no\/index.php\/2025\/09\/23\/skremmende-nesten-glipp-av-passasjerer-pa-fin-flyplass\/#primaryimage\"},\"thumbnailUrl\":\"https:\/\/nordnesrepublikken.no\/wp-content\/uploads\/2025\/09\/1758635377_Skremmende-nesten-glipp-av-passasjerer-pa-fin-flyplass.jpg\",\"keywords\":[\"fin\",\"flyplass\",\"glipp\",\"nesten\",\"p\u00e5\",\"passasjerer\",\"skremmende\"],\"articleSection\":[\"Livsstil\"],\"inLanguage\":\"nb-NO\"},{\"@type\":\"WebPage\",\"@id\":\"https:\/\/nordnesrepublikken.no\/index.php\/2025\/09\/23\/skremmende-nesten-glipp-av-passasjerer-pa-fin-flyplass\/\",\"url\":\"https:\/\/nordnesrepublikken.no\/index.php\/2025\/09\/23\/skremmende-nesten-glipp-av-passasjerer-pa-fin-flyplass\/\",\"name\":\"Skremmende nesten glipp av passasjerer p\u00e5 fin flyplass - Nordnesrepublikken\",\"isPartOf\":{\"@id\":\"https:\/\/nordnesrepublikken.no\/#website\"},\"primaryImageOfPage\":{\"@id\":\"https:\/\/nordnesrepublikken.no\/index.php\/2025\/09\/23\/skremmende-nesten-glipp-av-passasjerer-pa-fin-flyplass\/#primaryimage\"},\"image\":{\"@id\":\"https:\/\/nordnesrepublikken.no\/index.php\/2025\/09\/23\/skremmende-nesten-glipp-av-passasjerer-pa-fin-flyplass\/#primaryimage\"},\"thumbnailUrl\":\"https:\/\/nordnesrepublikken.no\/wp-content\/uploads\/2025\/09\/1758635377_Skremmende-nesten-glipp-av-passasjerer-pa-fin-flyplass.jpg\",\"datePublished\":\"2025-09-23T13:49:36+00:00\",\"dateModified\":\"2025-09-23T13:49:38+00:00\",\"breadcrumb\":{\"@id\":\"https:\/\/nordnesrepublikken.no\/index.php\/2025\/09\/23\/skremmende-nesten-glipp-av-passasjerer-pa-fin-flyplass\/#breadcrumb\"},\"inLanguage\":\"nb-NO\",\"potentialAction\":[{\"@type\":\"ReadAction\",\"target\":[\"https:\/\/nordnesrepublikken.no\/index.php\/2025\/09\/23\/skremmende-nesten-glipp-av-passasjerer-pa-fin-flyplass\/\"]}]},{\"@type\":\"ImageObject\",\"inLanguage\":\"nb-NO\",\"@id\":\"https:\/\/nordnesrepublikken.no\/index.php\/2025\/09\/23\/skremmende-nesten-glipp-av-passasjerer-pa-fin-flyplass\/#primaryimage\",\"url\":\"https:\/\/nordnesrepublikken.no\/wp-content\/uploads\/2025\/09\/1758635377_Skremmende-nesten-glipp-av-passasjerer-pa-fin-flyplass.jpg\",\"contentUrl\":\"https:\/\/nordnesrepublikken.no\/wp-content\/uploads\/2025\/09\/1758635377_Skremmende-nesten-glipp-av-passasjerer-pa-fin-flyplass.jpg\",\"width\":1200,\"height\":800,\"caption\":\"Skremmende nesten glipp av passasjerer p\u00e5 fin flyplass\"},{\"@type\":\"BreadcrumbList\",\"@id\":\"https:\/\/nordnesrepublikken.no\/index.php\/2025\/09\/23\/skremmende-nesten-glipp-av-passasjerer-pa-fin-flyplass\/#breadcrumb\",\"itemListElement\":[{\"@type\":\"ListItem\",\"position\":1,\"name\":\"Home\",\"item\":\"https:\/\/nordnesrepublikken.no\/\"},{\"@type\":\"ListItem\",\"position\":2,\"name\":\"Skremmende nesten glipp av passasjerer p\u00e5 fin flyplass\"}]},{\"@type\":\"WebSite\",\"@id\":\"https:\/\/nordnesrepublikken.no\/#website\",\"url\":\"https:\/\/nordnesrepublikken.no\/\",\"name\":\"Nordnesrepublikken\",\"description\":\"Stemmer og Visjoner fra Republikkens Hjerte\",\"publisher\":{\"@id\":\"https:\/\/nordnesrepublikken.no\/#organization\"},\"potentialAction\":[{\"@type\":\"SearchAction\",\"target\":{\"@type\":\"EntryPoint\",\"urlTemplate\":\"https:\/\/nordnesrepublikken.no\/?s={search_term_string}\"},\"query-input\":{\"@type\":\"PropertyValueSpecification\",\"valueRequired\":true,\"valueName\":\"search_term_string\"}}],\"inLanguage\":\"nb-NO\"},{\"@type\":\"Organization\",\"@id\":\"https:\/\/nordnesrepublikken.no\/#organization\",\"name\":\"Nordnesrepublikken\",\"url\":\"https:\/\/nordnesrepublikken.no\/\",\"logo\":{\"@type\":\"ImageObject\",\"inLanguage\":\"nb-NO\",\"@id\":\"https:\/\/nordnesrepublikken.no\/#\/schema\/logo\/image\/\",\"url\":\"https:\/\/nordnesrepublikken.no\/wp-content\/uploads\/2025\/02\/cropped-nordnesrepublikken-2.png\",\"contentUrl\":\"https:\/\/nordnesrepublikken.no\/wp-content\/uploads\/2025\/02\/cropped-nordnesrepublikken-2.png\",\"width\":1248,\"height\":362,\"caption\":\"Nordnesrepublikken\"},\"image\":{\"@id\":\"https:\/\/nordnesrepublikken.no\/#\/schema\/logo\/image\/\"}},{\"@type\":\"Person\",\"@id\":\"https:\/\/nordnesrepublikken.no\/#\/schema\/person\/2e7e81935bab77882fffb79296240ff1\",\"name\":\"Ole Andersen\",\"image\":{\"@type\":\"ImageObject\",\"inLanguage\":\"nb-NO\",\"@id\":\"https:\/\/nordnesrepublikken.no\/#\/schema\/person\/image\/\",\"url\":\"https:\/\/nordnesrepublikken.no\/wp-content\/uploads\/2025\/02\/nordnesrepublikken-2-2-150x150.jpg\",\"contentUrl\":\"https:\/\/nordnesrepublikken.no\/wp-content\/uploads\/2025\/02\/nordnesrepublikken-2-2-150x150.jpg\",\"caption\":\"Ole Andersen\"},\"description\":\"Ettersom jeg vokste opp i Oslo, har jeg alltid v\u00e6rt fascinert av ordenes kraft og deres evne til \u00e5 skape endringer. Etter \u00e5 ha fullf\u00f8rt min utdannelse i kommunikasjon ved Universitetet i Bergen, fikk jeg muligheten til \u00e5 jobbe innen ulike medier, der jeg har s\u00f8kt \u00e5 belyse viktige samfunnssp\u00f8rsm\u00e5l. I dag, som redakt\u00f8r for Nordnesrepublikken, pr\u00f8ver jeg \u00e5 forene min kj\u00e6rlighet for journalistikk med min lidenskap for innovasjon og eventyr.\",\"sameAs\":[\"https:\/\/nordnesrepublikken.no\/\"]}]}<\/script>\n<!-- \/ Yoast SEO plugin. -->","yoast_head_json":{"title":"Skremmende nesten glipp av passasjerer p\u00e5 fin flyplass - Nordnesrepublikken","robots":{"index":"index","follow":"follow","max-snippet":"max-snippet:-1","max-image-preview":"max-image-preview:large","max-video-preview":"max-video-preview:-1"},"canonical":"https:\/\/nordnesrepublikken.no\/index.php\/2025\/09\/23\/skremmende-nesten-glipp-av-passasjerer-pa-fin-flyplass\/","og_locale":"nb_NO","og_type":"article","og_title":"Skremmende nesten glipp av passasjerer p\u00e5 fin flyplass - Nordnesrepublikken","og_description":"Passasjerer p\u00e5 Nice Airport t\u00e5lte en skremmende skremsel sent p\u00e5 s\u00f8ndag kveld da to fly","og_url":"https:\/\/nordnesrepublikken.no\/index.php\/2025\/09\/23\/skremmende-nesten-glipp-av-passasjerer-pa-fin-flyplass\/","og_site_name":"Nordnesrepublikken","article_published_time":"2025-09-23T13:49:36+00:00","article_modified_time":"2025-09-23T13:49:38+00:00","og_image":[{"width":1200,"height":800,"url":"https:\/\/nordnesrepublikken.no\/wp-content\/uploads\/2025\/09\/1758635377_Skremmende-nesten-glipp-av-passasjerer-pa-fin-flyplass.jpg","type":"image\/jpeg"}],"author":"Ole Andersen","twitter_card":"summary_large_image","twitter_misc":{"Skrevet av":"Ole Andersen","Ansl. lesetid":"3 minutter"},"schema":{"@context":"https:\/\/schema.org","@graph":[{"@type":"Article","@id":"https:\/\/nordnesrepublikken.no\/index.php\/2025\/09\/23\/skremmende-nesten-glipp-av-passasjerer-pa-fin-flyplass\/#article","isPartOf":{"@id":"https:\/\/nordnesrepublikken.no\/index.php\/2025\/09\/23\/skremmende-nesten-glipp-av-passasjerer-pa-fin-flyplass\/"},"author":{"name":"Ole Andersen","@id":"https:\/\/nordnesrepublikken.no\/#\/schema\/person\/2e7e81935bab77882fffb79296240ff1"},"headline":"Skremmende nesten glipp av passasjerer p\u00e5 fin flyplass","datePublished":"2025-09-23T13:49:36+00:00","dateModified":"2025-09-23T13:49:38+00:00","mainEntityOfPage":{"@id":"https:\/\/nordnesrepublikken.no\/index.php\/2025\/09\/23\/skremmende-nesten-glipp-av-passasjerer-pa-fin-flyplass\/"},"wordCount":597,"publisher":{"@id":"https:\/\/nordnesrepublikken.no\/#organization"},"image":{"@id":"https:\/\/nordnesrepublikken.no\/index.php\/2025\/09\/23\/skremmende-nesten-glipp-av-passasjerer-pa-fin-flyplass\/#primaryimage"},"thumbnailUrl":"https:\/\/nordnesrepublikken.no\/wp-content\/uploads\/2025\/09\/1758635377_Skremmende-nesten-glipp-av-passasjerer-pa-fin-flyplass.jpg","keywords":["fin","flyplass","glipp","nesten","p\u00e5","passasjerer","skremmende"],"articleSection":["Livsstil"],"inLanguage":"nb-NO"},{"@type":"WebPage","@id":"https:\/\/nordnesrepublikken.no\/index.php\/2025\/09\/23\/skremmende-nesten-glipp-av-passasjerer-pa-fin-flyplass\/","url":"https:\/\/nordnesrepublikken.no\/index.php\/2025\/09\/23\/skremmende-nesten-glipp-av-passasjerer-pa-fin-flyplass\/","name":"Skremmende nesten glipp av passasjerer p\u00e5 fin flyplass - Nordnesrepublikken","isPartOf":{"@id":"https:\/\/nordnesrepublikken.no\/#website"},"primaryImageOfPage":{"@id":"https:\/\/nordnesrepublikken.no\/index.php\/2025\/09\/23\/skremmende-nesten-glipp-av-passasjerer-pa-fin-flyplass\/#primaryimage"},"image":{"@id":"https:\/\/nordnesrepublikken.no\/index.php\/2025\/09\/23\/skremmende-nesten-glipp-av-passasjerer-pa-fin-flyplass\/#primaryimage"},"thumbnailUrl":"https:\/\/nordnesrepublikken.no\/wp-content\/uploads\/2025\/09\/1758635377_Skremmende-nesten-glipp-av-passasjerer-pa-fin-flyplass.jpg","datePublished":"2025-09-23T13:49:36+00:00","dateModified":"2025-09-23T13:49:38+00:00","breadcrumb":{"@id":"https:\/\/nordnesrepublikken.no\/index.php\/2025\/09\/23\/skremmende-nesten-glipp-av-passasjerer-pa-fin-flyplass\/#breadcrumb"},"inLanguage":"nb-NO","potentialAction":[{"@type":"ReadAction","target":["https:\/\/nordnesrepublikken.no\/index.php\/2025\/09\/23\/skremmende-nesten-glipp-av-passasjerer-pa-fin-flyplass\/"]}]},{"@type":"ImageObject","inLanguage":"nb-NO","@id":"https:\/\/nordnesrepublikken.no\/index.php\/2025\/09\/23\/skremmende-nesten-glipp-av-passasjerer-pa-fin-flyplass\/#primaryimage","url":"https:\/\/nordnesrepublikken.no\/wp-content\/uploads\/2025\/09\/1758635377_Skremmende-nesten-glipp-av-passasjerer-pa-fin-flyplass.jpg","contentUrl":"https:\/\/nordnesrepublikken.no\/wp-content\/uploads\/2025\/09\/1758635377_Skremmende-nesten-glipp-av-passasjerer-pa-fin-flyplass.jpg","width":1200,"height":800,"caption":"Skremmende nesten glipp av passasjerer p\u00e5 fin flyplass"},{"@type":"BreadcrumbList","@id":"https:\/\/nordnesrepublikken.no\/index.php\/2025\/09\/23\/skremmende-nesten-glipp-av-passasjerer-pa-fin-flyplass\/#breadcrumb","itemListElement":[{"@type":"ListItem","position":1,"name":"Home","item":"https:\/\/nordnesrepublikken.no\/"},{"@type":"ListItem","position":2,"name":"Skremmende nesten glipp av passasjerer p\u00e5 fin flyplass"}]},{"@type":"WebSite","@id":"https:\/\/nordnesrepublikken.no\/#website","url":"https:\/\/nordnesrepublikken.no\/","name":"Nordnesrepublikken","description":"Stemmer og Visjoner fra Republikkens Hjerte","publisher":{"@id":"https:\/\/nordnesrepublikken.no\/#organization"},"potentialAction":[{"@type":"SearchAction","target":{"@type":"EntryPoint","urlTemplate":"https:\/\/nordnesrepublikken.no\/?s={search_term_string}"},"query-input":{"@type":"PropertyValueSpecification","valueRequired":true,"valueName":"search_term_string"}}],"inLanguage":"nb-NO"},{"@type":"Organization","@id":"https:\/\/nordnesrepublikken.no\/#organization","name":"Nordnesrepublikken","url":"https:\/\/nordnesrepublikken.no\/","logo":{"@type":"ImageObject","inLanguage":"nb-NO","@id":"https:\/\/nordnesrepublikken.no\/#\/schema\/logo\/image\/","url":"https:\/\/nordnesrepublikken.no\/wp-content\/uploads\/2025\/02\/cropped-nordnesrepublikken-2.png","contentUrl":"https:\/\/nordnesrepublikken.no\/wp-content\/uploads\/2025\/02\/cropped-nordnesrepublikken-2.png","width":1248,"height":362,"caption":"Nordnesrepublikken"},"image":{"@id":"https:\/\/nordnesrepublikken.no\/#\/schema\/logo\/image\/"}},{"@type":"Person","@id":"https:\/\/nordnesrepublikken.no\/#\/schema\/person\/2e7e81935bab77882fffb79296240ff1","name":"Ole Andersen","image":{"@type":"ImageObject","inLanguage":"nb-NO","@id":"https:\/\/nordnesrepublikken.no\/#\/schema\/person\/image\/","url":"https:\/\/nordnesrepublikken.no\/wp-content\/uploads\/2025\/02\/nordnesrepublikken-2-2-150x150.jpg","contentUrl":"https:\/\/nordnesrepublikken.no\/wp-content\/uploads\/2025\/02\/nordnesrepublikken-2-2-150x150.jpg","caption":"Ole Andersen"},"description":"Ettersom jeg vokste opp i Oslo, har jeg alltid v\u00e6rt fascinert av ordenes kraft og deres evne til \u00e5 skape endringer. Etter \u00e5 ha fullf\u00f8rt min utdannelse i kommunikasjon ved Universitetet i Bergen, fikk jeg muligheten til \u00e5 jobbe innen ulike medier, der jeg har s\u00f8kt \u00e5 belyse viktige samfunnssp\u00f8rsm\u00e5l. I dag, som redakt\u00f8r for Nordnesrepublikken, pr\u00f8ver jeg \u00e5 forene min kj\u00e6rlighet for journalistikk med min lidenskap for innovasjon og eventyr.","sameAs":["https:\/\/nordnesrepublikken.no\/"]}]}},"_links":{"self":[{"href":"https:\/\/nordnesrepublikken.no\/index.php\/wp-json\/wp\/v2\/posts\/9872","targetHints":{"allow":["GET"]}}],"collection":[{"href":"https:\/\/nordnesrepublikken.no\/index.php\/wp-json\/wp\/v2\/posts"}],"about":[{"href":"https:\/\/nordnesrepublikken.no\/index.php\/wp-json\/wp\/v2\/types\/post"}],"author":[{"embeddable":true,"href":"https:\/\/nordnesrepublikken.no\/index.php\/wp-json\/wp\/v2\/users\/1"}],"replies":[{"embeddable":true,"href":"https:\/\/nordnesrepublikken.no\/index.php\/wp-json\/wp\/v2\/comments?post=9872"}],"version-history":[{"count":1,"href":"https:\/\/nordnesrepublikken.no\/index.php\/wp-json\/wp\/v2\/posts\/9872\/revisions"}],"predecessor-version":[{"id":9874,"href":"https:\/\/nordnesrepublikken.no\/index.php\/wp-json\/wp\/v2\/posts\/9872\/revisions\/9874"}],"wp:featuredmedia":[{"embeddable":true,"href":"https:\/\/nordnesrepublikken.no\/index.php\/wp-json\/wp\/v2\/media\/9873"}],"wp:attachment":[{"href":"https:\/\/nordnesrepublikken.no\/index.php\/wp-json\/wp\/v2\/media?parent=9872"}],"wp:term":[{"taxonomy":"category","embeddable":true,"href":"https:\/\/nordnesrepublikken.no\/index.php\/wp-json\/wp\/v2\/categories?post=9872"},{"taxonomy":"post_tag","embeddable":true,"href":"https:\/\/nordnesrepublikken.no\/index.php\/wp-json\/wp\/v2\/tags?post=9872"}],"curies":[{"name":"wp","href":"https:\/\/api.w.org\/{rel}","templated":true}]}}