{"id":9866,"date":"2025-09-23T11:49:31","date_gmt":"2025-09-23T09:49:31","guid":{"rendered":"https:\/\/nordnesrepublikken.no\/index.php\/2025\/09\/23\/hva-er-landene-som-anerkjente-staten-palestina-det-oppdaterte-kartet\/"},"modified":"2025-09-23T11:49:34","modified_gmt":"2025-09-23T09:49:34","slug":"hva-er-landene-som-anerkjente-staten-palestina-det-oppdaterte-kartet","status":"publish","type":"post","link":"https:\/\/nordnesrepublikken.no\/index.php\/2025\/09\/23\/hva-er-landene-som-anerkjente-staten-palestina-det-oppdaterte-kartet\/","title":{"rendered":"Hva er landene som anerkjente staten Palestina: det oppdaterte kartet"},"content":{"rendered":"<div>\n<div class=\"cp_wrapper cp_wrapper--fw mb-30 mb-20@tablet\">\n<figure class=\"mm\"><picture class=\"img\" style=\"padding-top:56.25%\"><source  media=\"(min-width: 1024px)\"><source  media=\"(min-width: 768px)\"><\/source><\/source><\/picture><\/figure>\n<\/p><\/div>\n<p>Der <strong>Frankrike<\/strong> har formelt anerkjent det<strong> Palestina State<\/strong> Under FNs forsamling som ble holdt hvert \u00e5r i New York, i kj\u00f8lvannet av det de allerede hadde gjort, sist s\u00f8ndag, <strong>Portugal<\/strong>, <strong>Storbritannia<\/strong>, <strong>Canada<\/strong> Og <strong>Australia<\/strong>. I mellomtiden er andre land som som <strong>Belgia<\/strong>, <strong>Luxembourg<\/strong>, <strong>Malta<\/strong>, <strong>Lichtenstein<\/strong> Og <strong>New Zealand<\/strong> De kunngjorde at deres intensjon om \u00e5 presentere denne anerkjennelsen i l\u00f8pet av de neste dagene.<\/p>\n<p>P\u00e5 denne m\u00e5ten er landene som i verden anerkjenner Palestina som en stat i verden: m\u00e5let er \u00e5 skape politisk press p\u00e5 den israelske statsministeren Benjamin Netanyahu, og presser ham til \u00e5 stoppe <strong>alvorlige forbrytelser<\/strong> At den israelske h\u00e6ren forplikter seg p\u00e5 Gazastripen og \u00e5 akseptere en avtale som tar hensyn til l\u00f8sningen av de &laquo;to folkeslagene &#8211; to stater&raquo;.<\/p>\n<p>I praksis har derfor denne anerkjennelsen stort sett en <strong>symbolsk verdi <\/strong>Og tar sikte p\u00e5 \u00e5 isolere den israelske regjeringen internasjonalt, som gjentatte ganger har gjentatt hvordan opprettelsen av en palestinsk stat ikke er &laquo;absolutt et alternativ&raquo;.<\/p>\n<h2>Kartet over landene som anerkjenner Palestina<\/h2>\n<p><iframe title=\"I Paesi che riconoscono lo Stato di Palestina\" aria-label=\"Mappa coropletica\" id=\"datawrapper-chart-K6LKA\" scrolling=\"no\" frameborder=\"0\" style=\"width: 0; min-width: 100% !important; border: none;\" height=\"376\" data-external=\"1\" data-type=\"generic-iframe\" data-src=\"https:\/\/datawrapper.dwcdn.net\/K6LKA\/1\/\" class=\"js-parse-embed\"><\/iframe><\/p>\n<p>Mellom juli og september 2025 gikk antallet FNs medlemsland som anerkjente Palestina fra 142 til <strong>152<\/strong>: For \u00f8yeblikket har Palestina imidlertid enn\u00e5 ikke blitt et offisielt medlem av FN, men opprettholder sin status som permanent observat\u00f8r.<\/p>\n<p>Som synlig ogs\u00e5 fra kartet,<strong>Italia<\/strong> Han har enn\u00e5 ikke presentert sin formelle anerkjennelse: den italienske regjeringen har imidlertid uttrykt seg flere ganger til fordel for l\u00f8sningen av &laquo;<strong>to stater<\/strong>&laquo;, Men han definerte den n\u00e5v\u00e6rende anerkjennelsen av Palestina som&raquo; kontraproduktiv &laquo;og&raquo; for tidlig &laquo;til en krig er i gang. Av samme stilling, i Europa, er det land som Tyskland, \u00d8sterrike, Hellas, Ungarn og Nederland.<\/p>\n<p>\u00c5 gjenkjenne Palestina er imidlertid alle <strong>Arabiske land<\/strong>The <strong>Russland<\/strong>nesten alle stater <strong>Afrikanere<\/strong> og av<strong>Latin -Amerika<\/strong> og de fleste land <strong>asiatisk<\/strong>inkludert Kina og India.<\/p>\n<h2>Hva er anerkjennelsen av Palestina for<\/h2>\n<p>Men i praksis, hva er anerkjennelsen av Palestina for? I l\u00f8pet av de siste to \u00e5rene har 14 vestlige land anerkjent staten Palestina og 5 andre forbereder seg p\u00e5 \u00e5 gj\u00f8re det: denne anerkjennelsen har imidlertid en verdi <strong>rent symbolsk<\/strong> og har som m\u00e5l \u00e5 \u00f8ke <strong>Internasjonalt press<\/strong> p\u00e5 statsministeren <strong>Benjamin Netanyahu<\/strong> slik at det f\u00e5r slutt p\u00e5 det som er definert av FN som folkemord.<\/p>\n<p>Det m\u00e5 faktisk huskes at et av de essensielle kravene til eksistensen av en stat er \u00e5 ha en <strong>territorium<\/strong> Som man skal ut\u00f8ve sin suverenitet: Palestina har imidlertid ikke full kontroll over dets territorium, som delvis er okkupert av Israel og delvis under kontroll av Hamas. Ogs\u00e5 av denne grunn har anerkjennelse som m\u00e5l \u00e5 garantere retten til selvbestemmelse av det palestinske folket.<\/p>\n<p>Der <strong>suverenitet<\/strong> Stat m\u00e5 da ut\u00f8ves av en regjering: ogs\u00e5 i dette tilfellet, i Palestina, for \u00f8yeblikket, er det ingen solid og enhetlig regjering. I <strong>West Board<\/strong>Faktisk ut\u00f8ver Palestina National Authority (ANP) bare begrensede funksjoner, ogs\u00e5 p\u00e5 grunn av den israelske ansettelsen av noen territorier fra <strong>1967<\/strong>mens fra <strong>2007<\/strong> der <strong>Gazastrip<\/strong> Det er under administrering av Hamas.<\/p>\n<p>Kort sagt er anerkjennelsen av eksistensen av en palestinsk stat i alle henseender en strategi for \u00e5 isolere regjeringen til Netanyahu internasjonalt, en isolasjon som ogs\u00e5 har blitt brukt til andre land (som for Russland etter invasjonen av Ukraina), men som mot Israel har v\u00e6rt sent \u00e5 ankomme. Svaret p\u00e5 <strong>Netanyahu<\/strong>Imidlertid var det ikke lenge med \u00e5 komme, med den israelske statsministeren som gjentatte ganger gjentok at opprettelsen av en palestinsk stat <strong>&laquo;Det er absolutt ikke et alternativ&raquo;<\/strong> og truer med \u00e5 annektere ytterligere territorier p\u00e5 Vestbredden.<\/p>\n<p>Flere eksperter fremhevet imidlertid hvordan b\u00f8lgen av priser fra vestlige land hadde m\u00e5let om \u00e5 appellere <strong>offentlige meninger<\/strong>: Faktisk betydde ikke for \u00f8yeblikket at anerkjennelsen av tilstanden til Palestina ikke betydde avbruddet i <strong>kommersielle forhold<\/strong> Med Israel (med unntak av Spania), noe som gj\u00f8r det bare delvis Israels internasjonale isolasjon.<\/p>\n<\/p><\/div>\n","protected":false},"excerpt":{"rendered":"<p>Der Frankrike har formelt anerkjent det Palestina State Under FNs forsamling som ble holdt hvert<\/p>\n","protected":false},"author":1,"featured_media":9867,"comment_status":"closed","ping_status":"open","sticky":false,"template":"","format":"standard","meta":{"footnotes":""},"categories":[23],"tags":[6458,66,144,495,146,4859,4410,31,1965],"class_list":["post-9866","post","type-post","status-publish","format-standard","has-post-thumbnail","hentry","category-politikk","tag-anerkjente","tag-det","tag-hva","tag-kartet","tag-landene","tag-oppdaterte","tag-palestina","tag-som","tag-staten","generate-columns","tablet-grid-50","mobile-grid-100","grid-parent","grid-33","resize-featured-image"],"yoast_head":"<!-- This site is optimized with the Yoast SEO plugin v24.4 - https:\/\/yoast.com\/wordpress\/plugins\/seo\/ -->\n<title>Hva er landene som anerkjente staten Palestina: det oppdaterte kartet - Nordnesrepublikken<\/title>\n<meta name=\"robots\" content=\"index, follow, max-snippet:-1, max-image-preview:large, max-video-preview:-1\" \/>\n<link rel=\"canonical\" href=\"https:\/\/nordnesrepublikken.no\/index.php\/2025\/09\/23\/hva-er-landene-som-anerkjente-staten-palestina-det-oppdaterte-kartet\/\" \/>\n<meta property=\"og:locale\" content=\"nb_NO\" \/>\n<meta property=\"og:type\" content=\"article\" \/>\n<meta property=\"og:title\" content=\"Hva er landene som anerkjente staten Palestina: det oppdaterte kartet - Nordnesrepublikken\" \/>\n<meta property=\"og:description\" content=\"Der Frankrike har formelt anerkjent det Palestina State Under FNs forsamling som ble holdt hvert\" \/>\n<meta property=\"og:url\" content=\"https:\/\/nordnesrepublikken.no\/index.php\/2025\/09\/23\/hva-er-landene-som-anerkjente-staten-palestina-det-oppdaterte-kartet\/\" \/>\n<meta property=\"og:site_name\" content=\"Nordnesrepublikken\" \/>\n<meta property=\"article:published_time\" content=\"2025-09-23T09:49:31+00:00\" \/>\n<meta property=\"article:modified_time\" content=\"2025-09-23T09:49:34+00:00\" \/>\n<meta property=\"og:image\" content=\"https:\/\/nordnesrepublikken.no\/wp-content\/uploads\/2025\/09\/1758620972_Hva-er-landene-som-anerkjente-staten-Palestina-det-oppdaterte-kartet.jpg\" \/>\n\t<meta property=\"og:image:width\" content=\"1962\" \/>\n\t<meta property=\"og:image:height\" content=\"1022\" \/>\n\t<meta property=\"og:image:type\" content=\"image\/jpeg\" \/>\n<meta name=\"author\" content=\"Ole Andersen\" \/>\n<meta name=\"twitter:card\" content=\"summary_large_image\" \/>\n<meta name=\"twitter:label1\" content=\"Skrevet av\" \/>\n\t<meta name=\"twitter:data1\" content=\"Ole Andersen\" \/>\n\t<meta name=\"twitter:label2\" content=\"Ansl. lesetid\" \/>\n\t<meta name=\"twitter:data2\" content=\"3 minutter\" \/>\n<script type=\"application\/ld+json\" class=\"yoast-schema-graph\">{\"@context\":\"https:\/\/schema.org\",\"@graph\":[{\"@type\":\"Article\",\"@id\":\"https:\/\/nordnesrepublikken.no\/index.php\/2025\/09\/23\/hva-er-landene-som-anerkjente-staten-palestina-det-oppdaterte-kartet\/#article\",\"isPartOf\":{\"@id\":\"https:\/\/nordnesrepublikken.no\/index.php\/2025\/09\/23\/hva-er-landene-som-anerkjente-staten-palestina-det-oppdaterte-kartet\/\"},\"author\":{\"name\":\"Ole Andersen\",\"@id\":\"https:\/\/nordnesrepublikken.no\/#\/schema\/person\/2e7e81935bab77882fffb79296240ff1\"},\"headline\":\"Hva er landene som anerkjente staten Palestina: det oppdaterte kartet\",\"datePublished\":\"2025-09-23T09:49:31+00:00\",\"dateModified\":\"2025-09-23T09:49:34+00:00\",\"mainEntityOfPage\":{\"@id\":\"https:\/\/nordnesrepublikken.no\/index.php\/2025\/09\/23\/hva-er-landene-som-anerkjente-staten-palestina-det-oppdaterte-kartet\/\"},\"wordCount\":632,\"publisher\":{\"@id\":\"https:\/\/nordnesrepublikken.no\/#organization\"},\"image\":{\"@id\":\"https:\/\/nordnesrepublikken.no\/index.php\/2025\/09\/23\/hva-er-landene-som-anerkjente-staten-palestina-det-oppdaterte-kartet\/#primaryimage\"},\"thumbnailUrl\":\"https:\/\/nordnesrepublikken.no\/wp-content\/uploads\/2025\/09\/1758620972_Hva-er-landene-som-anerkjente-staten-Palestina-det-oppdaterte-kartet.jpg\",\"keywords\":[\"anerkjente\",\"Det\",\"Hva\",\"kartet\",\"landene\",\"oppdaterte\",\"Palestina\",\"som\",\"staten\"],\"articleSection\":[\"Politikk\"],\"inLanguage\":\"nb-NO\"},{\"@type\":\"WebPage\",\"@id\":\"https:\/\/nordnesrepublikken.no\/index.php\/2025\/09\/23\/hva-er-landene-som-anerkjente-staten-palestina-det-oppdaterte-kartet\/\",\"url\":\"https:\/\/nordnesrepublikken.no\/index.php\/2025\/09\/23\/hva-er-landene-som-anerkjente-staten-palestina-det-oppdaterte-kartet\/\",\"name\":\"Hva er landene som anerkjente staten Palestina: det oppdaterte kartet - Nordnesrepublikken\",\"isPartOf\":{\"@id\":\"https:\/\/nordnesrepublikken.no\/#website\"},\"primaryImageOfPage\":{\"@id\":\"https:\/\/nordnesrepublikken.no\/index.php\/2025\/09\/23\/hva-er-landene-som-anerkjente-staten-palestina-det-oppdaterte-kartet\/#primaryimage\"},\"image\":{\"@id\":\"https:\/\/nordnesrepublikken.no\/index.php\/2025\/09\/23\/hva-er-landene-som-anerkjente-staten-palestina-det-oppdaterte-kartet\/#primaryimage\"},\"thumbnailUrl\":\"https:\/\/nordnesrepublikken.no\/wp-content\/uploads\/2025\/09\/1758620972_Hva-er-landene-som-anerkjente-staten-Palestina-det-oppdaterte-kartet.jpg\",\"datePublished\":\"2025-09-23T09:49:31+00:00\",\"dateModified\":\"2025-09-23T09:49:34+00:00\",\"breadcrumb\":{\"@id\":\"https:\/\/nordnesrepublikken.no\/index.php\/2025\/09\/23\/hva-er-landene-som-anerkjente-staten-palestina-det-oppdaterte-kartet\/#breadcrumb\"},\"inLanguage\":\"nb-NO\",\"potentialAction\":[{\"@type\":\"ReadAction\",\"target\":[\"https:\/\/nordnesrepublikken.no\/index.php\/2025\/09\/23\/hva-er-landene-som-anerkjente-staten-palestina-det-oppdaterte-kartet\/\"]}]},{\"@type\":\"ImageObject\",\"inLanguage\":\"nb-NO\",\"@id\":\"https:\/\/nordnesrepublikken.no\/index.php\/2025\/09\/23\/hva-er-landene-som-anerkjente-staten-palestina-det-oppdaterte-kartet\/#primaryimage\",\"url\":\"https:\/\/nordnesrepublikken.no\/wp-content\/uploads\/2025\/09\/1758620972_Hva-er-landene-som-anerkjente-staten-Palestina-det-oppdaterte-kartet.jpg\",\"contentUrl\":\"https:\/\/nordnesrepublikken.no\/wp-content\/uploads\/2025\/09\/1758620972_Hva-er-landene-som-anerkjente-staten-Palestina-det-oppdaterte-kartet.jpg\",\"width\":1962,\"height\":1022,\"caption\":\"mappa-palestina-riconoscimento\"},{\"@type\":\"BreadcrumbList\",\"@id\":\"https:\/\/nordnesrepublikken.no\/index.php\/2025\/09\/23\/hva-er-landene-som-anerkjente-staten-palestina-det-oppdaterte-kartet\/#breadcrumb\",\"itemListElement\":[{\"@type\":\"ListItem\",\"position\":1,\"name\":\"Home\",\"item\":\"https:\/\/nordnesrepublikken.no\/\"},{\"@type\":\"ListItem\",\"position\":2,\"name\":\"Hva er landene som anerkjente staten Palestina: det oppdaterte kartet\"}]},{\"@type\":\"WebSite\",\"@id\":\"https:\/\/nordnesrepublikken.no\/#website\",\"url\":\"https:\/\/nordnesrepublikken.no\/\",\"name\":\"Nordnesrepublikken\",\"description\":\"Stemmer og Visjoner fra Republikkens Hjerte\",\"publisher\":{\"@id\":\"https:\/\/nordnesrepublikken.no\/#organization\"},\"potentialAction\":[{\"@type\":\"SearchAction\",\"target\":{\"@type\":\"EntryPoint\",\"urlTemplate\":\"https:\/\/nordnesrepublikken.no\/?s={search_term_string}\"},\"query-input\":{\"@type\":\"PropertyValueSpecification\",\"valueRequired\":true,\"valueName\":\"search_term_string\"}}],\"inLanguage\":\"nb-NO\"},{\"@type\":\"Organization\",\"@id\":\"https:\/\/nordnesrepublikken.no\/#organization\",\"name\":\"Nordnesrepublikken\",\"url\":\"https:\/\/nordnesrepublikken.no\/\",\"logo\":{\"@type\":\"ImageObject\",\"inLanguage\":\"nb-NO\",\"@id\":\"https:\/\/nordnesrepublikken.no\/#\/schema\/logo\/image\/\",\"url\":\"https:\/\/nordnesrepublikken.no\/wp-content\/uploads\/2025\/02\/cropped-nordnesrepublikken-2.png\",\"contentUrl\":\"https:\/\/nordnesrepublikken.no\/wp-content\/uploads\/2025\/02\/cropped-nordnesrepublikken-2.png\",\"width\":1248,\"height\":362,\"caption\":\"Nordnesrepublikken\"},\"image\":{\"@id\":\"https:\/\/nordnesrepublikken.no\/#\/schema\/logo\/image\/\"}},{\"@type\":\"Person\",\"@id\":\"https:\/\/nordnesrepublikken.no\/#\/schema\/person\/2e7e81935bab77882fffb79296240ff1\",\"name\":\"Ole Andersen\",\"image\":{\"@type\":\"ImageObject\",\"inLanguage\":\"nb-NO\",\"@id\":\"https:\/\/nordnesrepublikken.no\/#\/schema\/person\/image\/\",\"url\":\"https:\/\/nordnesrepublikken.no\/wp-content\/uploads\/2025\/02\/nordnesrepublikken-2-2-150x150.jpg\",\"contentUrl\":\"https:\/\/nordnesrepublikken.no\/wp-content\/uploads\/2025\/02\/nordnesrepublikken-2-2-150x150.jpg\",\"caption\":\"Ole Andersen\"},\"description\":\"Ettersom jeg vokste opp i Oslo, har jeg alltid v\u00e6rt fascinert av ordenes kraft og deres evne til \u00e5 skape endringer. Etter \u00e5 ha fullf\u00f8rt min utdannelse i kommunikasjon ved Universitetet i Bergen, fikk jeg muligheten til \u00e5 jobbe innen ulike medier, der jeg har s\u00f8kt \u00e5 belyse viktige samfunnssp\u00f8rsm\u00e5l. I dag, som redakt\u00f8r for Nordnesrepublikken, pr\u00f8ver jeg \u00e5 forene min kj\u00e6rlighet for journalistikk med min lidenskap for innovasjon og eventyr.\",\"sameAs\":[\"https:\/\/nordnesrepublikken.no\/\"]}]}<\/script>\n<!-- \/ Yoast SEO plugin. -->","yoast_head_json":{"title":"Hva er landene som anerkjente staten Palestina: det oppdaterte kartet - Nordnesrepublikken","robots":{"index":"index","follow":"follow","max-snippet":"max-snippet:-1","max-image-preview":"max-image-preview:large","max-video-preview":"max-video-preview:-1"},"canonical":"https:\/\/nordnesrepublikken.no\/index.php\/2025\/09\/23\/hva-er-landene-som-anerkjente-staten-palestina-det-oppdaterte-kartet\/","og_locale":"nb_NO","og_type":"article","og_title":"Hva er landene som anerkjente staten Palestina: det oppdaterte kartet - Nordnesrepublikken","og_description":"Der Frankrike har formelt anerkjent det Palestina State Under FNs forsamling som ble holdt hvert","og_url":"https:\/\/nordnesrepublikken.no\/index.php\/2025\/09\/23\/hva-er-landene-som-anerkjente-staten-palestina-det-oppdaterte-kartet\/","og_site_name":"Nordnesrepublikken","article_published_time":"2025-09-23T09:49:31+00:00","article_modified_time":"2025-09-23T09:49:34+00:00","og_image":[{"width":1962,"height":1022,"url":"https:\/\/nordnesrepublikken.no\/wp-content\/uploads\/2025\/09\/1758620972_Hva-er-landene-som-anerkjente-staten-Palestina-det-oppdaterte-kartet.jpg","type":"image\/jpeg"}],"author":"Ole Andersen","twitter_card":"summary_large_image","twitter_misc":{"Skrevet av":"Ole Andersen","Ansl. lesetid":"3 minutter"},"schema":{"@context":"https:\/\/schema.org","@graph":[{"@type":"Article","@id":"https:\/\/nordnesrepublikken.no\/index.php\/2025\/09\/23\/hva-er-landene-som-anerkjente-staten-palestina-det-oppdaterte-kartet\/#article","isPartOf":{"@id":"https:\/\/nordnesrepublikken.no\/index.php\/2025\/09\/23\/hva-er-landene-som-anerkjente-staten-palestina-det-oppdaterte-kartet\/"},"author":{"name":"Ole Andersen","@id":"https:\/\/nordnesrepublikken.no\/#\/schema\/person\/2e7e81935bab77882fffb79296240ff1"},"headline":"Hva er landene som anerkjente staten Palestina: det oppdaterte kartet","datePublished":"2025-09-23T09:49:31+00:00","dateModified":"2025-09-23T09:49:34+00:00","mainEntityOfPage":{"@id":"https:\/\/nordnesrepublikken.no\/index.php\/2025\/09\/23\/hva-er-landene-som-anerkjente-staten-palestina-det-oppdaterte-kartet\/"},"wordCount":632,"publisher":{"@id":"https:\/\/nordnesrepublikken.no\/#organization"},"image":{"@id":"https:\/\/nordnesrepublikken.no\/index.php\/2025\/09\/23\/hva-er-landene-som-anerkjente-staten-palestina-det-oppdaterte-kartet\/#primaryimage"},"thumbnailUrl":"https:\/\/nordnesrepublikken.no\/wp-content\/uploads\/2025\/09\/1758620972_Hva-er-landene-som-anerkjente-staten-Palestina-det-oppdaterte-kartet.jpg","keywords":["anerkjente","Det","Hva","kartet","landene","oppdaterte","Palestina","som","staten"],"articleSection":["Politikk"],"inLanguage":"nb-NO"},{"@type":"WebPage","@id":"https:\/\/nordnesrepublikken.no\/index.php\/2025\/09\/23\/hva-er-landene-som-anerkjente-staten-palestina-det-oppdaterte-kartet\/","url":"https:\/\/nordnesrepublikken.no\/index.php\/2025\/09\/23\/hva-er-landene-som-anerkjente-staten-palestina-det-oppdaterte-kartet\/","name":"Hva er landene som anerkjente staten Palestina: det oppdaterte kartet - Nordnesrepublikken","isPartOf":{"@id":"https:\/\/nordnesrepublikken.no\/#website"},"primaryImageOfPage":{"@id":"https:\/\/nordnesrepublikken.no\/index.php\/2025\/09\/23\/hva-er-landene-som-anerkjente-staten-palestina-det-oppdaterte-kartet\/#primaryimage"},"image":{"@id":"https:\/\/nordnesrepublikken.no\/index.php\/2025\/09\/23\/hva-er-landene-som-anerkjente-staten-palestina-det-oppdaterte-kartet\/#primaryimage"},"thumbnailUrl":"https:\/\/nordnesrepublikken.no\/wp-content\/uploads\/2025\/09\/1758620972_Hva-er-landene-som-anerkjente-staten-Palestina-det-oppdaterte-kartet.jpg","datePublished":"2025-09-23T09:49:31+00:00","dateModified":"2025-09-23T09:49:34+00:00","breadcrumb":{"@id":"https:\/\/nordnesrepublikken.no\/index.php\/2025\/09\/23\/hva-er-landene-som-anerkjente-staten-palestina-det-oppdaterte-kartet\/#breadcrumb"},"inLanguage":"nb-NO","potentialAction":[{"@type":"ReadAction","target":["https:\/\/nordnesrepublikken.no\/index.php\/2025\/09\/23\/hva-er-landene-som-anerkjente-staten-palestina-det-oppdaterte-kartet\/"]}]},{"@type":"ImageObject","inLanguage":"nb-NO","@id":"https:\/\/nordnesrepublikken.no\/index.php\/2025\/09\/23\/hva-er-landene-som-anerkjente-staten-palestina-det-oppdaterte-kartet\/#primaryimage","url":"https:\/\/nordnesrepublikken.no\/wp-content\/uploads\/2025\/09\/1758620972_Hva-er-landene-som-anerkjente-staten-Palestina-det-oppdaterte-kartet.jpg","contentUrl":"https:\/\/nordnesrepublikken.no\/wp-content\/uploads\/2025\/09\/1758620972_Hva-er-landene-som-anerkjente-staten-Palestina-det-oppdaterte-kartet.jpg","width":1962,"height":1022,"caption":"mappa-palestina-riconoscimento"},{"@type":"BreadcrumbList","@id":"https:\/\/nordnesrepublikken.no\/index.php\/2025\/09\/23\/hva-er-landene-som-anerkjente-staten-palestina-det-oppdaterte-kartet\/#breadcrumb","itemListElement":[{"@type":"ListItem","position":1,"name":"Home","item":"https:\/\/nordnesrepublikken.no\/"},{"@type":"ListItem","position":2,"name":"Hva er landene som anerkjente staten Palestina: det oppdaterte kartet"}]},{"@type":"WebSite","@id":"https:\/\/nordnesrepublikken.no\/#website","url":"https:\/\/nordnesrepublikken.no\/","name":"Nordnesrepublikken","description":"Stemmer og Visjoner fra Republikkens Hjerte","publisher":{"@id":"https:\/\/nordnesrepublikken.no\/#organization"},"potentialAction":[{"@type":"SearchAction","target":{"@type":"EntryPoint","urlTemplate":"https:\/\/nordnesrepublikken.no\/?s={search_term_string}"},"query-input":{"@type":"PropertyValueSpecification","valueRequired":true,"valueName":"search_term_string"}}],"inLanguage":"nb-NO"},{"@type":"Organization","@id":"https:\/\/nordnesrepublikken.no\/#organization","name":"Nordnesrepublikken","url":"https:\/\/nordnesrepublikken.no\/","logo":{"@type":"ImageObject","inLanguage":"nb-NO","@id":"https:\/\/nordnesrepublikken.no\/#\/schema\/logo\/image\/","url":"https:\/\/nordnesrepublikken.no\/wp-content\/uploads\/2025\/02\/cropped-nordnesrepublikken-2.png","contentUrl":"https:\/\/nordnesrepublikken.no\/wp-content\/uploads\/2025\/02\/cropped-nordnesrepublikken-2.png","width":1248,"height":362,"caption":"Nordnesrepublikken"},"image":{"@id":"https:\/\/nordnesrepublikken.no\/#\/schema\/logo\/image\/"}},{"@type":"Person","@id":"https:\/\/nordnesrepublikken.no\/#\/schema\/person\/2e7e81935bab77882fffb79296240ff1","name":"Ole Andersen","image":{"@type":"ImageObject","inLanguage":"nb-NO","@id":"https:\/\/nordnesrepublikken.no\/#\/schema\/person\/image\/","url":"https:\/\/nordnesrepublikken.no\/wp-content\/uploads\/2025\/02\/nordnesrepublikken-2-2-150x150.jpg","contentUrl":"https:\/\/nordnesrepublikken.no\/wp-content\/uploads\/2025\/02\/nordnesrepublikken-2-2-150x150.jpg","caption":"Ole Andersen"},"description":"Ettersom jeg vokste opp i Oslo, har jeg alltid v\u00e6rt fascinert av ordenes kraft og deres evne til \u00e5 skape endringer. Etter \u00e5 ha fullf\u00f8rt min utdannelse i kommunikasjon ved Universitetet i Bergen, fikk jeg muligheten til \u00e5 jobbe innen ulike medier, der jeg har s\u00f8kt \u00e5 belyse viktige samfunnssp\u00f8rsm\u00e5l. I dag, som redakt\u00f8r for Nordnesrepublikken, pr\u00f8ver jeg \u00e5 forene min kj\u00e6rlighet for journalistikk med min lidenskap for innovasjon og eventyr.","sameAs":["https:\/\/nordnesrepublikken.no\/"]}]}},"_links":{"self":[{"href":"https:\/\/nordnesrepublikken.no\/index.php\/wp-json\/wp\/v2\/posts\/9866","targetHints":{"allow":["GET"]}}],"collection":[{"href":"https:\/\/nordnesrepublikken.no\/index.php\/wp-json\/wp\/v2\/posts"}],"about":[{"href":"https:\/\/nordnesrepublikken.no\/index.php\/wp-json\/wp\/v2\/types\/post"}],"author":[{"embeddable":true,"href":"https:\/\/nordnesrepublikken.no\/index.php\/wp-json\/wp\/v2\/users\/1"}],"replies":[{"embeddable":true,"href":"https:\/\/nordnesrepublikken.no\/index.php\/wp-json\/wp\/v2\/comments?post=9866"}],"version-history":[{"count":1,"href":"https:\/\/nordnesrepublikken.no\/index.php\/wp-json\/wp\/v2\/posts\/9866\/revisions"}],"predecessor-version":[{"id":9868,"href":"https:\/\/nordnesrepublikken.no\/index.php\/wp-json\/wp\/v2\/posts\/9866\/revisions\/9868"}],"wp:featuredmedia":[{"embeddable":true,"href":"https:\/\/nordnesrepublikken.no\/index.php\/wp-json\/wp\/v2\/media\/9867"}],"wp:attachment":[{"href":"https:\/\/nordnesrepublikken.no\/index.php\/wp-json\/wp\/v2\/media?parent=9866"}],"wp:term":[{"taxonomy":"category","embeddable":true,"href":"https:\/\/nordnesrepublikken.no\/index.php\/wp-json\/wp\/v2\/categories?post=9866"},{"taxonomy":"post_tag","embeddable":true,"href":"https:\/\/nordnesrepublikken.no\/index.php\/wp-json\/wp\/v2\/tags?post=9866"}],"curies":[{"name":"wp","href":"https:\/\/api.w.org\/{rel}","templated":true}]}}