{"id":9863,"date":"2025-09-23T10:50:05","date_gmt":"2025-09-23T08:50:05","guid":{"rendered":"https:\/\/nordnesrepublikken.no\/index.php\/2025\/09\/23\/stemmer-det-at-kunstig-intelligens-forarsaker-falske-minner-mandela-effect-og-ai\/"},"modified":"2025-09-23T10:50:06","modified_gmt":"2025-09-23T08:50:06","slug":"stemmer-det-at-kunstig-intelligens-forarsaker-falske-minner-mandela-effect-og-ai","status":"publish","type":"post","link":"https:\/\/nordnesrepublikken.no\/index.php\/2025\/09\/23\/stemmer-det-at-kunstig-intelligens-forarsaker-falske-minner-mandela-effect-og-ai\/","title":{"rendered":"Stemmer det at kunstig intelligens for\u00e5rsaker falske minner? Mandela Effect og AI"},"content":{"rendered":"<div>\n<div class=\"cp_wrapper cp_wrapper--fw mb-30 mb-20@tablet\">\n<figure class=\"mm\"><picture class=\"img\" style=\"padding-top:56.25%\"><source  media=\"(min-width: 1024px)\"><source  media=\"(min-width: 768px)\"><\/source><\/source><\/picture><\/figure>\n<\/p><\/div>\n<p>Tekster, bilder og videoer produsert ved hjelp av generativ kunstig intelligens spredes og tilsynelatende kan ha en <strong>effekt p\u00e5 hukommelse og minner<\/strong>. V\u00e5rt minne fungerer ikke som et digitalt arkiv. Det ligner mye mer p\u00e5 en rekonstruksjonsprosess: Hver gang vi husker en hendelse, omarbeider hjernen den, farger den av f\u00f8lelser og fyller alle tomrom med mer eller mindre plausible detaljer. Det er nettopp av denne skj\u00f8rheten at den s\u00e5 -kalt stammer fra <strong>Mandela -effekt<\/strong>det vil si troen p\u00e5 \u00e5 huske noe som aldri har skjedd i virkeligheten eller som har skjedd, men p\u00e5 en annen m\u00e5te. Fremkomsten av bildene og videoene generert av forsterker sjansene for \u00e5 l\u00f8pe inn i falske minner. \u00c5 se mer og flere ganger et falskt, men overbevisende innhold kan f\u00e5 oss til \u00e5 tro at det h\u00f8rer til v\u00e5r fortid, eller til og med at det er en del av et minne som er delt av mange. La oss se mer i detalj <strong>Hva er Mandela -effekten<\/strong> Og fremfor alt, <strong>Hva er AIs rolle i \u00e5 provosere falske minner<\/strong>.<\/p>\n<p>DE&#8217;<strong>Mandela -effekt <\/strong>&#8211; Det fenomenet som et stort antall mennesker deler minnet om et faktum som aldri skjedde &#8211; skylder navnet til forskeren <strong>Fiona Broome<\/strong>som i <strong>2009<\/strong> Han la merke til et nysgjerrig fenomen: mange mennesker var overbevist om det <strong>Nelson Mandela<\/strong> er <strong>d\u00f8de i fengsel p\u00e5 80 -tallet<\/strong>da den i stedet ble frigjort i <strong>1990<\/strong> og d\u00f8de bare i <strong>2013<\/strong>. Siden den gang har eksempler p\u00e5 kollektivt uriktige minner dukket opp p\u00e5 forskjellige omr\u00e5der av popkultur. Noen eksempler? Mange husker <strong>Pikachu<\/strong>den ber\u00f8mte gule Pok\u00e9mon, med en svart stripe p\u00e5 enden (absolutt ikke til stede); Atter andre husker<strong>Omino del monopol med monokollen<\/strong> (Ogs\u00e5 i dette tilfellet er detaljene helt frav\u00e6rende).<\/p>\n<p>Psykologi pr\u00f8vde \u00e5 forklare hvorfor sinnet er s\u00e5 tilb\u00f8yelig til denne typen forvrengning. Tilsynelatende er en viktig del av prosessen i<strong>hippocampus<\/strong>et hjerneomr\u00e5de involvert b\u00e5de i hukommelse og i fantasien. I henhold til det som ble uttalt av Prof. <strong>Aileen Oeberst<\/strong>av University of Potsdam &laquo;<em>Dette antyder allerede noen viktige konsekvenser for falske minner<\/em>\u00bb\u00c5 legge til det&raquo;<em>Hvis folk forestiller seg noe gjentatte ganger, har de en tendens til \u00e5 tro p\u00e5 et bestemt tidspunkt at de virkelig har levd det, og at det i utgangspunktet er et minne<\/em>\u00bb.<\/p>\n<p>Grensen mellom \u00e5 huske og forestille seg, er derfor mye mer subtil enn vi tror: Hvis vi gjentar for oss selv et bilde eller en hendelse som aldri har skjedd, med tiden kan vi overbevise oss selv om at det h\u00f8rer til v\u00e5r erfaring. I tillegg er hver mnemonisk samtale ikke en trofast reproduksjon, men en slags rekonstruksjon, mottakelig for eksterne feil og p\u00e5virkninger.<\/p>\n<p>De <strong>dr. Christian Jarrett<\/strong>en kognitiv nevrovitenskapsmann, direkt\u00f8r for <em>Psyke<\/em>i en artikkel for <em>BBC<\/em> uttrykte en interessant mening om fenomenet falske minner p\u00e5 grunn av spredning av AI:<\/p>\n<blockquote>\n<p>I psykologi beskriver en &laquo;overv\u00e5king av kilder&raquo; prosessene som er involvert i \u00e5 identifisere opprinnelsen til minnene v\u00e5re. Bildet registrerer kilden til et minne som informasjon. Det er kodifisert i minnet sammen med andre aspekter av det vi har opplevd. &laquo;Taggen&raquo; som indikerer minnets opprinnelse, kan imidlertid forsvinne lett, selv om andre aspekter av minnet gjenst\u00e5r. P\u00e5 denne m\u00e5ten risikerer videoene som genereres av AI risikoen for \u00e5 forvirre seg med hendelsene i den virkelige verden i v\u00e5rt sinn. Og dette er et problem som kan forverres med forbedring av videoene generert av AI.<\/p>\n<\/blockquote>\n<p>Med verkt\u00f8y som Dall-E, Sora (begge av Openai), Nano Banana og Veo 3 (begge fra Google) i dag er det mulig \u00e5 lage bilder og videoer p\u00e5 sekunder som perfekt etterligner stilen til en artist eller som skildrer hendelser som aldri skjedde. Verkt\u00f8y som lar deg produsere DeepFake (videoer manipulert takket v\u00e6re AI der det ene ansiktet erstattes med et annet) stadig mer avansert og realistisk, som faktisk genererer scener som virker ekte, men som aldri har skjedd i virkeligheten.<\/p>\n<p>Kombinasjonen av s\u00e5rbarhet av hukommelse og AI -evne til \u00e5 produsere overbevisende innhold legger en viktig utfordring foran oss: <strong>L\u00e6r \u00e5 leve med verkt\u00f8y som forsterker fenomenet falske minner<\/strong>. \u00c5 forst\u00e5 hvordan du kan dempe problemet er ikke lett i det hele tatt og for \u00f8yeblikket. Visstnok er et utmerket utgangspunkt \u00e5 omgi deg med p\u00e5litelige kilder, konfrontere kompetente mennesker ang\u00e5ende temaene for v\u00e5r interesse og opprettholde en kritisk tiln\u00e6rming til det vi ser p\u00e5 nettet.<\/p>\n<\/p><\/div>\n","protected":false},"excerpt":{"rendered":"<p>Tekster, bilder og videoer produsert ved hjelp av generativ kunstig intelligens spredes og tilsynelatende kan<\/p>\n","protected":false},"author":1,"featured_media":9864,"comment_status":"closed","ping_status":"open","sticky":false,"template":"","format":"standard","meta":{"footnotes":""},"categories":[25],"tags":[66,6457,831,1656,1377,1376,6456,4546,714],"class_list":["post-9863","post","type-post","status-publish","format-standard","has-post-thumbnail","hentry","category-teknologi","tag-det","tag-effect","tag-falske","tag-forarsaker","tag-intelligens","tag-kunstig","tag-mandela","tag-minner","tag-stemmer","generate-columns","tablet-grid-50","mobile-grid-100","grid-parent","grid-33","resize-featured-image"],"yoast_head":"<!-- This site is optimized with the Yoast SEO plugin v24.4 - https:\/\/yoast.com\/wordpress\/plugins\/seo\/ -->\n<title>Stemmer det at kunstig intelligens for\u00e5rsaker falske minner? Mandela Effect og AI - Nordnesrepublikken<\/title>\n<meta name=\"robots\" content=\"index, follow, max-snippet:-1, max-image-preview:large, max-video-preview:-1\" \/>\n<link rel=\"canonical\" href=\"https:\/\/nordnesrepublikken.no\/index.php\/2025\/09\/23\/stemmer-det-at-kunstig-intelligens-forarsaker-falske-minner-mandela-effect-og-ai\/\" \/>\n<meta property=\"og:locale\" content=\"nb_NO\" \/>\n<meta property=\"og:type\" content=\"article\" \/>\n<meta property=\"og:title\" content=\"Stemmer det at kunstig intelligens for\u00e5rsaker falske minner? Mandela Effect og AI - Nordnesrepublikken\" \/>\n<meta property=\"og:description\" content=\"Tekster, bilder og videoer produsert ved hjelp av generativ kunstig intelligens spredes og tilsynelatende kan\" \/>\n<meta property=\"og:url\" content=\"https:\/\/nordnesrepublikken.no\/index.php\/2025\/09\/23\/stemmer-det-at-kunstig-intelligens-forarsaker-falske-minner-mandela-effect-og-ai\/\" \/>\n<meta property=\"og:site_name\" content=\"Nordnesrepublikken\" \/>\n<meta property=\"article:published_time\" content=\"2025-09-23T08:50:05+00:00\" \/>\n<meta property=\"article:modified_time\" content=\"2025-09-23T08:50:06+00:00\" \/>\n<meta property=\"og:image\" content=\"https:\/\/nordnesrepublikken.no\/wp-content\/uploads\/2025\/09\/Stemmer-det-at-kunstig-intelligens-forarsaker-falske-minner-Mandela-Effect.jpg\" \/>\n\t<meta property=\"og:image:width\" content=\"788\" \/>\n\t<meta property=\"og:image:height\" content=\"443\" \/>\n\t<meta property=\"og:image:type\" content=\"image\/jpeg\" \/>\n<meta name=\"author\" content=\"Ole Andersen\" \/>\n<meta name=\"twitter:card\" content=\"summary_large_image\" \/>\n<meta name=\"twitter:label1\" content=\"Skrevet av\" \/>\n\t<meta name=\"twitter:data1\" content=\"Ole Andersen\" \/>\n\t<meta name=\"twitter:label2\" content=\"Ansl. lesetid\" \/>\n\t<meta name=\"twitter:data2\" content=\"4 minutter\" \/>\n<script type=\"application\/ld+json\" class=\"yoast-schema-graph\">{\"@context\":\"https:\/\/schema.org\",\"@graph\":[{\"@type\":\"Article\",\"@id\":\"https:\/\/nordnesrepublikken.no\/index.php\/2025\/09\/23\/stemmer-det-at-kunstig-intelligens-forarsaker-falske-minner-mandela-effect-og-ai\/#article\",\"isPartOf\":{\"@id\":\"https:\/\/nordnesrepublikken.no\/index.php\/2025\/09\/23\/stemmer-det-at-kunstig-intelligens-forarsaker-falske-minner-mandela-effect-og-ai\/\"},\"author\":{\"name\":\"Ole Andersen\",\"@id\":\"https:\/\/nordnesrepublikken.no\/#\/schema\/person\/2e7e81935bab77882fffb79296240ff1\"},\"headline\":\"Stemmer det at kunstig intelligens for\u00e5rsaker falske minner? Mandela Effect og AI\",\"datePublished\":\"2025-09-23T08:50:05+00:00\",\"dateModified\":\"2025-09-23T08:50:06+00:00\",\"mainEntityOfPage\":{\"@id\":\"https:\/\/nordnesrepublikken.no\/index.php\/2025\/09\/23\/stemmer-det-at-kunstig-intelligens-forarsaker-falske-minner-mandela-effect-og-ai\/\"},\"wordCount\":742,\"publisher\":{\"@id\":\"https:\/\/nordnesrepublikken.no\/#organization\"},\"image\":{\"@id\":\"https:\/\/nordnesrepublikken.no\/index.php\/2025\/09\/23\/stemmer-det-at-kunstig-intelligens-forarsaker-falske-minner-mandela-effect-og-ai\/#primaryimage\"},\"thumbnailUrl\":\"https:\/\/nordnesrepublikken.no\/wp-content\/uploads\/2025\/09\/Stemmer-det-at-kunstig-intelligens-forarsaker-falske-minner-Mandela-Effect.jpg\",\"keywords\":[\"Det\",\"Effect\",\"falske\",\"for\u00e5rsaker\",\"intelligens\",\"kunstig\",\"Mandela\",\"minner\",\"Stemmer\"],\"articleSection\":[\"Teknologi\"],\"inLanguage\":\"nb-NO\"},{\"@type\":\"WebPage\",\"@id\":\"https:\/\/nordnesrepublikken.no\/index.php\/2025\/09\/23\/stemmer-det-at-kunstig-intelligens-forarsaker-falske-minner-mandela-effect-og-ai\/\",\"url\":\"https:\/\/nordnesrepublikken.no\/index.php\/2025\/09\/23\/stemmer-det-at-kunstig-intelligens-forarsaker-falske-minner-mandela-effect-og-ai\/\",\"name\":\"Stemmer det at kunstig intelligens for\u00e5rsaker falske minner? Mandela Effect og AI - Nordnesrepublikken\",\"isPartOf\":{\"@id\":\"https:\/\/nordnesrepublikken.no\/#website\"},\"primaryImageOfPage\":{\"@id\":\"https:\/\/nordnesrepublikken.no\/index.php\/2025\/09\/23\/stemmer-det-at-kunstig-intelligens-forarsaker-falske-minner-mandela-effect-og-ai\/#primaryimage\"},\"image\":{\"@id\":\"https:\/\/nordnesrepublikken.no\/index.php\/2025\/09\/23\/stemmer-det-at-kunstig-intelligens-forarsaker-falske-minner-mandela-effect-og-ai\/#primaryimage\"},\"thumbnailUrl\":\"https:\/\/nordnesrepublikken.no\/wp-content\/uploads\/2025\/09\/Stemmer-det-at-kunstig-intelligens-forarsaker-falske-minner-Mandela-Effect.jpg\",\"datePublished\":\"2025-09-23T08:50:05+00:00\",\"dateModified\":\"2025-09-23T08:50:06+00:00\",\"breadcrumb\":{\"@id\":\"https:\/\/nordnesrepublikken.no\/index.php\/2025\/09\/23\/stemmer-det-at-kunstig-intelligens-forarsaker-falske-minner-mandela-effect-og-ai\/#breadcrumb\"},\"inLanguage\":\"nb-NO\",\"potentialAction\":[{\"@type\":\"ReadAction\",\"target\":[\"https:\/\/nordnesrepublikken.no\/index.php\/2025\/09\/23\/stemmer-det-at-kunstig-intelligens-forarsaker-falske-minner-mandela-effect-og-ai\/\"]}]},{\"@type\":\"ImageObject\",\"inLanguage\":\"nb-NO\",\"@id\":\"https:\/\/nordnesrepublikken.no\/index.php\/2025\/09\/23\/stemmer-det-at-kunstig-intelligens-forarsaker-falske-minner-mandela-effect-og-ai\/#primaryimage\",\"url\":\"https:\/\/nordnesrepublikken.no\/wp-content\/uploads\/2025\/09\/Stemmer-det-at-kunstig-intelligens-forarsaker-falske-minner-Mandela-Effect.jpg\",\"contentUrl\":\"https:\/\/nordnesrepublikken.no\/wp-content\/uploads\/2025\/09\/Stemmer-det-at-kunstig-intelligens-forarsaker-falske-minner-Mandela-Effect.jpg\",\"width\":788,\"height\":443,\"caption\":\"AI effetto mandela\"},{\"@type\":\"BreadcrumbList\",\"@id\":\"https:\/\/nordnesrepublikken.no\/index.php\/2025\/09\/23\/stemmer-det-at-kunstig-intelligens-forarsaker-falske-minner-mandela-effect-og-ai\/#breadcrumb\",\"itemListElement\":[{\"@type\":\"ListItem\",\"position\":1,\"name\":\"Home\",\"item\":\"https:\/\/nordnesrepublikken.no\/\"},{\"@type\":\"ListItem\",\"position\":2,\"name\":\"Stemmer det at kunstig intelligens for\u00e5rsaker falske minner? Mandela Effect og AI\"}]},{\"@type\":\"WebSite\",\"@id\":\"https:\/\/nordnesrepublikken.no\/#website\",\"url\":\"https:\/\/nordnesrepublikken.no\/\",\"name\":\"Nordnesrepublikken\",\"description\":\"Stemmer og Visjoner fra Republikkens Hjerte\",\"publisher\":{\"@id\":\"https:\/\/nordnesrepublikken.no\/#organization\"},\"potentialAction\":[{\"@type\":\"SearchAction\",\"target\":{\"@type\":\"EntryPoint\",\"urlTemplate\":\"https:\/\/nordnesrepublikken.no\/?s={search_term_string}\"},\"query-input\":{\"@type\":\"PropertyValueSpecification\",\"valueRequired\":true,\"valueName\":\"search_term_string\"}}],\"inLanguage\":\"nb-NO\"},{\"@type\":\"Organization\",\"@id\":\"https:\/\/nordnesrepublikken.no\/#organization\",\"name\":\"Nordnesrepublikken\",\"url\":\"https:\/\/nordnesrepublikken.no\/\",\"logo\":{\"@type\":\"ImageObject\",\"inLanguage\":\"nb-NO\",\"@id\":\"https:\/\/nordnesrepublikken.no\/#\/schema\/logo\/image\/\",\"url\":\"https:\/\/nordnesrepublikken.no\/wp-content\/uploads\/2025\/02\/cropped-nordnesrepublikken-2.png\",\"contentUrl\":\"https:\/\/nordnesrepublikken.no\/wp-content\/uploads\/2025\/02\/cropped-nordnesrepublikken-2.png\",\"width\":1248,\"height\":362,\"caption\":\"Nordnesrepublikken\"},\"image\":{\"@id\":\"https:\/\/nordnesrepublikken.no\/#\/schema\/logo\/image\/\"}},{\"@type\":\"Person\",\"@id\":\"https:\/\/nordnesrepublikken.no\/#\/schema\/person\/2e7e81935bab77882fffb79296240ff1\",\"name\":\"Ole Andersen\",\"image\":{\"@type\":\"ImageObject\",\"inLanguage\":\"nb-NO\",\"@id\":\"https:\/\/nordnesrepublikken.no\/#\/schema\/person\/image\/\",\"url\":\"https:\/\/nordnesrepublikken.no\/wp-content\/uploads\/2025\/02\/nordnesrepublikken-2-2-150x150.jpg\",\"contentUrl\":\"https:\/\/nordnesrepublikken.no\/wp-content\/uploads\/2025\/02\/nordnesrepublikken-2-2-150x150.jpg\",\"caption\":\"Ole Andersen\"},\"description\":\"Ettersom jeg vokste opp i Oslo, har jeg alltid v\u00e6rt fascinert av ordenes kraft og deres evne til \u00e5 skape endringer. Etter \u00e5 ha fullf\u00f8rt min utdannelse i kommunikasjon ved Universitetet i Bergen, fikk jeg muligheten til \u00e5 jobbe innen ulike medier, der jeg har s\u00f8kt \u00e5 belyse viktige samfunnssp\u00f8rsm\u00e5l. I dag, som redakt\u00f8r for Nordnesrepublikken, pr\u00f8ver jeg \u00e5 forene min kj\u00e6rlighet for journalistikk med min lidenskap for innovasjon og eventyr.\",\"sameAs\":[\"https:\/\/nordnesrepublikken.no\/\"]}]}<\/script>\n<!-- \/ Yoast SEO plugin. -->","yoast_head_json":{"title":"Stemmer det at kunstig intelligens for\u00e5rsaker falske minner? Mandela Effect og AI - Nordnesrepublikken","robots":{"index":"index","follow":"follow","max-snippet":"max-snippet:-1","max-image-preview":"max-image-preview:large","max-video-preview":"max-video-preview:-1"},"canonical":"https:\/\/nordnesrepublikken.no\/index.php\/2025\/09\/23\/stemmer-det-at-kunstig-intelligens-forarsaker-falske-minner-mandela-effect-og-ai\/","og_locale":"nb_NO","og_type":"article","og_title":"Stemmer det at kunstig intelligens for\u00e5rsaker falske minner? Mandela Effect og AI - Nordnesrepublikken","og_description":"Tekster, bilder og videoer produsert ved hjelp av generativ kunstig intelligens spredes og tilsynelatende kan","og_url":"https:\/\/nordnesrepublikken.no\/index.php\/2025\/09\/23\/stemmer-det-at-kunstig-intelligens-forarsaker-falske-minner-mandela-effect-og-ai\/","og_site_name":"Nordnesrepublikken","article_published_time":"2025-09-23T08:50:05+00:00","article_modified_time":"2025-09-23T08:50:06+00:00","og_image":[{"width":788,"height":443,"url":"https:\/\/nordnesrepublikken.no\/wp-content\/uploads\/2025\/09\/Stemmer-det-at-kunstig-intelligens-forarsaker-falske-minner-Mandela-Effect.jpg","type":"image\/jpeg"}],"author":"Ole Andersen","twitter_card":"summary_large_image","twitter_misc":{"Skrevet av":"Ole Andersen","Ansl. lesetid":"4 minutter"},"schema":{"@context":"https:\/\/schema.org","@graph":[{"@type":"Article","@id":"https:\/\/nordnesrepublikken.no\/index.php\/2025\/09\/23\/stemmer-det-at-kunstig-intelligens-forarsaker-falske-minner-mandela-effect-og-ai\/#article","isPartOf":{"@id":"https:\/\/nordnesrepublikken.no\/index.php\/2025\/09\/23\/stemmer-det-at-kunstig-intelligens-forarsaker-falske-minner-mandela-effect-og-ai\/"},"author":{"name":"Ole Andersen","@id":"https:\/\/nordnesrepublikken.no\/#\/schema\/person\/2e7e81935bab77882fffb79296240ff1"},"headline":"Stemmer det at kunstig intelligens for\u00e5rsaker falske minner? Mandela Effect og AI","datePublished":"2025-09-23T08:50:05+00:00","dateModified":"2025-09-23T08:50:06+00:00","mainEntityOfPage":{"@id":"https:\/\/nordnesrepublikken.no\/index.php\/2025\/09\/23\/stemmer-det-at-kunstig-intelligens-forarsaker-falske-minner-mandela-effect-og-ai\/"},"wordCount":742,"publisher":{"@id":"https:\/\/nordnesrepublikken.no\/#organization"},"image":{"@id":"https:\/\/nordnesrepublikken.no\/index.php\/2025\/09\/23\/stemmer-det-at-kunstig-intelligens-forarsaker-falske-minner-mandela-effect-og-ai\/#primaryimage"},"thumbnailUrl":"https:\/\/nordnesrepublikken.no\/wp-content\/uploads\/2025\/09\/Stemmer-det-at-kunstig-intelligens-forarsaker-falske-minner-Mandela-Effect.jpg","keywords":["Det","Effect","falske","for\u00e5rsaker","intelligens","kunstig","Mandela","minner","Stemmer"],"articleSection":["Teknologi"],"inLanguage":"nb-NO"},{"@type":"WebPage","@id":"https:\/\/nordnesrepublikken.no\/index.php\/2025\/09\/23\/stemmer-det-at-kunstig-intelligens-forarsaker-falske-minner-mandela-effect-og-ai\/","url":"https:\/\/nordnesrepublikken.no\/index.php\/2025\/09\/23\/stemmer-det-at-kunstig-intelligens-forarsaker-falske-minner-mandela-effect-og-ai\/","name":"Stemmer det at kunstig intelligens for\u00e5rsaker falske minner? Mandela Effect og AI - Nordnesrepublikken","isPartOf":{"@id":"https:\/\/nordnesrepublikken.no\/#website"},"primaryImageOfPage":{"@id":"https:\/\/nordnesrepublikken.no\/index.php\/2025\/09\/23\/stemmer-det-at-kunstig-intelligens-forarsaker-falske-minner-mandela-effect-og-ai\/#primaryimage"},"image":{"@id":"https:\/\/nordnesrepublikken.no\/index.php\/2025\/09\/23\/stemmer-det-at-kunstig-intelligens-forarsaker-falske-minner-mandela-effect-og-ai\/#primaryimage"},"thumbnailUrl":"https:\/\/nordnesrepublikken.no\/wp-content\/uploads\/2025\/09\/Stemmer-det-at-kunstig-intelligens-forarsaker-falske-minner-Mandela-Effect.jpg","datePublished":"2025-09-23T08:50:05+00:00","dateModified":"2025-09-23T08:50:06+00:00","breadcrumb":{"@id":"https:\/\/nordnesrepublikken.no\/index.php\/2025\/09\/23\/stemmer-det-at-kunstig-intelligens-forarsaker-falske-minner-mandela-effect-og-ai\/#breadcrumb"},"inLanguage":"nb-NO","potentialAction":[{"@type":"ReadAction","target":["https:\/\/nordnesrepublikken.no\/index.php\/2025\/09\/23\/stemmer-det-at-kunstig-intelligens-forarsaker-falske-minner-mandela-effect-og-ai\/"]}]},{"@type":"ImageObject","inLanguage":"nb-NO","@id":"https:\/\/nordnesrepublikken.no\/index.php\/2025\/09\/23\/stemmer-det-at-kunstig-intelligens-forarsaker-falske-minner-mandela-effect-og-ai\/#primaryimage","url":"https:\/\/nordnesrepublikken.no\/wp-content\/uploads\/2025\/09\/Stemmer-det-at-kunstig-intelligens-forarsaker-falske-minner-Mandela-Effect.jpg","contentUrl":"https:\/\/nordnesrepublikken.no\/wp-content\/uploads\/2025\/09\/Stemmer-det-at-kunstig-intelligens-forarsaker-falske-minner-Mandela-Effect.jpg","width":788,"height":443,"caption":"AI effetto mandela"},{"@type":"BreadcrumbList","@id":"https:\/\/nordnesrepublikken.no\/index.php\/2025\/09\/23\/stemmer-det-at-kunstig-intelligens-forarsaker-falske-minner-mandela-effect-og-ai\/#breadcrumb","itemListElement":[{"@type":"ListItem","position":1,"name":"Home","item":"https:\/\/nordnesrepublikken.no\/"},{"@type":"ListItem","position":2,"name":"Stemmer det at kunstig intelligens for\u00e5rsaker falske minner? Mandela Effect og AI"}]},{"@type":"WebSite","@id":"https:\/\/nordnesrepublikken.no\/#website","url":"https:\/\/nordnesrepublikken.no\/","name":"Nordnesrepublikken","description":"Stemmer og Visjoner fra Republikkens Hjerte","publisher":{"@id":"https:\/\/nordnesrepublikken.no\/#organization"},"potentialAction":[{"@type":"SearchAction","target":{"@type":"EntryPoint","urlTemplate":"https:\/\/nordnesrepublikken.no\/?s={search_term_string}"},"query-input":{"@type":"PropertyValueSpecification","valueRequired":true,"valueName":"search_term_string"}}],"inLanguage":"nb-NO"},{"@type":"Organization","@id":"https:\/\/nordnesrepublikken.no\/#organization","name":"Nordnesrepublikken","url":"https:\/\/nordnesrepublikken.no\/","logo":{"@type":"ImageObject","inLanguage":"nb-NO","@id":"https:\/\/nordnesrepublikken.no\/#\/schema\/logo\/image\/","url":"https:\/\/nordnesrepublikken.no\/wp-content\/uploads\/2025\/02\/cropped-nordnesrepublikken-2.png","contentUrl":"https:\/\/nordnesrepublikken.no\/wp-content\/uploads\/2025\/02\/cropped-nordnesrepublikken-2.png","width":1248,"height":362,"caption":"Nordnesrepublikken"},"image":{"@id":"https:\/\/nordnesrepublikken.no\/#\/schema\/logo\/image\/"}},{"@type":"Person","@id":"https:\/\/nordnesrepublikken.no\/#\/schema\/person\/2e7e81935bab77882fffb79296240ff1","name":"Ole Andersen","image":{"@type":"ImageObject","inLanguage":"nb-NO","@id":"https:\/\/nordnesrepublikken.no\/#\/schema\/person\/image\/","url":"https:\/\/nordnesrepublikken.no\/wp-content\/uploads\/2025\/02\/nordnesrepublikken-2-2-150x150.jpg","contentUrl":"https:\/\/nordnesrepublikken.no\/wp-content\/uploads\/2025\/02\/nordnesrepublikken-2-2-150x150.jpg","caption":"Ole Andersen"},"description":"Ettersom jeg vokste opp i Oslo, har jeg alltid v\u00e6rt fascinert av ordenes kraft og deres evne til \u00e5 skape endringer. Etter \u00e5 ha fullf\u00f8rt min utdannelse i kommunikasjon ved Universitetet i Bergen, fikk jeg muligheten til \u00e5 jobbe innen ulike medier, der jeg har s\u00f8kt \u00e5 belyse viktige samfunnssp\u00f8rsm\u00e5l. I dag, som redakt\u00f8r for Nordnesrepublikken, pr\u00f8ver jeg \u00e5 forene min kj\u00e6rlighet for journalistikk med min lidenskap for innovasjon og eventyr.","sameAs":["https:\/\/nordnesrepublikken.no\/"]}]}},"_links":{"self":[{"href":"https:\/\/nordnesrepublikken.no\/index.php\/wp-json\/wp\/v2\/posts\/9863","targetHints":{"allow":["GET"]}}],"collection":[{"href":"https:\/\/nordnesrepublikken.no\/index.php\/wp-json\/wp\/v2\/posts"}],"about":[{"href":"https:\/\/nordnesrepublikken.no\/index.php\/wp-json\/wp\/v2\/types\/post"}],"author":[{"embeddable":true,"href":"https:\/\/nordnesrepublikken.no\/index.php\/wp-json\/wp\/v2\/users\/1"}],"replies":[{"embeddable":true,"href":"https:\/\/nordnesrepublikken.no\/index.php\/wp-json\/wp\/v2\/comments?post=9863"}],"version-history":[{"count":1,"href":"https:\/\/nordnesrepublikken.no\/index.php\/wp-json\/wp\/v2\/posts\/9863\/revisions"}],"predecessor-version":[{"id":9865,"href":"https:\/\/nordnesrepublikken.no\/index.php\/wp-json\/wp\/v2\/posts\/9863\/revisions\/9865"}],"wp:featuredmedia":[{"embeddable":true,"href":"https:\/\/nordnesrepublikken.no\/index.php\/wp-json\/wp\/v2\/media\/9864"}],"wp:attachment":[{"href":"https:\/\/nordnesrepublikken.no\/index.php\/wp-json\/wp\/v2\/media?parent=9863"}],"wp:term":[{"taxonomy":"category","embeddable":true,"href":"https:\/\/nordnesrepublikken.no\/index.php\/wp-json\/wp\/v2\/categories?post=9863"},{"taxonomy":"post_tag","embeddable":true,"href":"https:\/\/nordnesrepublikken.no\/index.php\/wp-json\/wp\/v2\/tags?post=9863"}],"curies":[{"name":"wp","href":"https:\/\/api.w.org\/{rel}","templated":true}]}}