{"id":9845,"date":"2025-09-22T23:49:58","date_gmt":"2025-09-22T21:49:58","guid":{"rendered":"https:\/\/nordnesrepublikken.no\/index.php\/2025\/09\/22\/darlig-vaer-med-vaervarsling-i-liguria-og-lombardy-og-storms-den-dagen-hosten-begynner\/"},"modified":"2025-09-22T23:49:59","modified_gmt":"2025-09-22T21:49:59","slug":"darlig-vaer-med-vaervarsling-i-liguria-og-lombardy-og-storms-den-dagen-hosten-begynner","status":"publish","type":"post","link":"https:\/\/nordnesrepublikken.no\/index.php\/2025\/09\/22\/darlig-vaer-med-vaervarsling-i-liguria-og-lombardy-og-storms-den-dagen-hosten-begynner\/","title":{"rendered":"D\u00e5rlig v\u00e6r med v\u00e6rvarsling i Liguria og Lombardy og Storms den dagen h\u00f8sten begynner"},"content":{"rendered":"<div>\n<div class=\"cp_wrapper cp_wrapper--fw mb-30 mb-20@tablet\">\n<figure class=\"mm\"><picture class=\"img\" style=\"padding-top:56.25%\"><source  media=\"(min-width: 1024px)\"><source  media=\"(min-width: 768px)\"><\/source><\/source><\/picture><\/figure>\n<\/p><\/div>\n<p>EN <strong>Forstyrrelse av atlantisk opprinnelse<\/strong> Han er pensjonert sommeren i Italia i sentrum-nord nettopp p\u00e5 dagen for<strong>H\u00f8stjevnd\u00f8gn<\/strong> (22. september klokka 20:19), som offisielt markerer slutten p\u00e5 den astronomiske sommeren og starter den astronomiske h\u00f8sten. B\u00f8lgen av d\u00e5rlig v\u00e6r har allerede p\u00e5virket Piemonte, Liguria, Lombardy, Toscana og Alto Lazio siden i g\u00e5r kveld; Civil Protection har utstedt <strong>oransje varsel<\/strong> i hele Liguria og i Nord -Lombardy, hvor stormer og sterke regn med topper er blitt registrert opp til <strong>419 millimeter<\/strong> P\u00e5 9 timer i provinsen Savona (hvor en veldig voldelig selvregenererende storm for\u00e5rsaket flom og skred) og <strong>170mm <\/strong>av regn i provinsen Comos, med p\u00e5f\u00f8lgende flom og et skred i Belvio. Ubehag ogs\u00e5 i Milan etter oversv\u00f8mmelsen av Seveso i Niguarda -omr\u00e5det, som har oversv\u00f8mmet underbetalte og fortau. Over 70 brannmannskapsinngrep i Lombardy alene.<\/p>\n<div class=\"cp_wrapper cp_wrapper--fw mb-50\">\n<figure class=\"mm\"><picture class=\"img\" style=\"padding-top:177.77777777778%\"><source  media=\"(min-width: 1024px)\"><source  media=\"(min-width: 768px)\"><img decoding=\"async\" loading=\"lazy\" src=\"https:\/\/nordnesrepublikken.no\/wp-content\/uploads\/2025\/09\/Darlig-vaer-med-vaervarsling-i-Liguria-og-Lombardy-og-Storms.jpeg\" alt=\"Skred Elvio\" width=\"720\" height=\"1280\"\/><\/source><\/source><\/picture><\/figure>\n<\/p><\/div>\n<p>Den forstyrrede fronten vil ogs\u00e5 strekke seg p\u00e5 ettermiddagen i Triveneto og Emilia-Romagna, ogs\u00e5 med seg en viktig <strong>fall i temperaturer<\/strong>. Alt dette skjer etter en anomal varme for \u00e5rets periode for\u00e5rsaket av en forlengelse av<strong>Afrikansk antisyklon<\/strong> P\u00e5 S\u00f8r -Europa, inkludert Italia. Fra et meteorologisk synspunkt var det som skjedde en<strong>Inntrenging av kald luft og lavt trykk<\/strong> kommer fra Norgehavet. Denne forstyrrelsen gikk til sammenst\u00f8t med varm luft og h\u00f8yt trykk fra afrikansk matrise, og husket (som er arten av lavt trykk) varme str\u00f8mmer fra h\u00f8yt trykkluft. De <strong>Kontrast mellom kald luft og varm luft<\/strong> Det gj\u00f8r resten, og produserer tidsmessige strukturer som losser energien som akkumuleres i form av tordenv\u00e6r og stormer.<\/p>\n<p>Sommeren 2025 slutter derfor definitivt og gj\u00f8r det med en balanse av <strong>+1,51 \u00b0 C.<\/strong> Sammenlignet med gjennomsnittet av de tretti \u00e5rene 1991-2020, og plasserte seg selv p\u00e5 <strong>Fjerde plassering av de hotteste somrene i Italia<\/strong> Siden det er opptak, etter de fra i fjor (+1,80 \u00b0 C), 2022 (+2,05 \u00b0 C) og 2003 (+2,59 \u00b0 C). Disse dataene kan virke <strong>motintuitivt<\/strong> Siden juli og august har hatt flere friske perioder som har &laquo;brutt&raquo; heteb\u00f8lgene. Dette f\u00f8rer til en &laquo;subjektiv&raquo; oppfatning av sommeren 2025 som en frisk sommer, til tross for <strong>juni<\/strong> det var s\u00e5 varmt (<strong>+3,05 \u00b0 C.<\/strong>sekundet bare til juni 2003 som registrerte +3,46 \u00b0 C) som skulle opprettholdes hele sommerkvartalet rikelig over det klimatologiske gjennomsnittet av landet v\u00e5rt.<\/p>\n<\/p><\/div>\n","protected":false},"excerpt":{"rendered":"<p>EN Forstyrrelse av atlantisk opprinnelse Han er pensjonert sommeren i Italia i sentrum-nord nettopp p\u00e5<\/p>\n","protected":false},"author":1,"featured_media":9846,"comment_status":"closed","ping_status":"open","sticky":false,"template":"","format":"standard","meta":{"footnotes":""},"categories":[26],"tags":[6446,3267,468,74,6445,6442,6443,79,6444,532,6441],"class_list":["post-9845","post","type-post","status-publish","format-standard","has-post-thumbnail","hentry","category-miljo","tag-begynner","tag-dagen","tag-darlig","tag-den","tag-hosten","tag-liguria","tag-lombardy","tag-med","tag-storms","tag-vaer","tag-vaervarsling","generate-columns","tablet-grid-50","mobile-grid-100","grid-parent","grid-33","resize-featured-image"],"yoast_head":"<!-- This site is optimized with the Yoast SEO plugin v24.4 - https:\/\/yoast.com\/wordpress\/plugins\/seo\/ -->\n<title>D\u00e5rlig v\u00e6r med v\u00e6rvarsling i Liguria og Lombardy og Storms den dagen h\u00f8sten begynner - Nordnesrepublikken<\/title>\n<meta name=\"robots\" content=\"index, follow, max-snippet:-1, max-image-preview:large, max-video-preview:-1\" \/>\n<link rel=\"canonical\" href=\"https:\/\/nordnesrepublikken.no\/index.php\/2025\/09\/22\/darlig-vaer-med-vaervarsling-i-liguria-og-lombardy-og-storms-den-dagen-hosten-begynner\/\" \/>\n<meta property=\"og:locale\" content=\"nb_NO\" \/>\n<meta property=\"og:type\" content=\"article\" \/>\n<meta property=\"og:title\" content=\"D\u00e5rlig v\u00e6r med v\u00e6rvarsling i Liguria og Lombardy og Storms den dagen h\u00f8sten begynner - Nordnesrepublikken\" \/>\n<meta property=\"og:description\" content=\"EN Forstyrrelse av atlantisk opprinnelse Han er pensjonert sommeren i Italia i sentrum-nord nettopp p\u00e5\" \/>\n<meta property=\"og:url\" content=\"https:\/\/nordnesrepublikken.no\/index.php\/2025\/09\/22\/darlig-vaer-med-vaervarsling-i-liguria-og-lombardy-og-storms-den-dagen-hosten-begynner\/\" \/>\n<meta property=\"og:site_name\" content=\"Nordnesrepublikken\" \/>\n<meta property=\"article:published_time\" content=\"2025-09-22T21:49:58+00:00\" \/>\n<meta property=\"article:modified_time\" content=\"2025-09-22T21:49:59+00:00\" \/>\n<meta property=\"og:image\" content=\"https:\/\/nordnesrepublikken.no\/wp-content\/uploads\/2025\/09\/Darlig-vaer-med-vaervarsling-i-Liguria-og-Lombardy-og-Storms.jpg\" \/>\n\t<meta property=\"og:image:width\" content=\"1280\" \/>\n\t<meta property=\"og:image:height\" content=\"720\" \/>\n\t<meta property=\"og:image:type\" content=\"image\/jpeg\" \/>\n<meta name=\"author\" content=\"Ole Andersen\" \/>\n<meta name=\"twitter:card\" content=\"summary_large_image\" \/>\n<meta name=\"twitter:label1\" content=\"Skrevet av\" \/>\n\t<meta name=\"twitter:data1\" content=\"Ole Andersen\" \/>\n\t<meta name=\"twitter:label2\" content=\"Ansl. lesetid\" \/>\n\t<meta name=\"twitter:data2\" content=\"2 minutter\" \/>\n<script type=\"application\/ld+json\" class=\"yoast-schema-graph\">{\"@context\":\"https:\/\/schema.org\",\"@graph\":[{\"@type\":\"Article\",\"@id\":\"https:\/\/nordnesrepublikken.no\/index.php\/2025\/09\/22\/darlig-vaer-med-vaervarsling-i-liguria-og-lombardy-og-storms-den-dagen-hosten-begynner\/#article\",\"isPartOf\":{\"@id\":\"https:\/\/nordnesrepublikken.no\/index.php\/2025\/09\/22\/darlig-vaer-med-vaervarsling-i-liguria-og-lombardy-og-storms-den-dagen-hosten-begynner\/\"},\"author\":{\"name\":\"Ole Andersen\",\"@id\":\"https:\/\/nordnesrepublikken.no\/#\/schema\/person\/2e7e81935bab77882fffb79296240ff1\"},\"headline\":\"D\u00e5rlig v\u00e6r med v\u00e6rvarsling i Liguria og Lombardy og Storms den dagen h\u00f8sten begynner\",\"datePublished\":\"2025-09-22T21:49:58+00:00\",\"dateModified\":\"2025-09-22T21:49:59+00:00\",\"mainEntityOfPage\":{\"@id\":\"https:\/\/nordnesrepublikken.no\/index.php\/2025\/09\/22\/darlig-vaer-med-vaervarsling-i-liguria-og-lombardy-og-storms-den-dagen-hosten-begynner\/\"},\"wordCount\":390,\"publisher\":{\"@id\":\"https:\/\/nordnesrepublikken.no\/#organization\"},\"image\":{\"@id\":\"https:\/\/nordnesrepublikken.no\/index.php\/2025\/09\/22\/darlig-vaer-med-vaervarsling-i-liguria-og-lombardy-og-storms-den-dagen-hosten-begynner\/#primaryimage\"},\"thumbnailUrl\":\"https:\/\/nordnesrepublikken.no\/wp-content\/uploads\/2025\/09\/Darlig-vaer-med-vaervarsling-i-Liguria-og-Lombardy-og-Storms.jpg\",\"keywords\":[\"begynner\",\"Dagen\",\"D\u00e5rlig\",\"den\",\"h\u00f8sten\",\"Liguria\",\"Lombardy\",\"med\",\"Storms\",\"v\u00e6r\",\"v\u00e6rvarsling\"],\"articleSection\":[\"Milj\u00f8\"],\"inLanguage\":\"nb-NO\"},{\"@type\":\"WebPage\",\"@id\":\"https:\/\/nordnesrepublikken.no\/index.php\/2025\/09\/22\/darlig-vaer-med-vaervarsling-i-liguria-og-lombardy-og-storms-den-dagen-hosten-begynner\/\",\"url\":\"https:\/\/nordnesrepublikken.no\/index.php\/2025\/09\/22\/darlig-vaer-med-vaervarsling-i-liguria-og-lombardy-og-storms-den-dagen-hosten-begynner\/\",\"name\":\"D\u00e5rlig v\u00e6r med v\u00e6rvarsling i Liguria og Lombardy og Storms den dagen h\u00f8sten begynner - Nordnesrepublikken\",\"isPartOf\":{\"@id\":\"https:\/\/nordnesrepublikken.no\/#website\"},\"primaryImageOfPage\":{\"@id\":\"https:\/\/nordnesrepublikken.no\/index.php\/2025\/09\/22\/darlig-vaer-med-vaervarsling-i-liguria-og-lombardy-og-storms-den-dagen-hosten-begynner\/#primaryimage\"},\"image\":{\"@id\":\"https:\/\/nordnesrepublikken.no\/index.php\/2025\/09\/22\/darlig-vaer-med-vaervarsling-i-liguria-og-lombardy-og-storms-den-dagen-hosten-begynner\/#primaryimage\"},\"thumbnailUrl\":\"https:\/\/nordnesrepublikken.no\/wp-content\/uploads\/2025\/09\/Darlig-vaer-med-vaervarsling-i-Liguria-og-Lombardy-og-Storms.jpg\",\"datePublished\":\"2025-09-22T21:49:58+00:00\",\"dateModified\":\"2025-09-22T21:49:59+00:00\",\"breadcrumb\":{\"@id\":\"https:\/\/nordnesrepublikken.no\/index.php\/2025\/09\/22\/darlig-vaer-med-vaervarsling-i-liguria-og-lombardy-og-storms-den-dagen-hosten-begynner\/#breadcrumb\"},\"inLanguage\":\"nb-NO\",\"potentialAction\":[{\"@type\":\"ReadAction\",\"target\":[\"https:\/\/nordnesrepublikken.no\/index.php\/2025\/09\/22\/darlig-vaer-med-vaervarsling-i-liguria-og-lombardy-og-storms-den-dagen-hosten-begynner\/\"]}]},{\"@type\":\"ImageObject\",\"inLanguage\":\"nb-NO\",\"@id\":\"https:\/\/nordnesrepublikken.no\/index.php\/2025\/09\/22\/darlig-vaer-med-vaervarsling-i-liguria-og-lombardy-og-storms-den-dagen-hosten-begynner\/#primaryimage\",\"url\":\"https:\/\/nordnesrepublikken.no\/wp-content\/uploads\/2025\/09\/Darlig-vaer-med-vaervarsling-i-Liguria-og-Lombardy-og-Storms.jpg\",\"contentUrl\":\"https:\/\/nordnesrepublikken.no\/wp-content\/uploads\/2025\/09\/Darlig-vaer-med-vaervarsling-i-Liguria-og-Lombardy-og-Storms.jpg\",\"width\":1280,\"height\":720,\"caption\":\"maltempo savonese\"},{\"@type\":\"BreadcrumbList\",\"@id\":\"https:\/\/nordnesrepublikken.no\/index.php\/2025\/09\/22\/darlig-vaer-med-vaervarsling-i-liguria-og-lombardy-og-storms-den-dagen-hosten-begynner\/#breadcrumb\",\"itemListElement\":[{\"@type\":\"ListItem\",\"position\":1,\"name\":\"Home\",\"item\":\"https:\/\/nordnesrepublikken.no\/\"},{\"@type\":\"ListItem\",\"position\":2,\"name\":\"D\u00e5rlig v\u00e6r med v\u00e6rvarsling i Liguria og Lombardy og Storms den dagen h\u00f8sten begynner\"}]},{\"@type\":\"WebSite\",\"@id\":\"https:\/\/nordnesrepublikken.no\/#website\",\"url\":\"https:\/\/nordnesrepublikken.no\/\",\"name\":\"Nordnesrepublikken\",\"description\":\"Stemmer og Visjoner fra Republikkens Hjerte\",\"publisher\":{\"@id\":\"https:\/\/nordnesrepublikken.no\/#organization\"},\"potentialAction\":[{\"@type\":\"SearchAction\",\"target\":{\"@type\":\"EntryPoint\",\"urlTemplate\":\"https:\/\/nordnesrepublikken.no\/?s={search_term_string}\"},\"query-input\":{\"@type\":\"PropertyValueSpecification\",\"valueRequired\":true,\"valueName\":\"search_term_string\"}}],\"inLanguage\":\"nb-NO\"},{\"@type\":\"Organization\",\"@id\":\"https:\/\/nordnesrepublikken.no\/#organization\",\"name\":\"Nordnesrepublikken\",\"url\":\"https:\/\/nordnesrepublikken.no\/\",\"logo\":{\"@type\":\"ImageObject\",\"inLanguage\":\"nb-NO\",\"@id\":\"https:\/\/nordnesrepublikken.no\/#\/schema\/logo\/image\/\",\"url\":\"https:\/\/nordnesrepublikken.no\/wp-content\/uploads\/2025\/02\/cropped-nordnesrepublikken-2.png\",\"contentUrl\":\"https:\/\/nordnesrepublikken.no\/wp-content\/uploads\/2025\/02\/cropped-nordnesrepublikken-2.png\",\"width\":1248,\"height\":362,\"caption\":\"Nordnesrepublikken\"},\"image\":{\"@id\":\"https:\/\/nordnesrepublikken.no\/#\/schema\/logo\/image\/\"}},{\"@type\":\"Person\",\"@id\":\"https:\/\/nordnesrepublikken.no\/#\/schema\/person\/2e7e81935bab77882fffb79296240ff1\",\"name\":\"Ole Andersen\",\"image\":{\"@type\":\"ImageObject\",\"inLanguage\":\"nb-NO\",\"@id\":\"https:\/\/nordnesrepublikken.no\/#\/schema\/person\/image\/\",\"url\":\"https:\/\/nordnesrepublikken.no\/wp-content\/uploads\/2025\/02\/nordnesrepublikken-2-2-150x150.jpg\",\"contentUrl\":\"https:\/\/nordnesrepublikken.no\/wp-content\/uploads\/2025\/02\/nordnesrepublikken-2-2-150x150.jpg\",\"caption\":\"Ole Andersen\"},\"description\":\"Ettersom jeg vokste opp i Oslo, har jeg alltid v\u00e6rt fascinert av ordenes kraft og deres evne til \u00e5 skape endringer. Etter \u00e5 ha fullf\u00f8rt min utdannelse i kommunikasjon ved Universitetet i Bergen, fikk jeg muligheten til \u00e5 jobbe innen ulike medier, der jeg har s\u00f8kt \u00e5 belyse viktige samfunnssp\u00f8rsm\u00e5l. I dag, som redakt\u00f8r for Nordnesrepublikken, pr\u00f8ver jeg \u00e5 forene min kj\u00e6rlighet for journalistikk med min lidenskap for innovasjon og eventyr.\",\"sameAs\":[\"https:\/\/nordnesrepublikken.no\/\"]}]}<\/script>\n<!-- \/ Yoast SEO plugin. -->","yoast_head_json":{"title":"D\u00e5rlig v\u00e6r med v\u00e6rvarsling i Liguria og Lombardy og Storms den dagen h\u00f8sten begynner - Nordnesrepublikken","robots":{"index":"index","follow":"follow","max-snippet":"max-snippet:-1","max-image-preview":"max-image-preview:large","max-video-preview":"max-video-preview:-1"},"canonical":"https:\/\/nordnesrepublikken.no\/index.php\/2025\/09\/22\/darlig-vaer-med-vaervarsling-i-liguria-og-lombardy-og-storms-den-dagen-hosten-begynner\/","og_locale":"nb_NO","og_type":"article","og_title":"D\u00e5rlig v\u00e6r med v\u00e6rvarsling i Liguria og Lombardy og Storms den dagen h\u00f8sten begynner - Nordnesrepublikken","og_description":"EN Forstyrrelse av atlantisk opprinnelse Han er pensjonert sommeren i Italia i sentrum-nord nettopp p\u00e5","og_url":"https:\/\/nordnesrepublikken.no\/index.php\/2025\/09\/22\/darlig-vaer-med-vaervarsling-i-liguria-og-lombardy-og-storms-den-dagen-hosten-begynner\/","og_site_name":"Nordnesrepublikken","article_published_time":"2025-09-22T21:49:58+00:00","article_modified_time":"2025-09-22T21:49:59+00:00","og_image":[{"width":1280,"height":720,"url":"https:\/\/nordnesrepublikken.no\/wp-content\/uploads\/2025\/09\/Darlig-vaer-med-vaervarsling-i-Liguria-og-Lombardy-og-Storms.jpg","type":"image\/jpeg"}],"author":"Ole Andersen","twitter_card":"summary_large_image","twitter_misc":{"Skrevet av":"Ole Andersen","Ansl. lesetid":"2 minutter"},"schema":{"@context":"https:\/\/schema.org","@graph":[{"@type":"Article","@id":"https:\/\/nordnesrepublikken.no\/index.php\/2025\/09\/22\/darlig-vaer-med-vaervarsling-i-liguria-og-lombardy-og-storms-den-dagen-hosten-begynner\/#article","isPartOf":{"@id":"https:\/\/nordnesrepublikken.no\/index.php\/2025\/09\/22\/darlig-vaer-med-vaervarsling-i-liguria-og-lombardy-og-storms-den-dagen-hosten-begynner\/"},"author":{"name":"Ole Andersen","@id":"https:\/\/nordnesrepublikken.no\/#\/schema\/person\/2e7e81935bab77882fffb79296240ff1"},"headline":"D\u00e5rlig v\u00e6r med v\u00e6rvarsling i Liguria og Lombardy og Storms den dagen h\u00f8sten begynner","datePublished":"2025-09-22T21:49:58+00:00","dateModified":"2025-09-22T21:49:59+00:00","mainEntityOfPage":{"@id":"https:\/\/nordnesrepublikken.no\/index.php\/2025\/09\/22\/darlig-vaer-med-vaervarsling-i-liguria-og-lombardy-og-storms-den-dagen-hosten-begynner\/"},"wordCount":390,"publisher":{"@id":"https:\/\/nordnesrepublikken.no\/#organization"},"image":{"@id":"https:\/\/nordnesrepublikken.no\/index.php\/2025\/09\/22\/darlig-vaer-med-vaervarsling-i-liguria-og-lombardy-og-storms-den-dagen-hosten-begynner\/#primaryimage"},"thumbnailUrl":"https:\/\/nordnesrepublikken.no\/wp-content\/uploads\/2025\/09\/Darlig-vaer-med-vaervarsling-i-Liguria-og-Lombardy-og-Storms.jpg","keywords":["begynner","Dagen","D\u00e5rlig","den","h\u00f8sten","Liguria","Lombardy","med","Storms","v\u00e6r","v\u00e6rvarsling"],"articleSection":["Milj\u00f8"],"inLanguage":"nb-NO"},{"@type":"WebPage","@id":"https:\/\/nordnesrepublikken.no\/index.php\/2025\/09\/22\/darlig-vaer-med-vaervarsling-i-liguria-og-lombardy-og-storms-den-dagen-hosten-begynner\/","url":"https:\/\/nordnesrepublikken.no\/index.php\/2025\/09\/22\/darlig-vaer-med-vaervarsling-i-liguria-og-lombardy-og-storms-den-dagen-hosten-begynner\/","name":"D\u00e5rlig v\u00e6r med v\u00e6rvarsling i Liguria og Lombardy og Storms den dagen h\u00f8sten begynner - Nordnesrepublikken","isPartOf":{"@id":"https:\/\/nordnesrepublikken.no\/#website"},"primaryImageOfPage":{"@id":"https:\/\/nordnesrepublikken.no\/index.php\/2025\/09\/22\/darlig-vaer-med-vaervarsling-i-liguria-og-lombardy-og-storms-den-dagen-hosten-begynner\/#primaryimage"},"image":{"@id":"https:\/\/nordnesrepublikken.no\/index.php\/2025\/09\/22\/darlig-vaer-med-vaervarsling-i-liguria-og-lombardy-og-storms-den-dagen-hosten-begynner\/#primaryimage"},"thumbnailUrl":"https:\/\/nordnesrepublikken.no\/wp-content\/uploads\/2025\/09\/Darlig-vaer-med-vaervarsling-i-Liguria-og-Lombardy-og-Storms.jpg","datePublished":"2025-09-22T21:49:58+00:00","dateModified":"2025-09-22T21:49:59+00:00","breadcrumb":{"@id":"https:\/\/nordnesrepublikken.no\/index.php\/2025\/09\/22\/darlig-vaer-med-vaervarsling-i-liguria-og-lombardy-og-storms-den-dagen-hosten-begynner\/#breadcrumb"},"inLanguage":"nb-NO","potentialAction":[{"@type":"ReadAction","target":["https:\/\/nordnesrepublikken.no\/index.php\/2025\/09\/22\/darlig-vaer-med-vaervarsling-i-liguria-og-lombardy-og-storms-den-dagen-hosten-begynner\/"]}]},{"@type":"ImageObject","inLanguage":"nb-NO","@id":"https:\/\/nordnesrepublikken.no\/index.php\/2025\/09\/22\/darlig-vaer-med-vaervarsling-i-liguria-og-lombardy-og-storms-den-dagen-hosten-begynner\/#primaryimage","url":"https:\/\/nordnesrepublikken.no\/wp-content\/uploads\/2025\/09\/Darlig-vaer-med-vaervarsling-i-Liguria-og-Lombardy-og-Storms.jpg","contentUrl":"https:\/\/nordnesrepublikken.no\/wp-content\/uploads\/2025\/09\/Darlig-vaer-med-vaervarsling-i-Liguria-og-Lombardy-og-Storms.jpg","width":1280,"height":720,"caption":"maltempo savonese"},{"@type":"BreadcrumbList","@id":"https:\/\/nordnesrepublikken.no\/index.php\/2025\/09\/22\/darlig-vaer-med-vaervarsling-i-liguria-og-lombardy-og-storms-den-dagen-hosten-begynner\/#breadcrumb","itemListElement":[{"@type":"ListItem","position":1,"name":"Home","item":"https:\/\/nordnesrepublikken.no\/"},{"@type":"ListItem","position":2,"name":"D\u00e5rlig v\u00e6r med v\u00e6rvarsling i Liguria og Lombardy og Storms den dagen h\u00f8sten begynner"}]},{"@type":"WebSite","@id":"https:\/\/nordnesrepublikken.no\/#website","url":"https:\/\/nordnesrepublikken.no\/","name":"Nordnesrepublikken","description":"Stemmer og Visjoner fra Republikkens Hjerte","publisher":{"@id":"https:\/\/nordnesrepublikken.no\/#organization"},"potentialAction":[{"@type":"SearchAction","target":{"@type":"EntryPoint","urlTemplate":"https:\/\/nordnesrepublikken.no\/?s={search_term_string}"},"query-input":{"@type":"PropertyValueSpecification","valueRequired":true,"valueName":"search_term_string"}}],"inLanguage":"nb-NO"},{"@type":"Organization","@id":"https:\/\/nordnesrepublikken.no\/#organization","name":"Nordnesrepublikken","url":"https:\/\/nordnesrepublikken.no\/","logo":{"@type":"ImageObject","inLanguage":"nb-NO","@id":"https:\/\/nordnesrepublikken.no\/#\/schema\/logo\/image\/","url":"https:\/\/nordnesrepublikken.no\/wp-content\/uploads\/2025\/02\/cropped-nordnesrepublikken-2.png","contentUrl":"https:\/\/nordnesrepublikken.no\/wp-content\/uploads\/2025\/02\/cropped-nordnesrepublikken-2.png","width":1248,"height":362,"caption":"Nordnesrepublikken"},"image":{"@id":"https:\/\/nordnesrepublikken.no\/#\/schema\/logo\/image\/"}},{"@type":"Person","@id":"https:\/\/nordnesrepublikken.no\/#\/schema\/person\/2e7e81935bab77882fffb79296240ff1","name":"Ole Andersen","image":{"@type":"ImageObject","inLanguage":"nb-NO","@id":"https:\/\/nordnesrepublikken.no\/#\/schema\/person\/image\/","url":"https:\/\/nordnesrepublikken.no\/wp-content\/uploads\/2025\/02\/nordnesrepublikken-2-2-150x150.jpg","contentUrl":"https:\/\/nordnesrepublikken.no\/wp-content\/uploads\/2025\/02\/nordnesrepublikken-2-2-150x150.jpg","caption":"Ole Andersen"},"description":"Ettersom jeg vokste opp i Oslo, har jeg alltid v\u00e6rt fascinert av ordenes kraft og deres evne til \u00e5 skape endringer. Etter \u00e5 ha fullf\u00f8rt min utdannelse i kommunikasjon ved Universitetet i Bergen, fikk jeg muligheten til \u00e5 jobbe innen ulike medier, der jeg har s\u00f8kt \u00e5 belyse viktige samfunnssp\u00f8rsm\u00e5l. I dag, som redakt\u00f8r for Nordnesrepublikken, pr\u00f8ver jeg \u00e5 forene min kj\u00e6rlighet for journalistikk med min lidenskap for innovasjon og eventyr.","sameAs":["https:\/\/nordnesrepublikken.no\/"]}]}},"_links":{"self":[{"href":"https:\/\/nordnesrepublikken.no\/index.php\/wp-json\/wp\/v2\/posts\/9845","targetHints":{"allow":["GET"]}}],"collection":[{"href":"https:\/\/nordnesrepublikken.no\/index.php\/wp-json\/wp\/v2\/posts"}],"about":[{"href":"https:\/\/nordnesrepublikken.no\/index.php\/wp-json\/wp\/v2\/types\/post"}],"author":[{"embeddable":true,"href":"https:\/\/nordnesrepublikken.no\/index.php\/wp-json\/wp\/v2\/users\/1"}],"replies":[{"embeddable":true,"href":"https:\/\/nordnesrepublikken.no\/index.php\/wp-json\/wp\/v2\/comments?post=9845"}],"version-history":[{"count":1,"href":"https:\/\/nordnesrepublikken.no\/index.php\/wp-json\/wp\/v2\/posts\/9845\/revisions"}],"predecessor-version":[{"id":9847,"href":"https:\/\/nordnesrepublikken.no\/index.php\/wp-json\/wp\/v2\/posts\/9845\/revisions\/9847"}],"wp:featuredmedia":[{"embeddable":true,"href":"https:\/\/nordnesrepublikken.no\/index.php\/wp-json\/wp\/v2\/media\/9846"}],"wp:attachment":[{"href":"https:\/\/nordnesrepublikken.no\/index.php\/wp-json\/wp\/v2\/media?parent=9845"}],"wp:term":[{"taxonomy":"category","embeddable":true,"href":"https:\/\/nordnesrepublikken.no\/index.php\/wp-json\/wp\/v2\/categories?post=9845"},{"taxonomy":"post_tag","embeddable":true,"href":"https:\/\/nordnesrepublikken.no\/index.php\/wp-json\/wp\/v2\/tags?post=9845"}],"curies":[{"name":"wp","href":"https:\/\/api.w.org\/{rel}","templated":true}]}}