{"id":9827,"date":"2025-09-22T15:49:50","date_gmt":"2025-09-22T13:49:50","guid":{"rendered":"https:\/\/nordnesrepublikken.no\/index.php\/2025\/09\/22\/beskytter-den-ikoniske-tinfoil-av-konspirasjonskort-virkelig-mot-elektromagnetiske-bolger\/"},"modified":"2025-09-22T15:50:06","modified_gmt":"2025-09-22T13:50:06","slug":"beskytter-den-ikoniske-tinfoil-av-konspirasjonskort-virkelig-mot-elektromagnetiske-bolger","status":"publish","type":"post","link":"https:\/\/nordnesrepublikken.no\/index.php\/2025\/09\/22\/beskytter-den-ikoniske-tinfoil-av-konspirasjonskort-virkelig-mot-elektromagnetiske-bolger\/","title":{"rendered":"Beskytter den ikoniske tinfoil av konspirasjonskort virkelig mot elektromagnetiske b\u00f8lger?"},"content":{"rendered":"<div>\n<div class=\"cp_wrapper cp_wrapper--fw mb-30 mb-20@tablet\">\n<figure class=\"mm\"><picture class=\"img\" style=\"padding-top:56.25%\"><source  media=\"(min-width: 1024px)\"><source  media=\"(min-width: 768px)\"><\/source><\/source><\/picture><\/figure>\n<\/p><\/div>\n<p>Ofte n\u00e5r det gjelder <strong>sammensvergelse<\/strong> Og <strong>konspirasjonere,<\/strong> Det f\u00f8rste bildet som kommer til tankene er det til en person med en<strong> Stagnola papirhatt<\/strong>ofte spiss. If\u00f8lge noen mennesker, spesielt i USA, ville denne &laquo;gj\u00f8r-det-selv-apparatet&raquo; unng\u00e5 \u00e5 v\u00e6re <strong>manipulerer mentalt av regjeringen og romvesenene<\/strong>\u00e5 kunne stoppe alle typer elektromagnetisk b\u00f8lge. Ettersom vi ikke bare vil se at denne uttalelsen er feil fra et vitenskapelig synspunkt, men opprinnelsen til denne troen er knyttet til en science fiction -roman.<\/p>\n<p>Ideen om hatten ble f\u00f8dt fra en roman av <strong>1927<\/strong> ringte <em>Vevskulturkongen<\/em>skrevet av <strong>Julian Huxley<\/strong>. Dette etternavnet spiller kanskje ikke nytt for noen av dere: det er faktisk broren til <strong>Aldous Huxley<\/strong>ber\u00f8mt forfatter av den dystopiske bestselgeren<em> Modig ny verden<\/em>. Tilbake til Julian, en hodeplagg av <strong>aluminium<\/strong> for \u00e5 beskytte deg mot lesing av sinnet av romvesenene. Det var en science fiction -roman, selvf\u00f8lgelig, men ufrivillig plantet et fr\u00f8 som de f\u00f8lgende \u00e5rene ville f\u00f8re til konkrete implikasjoner. Med bruk av internett begynte faktisk denne troen, f\u00f8rst begrenset til noen f\u00e5 mennesker, \u00e5 bli mer popul\u00e6r med det for \u00e5 bli ber\u00f8mt internasjonalt.<\/p>\n<p>For \u00f8yeblikket er det ingen type vitenskapelige bevis ang\u00e5ende mental kontroll av fremmede arter (eller gjennom teknologiske systemer med antropisk opprinnelse som HAARP eller 5G), da det faktisk ikke er bevis for eksistensen av romvesener generelt. Men \u00e5 forsikre seg om at romvesener eksisterer og pr\u00f8ver \u00e5 sjekke tankene v\u00e5re, kan de fremmede hattene virkelig bidra til \u00e5 begrense problemet?<\/p>\n<p>Dette er sp\u00f8rsm\u00e5let som et team av forskere fra <strong>Massachusetts Institute of Technology<\/strong> I 2005 fra resultatene kommer det frem at nei, de ikke er i stand til \u00e5 blokkere radiob\u00f8lgene, bortsett fra frekvensen p\u00e5 1,5 GHz som det faktisk er en oppmerksomhet til de elektromagnetiske b\u00f8lgene. Men det er ikke over! Faktisk inns\u00e5 forskerne at p\u00e5 andre frekvenser, som jeg <strong>2,6 GHz<\/strong> eller <strong>1,2 GHz<\/strong>ikke bare er det ikke demping, men signalet er <strong>til og med forsterket<\/strong>. Disse frekvensene brukes for eksempel for <strong>Satellittkommunikasjon<\/strong> og for <strong>Brede b\u00e5ndbreddenettverk<\/strong>. Nettopp av denne grunn forfatterne, p\u00e5 en ironisk og provoserende m\u00e5te, avslutter dermed <em>papir<\/em>:<\/p>\n<blockquote>\n<p>Det er ikke n\u00f8dvendig med fantasi for \u00e5 konkludere med at den n\u00e5v\u00e6rende mani av hjelmer sannsynligvis ble forplantet av regjeringen, kanskje med involvering av Federal Commission for Communications. Vi h\u00e5per at denne rapporten oppfordrer det paranoide samfunnet til \u00e5 utvikle bedre hjelmerprosjekter for \u00e5 unng\u00e5 \u00e5 bli offer for disse manglene.<\/p>\n<\/blockquote>\n<p>Liten nysgjerrighet: For dette arbeidet vant forskerne en <strong>Guinness World Record<\/strong>etter \u00e5 ha v\u00e6rt den f\u00f8rste til \u00e5 studere den faktiske (ikke) nytten av disse h\u00e5ndverkerhodet.<\/p>\n<\/p><\/div>\n","protected":false},"excerpt":{"rendered":"<p>Ofte n\u00e5r det gjelder sammensvergelse Og konspirasjonere, Det f\u00f8rste bildet som kommer til tankene er<\/p>\n","protected":false},"author":1,"featured_media":9828,"comment_status":"closed","ping_status":"open","sticky":false,"template":"","format":"standard","meta":{"footnotes":""},"categories":[24],"tags":[2117,6429,74,6428,3855,6427,152,6426,227],"class_list":["post-9827","post","type-post","status-publish","format-standard","has-post-thumbnail","hentry","category-vitenskap","tag-beskytter","tag-bolger","tag-den","tag-elektromagnetiske","tag-ikoniske","tag-konspirasjonskort","tag-mot","tag-tinfoil","tag-virkelig","generate-columns","tablet-grid-50","mobile-grid-100","grid-parent","grid-33","resize-featured-image"],"yoast_head":"<!-- This site is optimized with the Yoast SEO plugin v24.4 - https:\/\/yoast.com\/wordpress\/plugins\/seo\/ -->\n<title>Beskytter den ikoniske tinfoil av konspirasjonskort virkelig mot elektromagnetiske b\u00f8lger? - Nordnesrepublikken<\/title>\n<meta name=\"robots\" content=\"index, follow, max-snippet:-1, max-image-preview:large, max-video-preview:-1\" \/>\n<link rel=\"canonical\" href=\"https:\/\/nordnesrepublikken.no\/index.php\/2025\/09\/22\/beskytter-den-ikoniske-tinfoil-av-konspirasjonskort-virkelig-mot-elektromagnetiske-bolger\/\" \/>\n<meta property=\"og:locale\" content=\"nb_NO\" \/>\n<meta property=\"og:type\" content=\"article\" \/>\n<meta property=\"og:title\" content=\"Beskytter den ikoniske tinfoil av konspirasjonskort virkelig mot elektromagnetiske b\u00f8lger? - Nordnesrepublikken\" \/>\n<meta property=\"og:description\" content=\"Ofte n\u00e5r det gjelder sammensvergelse Og konspirasjonere, Det f\u00f8rste bildet som kommer til tankene er\" \/>\n<meta property=\"og:url\" content=\"https:\/\/nordnesrepublikken.no\/index.php\/2025\/09\/22\/beskytter-den-ikoniske-tinfoil-av-konspirasjonskort-virkelig-mot-elektromagnetiske-bolger\/\" \/>\n<meta property=\"og:site_name\" content=\"Nordnesrepublikken\" \/>\n<meta property=\"article:published_time\" content=\"2025-09-22T13:49:50+00:00\" \/>\n<meta property=\"article:modified_time\" content=\"2025-09-22T13:50:06+00:00\" \/>\n<meta property=\"og:image\" content=\"https:\/\/nordnesrepublikken.no\/wp-content\/uploads\/2025\/09\/1758549005_Beskytter-den-ikoniske-tinfoil-av-konspirasjonskort-virkelig-mot-elektromagnetiske-bolger.jpg\" \/>\n\t<meta property=\"og:image:width\" content=\"1536\" \/>\n\t<meta property=\"og:image:height\" content=\"1024\" \/>\n\t<meta property=\"og:image:type\" content=\"image\/jpeg\" \/>\n<meta name=\"author\" content=\"Ole Andersen\" \/>\n<meta name=\"twitter:card\" content=\"summary_large_image\" \/>\n<meta name=\"twitter:label1\" content=\"Skrevet av\" \/>\n\t<meta name=\"twitter:data1\" content=\"Ole Andersen\" \/>\n\t<meta name=\"twitter:label2\" content=\"Ansl. lesetid\" \/>\n\t<meta name=\"twitter:data2\" content=\"2 minutter\" \/>\n<script type=\"application\/ld+json\" class=\"yoast-schema-graph\">{\"@context\":\"https:\/\/schema.org\",\"@graph\":[{\"@type\":\"Article\",\"@id\":\"https:\/\/nordnesrepublikken.no\/index.php\/2025\/09\/22\/beskytter-den-ikoniske-tinfoil-av-konspirasjonskort-virkelig-mot-elektromagnetiske-bolger\/#article\",\"isPartOf\":{\"@id\":\"https:\/\/nordnesrepublikken.no\/index.php\/2025\/09\/22\/beskytter-den-ikoniske-tinfoil-av-konspirasjonskort-virkelig-mot-elektromagnetiske-bolger\/\"},\"author\":{\"name\":\"Ole Andersen\",\"@id\":\"https:\/\/nordnesrepublikken.no\/#\/schema\/person\/2e7e81935bab77882fffb79296240ff1\"},\"headline\":\"Beskytter den ikoniske tinfoil av konspirasjonskort virkelig mot elektromagnetiske b\u00f8lger?\",\"datePublished\":\"2025-09-22T13:49:50+00:00\",\"dateModified\":\"2025-09-22T13:50:06+00:00\",\"mainEntityOfPage\":{\"@id\":\"https:\/\/nordnesrepublikken.no\/index.php\/2025\/09\/22\/beskytter-den-ikoniske-tinfoil-av-konspirasjonskort-virkelig-mot-elektromagnetiske-bolger\/\"},\"wordCount\":441,\"publisher\":{\"@id\":\"https:\/\/nordnesrepublikken.no\/#organization\"},\"image\":{\"@id\":\"https:\/\/nordnesrepublikken.no\/index.php\/2025\/09\/22\/beskytter-den-ikoniske-tinfoil-av-konspirasjonskort-virkelig-mot-elektromagnetiske-bolger\/#primaryimage\"},\"thumbnailUrl\":\"https:\/\/nordnesrepublikken.no\/wp-content\/uploads\/2025\/09\/1758549005_Beskytter-den-ikoniske-tinfoil-av-konspirasjonskort-virkelig-mot-elektromagnetiske-bolger.jpg\",\"keywords\":[\"beskytter\",\"b\u00f8lger\",\"den\",\"elektromagnetiske\",\"ikoniske\",\"konspirasjonskort\",\"mot\",\"tinfoil\",\"virkelig\"],\"articleSection\":[\"Vitenskap\"],\"inLanguage\":\"nb-NO\"},{\"@type\":\"WebPage\",\"@id\":\"https:\/\/nordnesrepublikken.no\/index.php\/2025\/09\/22\/beskytter-den-ikoniske-tinfoil-av-konspirasjonskort-virkelig-mot-elektromagnetiske-bolger\/\",\"url\":\"https:\/\/nordnesrepublikken.no\/index.php\/2025\/09\/22\/beskytter-den-ikoniske-tinfoil-av-konspirasjonskort-virkelig-mot-elektromagnetiske-bolger\/\",\"name\":\"Beskytter den ikoniske tinfoil av konspirasjonskort virkelig mot elektromagnetiske b\u00f8lger? - Nordnesrepublikken\",\"isPartOf\":{\"@id\":\"https:\/\/nordnesrepublikken.no\/#website\"},\"primaryImageOfPage\":{\"@id\":\"https:\/\/nordnesrepublikken.no\/index.php\/2025\/09\/22\/beskytter-den-ikoniske-tinfoil-av-konspirasjonskort-virkelig-mot-elektromagnetiske-bolger\/#primaryimage\"},\"image\":{\"@id\":\"https:\/\/nordnesrepublikken.no\/index.php\/2025\/09\/22\/beskytter-den-ikoniske-tinfoil-av-konspirasjonskort-virkelig-mot-elektromagnetiske-bolger\/#primaryimage\"},\"thumbnailUrl\":\"https:\/\/nordnesrepublikken.no\/wp-content\/uploads\/2025\/09\/1758549005_Beskytter-den-ikoniske-tinfoil-av-konspirasjonskort-virkelig-mot-elektromagnetiske-bolger.jpg\",\"datePublished\":\"2025-09-22T13:49:50+00:00\",\"dateModified\":\"2025-09-22T13:50:06+00:00\",\"breadcrumb\":{\"@id\":\"https:\/\/nordnesrepublikken.no\/index.php\/2025\/09\/22\/beskytter-den-ikoniske-tinfoil-av-konspirasjonskort-virkelig-mot-elektromagnetiske-bolger\/#breadcrumb\"},\"inLanguage\":\"nb-NO\",\"potentialAction\":[{\"@type\":\"ReadAction\",\"target\":[\"https:\/\/nordnesrepublikken.no\/index.php\/2025\/09\/22\/beskytter-den-ikoniske-tinfoil-av-konspirasjonskort-virkelig-mot-elektromagnetiske-bolger\/\"]}]},{\"@type\":\"ImageObject\",\"inLanguage\":\"nb-NO\",\"@id\":\"https:\/\/nordnesrepublikken.no\/index.php\/2025\/09\/22\/beskytter-den-ikoniske-tinfoil-av-konspirasjonskort-virkelig-mot-elektromagnetiske-bolger\/#primaryimage\",\"url\":\"https:\/\/nordnesrepublikken.no\/wp-content\/uploads\/2025\/09\/1758549005_Beskytter-den-ikoniske-tinfoil-av-konspirasjonskort-virkelig-mot-elektromagnetiske-bolger.jpg\",\"contentUrl\":\"https:\/\/nordnesrepublikken.no\/wp-content\/uploads\/2025\/09\/1758549005_Beskytter-den-ikoniske-tinfoil-av-konspirasjonskort-virkelig-mot-elektromagnetiske-bolger.jpg\",\"width\":1536,\"height\":1024,\"caption\":\"Immagine\"},{\"@type\":\"BreadcrumbList\",\"@id\":\"https:\/\/nordnesrepublikken.no\/index.php\/2025\/09\/22\/beskytter-den-ikoniske-tinfoil-av-konspirasjonskort-virkelig-mot-elektromagnetiske-bolger\/#breadcrumb\",\"itemListElement\":[{\"@type\":\"ListItem\",\"position\":1,\"name\":\"Home\",\"item\":\"https:\/\/nordnesrepublikken.no\/\"},{\"@type\":\"ListItem\",\"position\":2,\"name\":\"Beskytter den ikoniske tinfoil av konspirasjonskort virkelig mot elektromagnetiske b\u00f8lger?\"}]},{\"@type\":\"WebSite\",\"@id\":\"https:\/\/nordnesrepublikken.no\/#website\",\"url\":\"https:\/\/nordnesrepublikken.no\/\",\"name\":\"Nordnesrepublikken\",\"description\":\"Stemmer og Visjoner fra Republikkens Hjerte\",\"publisher\":{\"@id\":\"https:\/\/nordnesrepublikken.no\/#organization\"},\"potentialAction\":[{\"@type\":\"SearchAction\",\"target\":{\"@type\":\"EntryPoint\",\"urlTemplate\":\"https:\/\/nordnesrepublikken.no\/?s={search_term_string}\"},\"query-input\":{\"@type\":\"PropertyValueSpecification\",\"valueRequired\":true,\"valueName\":\"search_term_string\"}}],\"inLanguage\":\"nb-NO\"},{\"@type\":\"Organization\",\"@id\":\"https:\/\/nordnesrepublikken.no\/#organization\",\"name\":\"Nordnesrepublikken\",\"url\":\"https:\/\/nordnesrepublikken.no\/\",\"logo\":{\"@type\":\"ImageObject\",\"inLanguage\":\"nb-NO\",\"@id\":\"https:\/\/nordnesrepublikken.no\/#\/schema\/logo\/image\/\",\"url\":\"https:\/\/nordnesrepublikken.no\/wp-content\/uploads\/2025\/02\/cropped-nordnesrepublikken-2.png\",\"contentUrl\":\"https:\/\/nordnesrepublikken.no\/wp-content\/uploads\/2025\/02\/cropped-nordnesrepublikken-2.png\",\"width\":1248,\"height\":362,\"caption\":\"Nordnesrepublikken\"},\"image\":{\"@id\":\"https:\/\/nordnesrepublikken.no\/#\/schema\/logo\/image\/\"}},{\"@type\":\"Person\",\"@id\":\"https:\/\/nordnesrepublikken.no\/#\/schema\/person\/2e7e81935bab77882fffb79296240ff1\",\"name\":\"Ole Andersen\",\"image\":{\"@type\":\"ImageObject\",\"inLanguage\":\"nb-NO\",\"@id\":\"https:\/\/nordnesrepublikken.no\/#\/schema\/person\/image\/\",\"url\":\"https:\/\/nordnesrepublikken.no\/wp-content\/uploads\/2025\/02\/nordnesrepublikken-2-2-150x150.jpg\",\"contentUrl\":\"https:\/\/nordnesrepublikken.no\/wp-content\/uploads\/2025\/02\/nordnesrepublikken-2-2-150x150.jpg\",\"caption\":\"Ole Andersen\"},\"description\":\"Ettersom jeg vokste opp i Oslo, har jeg alltid v\u00e6rt fascinert av ordenes kraft og deres evne til \u00e5 skape endringer. Etter \u00e5 ha fullf\u00f8rt min utdannelse i kommunikasjon ved Universitetet i Bergen, fikk jeg muligheten til \u00e5 jobbe innen ulike medier, der jeg har s\u00f8kt \u00e5 belyse viktige samfunnssp\u00f8rsm\u00e5l. I dag, som redakt\u00f8r for Nordnesrepublikken, pr\u00f8ver jeg \u00e5 forene min kj\u00e6rlighet for journalistikk med min lidenskap for innovasjon og eventyr.\",\"sameAs\":[\"https:\/\/nordnesrepublikken.no\/\"]}]}<\/script>\n<!-- \/ Yoast SEO plugin. -->","yoast_head_json":{"title":"Beskytter den ikoniske tinfoil av konspirasjonskort virkelig mot elektromagnetiske b\u00f8lger? - Nordnesrepublikken","robots":{"index":"index","follow":"follow","max-snippet":"max-snippet:-1","max-image-preview":"max-image-preview:large","max-video-preview":"max-video-preview:-1"},"canonical":"https:\/\/nordnesrepublikken.no\/index.php\/2025\/09\/22\/beskytter-den-ikoniske-tinfoil-av-konspirasjonskort-virkelig-mot-elektromagnetiske-bolger\/","og_locale":"nb_NO","og_type":"article","og_title":"Beskytter den ikoniske tinfoil av konspirasjonskort virkelig mot elektromagnetiske b\u00f8lger? - Nordnesrepublikken","og_description":"Ofte n\u00e5r det gjelder sammensvergelse Og konspirasjonere, Det f\u00f8rste bildet som kommer til tankene er","og_url":"https:\/\/nordnesrepublikken.no\/index.php\/2025\/09\/22\/beskytter-den-ikoniske-tinfoil-av-konspirasjonskort-virkelig-mot-elektromagnetiske-bolger\/","og_site_name":"Nordnesrepublikken","article_published_time":"2025-09-22T13:49:50+00:00","article_modified_time":"2025-09-22T13:50:06+00:00","og_image":[{"width":1536,"height":1024,"url":"https:\/\/nordnesrepublikken.no\/wp-content\/uploads\/2025\/09\/1758549005_Beskytter-den-ikoniske-tinfoil-av-konspirasjonskort-virkelig-mot-elektromagnetiske-bolger.jpg","type":"image\/jpeg"}],"author":"Ole Andersen","twitter_card":"summary_large_image","twitter_misc":{"Skrevet av":"Ole Andersen","Ansl. lesetid":"2 minutter"},"schema":{"@context":"https:\/\/schema.org","@graph":[{"@type":"Article","@id":"https:\/\/nordnesrepublikken.no\/index.php\/2025\/09\/22\/beskytter-den-ikoniske-tinfoil-av-konspirasjonskort-virkelig-mot-elektromagnetiske-bolger\/#article","isPartOf":{"@id":"https:\/\/nordnesrepublikken.no\/index.php\/2025\/09\/22\/beskytter-den-ikoniske-tinfoil-av-konspirasjonskort-virkelig-mot-elektromagnetiske-bolger\/"},"author":{"name":"Ole Andersen","@id":"https:\/\/nordnesrepublikken.no\/#\/schema\/person\/2e7e81935bab77882fffb79296240ff1"},"headline":"Beskytter den ikoniske tinfoil av konspirasjonskort virkelig mot elektromagnetiske b\u00f8lger?","datePublished":"2025-09-22T13:49:50+00:00","dateModified":"2025-09-22T13:50:06+00:00","mainEntityOfPage":{"@id":"https:\/\/nordnesrepublikken.no\/index.php\/2025\/09\/22\/beskytter-den-ikoniske-tinfoil-av-konspirasjonskort-virkelig-mot-elektromagnetiske-bolger\/"},"wordCount":441,"publisher":{"@id":"https:\/\/nordnesrepublikken.no\/#organization"},"image":{"@id":"https:\/\/nordnesrepublikken.no\/index.php\/2025\/09\/22\/beskytter-den-ikoniske-tinfoil-av-konspirasjonskort-virkelig-mot-elektromagnetiske-bolger\/#primaryimage"},"thumbnailUrl":"https:\/\/nordnesrepublikken.no\/wp-content\/uploads\/2025\/09\/1758549005_Beskytter-den-ikoniske-tinfoil-av-konspirasjonskort-virkelig-mot-elektromagnetiske-bolger.jpg","keywords":["beskytter","b\u00f8lger","den","elektromagnetiske","ikoniske","konspirasjonskort","mot","tinfoil","virkelig"],"articleSection":["Vitenskap"],"inLanguage":"nb-NO"},{"@type":"WebPage","@id":"https:\/\/nordnesrepublikken.no\/index.php\/2025\/09\/22\/beskytter-den-ikoniske-tinfoil-av-konspirasjonskort-virkelig-mot-elektromagnetiske-bolger\/","url":"https:\/\/nordnesrepublikken.no\/index.php\/2025\/09\/22\/beskytter-den-ikoniske-tinfoil-av-konspirasjonskort-virkelig-mot-elektromagnetiske-bolger\/","name":"Beskytter den ikoniske tinfoil av konspirasjonskort virkelig mot elektromagnetiske b\u00f8lger? - Nordnesrepublikken","isPartOf":{"@id":"https:\/\/nordnesrepublikken.no\/#website"},"primaryImageOfPage":{"@id":"https:\/\/nordnesrepublikken.no\/index.php\/2025\/09\/22\/beskytter-den-ikoniske-tinfoil-av-konspirasjonskort-virkelig-mot-elektromagnetiske-bolger\/#primaryimage"},"image":{"@id":"https:\/\/nordnesrepublikken.no\/index.php\/2025\/09\/22\/beskytter-den-ikoniske-tinfoil-av-konspirasjonskort-virkelig-mot-elektromagnetiske-bolger\/#primaryimage"},"thumbnailUrl":"https:\/\/nordnesrepublikken.no\/wp-content\/uploads\/2025\/09\/1758549005_Beskytter-den-ikoniske-tinfoil-av-konspirasjonskort-virkelig-mot-elektromagnetiske-bolger.jpg","datePublished":"2025-09-22T13:49:50+00:00","dateModified":"2025-09-22T13:50:06+00:00","breadcrumb":{"@id":"https:\/\/nordnesrepublikken.no\/index.php\/2025\/09\/22\/beskytter-den-ikoniske-tinfoil-av-konspirasjonskort-virkelig-mot-elektromagnetiske-bolger\/#breadcrumb"},"inLanguage":"nb-NO","potentialAction":[{"@type":"ReadAction","target":["https:\/\/nordnesrepublikken.no\/index.php\/2025\/09\/22\/beskytter-den-ikoniske-tinfoil-av-konspirasjonskort-virkelig-mot-elektromagnetiske-bolger\/"]}]},{"@type":"ImageObject","inLanguage":"nb-NO","@id":"https:\/\/nordnesrepublikken.no\/index.php\/2025\/09\/22\/beskytter-den-ikoniske-tinfoil-av-konspirasjonskort-virkelig-mot-elektromagnetiske-bolger\/#primaryimage","url":"https:\/\/nordnesrepublikken.no\/wp-content\/uploads\/2025\/09\/1758549005_Beskytter-den-ikoniske-tinfoil-av-konspirasjonskort-virkelig-mot-elektromagnetiske-bolger.jpg","contentUrl":"https:\/\/nordnesrepublikken.no\/wp-content\/uploads\/2025\/09\/1758549005_Beskytter-den-ikoniske-tinfoil-av-konspirasjonskort-virkelig-mot-elektromagnetiske-bolger.jpg","width":1536,"height":1024,"caption":"Immagine"},{"@type":"BreadcrumbList","@id":"https:\/\/nordnesrepublikken.no\/index.php\/2025\/09\/22\/beskytter-den-ikoniske-tinfoil-av-konspirasjonskort-virkelig-mot-elektromagnetiske-bolger\/#breadcrumb","itemListElement":[{"@type":"ListItem","position":1,"name":"Home","item":"https:\/\/nordnesrepublikken.no\/"},{"@type":"ListItem","position":2,"name":"Beskytter den ikoniske tinfoil av konspirasjonskort virkelig mot elektromagnetiske b\u00f8lger?"}]},{"@type":"WebSite","@id":"https:\/\/nordnesrepublikken.no\/#website","url":"https:\/\/nordnesrepublikken.no\/","name":"Nordnesrepublikken","description":"Stemmer og Visjoner fra Republikkens Hjerte","publisher":{"@id":"https:\/\/nordnesrepublikken.no\/#organization"},"potentialAction":[{"@type":"SearchAction","target":{"@type":"EntryPoint","urlTemplate":"https:\/\/nordnesrepublikken.no\/?s={search_term_string}"},"query-input":{"@type":"PropertyValueSpecification","valueRequired":true,"valueName":"search_term_string"}}],"inLanguage":"nb-NO"},{"@type":"Organization","@id":"https:\/\/nordnesrepublikken.no\/#organization","name":"Nordnesrepublikken","url":"https:\/\/nordnesrepublikken.no\/","logo":{"@type":"ImageObject","inLanguage":"nb-NO","@id":"https:\/\/nordnesrepublikken.no\/#\/schema\/logo\/image\/","url":"https:\/\/nordnesrepublikken.no\/wp-content\/uploads\/2025\/02\/cropped-nordnesrepublikken-2.png","contentUrl":"https:\/\/nordnesrepublikken.no\/wp-content\/uploads\/2025\/02\/cropped-nordnesrepublikken-2.png","width":1248,"height":362,"caption":"Nordnesrepublikken"},"image":{"@id":"https:\/\/nordnesrepublikken.no\/#\/schema\/logo\/image\/"}},{"@type":"Person","@id":"https:\/\/nordnesrepublikken.no\/#\/schema\/person\/2e7e81935bab77882fffb79296240ff1","name":"Ole Andersen","image":{"@type":"ImageObject","inLanguage":"nb-NO","@id":"https:\/\/nordnesrepublikken.no\/#\/schema\/person\/image\/","url":"https:\/\/nordnesrepublikken.no\/wp-content\/uploads\/2025\/02\/nordnesrepublikken-2-2-150x150.jpg","contentUrl":"https:\/\/nordnesrepublikken.no\/wp-content\/uploads\/2025\/02\/nordnesrepublikken-2-2-150x150.jpg","caption":"Ole Andersen"},"description":"Ettersom jeg vokste opp i Oslo, har jeg alltid v\u00e6rt fascinert av ordenes kraft og deres evne til \u00e5 skape endringer. Etter \u00e5 ha fullf\u00f8rt min utdannelse i kommunikasjon ved Universitetet i Bergen, fikk jeg muligheten til \u00e5 jobbe innen ulike medier, der jeg har s\u00f8kt \u00e5 belyse viktige samfunnssp\u00f8rsm\u00e5l. I dag, som redakt\u00f8r for Nordnesrepublikken, pr\u00f8ver jeg \u00e5 forene min kj\u00e6rlighet for journalistikk med min lidenskap for innovasjon og eventyr.","sameAs":["https:\/\/nordnesrepublikken.no\/"]}]}},"_links":{"self":[{"href":"https:\/\/nordnesrepublikken.no\/index.php\/wp-json\/wp\/v2\/posts\/9827","targetHints":{"allow":["GET"]}}],"collection":[{"href":"https:\/\/nordnesrepublikken.no\/index.php\/wp-json\/wp\/v2\/posts"}],"about":[{"href":"https:\/\/nordnesrepublikken.no\/index.php\/wp-json\/wp\/v2\/types\/post"}],"author":[{"embeddable":true,"href":"https:\/\/nordnesrepublikken.no\/index.php\/wp-json\/wp\/v2\/users\/1"}],"replies":[{"embeddable":true,"href":"https:\/\/nordnesrepublikken.no\/index.php\/wp-json\/wp\/v2\/comments?post=9827"}],"version-history":[{"count":1,"href":"https:\/\/nordnesrepublikken.no\/index.php\/wp-json\/wp\/v2\/posts\/9827\/revisions"}],"predecessor-version":[{"id":9829,"href":"https:\/\/nordnesrepublikken.no\/index.php\/wp-json\/wp\/v2\/posts\/9827\/revisions\/9829"}],"wp:featuredmedia":[{"embeddable":true,"href":"https:\/\/nordnesrepublikken.no\/index.php\/wp-json\/wp\/v2\/media\/9828"}],"wp:attachment":[{"href":"https:\/\/nordnesrepublikken.no\/index.php\/wp-json\/wp\/v2\/media?parent=9827"}],"wp:term":[{"taxonomy":"category","embeddable":true,"href":"https:\/\/nordnesrepublikken.no\/index.php\/wp-json\/wp\/v2\/categories?post=9827"},{"taxonomy":"post_tag","embeddable":true,"href":"https:\/\/nordnesrepublikken.no\/index.php\/wp-json\/wp\/v2\/tags?post=9827"}],"curies":[{"name":"wp","href":"https:\/\/api.w.org\/{rel}","templated":true}]}}