{"id":9785,"date":"2025-09-21T08:49:42","date_gmt":"2025-09-21T06:49:42","guid":{"rendered":"https:\/\/nordnesrepublikken.no\/index.php\/2025\/09\/21\/turneringen-opprettet-av-federer-som-ga-ikoniske-oyeblikk\/"},"modified":"2025-09-21T08:49:43","modified_gmt":"2025-09-21T06:49:43","slug":"turneringen-opprettet-av-federer-som-ga-ikoniske-oyeblikk","status":"publish","type":"post","link":"https:\/\/nordnesrepublikken.no\/index.php\/2025\/09\/21\/turneringen-opprettet-av-federer-som-ga-ikoniske-oyeblikk\/","title":{"rendered":"Turneringen opprettet av Federer som ga ikoniske \u00f8yeblikk"},"content":{"rendered":"<div>\n<div class=\"cp_wrapper cp_wrapper--fw mb-30 mb-20@tablet\">\n<figure class=\"mm\"><picture class=\"img\" style=\"padding-top:56.25%\"><source  media=\"(min-width: 1024px)\"><source  media=\"(min-width: 768px)\"><\/source><\/source><\/picture><\/figure>\n<\/p><\/div>\n<p>Der <strong>Laver Cup<\/strong> Han vender tilbake til USA for sin \u00e5ttende utgave, planlagt fra 19. til 21. september i San Francisco. Lagkonkurranse mellom <strong>Team Europa<\/strong> Og <strong>Verdenslag<\/strong> Den ble f\u00f8dt i 2017 fra en ide om tennislegenden <strong>Roger Federer <\/strong>og hans agent Tony Godsick. Den n\u00e5 tidligere sveitsiske tennisspilleren i l\u00f8pet av karrieren har blitt veldig knyttet til <strong>Rod Laver<\/strong> (Australske tennisspiller f\u00f8dt i 1938, den eneste i historien som har vunnet <strong>Grand Slam<\/strong>eller Four Slam &#8211; Australian Open, Roland Garros, Wimbledon og US Open &#8211; i samme sesong) og \u00f8nsket \u00e5 hedre ham ved \u00e5 f\u00f8de en turnering i hans navn som samler de beste spillerne i den store mannlige kretsen, ledet av Ikoner fra fortiden. Laver Cup gjenkjennes av ATP, men <strong>skiller ikke ut poeng for rangeringen<\/strong>.<\/p>\n<p>Federer og Godsick -prosjektet har poeng til felles med <strong>Ryder Cup<\/strong> av <strong>golf<\/strong> Som 20 -tid SLAM -mesteren forklarte i et intervju: &laquo;Golf har en fantastisk m\u00e5te \u00e5 behandle legender p\u00e5: De tidligere spillerne er alltid p\u00e5 \u00e5krene for \u00e5 f\u00f8lge konkurransene, alltid tilgjengelig for \u00e5 anbefale unge mennesker. \u00c5 ha en begivenhet som Laver Cup er en m\u00e5te \u00e5 kaste lys p\u00e5 legender som Rod Laver og mange andre som har \u00e5pnet veien for oss p\u00e5. Ja, for i tillegg til Rod Laver, p\u00e5 benkene av det ikoniske svarte feltet til hendelsen, fulgte de hverandre <strong>Bj\u00f6rn Borg<\/strong>, <strong>John McEnroe<\/strong>, <strong>Patrick McEnroe<\/strong>, <strong>Thomas Enqvist<\/strong> Og n\u00e5 er Yannick Noah-Tim Henman-par klare til \u00e5 sitte for det gamle kontinentet og Andre Agassi-Pat-rafteren for resten av verden for en tre-dagers som lover viser utenfor og inne i spillet rektangel.<\/p>\n<h2>Formatet og det gylne registeret<\/h2>\n<p>Laver Cup er en tenniskonkurranse for lag, Europa mot resten av verden, som arrangeres over tre dager <strong>Med 12 m\u00f8ter (9 entall og 3 dobler)<\/strong>. Spillene spilles i det beste av de tre settene, med en 10-punkts superbinding i stedet for det tredje settet. Poengsummen for seirene \u00f8ker gradvis: 1 poeng p\u00e5 fredag, 2 poeng p\u00e5 l\u00f8rdag og 3 poeng p\u00e5 s\u00f8ndag. <strong>Det f\u00f8rste laget som n\u00e5r 13 poeng, vinner pokalen<\/strong>. I det gyldne registeret <strong>Europa leder 5-2<\/strong> p\u00e5 resten av verden.<\/p>\n<p><iframe title=\"L'albo d'oro della Laver Cup\" aria-label=\"Table\" id=\"datawrapper-chart-yS4le\" scrolling=\"no\" frameborder=\"0\" style=\"width: 0; min-width: 100% !important; border: none;\" height=\"415\" data-external=\"1\" data-type=\"generic-iframe\" data-src=\"https:\/\/datawrapper.dwcdn.net\/yS4le\/1\/\" class=\"js-parse-embed\"><\/iframe><\/p>\n<h2>Nyheten om 2025: Fra statistikk p\u00e5 benken til virtual reality live<\/h2>\n<p>I tillegg til endringen av de to kapteinene og den respektive stedfortreder, i utgaven som vil stoppe fra 19. til 21. september i San Francisco vil det v\u00e6re annerledes <strong>Teknologiske nyheter<\/strong>. Den f\u00f8rste er introduksjonen av <strong>Laver Cup Coaching Tool<\/strong>Et verkt\u00f8y som gir kapteiner og spillere, gjennom nettbrett, data i sanntid som analytisk statistikk og taktiske detaljer som posisjonen ved tjenesten og plasseringen som svar med sikte p\u00e5 \u00e5 bidra til \u00e5 finne n\u00f8kkelen til kampene. Et verkt\u00f8y som, som vet, blir integrert i hovedkretsen de kommende \u00e5rene. Til dette blir lagt til <strong>Laver Cup Hub<\/strong>et digitalt reisem\u00e5l med sanntidspoeng og h\u00f8ydepunkter i spillene, klare for bruk av tilskuere. I tillegg vil kapteinene og stedfortreder v\u00e6re <strong>mikrofonater<\/strong>tilbyr fans til stadion og hjem en mer dyptg\u00e5ende visjon av strategier og teamdynamikk ved endringen av feltet.<\/p>\n<p><a href=\"https:\/\/www.youtube.com\/watch?v=0izvljm06c\">https:\/\/www.youtube.com\/watch?v=0izvljm06c<\/a><\/p>\n<p>Endelig vil Laver Cup 2025 se introduksjonen av <strong>Laver Cup animert<\/strong>en nyskapende fusjon av <strong>Live streaming<\/strong> Dynamiske animerte spill og overlapper med h\u00f8ydepunkter av spillene og andre klipp som deles p\u00e5 YouTube -kanalen. Laver Cup animerte vil gjenskape hva som skjer p\u00e5 banen, fra oppvarming til kamppunktet for hver entall kamp. Integrere dataene til <strong>Skjelettsporing<\/strong> Med animerte karakterer (verkt\u00f8y som ligner p\u00e5 et videospill, som allerede er brukt i \u00e5r av Australian Open), er denne virtual reality -opplevelsen designet for \u00e5 tiltrekke seg en ny generasjon tennisentusiaster, noe som gj\u00f8r arrangementet mer tilgjengelig og engasjerende, spesielt for barn og familier.<\/p>\n<h2>Det unike med Lamer Cup og ikoniske \u00f8yeblikk<\/h2>\n<p>Det som gj\u00f8r Laver Cup unik er faktisk den<strong>Aggregering av tennisspillere<\/strong> som i l\u00f8pet av \u00e5ret kamp i hovedkretsen, i et lag, for en <strong>felles m\u00e5l<\/strong>. Antitesen om tennis som en ensom og individuell idrett, hvis de er ekskludert <strong>Davis Cup<\/strong> Og <strong>Billie Jean King Cup<\/strong> Reservert for landslag. Gjennom \u00e5rene har konkurransen blitt media relevant b\u00e5de for tilstedev\u00e6relsen av de beste spillerne i verden og for \u00f8yeblikkene av <strong>coaching<\/strong>blant dem, til endringene av felt som den ikoniske laget av Federer og Nadal til Fabio Fognini, p\u00e5 engelsk og spansk.<\/p>\n<p>Det er ingen tvil om at figuren til <strong>Roger Federer<\/strong> Han har katalysert oppmerksomhet, spesielt i to utgaver, gikk ned i historien for fansen og enkle fans. I den f\u00f8rste, som ble holdt i Praha i 2017, <strong>Han spilte for f\u00f8rste gang i par med Rafael Nadal et dobbeltspill<\/strong>forvandle rivaliseringen til allianse og sl\u00e5 amerikanerne Jack Soc og Sam Querrey. Det av 2022, med base i London, vil imidlertid forbli for alltid i sportshistorien. Ikke for en tittel, men for et menneskelig \u00f8yeblikk: <strong>Retrett fra tennisene spilt av sveitseren<\/strong>alltid i dobbelt med Nadal, denne gangen mot Jack Sock og Frances Tiafoe. Resultatet, nederlaget til duoen som sammen vant 42 SLAM, gikk i bakgrunnen. F\u00f8lelsene var s\u00e5 ekte at p\u00e5 slutten av spillet delte Nadal og Federer t\u00e5rer, latter og et av de mest virale og bevegelige bildene av moderne idrett: to historiske rivaler som holdes av h\u00e5nden, gr\u00e5ter og sier farvel til en epoke.<\/p>\n<\/p><\/div>\n","protected":false},"excerpt":{"rendered":"<p>Der Laver Cup Han vender tilbake til USA for sin \u00e5ttende utgave, planlagt fra 19.<\/p>\n","protected":false},"author":1,"featured_media":9786,"comment_status":"closed","ping_status":"open","sticky":false,"template":"","format":"standard","meta":{"footnotes":""},"categories":[104],"tags":[6397,3855,3081,2182,31,6396],"class_list":["post-9785","post","type-post","status-publish","format-standard","has-post-thumbnail","hentry","category-samfunn","tag-federer","tag-ikoniske","tag-opprettet","tag-oyeblikk","tag-som","tag-turneringen","generate-columns","tablet-grid-50","mobile-grid-100","grid-parent","grid-33","resize-featured-image"],"yoast_head":"<!-- This site is optimized with the Yoast SEO plugin v24.4 - https:\/\/yoast.com\/wordpress\/plugins\/seo\/ -->\n<title>Turneringen opprettet av Federer som ga ikoniske \u00f8yeblikk - Nordnesrepublikken<\/title>\n<meta name=\"robots\" content=\"index, follow, max-snippet:-1, max-image-preview:large, max-video-preview:-1\" \/>\n<link rel=\"canonical\" href=\"https:\/\/nordnesrepublikken.no\/index.php\/2025\/09\/21\/turneringen-opprettet-av-federer-som-ga-ikoniske-oyeblikk\/\" \/>\n<meta property=\"og:locale\" content=\"nb_NO\" \/>\n<meta property=\"og:type\" content=\"article\" \/>\n<meta property=\"og:title\" content=\"Turneringen opprettet av Federer som ga ikoniske \u00f8yeblikk - Nordnesrepublikken\" \/>\n<meta property=\"og:description\" content=\"Der Laver Cup Han vender tilbake til USA for sin \u00e5ttende utgave, planlagt fra 19.\" \/>\n<meta property=\"og:url\" content=\"https:\/\/nordnesrepublikken.no\/index.php\/2025\/09\/21\/turneringen-opprettet-av-federer-som-ga-ikoniske-oyeblikk\/\" \/>\n<meta property=\"og:site_name\" content=\"Nordnesrepublikken\" \/>\n<meta property=\"article:published_time\" content=\"2025-09-21T06:49:42+00:00\" \/>\n<meta property=\"article:modified_time\" content=\"2025-09-21T06:49:43+00:00\" \/>\n<meta property=\"og:image\" content=\"https:\/\/nordnesrepublikken.no\/wp-content\/uploads\/2025\/09\/1758437382_Turneringen-opprettet-av-Federer-som-ga-ikoniske-oyeblikk.jpg\" \/>\n\t<meta property=\"og:image:width\" content=\"555\" \/>\n\t<meta property=\"og:image:height\" content=\"402\" \/>\n\t<meta property=\"og:image:type\" content=\"image\/jpeg\" \/>\n<meta name=\"author\" content=\"Ole Andersen\" \/>\n<meta name=\"twitter:card\" content=\"summary_large_image\" \/>\n<meta name=\"twitter:label1\" content=\"Skrevet av\" \/>\n\t<meta name=\"twitter:data1\" content=\"Ole Andersen\" \/>\n\t<meta name=\"twitter:label2\" content=\"Ansl. lesetid\" \/>\n\t<meta name=\"twitter:data2\" content=\"4 minutter\" \/>\n<script type=\"application\/ld+json\" class=\"yoast-schema-graph\">{\"@context\":\"https:\/\/schema.org\",\"@graph\":[{\"@type\":\"Article\",\"@id\":\"https:\/\/nordnesrepublikken.no\/index.php\/2025\/09\/21\/turneringen-opprettet-av-federer-som-ga-ikoniske-oyeblikk\/#article\",\"isPartOf\":{\"@id\":\"https:\/\/nordnesrepublikken.no\/index.php\/2025\/09\/21\/turneringen-opprettet-av-federer-som-ga-ikoniske-oyeblikk\/\"},\"author\":{\"name\":\"Ole Andersen\",\"@id\":\"https:\/\/nordnesrepublikken.no\/#\/schema\/person\/2e7e81935bab77882fffb79296240ff1\"},\"headline\":\"Turneringen opprettet av Federer som ga ikoniske \u00f8yeblikk\",\"datePublished\":\"2025-09-21T06:49:42+00:00\",\"dateModified\":\"2025-09-21T06:49:43+00:00\",\"mainEntityOfPage\":{\"@id\":\"https:\/\/nordnesrepublikken.no\/index.php\/2025\/09\/21\/turneringen-opprettet-av-federer-som-ga-ikoniske-oyeblikk\/\"},\"wordCount\":874,\"publisher\":{\"@id\":\"https:\/\/nordnesrepublikken.no\/#organization\"},\"image\":{\"@id\":\"https:\/\/nordnesrepublikken.no\/index.php\/2025\/09\/21\/turneringen-opprettet-av-federer-som-ga-ikoniske-oyeblikk\/#primaryimage\"},\"thumbnailUrl\":\"https:\/\/nordnesrepublikken.no\/wp-content\/uploads\/2025\/09\/1758437382_Turneringen-opprettet-av-Federer-som-ga-ikoniske-oyeblikk.jpg\",\"keywords\":[\"Federer\",\"ikoniske\",\"Opprettet\",\"\u00f8yeblikk\",\"som\",\"Turneringen\"],\"articleSection\":[\"Samfunn\"],\"inLanguage\":\"nb-NO\"},{\"@type\":\"WebPage\",\"@id\":\"https:\/\/nordnesrepublikken.no\/index.php\/2025\/09\/21\/turneringen-opprettet-av-federer-som-ga-ikoniske-oyeblikk\/\",\"url\":\"https:\/\/nordnesrepublikken.no\/index.php\/2025\/09\/21\/turneringen-opprettet-av-federer-som-ga-ikoniske-oyeblikk\/\",\"name\":\"Turneringen opprettet av Federer som ga ikoniske \u00f8yeblikk - Nordnesrepublikken\",\"isPartOf\":{\"@id\":\"https:\/\/nordnesrepublikken.no\/#website\"},\"primaryImageOfPage\":{\"@id\":\"https:\/\/nordnesrepublikken.no\/index.php\/2025\/09\/21\/turneringen-opprettet-av-federer-som-ga-ikoniske-oyeblikk\/#primaryimage\"},\"image\":{\"@id\":\"https:\/\/nordnesrepublikken.no\/index.php\/2025\/09\/21\/turneringen-opprettet-av-federer-som-ga-ikoniske-oyeblikk\/#primaryimage\"},\"thumbnailUrl\":\"https:\/\/nordnesrepublikken.no\/wp-content\/uploads\/2025\/09\/1758437382_Turneringen-opprettet-av-Federer-som-ga-ikoniske-oyeblikk.jpg\",\"datePublished\":\"2025-09-21T06:49:42+00:00\",\"dateModified\":\"2025-09-21T06:49:43+00:00\",\"breadcrumb\":{\"@id\":\"https:\/\/nordnesrepublikken.no\/index.php\/2025\/09\/21\/turneringen-opprettet-av-federer-som-ga-ikoniske-oyeblikk\/#breadcrumb\"},\"inLanguage\":\"nb-NO\",\"potentialAction\":[{\"@type\":\"ReadAction\",\"target\":[\"https:\/\/nordnesrepublikken.no\/index.php\/2025\/09\/21\/turneringen-opprettet-av-federer-som-ga-ikoniske-oyeblikk\/\"]}]},{\"@type\":\"ImageObject\",\"inLanguage\":\"nb-NO\",\"@id\":\"https:\/\/nordnesrepublikken.no\/index.php\/2025\/09\/21\/turneringen-opprettet-av-federer-som-ga-ikoniske-oyeblikk\/#primaryimage\",\"url\":\"https:\/\/nordnesrepublikken.no\/wp-content\/uploads\/2025\/09\/1758437382_Turneringen-opprettet-av-Federer-som-ga-ikoniske-oyeblikk.jpg\",\"contentUrl\":\"https:\/\/nordnesrepublikken.no\/wp-content\/uploads\/2025\/09\/1758437382_Turneringen-opprettet-av-Federer-som-ga-ikoniske-oyeblikk.jpg\",\"width\":555,\"height\":402,\"caption\":\"Rod Laver e Roger Federer con la Laver Cup. Da Twitter\"},{\"@type\":\"BreadcrumbList\",\"@id\":\"https:\/\/nordnesrepublikken.no\/index.php\/2025\/09\/21\/turneringen-opprettet-av-federer-som-ga-ikoniske-oyeblikk\/#breadcrumb\",\"itemListElement\":[{\"@type\":\"ListItem\",\"position\":1,\"name\":\"Home\",\"item\":\"https:\/\/nordnesrepublikken.no\/\"},{\"@type\":\"ListItem\",\"position\":2,\"name\":\"Turneringen opprettet av Federer som ga ikoniske \u00f8yeblikk\"}]},{\"@type\":\"WebSite\",\"@id\":\"https:\/\/nordnesrepublikken.no\/#website\",\"url\":\"https:\/\/nordnesrepublikken.no\/\",\"name\":\"Nordnesrepublikken\",\"description\":\"Stemmer og Visjoner fra Republikkens Hjerte\",\"publisher\":{\"@id\":\"https:\/\/nordnesrepublikken.no\/#organization\"},\"potentialAction\":[{\"@type\":\"SearchAction\",\"target\":{\"@type\":\"EntryPoint\",\"urlTemplate\":\"https:\/\/nordnesrepublikken.no\/?s={search_term_string}\"},\"query-input\":{\"@type\":\"PropertyValueSpecification\",\"valueRequired\":true,\"valueName\":\"search_term_string\"}}],\"inLanguage\":\"nb-NO\"},{\"@type\":\"Organization\",\"@id\":\"https:\/\/nordnesrepublikken.no\/#organization\",\"name\":\"Nordnesrepublikken\",\"url\":\"https:\/\/nordnesrepublikken.no\/\",\"logo\":{\"@type\":\"ImageObject\",\"inLanguage\":\"nb-NO\",\"@id\":\"https:\/\/nordnesrepublikken.no\/#\/schema\/logo\/image\/\",\"url\":\"https:\/\/nordnesrepublikken.no\/wp-content\/uploads\/2025\/02\/cropped-nordnesrepublikken-2.png\",\"contentUrl\":\"https:\/\/nordnesrepublikken.no\/wp-content\/uploads\/2025\/02\/cropped-nordnesrepublikken-2.png\",\"width\":1248,\"height\":362,\"caption\":\"Nordnesrepublikken\"},\"image\":{\"@id\":\"https:\/\/nordnesrepublikken.no\/#\/schema\/logo\/image\/\"}},{\"@type\":\"Person\",\"@id\":\"https:\/\/nordnesrepublikken.no\/#\/schema\/person\/2e7e81935bab77882fffb79296240ff1\",\"name\":\"Ole Andersen\",\"image\":{\"@type\":\"ImageObject\",\"inLanguage\":\"nb-NO\",\"@id\":\"https:\/\/nordnesrepublikken.no\/#\/schema\/person\/image\/\",\"url\":\"https:\/\/nordnesrepublikken.no\/wp-content\/uploads\/2025\/02\/nordnesrepublikken-2-2-150x150.jpg\",\"contentUrl\":\"https:\/\/nordnesrepublikken.no\/wp-content\/uploads\/2025\/02\/nordnesrepublikken-2-2-150x150.jpg\",\"caption\":\"Ole Andersen\"},\"description\":\"Ettersom jeg vokste opp i Oslo, har jeg alltid v\u00e6rt fascinert av ordenes kraft og deres evne til \u00e5 skape endringer. Etter \u00e5 ha fullf\u00f8rt min utdannelse i kommunikasjon ved Universitetet i Bergen, fikk jeg muligheten til \u00e5 jobbe innen ulike medier, der jeg har s\u00f8kt \u00e5 belyse viktige samfunnssp\u00f8rsm\u00e5l. I dag, som redakt\u00f8r for Nordnesrepublikken, pr\u00f8ver jeg \u00e5 forene min kj\u00e6rlighet for journalistikk med min lidenskap for innovasjon og eventyr.\",\"sameAs\":[\"https:\/\/nordnesrepublikken.no\/\"]}]}<\/script>\n<!-- \/ Yoast SEO plugin. -->","yoast_head_json":{"title":"Turneringen opprettet av Federer som ga ikoniske \u00f8yeblikk - Nordnesrepublikken","robots":{"index":"index","follow":"follow","max-snippet":"max-snippet:-1","max-image-preview":"max-image-preview:large","max-video-preview":"max-video-preview:-1"},"canonical":"https:\/\/nordnesrepublikken.no\/index.php\/2025\/09\/21\/turneringen-opprettet-av-federer-som-ga-ikoniske-oyeblikk\/","og_locale":"nb_NO","og_type":"article","og_title":"Turneringen opprettet av Federer som ga ikoniske \u00f8yeblikk - Nordnesrepublikken","og_description":"Der Laver Cup Han vender tilbake til USA for sin \u00e5ttende utgave, planlagt fra 19.","og_url":"https:\/\/nordnesrepublikken.no\/index.php\/2025\/09\/21\/turneringen-opprettet-av-federer-som-ga-ikoniske-oyeblikk\/","og_site_name":"Nordnesrepublikken","article_published_time":"2025-09-21T06:49:42+00:00","article_modified_time":"2025-09-21T06:49:43+00:00","og_image":[{"width":555,"height":402,"url":"https:\/\/nordnesrepublikken.no\/wp-content\/uploads\/2025\/09\/1758437382_Turneringen-opprettet-av-Federer-som-ga-ikoniske-oyeblikk.jpg","type":"image\/jpeg"}],"author":"Ole Andersen","twitter_card":"summary_large_image","twitter_misc":{"Skrevet av":"Ole Andersen","Ansl. lesetid":"4 minutter"},"schema":{"@context":"https:\/\/schema.org","@graph":[{"@type":"Article","@id":"https:\/\/nordnesrepublikken.no\/index.php\/2025\/09\/21\/turneringen-opprettet-av-federer-som-ga-ikoniske-oyeblikk\/#article","isPartOf":{"@id":"https:\/\/nordnesrepublikken.no\/index.php\/2025\/09\/21\/turneringen-opprettet-av-federer-som-ga-ikoniske-oyeblikk\/"},"author":{"name":"Ole Andersen","@id":"https:\/\/nordnesrepublikken.no\/#\/schema\/person\/2e7e81935bab77882fffb79296240ff1"},"headline":"Turneringen opprettet av Federer som ga ikoniske \u00f8yeblikk","datePublished":"2025-09-21T06:49:42+00:00","dateModified":"2025-09-21T06:49:43+00:00","mainEntityOfPage":{"@id":"https:\/\/nordnesrepublikken.no\/index.php\/2025\/09\/21\/turneringen-opprettet-av-federer-som-ga-ikoniske-oyeblikk\/"},"wordCount":874,"publisher":{"@id":"https:\/\/nordnesrepublikken.no\/#organization"},"image":{"@id":"https:\/\/nordnesrepublikken.no\/index.php\/2025\/09\/21\/turneringen-opprettet-av-federer-som-ga-ikoniske-oyeblikk\/#primaryimage"},"thumbnailUrl":"https:\/\/nordnesrepublikken.no\/wp-content\/uploads\/2025\/09\/1758437382_Turneringen-opprettet-av-Federer-som-ga-ikoniske-oyeblikk.jpg","keywords":["Federer","ikoniske","Opprettet","\u00f8yeblikk","som","Turneringen"],"articleSection":["Samfunn"],"inLanguage":"nb-NO"},{"@type":"WebPage","@id":"https:\/\/nordnesrepublikken.no\/index.php\/2025\/09\/21\/turneringen-opprettet-av-federer-som-ga-ikoniske-oyeblikk\/","url":"https:\/\/nordnesrepublikken.no\/index.php\/2025\/09\/21\/turneringen-opprettet-av-federer-som-ga-ikoniske-oyeblikk\/","name":"Turneringen opprettet av Federer som ga ikoniske \u00f8yeblikk - Nordnesrepublikken","isPartOf":{"@id":"https:\/\/nordnesrepublikken.no\/#website"},"primaryImageOfPage":{"@id":"https:\/\/nordnesrepublikken.no\/index.php\/2025\/09\/21\/turneringen-opprettet-av-federer-som-ga-ikoniske-oyeblikk\/#primaryimage"},"image":{"@id":"https:\/\/nordnesrepublikken.no\/index.php\/2025\/09\/21\/turneringen-opprettet-av-federer-som-ga-ikoniske-oyeblikk\/#primaryimage"},"thumbnailUrl":"https:\/\/nordnesrepublikken.no\/wp-content\/uploads\/2025\/09\/1758437382_Turneringen-opprettet-av-Federer-som-ga-ikoniske-oyeblikk.jpg","datePublished":"2025-09-21T06:49:42+00:00","dateModified":"2025-09-21T06:49:43+00:00","breadcrumb":{"@id":"https:\/\/nordnesrepublikken.no\/index.php\/2025\/09\/21\/turneringen-opprettet-av-federer-som-ga-ikoniske-oyeblikk\/#breadcrumb"},"inLanguage":"nb-NO","potentialAction":[{"@type":"ReadAction","target":["https:\/\/nordnesrepublikken.no\/index.php\/2025\/09\/21\/turneringen-opprettet-av-federer-som-ga-ikoniske-oyeblikk\/"]}]},{"@type":"ImageObject","inLanguage":"nb-NO","@id":"https:\/\/nordnesrepublikken.no\/index.php\/2025\/09\/21\/turneringen-opprettet-av-federer-som-ga-ikoniske-oyeblikk\/#primaryimage","url":"https:\/\/nordnesrepublikken.no\/wp-content\/uploads\/2025\/09\/1758437382_Turneringen-opprettet-av-Federer-som-ga-ikoniske-oyeblikk.jpg","contentUrl":"https:\/\/nordnesrepublikken.no\/wp-content\/uploads\/2025\/09\/1758437382_Turneringen-opprettet-av-Federer-som-ga-ikoniske-oyeblikk.jpg","width":555,"height":402,"caption":"Rod Laver e Roger Federer con la Laver Cup. Da Twitter"},{"@type":"BreadcrumbList","@id":"https:\/\/nordnesrepublikken.no\/index.php\/2025\/09\/21\/turneringen-opprettet-av-federer-som-ga-ikoniske-oyeblikk\/#breadcrumb","itemListElement":[{"@type":"ListItem","position":1,"name":"Home","item":"https:\/\/nordnesrepublikken.no\/"},{"@type":"ListItem","position":2,"name":"Turneringen opprettet av Federer som ga ikoniske \u00f8yeblikk"}]},{"@type":"WebSite","@id":"https:\/\/nordnesrepublikken.no\/#website","url":"https:\/\/nordnesrepublikken.no\/","name":"Nordnesrepublikken","description":"Stemmer og Visjoner fra Republikkens Hjerte","publisher":{"@id":"https:\/\/nordnesrepublikken.no\/#organization"},"potentialAction":[{"@type":"SearchAction","target":{"@type":"EntryPoint","urlTemplate":"https:\/\/nordnesrepublikken.no\/?s={search_term_string}"},"query-input":{"@type":"PropertyValueSpecification","valueRequired":true,"valueName":"search_term_string"}}],"inLanguage":"nb-NO"},{"@type":"Organization","@id":"https:\/\/nordnesrepublikken.no\/#organization","name":"Nordnesrepublikken","url":"https:\/\/nordnesrepublikken.no\/","logo":{"@type":"ImageObject","inLanguage":"nb-NO","@id":"https:\/\/nordnesrepublikken.no\/#\/schema\/logo\/image\/","url":"https:\/\/nordnesrepublikken.no\/wp-content\/uploads\/2025\/02\/cropped-nordnesrepublikken-2.png","contentUrl":"https:\/\/nordnesrepublikken.no\/wp-content\/uploads\/2025\/02\/cropped-nordnesrepublikken-2.png","width":1248,"height":362,"caption":"Nordnesrepublikken"},"image":{"@id":"https:\/\/nordnesrepublikken.no\/#\/schema\/logo\/image\/"}},{"@type":"Person","@id":"https:\/\/nordnesrepublikken.no\/#\/schema\/person\/2e7e81935bab77882fffb79296240ff1","name":"Ole Andersen","image":{"@type":"ImageObject","inLanguage":"nb-NO","@id":"https:\/\/nordnesrepublikken.no\/#\/schema\/person\/image\/","url":"https:\/\/nordnesrepublikken.no\/wp-content\/uploads\/2025\/02\/nordnesrepublikken-2-2-150x150.jpg","contentUrl":"https:\/\/nordnesrepublikken.no\/wp-content\/uploads\/2025\/02\/nordnesrepublikken-2-2-150x150.jpg","caption":"Ole Andersen"},"description":"Ettersom jeg vokste opp i Oslo, har jeg alltid v\u00e6rt fascinert av ordenes kraft og deres evne til \u00e5 skape endringer. Etter \u00e5 ha fullf\u00f8rt min utdannelse i kommunikasjon ved Universitetet i Bergen, fikk jeg muligheten til \u00e5 jobbe innen ulike medier, der jeg har s\u00f8kt \u00e5 belyse viktige samfunnssp\u00f8rsm\u00e5l. I dag, som redakt\u00f8r for Nordnesrepublikken, pr\u00f8ver jeg \u00e5 forene min kj\u00e6rlighet for journalistikk med min lidenskap for innovasjon og eventyr.","sameAs":["https:\/\/nordnesrepublikken.no\/"]}]}},"_links":{"self":[{"href":"https:\/\/nordnesrepublikken.no\/index.php\/wp-json\/wp\/v2\/posts\/9785","targetHints":{"allow":["GET"]}}],"collection":[{"href":"https:\/\/nordnesrepublikken.no\/index.php\/wp-json\/wp\/v2\/posts"}],"about":[{"href":"https:\/\/nordnesrepublikken.no\/index.php\/wp-json\/wp\/v2\/types\/post"}],"author":[{"embeddable":true,"href":"https:\/\/nordnesrepublikken.no\/index.php\/wp-json\/wp\/v2\/users\/1"}],"replies":[{"embeddable":true,"href":"https:\/\/nordnesrepublikken.no\/index.php\/wp-json\/wp\/v2\/comments?post=9785"}],"version-history":[{"count":1,"href":"https:\/\/nordnesrepublikken.no\/index.php\/wp-json\/wp\/v2\/posts\/9785\/revisions"}],"predecessor-version":[{"id":9787,"href":"https:\/\/nordnesrepublikken.no\/index.php\/wp-json\/wp\/v2\/posts\/9785\/revisions\/9787"}],"wp:featuredmedia":[{"embeddable":true,"href":"https:\/\/nordnesrepublikken.no\/index.php\/wp-json\/wp\/v2\/media\/9786"}],"wp:attachment":[{"href":"https:\/\/nordnesrepublikken.no\/index.php\/wp-json\/wp\/v2\/media?parent=9785"}],"wp:term":[{"taxonomy":"category","embeddable":true,"href":"https:\/\/nordnesrepublikken.no\/index.php\/wp-json\/wp\/v2\/categories?post=9785"},{"taxonomy":"post_tag","embeddable":true,"href":"https:\/\/nordnesrepublikken.no\/index.php\/wp-json\/wp\/v2\/tags?post=9785"}],"curies":[{"name":"wp","href":"https:\/\/api.w.org\/{rel}","templated":true}]}}