{"id":9779,"date":"2025-09-20T22:49:42","date_gmt":"2025-09-20T20:49:42","guid":{"rendered":"https:\/\/nordnesrepublikken.no\/index.php\/2025\/09\/20\/pa-hvilket-tidspunkt-og-hvordan-du-ser-den-delvise-solformorkelsen-21-september\/"},"modified":"2025-09-20T22:49:43","modified_gmt":"2025-09-20T20:49:43","slug":"pa-hvilket-tidspunkt-og-hvordan-du-ser-den-delvise-solformorkelsen-21-september","status":"publish","type":"post","link":"https:\/\/nordnesrepublikken.no\/index.php\/2025\/09\/20\/pa-hvilket-tidspunkt-og-hvordan-du-ser-den-delvise-solformorkelsen-21-september\/","title":{"rendered":"P\u00e5 hvilket tidspunkt og hvordan du ser den delvise solform\u00f8rkelsen 21. september"},"content":{"rendered":"<div>\n<div class=\"cp_wrapper cp_wrapper--fw mb-30 mb-20@tablet\">\n<figure class=\"mm\"><picture class=\"img\" style=\"padding-top:56.25%\"><source  media=\"(min-width: 1024px)\"><source  media=\"(min-width: 768px)\"><\/source><\/source><\/picture><\/figure>\n<\/p><\/div>\n<p>DE&#8217;<strong>Delvis solform\u00f8rkelse av 21. september 2025<\/strong> Det er en av de mest etterlengtede astronomiske hendelsene i \u00e5r, ogs\u00e5 p\u00e5 grunn av det faktum at det vil skje n\u00e6r <strong>H\u00f8stsolverv <\/strong>som forventes neste dag. Dessverre vil showet til solform\u00f8rkelsen v\u00e6re synlig i en del av verden som ikke er veldig bebodd: maksimal dekning av solskiven til<strong>80%<\/strong> vil finne sted utenfor den s\u00f8rlige kysten av <strong>New Zealand<\/strong>halvveis mellom nasjonen Oceania og Antarktis.<\/p>\n<p>Det vil v\u00e6re rundt 16,6 millioner mennesker som vil delta p\u00e5 minst en del av det astronomiske fenomenet, men bare 409 000 de som vil se et deksel st\u00f8rre enn 70%, hovedsakelig i den s\u00f8rlige delen av New Zealand (men ogs\u00e5 p\u00e5 den italienske uber\u00f8ringen i Antarktis, den <strong>Marco Zucchelli stasjon<\/strong>). De som ikke kan delta p\u00e5 form\u00f8rkelsen personlig, vil fortsatt kunne se den p\u00e5 avstand gjennom de mange <strong>Direkte online<\/strong>som referanseportalen <em>Timeanddate.com<\/em>.<\/p>\n<p><a href=\"https:\/\/www.youtube.com\/watch?v=frokepop1c4\">https:\/\/www.youtube.com\/watch?v=frokepop1c4<\/a><\/p>\n<p>Dekningen av solskiven vil begynne n\u00e5r i Italia vil v\u00e6re <strong>19:29<\/strong>. For \u00e5 observere det beste \u00f8yeblikket av form\u00f8rkelsen, vil det imidlertid v\u00e6re n\u00f8dvendig \u00e5 vente p\u00e5 <strong>21:41 italiensk<\/strong>n\u00e5r du n\u00e5r m\u00e5nen vil bli n\u00e5dd, vil den maksimale overflaten p\u00e5 solskiven (ca. 80%) dekke. Den endelige enden av form\u00f8rkelsen vil v\u00e6re p\u00e5 <strong>23:53 italiensk<\/strong>.<\/p>\n<p>Fenomenet solform\u00f8rkelse oppst\u00e5r n\u00e5r sol, m\u00e5ne og jord er p\u00e5 linje, med v\u00e5r satellitt mellom planeten v\u00e5r og v\u00e5r stjerne. Avhengig av hvor presis justeringen er og hvor mye m\u00e5nen er langt fra oss, kan tre typer form\u00f8rkelser oppst\u00e5: <strong>total<\/strong> (der all solskiven er dekket), <strong>ringformet<\/strong> (der justeringen er presis, men m\u00e5nen er fjernere fra oss og virker derfor for liten til \u00e5 dekke solen i sin helhet) og <strong>delvis<\/strong> (der justeringen ikke er presis nok slik at m\u00e5nen dekker solen fullstendig). Den neste totale solform\u00f8rkelsen forventes for <strong>12. august 2026<\/strong>selv om helheten bare vil v\u00e6re synlig i Spania (her i Italia vil det v\u00e6re en delvis form\u00f8rkelse). Imidlertid vil det v\u00e6re den f\u00f8rste totale form\u00f8rkelsen i Europa etter den i 1999.<\/p>\n<\/p><\/div>\n","protected":false},"excerpt":{"rendered":"<p>DE&#8217;Delvis solform\u00f8rkelse av 21. september 2025 Det er en av de mest etterlengtede astronomiske hendelsene<\/p>\n","protected":false},"author":1,"featured_media":9780,"comment_status":"closed","ping_status":"open","sticky":false,"template":"","format":"standard","meta":{"footnotes":""},"categories":[26],"tags":[6393,74,3454,112,81,4418,294,4350,3455],"class_list":["post-9779","post","type-post","status-publish","format-standard","has-post-thumbnail","hentry","category-miljo","tag-delvise","tag-den","tag-hvilket","tag-hvordan","tag-pa","tag-september","tag-ser","tag-solformorkelsen","tag-tidspunkt","generate-columns","tablet-grid-50","mobile-grid-100","grid-parent","grid-33","resize-featured-image"],"yoast_head":"<!-- This site is optimized with the Yoast SEO plugin v24.4 - https:\/\/yoast.com\/wordpress\/plugins\/seo\/ -->\n<title>P\u00e5 hvilket tidspunkt og hvordan du ser den delvise solform\u00f8rkelsen 21. september - Nordnesrepublikken<\/title>\n<meta name=\"robots\" content=\"index, follow, max-snippet:-1, max-image-preview:large, max-video-preview:-1\" \/>\n<link rel=\"canonical\" href=\"https:\/\/nordnesrepublikken.no\/index.php\/2025\/09\/20\/pa-hvilket-tidspunkt-og-hvordan-du-ser-den-delvise-solformorkelsen-21-september\/\" \/>\n<meta property=\"og:locale\" content=\"nb_NO\" \/>\n<meta property=\"og:type\" content=\"article\" \/>\n<meta property=\"og:title\" content=\"P\u00e5 hvilket tidspunkt og hvordan du ser den delvise solform\u00f8rkelsen 21. september - Nordnesrepublikken\" \/>\n<meta property=\"og:description\" content=\"DE&#8217;Delvis solform\u00f8rkelse av 21. september 2025 Det er en av de mest etterlengtede astronomiske hendelsene\" \/>\n<meta property=\"og:url\" content=\"https:\/\/nordnesrepublikken.no\/index.php\/2025\/09\/20\/pa-hvilket-tidspunkt-og-hvordan-du-ser-den-delvise-solformorkelsen-21-september\/\" \/>\n<meta property=\"og:site_name\" content=\"Nordnesrepublikken\" \/>\n<meta property=\"article:published_time\" content=\"2025-09-20T20:49:42+00:00\" \/>\n<meta property=\"article:modified_time\" content=\"2025-09-20T20:49:43+00:00\" \/>\n<meta property=\"og:image\" content=\"https:\/\/nordnesrepublikken.no\/wp-content\/uploads\/2025\/09\/1758401383_Pa-hvilket-tidspunkt-og-hvordan-du-ser-den-delvise-solformorkelsen.jpg\" \/>\n\t<meta property=\"og:image:width\" content=\"1224\" \/>\n\t<meta property=\"og:image:height\" content=\"876\" \/>\n\t<meta property=\"og:image:type\" content=\"image\/jpeg\" \/>\n<meta name=\"author\" content=\"Ole Andersen\" \/>\n<meta name=\"twitter:card\" content=\"summary_large_image\" \/>\n<meta name=\"twitter:label1\" content=\"Skrevet av\" \/>\n\t<meta name=\"twitter:data1\" content=\"Ole Andersen\" \/>\n\t<meta name=\"twitter:label2\" content=\"Ansl. lesetid\" \/>\n\t<meta name=\"twitter:data2\" content=\"2 minutter\" \/>\n<script type=\"application\/ld+json\" class=\"yoast-schema-graph\">{\"@context\":\"https:\/\/schema.org\",\"@graph\":[{\"@type\":\"Article\",\"@id\":\"https:\/\/nordnesrepublikken.no\/index.php\/2025\/09\/20\/pa-hvilket-tidspunkt-og-hvordan-du-ser-den-delvise-solformorkelsen-21-september\/#article\",\"isPartOf\":{\"@id\":\"https:\/\/nordnesrepublikken.no\/index.php\/2025\/09\/20\/pa-hvilket-tidspunkt-og-hvordan-du-ser-den-delvise-solformorkelsen-21-september\/\"},\"author\":{\"name\":\"Ole Andersen\",\"@id\":\"https:\/\/nordnesrepublikken.no\/#\/schema\/person\/2e7e81935bab77882fffb79296240ff1\"},\"headline\":\"P\u00e5 hvilket tidspunkt og hvordan du ser den delvise solform\u00f8rkelsen 21. september\",\"datePublished\":\"2025-09-20T20:49:42+00:00\",\"dateModified\":\"2025-09-20T20:49:43+00:00\",\"mainEntityOfPage\":{\"@id\":\"https:\/\/nordnesrepublikken.no\/index.php\/2025\/09\/20\/pa-hvilket-tidspunkt-og-hvordan-du-ser-den-delvise-solformorkelsen-21-september\/\"},\"wordCount\":368,\"publisher\":{\"@id\":\"https:\/\/nordnesrepublikken.no\/#organization\"},\"image\":{\"@id\":\"https:\/\/nordnesrepublikken.no\/index.php\/2025\/09\/20\/pa-hvilket-tidspunkt-og-hvordan-du-ser-den-delvise-solformorkelsen-21-september\/#primaryimage\"},\"thumbnailUrl\":\"https:\/\/nordnesrepublikken.no\/wp-content\/uploads\/2025\/09\/1758401383_Pa-hvilket-tidspunkt-og-hvordan-du-ser-den-delvise-solformorkelsen.jpg\",\"keywords\":[\"delvise\",\"den\",\"hvilket\",\"Hvordan\",\"p\u00e5\",\"september\",\"ser\",\"solform\u00f8rkelsen\",\"tidspunkt\"],\"articleSection\":[\"Milj\u00f8\"],\"inLanguage\":\"nb-NO\"},{\"@type\":\"WebPage\",\"@id\":\"https:\/\/nordnesrepublikken.no\/index.php\/2025\/09\/20\/pa-hvilket-tidspunkt-og-hvordan-du-ser-den-delvise-solformorkelsen-21-september\/\",\"url\":\"https:\/\/nordnesrepublikken.no\/index.php\/2025\/09\/20\/pa-hvilket-tidspunkt-og-hvordan-du-ser-den-delvise-solformorkelsen-21-september\/\",\"name\":\"P\u00e5 hvilket tidspunkt og hvordan du ser den delvise solform\u00f8rkelsen 21. september - Nordnesrepublikken\",\"isPartOf\":{\"@id\":\"https:\/\/nordnesrepublikken.no\/#website\"},\"primaryImageOfPage\":{\"@id\":\"https:\/\/nordnesrepublikken.no\/index.php\/2025\/09\/20\/pa-hvilket-tidspunkt-og-hvordan-du-ser-den-delvise-solformorkelsen-21-september\/#primaryimage\"},\"image\":{\"@id\":\"https:\/\/nordnesrepublikken.no\/index.php\/2025\/09\/20\/pa-hvilket-tidspunkt-og-hvordan-du-ser-den-delvise-solformorkelsen-21-september\/#primaryimage\"},\"thumbnailUrl\":\"https:\/\/nordnesrepublikken.no\/wp-content\/uploads\/2025\/09\/1758401383_Pa-hvilket-tidspunkt-og-hvordan-du-ser-den-delvise-solformorkelsen.jpg\",\"datePublished\":\"2025-09-20T20:49:42+00:00\",\"dateModified\":\"2025-09-20T20:49:43+00:00\",\"breadcrumb\":{\"@id\":\"https:\/\/nordnesrepublikken.no\/index.php\/2025\/09\/20\/pa-hvilket-tidspunkt-og-hvordan-du-ser-den-delvise-solformorkelsen-21-september\/#breadcrumb\"},\"inLanguage\":\"nb-NO\",\"potentialAction\":[{\"@type\":\"ReadAction\",\"target\":[\"https:\/\/nordnesrepublikken.no\/index.php\/2025\/09\/20\/pa-hvilket-tidspunkt-og-hvordan-du-ser-den-delvise-solformorkelsen-21-september\/\"]}]},{\"@type\":\"ImageObject\",\"inLanguage\":\"nb-NO\",\"@id\":\"https:\/\/nordnesrepublikken.no\/index.php\/2025\/09\/20\/pa-hvilket-tidspunkt-og-hvordan-du-ser-den-delvise-solformorkelsen-21-september\/#primaryimage\",\"url\":\"https:\/\/nordnesrepublikken.no\/wp-content\/uploads\/2025\/09\/1758401383_Pa-hvilket-tidspunkt-og-hvordan-du-ser-den-delvise-solformorkelsen.jpg\",\"contentUrl\":\"https:\/\/nordnesrepublikken.no\/wp-content\/uploads\/2025\/09\/1758401383_Pa-hvilket-tidspunkt-og-hvordan-du-ser-den-delvise-solformorkelsen.jpg\",\"width\":1224,\"height\":876,\"caption\":\"eclissi solare parziale\"},{\"@type\":\"BreadcrumbList\",\"@id\":\"https:\/\/nordnesrepublikken.no\/index.php\/2025\/09\/20\/pa-hvilket-tidspunkt-og-hvordan-du-ser-den-delvise-solformorkelsen-21-september\/#breadcrumb\",\"itemListElement\":[{\"@type\":\"ListItem\",\"position\":1,\"name\":\"Home\",\"item\":\"https:\/\/nordnesrepublikken.no\/\"},{\"@type\":\"ListItem\",\"position\":2,\"name\":\"P\u00e5 hvilket tidspunkt og hvordan du ser den delvise solform\u00f8rkelsen 21. september\"}]},{\"@type\":\"WebSite\",\"@id\":\"https:\/\/nordnesrepublikken.no\/#website\",\"url\":\"https:\/\/nordnesrepublikken.no\/\",\"name\":\"Nordnesrepublikken\",\"description\":\"Stemmer og Visjoner fra Republikkens Hjerte\",\"publisher\":{\"@id\":\"https:\/\/nordnesrepublikken.no\/#organization\"},\"potentialAction\":[{\"@type\":\"SearchAction\",\"target\":{\"@type\":\"EntryPoint\",\"urlTemplate\":\"https:\/\/nordnesrepublikken.no\/?s={search_term_string}\"},\"query-input\":{\"@type\":\"PropertyValueSpecification\",\"valueRequired\":true,\"valueName\":\"search_term_string\"}}],\"inLanguage\":\"nb-NO\"},{\"@type\":\"Organization\",\"@id\":\"https:\/\/nordnesrepublikken.no\/#organization\",\"name\":\"Nordnesrepublikken\",\"url\":\"https:\/\/nordnesrepublikken.no\/\",\"logo\":{\"@type\":\"ImageObject\",\"inLanguage\":\"nb-NO\",\"@id\":\"https:\/\/nordnesrepublikken.no\/#\/schema\/logo\/image\/\",\"url\":\"https:\/\/nordnesrepublikken.no\/wp-content\/uploads\/2025\/02\/cropped-nordnesrepublikken-2.png\",\"contentUrl\":\"https:\/\/nordnesrepublikken.no\/wp-content\/uploads\/2025\/02\/cropped-nordnesrepublikken-2.png\",\"width\":1248,\"height\":362,\"caption\":\"Nordnesrepublikken\"},\"image\":{\"@id\":\"https:\/\/nordnesrepublikken.no\/#\/schema\/logo\/image\/\"}},{\"@type\":\"Person\",\"@id\":\"https:\/\/nordnesrepublikken.no\/#\/schema\/person\/2e7e81935bab77882fffb79296240ff1\",\"name\":\"Ole Andersen\",\"image\":{\"@type\":\"ImageObject\",\"inLanguage\":\"nb-NO\",\"@id\":\"https:\/\/nordnesrepublikken.no\/#\/schema\/person\/image\/\",\"url\":\"https:\/\/nordnesrepublikken.no\/wp-content\/uploads\/2025\/02\/nordnesrepublikken-2-2-150x150.jpg\",\"contentUrl\":\"https:\/\/nordnesrepublikken.no\/wp-content\/uploads\/2025\/02\/nordnesrepublikken-2-2-150x150.jpg\",\"caption\":\"Ole Andersen\"},\"description\":\"Ettersom jeg vokste opp i Oslo, har jeg alltid v\u00e6rt fascinert av ordenes kraft og deres evne til \u00e5 skape endringer. Etter \u00e5 ha fullf\u00f8rt min utdannelse i kommunikasjon ved Universitetet i Bergen, fikk jeg muligheten til \u00e5 jobbe innen ulike medier, der jeg har s\u00f8kt \u00e5 belyse viktige samfunnssp\u00f8rsm\u00e5l. I dag, som redakt\u00f8r for Nordnesrepublikken, pr\u00f8ver jeg \u00e5 forene min kj\u00e6rlighet for journalistikk med min lidenskap for innovasjon og eventyr.\",\"sameAs\":[\"https:\/\/nordnesrepublikken.no\/\"]}]}<\/script>\n<!-- \/ Yoast SEO plugin. -->","yoast_head_json":{"title":"P\u00e5 hvilket tidspunkt og hvordan du ser den delvise solform\u00f8rkelsen 21. september - Nordnesrepublikken","robots":{"index":"index","follow":"follow","max-snippet":"max-snippet:-1","max-image-preview":"max-image-preview:large","max-video-preview":"max-video-preview:-1"},"canonical":"https:\/\/nordnesrepublikken.no\/index.php\/2025\/09\/20\/pa-hvilket-tidspunkt-og-hvordan-du-ser-den-delvise-solformorkelsen-21-september\/","og_locale":"nb_NO","og_type":"article","og_title":"P\u00e5 hvilket tidspunkt og hvordan du ser den delvise solform\u00f8rkelsen 21. september - Nordnesrepublikken","og_description":"DE&#8217;Delvis solform\u00f8rkelse av 21. september 2025 Det er en av de mest etterlengtede astronomiske hendelsene","og_url":"https:\/\/nordnesrepublikken.no\/index.php\/2025\/09\/20\/pa-hvilket-tidspunkt-og-hvordan-du-ser-den-delvise-solformorkelsen-21-september\/","og_site_name":"Nordnesrepublikken","article_published_time":"2025-09-20T20:49:42+00:00","article_modified_time":"2025-09-20T20:49:43+00:00","og_image":[{"width":1224,"height":876,"url":"https:\/\/nordnesrepublikken.no\/wp-content\/uploads\/2025\/09\/1758401383_Pa-hvilket-tidspunkt-og-hvordan-du-ser-den-delvise-solformorkelsen.jpg","type":"image\/jpeg"}],"author":"Ole Andersen","twitter_card":"summary_large_image","twitter_misc":{"Skrevet av":"Ole Andersen","Ansl. lesetid":"2 minutter"},"schema":{"@context":"https:\/\/schema.org","@graph":[{"@type":"Article","@id":"https:\/\/nordnesrepublikken.no\/index.php\/2025\/09\/20\/pa-hvilket-tidspunkt-og-hvordan-du-ser-den-delvise-solformorkelsen-21-september\/#article","isPartOf":{"@id":"https:\/\/nordnesrepublikken.no\/index.php\/2025\/09\/20\/pa-hvilket-tidspunkt-og-hvordan-du-ser-den-delvise-solformorkelsen-21-september\/"},"author":{"name":"Ole Andersen","@id":"https:\/\/nordnesrepublikken.no\/#\/schema\/person\/2e7e81935bab77882fffb79296240ff1"},"headline":"P\u00e5 hvilket tidspunkt og hvordan du ser den delvise solform\u00f8rkelsen 21. september","datePublished":"2025-09-20T20:49:42+00:00","dateModified":"2025-09-20T20:49:43+00:00","mainEntityOfPage":{"@id":"https:\/\/nordnesrepublikken.no\/index.php\/2025\/09\/20\/pa-hvilket-tidspunkt-og-hvordan-du-ser-den-delvise-solformorkelsen-21-september\/"},"wordCount":368,"publisher":{"@id":"https:\/\/nordnesrepublikken.no\/#organization"},"image":{"@id":"https:\/\/nordnesrepublikken.no\/index.php\/2025\/09\/20\/pa-hvilket-tidspunkt-og-hvordan-du-ser-den-delvise-solformorkelsen-21-september\/#primaryimage"},"thumbnailUrl":"https:\/\/nordnesrepublikken.no\/wp-content\/uploads\/2025\/09\/1758401383_Pa-hvilket-tidspunkt-og-hvordan-du-ser-den-delvise-solformorkelsen.jpg","keywords":["delvise","den","hvilket","Hvordan","p\u00e5","september","ser","solform\u00f8rkelsen","tidspunkt"],"articleSection":["Milj\u00f8"],"inLanguage":"nb-NO"},{"@type":"WebPage","@id":"https:\/\/nordnesrepublikken.no\/index.php\/2025\/09\/20\/pa-hvilket-tidspunkt-og-hvordan-du-ser-den-delvise-solformorkelsen-21-september\/","url":"https:\/\/nordnesrepublikken.no\/index.php\/2025\/09\/20\/pa-hvilket-tidspunkt-og-hvordan-du-ser-den-delvise-solformorkelsen-21-september\/","name":"P\u00e5 hvilket tidspunkt og hvordan du ser den delvise solform\u00f8rkelsen 21. september - Nordnesrepublikken","isPartOf":{"@id":"https:\/\/nordnesrepublikken.no\/#website"},"primaryImageOfPage":{"@id":"https:\/\/nordnesrepublikken.no\/index.php\/2025\/09\/20\/pa-hvilket-tidspunkt-og-hvordan-du-ser-den-delvise-solformorkelsen-21-september\/#primaryimage"},"image":{"@id":"https:\/\/nordnesrepublikken.no\/index.php\/2025\/09\/20\/pa-hvilket-tidspunkt-og-hvordan-du-ser-den-delvise-solformorkelsen-21-september\/#primaryimage"},"thumbnailUrl":"https:\/\/nordnesrepublikken.no\/wp-content\/uploads\/2025\/09\/1758401383_Pa-hvilket-tidspunkt-og-hvordan-du-ser-den-delvise-solformorkelsen.jpg","datePublished":"2025-09-20T20:49:42+00:00","dateModified":"2025-09-20T20:49:43+00:00","breadcrumb":{"@id":"https:\/\/nordnesrepublikken.no\/index.php\/2025\/09\/20\/pa-hvilket-tidspunkt-og-hvordan-du-ser-den-delvise-solformorkelsen-21-september\/#breadcrumb"},"inLanguage":"nb-NO","potentialAction":[{"@type":"ReadAction","target":["https:\/\/nordnesrepublikken.no\/index.php\/2025\/09\/20\/pa-hvilket-tidspunkt-og-hvordan-du-ser-den-delvise-solformorkelsen-21-september\/"]}]},{"@type":"ImageObject","inLanguage":"nb-NO","@id":"https:\/\/nordnesrepublikken.no\/index.php\/2025\/09\/20\/pa-hvilket-tidspunkt-og-hvordan-du-ser-den-delvise-solformorkelsen-21-september\/#primaryimage","url":"https:\/\/nordnesrepublikken.no\/wp-content\/uploads\/2025\/09\/1758401383_Pa-hvilket-tidspunkt-og-hvordan-du-ser-den-delvise-solformorkelsen.jpg","contentUrl":"https:\/\/nordnesrepublikken.no\/wp-content\/uploads\/2025\/09\/1758401383_Pa-hvilket-tidspunkt-og-hvordan-du-ser-den-delvise-solformorkelsen.jpg","width":1224,"height":876,"caption":"eclissi solare parziale"},{"@type":"BreadcrumbList","@id":"https:\/\/nordnesrepublikken.no\/index.php\/2025\/09\/20\/pa-hvilket-tidspunkt-og-hvordan-du-ser-den-delvise-solformorkelsen-21-september\/#breadcrumb","itemListElement":[{"@type":"ListItem","position":1,"name":"Home","item":"https:\/\/nordnesrepublikken.no\/"},{"@type":"ListItem","position":2,"name":"P\u00e5 hvilket tidspunkt og hvordan du ser den delvise solform\u00f8rkelsen 21. september"}]},{"@type":"WebSite","@id":"https:\/\/nordnesrepublikken.no\/#website","url":"https:\/\/nordnesrepublikken.no\/","name":"Nordnesrepublikken","description":"Stemmer og Visjoner fra Republikkens Hjerte","publisher":{"@id":"https:\/\/nordnesrepublikken.no\/#organization"},"potentialAction":[{"@type":"SearchAction","target":{"@type":"EntryPoint","urlTemplate":"https:\/\/nordnesrepublikken.no\/?s={search_term_string}"},"query-input":{"@type":"PropertyValueSpecification","valueRequired":true,"valueName":"search_term_string"}}],"inLanguage":"nb-NO"},{"@type":"Organization","@id":"https:\/\/nordnesrepublikken.no\/#organization","name":"Nordnesrepublikken","url":"https:\/\/nordnesrepublikken.no\/","logo":{"@type":"ImageObject","inLanguage":"nb-NO","@id":"https:\/\/nordnesrepublikken.no\/#\/schema\/logo\/image\/","url":"https:\/\/nordnesrepublikken.no\/wp-content\/uploads\/2025\/02\/cropped-nordnesrepublikken-2.png","contentUrl":"https:\/\/nordnesrepublikken.no\/wp-content\/uploads\/2025\/02\/cropped-nordnesrepublikken-2.png","width":1248,"height":362,"caption":"Nordnesrepublikken"},"image":{"@id":"https:\/\/nordnesrepublikken.no\/#\/schema\/logo\/image\/"}},{"@type":"Person","@id":"https:\/\/nordnesrepublikken.no\/#\/schema\/person\/2e7e81935bab77882fffb79296240ff1","name":"Ole Andersen","image":{"@type":"ImageObject","inLanguage":"nb-NO","@id":"https:\/\/nordnesrepublikken.no\/#\/schema\/person\/image\/","url":"https:\/\/nordnesrepublikken.no\/wp-content\/uploads\/2025\/02\/nordnesrepublikken-2-2-150x150.jpg","contentUrl":"https:\/\/nordnesrepublikken.no\/wp-content\/uploads\/2025\/02\/nordnesrepublikken-2-2-150x150.jpg","caption":"Ole Andersen"},"description":"Ettersom jeg vokste opp i Oslo, har jeg alltid v\u00e6rt fascinert av ordenes kraft og deres evne til \u00e5 skape endringer. Etter \u00e5 ha fullf\u00f8rt min utdannelse i kommunikasjon ved Universitetet i Bergen, fikk jeg muligheten til \u00e5 jobbe innen ulike medier, der jeg har s\u00f8kt \u00e5 belyse viktige samfunnssp\u00f8rsm\u00e5l. I dag, som redakt\u00f8r for Nordnesrepublikken, pr\u00f8ver jeg \u00e5 forene min kj\u00e6rlighet for journalistikk med min lidenskap for innovasjon og eventyr.","sameAs":["https:\/\/nordnesrepublikken.no\/"]}]}},"_links":{"self":[{"href":"https:\/\/nordnesrepublikken.no\/index.php\/wp-json\/wp\/v2\/posts\/9779","targetHints":{"allow":["GET"]}}],"collection":[{"href":"https:\/\/nordnesrepublikken.no\/index.php\/wp-json\/wp\/v2\/posts"}],"about":[{"href":"https:\/\/nordnesrepublikken.no\/index.php\/wp-json\/wp\/v2\/types\/post"}],"author":[{"embeddable":true,"href":"https:\/\/nordnesrepublikken.no\/index.php\/wp-json\/wp\/v2\/users\/1"}],"replies":[{"embeddable":true,"href":"https:\/\/nordnesrepublikken.no\/index.php\/wp-json\/wp\/v2\/comments?post=9779"}],"version-history":[{"count":1,"href":"https:\/\/nordnesrepublikken.no\/index.php\/wp-json\/wp\/v2\/posts\/9779\/revisions"}],"predecessor-version":[{"id":9781,"href":"https:\/\/nordnesrepublikken.no\/index.php\/wp-json\/wp\/v2\/posts\/9779\/revisions\/9781"}],"wp:featuredmedia":[{"embeddable":true,"href":"https:\/\/nordnesrepublikken.no\/index.php\/wp-json\/wp\/v2\/media\/9780"}],"wp:attachment":[{"href":"https:\/\/nordnesrepublikken.no\/index.php\/wp-json\/wp\/v2\/media?parent=9779"}],"wp:term":[{"taxonomy":"category","embeddable":true,"href":"https:\/\/nordnesrepublikken.no\/index.php\/wp-json\/wp\/v2\/categories?post=9779"},{"taxonomy":"post_tag","embeddable":true,"href":"https:\/\/nordnesrepublikken.no\/index.php\/wp-json\/wp\/v2\/tags?post=9779"}],"curies":[{"name":"wp","href":"https:\/\/api.w.org\/{rel}","templated":true}]}}