{"id":9773,"date":"2025-09-20T18:49:38","date_gmt":"2025-09-20T16:49:38","guid":{"rendered":"https:\/\/nordnesrepublikken.no\/index.php\/2025\/09\/20\/den-utrolige-historien-om-amoretti-brodrene\/"},"modified":"2025-09-20T18:49:39","modified_gmt":"2025-09-20T16:49:39","slug":"den-utrolige-historien-om-amoretti-brodrene","status":"publish","type":"post","link":"https:\/\/nordnesrepublikken.no\/index.php\/2025\/09\/20\/den-utrolige-historien-om-amoretti-brodrene\/","title":{"rendered":"Den utrolige historien om Amoretti -br\u00f8drene"},"content":{"rendered":"<div>\n<div class=\"cp_wrapper cp_wrapper--fw mb-30 mb-20@tablet\">\n<figure class=\"mm\"><picture class=\"img\" style=\"padding-top:56.25%\"><source  media=\"(min-width: 1024px)\"><source  media=\"(min-width: 768px)\"><\/source><\/source><\/picture><\/figure>\n<\/p><\/div>\n<p><strong>Kryss av Atlanterhavet ombord to flytende biler, <\/strong>En passat fra 87 og en taunus fra 81: det er et selskap som ser ut til \u00e5 ha kommet ut av en surrealistisk roman, men i 1999,<strong> Br\u00f8drene Amoretti og vennen Marcolino de Candia<\/strong> De forvandlet dr\u00f8mmen om en syk far faktisk. Det var en reise av <strong>119 dager <\/strong>Midt i havet, mellom b\u00f8lger, orkaner og stillheter, som endte med en triumferende landing i Martinica. Likevel har dette ekstraordin\u00e6re eventyret nesten forsvunnet fra det kollektive minnet.<\/p>\n<h2>En dr\u00f8m som heter &laquo;bil&raquo;<\/h2>\n<p>Alt er f\u00f8dt med <strong>Giorgio Amoretti<\/strong>fotojournalist og fri \u00e5nd som allerede i 1978 hadde pr\u00f8vd \u00e5 krysse havet med en <strong>Volkswagen Beetle fylt med polystyren<\/strong>men myndighetene stoppet ham. 20 \u00e5r senere, n\u00e5r en svulst blir diagnostisert, barna <strong>Marco, Mauro og Fabio<\/strong> De bestemmer seg for <strong>realiserer dr\u00f8mmen hans<\/strong>. Med vennen <strong>Marcolino de Candia<\/strong>forbered to spesielle biler: en <strong>Volkswagen Passat p\u00e5 87<\/strong> og en <strong>Ford Taunus p\u00e5 81<\/strong>fylt med utvidet polyuretan og modifisert med improviserte seil, solcellepaneler og redningsfl\u00e5ter.<\/p>\n<p>De <strong>4. mai 1999<\/strong>Ved daggry forlater de fire eventyrerne palmetreet i kanariene. For \u00e5 unnslippe sivilvakten velger de stillhet: noen f\u00e5 slag med p\u00e5hengsmotor, deretter bort, alene <strong>Vind og str\u00f8mmer<\/strong> for \u00e5 veilede dem. Ideen om \u00e5 bruke en <strong>Ascense fallskjerm<\/strong> Som et drivende seil viste han seg upraktisk, s\u00e5 Marcolino monterte noen <strong>Lykke seil<\/strong> Gjenopprettet i Liguria. Etter ti dager nesten ubevegelig p\u00e5 grunn av str\u00f8mningene, kollapser moralen: <strong>14. mai<\/strong>Fabio og Mauro forlater selskapet, reddet av et helikopter. De forblir alene <strong>Marco <\/strong>(23 \u00e5r) e <strong>Marcolino <\/strong>(21), klar til \u00e5 utfordre havet med styrken til ungdom og bevisstl\u00f8shet i visjon\u00e6rene.<\/p>\n<div class=\"cp_wrapper cp_wrapper--fw mb-50\">\n<figure class=\"mm\"><picture class=\"img\" style=\"padding-top:58.333333333333%\"><source  media=\"(min-width: 1024px)\"><source  media=\"(min-width: 768px)\"><img decoding=\"async\" loading=\"lazy\" src=\"https:\/\/nordnesrepublikken.no\/wp-content\/uploads\/2025\/09\/1758386977_594_Den-utrolige-historien-om-Amoretti-brodrene.jpg\" alt=\"Automare amoretti seildetaljer\" width=\"480\" height=\"280\"\/><\/source><\/source><\/picture><\/figure>\n<\/p><\/div>\n<h2>Det vanvittige eventyret mellom m\u00f8ter og overlevelse<\/h2>\n<p>For de to igjen blir havet en verden fra hverandre. Marco skriver p\u00e5 dagboken, Marcolino Medita. Langt fra alt, de f\u00f8ler at de er <strong>fri fra et samfunn som ikke representerer dem<\/strong>. Men krysset er ikke idyllisk: biler <strong>De legger ut vann<\/strong>satellitt -telefonen sl\u00e5r seg av, og Atlantic Storm truer ruten deres hver dag. I mellomtiden, p\u00e5 bakken, st\u00e5r amorettifamilien overfor smertene: den <strong>28. mai Giorgio d\u00f8r<\/strong>. Nyheten blir ikke umiddelbart kommunisert til guttene av frykt for at de destabiliserer dem.<\/p>\n<p>Til tross for vanskene, viser &laquo;bilen&raquo; seg overraskende solid. Til og med<strong>Orkanen Emily<\/strong> Jeg redder dem. Al <strong>108. havets dag<\/strong>de to m\u00f8ter <strong>Chevron Atlantic Oil Tanker<\/strong>: Kommand\u00f8ren, truffet av bedriften, kaster mat og vann i havet som Marco gjenoppretter for \u00e5 sv\u00f8mme. Det er signalet om at <strong>Land er i n\u00e6rheten<\/strong>.<\/p>\n<div class=\"cp_wrapper cp_wrapper--fw mb-50\">\n<figure class=\"mm\"><picture class=\"img\" style=\"padding-top:60%\"><source  media=\"(min-width: 1024px)\"><source  media=\"(min-width: 768px)\"><img decoding=\"async\" loading=\"lazy\" src=\"https:\/\/nordnesrepublikken.no\/wp-content\/uploads\/2025\/09\/1758386978_189_Den-utrolige-historien-om-Amoretti-brodrene.jpg\" alt=\"De to Marco Amoretti\" width=\"480\" height=\"288\" class=\"js-seedtag-img\"\/><\/source><\/source><\/picture><\/figure>\n<\/p><\/div>\n<p>De <strong>31. august 1999<\/strong>Etter <strong>119 dager med havet<\/strong>Marco og Marcolino lander i <strong>Port Tartane<\/strong>i Martinica. Opprinnelig og familiemedlemmer venter p\u00e5 dem. Ved den anledningen bestemmer moren Serenella seg til slutt \u00e5 avsl\u00f8re farens d\u00f8d for Marco. Velkommen er seirende, men \u00e6ren varer ikke lenge: deres virksomhet, uten sponsor og for mye ut av m\u00f8nstrene, blir snart glemt av media.<\/p>\n<p>Amoretti -br\u00f8drene var ikke et l\u00f8p eller en plate: det var en handling av <strong>Kj\u00e6rlighet og frihet<\/strong>en gave til en visjon\u00e6r far. Viste at til og med en gal id\u00e9 som den av <strong>Kryss Atlanterhavet med to biler, <\/strong>Det kan bli virkelighet.<\/p>\n<\/p><\/div>\n","protected":false},"excerpt":{"rendered":"<p>Kryss av Atlanterhavet ombord to flytende biler, En passat fra 87 og en taunus fra<\/p>\n","protected":false},"author":1,"featured_media":9774,"comment_status":"closed","ping_status":"open","sticky":false,"template":"","format":"standard","meta":{"footnotes":""},"categories":[104],"tags":[6389,6390,74,521,1339],"class_list":["post-9773","post","type-post","status-publish","format-standard","has-post-thumbnail","hentry","category-samfunn","tag-amoretti","tag-brodrene","tag-den","tag-historien","tag-utrolige","generate-columns","tablet-grid-50","mobile-grid-100","grid-parent","grid-33","resize-featured-image"],"yoast_head":"<!-- This site is optimized with the Yoast SEO plugin v24.4 - https:\/\/yoast.com\/wordpress\/plugins\/seo\/ -->\n<title>Den utrolige historien om Amoretti -br\u00f8drene - Nordnesrepublikken<\/title>\n<meta name=\"robots\" content=\"index, follow, max-snippet:-1, max-image-preview:large, max-video-preview:-1\" \/>\n<link rel=\"canonical\" href=\"https:\/\/nordnesrepublikken.no\/index.php\/2025\/09\/20\/den-utrolige-historien-om-amoretti-brodrene\/\" \/>\n<meta property=\"og:locale\" content=\"nb_NO\" \/>\n<meta property=\"og:type\" content=\"article\" \/>\n<meta property=\"og:title\" content=\"Den utrolige historien om Amoretti -br\u00f8drene - Nordnesrepublikken\" \/>\n<meta property=\"og:description\" content=\"Kryss av Atlanterhavet ombord to flytende biler, En passat fra 87 og en taunus fra\" \/>\n<meta property=\"og:url\" content=\"https:\/\/nordnesrepublikken.no\/index.php\/2025\/09\/20\/den-utrolige-historien-om-amoretti-brodrene\/\" \/>\n<meta property=\"og:site_name\" content=\"Nordnesrepublikken\" \/>\n<meta property=\"article:published_time\" content=\"2025-09-20T16:49:38+00:00\" \/>\n<meta property=\"article:modified_time\" content=\"2025-09-20T16:49:39+00:00\" \/>\n<meta property=\"og:image\" content=\"https:\/\/nordnesrepublikken.no\/wp-content\/uploads\/2025\/09\/1758386979_Den-utrolige-historien-om-Amoretti-brodrene.jpg\" \/>\n\t<meta property=\"og:image:width\" content=\"480\" \/>\n\t<meta property=\"og:image:height\" content=\"288\" \/>\n\t<meta property=\"og:image:type\" content=\"image\/jpeg\" \/>\n<meta name=\"author\" content=\"Ole Andersen\" \/>\n<meta name=\"twitter:card\" content=\"summary_large_image\" \/>\n<meta name=\"twitter:label1\" content=\"Skrevet av\" \/>\n\t<meta name=\"twitter:data1\" content=\"Ole Andersen\" \/>\n\t<meta name=\"twitter:label2\" content=\"Ansl. lesetid\" \/>\n\t<meta name=\"twitter:data2\" content=\"3 minutter\" \/>\n<script type=\"application\/ld+json\" class=\"yoast-schema-graph\">{\"@context\":\"https:\/\/schema.org\",\"@graph\":[{\"@type\":\"Article\",\"@id\":\"https:\/\/nordnesrepublikken.no\/index.php\/2025\/09\/20\/den-utrolige-historien-om-amoretti-brodrene\/#article\",\"isPartOf\":{\"@id\":\"https:\/\/nordnesrepublikken.no\/index.php\/2025\/09\/20\/den-utrolige-historien-om-amoretti-brodrene\/\"},\"author\":{\"name\":\"Ole Andersen\",\"@id\":\"https:\/\/nordnesrepublikken.no\/#\/schema\/person\/2e7e81935bab77882fffb79296240ff1\"},\"headline\":\"Den utrolige historien om Amoretti -br\u00f8drene\",\"datePublished\":\"2025-09-20T16:49:38+00:00\",\"dateModified\":\"2025-09-20T16:49:39+00:00\",\"mainEntityOfPage\":{\"@id\":\"https:\/\/nordnesrepublikken.no\/index.php\/2025\/09\/20\/den-utrolige-historien-om-amoretti-brodrene\/\"},\"wordCount\":523,\"publisher\":{\"@id\":\"https:\/\/nordnesrepublikken.no\/#organization\"},\"image\":{\"@id\":\"https:\/\/nordnesrepublikken.no\/index.php\/2025\/09\/20\/den-utrolige-historien-om-amoretti-brodrene\/#primaryimage\"},\"thumbnailUrl\":\"https:\/\/nordnesrepublikken.no\/wp-content\/uploads\/2025\/09\/1758386979_Den-utrolige-historien-om-Amoretti-brodrene.jpg\",\"keywords\":[\"Amoretti\",\"br\u00f8drene\",\"den\",\"Historien\",\"utrolige\"],\"articleSection\":[\"Samfunn\"],\"inLanguage\":\"nb-NO\"},{\"@type\":\"WebPage\",\"@id\":\"https:\/\/nordnesrepublikken.no\/index.php\/2025\/09\/20\/den-utrolige-historien-om-amoretti-brodrene\/\",\"url\":\"https:\/\/nordnesrepublikken.no\/index.php\/2025\/09\/20\/den-utrolige-historien-om-amoretti-brodrene\/\",\"name\":\"Den utrolige historien om Amoretti -br\u00f8drene - Nordnesrepublikken\",\"isPartOf\":{\"@id\":\"https:\/\/nordnesrepublikken.no\/#website\"},\"primaryImageOfPage\":{\"@id\":\"https:\/\/nordnesrepublikken.no\/index.php\/2025\/09\/20\/den-utrolige-historien-om-amoretti-brodrene\/#primaryimage\"},\"image\":{\"@id\":\"https:\/\/nordnesrepublikken.no\/index.php\/2025\/09\/20\/den-utrolige-historien-om-amoretti-brodrene\/#primaryimage\"},\"thumbnailUrl\":\"https:\/\/nordnesrepublikken.no\/wp-content\/uploads\/2025\/09\/1758386979_Den-utrolige-historien-om-Amoretti-brodrene.jpg\",\"datePublished\":\"2025-09-20T16:49:38+00:00\",\"dateModified\":\"2025-09-20T16:49:39+00:00\",\"breadcrumb\":{\"@id\":\"https:\/\/nordnesrepublikken.no\/index.php\/2025\/09\/20\/den-utrolige-historien-om-amoretti-brodrene\/#breadcrumb\"},\"inLanguage\":\"nb-NO\",\"potentialAction\":[{\"@type\":\"ReadAction\",\"target\":[\"https:\/\/nordnesrepublikken.no\/index.php\/2025\/09\/20\/den-utrolige-historien-om-amoretti-brodrene\/\"]}]},{\"@type\":\"ImageObject\",\"inLanguage\":\"nb-NO\",\"@id\":\"https:\/\/nordnesrepublikken.no\/index.php\/2025\/09\/20\/den-utrolige-historien-om-amoretti-brodrene\/#primaryimage\",\"url\":\"https:\/\/nordnesrepublikken.no\/wp-content\/uploads\/2025\/09\/1758386979_Den-utrolige-historien-om-Amoretti-brodrene.jpg\",\"contentUrl\":\"https:\/\/nordnesrepublikken.no\/wp-content\/uploads\/2025\/09\/1758386979_Den-utrolige-historien-om-Amoretti-brodrene.jpg\",\"width\":480,\"height\":288,\"caption\":\"automare amoretti\"},{\"@type\":\"BreadcrumbList\",\"@id\":\"https:\/\/nordnesrepublikken.no\/index.php\/2025\/09\/20\/den-utrolige-historien-om-amoretti-brodrene\/#breadcrumb\",\"itemListElement\":[{\"@type\":\"ListItem\",\"position\":1,\"name\":\"Home\",\"item\":\"https:\/\/nordnesrepublikken.no\/\"},{\"@type\":\"ListItem\",\"position\":2,\"name\":\"Den utrolige historien om Amoretti -br\u00f8drene\"}]},{\"@type\":\"WebSite\",\"@id\":\"https:\/\/nordnesrepublikken.no\/#website\",\"url\":\"https:\/\/nordnesrepublikken.no\/\",\"name\":\"Nordnesrepublikken\",\"description\":\"Stemmer og Visjoner fra Republikkens Hjerte\",\"publisher\":{\"@id\":\"https:\/\/nordnesrepublikken.no\/#organization\"},\"potentialAction\":[{\"@type\":\"SearchAction\",\"target\":{\"@type\":\"EntryPoint\",\"urlTemplate\":\"https:\/\/nordnesrepublikken.no\/?s={search_term_string}\"},\"query-input\":{\"@type\":\"PropertyValueSpecification\",\"valueRequired\":true,\"valueName\":\"search_term_string\"}}],\"inLanguage\":\"nb-NO\"},{\"@type\":\"Organization\",\"@id\":\"https:\/\/nordnesrepublikken.no\/#organization\",\"name\":\"Nordnesrepublikken\",\"url\":\"https:\/\/nordnesrepublikken.no\/\",\"logo\":{\"@type\":\"ImageObject\",\"inLanguage\":\"nb-NO\",\"@id\":\"https:\/\/nordnesrepublikken.no\/#\/schema\/logo\/image\/\",\"url\":\"https:\/\/nordnesrepublikken.no\/wp-content\/uploads\/2025\/02\/cropped-nordnesrepublikken-2.png\",\"contentUrl\":\"https:\/\/nordnesrepublikken.no\/wp-content\/uploads\/2025\/02\/cropped-nordnesrepublikken-2.png\",\"width\":1248,\"height\":362,\"caption\":\"Nordnesrepublikken\"},\"image\":{\"@id\":\"https:\/\/nordnesrepublikken.no\/#\/schema\/logo\/image\/\"}},{\"@type\":\"Person\",\"@id\":\"https:\/\/nordnesrepublikken.no\/#\/schema\/person\/2e7e81935bab77882fffb79296240ff1\",\"name\":\"Ole Andersen\",\"image\":{\"@type\":\"ImageObject\",\"inLanguage\":\"nb-NO\",\"@id\":\"https:\/\/nordnesrepublikken.no\/#\/schema\/person\/image\/\",\"url\":\"https:\/\/nordnesrepublikken.no\/wp-content\/uploads\/2025\/02\/nordnesrepublikken-2-2-150x150.jpg\",\"contentUrl\":\"https:\/\/nordnesrepublikken.no\/wp-content\/uploads\/2025\/02\/nordnesrepublikken-2-2-150x150.jpg\",\"caption\":\"Ole Andersen\"},\"description\":\"Ettersom jeg vokste opp i Oslo, har jeg alltid v\u00e6rt fascinert av ordenes kraft og deres evne til \u00e5 skape endringer. Etter \u00e5 ha fullf\u00f8rt min utdannelse i kommunikasjon ved Universitetet i Bergen, fikk jeg muligheten til \u00e5 jobbe innen ulike medier, der jeg har s\u00f8kt \u00e5 belyse viktige samfunnssp\u00f8rsm\u00e5l. I dag, som redakt\u00f8r for Nordnesrepublikken, pr\u00f8ver jeg \u00e5 forene min kj\u00e6rlighet for journalistikk med min lidenskap for innovasjon og eventyr.\",\"sameAs\":[\"https:\/\/nordnesrepublikken.no\/\"]}]}<\/script>\n<!-- \/ Yoast SEO plugin. -->","yoast_head_json":{"title":"Den utrolige historien om Amoretti -br\u00f8drene - Nordnesrepublikken","robots":{"index":"index","follow":"follow","max-snippet":"max-snippet:-1","max-image-preview":"max-image-preview:large","max-video-preview":"max-video-preview:-1"},"canonical":"https:\/\/nordnesrepublikken.no\/index.php\/2025\/09\/20\/den-utrolige-historien-om-amoretti-brodrene\/","og_locale":"nb_NO","og_type":"article","og_title":"Den utrolige historien om Amoretti -br\u00f8drene - Nordnesrepublikken","og_description":"Kryss av Atlanterhavet ombord to flytende biler, En passat fra 87 og en taunus fra","og_url":"https:\/\/nordnesrepublikken.no\/index.php\/2025\/09\/20\/den-utrolige-historien-om-amoretti-brodrene\/","og_site_name":"Nordnesrepublikken","article_published_time":"2025-09-20T16:49:38+00:00","article_modified_time":"2025-09-20T16:49:39+00:00","og_image":[{"width":480,"height":288,"url":"https:\/\/nordnesrepublikken.no\/wp-content\/uploads\/2025\/09\/1758386979_Den-utrolige-historien-om-Amoretti-brodrene.jpg","type":"image\/jpeg"}],"author":"Ole Andersen","twitter_card":"summary_large_image","twitter_misc":{"Skrevet av":"Ole Andersen","Ansl. lesetid":"3 minutter"},"schema":{"@context":"https:\/\/schema.org","@graph":[{"@type":"Article","@id":"https:\/\/nordnesrepublikken.no\/index.php\/2025\/09\/20\/den-utrolige-historien-om-amoretti-brodrene\/#article","isPartOf":{"@id":"https:\/\/nordnesrepublikken.no\/index.php\/2025\/09\/20\/den-utrolige-historien-om-amoretti-brodrene\/"},"author":{"name":"Ole Andersen","@id":"https:\/\/nordnesrepublikken.no\/#\/schema\/person\/2e7e81935bab77882fffb79296240ff1"},"headline":"Den utrolige historien om Amoretti -br\u00f8drene","datePublished":"2025-09-20T16:49:38+00:00","dateModified":"2025-09-20T16:49:39+00:00","mainEntityOfPage":{"@id":"https:\/\/nordnesrepublikken.no\/index.php\/2025\/09\/20\/den-utrolige-historien-om-amoretti-brodrene\/"},"wordCount":523,"publisher":{"@id":"https:\/\/nordnesrepublikken.no\/#organization"},"image":{"@id":"https:\/\/nordnesrepublikken.no\/index.php\/2025\/09\/20\/den-utrolige-historien-om-amoretti-brodrene\/#primaryimage"},"thumbnailUrl":"https:\/\/nordnesrepublikken.no\/wp-content\/uploads\/2025\/09\/1758386979_Den-utrolige-historien-om-Amoretti-brodrene.jpg","keywords":["Amoretti","br\u00f8drene","den","Historien","utrolige"],"articleSection":["Samfunn"],"inLanguage":"nb-NO"},{"@type":"WebPage","@id":"https:\/\/nordnesrepublikken.no\/index.php\/2025\/09\/20\/den-utrolige-historien-om-amoretti-brodrene\/","url":"https:\/\/nordnesrepublikken.no\/index.php\/2025\/09\/20\/den-utrolige-historien-om-amoretti-brodrene\/","name":"Den utrolige historien om Amoretti -br\u00f8drene - Nordnesrepublikken","isPartOf":{"@id":"https:\/\/nordnesrepublikken.no\/#website"},"primaryImageOfPage":{"@id":"https:\/\/nordnesrepublikken.no\/index.php\/2025\/09\/20\/den-utrolige-historien-om-amoretti-brodrene\/#primaryimage"},"image":{"@id":"https:\/\/nordnesrepublikken.no\/index.php\/2025\/09\/20\/den-utrolige-historien-om-amoretti-brodrene\/#primaryimage"},"thumbnailUrl":"https:\/\/nordnesrepublikken.no\/wp-content\/uploads\/2025\/09\/1758386979_Den-utrolige-historien-om-Amoretti-brodrene.jpg","datePublished":"2025-09-20T16:49:38+00:00","dateModified":"2025-09-20T16:49:39+00:00","breadcrumb":{"@id":"https:\/\/nordnesrepublikken.no\/index.php\/2025\/09\/20\/den-utrolige-historien-om-amoretti-brodrene\/#breadcrumb"},"inLanguage":"nb-NO","potentialAction":[{"@type":"ReadAction","target":["https:\/\/nordnesrepublikken.no\/index.php\/2025\/09\/20\/den-utrolige-historien-om-amoretti-brodrene\/"]}]},{"@type":"ImageObject","inLanguage":"nb-NO","@id":"https:\/\/nordnesrepublikken.no\/index.php\/2025\/09\/20\/den-utrolige-historien-om-amoretti-brodrene\/#primaryimage","url":"https:\/\/nordnesrepublikken.no\/wp-content\/uploads\/2025\/09\/1758386979_Den-utrolige-historien-om-Amoretti-brodrene.jpg","contentUrl":"https:\/\/nordnesrepublikken.no\/wp-content\/uploads\/2025\/09\/1758386979_Den-utrolige-historien-om-Amoretti-brodrene.jpg","width":480,"height":288,"caption":"automare amoretti"},{"@type":"BreadcrumbList","@id":"https:\/\/nordnesrepublikken.no\/index.php\/2025\/09\/20\/den-utrolige-historien-om-amoretti-brodrene\/#breadcrumb","itemListElement":[{"@type":"ListItem","position":1,"name":"Home","item":"https:\/\/nordnesrepublikken.no\/"},{"@type":"ListItem","position":2,"name":"Den utrolige historien om Amoretti -br\u00f8drene"}]},{"@type":"WebSite","@id":"https:\/\/nordnesrepublikken.no\/#website","url":"https:\/\/nordnesrepublikken.no\/","name":"Nordnesrepublikken","description":"Stemmer og Visjoner fra Republikkens Hjerte","publisher":{"@id":"https:\/\/nordnesrepublikken.no\/#organization"},"potentialAction":[{"@type":"SearchAction","target":{"@type":"EntryPoint","urlTemplate":"https:\/\/nordnesrepublikken.no\/?s={search_term_string}"},"query-input":{"@type":"PropertyValueSpecification","valueRequired":true,"valueName":"search_term_string"}}],"inLanguage":"nb-NO"},{"@type":"Organization","@id":"https:\/\/nordnesrepublikken.no\/#organization","name":"Nordnesrepublikken","url":"https:\/\/nordnesrepublikken.no\/","logo":{"@type":"ImageObject","inLanguage":"nb-NO","@id":"https:\/\/nordnesrepublikken.no\/#\/schema\/logo\/image\/","url":"https:\/\/nordnesrepublikken.no\/wp-content\/uploads\/2025\/02\/cropped-nordnesrepublikken-2.png","contentUrl":"https:\/\/nordnesrepublikken.no\/wp-content\/uploads\/2025\/02\/cropped-nordnesrepublikken-2.png","width":1248,"height":362,"caption":"Nordnesrepublikken"},"image":{"@id":"https:\/\/nordnesrepublikken.no\/#\/schema\/logo\/image\/"}},{"@type":"Person","@id":"https:\/\/nordnesrepublikken.no\/#\/schema\/person\/2e7e81935bab77882fffb79296240ff1","name":"Ole Andersen","image":{"@type":"ImageObject","inLanguage":"nb-NO","@id":"https:\/\/nordnesrepublikken.no\/#\/schema\/person\/image\/","url":"https:\/\/nordnesrepublikken.no\/wp-content\/uploads\/2025\/02\/nordnesrepublikken-2-2-150x150.jpg","contentUrl":"https:\/\/nordnesrepublikken.no\/wp-content\/uploads\/2025\/02\/nordnesrepublikken-2-2-150x150.jpg","caption":"Ole Andersen"},"description":"Ettersom jeg vokste opp i Oslo, har jeg alltid v\u00e6rt fascinert av ordenes kraft og deres evne til \u00e5 skape endringer. Etter \u00e5 ha fullf\u00f8rt min utdannelse i kommunikasjon ved Universitetet i Bergen, fikk jeg muligheten til \u00e5 jobbe innen ulike medier, der jeg har s\u00f8kt \u00e5 belyse viktige samfunnssp\u00f8rsm\u00e5l. I dag, som redakt\u00f8r for Nordnesrepublikken, pr\u00f8ver jeg \u00e5 forene min kj\u00e6rlighet for journalistikk med min lidenskap for innovasjon og eventyr.","sameAs":["https:\/\/nordnesrepublikken.no\/"]}]}},"_links":{"self":[{"href":"https:\/\/nordnesrepublikken.no\/index.php\/wp-json\/wp\/v2\/posts\/9773","targetHints":{"allow":["GET"]}}],"collection":[{"href":"https:\/\/nordnesrepublikken.no\/index.php\/wp-json\/wp\/v2\/posts"}],"about":[{"href":"https:\/\/nordnesrepublikken.no\/index.php\/wp-json\/wp\/v2\/types\/post"}],"author":[{"embeddable":true,"href":"https:\/\/nordnesrepublikken.no\/index.php\/wp-json\/wp\/v2\/users\/1"}],"replies":[{"embeddable":true,"href":"https:\/\/nordnesrepublikken.no\/index.php\/wp-json\/wp\/v2\/comments?post=9773"}],"version-history":[{"count":1,"href":"https:\/\/nordnesrepublikken.no\/index.php\/wp-json\/wp\/v2\/posts\/9773\/revisions"}],"predecessor-version":[{"id":9775,"href":"https:\/\/nordnesrepublikken.no\/index.php\/wp-json\/wp\/v2\/posts\/9773\/revisions\/9775"}],"wp:featuredmedia":[{"embeddable":true,"href":"https:\/\/nordnesrepublikken.no\/index.php\/wp-json\/wp\/v2\/media\/9774"}],"wp:attachment":[{"href":"https:\/\/nordnesrepublikken.no\/index.php\/wp-json\/wp\/v2\/media?parent=9773"}],"wp:term":[{"taxonomy":"category","embeddable":true,"href":"https:\/\/nordnesrepublikken.no\/index.php\/wp-json\/wp\/v2\/categories?post=9773"},{"taxonomy":"post_tag","embeddable":true,"href":"https:\/\/nordnesrepublikken.no\/index.php\/wp-json\/wp\/v2\/tags?post=9773"}],"curies":[{"name":"wp","href":"https:\/\/api.w.org\/{rel}","templated":true}]}}