{"id":9770,"date":"2025-09-20T17:50:12","date_gmt":"2025-09-20T15:50:12","guid":{"rendered":"https:\/\/nordnesrepublikken.no\/index.php\/2025\/09\/20\/har-du-lagt-merke-til-mer-hartap-denne-maneden-her-er-grunnen-til-at-sesongbasert-er-normalt\/"},"modified":"2025-09-20T17:50:14","modified_gmt":"2025-09-20T15:50:14","slug":"har-du-lagt-merke-til-mer-hartap-denne-maneden-her-er-grunnen-til-at-sesongbasert-er-normalt","status":"publish","type":"post","link":"https:\/\/nordnesrepublikken.no\/index.php\/2025\/09\/20\/har-du-lagt-merke-til-mer-hartap-denne-maneden-her-er-grunnen-til-at-sesongbasert-er-normalt\/","title":{"rendered":"Har du lagt merke til mer h\u00e5rtap denne m\u00e5neden? Her er grunnen til at sesongbasert er normalt"},"content":{"rendered":"<p><\/p>\n<div class=\"wordpress-content\">\n                    <!-- Article Start --><\/p>\n<p><strong>Ikke bare faller bladene om h\u00f8sten, men h\u00e5ret v\u00e5rt kan ogs\u00e5. <\/strong><\/p>\n<p>Personlig har jeg lagt merke til mer enn vanlig h\u00e5ravfall i b\u00f8rstene mine, etter \u00e5 ha dusjet og p\u00e5 puten de siste ukene. Det viser seg at det er normalt for denne tiden av \u00e5ret, til en viss grad.<\/p>\n<p>Hva for\u00e5rsaker sesongmessig h\u00e5rful? Ved f\u00f8rste tanke var det ikke fornuftig for meg. Sikkert, vi trenger mer h\u00e5r p\u00e5 hodet for \u00e5 holde oss varme om vinteren? Les videre for \u00e5 finne ut hvorfor vi mister mer h\u00e5r i l\u00f8pet av h\u00f8sten.<\/p>\n<div class=\"sra_unit\"><link rel=\"stylesheet\" id=\"block-sra\" href=\"https:\/\/euroweeklynews.com\/wp-content\/plugins\/snack-related-articles\/dist\/css\/snack-related.min.css?250312-193541\" type=\"text\/css\" media=\"all\">\n<\/div>\n<h2><strong>Hva er sesongmessig h\u00e5rful?<\/strong><\/h2>\n<p>Sesongbasert h\u00e5rfelling er den midlertidige \u00f8kningen i h\u00e5ravfall som hovedsakelig skjer om h\u00f8sten og for noen igjen om v\u00e5ren. En langsiktig studie publisert i <em>British Journal of Dermatology<\/em> fant at antallet skurh\u00e5r topper seg p\u00e5 sensommeren og tidlig h\u00f8st, med deltakerne som mister &laquo;omtrent 60 per dag, mer enn det dobbelte av det i l\u00f8pet av den foreg\u00e5ende vinteren.&raquo;<\/p>\n<p>Tilsvarende bekreftet en seks \u00e5r lang studie med over 800 kvinner \u00e5rlig periodisitet i h\u00e5rveksten, og viste &laquo;en maksimal andel telogenh\u00e5r om sommeren&raquo; og mer kaster om h\u00f8sten.<\/p>\n<p>Dermatolog Dr. Christian Merkel forklarte til Vogue, &laquo;H\u00e5r vokser i en fast syklus &#8230; I evolusjon\u00e6re termer er h\u00e5ret v\u00e5rt en del av pelsen v\u00e5r. F\u00f8lgelig er det ogs\u00e5 en skurssyklus.&raquo;<\/p>\n<h2><strong>S\u00e5 hvorfor faller h\u00e5ret ut mer om h\u00f8sten?<\/strong><\/h2>\n<p>Flere overlappende faktorer bidrar til dette sesongm\u00f8nsteret:<\/p>\n<ul>\n<li>Sollys og hormoner: I f\u00f8lge Capilia stimulerer solen h\u00e5rveksthormoner om sommeren. N\u00e5r UV -eksponeringen avtar om h\u00f8sten, bremser h\u00e5rveksten og flere tr\u00e5der kommer inn i skurfasen.<\/li>\n<li>Naturlige sykluser: H\u00e5r har tre faser &#8211; vekst (anagen), overgang (katagen) og kaster (telogen). H\u00e5rene som faller ut i september sluttet ofte \u00e5 vokse m\u00e5neder tidligere p\u00e5 v\u00e5ren.<\/li>\n<li>Milj\u00f8spenning: kaldere v\u00e6r, redusert fuktighet og innend\u00f8rs oppvarming kan gj\u00f8re tr\u00e5der spr\u00f8 og utsatt for brudd. Konsulent-trikolog Samantha Stewart sa til GB News: &laquo;De kaldere m\u00e5nedene gir en perfekt storm av h\u00e5rskadende forhold.&raquo;<\/li>\n<li>D -vitamin -niv\u00e5er: Kortere, m\u00f8rkere dager betyr mindre sollys, og f\u00f8lgelig lavere D -vitamin, noe som er viktig for sunn h\u00e5rvekst.<\/li>\n<\/ul>\n<h2><strong>Hvor lenge varer h\u00f8sth\u00e5ret?<\/strong><\/h2>\n<p>Eksperter sier at sesongbasert kassering vanligvis varer opptil tre m\u00e5neder. I f\u00f8lge Mesoestetic er det &laquo;normalt og rikere&raquo; i l\u00f8pet av denne tiden, men h\u00e5rtapet skal ikke redusere tettheten permanent og b\u00f8r stoppe n\u00e5r vekstsyklusen starter p\u00e5 nytt.<\/p>\n<p>Imidlertid, hvis h\u00e5rtap fortsetter utover denne perioden eller virker ujevn, anbefaler hudleger \u00e5 s\u00f8ke profesjonell hjelp til \u00e5 utelukke andre tilstander som genetisk alopecia, skjoldbruskkjertelsproblemer eller hormonelle ubalanser.<\/p>\n<h2><strong>Hvorfor kaster vi varmt h\u00e5r rett f\u00f8r vinteren?<\/strong><\/h2>\n<p>Ved f\u00f8rste \u00f8yekast virker det rart at kroppen ville kaste h\u00e5r om h\u00f8sten, akkurat som kaldere v\u00e6r setter seg inn. Men eksperter sier at timingen gjenspeiler biologi, ikke en feil.<\/p>\n<p>Forskning antyder at mer h\u00e5r kommer inn i vekstfasen om sommeren for \u00e5 beskytte hodebunnen mot solstr\u00e5lene. N\u00e5r behovet for UV -beskyttelse avtar, lar kroppen disse tr\u00e5dene skifte inn i skurfasen.<\/p>\n<h2><strong>Kan sesongmessig h\u00e5rtap forhindres?<\/strong><\/h2>\n<p>Du kan ikke stoppe den naturlige syklusen helt, men du kan redusere skader og st\u00f8tte sunn gjenvekst:<\/p>\n<ul>\n<li>Vask og b\u00f8rste som normalt, men v\u00e6r forsiktig med styling: Stewart advarte mot &laquo;tette hestehaler eller fletter&raquo; og r\u00e5det til \u00e5 begrense oppvarmede stylingverkt\u00f8y, som kan gj\u00f8re skj\u00f8rt h\u00e5r verre.<\/li>\n<li>Beskytte mot hatter: Grove vinterhatter kan for\u00e5rsake friksjon og brudd. Silke eller satengforinger kan bidra til \u00e5 redusere skader.<\/li>\n<li>Spis n\u00e6ringsrik mat: Dermatolog Dr. Emi Arpa understreket overfor Vogue at &laquo;ern\u00e6ringsmangel kan ogs\u00e5 f\u00f8re til h\u00e5ravfall&raquo; og anbefalte mat rik p\u00e5 jern, omega-3s, sink og biotin.<\/li>\n<li>Hold deg hydrert: T\u00f8rr vinterluft kan gj\u00f8re h\u00e5ret spr\u00f8tt, s\u00e5 det er viktig \u00e5 drikke nok vann og bruke fuktighetsgivende produkter.<\/li>\n<\/ul>\n<h2><strong>N\u00e5r sesongbasert h\u00e5rfelling er overdreven<\/strong><\/h2>\n<p>Selv om sesongbasert er normalt, kan kontinuerlig eller alvorlig h\u00e5ravfall signalisere noe annet. Dr. Arpa bemerket at stress, graviditet, perimenopause eller visse medisiner alle kan p\u00e5virke h\u00e5rsykluser, og &laquo;bare en lege kan bestemme&raquo; den n\u00f8yaktige \u00e5rsaken.<\/p>\n<p>Hvis det varer \u00e5 kaste seg lenger enn tre m\u00e5neder, anbefaler eksperter en blodpr\u00f8ve for \u00e5 se etter mangler eller hormonelle ubalanser.<\/p>\n<p>For de fleste er h\u00f8sth\u00e5rtap en midlertidig ordensforstyrrelse og en del av kroppens naturlige rytme, akkurat som fallende blader. Men med h\u00e5rtap Google -s\u00f8k i Storbritannia som \u00f8ker med nesten 400 prosent den siste m\u00e5neden, er det klart at emnet ber\u00f8rer en nerve.<\/p>\n<p>Se alle helse- og skj\u00f8nnhetsnyheter.<\/p>\n<p>Se alle livsstilsnyheter.<\/p>\n<p>                    <!-- This article has been originally published at https:\/\/euroweeklynews.com\/2025\/09\/18\/have-you-noticed-more-hair-loss-this-month-heres-why-seasonal-shedding-is-normal\/ on 18 Sep 2025 at 13:22 by Letara Draghia --><br \/>\n                    <!-- Article End -->\n                <\/div>\n","protected":false},"excerpt":{"rendered":"<p>Ikke bare faller bladene om h\u00f8sten, men h\u00e5ret v\u00e5rt kan ogs\u00e5. Personlig har jeg lagt<\/p>\n","protected":false},"author":1,"featured_media":9771,"comment_status":"closed","ping_status":"open","sticky":false,"template":"","format":"standard","meta":{"footnotes":""},"categories":[105],"tags":[1717,1369,179,6386,6385,2261,379,3147,6388,6387,117],"class_list":["post-9770","post","type-post","status-publish","format-standard","has-post-thumbnail","hentry","category-livsstil","tag-denne","tag-grunnen","tag-har","tag-hartap","tag-lagt","tag-maneden","tag-mer","tag-merke","tag-normalt","tag-sesongbasert","tag-til","generate-columns","tablet-grid-50","mobile-grid-100","grid-parent","grid-33","resize-featured-image"],"yoast_head":"<!-- This site is optimized with the Yoast SEO plugin v24.4 - https:\/\/yoast.com\/wordpress\/plugins\/seo\/ -->\n<title>Har du lagt merke til mer h\u00e5rtap denne m\u00e5neden? Her er grunnen til at sesongbasert er normalt - Nordnesrepublikken<\/title>\n<meta name=\"robots\" content=\"index, follow, max-snippet:-1, max-image-preview:large, max-video-preview:-1\" \/>\n<link rel=\"canonical\" href=\"https:\/\/nordnesrepublikken.no\/index.php\/2025\/09\/20\/har-du-lagt-merke-til-mer-hartap-denne-maneden-her-er-grunnen-til-at-sesongbasert-er-normalt\/\" \/>\n<meta property=\"og:locale\" content=\"nb_NO\" \/>\n<meta property=\"og:type\" content=\"article\" \/>\n<meta property=\"og:title\" content=\"Har du lagt merke til mer h\u00e5rtap denne m\u00e5neden? Her er grunnen til at sesongbasert er normalt - Nordnesrepublikken\" \/>\n<meta property=\"og:description\" content=\"Ikke bare faller bladene om h\u00f8sten, men h\u00e5ret v\u00e5rt kan ogs\u00e5. Personlig har jeg lagt\" \/>\n<meta property=\"og:url\" content=\"https:\/\/nordnesrepublikken.no\/index.php\/2025\/09\/20\/har-du-lagt-merke-til-mer-hartap-denne-maneden-her-er-grunnen-til-at-sesongbasert-er-normalt\/\" \/>\n<meta property=\"og:site_name\" content=\"Nordnesrepublikken\" \/>\n<meta property=\"article:published_time\" content=\"2025-09-20T15:50:12+00:00\" \/>\n<meta property=\"article:modified_time\" content=\"2025-09-20T15:50:14+00:00\" \/>\n<meta property=\"og:image\" content=\"https:\/\/nordnesrepublikken.no\/wp-content\/uploads\/2025\/09\/1758383413_Har-du-lagt-merke-til-mer-hartap-denne-maneden-Her.jpg\" \/>\n\t<meta property=\"og:image:width\" content=\"1200\" \/>\n\t<meta property=\"og:image:height\" content=\"675\" \/>\n\t<meta property=\"og:image:type\" content=\"image\/jpeg\" \/>\n<meta name=\"author\" content=\"Ole Andersen\" \/>\n<meta name=\"twitter:card\" content=\"summary_large_image\" \/>\n<meta name=\"twitter:label1\" content=\"Skrevet av\" \/>\n\t<meta name=\"twitter:data1\" content=\"Ole Andersen\" \/>\n\t<meta name=\"twitter:label2\" content=\"Ansl. lesetid\" \/>\n\t<meta name=\"twitter:data2\" content=\"4 minutter\" \/>\n<script type=\"application\/ld+json\" class=\"yoast-schema-graph\">{\"@context\":\"https:\/\/schema.org\",\"@graph\":[{\"@type\":\"Article\",\"@id\":\"https:\/\/nordnesrepublikken.no\/index.php\/2025\/09\/20\/har-du-lagt-merke-til-mer-hartap-denne-maneden-her-er-grunnen-til-at-sesongbasert-er-normalt\/#article\",\"isPartOf\":{\"@id\":\"https:\/\/nordnesrepublikken.no\/index.php\/2025\/09\/20\/har-du-lagt-merke-til-mer-hartap-denne-maneden-her-er-grunnen-til-at-sesongbasert-er-normalt\/\"},\"author\":{\"name\":\"Ole Andersen\",\"@id\":\"https:\/\/nordnesrepublikken.no\/#\/schema\/person\/2e7e81935bab77882fffb79296240ff1\"},\"headline\":\"Har du lagt merke til mer h\u00e5rtap denne m\u00e5neden? Her er grunnen til at sesongbasert er normalt\",\"datePublished\":\"2025-09-20T15:50:12+00:00\",\"dateModified\":\"2025-09-20T15:50:14+00:00\",\"mainEntityOfPage\":{\"@id\":\"https:\/\/nordnesrepublikken.no\/index.php\/2025\/09\/20\/har-du-lagt-merke-til-mer-hartap-denne-maneden-her-er-grunnen-til-at-sesongbasert-er-normalt\/\"},\"wordCount\":819,\"publisher\":{\"@id\":\"https:\/\/nordnesrepublikken.no\/#organization\"},\"image\":{\"@id\":\"https:\/\/nordnesrepublikken.no\/index.php\/2025\/09\/20\/har-du-lagt-merke-til-mer-hartap-denne-maneden-her-er-grunnen-til-at-sesongbasert-er-normalt\/#primaryimage\"},\"thumbnailUrl\":\"https:\/\/nordnesrepublikken.no\/wp-content\/uploads\/2025\/09\/1758383413_Har-du-lagt-merke-til-mer-hartap-denne-maneden-Her.jpg\",\"keywords\":[\"denne\",\"grunnen\",\"har\",\"h\u00e5rtap\",\"lagt\",\"m\u00e5neden\",\"mer\",\"merke\",\"normalt\",\"sesongbasert\",\"til\"],\"articleSection\":[\"Livsstil\"],\"inLanguage\":\"nb-NO\"},{\"@type\":\"WebPage\",\"@id\":\"https:\/\/nordnesrepublikken.no\/index.php\/2025\/09\/20\/har-du-lagt-merke-til-mer-hartap-denne-maneden-her-er-grunnen-til-at-sesongbasert-er-normalt\/\",\"url\":\"https:\/\/nordnesrepublikken.no\/index.php\/2025\/09\/20\/har-du-lagt-merke-til-mer-hartap-denne-maneden-her-er-grunnen-til-at-sesongbasert-er-normalt\/\",\"name\":\"Har du lagt merke til mer h\u00e5rtap denne m\u00e5neden? Her er grunnen til at sesongbasert er normalt - Nordnesrepublikken\",\"isPartOf\":{\"@id\":\"https:\/\/nordnesrepublikken.no\/#website\"},\"primaryImageOfPage\":{\"@id\":\"https:\/\/nordnesrepublikken.no\/index.php\/2025\/09\/20\/har-du-lagt-merke-til-mer-hartap-denne-maneden-her-er-grunnen-til-at-sesongbasert-er-normalt\/#primaryimage\"},\"image\":{\"@id\":\"https:\/\/nordnesrepublikken.no\/index.php\/2025\/09\/20\/har-du-lagt-merke-til-mer-hartap-denne-maneden-her-er-grunnen-til-at-sesongbasert-er-normalt\/#primaryimage\"},\"thumbnailUrl\":\"https:\/\/nordnesrepublikken.no\/wp-content\/uploads\/2025\/09\/1758383413_Har-du-lagt-merke-til-mer-hartap-denne-maneden-Her.jpg\",\"datePublished\":\"2025-09-20T15:50:12+00:00\",\"dateModified\":\"2025-09-20T15:50:14+00:00\",\"breadcrumb\":{\"@id\":\"https:\/\/nordnesrepublikken.no\/index.php\/2025\/09\/20\/har-du-lagt-merke-til-mer-hartap-denne-maneden-her-er-grunnen-til-at-sesongbasert-er-normalt\/#breadcrumb\"},\"inLanguage\":\"nb-NO\",\"potentialAction\":[{\"@type\":\"ReadAction\",\"target\":[\"https:\/\/nordnesrepublikken.no\/index.php\/2025\/09\/20\/har-du-lagt-merke-til-mer-hartap-denne-maneden-her-er-grunnen-til-at-sesongbasert-er-normalt\/\"]}]},{\"@type\":\"ImageObject\",\"inLanguage\":\"nb-NO\",\"@id\":\"https:\/\/nordnesrepublikken.no\/index.php\/2025\/09\/20\/har-du-lagt-merke-til-mer-hartap-denne-maneden-her-er-grunnen-til-at-sesongbasert-er-normalt\/#primaryimage\",\"url\":\"https:\/\/nordnesrepublikken.no\/wp-content\/uploads\/2025\/09\/1758383413_Har-du-lagt-merke-til-mer-hartap-denne-maneden-Her.jpg\",\"contentUrl\":\"https:\/\/nordnesrepublikken.no\/wp-content\/uploads\/2025\/09\/1758383413_Har-du-lagt-merke-til-mer-hartap-denne-maneden-Her.jpg\",\"width\":1200,\"height\":675,\"caption\":\"Har du lagt merke til mer h\u00e5rtap denne m\u00e5neden? Her er grunnen til at sesongbasert er normalt\"},{\"@type\":\"BreadcrumbList\",\"@id\":\"https:\/\/nordnesrepublikken.no\/index.php\/2025\/09\/20\/har-du-lagt-merke-til-mer-hartap-denne-maneden-her-er-grunnen-til-at-sesongbasert-er-normalt\/#breadcrumb\",\"itemListElement\":[{\"@type\":\"ListItem\",\"position\":1,\"name\":\"Home\",\"item\":\"https:\/\/nordnesrepublikken.no\/\"},{\"@type\":\"ListItem\",\"position\":2,\"name\":\"Har du lagt merke til mer h\u00e5rtap denne m\u00e5neden? Her er grunnen til at sesongbasert er normalt\"}]},{\"@type\":\"WebSite\",\"@id\":\"https:\/\/nordnesrepublikken.no\/#website\",\"url\":\"https:\/\/nordnesrepublikken.no\/\",\"name\":\"Nordnesrepublikken\",\"description\":\"Stemmer og Visjoner fra Republikkens Hjerte\",\"publisher\":{\"@id\":\"https:\/\/nordnesrepublikken.no\/#organization\"},\"potentialAction\":[{\"@type\":\"SearchAction\",\"target\":{\"@type\":\"EntryPoint\",\"urlTemplate\":\"https:\/\/nordnesrepublikken.no\/?s={search_term_string}\"},\"query-input\":{\"@type\":\"PropertyValueSpecification\",\"valueRequired\":true,\"valueName\":\"search_term_string\"}}],\"inLanguage\":\"nb-NO\"},{\"@type\":\"Organization\",\"@id\":\"https:\/\/nordnesrepublikken.no\/#organization\",\"name\":\"Nordnesrepublikken\",\"url\":\"https:\/\/nordnesrepublikken.no\/\",\"logo\":{\"@type\":\"ImageObject\",\"inLanguage\":\"nb-NO\",\"@id\":\"https:\/\/nordnesrepublikken.no\/#\/schema\/logo\/image\/\",\"url\":\"https:\/\/nordnesrepublikken.no\/wp-content\/uploads\/2025\/02\/cropped-nordnesrepublikken-2.png\",\"contentUrl\":\"https:\/\/nordnesrepublikken.no\/wp-content\/uploads\/2025\/02\/cropped-nordnesrepublikken-2.png\",\"width\":1248,\"height\":362,\"caption\":\"Nordnesrepublikken\"},\"image\":{\"@id\":\"https:\/\/nordnesrepublikken.no\/#\/schema\/logo\/image\/\"}},{\"@type\":\"Person\",\"@id\":\"https:\/\/nordnesrepublikken.no\/#\/schema\/person\/2e7e81935bab77882fffb79296240ff1\",\"name\":\"Ole Andersen\",\"image\":{\"@type\":\"ImageObject\",\"inLanguage\":\"nb-NO\",\"@id\":\"https:\/\/nordnesrepublikken.no\/#\/schema\/person\/image\/\",\"url\":\"https:\/\/nordnesrepublikken.no\/wp-content\/uploads\/2025\/02\/nordnesrepublikken-2-2-150x150.jpg\",\"contentUrl\":\"https:\/\/nordnesrepublikken.no\/wp-content\/uploads\/2025\/02\/nordnesrepublikken-2-2-150x150.jpg\",\"caption\":\"Ole Andersen\"},\"description\":\"Ettersom jeg vokste opp i Oslo, har jeg alltid v\u00e6rt fascinert av ordenes kraft og deres evne til \u00e5 skape endringer. Etter \u00e5 ha fullf\u00f8rt min utdannelse i kommunikasjon ved Universitetet i Bergen, fikk jeg muligheten til \u00e5 jobbe innen ulike medier, der jeg har s\u00f8kt \u00e5 belyse viktige samfunnssp\u00f8rsm\u00e5l. I dag, som redakt\u00f8r for Nordnesrepublikken, pr\u00f8ver jeg \u00e5 forene min kj\u00e6rlighet for journalistikk med min lidenskap for innovasjon og eventyr.\",\"sameAs\":[\"https:\/\/nordnesrepublikken.no\/\"]}]}<\/script>\n<!-- \/ Yoast SEO plugin. -->","yoast_head_json":{"title":"Har du lagt merke til mer h\u00e5rtap denne m\u00e5neden? Her er grunnen til at sesongbasert er normalt - Nordnesrepublikken","robots":{"index":"index","follow":"follow","max-snippet":"max-snippet:-1","max-image-preview":"max-image-preview:large","max-video-preview":"max-video-preview:-1"},"canonical":"https:\/\/nordnesrepublikken.no\/index.php\/2025\/09\/20\/har-du-lagt-merke-til-mer-hartap-denne-maneden-her-er-grunnen-til-at-sesongbasert-er-normalt\/","og_locale":"nb_NO","og_type":"article","og_title":"Har du lagt merke til mer h\u00e5rtap denne m\u00e5neden? Her er grunnen til at sesongbasert er normalt - Nordnesrepublikken","og_description":"Ikke bare faller bladene om h\u00f8sten, men h\u00e5ret v\u00e5rt kan ogs\u00e5. Personlig har jeg lagt","og_url":"https:\/\/nordnesrepublikken.no\/index.php\/2025\/09\/20\/har-du-lagt-merke-til-mer-hartap-denne-maneden-her-er-grunnen-til-at-sesongbasert-er-normalt\/","og_site_name":"Nordnesrepublikken","article_published_time":"2025-09-20T15:50:12+00:00","article_modified_time":"2025-09-20T15:50:14+00:00","og_image":[{"width":1200,"height":675,"url":"https:\/\/nordnesrepublikken.no\/wp-content\/uploads\/2025\/09\/1758383413_Har-du-lagt-merke-til-mer-hartap-denne-maneden-Her.jpg","type":"image\/jpeg"}],"author":"Ole Andersen","twitter_card":"summary_large_image","twitter_misc":{"Skrevet av":"Ole Andersen","Ansl. lesetid":"4 minutter"},"schema":{"@context":"https:\/\/schema.org","@graph":[{"@type":"Article","@id":"https:\/\/nordnesrepublikken.no\/index.php\/2025\/09\/20\/har-du-lagt-merke-til-mer-hartap-denne-maneden-her-er-grunnen-til-at-sesongbasert-er-normalt\/#article","isPartOf":{"@id":"https:\/\/nordnesrepublikken.no\/index.php\/2025\/09\/20\/har-du-lagt-merke-til-mer-hartap-denne-maneden-her-er-grunnen-til-at-sesongbasert-er-normalt\/"},"author":{"name":"Ole Andersen","@id":"https:\/\/nordnesrepublikken.no\/#\/schema\/person\/2e7e81935bab77882fffb79296240ff1"},"headline":"Har du lagt merke til mer h\u00e5rtap denne m\u00e5neden? Her er grunnen til at sesongbasert er normalt","datePublished":"2025-09-20T15:50:12+00:00","dateModified":"2025-09-20T15:50:14+00:00","mainEntityOfPage":{"@id":"https:\/\/nordnesrepublikken.no\/index.php\/2025\/09\/20\/har-du-lagt-merke-til-mer-hartap-denne-maneden-her-er-grunnen-til-at-sesongbasert-er-normalt\/"},"wordCount":819,"publisher":{"@id":"https:\/\/nordnesrepublikken.no\/#organization"},"image":{"@id":"https:\/\/nordnesrepublikken.no\/index.php\/2025\/09\/20\/har-du-lagt-merke-til-mer-hartap-denne-maneden-her-er-grunnen-til-at-sesongbasert-er-normalt\/#primaryimage"},"thumbnailUrl":"https:\/\/nordnesrepublikken.no\/wp-content\/uploads\/2025\/09\/1758383413_Har-du-lagt-merke-til-mer-hartap-denne-maneden-Her.jpg","keywords":["denne","grunnen","har","h\u00e5rtap","lagt","m\u00e5neden","mer","merke","normalt","sesongbasert","til"],"articleSection":["Livsstil"],"inLanguage":"nb-NO"},{"@type":"WebPage","@id":"https:\/\/nordnesrepublikken.no\/index.php\/2025\/09\/20\/har-du-lagt-merke-til-mer-hartap-denne-maneden-her-er-grunnen-til-at-sesongbasert-er-normalt\/","url":"https:\/\/nordnesrepublikken.no\/index.php\/2025\/09\/20\/har-du-lagt-merke-til-mer-hartap-denne-maneden-her-er-grunnen-til-at-sesongbasert-er-normalt\/","name":"Har du lagt merke til mer h\u00e5rtap denne m\u00e5neden? Her er grunnen til at sesongbasert er normalt - Nordnesrepublikken","isPartOf":{"@id":"https:\/\/nordnesrepublikken.no\/#website"},"primaryImageOfPage":{"@id":"https:\/\/nordnesrepublikken.no\/index.php\/2025\/09\/20\/har-du-lagt-merke-til-mer-hartap-denne-maneden-her-er-grunnen-til-at-sesongbasert-er-normalt\/#primaryimage"},"image":{"@id":"https:\/\/nordnesrepublikken.no\/index.php\/2025\/09\/20\/har-du-lagt-merke-til-mer-hartap-denne-maneden-her-er-grunnen-til-at-sesongbasert-er-normalt\/#primaryimage"},"thumbnailUrl":"https:\/\/nordnesrepublikken.no\/wp-content\/uploads\/2025\/09\/1758383413_Har-du-lagt-merke-til-mer-hartap-denne-maneden-Her.jpg","datePublished":"2025-09-20T15:50:12+00:00","dateModified":"2025-09-20T15:50:14+00:00","breadcrumb":{"@id":"https:\/\/nordnesrepublikken.no\/index.php\/2025\/09\/20\/har-du-lagt-merke-til-mer-hartap-denne-maneden-her-er-grunnen-til-at-sesongbasert-er-normalt\/#breadcrumb"},"inLanguage":"nb-NO","potentialAction":[{"@type":"ReadAction","target":["https:\/\/nordnesrepublikken.no\/index.php\/2025\/09\/20\/har-du-lagt-merke-til-mer-hartap-denne-maneden-her-er-grunnen-til-at-sesongbasert-er-normalt\/"]}]},{"@type":"ImageObject","inLanguage":"nb-NO","@id":"https:\/\/nordnesrepublikken.no\/index.php\/2025\/09\/20\/har-du-lagt-merke-til-mer-hartap-denne-maneden-her-er-grunnen-til-at-sesongbasert-er-normalt\/#primaryimage","url":"https:\/\/nordnesrepublikken.no\/wp-content\/uploads\/2025\/09\/1758383413_Har-du-lagt-merke-til-mer-hartap-denne-maneden-Her.jpg","contentUrl":"https:\/\/nordnesrepublikken.no\/wp-content\/uploads\/2025\/09\/1758383413_Har-du-lagt-merke-til-mer-hartap-denne-maneden-Her.jpg","width":1200,"height":675,"caption":"Har du lagt merke til mer h\u00e5rtap denne m\u00e5neden? Her er grunnen til at sesongbasert er normalt"},{"@type":"BreadcrumbList","@id":"https:\/\/nordnesrepublikken.no\/index.php\/2025\/09\/20\/har-du-lagt-merke-til-mer-hartap-denne-maneden-her-er-grunnen-til-at-sesongbasert-er-normalt\/#breadcrumb","itemListElement":[{"@type":"ListItem","position":1,"name":"Home","item":"https:\/\/nordnesrepublikken.no\/"},{"@type":"ListItem","position":2,"name":"Har du lagt merke til mer h\u00e5rtap denne m\u00e5neden? Her er grunnen til at sesongbasert er normalt"}]},{"@type":"WebSite","@id":"https:\/\/nordnesrepublikken.no\/#website","url":"https:\/\/nordnesrepublikken.no\/","name":"Nordnesrepublikken","description":"Stemmer og Visjoner fra Republikkens Hjerte","publisher":{"@id":"https:\/\/nordnesrepublikken.no\/#organization"},"potentialAction":[{"@type":"SearchAction","target":{"@type":"EntryPoint","urlTemplate":"https:\/\/nordnesrepublikken.no\/?s={search_term_string}"},"query-input":{"@type":"PropertyValueSpecification","valueRequired":true,"valueName":"search_term_string"}}],"inLanguage":"nb-NO"},{"@type":"Organization","@id":"https:\/\/nordnesrepublikken.no\/#organization","name":"Nordnesrepublikken","url":"https:\/\/nordnesrepublikken.no\/","logo":{"@type":"ImageObject","inLanguage":"nb-NO","@id":"https:\/\/nordnesrepublikken.no\/#\/schema\/logo\/image\/","url":"https:\/\/nordnesrepublikken.no\/wp-content\/uploads\/2025\/02\/cropped-nordnesrepublikken-2.png","contentUrl":"https:\/\/nordnesrepublikken.no\/wp-content\/uploads\/2025\/02\/cropped-nordnesrepublikken-2.png","width":1248,"height":362,"caption":"Nordnesrepublikken"},"image":{"@id":"https:\/\/nordnesrepublikken.no\/#\/schema\/logo\/image\/"}},{"@type":"Person","@id":"https:\/\/nordnesrepublikken.no\/#\/schema\/person\/2e7e81935bab77882fffb79296240ff1","name":"Ole Andersen","image":{"@type":"ImageObject","inLanguage":"nb-NO","@id":"https:\/\/nordnesrepublikken.no\/#\/schema\/person\/image\/","url":"https:\/\/nordnesrepublikken.no\/wp-content\/uploads\/2025\/02\/nordnesrepublikken-2-2-150x150.jpg","contentUrl":"https:\/\/nordnesrepublikken.no\/wp-content\/uploads\/2025\/02\/nordnesrepublikken-2-2-150x150.jpg","caption":"Ole Andersen"},"description":"Ettersom jeg vokste opp i Oslo, har jeg alltid v\u00e6rt fascinert av ordenes kraft og deres evne til \u00e5 skape endringer. Etter \u00e5 ha fullf\u00f8rt min utdannelse i kommunikasjon ved Universitetet i Bergen, fikk jeg muligheten til \u00e5 jobbe innen ulike medier, der jeg har s\u00f8kt \u00e5 belyse viktige samfunnssp\u00f8rsm\u00e5l. I dag, som redakt\u00f8r for Nordnesrepublikken, pr\u00f8ver jeg \u00e5 forene min kj\u00e6rlighet for journalistikk med min lidenskap for innovasjon og eventyr.","sameAs":["https:\/\/nordnesrepublikken.no\/"]}]}},"_links":{"self":[{"href":"https:\/\/nordnesrepublikken.no\/index.php\/wp-json\/wp\/v2\/posts\/9770","targetHints":{"allow":["GET"]}}],"collection":[{"href":"https:\/\/nordnesrepublikken.no\/index.php\/wp-json\/wp\/v2\/posts"}],"about":[{"href":"https:\/\/nordnesrepublikken.no\/index.php\/wp-json\/wp\/v2\/types\/post"}],"author":[{"embeddable":true,"href":"https:\/\/nordnesrepublikken.no\/index.php\/wp-json\/wp\/v2\/users\/1"}],"replies":[{"embeddable":true,"href":"https:\/\/nordnesrepublikken.no\/index.php\/wp-json\/wp\/v2\/comments?post=9770"}],"version-history":[{"count":1,"href":"https:\/\/nordnesrepublikken.no\/index.php\/wp-json\/wp\/v2\/posts\/9770\/revisions"}],"predecessor-version":[{"id":9772,"href":"https:\/\/nordnesrepublikken.no\/index.php\/wp-json\/wp\/v2\/posts\/9770\/revisions\/9772"}],"wp:featuredmedia":[{"embeddable":true,"href":"https:\/\/nordnesrepublikken.no\/index.php\/wp-json\/wp\/v2\/media\/9771"}],"wp:attachment":[{"href":"https:\/\/nordnesrepublikken.no\/index.php\/wp-json\/wp\/v2\/media?parent=9770"}],"wp:term":[{"taxonomy":"category","embeddable":true,"href":"https:\/\/nordnesrepublikken.no\/index.php\/wp-json\/wp\/v2\/categories?post=9770"},{"taxonomy":"post_tag","embeddable":true,"href":"https:\/\/nordnesrepublikken.no\/index.php\/wp-json\/wp\/v2\/tags?post=9770"}],"curies":[{"name":"wp","href":"https:\/\/api.w.org\/{rel}","templated":true}]}}