{"id":9755,"date":"2025-09-20T07:49:29","date_gmt":"2025-09-20T05:49:29","guid":{"rendered":"https:\/\/nordnesrepublikken.no\/index.php\/2025\/09\/20\/tren-maya-og-dens-vei-fra-mexico-en-ny-utfordring-for-turisme-la-oss-ga-om-bord\/"},"modified":"2025-09-20T07:49:30","modified_gmt":"2025-09-20T05:49:30","slug":"tren-maya-og-dens-vei-fra-mexico-en-ny-utfordring-for-turisme-la-oss-ga-om-bord","status":"publish","type":"post","link":"https:\/\/nordnesrepublikken.no\/index.php\/2025\/09\/20\/tren-maya-og-dens-vei-fra-mexico-en-ny-utfordring-for-turisme-la-oss-ga-om-bord\/","title":{"rendered":"Tren Maya og dens vei, fra Mexico En ny utfordring for turisme: La oss g\u00e5 om bord"},"content":{"rendered":"<div>\n<div class=\"cp_wrapper cp_wrapper--fw mb-30 mb-20@tablet\">\n<figure class=\"mm\"><picture class=\"img\" style=\"padding-top:56.25%\"><source  media=\"(min-width: 1024px)\"><source  media=\"(min-width: 768px)\"><\/source><\/source><\/picture><\/figure>\n<\/p><\/div>\n<p>Prosjektet til <strong>Tren Maya<\/strong> (Maya Train) er en del av et stort prosjekt i S\u00f8r -Amerika, med sikte p\u00e5 \u00e5 revolusjonere det lokale reiselivsmarkedet. Spesielt er det et stort langt interurban jernbanenett <strong>1500 km <\/strong>som krysser halv\u00f8ya av <strong>Yucat\u00e1n,<\/strong> Ved \u00e5 koble byer til forskjellige regioner (Tabasco, Chiapas, Campeche og Quintana Roo), arkeologiske steder og turistattraksjoner.<\/p>\n<h2>Tren Maya -prosjektet og dets vei<\/h2>\n<p>Fra ingeni\u00f8rens synspunkt er det et prosjekt som har f\u00e5tt med seg flere utfordringer for designere. F\u00f8rst av alt, som allerede forventet, er banen som Tren Maya f\u00f8lger godt lang <strong>1500 km,<\/strong>  artikulere seg selv gjennom de meksikanske regionene av <strong>Tabasco, Chiapas, Campeche, Yucat\u00e1n og Quintana Roo. <\/strong>Maksimal hastighet som konvoiene vil ber\u00f8re er av<strong> 160 km\/t<\/strong>. De er designet for transport av varer og fremfor alt av mennesker. Disse konvoiene, som kalles &laquo;<strong>Xiinbal<\/strong>&laquo;, Er de designet av det franske Alfa -selskapet.<\/p>\n<p>Opprinnelig hadde et diesel diett blitt tenkt p\u00e5, selv om det da ble valgt \u00e5 lage mer enn halvparten av <strong>Fullt elektrifisert bane. <\/strong>Fra synspunktet av infrastrukturintervensjoner vil byggingen av Tren Maya kreve \u00e5 skape en hel serie infrastrukturer som for eksempel som <strong>broer, viadukter, gallerier,<\/strong> Til slutt vil Tren Maya s\u00f8rge for n\u00e6rv\u00e6r av <strong>36 stasjoner,<\/strong> Og <strong>6 forekomster. <\/strong><\/p>\n<div class=\"cp_wrapper cp_wrapper--fw mb-50\">\n<figure class=\"mm\"><picture class=\"img\" style=\"padding-top:66.6015625%\"><source  media=\"(min-width: 1024px)\"><source  media=\"(min-width: 768px)\"><img decoding=\"async\" loading=\"lazy\" src=\"https:\/\/nordnesrepublikken.no\/wp-content\/uploads\/2025\/09\/1758347369_706_Tren-Maya-og-dens-vei-fra-Mexico-En-ny-utfordring.jpg\" alt=\"Bilde\" width=\"1024\" height=\"682\"\/><\/source><\/source><\/picture><\/figure>\n<\/p><\/div>\n<h2>Toget er en del av Mundo Maya: A Cutting -edge Tourist Project<\/h2>\n<p>Tren Maya -prosjektet er en del av et bredere designkonsept, som tar navnet til <strong>Mundo Maya<\/strong>som best\u00e5r av et dyptg\u00e5ende samarbeid mellom land som insisterer p\u00e5 det mesoamerikanske omr\u00e5det (<strong>Mexico, Guatemala, Belize, El Salvador og Honduras)<\/strong> For \u00e5 fremme lokal turisme med tanke p\u00e5 b\u00e6rekraft, tar sikte p\u00e5 \u00e5 styrke den historiske og kulturelle arven som tilbys av de arkeologiske stedene i den gamle Maya -sivilisasjonen.<\/p>\n<div class=\"cp_wrapper cp_wrapper--fw mb-50\">\n<figure class=\"mm\"><picture class=\"img\" style=\"padding-top:58.493526873284%\"><source  media=\"(min-width: 1024px)\"><source  media=\"(min-width: 768px)\"><img decoding=\"async\" loading=\"lazy\" src=\"https:\/\/nordnesrepublikken.no\/wp-content\/uploads\/2025\/09\/1758347369_358_Tren-Maya-og-dens-vei-fra-Mexico-En-ny-utfordring.jpg\" alt=\"Bilde\" width=\"2549\" height=\"1491\" class=\"js-seedtag-img\"\/><\/source><\/source><\/picture><\/figure>\n<\/p><\/div>\n<p>Dette viktige turistprosjektet var \u00f8nsket av <strong>Munda Maya Organization, <\/strong>som er en lokal organisasjon som vil administrere og koordinere alle faser av unnfangelse og realisering av de viktige infrastrukturene som vil bli utf\u00f8rt p\u00e5 stedet.<\/p>\n<h2>Utfordringer og kritikk av Maya -toget<\/h2>\n<p>Blant de viktigste ingeni\u00f8rutfordringene er det absolutt de som ang\u00e5r <strong>den geologiske og milj\u00f8p\u00e5virkningen<\/strong> f\u00f8lgelig til realiseringen av Mega -prosjektet. Omr\u00e5det som jernbaneinfrastrukturen vil bli passert p\u00e5 er preget av en sv\u00e6rt ustabil jord, preget av innl\u00f8p og underjordiske hulrom. I denne forstand ville til og med noen organisasjoner for beskyttelse av milj\u00f8et ha anklaget selskapene som jobber for byggingen av prosjektet for \u00e5 ha kastet betong direkte i hulene og i hulene, og for \u00e5 bevisst ha \u00f8delagt noen steinete og speleologiske formasjoner av utvilsomt naturalistisk verdi. I tillegg har Tren Maya -prosjektet v\u00e6rt gjenstand for kritikk knyttet til avskogingen som er n\u00f8dvendig for \u00e5 bygge ruten som jernbanen vil passere p\u00e5.<\/p>\n<\/p><\/div>\n","protected":false},"excerpt":{"rendered":"<p>Prosjektet til Tren Maya (Maya Train) er en del av et stort prosjekt i S\u00f8r<\/p>\n","protected":false},"author":1,"featured_media":9756,"comment_status":"closed","ping_status":"open","sticky":false,"template":"","format":"standard","meta":{"footnotes":""},"categories":[24],"tags":[3472,1244,125,698,6379,364,657,6378,1657,3560,1347],"class_list":["post-9755","post","type-post","status-publish","format-standard","has-post-thumbnail","hentry","category-vitenskap","tag-bord","tag-dens","tag-fra","tag-ga","tag-maya","tag-mexico","tag-oss","tag-tren","tag-turisme","tag-utfordring","tag-vei","generate-columns","tablet-grid-50","mobile-grid-100","grid-parent","grid-33","resize-featured-image"],"yoast_head":"<!-- This site is optimized with the Yoast SEO plugin v24.4 - https:\/\/yoast.com\/wordpress\/plugins\/seo\/ -->\n<title>Tren Maya og dens vei, fra Mexico En ny utfordring for turisme: La oss g\u00e5 om bord - Nordnesrepublikken<\/title>\n<meta name=\"robots\" content=\"index, follow, max-snippet:-1, max-image-preview:large, max-video-preview:-1\" \/>\n<link rel=\"canonical\" href=\"https:\/\/nordnesrepublikken.no\/index.php\/2025\/09\/20\/tren-maya-og-dens-vei-fra-mexico-en-ny-utfordring-for-turisme-la-oss-ga-om-bord\/\" \/>\n<meta property=\"og:locale\" content=\"nb_NO\" \/>\n<meta property=\"og:type\" content=\"article\" \/>\n<meta property=\"og:title\" content=\"Tren Maya og dens vei, fra Mexico En ny utfordring for turisme: La oss g\u00e5 om bord - Nordnesrepublikken\" \/>\n<meta property=\"og:description\" content=\"Prosjektet til Tren Maya (Maya Train) er en del av et stort prosjekt i S\u00f8r\" \/>\n<meta property=\"og:url\" content=\"https:\/\/nordnesrepublikken.no\/index.php\/2025\/09\/20\/tren-maya-og-dens-vei-fra-mexico-en-ny-utfordring-for-turisme-la-oss-ga-om-bord\/\" \/>\n<meta property=\"og:site_name\" content=\"Nordnesrepublikken\" \/>\n<meta property=\"article:published_time\" content=\"2025-09-20T05:49:29+00:00\" \/>\n<meta property=\"article:modified_time\" content=\"2025-09-20T05:49:30+00:00\" \/>\n<meta property=\"og:image\" content=\"https:\/\/nordnesrepublikken.no\/wp-content\/uploads\/2025\/09\/1758347370_Tren-Maya-og-dens-vei-fra-Mexico-En-ny-utfordring.jpg\" \/>\n\t<meta property=\"og:image:width\" content=\"1024\" \/>\n\t<meta property=\"og:image:height\" content=\"683\" \/>\n\t<meta property=\"og:image:type\" content=\"image\/jpeg\" \/>\n<meta name=\"author\" content=\"Ole Andersen\" \/>\n<meta name=\"twitter:card\" content=\"summary_large_image\" \/>\n<meta name=\"twitter:label1\" content=\"Skrevet av\" \/>\n\t<meta name=\"twitter:data1\" content=\"Ole Andersen\" \/>\n\t<meta name=\"twitter:label2\" content=\"Ansl. lesetid\" \/>\n\t<meta name=\"twitter:data2\" content=\"2 minutter\" \/>\n<script type=\"application\/ld+json\" class=\"yoast-schema-graph\">{\"@context\":\"https:\/\/schema.org\",\"@graph\":[{\"@type\":\"Article\",\"@id\":\"https:\/\/nordnesrepublikken.no\/index.php\/2025\/09\/20\/tren-maya-og-dens-vei-fra-mexico-en-ny-utfordring-for-turisme-la-oss-ga-om-bord\/#article\",\"isPartOf\":{\"@id\":\"https:\/\/nordnesrepublikken.no\/index.php\/2025\/09\/20\/tren-maya-og-dens-vei-fra-mexico-en-ny-utfordring-for-turisme-la-oss-ga-om-bord\/\"},\"author\":{\"name\":\"Ole Andersen\",\"@id\":\"https:\/\/nordnesrepublikken.no\/#\/schema\/person\/2e7e81935bab77882fffb79296240ff1\"},\"headline\":\"Tren Maya og dens vei, fra Mexico En ny utfordring for turisme: La oss g\u00e5 om bord\",\"datePublished\":\"2025-09-20T05:49:29+00:00\",\"dateModified\":\"2025-09-20T05:49:30+00:00\",\"mainEntityOfPage\":{\"@id\":\"https:\/\/nordnesrepublikken.no\/index.php\/2025\/09\/20\/tren-maya-og-dens-vei-fra-mexico-en-ny-utfordring-for-turisme-la-oss-ga-om-bord\/\"},\"wordCount\":468,\"publisher\":{\"@id\":\"https:\/\/nordnesrepublikken.no\/#organization\"},\"image\":{\"@id\":\"https:\/\/nordnesrepublikken.no\/index.php\/2025\/09\/20\/tren-maya-og-dens-vei-fra-mexico-en-ny-utfordring-for-turisme-la-oss-ga-om-bord\/#primaryimage\"},\"thumbnailUrl\":\"https:\/\/nordnesrepublikken.no\/wp-content\/uploads\/2025\/09\/1758347370_Tren-Maya-og-dens-vei-fra-Mexico-En-ny-utfordring.jpg\",\"keywords\":[\"bord\",\"dens\",\"fra\",\"g\u00e5\",\"Maya\",\"Mexico\",\"oss\",\"Tren\",\"turisme\",\"utfordring\",\"vei\"],\"articleSection\":[\"Vitenskap\"],\"inLanguage\":\"nb-NO\"},{\"@type\":\"WebPage\",\"@id\":\"https:\/\/nordnesrepublikken.no\/index.php\/2025\/09\/20\/tren-maya-og-dens-vei-fra-mexico-en-ny-utfordring-for-turisme-la-oss-ga-om-bord\/\",\"url\":\"https:\/\/nordnesrepublikken.no\/index.php\/2025\/09\/20\/tren-maya-og-dens-vei-fra-mexico-en-ny-utfordring-for-turisme-la-oss-ga-om-bord\/\",\"name\":\"Tren Maya og dens vei, fra Mexico En ny utfordring for turisme: La oss g\u00e5 om bord - Nordnesrepublikken\",\"isPartOf\":{\"@id\":\"https:\/\/nordnesrepublikken.no\/#website\"},\"primaryImageOfPage\":{\"@id\":\"https:\/\/nordnesrepublikken.no\/index.php\/2025\/09\/20\/tren-maya-og-dens-vei-fra-mexico-en-ny-utfordring-for-turisme-la-oss-ga-om-bord\/#primaryimage\"},\"image\":{\"@id\":\"https:\/\/nordnesrepublikken.no\/index.php\/2025\/09\/20\/tren-maya-og-dens-vei-fra-mexico-en-ny-utfordring-for-turisme-la-oss-ga-om-bord\/#primaryimage\"},\"thumbnailUrl\":\"https:\/\/nordnesrepublikken.no\/wp-content\/uploads\/2025\/09\/1758347370_Tren-Maya-og-dens-vei-fra-Mexico-En-ny-utfordring.jpg\",\"datePublished\":\"2025-09-20T05:49:29+00:00\",\"dateModified\":\"2025-09-20T05:49:30+00:00\",\"breadcrumb\":{\"@id\":\"https:\/\/nordnesrepublikken.no\/index.php\/2025\/09\/20\/tren-maya-og-dens-vei-fra-mexico-en-ny-utfordring-for-turisme-la-oss-ga-om-bord\/#breadcrumb\"},\"inLanguage\":\"nb-NO\",\"potentialAction\":[{\"@type\":\"ReadAction\",\"target\":[\"https:\/\/nordnesrepublikken.no\/index.php\/2025\/09\/20\/tren-maya-og-dens-vei-fra-mexico-en-ny-utfordring-for-turisme-la-oss-ga-om-bord\/\"]}]},{\"@type\":\"ImageObject\",\"inLanguage\":\"nb-NO\",\"@id\":\"https:\/\/nordnesrepublikken.no\/index.php\/2025\/09\/20\/tren-maya-og-dens-vei-fra-mexico-en-ny-utfordring-for-turisme-la-oss-ga-om-bord\/#primaryimage\",\"url\":\"https:\/\/nordnesrepublikken.no\/wp-content\/uploads\/2025\/09\/1758347370_Tren-Maya-og-dens-vei-fra-Mexico-En-ny-utfordring.jpg\",\"contentUrl\":\"https:\/\/nordnesrepublikken.no\/wp-content\/uploads\/2025\/09\/1758347370_Tren-Maya-og-dens-vei-fra-Mexico-En-ny-utfordring.jpg\",\"width\":1024,\"height\":683,\"caption\":\"Immagine\"},{\"@type\":\"BreadcrumbList\",\"@id\":\"https:\/\/nordnesrepublikken.no\/index.php\/2025\/09\/20\/tren-maya-og-dens-vei-fra-mexico-en-ny-utfordring-for-turisme-la-oss-ga-om-bord\/#breadcrumb\",\"itemListElement\":[{\"@type\":\"ListItem\",\"position\":1,\"name\":\"Home\",\"item\":\"https:\/\/nordnesrepublikken.no\/\"},{\"@type\":\"ListItem\",\"position\":2,\"name\":\"Tren Maya og dens vei, fra Mexico En ny utfordring for turisme: La oss g\u00e5 om bord\"}]},{\"@type\":\"WebSite\",\"@id\":\"https:\/\/nordnesrepublikken.no\/#website\",\"url\":\"https:\/\/nordnesrepublikken.no\/\",\"name\":\"Nordnesrepublikken\",\"description\":\"Stemmer og Visjoner fra Republikkens Hjerte\",\"publisher\":{\"@id\":\"https:\/\/nordnesrepublikken.no\/#organization\"},\"potentialAction\":[{\"@type\":\"SearchAction\",\"target\":{\"@type\":\"EntryPoint\",\"urlTemplate\":\"https:\/\/nordnesrepublikken.no\/?s={search_term_string}\"},\"query-input\":{\"@type\":\"PropertyValueSpecification\",\"valueRequired\":true,\"valueName\":\"search_term_string\"}}],\"inLanguage\":\"nb-NO\"},{\"@type\":\"Organization\",\"@id\":\"https:\/\/nordnesrepublikken.no\/#organization\",\"name\":\"Nordnesrepublikken\",\"url\":\"https:\/\/nordnesrepublikken.no\/\",\"logo\":{\"@type\":\"ImageObject\",\"inLanguage\":\"nb-NO\",\"@id\":\"https:\/\/nordnesrepublikken.no\/#\/schema\/logo\/image\/\",\"url\":\"https:\/\/nordnesrepublikken.no\/wp-content\/uploads\/2025\/02\/cropped-nordnesrepublikken-2.png\",\"contentUrl\":\"https:\/\/nordnesrepublikken.no\/wp-content\/uploads\/2025\/02\/cropped-nordnesrepublikken-2.png\",\"width\":1248,\"height\":362,\"caption\":\"Nordnesrepublikken\"},\"image\":{\"@id\":\"https:\/\/nordnesrepublikken.no\/#\/schema\/logo\/image\/\"}},{\"@type\":\"Person\",\"@id\":\"https:\/\/nordnesrepublikken.no\/#\/schema\/person\/2e7e81935bab77882fffb79296240ff1\",\"name\":\"Ole Andersen\",\"image\":{\"@type\":\"ImageObject\",\"inLanguage\":\"nb-NO\",\"@id\":\"https:\/\/nordnesrepublikken.no\/#\/schema\/person\/image\/\",\"url\":\"https:\/\/nordnesrepublikken.no\/wp-content\/uploads\/2025\/02\/nordnesrepublikken-2-2-150x150.jpg\",\"contentUrl\":\"https:\/\/nordnesrepublikken.no\/wp-content\/uploads\/2025\/02\/nordnesrepublikken-2-2-150x150.jpg\",\"caption\":\"Ole Andersen\"},\"description\":\"Ettersom jeg vokste opp i Oslo, har jeg alltid v\u00e6rt fascinert av ordenes kraft og deres evne til \u00e5 skape endringer. Etter \u00e5 ha fullf\u00f8rt min utdannelse i kommunikasjon ved Universitetet i Bergen, fikk jeg muligheten til \u00e5 jobbe innen ulike medier, der jeg har s\u00f8kt \u00e5 belyse viktige samfunnssp\u00f8rsm\u00e5l. I dag, som redakt\u00f8r for Nordnesrepublikken, pr\u00f8ver jeg \u00e5 forene min kj\u00e6rlighet for journalistikk med min lidenskap for innovasjon og eventyr.\",\"sameAs\":[\"https:\/\/nordnesrepublikken.no\/\"]}]}<\/script>\n<!-- \/ Yoast SEO plugin. -->","yoast_head_json":{"title":"Tren Maya og dens vei, fra Mexico En ny utfordring for turisme: La oss g\u00e5 om bord - Nordnesrepublikken","robots":{"index":"index","follow":"follow","max-snippet":"max-snippet:-1","max-image-preview":"max-image-preview:large","max-video-preview":"max-video-preview:-1"},"canonical":"https:\/\/nordnesrepublikken.no\/index.php\/2025\/09\/20\/tren-maya-og-dens-vei-fra-mexico-en-ny-utfordring-for-turisme-la-oss-ga-om-bord\/","og_locale":"nb_NO","og_type":"article","og_title":"Tren Maya og dens vei, fra Mexico En ny utfordring for turisme: La oss g\u00e5 om bord - Nordnesrepublikken","og_description":"Prosjektet til Tren Maya (Maya Train) er en del av et stort prosjekt i S\u00f8r","og_url":"https:\/\/nordnesrepublikken.no\/index.php\/2025\/09\/20\/tren-maya-og-dens-vei-fra-mexico-en-ny-utfordring-for-turisme-la-oss-ga-om-bord\/","og_site_name":"Nordnesrepublikken","article_published_time":"2025-09-20T05:49:29+00:00","article_modified_time":"2025-09-20T05:49:30+00:00","og_image":[{"width":1024,"height":683,"url":"https:\/\/nordnesrepublikken.no\/wp-content\/uploads\/2025\/09\/1758347370_Tren-Maya-og-dens-vei-fra-Mexico-En-ny-utfordring.jpg","type":"image\/jpeg"}],"author":"Ole Andersen","twitter_card":"summary_large_image","twitter_misc":{"Skrevet av":"Ole Andersen","Ansl. lesetid":"2 minutter"},"schema":{"@context":"https:\/\/schema.org","@graph":[{"@type":"Article","@id":"https:\/\/nordnesrepublikken.no\/index.php\/2025\/09\/20\/tren-maya-og-dens-vei-fra-mexico-en-ny-utfordring-for-turisme-la-oss-ga-om-bord\/#article","isPartOf":{"@id":"https:\/\/nordnesrepublikken.no\/index.php\/2025\/09\/20\/tren-maya-og-dens-vei-fra-mexico-en-ny-utfordring-for-turisme-la-oss-ga-om-bord\/"},"author":{"name":"Ole Andersen","@id":"https:\/\/nordnesrepublikken.no\/#\/schema\/person\/2e7e81935bab77882fffb79296240ff1"},"headline":"Tren Maya og dens vei, fra Mexico En ny utfordring for turisme: La oss g\u00e5 om bord","datePublished":"2025-09-20T05:49:29+00:00","dateModified":"2025-09-20T05:49:30+00:00","mainEntityOfPage":{"@id":"https:\/\/nordnesrepublikken.no\/index.php\/2025\/09\/20\/tren-maya-og-dens-vei-fra-mexico-en-ny-utfordring-for-turisme-la-oss-ga-om-bord\/"},"wordCount":468,"publisher":{"@id":"https:\/\/nordnesrepublikken.no\/#organization"},"image":{"@id":"https:\/\/nordnesrepublikken.no\/index.php\/2025\/09\/20\/tren-maya-og-dens-vei-fra-mexico-en-ny-utfordring-for-turisme-la-oss-ga-om-bord\/#primaryimage"},"thumbnailUrl":"https:\/\/nordnesrepublikken.no\/wp-content\/uploads\/2025\/09\/1758347370_Tren-Maya-og-dens-vei-fra-Mexico-En-ny-utfordring.jpg","keywords":["bord","dens","fra","g\u00e5","Maya","Mexico","oss","Tren","turisme","utfordring","vei"],"articleSection":["Vitenskap"],"inLanguage":"nb-NO"},{"@type":"WebPage","@id":"https:\/\/nordnesrepublikken.no\/index.php\/2025\/09\/20\/tren-maya-og-dens-vei-fra-mexico-en-ny-utfordring-for-turisme-la-oss-ga-om-bord\/","url":"https:\/\/nordnesrepublikken.no\/index.php\/2025\/09\/20\/tren-maya-og-dens-vei-fra-mexico-en-ny-utfordring-for-turisme-la-oss-ga-om-bord\/","name":"Tren Maya og dens vei, fra Mexico En ny utfordring for turisme: La oss g\u00e5 om bord - Nordnesrepublikken","isPartOf":{"@id":"https:\/\/nordnesrepublikken.no\/#website"},"primaryImageOfPage":{"@id":"https:\/\/nordnesrepublikken.no\/index.php\/2025\/09\/20\/tren-maya-og-dens-vei-fra-mexico-en-ny-utfordring-for-turisme-la-oss-ga-om-bord\/#primaryimage"},"image":{"@id":"https:\/\/nordnesrepublikken.no\/index.php\/2025\/09\/20\/tren-maya-og-dens-vei-fra-mexico-en-ny-utfordring-for-turisme-la-oss-ga-om-bord\/#primaryimage"},"thumbnailUrl":"https:\/\/nordnesrepublikken.no\/wp-content\/uploads\/2025\/09\/1758347370_Tren-Maya-og-dens-vei-fra-Mexico-En-ny-utfordring.jpg","datePublished":"2025-09-20T05:49:29+00:00","dateModified":"2025-09-20T05:49:30+00:00","breadcrumb":{"@id":"https:\/\/nordnesrepublikken.no\/index.php\/2025\/09\/20\/tren-maya-og-dens-vei-fra-mexico-en-ny-utfordring-for-turisme-la-oss-ga-om-bord\/#breadcrumb"},"inLanguage":"nb-NO","potentialAction":[{"@type":"ReadAction","target":["https:\/\/nordnesrepublikken.no\/index.php\/2025\/09\/20\/tren-maya-og-dens-vei-fra-mexico-en-ny-utfordring-for-turisme-la-oss-ga-om-bord\/"]}]},{"@type":"ImageObject","inLanguage":"nb-NO","@id":"https:\/\/nordnesrepublikken.no\/index.php\/2025\/09\/20\/tren-maya-og-dens-vei-fra-mexico-en-ny-utfordring-for-turisme-la-oss-ga-om-bord\/#primaryimage","url":"https:\/\/nordnesrepublikken.no\/wp-content\/uploads\/2025\/09\/1758347370_Tren-Maya-og-dens-vei-fra-Mexico-En-ny-utfordring.jpg","contentUrl":"https:\/\/nordnesrepublikken.no\/wp-content\/uploads\/2025\/09\/1758347370_Tren-Maya-og-dens-vei-fra-Mexico-En-ny-utfordring.jpg","width":1024,"height":683,"caption":"Immagine"},{"@type":"BreadcrumbList","@id":"https:\/\/nordnesrepublikken.no\/index.php\/2025\/09\/20\/tren-maya-og-dens-vei-fra-mexico-en-ny-utfordring-for-turisme-la-oss-ga-om-bord\/#breadcrumb","itemListElement":[{"@type":"ListItem","position":1,"name":"Home","item":"https:\/\/nordnesrepublikken.no\/"},{"@type":"ListItem","position":2,"name":"Tren Maya og dens vei, fra Mexico En ny utfordring for turisme: La oss g\u00e5 om bord"}]},{"@type":"WebSite","@id":"https:\/\/nordnesrepublikken.no\/#website","url":"https:\/\/nordnesrepublikken.no\/","name":"Nordnesrepublikken","description":"Stemmer og Visjoner fra Republikkens Hjerte","publisher":{"@id":"https:\/\/nordnesrepublikken.no\/#organization"},"potentialAction":[{"@type":"SearchAction","target":{"@type":"EntryPoint","urlTemplate":"https:\/\/nordnesrepublikken.no\/?s={search_term_string}"},"query-input":{"@type":"PropertyValueSpecification","valueRequired":true,"valueName":"search_term_string"}}],"inLanguage":"nb-NO"},{"@type":"Organization","@id":"https:\/\/nordnesrepublikken.no\/#organization","name":"Nordnesrepublikken","url":"https:\/\/nordnesrepublikken.no\/","logo":{"@type":"ImageObject","inLanguage":"nb-NO","@id":"https:\/\/nordnesrepublikken.no\/#\/schema\/logo\/image\/","url":"https:\/\/nordnesrepublikken.no\/wp-content\/uploads\/2025\/02\/cropped-nordnesrepublikken-2.png","contentUrl":"https:\/\/nordnesrepublikken.no\/wp-content\/uploads\/2025\/02\/cropped-nordnesrepublikken-2.png","width":1248,"height":362,"caption":"Nordnesrepublikken"},"image":{"@id":"https:\/\/nordnesrepublikken.no\/#\/schema\/logo\/image\/"}},{"@type":"Person","@id":"https:\/\/nordnesrepublikken.no\/#\/schema\/person\/2e7e81935bab77882fffb79296240ff1","name":"Ole Andersen","image":{"@type":"ImageObject","inLanguage":"nb-NO","@id":"https:\/\/nordnesrepublikken.no\/#\/schema\/person\/image\/","url":"https:\/\/nordnesrepublikken.no\/wp-content\/uploads\/2025\/02\/nordnesrepublikken-2-2-150x150.jpg","contentUrl":"https:\/\/nordnesrepublikken.no\/wp-content\/uploads\/2025\/02\/nordnesrepublikken-2-2-150x150.jpg","caption":"Ole Andersen"},"description":"Ettersom jeg vokste opp i Oslo, har jeg alltid v\u00e6rt fascinert av ordenes kraft og deres evne til \u00e5 skape endringer. Etter \u00e5 ha fullf\u00f8rt min utdannelse i kommunikasjon ved Universitetet i Bergen, fikk jeg muligheten til \u00e5 jobbe innen ulike medier, der jeg har s\u00f8kt \u00e5 belyse viktige samfunnssp\u00f8rsm\u00e5l. I dag, som redakt\u00f8r for Nordnesrepublikken, pr\u00f8ver jeg \u00e5 forene min kj\u00e6rlighet for journalistikk med min lidenskap for innovasjon og eventyr.","sameAs":["https:\/\/nordnesrepublikken.no\/"]}]}},"_links":{"self":[{"href":"https:\/\/nordnesrepublikken.no\/index.php\/wp-json\/wp\/v2\/posts\/9755","targetHints":{"allow":["GET"]}}],"collection":[{"href":"https:\/\/nordnesrepublikken.no\/index.php\/wp-json\/wp\/v2\/posts"}],"about":[{"href":"https:\/\/nordnesrepublikken.no\/index.php\/wp-json\/wp\/v2\/types\/post"}],"author":[{"embeddable":true,"href":"https:\/\/nordnesrepublikken.no\/index.php\/wp-json\/wp\/v2\/users\/1"}],"replies":[{"embeddable":true,"href":"https:\/\/nordnesrepublikken.no\/index.php\/wp-json\/wp\/v2\/comments?post=9755"}],"version-history":[{"count":1,"href":"https:\/\/nordnesrepublikken.no\/index.php\/wp-json\/wp\/v2\/posts\/9755\/revisions"}],"predecessor-version":[{"id":9757,"href":"https:\/\/nordnesrepublikken.no\/index.php\/wp-json\/wp\/v2\/posts\/9755\/revisions\/9757"}],"wp:featuredmedia":[{"embeddable":true,"href":"https:\/\/nordnesrepublikken.no\/index.php\/wp-json\/wp\/v2\/media\/9756"}],"wp:attachment":[{"href":"https:\/\/nordnesrepublikken.no\/index.php\/wp-json\/wp\/v2\/media?parent=9755"}],"wp:term":[{"taxonomy":"category","embeddable":true,"href":"https:\/\/nordnesrepublikken.no\/index.php\/wp-json\/wp\/v2\/categories?post=9755"},{"taxonomy":"post_tag","embeddable":true,"href":"https:\/\/nordnesrepublikken.no\/index.php\/wp-json\/wp\/v2\/tags?post=9755"}],"curies":[{"name":"wp","href":"https:\/\/api.w.org\/{rel}","templated":true}]}}