{"id":9717,"date":"2025-09-19T06:50:04","date_gmt":"2025-09-19T04:50:04","guid":{"rendered":"https:\/\/nordnesrepublikken.no\/index.php\/2025\/09\/19\/ikke-rot-med-ryanair-cabin-crew-passenger-domt-etter-ibiza-flight-chaos\/"},"modified":"2025-09-19T06:50:06","modified_gmt":"2025-09-19T04:50:06","slug":"ikke-rot-med-ryanair-cabin-crew-passenger-domt-etter-ibiza-flight-chaos","status":"publish","type":"post","link":"https:\/\/nordnesrepublikken.no\/index.php\/2025\/09\/19\/ikke-rot-med-ryanair-cabin-crew-passenger-domt-etter-ibiza-flight-chaos\/","title":{"rendered":"Ikke rot med Ryanair Cabin Crew: Passenger d\u00f8mt etter Ibiza Flight Chaos"},"content":{"rendered":"<p><\/p>\n<div class=\"wordpress-content\">\n                    <!-- Article Start --><\/p>\n<p><strong>En Ryanair-passasjer som syntes det var en god id\u00e9 \u00e5 svinge p\u00e5 kabinpersonalet midt p\u00e5 flygen, har nettopp l\u00e6rt hvor dyr dumhet kan v\u00e6re.<\/strong><\/p>\n<p>Hendelsen skjedde 4. juni ombord p\u00e5 Flight FR7567 fra Ibiza til Alicante, da en passasjer fysisk angrep et besetningsmedlem. Alicante -domstolen var ikke myk.<\/p>\n<h2><strong>\u20ac 270 bot for en turbulent passasjer<\/strong><\/h2>\n<p>Dommen? Skyldig. Straffen? En bot p\u00e5 \u20ac 270, i utgangspunktet kostnadene for et par Ryanair-flyreiser i siste \u00f8yeblikk, eller i denne fyrens tilfelle, prisen for \u00e5 miste kj\u00f8lig p\u00e5 30 000 fot.<\/p>\n<div class=\"sra_unit\"><link rel=\"stylesheet\" id=\"block-sra\" href=\"https:\/\/euroweeklynews.com\/wp-content\/plugins\/snack-related-articles\/dist\/css\/snack-related.min.css?250312-193541\" type=\"text\/css\" media=\"all\">\n<\/div>\n<p>For flyselskapet handlet imidlertid ikke bare om en forstyrrende reisende. Ryanair har presset hardt p\u00e5 sin &laquo;nulltoleranse&raquo; -melding: handle ut p\u00e5 et fly, s\u00e5 f\u00e5r du reelle konsekvenser.<\/p>\n<p>Jade Kirwan, Ryanairs kommunikasjonsdirekt\u00f8r, \u00f8nsket avgj\u00f8relsen velkommen. &laquo;Denne saken viser bare en av konsekvensene som passasjerer som forstyrrer flyvninger som en del av flyselskapets nulltoleransepolitikk. Vi h\u00e5per dette vil fungere som en avskrekkende for en slik oppf\u00f8rsel, slik at passasjerer og mannskap kan reise i et milj\u00f8 med komfort og gjensidig respekt,&raquo; sa hun.<\/p>\n<h2><strong>Leksjonen: Domstolene er klare til \u00e5 straffe midt i luften<\/strong><\/h2>\n<p>Ryanair sier at de aller fleste mennesker bare \u00f8nsker \u00e5 komme seg fra A til B i fred, men et lite mindretall insisterer p\u00e5 \u00e5 gj\u00f8re en to timers hop til sitt eget budsjettflyselversjon av Fight Club. Og selv om \u20ac 270 ikke akkurat er en livsfrelende sum, gj\u00f8r kjennelsen klart at domstolene er villige til \u00e5 smelle uregjerlige flygeblad, og Ryanair vil s\u00f8rge for at den ikke g\u00e5r up\u00e5aktet hen.<\/p>\n<p>Flyselskapet insisterer p\u00e5 at det vil fortsette \u00e5 kjempe for \u00e5 beskytte mannskap og passasjerer mot mennesker som ikke kan oppf\u00f8re seg. For resten av oss er det gode nyheter. Tross alt er turbulens d\u00e5rlig nok uten \u00e5 m\u00e5tte takle voksne voksne som kaster slag mot menneskene som serverer kaffene.<\/p>\n<p><em>Les her flere reisenyheter.<\/em><\/p>\n<p>                    <!-- This article has been originally published at https:\/\/euroweeklynews.com\/2025\/09\/18\/dont-mess-with-ryanair-cabin-crew-passenger-convicted-after-ibiza-flight-chaos\/ on 18 Sep 2025 at 14:45 by Ion Axinescu --><br \/>\n                    <!-- Article End -->\n                <\/div>\n","protected":false},"excerpt":{"rendered":"<p>En Ryanair-passasjer som syntes det var en god id\u00e9 \u00e5 svinge p\u00e5 kabinpersonalet midt p\u00e5<\/p>\n","protected":false},"author":1,"featured_media":9718,"comment_status":"closed","ping_status":"open","sticky":false,"template":"","format":"standard","meta":{"footnotes":""},"categories":[105],"tags":[6347,611,6348,6350,92,610,6351,187,79,6349,6346,1079],"class_list":["post-9717","post","type-post","status-publish","format-standard","has-post-thumbnail","hentry","category-livsstil","tag-cabin","tag-chaos","tag-crew","tag-domt","tag-etter","tag-flight","tag-ibiza","tag-ikke","tag-med","tag-passenger","tag-rot","tag-ryanair","generate-columns","tablet-grid-50","mobile-grid-100","grid-parent","grid-33","resize-featured-image"],"yoast_head":"<!-- This site is optimized with the Yoast SEO plugin v24.4 - https:\/\/yoast.com\/wordpress\/plugins\/seo\/ -->\n<title>Ikke rot med Ryanair Cabin Crew: Passenger d\u00f8mt etter Ibiza Flight Chaos - Nordnesrepublikken<\/title>\n<meta name=\"robots\" content=\"index, follow, max-snippet:-1, max-image-preview:large, max-video-preview:-1\" \/>\n<link rel=\"canonical\" href=\"https:\/\/nordnesrepublikken.no\/index.php\/2025\/09\/19\/ikke-rot-med-ryanair-cabin-crew-passenger-domt-etter-ibiza-flight-chaos\/\" \/>\n<meta property=\"og:locale\" content=\"nb_NO\" \/>\n<meta property=\"og:type\" content=\"article\" \/>\n<meta property=\"og:title\" content=\"Ikke rot med Ryanair Cabin Crew: Passenger d\u00f8mt etter Ibiza Flight Chaos - Nordnesrepublikken\" \/>\n<meta property=\"og:description\" content=\"En Ryanair-passasjer som syntes det var en god id\u00e9 \u00e5 svinge p\u00e5 kabinpersonalet midt p\u00e5\" \/>\n<meta property=\"og:url\" content=\"https:\/\/nordnesrepublikken.no\/index.php\/2025\/09\/19\/ikke-rot-med-ryanair-cabin-crew-passenger-domt-etter-ibiza-flight-chaos\/\" \/>\n<meta property=\"og:site_name\" content=\"Nordnesrepublikken\" \/>\n<meta property=\"article:published_time\" content=\"2025-09-19T04:50:04+00:00\" \/>\n<meta property=\"article:modified_time\" content=\"2025-09-19T04:50:06+00:00\" \/>\n<meta property=\"og:image\" content=\"https:\/\/nordnesrepublikken.no\/wp-content\/uploads\/2025\/09\/1758257405_Ikke-rot-med-Ryanair-Cabin-Crew-Passenger-domt-etter-Ibiza.jpg\" \/>\n\t<meta property=\"og:image:width\" content=\"1200\" \/>\n\t<meta property=\"og:image:height\" content=\"700\" \/>\n\t<meta property=\"og:image:type\" content=\"image\/jpeg\" \/>\n<meta name=\"author\" content=\"Ole Andersen\" \/>\n<meta name=\"twitter:card\" content=\"summary_large_image\" \/>\n<meta name=\"twitter:label1\" content=\"Skrevet av\" \/>\n\t<meta name=\"twitter:data1\" content=\"Ole Andersen\" \/>\n\t<meta name=\"twitter:label2\" content=\"Ansl. lesetid\" \/>\n\t<meta name=\"twitter:data2\" content=\"2 minutter\" \/>\n<script type=\"application\/ld+json\" class=\"yoast-schema-graph\">{\"@context\":\"https:\/\/schema.org\",\"@graph\":[{\"@type\":\"Article\",\"@id\":\"https:\/\/nordnesrepublikken.no\/index.php\/2025\/09\/19\/ikke-rot-med-ryanair-cabin-crew-passenger-domt-etter-ibiza-flight-chaos\/#article\",\"isPartOf\":{\"@id\":\"https:\/\/nordnesrepublikken.no\/index.php\/2025\/09\/19\/ikke-rot-med-ryanair-cabin-crew-passenger-domt-etter-ibiza-flight-chaos\/\"},\"author\":{\"name\":\"Ole Andersen\",\"@id\":\"https:\/\/nordnesrepublikken.no\/#\/schema\/person\/2e7e81935bab77882fffb79296240ff1\"},\"headline\":\"Ikke rot med Ryanair Cabin Crew: Passenger d\u00f8mt etter Ibiza Flight Chaos\",\"datePublished\":\"2025-09-19T04:50:04+00:00\",\"dateModified\":\"2025-09-19T04:50:06+00:00\",\"mainEntityOfPage\":{\"@id\":\"https:\/\/nordnesrepublikken.no\/index.php\/2025\/09\/19\/ikke-rot-med-ryanair-cabin-crew-passenger-domt-etter-ibiza-flight-chaos\/\"},\"wordCount\":315,\"publisher\":{\"@id\":\"https:\/\/nordnesrepublikken.no\/#organization\"},\"image\":{\"@id\":\"https:\/\/nordnesrepublikken.no\/index.php\/2025\/09\/19\/ikke-rot-med-ryanair-cabin-crew-passenger-domt-etter-ibiza-flight-chaos\/#primaryimage\"},\"thumbnailUrl\":\"https:\/\/nordnesrepublikken.no\/wp-content\/uploads\/2025\/09\/1758257405_Ikke-rot-med-Ryanair-Cabin-Crew-Passenger-domt-etter-Ibiza.jpg\",\"keywords\":[\"Cabin\",\"Chaos\",\"Crew\",\"d\u00f8mt\",\"Etter\",\"Flight\",\"Ibiza\",\"ikke\",\"med\",\"Passenger\",\"rot\",\"Ryanair\"],\"articleSection\":[\"Livsstil\"],\"inLanguage\":\"nb-NO\"},{\"@type\":\"WebPage\",\"@id\":\"https:\/\/nordnesrepublikken.no\/index.php\/2025\/09\/19\/ikke-rot-med-ryanair-cabin-crew-passenger-domt-etter-ibiza-flight-chaos\/\",\"url\":\"https:\/\/nordnesrepublikken.no\/index.php\/2025\/09\/19\/ikke-rot-med-ryanair-cabin-crew-passenger-domt-etter-ibiza-flight-chaos\/\",\"name\":\"Ikke rot med Ryanair Cabin Crew: Passenger d\u00f8mt etter Ibiza Flight Chaos - Nordnesrepublikken\",\"isPartOf\":{\"@id\":\"https:\/\/nordnesrepublikken.no\/#website\"},\"primaryImageOfPage\":{\"@id\":\"https:\/\/nordnesrepublikken.no\/index.php\/2025\/09\/19\/ikke-rot-med-ryanair-cabin-crew-passenger-domt-etter-ibiza-flight-chaos\/#primaryimage\"},\"image\":{\"@id\":\"https:\/\/nordnesrepublikken.no\/index.php\/2025\/09\/19\/ikke-rot-med-ryanair-cabin-crew-passenger-domt-etter-ibiza-flight-chaos\/#primaryimage\"},\"thumbnailUrl\":\"https:\/\/nordnesrepublikken.no\/wp-content\/uploads\/2025\/09\/1758257405_Ikke-rot-med-Ryanair-Cabin-Crew-Passenger-domt-etter-Ibiza.jpg\",\"datePublished\":\"2025-09-19T04:50:04+00:00\",\"dateModified\":\"2025-09-19T04:50:06+00:00\",\"breadcrumb\":{\"@id\":\"https:\/\/nordnesrepublikken.no\/index.php\/2025\/09\/19\/ikke-rot-med-ryanair-cabin-crew-passenger-domt-etter-ibiza-flight-chaos\/#breadcrumb\"},\"inLanguage\":\"nb-NO\",\"potentialAction\":[{\"@type\":\"ReadAction\",\"target\":[\"https:\/\/nordnesrepublikken.no\/index.php\/2025\/09\/19\/ikke-rot-med-ryanair-cabin-crew-passenger-domt-etter-ibiza-flight-chaos\/\"]}]},{\"@type\":\"ImageObject\",\"inLanguage\":\"nb-NO\",\"@id\":\"https:\/\/nordnesrepublikken.no\/index.php\/2025\/09\/19\/ikke-rot-med-ryanair-cabin-crew-passenger-domt-etter-ibiza-flight-chaos\/#primaryimage\",\"url\":\"https:\/\/nordnesrepublikken.no\/wp-content\/uploads\/2025\/09\/1758257405_Ikke-rot-med-Ryanair-Cabin-Crew-Passenger-domt-etter-Ibiza.jpg\",\"contentUrl\":\"https:\/\/nordnesrepublikken.no\/wp-content\/uploads\/2025\/09\/1758257405_Ikke-rot-med-Ryanair-Cabin-Crew-Passenger-domt-etter-Ibiza.jpg\",\"width\":1200,\"height\":700,\"caption\":\"Ikke rot med Ryanair Cabin Crew: Passenger d\u00f8mt etter Ibiza Flight Chaos\"},{\"@type\":\"BreadcrumbList\",\"@id\":\"https:\/\/nordnesrepublikken.no\/index.php\/2025\/09\/19\/ikke-rot-med-ryanair-cabin-crew-passenger-domt-etter-ibiza-flight-chaos\/#breadcrumb\",\"itemListElement\":[{\"@type\":\"ListItem\",\"position\":1,\"name\":\"Home\",\"item\":\"https:\/\/nordnesrepublikken.no\/\"},{\"@type\":\"ListItem\",\"position\":2,\"name\":\"Ikke rot med Ryanair Cabin Crew: Passenger d\u00f8mt etter Ibiza Flight Chaos\"}]},{\"@type\":\"WebSite\",\"@id\":\"https:\/\/nordnesrepublikken.no\/#website\",\"url\":\"https:\/\/nordnesrepublikken.no\/\",\"name\":\"Nordnesrepublikken\",\"description\":\"Stemmer og Visjoner fra Republikkens Hjerte\",\"publisher\":{\"@id\":\"https:\/\/nordnesrepublikken.no\/#organization\"},\"potentialAction\":[{\"@type\":\"SearchAction\",\"target\":{\"@type\":\"EntryPoint\",\"urlTemplate\":\"https:\/\/nordnesrepublikken.no\/?s={search_term_string}\"},\"query-input\":{\"@type\":\"PropertyValueSpecification\",\"valueRequired\":true,\"valueName\":\"search_term_string\"}}],\"inLanguage\":\"nb-NO\"},{\"@type\":\"Organization\",\"@id\":\"https:\/\/nordnesrepublikken.no\/#organization\",\"name\":\"Nordnesrepublikken\",\"url\":\"https:\/\/nordnesrepublikken.no\/\",\"logo\":{\"@type\":\"ImageObject\",\"inLanguage\":\"nb-NO\",\"@id\":\"https:\/\/nordnesrepublikken.no\/#\/schema\/logo\/image\/\",\"url\":\"https:\/\/nordnesrepublikken.no\/wp-content\/uploads\/2025\/02\/cropped-nordnesrepublikken-2.png\",\"contentUrl\":\"https:\/\/nordnesrepublikken.no\/wp-content\/uploads\/2025\/02\/cropped-nordnesrepublikken-2.png\",\"width\":1248,\"height\":362,\"caption\":\"Nordnesrepublikken\"},\"image\":{\"@id\":\"https:\/\/nordnesrepublikken.no\/#\/schema\/logo\/image\/\"}},{\"@type\":\"Person\",\"@id\":\"https:\/\/nordnesrepublikken.no\/#\/schema\/person\/2e7e81935bab77882fffb79296240ff1\",\"name\":\"Ole Andersen\",\"image\":{\"@type\":\"ImageObject\",\"inLanguage\":\"nb-NO\",\"@id\":\"https:\/\/nordnesrepublikken.no\/#\/schema\/person\/image\/\",\"url\":\"https:\/\/nordnesrepublikken.no\/wp-content\/uploads\/2025\/02\/nordnesrepublikken-2-2-150x150.jpg\",\"contentUrl\":\"https:\/\/nordnesrepublikken.no\/wp-content\/uploads\/2025\/02\/nordnesrepublikken-2-2-150x150.jpg\",\"caption\":\"Ole Andersen\"},\"description\":\"Ettersom jeg vokste opp i Oslo, har jeg alltid v\u00e6rt fascinert av ordenes kraft og deres evne til \u00e5 skape endringer. Etter \u00e5 ha fullf\u00f8rt min utdannelse i kommunikasjon ved Universitetet i Bergen, fikk jeg muligheten til \u00e5 jobbe innen ulike medier, der jeg har s\u00f8kt \u00e5 belyse viktige samfunnssp\u00f8rsm\u00e5l. I dag, som redakt\u00f8r for Nordnesrepublikken, pr\u00f8ver jeg \u00e5 forene min kj\u00e6rlighet for journalistikk med min lidenskap for innovasjon og eventyr.\",\"sameAs\":[\"https:\/\/nordnesrepublikken.no\/\"]}]}<\/script>\n<!-- \/ Yoast SEO plugin. -->","yoast_head_json":{"title":"Ikke rot med Ryanair Cabin Crew: Passenger d\u00f8mt etter Ibiza Flight Chaos - Nordnesrepublikken","robots":{"index":"index","follow":"follow","max-snippet":"max-snippet:-1","max-image-preview":"max-image-preview:large","max-video-preview":"max-video-preview:-1"},"canonical":"https:\/\/nordnesrepublikken.no\/index.php\/2025\/09\/19\/ikke-rot-med-ryanair-cabin-crew-passenger-domt-etter-ibiza-flight-chaos\/","og_locale":"nb_NO","og_type":"article","og_title":"Ikke rot med Ryanair Cabin Crew: Passenger d\u00f8mt etter Ibiza Flight Chaos - Nordnesrepublikken","og_description":"En Ryanair-passasjer som syntes det var en god id\u00e9 \u00e5 svinge p\u00e5 kabinpersonalet midt p\u00e5","og_url":"https:\/\/nordnesrepublikken.no\/index.php\/2025\/09\/19\/ikke-rot-med-ryanair-cabin-crew-passenger-domt-etter-ibiza-flight-chaos\/","og_site_name":"Nordnesrepublikken","article_published_time":"2025-09-19T04:50:04+00:00","article_modified_time":"2025-09-19T04:50:06+00:00","og_image":[{"width":1200,"height":700,"url":"https:\/\/nordnesrepublikken.no\/wp-content\/uploads\/2025\/09\/1758257405_Ikke-rot-med-Ryanair-Cabin-Crew-Passenger-domt-etter-Ibiza.jpg","type":"image\/jpeg"}],"author":"Ole Andersen","twitter_card":"summary_large_image","twitter_misc":{"Skrevet av":"Ole Andersen","Ansl. lesetid":"2 minutter"},"schema":{"@context":"https:\/\/schema.org","@graph":[{"@type":"Article","@id":"https:\/\/nordnesrepublikken.no\/index.php\/2025\/09\/19\/ikke-rot-med-ryanair-cabin-crew-passenger-domt-etter-ibiza-flight-chaos\/#article","isPartOf":{"@id":"https:\/\/nordnesrepublikken.no\/index.php\/2025\/09\/19\/ikke-rot-med-ryanair-cabin-crew-passenger-domt-etter-ibiza-flight-chaos\/"},"author":{"name":"Ole Andersen","@id":"https:\/\/nordnesrepublikken.no\/#\/schema\/person\/2e7e81935bab77882fffb79296240ff1"},"headline":"Ikke rot med Ryanair Cabin Crew: Passenger d\u00f8mt etter Ibiza Flight Chaos","datePublished":"2025-09-19T04:50:04+00:00","dateModified":"2025-09-19T04:50:06+00:00","mainEntityOfPage":{"@id":"https:\/\/nordnesrepublikken.no\/index.php\/2025\/09\/19\/ikke-rot-med-ryanair-cabin-crew-passenger-domt-etter-ibiza-flight-chaos\/"},"wordCount":315,"publisher":{"@id":"https:\/\/nordnesrepublikken.no\/#organization"},"image":{"@id":"https:\/\/nordnesrepublikken.no\/index.php\/2025\/09\/19\/ikke-rot-med-ryanair-cabin-crew-passenger-domt-etter-ibiza-flight-chaos\/#primaryimage"},"thumbnailUrl":"https:\/\/nordnesrepublikken.no\/wp-content\/uploads\/2025\/09\/1758257405_Ikke-rot-med-Ryanair-Cabin-Crew-Passenger-domt-etter-Ibiza.jpg","keywords":["Cabin","Chaos","Crew","d\u00f8mt","Etter","Flight","Ibiza","ikke","med","Passenger","rot","Ryanair"],"articleSection":["Livsstil"],"inLanguage":"nb-NO"},{"@type":"WebPage","@id":"https:\/\/nordnesrepublikken.no\/index.php\/2025\/09\/19\/ikke-rot-med-ryanair-cabin-crew-passenger-domt-etter-ibiza-flight-chaos\/","url":"https:\/\/nordnesrepublikken.no\/index.php\/2025\/09\/19\/ikke-rot-med-ryanair-cabin-crew-passenger-domt-etter-ibiza-flight-chaos\/","name":"Ikke rot med Ryanair Cabin Crew: Passenger d\u00f8mt etter Ibiza Flight Chaos - Nordnesrepublikken","isPartOf":{"@id":"https:\/\/nordnesrepublikken.no\/#website"},"primaryImageOfPage":{"@id":"https:\/\/nordnesrepublikken.no\/index.php\/2025\/09\/19\/ikke-rot-med-ryanair-cabin-crew-passenger-domt-etter-ibiza-flight-chaos\/#primaryimage"},"image":{"@id":"https:\/\/nordnesrepublikken.no\/index.php\/2025\/09\/19\/ikke-rot-med-ryanair-cabin-crew-passenger-domt-etter-ibiza-flight-chaos\/#primaryimage"},"thumbnailUrl":"https:\/\/nordnesrepublikken.no\/wp-content\/uploads\/2025\/09\/1758257405_Ikke-rot-med-Ryanair-Cabin-Crew-Passenger-domt-etter-Ibiza.jpg","datePublished":"2025-09-19T04:50:04+00:00","dateModified":"2025-09-19T04:50:06+00:00","breadcrumb":{"@id":"https:\/\/nordnesrepublikken.no\/index.php\/2025\/09\/19\/ikke-rot-med-ryanair-cabin-crew-passenger-domt-etter-ibiza-flight-chaos\/#breadcrumb"},"inLanguage":"nb-NO","potentialAction":[{"@type":"ReadAction","target":["https:\/\/nordnesrepublikken.no\/index.php\/2025\/09\/19\/ikke-rot-med-ryanair-cabin-crew-passenger-domt-etter-ibiza-flight-chaos\/"]}]},{"@type":"ImageObject","inLanguage":"nb-NO","@id":"https:\/\/nordnesrepublikken.no\/index.php\/2025\/09\/19\/ikke-rot-med-ryanair-cabin-crew-passenger-domt-etter-ibiza-flight-chaos\/#primaryimage","url":"https:\/\/nordnesrepublikken.no\/wp-content\/uploads\/2025\/09\/1758257405_Ikke-rot-med-Ryanair-Cabin-Crew-Passenger-domt-etter-Ibiza.jpg","contentUrl":"https:\/\/nordnesrepublikken.no\/wp-content\/uploads\/2025\/09\/1758257405_Ikke-rot-med-Ryanair-Cabin-Crew-Passenger-domt-etter-Ibiza.jpg","width":1200,"height":700,"caption":"Ikke rot med Ryanair Cabin Crew: Passenger d\u00f8mt etter Ibiza Flight Chaos"},{"@type":"BreadcrumbList","@id":"https:\/\/nordnesrepublikken.no\/index.php\/2025\/09\/19\/ikke-rot-med-ryanair-cabin-crew-passenger-domt-etter-ibiza-flight-chaos\/#breadcrumb","itemListElement":[{"@type":"ListItem","position":1,"name":"Home","item":"https:\/\/nordnesrepublikken.no\/"},{"@type":"ListItem","position":2,"name":"Ikke rot med Ryanair Cabin Crew: Passenger d\u00f8mt etter Ibiza Flight Chaos"}]},{"@type":"WebSite","@id":"https:\/\/nordnesrepublikken.no\/#website","url":"https:\/\/nordnesrepublikken.no\/","name":"Nordnesrepublikken","description":"Stemmer og Visjoner fra Republikkens Hjerte","publisher":{"@id":"https:\/\/nordnesrepublikken.no\/#organization"},"potentialAction":[{"@type":"SearchAction","target":{"@type":"EntryPoint","urlTemplate":"https:\/\/nordnesrepublikken.no\/?s={search_term_string}"},"query-input":{"@type":"PropertyValueSpecification","valueRequired":true,"valueName":"search_term_string"}}],"inLanguage":"nb-NO"},{"@type":"Organization","@id":"https:\/\/nordnesrepublikken.no\/#organization","name":"Nordnesrepublikken","url":"https:\/\/nordnesrepublikken.no\/","logo":{"@type":"ImageObject","inLanguage":"nb-NO","@id":"https:\/\/nordnesrepublikken.no\/#\/schema\/logo\/image\/","url":"https:\/\/nordnesrepublikken.no\/wp-content\/uploads\/2025\/02\/cropped-nordnesrepublikken-2.png","contentUrl":"https:\/\/nordnesrepublikken.no\/wp-content\/uploads\/2025\/02\/cropped-nordnesrepublikken-2.png","width":1248,"height":362,"caption":"Nordnesrepublikken"},"image":{"@id":"https:\/\/nordnesrepublikken.no\/#\/schema\/logo\/image\/"}},{"@type":"Person","@id":"https:\/\/nordnesrepublikken.no\/#\/schema\/person\/2e7e81935bab77882fffb79296240ff1","name":"Ole Andersen","image":{"@type":"ImageObject","inLanguage":"nb-NO","@id":"https:\/\/nordnesrepublikken.no\/#\/schema\/person\/image\/","url":"https:\/\/nordnesrepublikken.no\/wp-content\/uploads\/2025\/02\/nordnesrepublikken-2-2-150x150.jpg","contentUrl":"https:\/\/nordnesrepublikken.no\/wp-content\/uploads\/2025\/02\/nordnesrepublikken-2-2-150x150.jpg","caption":"Ole Andersen"},"description":"Ettersom jeg vokste opp i Oslo, har jeg alltid v\u00e6rt fascinert av ordenes kraft og deres evne til \u00e5 skape endringer. Etter \u00e5 ha fullf\u00f8rt min utdannelse i kommunikasjon ved Universitetet i Bergen, fikk jeg muligheten til \u00e5 jobbe innen ulike medier, der jeg har s\u00f8kt \u00e5 belyse viktige samfunnssp\u00f8rsm\u00e5l. I dag, som redakt\u00f8r for Nordnesrepublikken, pr\u00f8ver jeg \u00e5 forene min kj\u00e6rlighet for journalistikk med min lidenskap for innovasjon og eventyr.","sameAs":["https:\/\/nordnesrepublikken.no\/"]}]}},"_links":{"self":[{"href":"https:\/\/nordnesrepublikken.no\/index.php\/wp-json\/wp\/v2\/posts\/9717","targetHints":{"allow":["GET"]}}],"collection":[{"href":"https:\/\/nordnesrepublikken.no\/index.php\/wp-json\/wp\/v2\/posts"}],"about":[{"href":"https:\/\/nordnesrepublikken.no\/index.php\/wp-json\/wp\/v2\/types\/post"}],"author":[{"embeddable":true,"href":"https:\/\/nordnesrepublikken.no\/index.php\/wp-json\/wp\/v2\/users\/1"}],"replies":[{"embeddable":true,"href":"https:\/\/nordnesrepublikken.no\/index.php\/wp-json\/wp\/v2\/comments?post=9717"}],"version-history":[{"count":1,"href":"https:\/\/nordnesrepublikken.no\/index.php\/wp-json\/wp\/v2\/posts\/9717\/revisions"}],"predecessor-version":[{"id":9719,"href":"https:\/\/nordnesrepublikken.no\/index.php\/wp-json\/wp\/v2\/posts\/9717\/revisions\/9719"}],"wp:featuredmedia":[{"embeddable":true,"href":"https:\/\/nordnesrepublikken.no\/index.php\/wp-json\/wp\/v2\/media\/9718"}],"wp:attachment":[{"href":"https:\/\/nordnesrepublikken.no\/index.php\/wp-json\/wp\/v2\/media?parent=9717"}],"wp:term":[{"taxonomy":"category","embeddable":true,"href":"https:\/\/nordnesrepublikken.no\/index.php\/wp-json\/wp\/v2\/categories?post=9717"},{"taxonomy":"post_tag","embeddable":true,"href":"https:\/\/nordnesrepublikken.no\/index.php\/wp-json\/wp\/v2\/tags?post=9717"}],"curies":[{"name":"wp","href":"https:\/\/api.w.org\/{rel}","templated":true}]}}