{"id":9697,"date":"2025-09-18T16:49:52","date_gmt":"2025-09-18T14:49:52","guid":{"rendered":"https:\/\/nordnesrepublikken.no\/index.php\/2025\/09\/18\/nye-dgt-bilklistremerker-i-spania-hvilke-sjaforer-trenger-a-vite-for-2026\/"},"modified":"2025-09-18T16:49:53","modified_gmt":"2025-09-18T14:49:53","slug":"nye-dgt-bilklistremerker-i-spania-hvilke-sjaforer-trenger-a-vite-for-2026","status":"publish","type":"post","link":"https:\/\/nordnesrepublikken.no\/index.php\/2025\/09\/18\/nye-dgt-bilklistremerker-i-spania-hvilke-sjaforer-trenger-a-vite-for-2026\/","title":{"rendered":"Nye DGT -bilklistremerker i Spania: Hvilke sj\u00e5f\u00f8rer trenger \u00e5 vite f\u00f8r 2026"},"content":{"rendered":"<p><\/p>\n<div class=\"wordpress-content\">\n                    <!-- Article Start --><\/p>\n<p><strong>Hvis du kj\u00f8rer i Spania, kjenner du de sm\u00e5 fargede klistremerkene som sitter i hj\u00f8rnet av frontruten. De ser kanskje enkle ut, men de blir viktigere etter \u00e5ret.<\/strong><\/p>\n<p>Fra 2026 ryster Direcci\u00f3n General de Tr\u00e1fico (DGT) opp m\u00e5ten biler er klassifisert p\u00e5, og det betyr at noen sj\u00e5f\u00f8rer plutselig kunne finne kj\u00f8ret\u00f8yene sine presset inn i en annen milj\u00f8kategori.<\/p>\n<p>Endringen handler ikke bare om byr\u00e5krati. Med t\u00f8ffere begrensninger som trer i kraft i lavutslippssoner (Zonas de Bajas Emisiones, ZBE) over hele landet, kunne klistremerket p\u00e5 frontruten bestemme om du kan kj\u00f8re inn i hjertet av byer som Madrid, Barcelona eller Valencia.<\/p>\n<div class=\"sra_unit\"><link rel=\"stylesheet\" id=\"block-sra\" href=\"https:\/\/euroweeklynews.com\/wp-content\/plugins\/snack-related-articles\/dist\/css\/snack-related.min.css?250312-193541\" type=\"text\/css\" media=\"all\">\n<\/div>\n<h2>Hva endrer seg med de nye DGT -etikettene?<\/h2>\n<p>Systemet med fire etiketter &#8211; nullutslipp, Eco, C og B &#8211; vil forbli, men kriteriene omdefineres. DGT sier at de nye reglene vil gi et mer n\u00f8yaktig bilde av hvor mye forurensning hvert kj\u00f8ret\u00f8y virkelig produserer.<\/p>\n<ul>\n<li>Nullutslipp (0): Denne kategorien vil v\u00e6re strengere. Bare 100 prosent elbiler, hydrogen-drevne kj\u00f8ret\u00f8y og plug-in-hybrider som er i stand til minst 90 km p\u00e5 elektrisk kraft alene, vil kvalifisere seg.<\/li>\n<li>Eco: Standard hybrider, plug-in hybrider med kortere omr\u00e5der og gassdrevne kj\u00f8ret\u00f8yer vil sitte her, men bare hvis de oppfyller de siste Euro 6D-standardene.<\/li>\n<li>C: Bensinbiler som overholder Euro 6d og dieselbiler som m\u00f8ter Euro 6D-TEMP eller Euro 6d.<\/li>\n<li>B: Eldre bensinbiler (Euro 4) og dieselbiler (Euro 6) som ikke passer til de h\u00f8yere gruppene.<\/li>\n<\/ul>\n<p>En av de st\u00f8rste endringene er DGTs beslutning om \u00e5 inkludere WLTP-testdata, som gjenspeiler drivstoffbruk og utslipp i kj\u00f8ring i den virkelige verden i stedet for under lab-forhold. I praksis betyr det f\u00e6rre smutthull og flere biler som blir bed\u00f8mt p\u00e5 hvordan de faktisk presterer p\u00e5 veien.<\/p>\n<h2>Hvordan sjekker du det nye klistremerket ditt?<\/h2>\n<p>Den gode nyheten er at det er enkelt \u00e5 sjekke bilens kategori. P\u00e5 DGT -nettstedet er det en seksjon som heter &laquo;Consulta del Distintivo Ambiental de Tu Veh\u00edculo.&raquo; Du skriver inn registreringsnummeret ditt, og systemet forteller deg n\u00f8yaktig hvilken etikett som gjelder.<\/p>\n<p>N\u00e5r de nye klistremerkene ruller ut, vil de v\u00e6re tilgjengelige gjennom Correos (Post -kontorer), autoriserte garasjer, administrative ledere, Automotive Research Institute Ideauto og gjennom Ganvam for st\u00f8rre fl\u00e5ter.<\/p>\n<p>Som f\u00f8r m\u00e5 klistremerket plasseres i nedre h\u00f8yre hj\u00f8rne av frontruten, s\u00e5 det er enkelt \u00e5 f\u00e5 \u00f8ye p\u00e5. Glem \u00e5 vise den, og du kan ende opp med en bot.<\/p>\n<h2>Hvorfor betyr dette noe n\u00e5?<\/h2>\n<p><!--StartFragment --><span class=\"cf0\">Tidspunktet er ikke tilfeldig. Siden 1. januar 2025 har biler uten milj\u00f8messige etikett blitt forbudt fra de fleste spanske bysentre, med mindre de er utrykningskj\u00f8ret\u00f8yer, tilpasset personer med redusert mobilitet eller klassiske biler registrert som historiske. Tiltaket har allerede endret kj\u00f8revaner over hele Spania, med mange eldre biler effektivt l\u00e5st ut av urbane omr\u00e5der.<\/span><!--EndFragment --><\/p>\n<p>S\u00e5 n\u00e5r 2026 -oppdateringen kommer rundt, vil ikke riktig klistremerke handler om \u00e5 unng\u00e5 en straffe &#8211; det vil v\u00e6re viktig hvis du vil fortsette \u00e5 bruke bilen din i urbane omr\u00e5der. For mange utvandrere, spesielt de som er avhengige av eldre kj\u00f8ret\u00f8y, kan dette bety t\u00f8ffe valg om hvorvidt de skal oppgradere.<\/p>\n<p>DGT sier at m\u00e5let er enkelt: Oppmuntre skiftet mot renere kj\u00f8ret\u00f8yer og kutte urban luftforurensning. For sj\u00e5f\u00f8rer gir imidlertid de nye reglene ogs\u00e5 usikkerhet, spesielt hvis bilen din for \u00f8yeblikket sitter i Eco -kategorien, men ikke oppfyller de strammere standardene i 2026.<\/p>\n<h2>Hva drivere skal gj\u00f8re n\u00e5<\/h2>\n<p>Det beste r\u00e5det er \u00e5 sjekke den n\u00e5v\u00e6rende etiketten din s\u00e5 snart som mulig. Selv om de offisielle endringene fremdeles er et \u00e5r unna, vil det \u00e5 vite hvor kj\u00f8ret\u00f8yet ditt vil hjelpe deg med \u00e5 planlegge fremover. Hvis du vurderer \u00e5 skifte biler, m\u00e5 du huske 2026 -reglene, ellers kan du ende opp med \u00e5 kj\u00f8pe noe som allerede er utdatert n\u00e5r de nye etikettene sparker inn.<\/p>\n<p>Det er ogs\u00e5 verdt \u00e5 f\u00f8lge med p\u00e5 det lokale r\u00e5dets regler. Byer har makt til \u00e5 bestemme hvor strengt de h\u00e5ndhever soner med lav utslipp, og straffene for \u00e5 bryte dem varierer. I Madrid, for eksempel, er b\u00f8ter for uautorisert inntreden i begrensede soner allerede vanlig &#8211; og kostbart.<\/p>\n<p>De sm\u00e5 klistremerkene i frontruten er i ferd med \u00e5 gj\u00f8re noe mer enn noen gang. Med t\u00f8ffere regler, strengere by tilgang og nye kategorier p\u00e5 vei, kan 2026 v\u00e6re \u00e5ret mange sj\u00e5f\u00f8rer blir tvunget til \u00e5 revurdere alternativene sine. Bedre \u00e5 v\u00e6re forberedt n\u00e5 enn ansiktsb\u00f8ter &#8211; eller finne deg selv innel\u00e5st av din egen by.<\/p>\n<p>                    <!-- This article has been originally published at https:\/\/euroweeklynews.com\/2025\/09\/18\/new-dgt-car-stickers-in-spain-what-drivers-need-to-know-before-2026\/ on 18 Sep 2025 at 16:31 by Farah Mokrani --><br \/>\n                    <!-- Article End -->\n                <\/div>\n","protected":false},"excerpt":{"rendered":"<p>Hvis du kj\u00f8rer i Spania, kjenner du de sm\u00e5 fargede klistremerkene som sitter i hj\u00f8rnet<\/p>\n","protected":false},"author":1,"featured_media":9698,"comment_status":"closed","ping_status":"open","sticky":false,"template":"","format":"standard","meta":{"footnotes":""},"categories":[105],"tags":[6335,1599,1232,784,260,1737,529,1478,1479],"class_list":["post-9697","post","type-post","status-publish","format-standard","has-post-thumbnail","hentry","category-livsstil","tag-bilklistremerker","tag-dgt","tag-for","tag-hvilke","tag-nye","tag-sjaforer","tag-spania","tag-trenger","tag-vite","generate-columns","tablet-grid-50","mobile-grid-100","grid-parent","grid-33","resize-featured-image"],"yoast_head":"<!-- This site is optimized with the Yoast SEO plugin v24.4 - https:\/\/yoast.com\/wordpress\/plugins\/seo\/ -->\n<title>Nye DGT -bilklistremerker i Spania: Hvilke sj\u00e5f\u00f8rer trenger \u00e5 vite f\u00f8r 2026 - Nordnesrepublikken<\/title>\n<meta name=\"robots\" content=\"index, follow, max-snippet:-1, max-image-preview:large, max-video-preview:-1\" \/>\n<link rel=\"canonical\" href=\"https:\/\/nordnesrepublikken.no\/index.php\/2025\/09\/18\/nye-dgt-bilklistremerker-i-spania-hvilke-sjaforer-trenger-a-vite-for-2026\/\" \/>\n<meta property=\"og:locale\" content=\"nb_NO\" \/>\n<meta property=\"og:type\" content=\"article\" \/>\n<meta property=\"og:title\" content=\"Nye DGT -bilklistremerker i Spania: Hvilke sj\u00e5f\u00f8rer trenger \u00e5 vite f\u00f8r 2026 - Nordnesrepublikken\" \/>\n<meta property=\"og:description\" content=\"Hvis du kj\u00f8rer i Spania, kjenner du de sm\u00e5 fargede klistremerkene som sitter i hj\u00f8rnet\" \/>\n<meta property=\"og:url\" content=\"https:\/\/nordnesrepublikken.no\/index.php\/2025\/09\/18\/nye-dgt-bilklistremerker-i-spania-hvilke-sjaforer-trenger-a-vite-for-2026\/\" \/>\n<meta property=\"og:site_name\" content=\"Nordnesrepublikken\" \/>\n<meta property=\"article:published_time\" content=\"2025-09-18T14:49:52+00:00\" \/>\n<meta property=\"article:modified_time\" content=\"2025-09-18T14:49:53+00:00\" \/>\n<meta property=\"og:image\" content=\"https:\/\/nordnesrepublikken.no\/wp-content\/uploads\/2025\/09\/1758206993_Nye-DGT-bilklistremerker-i-Spania-Hvilke-sjaforer-trenger-a-vite.jpg\" \/>\n\t<meta property=\"og:image:width\" content=\"1200\" \/>\n\t<meta property=\"og:image:height\" content=\"800\" \/>\n\t<meta property=\"og:image:type\" content=\"image\/jpeg\" \/>\n<meta name=\"author\" content=\"Ole Andersen\" \/>\n<meta name=\"twitter:card\" content=\"summary_large_image\" \/>\n<meta name=\"twitter:label1\" content=\"Skrevet av\" \/>\n\t<meta name=\"twitter:data1\" content=\"Ole Andersen\" \/>\n\t<meta name=\"twitter:label2\" content=\"Ansl. lesetid\" \/>\n\t<meta name=\"twitter:data2\" content=\"4 minutter\" \/>\n<script type=\"application\/ld+json\" class=\"yoast-schema-graph\">{\"@context\":\"https:\/\/schema.org\",\"@graph\":[{\"@type\":\"Article\",\"@id\":\"https:\/\/nordnesrepublikken.no\/index.php\/2025\/09\/18\/nye-dgt-bilklistremerker-i-spania-hvilke-sjaforer-trenger-a-vite-for-2026\/#article\",\"isPartOf\":{\"@id\":\"https:\/\/nordnesrepublikken.no\/index.php\/2025\/09\/18\/nye-dgt-bilklistremerker-i-spania-hvilke-sjaforer-trenger-a-vite-for-2026\/\"},\"author\":{\"name\":\"Ole Andersen\",\"@id\":\"https:\/\/nordnesrepublikken.no\/#\/schema\/person\/2e7e81935bab77882fffb79296240ff1\"},\"headline\":\"Nye DGT -bilklistremerker i Spania: Hvilke sj\u00e5f\u00f8rer trenger \u00e5 vite f\u00f8r 2026\",\"datePublished\":\"2025-09-18T14:49:52+00:00\",\"dateModified\":\"2025-09-18T14:49:53+00:00\",\"mainEntityOfPage\":{\"@id\":\"https:\/\/nordnesrepublikken.no\/index.php\/2025\/09\/18\/nye-dgt-bilklistremerker-i-spania-hvilke-sjaforer-trenger-a-vite-for-2026\/\"},\"wordCount\":776,\"publisher\":{\"@id\":\"https:\/\/nordnesrepublikken.no\/#organization\"},\"image\":{\"@id\":\"https:\/\/nordnesrepublikken.no\/index.php\/2025\/09\/18\/nye-dgt-bilklistremerker-i-spania-hvilke-sjaforer-trenger-a-vite-for-2026\/#primaryimage\"},\"thumbnailUrl\":\"https:\/\/nordnesrepublikken.no\/wp-content\/uploads\/2025\/09\/1758206993_Nye-DGT-bilklistremerker-i-Spania-Hvilke-sjaforer-trenger-a-vite.jpg\",\"keywords\":[\"bilklistremerker\",\"DGT\",\"f\u00f8r\",\"hvilke\",\"nye\",\"sj\u00e5f\u00f8rer\",\"Spania\",\"trenger\",\"vite\"],\"articleSection\":[\"Livsstil\"],\"inLanguage\":\"nb-NO\"},{\"@type\":\"WebPage\",\"@id\":\"https:\/\/nordnesrepublikken.no\/index.php\/2025\/09\/18\/nye-dgt-bilklistremerker-i-spania-hvilke-sjaforer-trenger-a-vite-for-2026\/\",\"url\":\"https:\/\/nordnesrepublikken.no\/index.php\/2025\/09\/18\/nye-dgt-bilklistremerker-i-spania-hvilke-sjaforer-trenger-a-vite-for-2026\/\",\"name\":\"Nye DGT -bilklistremerker i Spania: Hvilke sj\u00e5f\u00f8rer trenger \u00e5 vite f\u00f8r 2026 - Nordnesrepublikken\",\"isPartOf\":{\"@id\":\"https:\/\/nordnesrepublikken.no\/#website\"},\"primaryImageOfPage\":{\"@id\":\"https:\/\/nordnesrepublikken.no\/index.php\/2025\/09\/18\/nye-dgt-bilklistremerker-i-spania-hvilke-sjaforer-trenger-a-vite-for-2026\/#primaryimage\"},\"image\":{\"@id\":\"https:\/\/nordnesrepublikken.no\/index.php\/2025\/09\/18\/nye-dgt-bilklistremerker-i-spania-hvilke-sjaforer-trenger-a-vite-for-2026\/#primaryimage\"},\"thumbnailUrl\":\"https:\/\/nordnesrepublikken.no\/wp-content\/uploads\/2025\/09\/1758206993_Nye-DGT-bilklistremerker-i-Spania-Hvilke-sjaforer-trenger-a-vite.jpg\",\"datePublished\":\"2025-09-18T14:49:52+00:00\",\"dateModified\":\"2025-09-18T14:49:53+00:00\",\"breadcrumb\":{\"@id\":\"https:\/\/nordnesrepublikken.no\/index.php\/2025\/09\/18\/nye-dgt-bilklistremerker-i-spania-hvilke-sjaforer-trenger-a-vite-for-2026\/#breadcrumb\"},\"inLanguage\":\"nb-NO\",\"potentialAction\":[{\"@type\":\"ReadAction\",\"target\":[\"https:\/\/nordnesrepublikken.no\/index.php\/2025\/09\/18\/nye-dgt-bilklistremerker-i-spania-hvilke-sjaforer-trenger-a-vite-for-2026\/\"]}]},{\"@type\":\"ImageObject\",\"inLanguage\":\"nb-NO\",\"@id\":\"https:\/\/nordnesrepublikken.no\/index.php\/2025\/09\/18\/nye-dgt-bilklistremerker-i-spania-hvilke-sjaforer-trenger-a-vite-for-2026\/#primaryimage\",\"url\":\"https:\/\/nordnesrepublikken.no\/wp-content\/uploads\/2025\/09\/1758206993_Nye-DGT-bilklistremerker-i-Spania-Hvilke-sjaforer-trenger-a-vite.jpg\",\"contentUrl\":\"https:\/\/nordnesrepublikken.no\/wp-content\/uploads\/2025\/09\/1758206993_Nye-DGT-bilklistremerker-i-Spania-Hvilke-sjaforer-trenger-a-vite.jpg\",\"width\":1200,\"height\":800,\"caption\":\"Nye DGT -bilklistremerker i Spania: Hvilke sj\u00e5f\u00f8rer trenger \u00e5 vite f\u00f8r 2026\"},{\"@type\":\"BreadcrumbList\",\"@id\":\"https:\/\/nordnesrepublikken.no\/index.php\/2025\/09\/18\/nye-dgt-bilklistremerker-i-spania-hvilke-sjaforer-trenger-a-vite-for-2026\/#breadcrumb\",\"itemListElement\":[{\"@type\":\"ListItem\",\"position\":1,\"name\":\"Home\",\"item\":\"https:\/\/nordnesrepublikken.no\/\"},{\"@type\":\"ListItem\",\"position\":2,\"name\":\"Nye DGT -bilklistremerker i Spania: Hvilke sj\u00e5f\u00f8rer trenger \u00e5 vite f\u00f8r 2026\"}]},{\"@type\":\"WebSite\",\"@id\":\"https:\/\/nordnesrepublikken.no\/#website\",\"url\":\"https:\/\/nordnesrepublikken.no\/\",\"name\":\"Nordnesrepublikken\",\"description\":\"Stemmer og Visjoner fra Republikkens Hjerte\",\"publisher\":{\"@id\":\"https:\/\/nordnesrepublikken.no\/#organization\"},\"potentialAction\":[{\"@type\":\"SearchAction\",\"target\":{\"@type\":\"EntryPoint\",\"urlTemplate\":\"https:\/\/nordnesrepublikken.no\/?s={search_term_string}\"},\"query-input\":{\"@type\":\"PropertyValueSpecification\",\"valueRequired\":true,\"valueName\":\"search_term_string\"}}],\"inLanguage\":\"nb-NO\"},{\"@type\":\"Organization\",\"@id\":\"https:\/\/nordnesrepublikken.no\/#organization\",\"name\":\"Nordnesrepublikken\",\"url\":\"https:\/\/nordnesrepublikken.no\/\",\"logo\":{\"@type\":\"ImageObject\",\"inLanguage\":\"nb-NO\",\"@id\":\"https:\/\/nordnesrepublikken.no\/#\/schema\/logo\/image\/\",\"url\":\"https:\/\/nordnesrepublikken.no\/wp-content\/uploads\/2025\/02\/cropped-nordnesrepublikken-2.png\",\"contentUrl\":\"https:\/\/nordnesrepublikken.no\/wp-content\/uploads\/2025\/02\/cropped-nordnesrepublikken-2.png\",\"width\":1248,\"height\":362,\"caption\":\"Nordnesrepublikken\"},\"image\":{\"@id\":\"https:\/\/nordnesrepublikken.no\/#\/schema\/logo\/image\/\"}},{\"@type\":\"Person\",\"@id\":\"https:\/\/nordnesrepublikken.no\/#\/schema\/person\/2e7e81935bab77882fffb79296240ff1\",\"name\":\"Ole Andersen\",\"image\":{\"@type\":\"ImageObject\",\"inLanguage\":\"nb-NO\",\"@id\":\"https:\/\/nordnesrepublikken.no\/#\/schema\/person\/image\/\",\"url\":\"https:\/\/nordnesrepublikken.no\/wp-content\/uploads\/2025\/02\/nordnesrepublikken-2-2-150x150.jpg\",\"contentUrl\":\"https:\/\/nordnesrepublikken.no\/wp-content\/uploads\/2025\/02\/nordnesrepublikken-2-2-150x150.jpg\",\"caption\":\"Ole Andersen\"},\"description\":\"Ettersom jeg vokste opp i Oslo, har jeg alltid v\u00e6rt fascinert av ordenes kraft og deres evne til \u00e5 skape endringer. Etter \u00e5 ha fullf\u00f8rt min utdannelse i kommunikasjon ved Universitetet i Bergen, fikk jeg muligheten til \u00e5 jobbe innen ulike medier, der jeg har s\u00f8kt \u00e5 belyse viktige samfunnssp\u00f8rsm\u00e5l. I dag, som redakt\u00f8r for Nordnesrepublikken, pr\u00f8ver jeg \u00e5 forene min kj\u00e6rlighet for journalistikk med min lidenskap for innovasjon og eventyr.\",\"sameAs\":[\"https:\/\/nordnesrepublikken.no\/\"]}]}<\/script>\n<!-- \/ Yoast SEO plugin. -->","yoast_head_json":{"title":"Nye DGT -bilklistremerker i Spania: Hvilke sj\u00e5f\u00f8rer trenger \u00e5 vite f\u00f8r 2026 - Nordnesrepublikken","robots":{"index":"index","follow":"follow","max-snippet":"max-snippet:-1","max-image-preview":"max-image-preview:large","max-video-preview":"max-video-preview:-1"},"canonical":"https:\/\/nordnesrepublikken.no\/index.php\/2025\/09\/18\/nye-dgt-bilklistremerker-i-spania-hvilke-sjaforer-trenger-a-vite-for-2026\/","og_locale":"nb_NO","og_type":"article","og_title":"Nye DGT -bilklistremerker i Spania: Hvilke sj\u00e5f\u00f8rer trenger \u00e5 vite f\u00f8r 2026 - Nordnesrepublikken","og_description":"Hvis du kj\u00f8rer i Spania, kjenner du de sm\u00e5 fargede klistremerkene som sitter i hj\u00f8rnet","og_url":"https:\/\/nordnesrepublikken.no\/index.php\/2025\/09\/18\/nye-dgt-bilklistremerker-i-spania-hvilke-sjaforer-trenger-a-vite-for-2026\/","og_site_name":"Nordnesrepublikken","article_published_time":"2025-09-18T14:49:52+00:00","article_modified_time":"2025-09-18T14:49:53+00:00","og_image":[{"width":1200,"height":800,"url":"https:\/\/nordnesrepublikken.no\/wp-content\/uploads\/2025\/09\/1758206993_Nye-DGT-bilklistremerker-i-Spania-Hvilke-sjaforer-trenger-a-vite.jpg","type":"image\/jpeg"}],"author":"Ole Andersen","twitter_card":"summary_large_image","twitter_misc":{"Skrevet av":"Ole Andersen","Ansl. lesetid":"4 minutter"},"schema":{"@context":"https:\/\/schema.org","@graph":[{"@type":"Article","@id":"https:\/\/nordnesrepublikken.no\/index.php\/2025\/09\/18\/nye-dgt-bilklistremerker-i-spania-hvilke-sjaforer-trenger-a-vite-for-2026\/#article","isPartOf":{"@id":"https:\/\/nordnesrepublikken.no\/index.php\/2025\/09\/18\/nye-dgt-bilklistremerker-i-spania-hvilke-sjaforer-trenger-a-vite-for-2026\/"},"author":{"name":"Ole Andersen","@id":"https:\/\/nordnesrepublikken.no\/#\/schema\/person\/2e7e81935bab77882fffb79296240ff1"},"headline":"Nye DGT -bilklistremerker i Spania: Hvilke sj\u00e5f\u00f8rer trenger \u00e5 vite f\u00f8r 2026","datePublished":"2025-09-18T14:49:52+00:00","dateModified":"2025-09-18T14:49:53+00:00","mainEntityOfPage":{"@id":"https:\/\/nordnesrepublikken.no\/index.php\/2025\/09\/18\/nye-dgt-bilklistremerker-i-spania-hvilke-sjaforer-trenger-a-vite-for-2026\/"},"wordCount":776,"publisher":{"@id":"https:\/\/nordnesrepublikken.no\/#organization"},"image":{"@id":"https:\/\/nordnesrepublikken.no\/index.php\/2025\/09\/18\/nye-dgt-bilklistremerker-i-spania-hvilke-sjaforer-trenger-a-vite-for-2026\/#primaryimage"},"thumbnailUrl":"https:\/\/nordnesrepublikken.no\/wp-content\/uploads\/2025\/09\/1758206993_Nye-DGT-bilklistremerker-i-Spania-Hvilke-sjaforer-trenger-a-vite.jpg","keywords":["bilklistremerker","DGT","f\u00f8r","hvilke","nye","sj\u00e5f\u00f8rer","Spania","trenger","vite"],"articleSection":["Livsstil"],"inLanguage":"nb-NO"},{"@type":"WebPage","@id":"https:\/\/nordnesrepublikken.no\/index.php\/2025\/09\/18\/nye-dgt-bilklistremerker-i-spania-hvilke-sjaforer-trenger-a-vite-for-2026\/","url":"https:\/\/nordnesrepublikken.no\/index.php\/2025\/09\/18\/nye-dgt-bilklistremerker-i-spania-hvilke-sjaforer-trenger-a-vite-for-2026\/","name":"Nye DGT -bilklistremerker i Spania: Hvilke sj\u00e5f\u00f8rer trenger \u00e5 vite f\u00f8r 2026 - Nordnesrepublikken","isPartOf":{"@id":"https:\/\/nordnesrepublikken.no\/#website"},"primaryImageOfPage":{"@id":"https:\/\/nordnesrepublikken.no\/index.php\/2025\/09\/18\/nye-dgt-bilklistremerker-i-spania-hvilke-sjaforer-trenger-a-vite-for-2026\/#primaryimage"},"image":{"@id":"https:\/\/nordnesrepublikken.no\/index.php\/2025\/09\/18\/nye-dgt-bilklistremerker-i-spania-hvilke-sjaforer-trenger-a-vite-for-2026\/#primaryimage"},"thumbnailUrl":"https:\/\/nordnesrepublikken.no\/wp-content\/uploads\/2025\/09\/1758206993_Nye-DGT-bilklistremerker-i-Spania-Hvilke-sjaforer-trenger-a-vite.jpg","datePublished":"2025-09-18T14:49:52+00:00","dateModified":"2025-09-18T14:49:53+00:00","breadcrumb":{"@id":"https:\/\/nordnesrepublikken.no\/index.php\/2025\/09\/18\/nye-dgt-bilklistremerker-i-spania-hvilke-sjaforer-trenger-a-vite-for-2026\/#breadcrumb"},"inLanguage":"nb-NO","potentialAction":[{"@type":"ReadAction","target":["https:\/\/nordnesrepublikken.no\/index.php\/2025\/09\/18\/nye-dgt-bilklistremerker-i-spania-hvilke-sjaforer-trenger-a-vite-for-2026\/"]}]},{"@type":"ImageObject","inLanguage":"nb-NO","@id":"https:\/\/nordnesrepublikken.no\/index.php\/2025\/09\/18\/nye-dgt-bilklistremerker-i-spania-hvilke-sjaforer-trenger-a-vite-for-2026\/#primaryimage","url":"https:\/\/nordnesrepublikken.no\/wp-content\/uploads\/2025\/09\/1758206993_Nye-DGT-bilklistremerker-i-Spania-Hvilke-sjaforer-trenger-a-vite.jpg","contentUrl":"https:\/\/nordnesrepublikken.no\/wp-content\/uploads\/2025\/09\/1758206993_Nye-DGT-bilklistremerker-i-Spania-Hvilke-sjaforer-trenger-a-vite.jpg","width":1200,"height":800,"caption":"Nye DGT -bilklistremerker i Spania: Hvilke sj\u00e5f\u00f8rer trenger \u00e5 vite f\u00f8r 2026"},{"@type":"BreadcrumbList","@id":"https:\/\/nordnesrepublikken.no\/index.php\/2025\/09\/18\/nye-dgt-bilklistremerker-i-spania-hvilke-sjaforer-trenger-a-vite-for-2026\/#breadcrumb","itemListElement":[{"@type":"ListItem","position":1,"name":"Home","item":"https:\/\/nordnesrepublikken.no\/"},{"@type":"ListItem","position":2,"name":"Nye DGT -bilklistremerker i Spania: Hvilke sj\u00e5f\u00f8rer trenger \u00e5 vite f\u00f8r 2026"}]},{"@type":"WebSite","@id":"https:\/\/nordnesrepublikken.no\/#website","url":"https:\/\/nordnesrepublikken.no\/","name":"Nordnesrepublikken","description":"Stemmer og Visjoner fra Republikkens Hjerte","publisher":{"@id":"https:\/\/nordnesrepublikken.no\/#organization"},"potentialAction":[{"@type":"SearchAction","target":{"@type":"EntryPoint","urlTemplate":"https:\/\/nordnesrepublikken.no\/?s={search_term_string}"},"query-input":{"@type":"PropertyValueSpecification","valueRequired":true,"valueName":"search_term_string"}}],"inLanguage":"nb-NO"},{"@type":"Organization","@id":"https:\/\/nordnesrepublikken.no\/#organization","name":"Nordnesrepublikken","url":"https:\/\/nordnesrepublikken.no\/","logo":{"@type":"ImageObject","inLanguage":"nb-NO","@id":"https:\/\/nordnesrepublikken.no\/#\/schema\/logo\/image\/","url":"https:\/\/nordnesrepublikken.no\/wp-content\/uploads\/2025\/02\/cropped-nordnesrepublikken-2.png","contentUrl":"https:\/\/nordnesrepublikken.no\/wp-content\/uploads\/2025\/02\/cropped-nordnesrepublikken-2.png","width":1248,"height":362,"caption":"Nordnesrepublikken"},"image":{"@id":"https:\/\/nordnesrepublikken.no\/#\/schema\/logo\/image\/"}},{"@type":"Person","@id":"https:\/\/nordnesrepublikken.no\/#\/schema\/person\/2e7e81935bab77882fffb79296240ff1","name":"Ole Andersen","image":{"@type":"ImageObject","inLanguage":"nb-NO","@id":"https:\/\/nordnesrepublikken.no\/#\/schema\/person\/image\/","url":"https:\/\/nordnesrepublikken.no\/wp-content\/uploads\/2025\/02\/nordnesrepublikken-2-2-150x150.jpg","contentUrl":"https:\/\/nordnesrepublikken.no\/wp-content\/uploads\/2025\/02\/nordnesrepublikken-2-2-150x150.jpg","caption":"Ole Andersen"},"description":"Ettersom jeg vokste opp i Oslo, har jeg alltid v\u00e6rt fascinert av ordenes kraft og deres evne til \u00e5 skape endringer. Etter \u00e5 ha fullf\u00f8rt min utdannelse i kommunikasjon ved Universitetet i Bergen, fikk jeg muligheten til \u00e5 jobbe innen ulike medier, der jeg har s\u00f8kt \u00e5 belyse viktige samfunnssp\u00f8rsm\u00e5l. I dag, som redakt\u00f8r for Nordnesrepublikken, pr\u00f8ver jeg \u00e5 forene min kj\u00e6rlighet for journalistikk med min lidenskap for innovasjon og eventyr.","sameAs":["https:\/\/nordnesrepublikken.no\/"]}]}},"_links":{"self":[{"href":"https:\/\/nordnesrepublikken.no\/index.php\/wp-json\/wp\/v2\/posts\/9697","targetHints":{"allow":["GET"]}}],"collection":[{"href":"https:\/\/nordnesrepublikken.no\/index.php\/wp-json\/wp\/v2\/posts"}],"about":[{"href":"https:\/\/nordnesrepublikken.no\/index.php\/wp-json\/wp\/v2\/types\/post"}],"author":[{"embeddable":true,"href":"https:\/\/nordnesrepublikken.no\/index.php\/wp-json\/wp\/v2\/users\/1"}],"replies":[{"embeddable":true,"href":"https:\/\/nordnesrepublikken.no\/index.php\/wp-json\/wp\/v2\/comments?post=9697"}],"version-history":[{"count":1,"href":"https:\/\/nordnesrepublikken.no\/index.php\/wp-json\/wp\/v2\/posts\/9697\/revisions"}],"predecessor-version":[{"id":9699,"href":"https:\/\/nordnesrepublikken.no\/index.php\/wp-json\/wp\/v2\/posts\/9697\/revisions\/9699"}],"wp:featuredmedia":[{"embeddable":true,"href":"https:\/\/nordnesrepublikken.no\/index.php\/wp-json\/wp\/v2\/media\/9698"}],"wp:attachment":[{"href":"https:\/\/nordnesrepublikken.no\/index.php\/wp-json\/wp\/v2\/media?parent=9697"}],"wp:term":[{"taxonomy":"category","embeddable":true,"href":"https:\/\/nordnesrepublikken.no\/index.php\/wp-json\/wp\/v2\/categories?post=9697"},{"taxonomy":"post_tag","embeddable":true,"href":"https:\/\/nordnesrepublikken.no\/index.php\/wp-json\/wp\/v2\/tags?post=9697"}],"curies":[{"name":"wp","href":"https:\/\/api.w.org\/{rel}","templated":true}]}}