{"id":9695,"date":"2025-09-18T13:49:35","date_gmt":"2025-09-18T11:49:35","guid":{"rendered":"https:\/\/nordnesrepublikken.no\/index.php\/2025\/09\/18\/perforeringene-for-den-seismiske-mikrozonasjonen-ved-flegrei-feltene-er-i-gang-i-det-de-bestar\/"},"modified":"2025-09-18T13:49:35","modified_gmt":"2025-09-18T11:49:35","slug":"perforeringene-for-den-seismiske-mikrozonasjonen-ved-flegrei-feltene-er-i-gang-i-det-de-bestar","status":"publish","type":"post","link":"https:\/\/nordnesrepublikken.no\/index.php\/2025\/09\/18\/perforeringene-for-den-seismiske-mikrozonasjonen-ved-flegrei-feltene-er-i-gang-i-det-de-bestar\/","title":{"rendered":"Perforeringene for den seismiske mikrozonasjonen ved flegrei -feltene er i gang: i det de best\u00e5r"},"content":{"rendered":"<div>\n<div class=\"cp_wrapper cp_wrapper--fw mb-30 mb-20@tablet\">\n<figure class=\"mm\"><picture class=\"img\" style=\"padding-top:56.25%\"><source  media=\"(min-width: 1024px)\"><source  media=\"(min-width: 768px)\"><\/source><\/source><\/picture><\/figure>\n<\/p><\/div>\n<p>Til <strong>CAMPI FREGREI<\/strong> Geologiske og geofysiske unders\u00f8kelser har startet rettet mot <strong>Seismisk mikrozonasjon<\/strong> av kalderaen. M\u00e5let er \u00e5 bedre forst\u00e5 fenomenet <strong>Bradyseisme <\/strong>Og spesielt <strong>Terreng oppf\u00f8rsel<\/strong><strong> I de forskjellige omr\u00e5dene<\/strong> av kalderaen under jordskjelv, som varierer i henhold til de lokale geologiske og morfologiske egenskapene. Unders\u00f8kelsene, som startet mandag 15. september, p\u00e5virker kommunene i <strong>Pozzuoli<\/strong>, <strong>Bacoli<\/strong> og<strong>Vestlig omr\u00e5de i Napoli <\/strong>og forutse realiseringen av <strong>Unders\u00f8kelser<\/strong> liten diameter opp til 30 meter dyp. De vil vare omtrent tre m\u00e5neder og vil ikke involvere <strong>Ingen risiko<\/strong> for borgere.<\/p>\n<h2><strong>I hva de nye unders\u00f8kelsene til Fegrei -feltene best\u00e5r av<\/strong><\/h2>\n<p>Unders\u00f8kelsene for seismisk mikrozonasjon blir utf\u00f8rt av eksperteknikere i et spesialisert selskap med ansvar for <strong>Campania -regionen<\/strong>. Selskapet vil foreta unders\u00f8kelser i <strong>intervensjonsomr\u00e5de<\/strong> til stede i forsendelsesplanleggingskartet over Campi Fegrei, som inkluderer jeg <strong>Kommuner Pozzuoli, Bacoli og det vestlige omr\u00e5det i Napoli<\/strong>. Dette omr\u00e5det utgj\u00f8r<strong>Omr\u00e5de som er mest ber\u00f8rt av fenomenet bradisisme<\/strong>identifisert p\u00e5 grunnlag av fordelingen av episenteret for jordskjelvene med st\u00f8rrelsesorden h\u00f8yere enn eller lik 2 og l\u00f8ftet av jorda st\u00f8rre enn eller lik 10 cm.<\/p>\n<div class=\"cp_wrapper cp_wrapper--fw mb-50\">\n<figure class=\"mm\"><picture class=\"img\" style=\"padding-top:60.046728971963%\"><source  media=\"(min-width: 1024px)\"><source  media=\"(min-width: 768px)\"><img decoding=\"async\" loading=\"lazy\" src=\"https:\/\/nordnesrepublikken.no\/wp-content\/uploads\/2025\/09\/Perforeringene-for-den-seismiske-mikrozonasjonen-ved-flegrei-feltene-er-i.jpg\" alt=\"Bilde\" width=\"856\" height=\"514\"\/><\/source><\/source><\/picture><\/figure>\n<\/p><\/div>\n<p>Meningsm\u00e5lingene vil v\u00e6re <strong>lite invasiv<\/strong>Av <strong>diameter ikke over 12 cm og redusert dybde, ikke over 30 m<\/strong>. De vil tjene til <strong>Samle pr\u00f8ver<\/strong> hvis analyse vil tillate deg <strong>rekonstruere stratigrafien<\/strong> av undergrunnen, det vil si rekkef\u00f8lgen av lag, med de respektive kystene og fysiske og kjemiske egenskaper. Unders\u00f8kelser p\u00e5 overflaten vil ogs\u00e5 bli utf\u00f8rt. Disse perforeringene vil ikke forstyrre borgernes daglige liv <strong>De vil ikke inneb\u00e6re noen risiko<\/strong>. De har faktisk ingenting \u00e5 gj\u00f8re med geotermiske br\u00f8nner hvis realisering til Fegrei -feltene for tiden er i sentrum for en vitenskapelig debatt p\u00e5 grunn av tvil om deres sikkerhet.<\/p>\n<div class=\"cp_wrapper cp_wrapper--fw mb-50\">\n<figure class=\"mm\"><picture class=\"img\" style=\"padding-top:66.776781500708%\"><source  media=\"(min-width: 1024px)\"><source  media=\"(min-width: 768px)\"><img decoding=\"async\" loading=\"lazy\" src=\"https:\/\/nordnesrepublikken.no\/wp-content\/uploads\/2025\/09\/1758196175_365_Perforeringene-for-den-seismiske-mikrozonasjonen-ved-flegrei-feltene-er-i.jpg\" alt=\"Bilde\" width=\"2119\" height=\"1415\" class=\"js-seedtag-img\"\/><\/source><\/source><\/picture><\/figure>\n<\/p><\/div>\n<h2><strong>Hva som er og hva seismisk mikrozonasjon er for<\/strong><\/h2>\n<p>Der <strong>Seismisk mikrozonasjon<\/strong> best\u00e5r i inndelingen av territoriet inn i <strong>omr\u00e5der utmerket av en<\/strong> <strong>homogen oppf\u00f8rsel<\/strong> fra synspunktet om responsen p\u00e5 passering av seismiske b\u00f8lger under jordskjelv. Faktisk, selv i et omr\u00e5de med samme seismiske fare,<strong> Jord kan oppf\u00f8re seg annerledes<\/strong> under jordskjelv avhengig av dets geologiske, geomorfologiske og hydrogeologiske egenskaper. For eksempel kan myke og l\u00f8se jordsmonn for\u00e5rsake en<strong>Amplifisering av seismiske b\u00f8lger<\/strong>: Dette betyr at bredden av b\u00f8lgene \u00f8ker og det er st\u00f8rre risting og mer alvorlig skade. Disse unders\u00f8kelsene tjener derfor til \u00e5 definere den s\u00e5kalte &laquo;<strong>Lokal seismisk respons<\/strong>&laquo;, Som kan variere mye selv etter noen f\u00e5 meter. Mer generelt er meningsm\u00e5lingene grunnleggende for \u00e5 utdype kunnskapen om geologien i det phlegeriske omr\u00e5det og forbedre forst\u00e5elsen av fenomenet bradisisme.<\/p>\n<\/p><\/div>\n","protected":false},"excerpt":{"rendered":"<p>Til CAMPI FREGREI Geologiske og geofysiske unders\u00f8kelser har startet rettet mot Seismisk mikrozonasjon av kalderaen.<\/p>\n","protected":false},"author":1,"featured_media":3733,"comment_status":"closed","ping_status":"open","sticky":false,"template":"","format":"standard","meta":{"footnotes":""},"categories":[24],"tags":[6334,74,66,258,1222,677,6333,6332,552,231],"class_list":["post-9695","post","type-post","status-publish","format-standard","has-post-thumbnail","hentry","category-vitenskap","tag-bestar","tag-den","tag-det","tag-feltene","tag-flegrei","tag-gang","tag-mikrozonasjonen","tag-perforeringene","tag-seismiske","tag-ved","generate-columns","tablet-grid-50","mobile-grid-100","grid-parent","grid-33","resize-featured-image"],"yoast_head":"<!-- This site is optimized with the Yoast SEO plugin v24.4 - https:\/\/yoast.com\/wordpress\/plugins\/seo\/ -->\n<title>Perforeringene for den seismiske mikrozonasjonen ved flegrei -feltene er i gang: i det de best\u00e5r - Nordnesrepublikken<\/title>\n<meta name=\"robots\" content=\"index, follow, max-snippet:-1, max-image-preview:large, max-video-preview:-1\" \/>\n<link rel=\"canonical\" href=\"https:\/\/nordnesrepublikken.no\/index.php\/2025\/09\/18\/perforeringene-for-den-seismiske-mikrozonasjonen-ved-flegrei-feltene-er-i-gang-i-det-de-bestar\/\" \/>\n<meta property=\"og:locale\" content=\"nb_NO\" \/>\n<meta property=\"og:type\" content=\"article\" \/>\n<meta property=\"og:title\" content=\"Perforeringene for den seismiske mikrozonasjonen ved flegrei -feltene er i gang: i det de best\u00e5r - Nordnesrepublikken\" \/>\n<meta property=\"og:description\" content=\"Til CAMPI FREGREI Geologiske og geofysiske unders\u00f8kelser har startet rettet mot Seismisk mikrozonasjon av kalderaen.\" \/>\n<meta property=\"og:url\" content=\"https:\/\/nordnesrepublikken.no\/index.php\/2025\/09\/18\/perforeringene-for-den-seismiske-mikrozonasjonen-ved-flegrei-feltene-er-i-gang-i-det-de-bestar\/\" \/>\n<meta property=\"og:site_name\" content=\"Nordnesrepublikken\" \/>\n<meta property=\"article:published_time\" content=\"2025-09-18T11:49:35+00:00\" \/>\n<meta property=\"og:image\" content=\"https:\/\/nordnesrepublikken.no\/wp-content\/uploads\/2025\/04\/1745455817_Den-nye-INGV-bulletinen-pa-flegrei-feltene-kommer-reduserer-jordskjelv.jpg\" \/>\n\t<meta property=\"og:image:width\" content=\"1186\" \/>\n\t<meta property=\"og:image:height\" content=\"658\" \/>\n\t<meta property=\"og:image:type\" content=\"image\/jpeg\" \/>\n<meta name=\"author\" content=\"Ole Andersen\" \/>\n<meta name=\"twitter:card\" content=\"summary_large_image\" \/>\n<meta name=\"twitter:label1\" content=\"Skrevet av\" \/>\n\t<meta name=\"twitter:data1\" content=\"Ole Andersen\" \/>\n\t<meta name=\"twitter:label2\" content=\"Ansl. lesetid\" \/>\n\t<meta name=\"twitter:data2\" content=\"2 minutter\" \/>\n<script type=\"application\/ld+json\" class=\"yoast-schema-graph\">{\"@context\":\"https:\/\/schema.org\",\"@graph\":[{\"@type\":\"Article\",\"@id\":\"https:\/\/nordnesrepublikken.no\/index.php\/2025\/09\/18\/perforeringene-for-den-seismiske-mikrozonasjonen-ved-flegrei-feltene-er-i-gang-i-det-de-bestar\/#article\",\"isPartOf\":{\"@id\":\"https:\/\/nordnesrepublikken.no\/index.php\/2025\/09\/18\/perforeringene-for-den-seismiske-mikrozonasjonen-ved-flegrei-feltene-er-i-gang-i-det-de-bestar\/\"},\"author\":{\"name\":\"Ole Andersen\",\"@id\":\"https:\/\/nordnesrepublikken.no\/#\/schema\/person\/2e7e81935bab77882fffb79296240ff1\"},\"headline\":\"Perforeringene for den seismiske mikrozonasjonen ved flegrei -feltene er i gang: i det de best\u00e5r\",\"datePublished\":\"2025-09-18T11:49:35+00:00\",\"mainEntityOfPage\":{\"@id\":\"https:\/\/nordnesrepublikken.no\/index.php\/2025\/09\/18\/perforeringene-for-den-seismiske-mikrozonasjonen-ved-flegrei-feltene-er-i-gang-i-det-de-bestar\/\"},\"wordCount\":456,\"publisher\":{\"@id\":\"https:\/\/nordnesrepublikken.no\/#organization\"},\"image\":{\"@id\":\"https:\/\/nordnesrepublikken.no\/index.php\/2025\/09\/18\/perforeringene-for-den-seismiske-mikrozonasjonen-ved-flegrei-feltene-er-i-gang-i-det-de-bestar\/#primaryimage\"},\"thumbnailUrl\":\"https:\/\/nordnesrepublikken.no\/wp-content\/uploads\/2025\/04\/1745455817_Den-nye-INGV-bulletinen-pa-flegrei-feltene-kommer-reduserer-jordskjelv.jpg\",\"keywords\":[\"best\u00e5r\",\"den\",\"Det\",\"feltene\",\"flegrei\",\"gang\",\"mikrozonasjonen\",\"Perforeringene\",\"seismiske\",\"ved\"],\"articleSection\":[\"Vitenskap\"],\"inLanguage\":\"nb-NO\"},{\"@type\":\"WebPage\",\"@id\":\"https:\/\/nordnesrepublikken.no\/index.php\/2025\/09\/18\/perforeringene-for-den-seismiske-mikrozonasjonen-ved-flegrei-feltene-er-i-gang-i-det-de-bestar\/\",\"url\":\"https:\/\/nordnesrepublikken.no\/index.php\/2025\/09\/18\/perforeringene-for-den-seismiske-mikrozonasjonen-ved-flegrei-feltene-er-i-gang-i-det-de-bestar\/\",\"name\":\"Perforeringene for den seismiske mikrozonasjonen ved flegrei -feltene er i gang: i det de best\u00e5r - Nordnesrepublikken\",\"isPartOf\":{\"@id\":\"https:\/\/nordnesrepublikken.no\/#website\"},\"primaryImageOfPage\":{\"@id\":\"https:\/\/nordnesrepublikken.no\/index.php\/2025\/09\/18\/perforeringene-for-den-seismiske-mikrozonasjonen-ved-flegrei-feltene-er-i-gang-i-det-de-bestar\/#primaryimage\"},\"image\":{\"@id\":\"https:\/\/nordnesrepublikken.no\/index.php\/2025\/09\/18\/perforeringene-for-den-seismiske-mikrozonasjonen-ved-flegrei-feltene-er-i-gang-i-det-de-bestar\/#primaryimage\"},\"thumbnailUrl\":\"https:\/\/nordnesrepublikken.no\/wp-content\/uploads\/2025\/04\/1745455817_Den-nye-INGV-bulletinen-pa-flegrei-feltene-kommer-reduserer-jordskjelv.jpg\",\"datePublished\":\"2025-09-18T11:49:35+00:00\",\"breadcrumb\":{\"@id\":\"https:\/\/nordnesrepublikken.no\/index.php\/2025\/09\/18\/perforeringene-for-den-seismiske-mikrozonasjonen-ved-flegrei-feltene-er-i-gang-i-det-de-bestar\/#breadcrumb\"},\"inLanguage\":\"nb-NO\",\"potentialAction\":[{\"@type\":\"ReadAction\",\"target\":[\"https:\/\/nordnesrepublikken.no\/index.php\/2025\/09\/18\/perforeringene-for-den-seismiske-mikrozonasjonen-ved-flegrei-feltene-er-i-gang-i-det-de-bestar\/\"]}]},{\"@type\":\"ImageObject\",\"inLanguage\":\"nb-NO\",\"@id\":\"https:\/\/nordnesrepublikken.no\/index.php\/2025\/09\/18\/perforeringene-for-den-seismiske-mikrozonasjonen-ved-flegrei-feltene-er-i-gang-i-det-de-bestar\/#primaryimage\",\"url\":\"https:\/\/nordnesrepublikken.no\/wp-content\/uploads\/2025\/04\/1745455817_Den-nye-INGV-bulletinen-pa-flegrei-feltene-kommer-reduserer-jordskjelv.jpg\",\"contentUrl\":\"https:\/\/nordnesrepublikken.no\/wp-content\/uploads\/2025\/04\/1745455817_Den-nye-INGV-bulletinen-pa-flegrei-feltene-kommer-reduserer-jordskjelv.jpg\",\"width\":1186,\"height\":658,\"caption\":\"Campi Flegrei\"},{\"@type\":\"BreadcrumbList\",\"@id\":\"https:\/\/nordnesrepublikken.no\/index.php\/2025\/09\/18\/perforeringene-for-den-seismiske-mikrozonasjonen-ved-flegrei-feltene-er-i-gang-i-det-de-bestar\/#breadcrumb\",\"itemListElement\":[{\"@type\":\"ListItem\",\"position\":1,\"name\":\"Home\",\"item\":\"https:\/\/nordnesrepublikken.no\/\"},{\"@type\":\"ListItem\",\"position\":2,\"name\":\"Perforeringene for den seismiske mikrozonasjonen ved flegrei -feltene er i gang: i det de best\u00e5r\"}]},{\"@type\":\"WebSite\",\"@id\":\"https:\/\/nordnesrepublikken.no\/#website\",\"url\":\"https:\/\/nordnesrepublikken.no\/\",\"name\":\"Nordnesrepublikken\",\"description\":\"Stemmer og Visjoner fra Republikkens Hjerte\",\"publisher\":{\"@id\":\"https:\/\/nordnesrepublikken.no\/#organization\"},\"potentialAction\":[{\"@type\":\"SearchAction\",\"target\":{\"@type\":\"EntryPoint\",\"urlTemplate\":\"https:\/\/nordnesrepublikken.no\/?s={search_term_string}\"},\"query-input\":{\"@type\":\"PropertyValueSpecification\",\"valueRequired\":true,\"valueName\":\"search_term_string\"}}],\"inLanguage\":\"nb-NO\"},{\"@type\":\"Organization\",\"@id\":\"https:\/\/nordnesrepublikken.no\/#organization\",\"name\":\"Nordnesrepublikken\",\"url\":\"https:\/\/nordnesrepublikken.no\/\",\"logo\":{\"@type\":\"ImageObject\",\"inLanguage\":\"nb-NO\",\"@id\":\"https:\/\/nordnesrepublikken.no\/#\/schema\/logo\/image\/\",\"url\":\"https:\/\/nordnesrepublikken.no\/wp-content\/uploads\/2025\/02\/cropped-nordnesrepublikken-2.png\",\"contentUrl\":\"https:\/\/nordnesrepublikken.no\/wp-content\/uploads\/2025\/02\/cropped-nordnesrepublikken-2.png\",\"width\":1248,\"height\":362,\"caption\":\"Nordnesrepublikken\"},\"image\":{\"@id\":\"https:\/\/nordnesrepublikken.no\/#\/schema\/logo\/image\/\"}},{\"@type\":\"Person\",\"@id\":\"https:\/\/nordnesrepublikken.no\/#\/schema\/person\/2e7e81935bab77882fffb79296240ff1\",\"name\":\"Ole Andersen\",\"image\":{\"@type\":\"ImageObject\",\"inLanguage\":\"nb-NO\",\"@id\":\"https:\/\/nordnesrepublikken.no\/#\/schema\/person\/image\/\",\"url\":\"https:\/\/nordnesrepublikken.no\/wp-content\/uploads\/2025\/02\/nordnesrepublikken-2-2-150x150.jpg\",\"contentUrl\":\"https:\/\/nordnesrepublikken.no\/wp-content\/uploads\/2025\/02\/nordnesrepublikken-2-2-150x150.jpg\",\"caption\":\"Ole Andersen\"},\"description\":\"Ettersom jeg vokste opp i Oslo, har jeg alltid v\u00e6rt fascinert av ordenes kraft og deres evne til \u00e5 skape endringer. Etter \u00e5 ha fullf\u00f8rt min utdannelse i kommunikasjon ved Universitetet i Bergen, fikk jeg muligheten til \u00e5 jobbe innen ulike medier, der jeg har s\u00f8kt \u00e5 belyse viktige samfunnssp\u00f8rsm\u00e5l. I dag, som redakt\u00f8r for Nordnesrepublikken, pr\u00f8ver jeg \u00e5 forene min kj\u00e6rlighet for journalistikk med min lidenskap for innovasjon og eventyr.\",\"sameAs\":[\"https:\/\/nordnesrepublikken.no\/\"]}]}<\/script>\n<!-- \/ Yoast SEO plugin. -->","yoast_head_json":{"title":"Perforeringene for den seismiske mikrozonasjonen ved flegrei -feltene er i gang: i det de best\u00e5r - Nordnesrepublikken","robots":{"index":"index","follow":"follow","max-snippet":"max-snippet:-1","max-image-preview":"max-image-preview:large","max-video-preview":"max-video-preview:-1"},"canonical":"https:\/\/nordnesrepublikken.no\/index.php\/2025\/09\/18\/perforeringene-for-den-seismiske-mikrozonasjonen-ved-flegrei-feltene-er-i-gang-i-det-de-bestar\/","og_locale":"nb_NO","og_type":"article","og_title":"Perforeringene for den seismiske mikrozonasjonen ved flegrei -feltene er i gang: i det de best\u00e5r - Nordnesrepublikken","og_description":"Til CAMPI FREGREI Geologiske og geofysiske unders\u00f8kelser har startet rettet mot Seismisk mikrozonasjon av kalderaen.","og_url":"https:\/\/nordnesrepublikken.no\/index.php\/2025\/09\/18\/perforeringene-for-den-seismiske-mikrozonasjonen-ved-flegrei-feltene-er-i-gang-i-det-de-bestar\/","og_site_name":"Nordnesrepublikken","article_published_time":"2025-09-18T11:49:35+00:00","og_image":[{"width":1186,"height":658,"url":"https:\/\/nordnesrepublikken.no\/wp-content\/uploads\/2025\/04\/1745455817_Den-nye-INGV-bulletinen-pa-flegrei-feltene-kommer-reduserer-jordskjelv.jpg","type":"image\/jpeg"}],"author":"Ole Andersen","twitter_card":"summary_large_image","twitter_misc":{"Skrevet av":"Ole Andersen","Ansl. lesetid":"2 minutter"},"schema":{"@context":"https:\/\/schema.org","@graph":[{"@type":"Article","@id":"https:\/\/nordnesrepublikken.no\/index.php\/2025\/09\/18\/perforeringene-for-den-seismiske-mikrozonasjonen-ved-flegrei-feltene-er-i-gang-i-det-de-bestar\/#article","isPartOf":{"@id":"https:\/\/nordnesrepublikken.no\/index.php\/2025\/09\/18\/perforeringene-for-den-seismiske-mikrozonasjonen-ved-flegrei-feltene-er-i-gang-i-det-de-bestar\/"},"author":{"name":"Ole Andersen","@id":"https:\/\/nordnesrepublikken.no\/#\/schema\/person\/2e7e81935bab77882fffb79296240ff1"},"headline":"Perforeringene for den seismiske mikrozonasjonen ved flegrei -feltene er i gang: i det de best\u00e5r","datePublished":"2025-09-18T11:49:35+00:00","mainEntityOfPage":{"@id":"https:\/\/nordnesrepublikken.no\/index.php\/2025\/09\/18\/perforeringene-for-den-seismiske-mikrozonasjonen-ved-flegrei-feltene-er-i-gang-i-det-de-bestar\/"},"wordCount":456,"publisher":{"@id":"https:\/\/nordnesrepublikken.no\/#organization"},"image":{"@id":"https:\/\/nordnesrepublikken.no\/index.php\/2025\/09\/18\/perforeringene-for-den-seismiske-mikrozonasjonen-ved-flegrei-feltene-er-i-gang-i-det-de-bestar\/#primaryimage"},"thumbnailUrl":"https:\/\/nordnesrepublikken.no\/wp-content\/uploads\/2025\/04\/1745455817_Den-nye-INGV-bulletinen-pa-flegrei-feltene-kommer-reduserer-jordskjelv.jpg","keywords":["best\u00e5r","den","Det","feltene","flegrei","gang","mikrozonasjonen","Perforeringene","seismiske","ved"],"articleSection":["Vitenskap"],"inLanguage":"nb-NO"},{"@type":"WebPage","@id":"https:\/\/nordnesrepublikken.no\/index.php\/2025\/09\/18\/perforeringene-for-den-seismiske-mikrozonasjonen-ved-flegrei-feltene-er-i-gang-i-det-de-bestar\/","url":"https:\/\/nordnesrepublikken.no\/index.php\/2025\/09\/18\/perforeringene-for-den-seismiske-mikrozonasjonen-ved-flegrei-feltene-er-i-gang-i-det-de-bestar\/","name":"Perforeringene for den seismiske mikrozonasjonen ved flegrei -feltene er i gang: i det de best\u00e5r - Nordnesrepublikken","isPartOf":{"@id":"https:\/\/nordnesrepublikken.no\/#website"},"primaryImageOfPage":{"@id":"https:\/\/nordnesrepublikken.no\/index.php\/2025\/09\/18\/perforeringene-for-den-seismiske-mikrozonasjonen-ved-flegrei-feltene-er-i-gang-i-det-de-bestar\/#primaryimage"},"image":{"@id":"https:\/\/nordnesrepublikken.no\/index.php\/2025\/09\/18\/perforeringene-for-den-seismiske-mikrozonasjonen-ved-flegrei-feltene-er-i-gang-i-det-de-bestar\/#primaryimage"},"thumbnailUrl":"https:\/\/nordnesrepublikken.no\/wp-content\/uploads\/2025\/04\/1745455817_Den-nye-INGV-bulletinen-pa-flegrei-feltene-kommer-reduserer-jordskjelv.jpg","datePublished":"2025-09-18T11:49:35+00:00","breadcrumb":{"@id":"https:\/\/nordnesrepublikken.no\/index.php\/2025\/09\/18\/perforeringene-for-den-seismiske-mikrozonasjonen-ved-flegrei-feltene-er-i-gang-i-det-de-bestar\/#breadcrumb"},"inLanguage":"nb-NO","potentialAction":[{"@type":"ReadAction","target":["https:\/\/nordnesrepublikken.no\/index.php\/2025\/09\/18\/perforeringene-for-den-seismiske-mikrozonasjonen-ved-flegrei-feltene-er-i-gang-i-det-de-bestar\/"]}]},{"@type":"ImageObject","inLanguage":"nb-NO","@id":"https:\/\/nordnesrepublikken.no\/index.php\/2025\/09\/18\/perforeringene-for-den-seismiske-mikrozonasjonen-ved-flegrei-feltene-er-i-gang-i-det-de-bestar\/#primaryimage","url":"https:\/\/nordnesrepublikken.no\/wp-content\/uploads\/2025\/04\/1745455817_Den-nye-INGV-bulletinen-pa-flegrei-feltene-kommer-reduserer-jordskjelv.jpg","contentUrl":"https:\/\/nordnesrepublikken.no\/wp-content\/uploads\/2025\/04\/1745455817_Den-nye-INGV-bulletinen-pa-flegrei-feltene-kommer-reduserer-jordskjelv.jpg","width":1186,"height":658,"caption":"Campi Flegrei"},{"@type":"BreadcrumbList","@id":"https:\/\/nordnesrepublikken.no\/index.php\/2025\/09\/18\/perforeringene-for-den-seismiske-mikrozonasjonen-ved-flegrei-feltene-er-i-gang-i-det-de-bestar\/#breadcrumb","itemListElement":[{"@type":"ListItem","position":1,"name":"Home","item":"https:\/\/nordnesrepublikken.no\/"},{"@type":"ListItem","position":2,"name":"Perforeringene for den seismiske mikrozonasjonen ved flegrei -feltene er i gang: i det de best\u00e5r"}]},{"@type":"WebSite","@id":"https:\/\/nordnesrepublikken.no\/#website","url":"https:\/\/nordnesrepublikken.no\/","name":"Nordnesrepublikken","description":"Stemmer og Visjoner fra Republikkens Hjerte","publisher":{"@id":"https:\/\/nordnesrepublikken.no\/#organization"},"potentialAction":[{"@type":"SearchAction","target":{"@type":"EntryPoint","urlTemplate":"https:\/\/nordnesrepublikken.no\/?s={search_term_string}"},"query-input":{"@type":"PropertyValueSpecification","valueRequired":true,"valueName":"search_term_string"}}],"inLanguage":"nb-NO"},{"@type":"Organization","@id":"https:\/\/nordnesrepublikken.no\/#organization","name":"Nordnesrepublikken","url":"https:\/\/nordnesrepublikken.no\/","logo":{"@type":"ImageObject","inLanguage":"nb-NO","@id":"https:\/\/nordnesrepublikken.no\/#\/schema\/logo\/image\/","url":"https:\/\/nordnesrepublikken.no\/wp-content\/uploads\/2025\/02\/cropped-nordnesrepublikken-2.png","contentUrl":"https:\/\/nordnesrepublikken.no\/wp-content\/uploads\/2025\/02\/cropped-nordnesrepublikken-2.png","width":1248,"height":362,"caption":"Nordnesrepublikken"},"image":{"@id":"https:\/\/nordnesrepublikken.no\/#\/schema\/logo\/image\/"}},{"@type":"Person","@id":"https:\/\/nordnesrepublikken.no\/#\/schema\/person\/2e7e81935bab77882fffb79296240ff1","name":"Ole Andersen","image":{"@type":"ImageObject","inLanguage":"nb-NO","@id":"https:\/\/nordnesrepublikken.no\/#\/schema\/person\/image\/","url":"https:\/\/nordnesrepublikken.no\/wp-content\/uploads\/2025\/02\/nordnesrepublikken-2-2-150x150.jpg","contentUrl":"https:\/\/nordnesrepublikken.no\/wp-content\/uploads\/2025\/02\/nordnesrepublikken-2-2-150x150.jpg","caption":"Ole Andersen"},"description":"Ettersom jeg vokste opp i Oslo, har jeg alltid v\u00e6rt fascinert av ordenes kraft og deres evne til \u00e5 skape endringer. Etter \u00e5 ha fullf\u00f8rt min utdannelse i kommunikasjon ved Universitetet i Bergen, fikk jeg muligheten til \u00e5 jobbe innen ulike medier, der jeg har s\u00f8kt \u00e5 belyse viktige samfunnssp\u00f8rsm\u00e5l. I dag, som redakt\u00f8r for Nordnesrepublikken, pr\u00f8ver jeg \u00e5 forene min kj\u00e6rlighet for journalistikk med min lidenskap for innovasjon og eventyr.","sameAs":["https:\/\/nordnesrepublikken.no\/"]}]}},"_links":{"self":[{"href":"https:\/\/nordnesrepublikken.no\/index.php\/wp-json\/wp\/v2\/posts\/9695","targetHints":{"allow":["GET"]}}],"collection":[{"href":"https:\/\/nordnesrepublikken.no\/index.php\/wp-json\/wp\/v2\/posts"}],"about":[{"href":"https:\/\/nordnesrepublikken.no\/index.php\/wp-json\/wp\/v2\/types\/post"}],"author":[{"embeddable":true,"href":"https:\/\/nordnesrepublikken.no\/index.php\/wp-json\/wp\/v2\/users\/1"}],"replies":[{"embeddable":true,"href":"https:\/\/nordnesrepublikken.no\/index.php\/wp-json\/wp\/v2\/comments?post=9695"}],"version-history":[{"count":1,"href":"https:\/\/nordnesrepublikken.no\/index.php\/wp-json\/wp\/v2\/posts\/9695\/revisions"}],"predecessor-version":[{"id":9696,"href":"https:\/\/nordnesrepublikken.no\/index.php\/wp-json\/wp\/v2\/posts\/9695\/revisions\/9696"}],"wp:featuredmedia":[{"embeddable":true,"href":"https:\/\/nordnesrepublikken.no\/index.php\/wp-json\/wp\/v2\/media\/3733"}],"wp:attachment":[{"href":"https:\/\/nordnesrepublikken.no\/index.php\/wp-json\/wp\/v2\/media?parent=9695"}],"wp:term":[{"taxonomy":"category","embeddable":true,"href":"https:\/\/nordnesrepublikken.no\/index.php\/wp-json\/wp\/v2\/categories?post=9695"},{"taxonomy":"post_tag","embeddable":true,"href":"https:\/\/nordnesrepublikken.no\/index.php\/wp-json\/wp\/v2\/tags?post=9695"}],"curies":[{"name":"wp","href":"https:\/\/api.w.org\/{rel}","templated":true}]}}