{"id":9680,"date":"2025-09-18T09:49:36","date_gmt":"2025-09-18T07:49:36","guid":{"rendered":"https:\/\/nordnesrepublikken.no\/index.php\/2025\/09\/18\/spanias-dgt-advarer-slutt-a-gjore-dette-pa-veien-eller-mote-en-straff-pa-e-200\/"},"modified":"2025-09-18T09:49:37","modified_gmt":"2025-09-18T07:49:37","slug":"spanias-dgt-advarer-slutt-a-gjore-dette-pa-veien-eller-mote-en-straff-pa-e-200","status":"publish","type":"post","link":"https:\/\/nordnesrepublikken.no\/index.php\/2025\/09\/18\/spanias-dgt-advarer-slutt-a-gjore-dette-pa-veien-eller-mote-en-straff-pa-e-200\/","title":{"rendered":"Spanias DGT advarer: Slutt \u00e5 gj\u00f8re dette p\u00e5 veien eller m\u00f8te en straff p\u00e5 \u20ac 200"},"content":{"rendered":"<p><\/p>\n<div class=\"wordpress-content\">\n                    <!-- Article Start --><\/p>\n<p><strong>Det er en av de sm\u00e5 tingene du gj\u00f8r bak rattet uten \u00e5 gi det en ny tanke. Du kj\u00f8rer langs en motorvei, trafikken bremser plutselig til en gjennoms\u00f8k, og instinktet ditt sparker inn: flick p\u00e5 farelysene for \u00e5 advare bilen bak.<\/strong><\/p>\n<p>H\u00f8res fornuftig ut, ikke sant? Dessverre er ikke DGT (Direcci\u00f3n General de Tr\u00e1fico) enig &#8211; og denne veldig vanlige vanen kan n\u00e5 etterlate deg en bot p\u00e5 \u20ac 200.<\/p>\n<h2>En overraskelse for spanske sj\u00e5f\u00f8rer<\/h2>\n<p>Nyheten har fanget mange bilister av vakt. Mange innr\u00f8mmer at de har gjort det i \u00e5revis, og tenkte at de var ekstra forsiktige. En sj\u00e5f\u00f8r, Francesc Lamela Piqueras, tilsto til og med sosiale medier: <em>&laquo;Jeg visste ikke at dette var en bot. Jeg pleide \u00e5 gj\u00f8re det hele tiden, og tenkte at det var det tryggeste \u00e5 gj\u00f8re.&raquo;<\/em> Han er langt fra alene &#8211; for mange erfarne sj\u00e5f\u00f8rer f\u00f8les dette som en skjult regel trukket rett ut av ingenting.<\/p>\n<div class=\"sra_unit\"><link rel=\"stylesheet\" id=\"block-sra\" href=\"https:\/\/euroweeklynews.com\/wp-content\/plugins\/snack-related-articles\/dist\/css\/snack-related.min.css?250312-193541\" type=\"text\/css\" media=\"all\">\n<\/div>\n<p>Men sannheten er at den ikke er ny. Forbudet er skrevet inn i Regulento General de Circulaci\u00f3n, Spanias drivende regelbok. I henhold til artikkel 109 er den riktige m\u00e5ten \u00e5 advare andre om en plutselig nedgang ved \u00e5 trykke p\u00e5 bremsepedalen gjentatte ganger slik at baklysene dine blinker, eller-i et litt mer gammeldags trekk-ved \u00e5 stikke armen ut av vinduet og flytte den opp og ned raskt.<\/p>\n<p>Farelys, sier DGT, er strengt forbeholdt reelle n\u00f8dsituasjoner, ikke rutinemessige trafikkork.<\/p>\n<h2>N\u00e5r fare lyser <em>er<\/em> tillatt<\/h2>\n<p>S\u00e5 betyr det at du aldri kan ber\u00f8re den Red Triangle -knappen igjen? Ikke akkurat. Det er en h\u00e5ndfull scenarier der farer ikke bare er tillatt, men oppmuntret. Hvis du bryter ned p\u00e5 den harde skulderen, hvis bilen din er immobilisert, eller hvis du kj\u00f8rer gjennom kraftig t\u00e5ke, er kraftig regn eller til og med r\u00f8yk som begrenser synligheten &#8211; s\u00e5 ja, farelys er lovlige.<\/p>\n<p>Men \u00e5 bruke dem bare for \u00e5 flagge et trafikkork foran? Det er det DGT vil stoppe. Argumentet er at sj\u00e5f\u00f8rene skal vite hva bremselys betyr &#8211; og farer, hvis de misbrukes, bare skaper forvirring.<\/p>\n<p>Enten bilister kj\u00f8per inn den resonnementet eller ikke, er advarselen klar: fortsett med vanen, og du kan v\u00e6re \u20ac 200 fattigere.<\/p>\n<h2>Jo st\u00f8rre nedbrytning av vegoppf\u00f8rsel<\/h2>\n<p>Dette skjer ikke isolert. DGT har rolig strammet opp sin overv\u00e5king av sj\u00e5f\u00f8rer, rullet ut flere kameraer, t\u00f8ffere straffer og til og med nye signaler designet for \u00e5 fange d\u00e5rlige vaner.<\/p>\n<p>En av de siste er S-991D Stop Radar System, som allerede er testet i visse deler av Spania. Den er designet for \u00e5 overv\u00e5ke om biler faktisk kommer til \u00e5 stoppe ved stoppskilt. De nye skiltene, knyttet til elektroniske \u00f8yne, kan \u00f8yeblikkelig fortelle om du har bremset opp, men ikke klarte \u00e5 stoppe fullt ut &#8211; noe de fleste sj\u00e5f\u00f8rer er skyldige i minst en gang.<\/p>\n<p>Tjenestemenn sier at ideen ikke handler om \u00e5 fange folk, men om \u00e5 gj\u00f8re veier tryggere for alle, spesielt i travle bysoner der fotgjengere, syklister og andre biler krysser stier. For mange bilister f\u00f8les det likevel som nok en p\u00e5minnelse om at de minste feilene ikke lenger g\u00e5r up\u00e5aktet hen.<\/p>\n<h2>Hva dette betyr for utvandrere og turister<\/h2>\n<p>For utvandrere som bor i Spania &#8211; og millioner av ferierende som ansetter en bil til sommerferien &#8211; er dette en av de reglene du vil huske p\u00e5. Det er lett \u00e5 anta at det som f\u00f8les &laquo;sunn fornuft&raquo; p\u00e5 veien m\u00e5 v\u00e6re lovlig. Men som DGT fortsetter \u00e5 bevise, har den spanske trafikkloven sine rare.<\/p>\n<p>Farelys for syltet\u00f8y kan f\u00f8le seg instinktive hvis du har kj\u00f8rt andre steder i Europa, men her i Spania er det en kostbar feil. Og n\u00e5r b\u00f8ter kan ankomme via radar eller kamera lenge etter at turen er over, er uvitenhet virkelig ikke lykke.<\/p>\n<p>Meldingen fra DGT kunne ikke v\u00e6re tydeligere: Kjenn reglene, selv de som virker sm\u00e5 eller motintuitive. En vane som er plukket opp gjennom \u00e5r kan virke ufarlig, men i Spania kan det v\u00e6re en sanksjon som venter p\u00e5 \u00e5 skje.<\/p>\n<p>S\u00e5 neste gang motorveien foran stopper, motst\u00e5 trangen til \u00e5 strekke seg etter fareknappen. Trykk i bremsepedalen i stedet, hold avstanden og spar deg selv \u20ac 200. For som hver sj\u00e5f\u00f8r i Spania l\u00e6rer den harde m\u00e5ten &#8211; n\u00e5r det gjelder trafikksikkerhet, betyr DGT virksomhet.<\/p>\n<p>                    <!-- This article has been originally published at https:\/\/euroweeklynews.com\/2025\/09\/17\/spains-dgt-warns-stop-doing-this-on-the-road-or-face-a-e200-penalty\/ on 17 Sep 2025 at 23:01 by Farah Mokrani --><br \/>\n                    <!-- Article End -->\n                <\/div>\n","protected":false},"excerpt":{"rendered":"<p>Det er en av de sm\u00e5 tingene du gj\u00f8r bak rattet uten \u00e5 gi det<\/p>\n","protected":false},"author":1,"featured_media":9681,"comment_status":"closed","ping_status":"open","sticky":false,"template":"","format":"standard","meta":{"footnotes":""},"categories":[105],"tags":[1123,185,1599,1156,713,156,81,1418,1892,6321,1082],"class_list":["post-9680","post","type-post","status-publish","format-standard","has-post-thumbnail","hentry","category-livsstil","tag-advarer","tag-dette","tag-dgt","tag-eller","tag-gjore","tag-mote","tag-pa","tag-slutt","tag-spanias","tag-straff","tag-veien","generate-columns","tablet-grid-50","mobile-grid-100","grid-parent","grid-33","resize-featured-image"],"yoast_head":"<!-- This site is optimized with the Yoast SEO plugin v24.4 - https:\/\/yoast.com\/wordpress\/plugins\/seo\/ -->\n<title>Spanias DGT advarer: Slutt \u00e5 gj\u00f8re dette p\u00e5 veien eller m\u00f8te en straff p\u00e5 \u20ac 200 - Nordnesrepublikken<\/title>\n<meta name=\"robots\" content=\"index, follow, max-snippet:-1, max-image-preview:large, max-video-preview:-1\" \/>\n<link rel=\"canonical\" href=\"https:\/\/nordnesrepublikken.no\/index.php\/2025\/09\/18\/spanias-dgt-advarer-slutt-a-gjore-dette-pa-veien-eller-mote-en-straff-pa-e-200\/\" \/>\n<meta property=\"og:locale\" content=\"nb_NO\" \/>\n<meta property=\"og:type\" content=\"article\" \/>\n<meta property=\"og:title\" content=\"Spanias DGT advarer: Slutt \u00e5 gj\u00f8re dette p\u00e5 veien eller m\u00f8te en straff p\u00e5 \u20ac 200 - Nordnesrepublikken\" \/>\n<meta property=\"og:description\" content=\"Det er en av de sm\u00e5 tingene du gj\u00f8r bak rattet uten \u00e5 gi det\" \/>\n<meta property=\"og:url\" content=\"https:\/\/nordnesrepublikken.no\/index.php\/2025\/09\/18\/spanias-dgt-advarer-slutt-a-gjore-dette-pa-veien-eller-mote-en-straff-pa-e-200\/\" \/>\n<meta property=\"og:site_name\" content=\"Nordnesrepublikken\" \/>\n<meta property=\"article:published_time\" content=\"2025-09-18T07:49:36+00:00\" \/>\n<meta property=\"article:modified_time\" content=\"2025-09-18T07:49:37+00:00\" \/>\n<meta property=\"og:image\" content=\"https:\/\/nordnesrepublikken.no\/wp-content\/uploads\/2025\/09\/1758181777_Spanias-DGT-advarer-Slutt-a-gjore-dette-pa-veien-eller.jpg\" \/>\n\t<meta property=\"og:image:width\" content=\"1200\" \/>\n\t<meta property=\"og:image:height\" content=\"800\" \/>\n\t<meta property=\"og:image:type\" content=\"image\/jpeg\" \/>\n<meta name=\"author\" content=\"Ole Andersen\" \/>\n<meta name=\"twitter:card\" content=\"summary_large_image\" \/>\n<meta name=\"twitter:label1\" content=\"Skrevet av\" \/>\n\t<meta name=\"twitter:data1\" content=\"Ole Andersen\" \/>\n\t<meta name=\"twitter:label2\" content=\"Ansl. lesetid\" \/>\n\t<meta name=\"twitter:data2\" content=\"4 minutter\" \/>\n<script type=\"application\/ld+json\" class=\"yoast-schema-graph\">{\"@context\":\"https:\/\/schema.org\",\"@graph\":[{\"@type\":\"Article\",\"@id\":\"https:\/\/nordnesrepublikken.no\/index.php\/2025\/09\/18\/spanias-dgt-advarer-slutt-a-gjore-dette-pa-veien-eller-mote-en-straff-pa-e-200\/#article\",\"isPartOf\":{\"@id\":\"https:\/\/nordnesrepublikken.no\/index.php\/2025\/09\/18\/spanias-dgt-advarer-slutt-a-gjore-dette-pa-veien-eller-mote-en-straff-pa-e-200\/\"},\"author\":{\"name\":\"Ole Andersen\",\"@id\":\"https:\/\/nordnesrepublikken.no\/#\/schema\/person\/2e7e81935bab77882fffb79296240ff1\"},\"headline\":\"Spanias DGT advarer: Slutt \u00e5 gj\u00f8re dette p\u00e5 veien eller m\u00f8te en straff p\u00e5 \u20ac 200\",\"datePublished\":\"2025-09-18T07:49:36+00:00\",\"dateModified\":\"2025-09-18T07:49:37+00:00\",\"mainEntityOfPage\":{\"@id\":\"https:\/\/nordnesrepublikken.no\/index.php\/2025\/09\/18\/spanias-dgt-advarer-slutt-a-gjore-dette-pa-veien-eller-mote-en-straff-pa-e-200\/\"},\"wordCount\":751,\"publisher\":{\"@id\":\"https:\/\/nordnesrepublikken.no\/#organization\"},\"image\":{\"@id\":\"https:\/\/nordnesrepublikken.no\/index.php\/2025\/09\/18\/spanias-dgt-advarer-slutt-a-gjore-dette-pa-veien-eller-mote-en-straff-pa-e-200\/#primaryimage\"},\"thumbnailUrl\":\"https:\/\/nordnesrepublikken.no\/wp-content\/uploads\/2025\/09\/1758181777_Spanias-DGT-advarer-Slutt-a-gjore-dette-pa-veien-eller.jpg\",\"keywords\":[\"advarer\",\"dette\",\"DGT\",\"eller\",\"gj\u00f8re\",\"m\u00f8te\",\"p\u00e5\",\"Slutt\",\"Spanias\",\"straff\",\"veien\"],\"articleSection\":[\"Livsstil\"],\"inLanguage\":\"nb-NO\"},{\"@type\":\"WebPage\",\"@id\":\"https:\/\/nordnesrepublikken.no\/index.php\/2025\/09\/18\/spanias-dgt-advarer-slutt-a-gjore-dette-pa-veien-eller-mote-en-straff-pa-e-200\/\",\"url\":\"https:\/\/nordnesrepublikken.no\/index.php\/2025\/09\/18\/spanias-dgt-advarer-slutt-a-gjore-dette-pa-veien-eller-mote-en-straff-pa-e-200\/\",\"name\":\"Spanias DGT advarer: Slutt \u00e5 gj\u00f8re dette p\u00e5 veien eller m\u00f8te en straff p\u00e5 \u20ac 200 - Nordnesrepublikken\",\"isPartOf\":{\"@id\":\"https:\/\/nordnesrepublikken.no\/#website\"},\"primaryImageOfPage\":{\"@id\":\"https:\/\/nordnesrepublikken.no\/index.php\/2025\/09\/18\/spanias-dgt-advarer-slutt-a-gjore-dette-pa-veien-eller-mote-en-straff-pa-e-200\/#primaryimage\"},\"image\":{\"@id\":\"https:\/\/nordnesrepublikken.no\/index.php\/2025\/09\/18\/spanias-dgt-advarer-slutt-a-gjore-dette-pa-veien-eller-mote-en-straff-pa-e-200\/#primaryimage\"},\"thumbnailUrl\":\"https:\/\/nordnesrepublikken.no\/wp-content\/uploads\/2025\/09\/1758181777_Spanias-DGT-advarer-Slutt-a-gjore-dette-pa-veien-eller.jpg\",\"datePublished\":\"2025-09-18T07:49:36+00:00\",\"dateModified\":\"2025-09-18T07:49:37+00:00\",\"breadcrumb\":{\"@id\":\"https:\/\/nordnesrepublikken.no\/index.php\/2025\/09\/18\/spanias-dgt-advarer-slutt-a-gjore-dette-pa-veien-eller-mote-en-straff-pa-e-200\/#breadcrumb\"},\"inLanguage\":\"nb-NO\",\"potentialAction\":[{\"@type\":\"ReadAction\",\"target\":[\"https:\/\/nordnesrepublikken.no\/index.php\/2025\/09\/18\/spanias-dgt-advarer-slutt-a-gjore-dette-pa-veien-eller-mote-en-straff-pa-e-200\/\"]}]},{\"@type\":\"ImageObject\",\"inLanguage\":\"nb-NO\",\"@id\":\"https:\/\/nordnesrepublikken.no\/index.php\/2025\/09\/18\/spanias-dgt-advarer-slutt-a-gjore-dette-pa-veien-eller-mote-en-straff-pa-e-200\/#primaryimage\",\"url\":\"https:\/\/nordnesrepublikken.no\/wp-content\/uploads\/2025\/09\/1758181777_Spanias-DGT-advarer-Slutt-a-gjore-dette-pa-veien-eller.jpg\",\"contentUrl\":\"https:\/\/nordnesrepublikken.no\/wp-content\/uploads\/2025\/09\/1758181777_Spanias-DGT-advarer-Slutt-a-gjore-dette-pa-veien-eller.jpg\",\"width\":1200,\"height\":800,\"caption\":\"Spanias DGT advarer: Slutt \u00e5 gj\u00f8re dette p\u00e5 veien eller m\u00f8te en straff p\u00e5 \u20ac 200\"},{\"@type\":\"BreadcrumbList\",\"@id\":\"https:\/\/nordnesrepublikken.no\/index.php\/2025\/09\/18\/spanias-dgt-advarer-slutt-a-gjore-dette-pa-veien-eller-mote-en-straff-pa-e-200\/#breadcrumb\",\"itemListElement\":[{\"@type\":\"ListItem\",\"position\":1,\"name\":\"Home\",\"item\":\"https:\/\/nordnesrepublikken.no\/\"},{\"@type\":\"ListItem\",\"position\":2,\"name\":\"Spanias DGT advarer: Slutt \u00e5 gj\u00f8re dette p\u00e5 veien eller m\u00f8te en straff p\u00e5 \u20ac 200\"}]},{\"@type\":\"WebSite\",\"@id\":\"https:\/\/nordnesrepublikken.no\/#website\",\"url\":\"https:\/\/nordnesrepublikken.no\/\",\"name\":\"Nordnesrepublikken\",\"description\":\"Stemmer og Visjoner fra Republikkens Hjerte\",\"publisher\":{\"@id\":\"https:\/\/nordnesrepublikken.no\/#organization\"},\"potentialAction\":[{\"@type\":\"SearchAction\",\"target\":{\"@type\":\"EntryPoint\",\"urlTemplate\":\"https:\/\/nordnesrepublikken.no\/?s={search_term_string}\"},\"query-input\":{\"@type\":\"PropertyValueSpecification\",\"valueRequired\":true,\"valueName\":\"search_term_string\"}}],\"inLanguage\":\"nb-NO\"},{\"@type\":\"Organization\",\"@id\":\"https:\/\/nordnesrepublikken.no\/#organization\",\"name\":\"Nordnesrepublikken\",\"url\":\"https:\/\/nordnesrepublikken.no\/\",\"logo\":{\"@type\":\"ImageObject\",\"inLanguage\":\"nb-NO\",\"@id\":\"https:\/\/nordnesrepublikken.no\/#\/schema\/logo\/image\/\",\"url\":\"https:\/\/nordnesrepublikken.no\/wp-content\/uploads\/2025\/02\/cropped-nordnesrepublikken-2.png\",\"contentUrl\":\"https:\/\/nordnesrepublikken.no\/wp-content\/uploads\/2025\/02\/cropped-nordnesrepublikken-2.png\",\"width\":1248,\"height\":362,\"caption\":\"Nordnesrepublikken\"},\"image\":{\"@id\":\"https:\/\/nordnesrepublikken.no\/#\/schema\/logo\/image\/\"}},{\"@type\":\"Person\",\"@id\":\"https:\/\/nordnesrepublikken.no\/#\/schema\/person\/2e7e81935bab77882fffb79296240ff1\",\"name\":\"Ole Andersen\",\"image\":{\"@type\":\"ImageObject\",\"inLanguage\":\"nb-NO\",\"@id\":\"https:\/\/nordnesrepublikken.no\/#\/schema\/person\/image\/\",\"url\":\"https:\/\/nordnesrepublikken.no\/wp-content\/uploads\/2025\/02\/nordnesrepublikken-2-2-150x150.jpg\",\"contentUrl\":\"https:\/\/nordnesrepublikken.no\/wp-content\/uploads\/2025\/02\/nordnesrepublikken-2-2-150x150.jpg\",\"caption\":\"Ole Andersen\"},\"description\":\"Ettersom jeg vokste opp i Oslo, har jeg alltid v\u00e6rt fascinert av ordenes kraft og deres evne til \u00e5 skape endringer. Etter \u00e5 ha fullf\u00f8rt min utdannelse i kommunikasjon ved Universitetet i Bergen, fikk jeg muligheten til \u00e5 jobbe innen ulike medier, der jeg har s\u00f8kt \u00e5 belyse viktige samfunnssp\u00f8rsm\u00e5l. I dag, som redakt\u00f8r for Nordnesrepublikken, pr\u00f8ver jeg \u00e5 forene min kj\u00e6rlighet for journalistikk med min lidenskap for innovasjon og eventyr.\",\"sameAs\":[\"https:\/\/nordnesrepublikken.no\/\"]}]}<\/script>\n<!-- \/ Yoast SEO plugin. -->","yoast_head_json":{"title":"Spanias DGT advarer: Slutt \u00e5 gj\u00f8re dette p\u00e5 veien eller m\u00f8te en straff p\u00e5 \u20ac 200 - Nordnesrepublikken","robots":{"index":"index","follow":"follow","max-snippet":"max-snippet:-1","max-image-preview":"max-image-preview:large","max-video-preview":"max-video-preview:-1"},"canonical":"https:\/\/nordnesrepublikken.no\/index.php\/2025\/09\/18\/spanias-dgt-advarer-slutt-a-gjore-dette-pa-veien-eller-mote-en-straff-pa-e-200\/","og_locale":"nb_NO","og_type":"article","og_title":"Spanias DGT advarer: Slutt \u00e5 gj\u00f8re dette p\u00e5 veien eller m\u00f8te en straff p\u00e5 \u20ac 200 - Nordnesrepublikken","og_description":"Det er en av de sm\u00e5 tingene du gj\u00f8r bak rattet uten \u00e5 gi det","og_url":"https:\/\/nordnesrepublikken.no\/index.php\/2025\/09\/18\/spanias-dgt-advarer-slutt-a-gjore-dette-pa-veien-eller-mote-en-straff-pa-e-200\/","og_site_name":"Nordnesrepublikken","article_published_time":"2025-09-18T07:49:36+00:00","article_modified_time":"2025-09-18T07:49:37+00:00","og_image":[{"width":1200,"height":800,"url":"https:\/\/nordnesrepublikken.no\/wp-content\/uploads\/2025\/09\/1758181777_Spanias-DGT-advarer-Slutt-a-gjore-dette-pa-veien-eller.jpg","type":"image\/jpeg"}],"author":"Ole Andersen","twitter_card":"summary_large_image","twitter_misc":{"Skrevet av":"Ole Andersen","Ansl. lesetid":"4 minutter"},"schema":{"@context":"https:\/\/schema.org","@graph":[{"@type":"Article","@id":"https:\/\/nordnesrepublikken.no\/index.php\/2025\/09\/18\/spanias-dgt-advarer-slutt-a-gjore-dette-pa-veien-eller-mote-en-straff-pa-e-200\/#article","isPartOf":{"@id":"https:\/\/nordnesrepublikken.no\/index.php\/2025\/09\/18\/spanias-dgt-advarer-slutt-a-gjore-dette-pa-veien-eller-mote-en-straff-pa-e-200\/"},"author":{"name":"Ole Andersen","@id":"https:\/\/nordnesrepublikken.no\/#\/schema\/person\/2e7e81935bab77882fffb79296240ff1"},"headline":"Spanias DGT advarer: Slutt \u00e5 gj\u00f8re dette p\u00e5 veien eller m\u00f8te en straff p\u00e5 \u20ac 200","datePublished":"2025-09-18T07:49:36+00:00","dateModified":"2025-09-18T07:49:37+00:00","mainEntityOfPage":{"@id":"https:\/\/nordnesrepublikken.no\/index.php\/2025\/09\/18\/spanias-dgt-advarer-slutt-a-gjore-dette-pa-veien-eller-mote-en-straff-pa-e-200\/"},"wordCount":751,"publisher":{"@id":"https:\/\/nordnesrepublikken.no\/#organization"},"image":{"@id":"https:\/\/nordnesrepublikken.no\/index.php\/2025\/09\/18\/spanias-dgt-advarer-slutt-a-gjore-dette-pa-veien-eller-mote-en-straff-pa-e-200\/#primaryimage"},"thumbnailUrl":"https:\/\/nordnesrepublikken.no\/wp-content\/uploads\/2025\/09\/1758181777_Spanias-DGT-advarer-Slutt-a-gjore-dette-pa-veien-eller.jpg","keywords":["advarer","dette","DGT","eller","gj\u00f8re","m\u00f8te","p\u00e5","Slutt","Spanias","straff","veien"],"articleSection":["Livsstil"],"inLanguage":"nb-NO"},{"@type":"WebPage","@id":"https:\/\/nordnesrepublikken.no\/index.php\/2025\/09\/18\/spanias-dgt-advarer-slutt-a-gjore-dette-pa-veien-eller-mote-en-straff-pa-e-200\/","url":"https:\/\/nordnesrepublikken.no\/index.php\/2025\/09\/18\/spanias-dgt-advarer-slutt-a-gjore-dette-pa-veien-eller-mote-en-straff-pa-e-200\/","name":"Spanias DGT advarer: Slutt \u00e5 gj\u00f8re dette p\u00e5 veien eller m\u00f8te en straff p\u00e5 \u20ac 200 - Nordnesrepublikken","isPartOf":{"@id":"https:\/\/nordnesrepublikken.no\/#website"},"primaryImageOfPage":{"@id":"https:\/\/nordnesrepublikken.no\/index.php\/2025\/09\/18\/spanias-dgt-advarer-slutt-a-gjore-dette-pa-veien-eller-mote-en-straff-pa-e-200\/#primaryimage"},"image":{"@id":"https:\/\/nordnesrepublikken.no\/index.php\/2025\/09\/18\/spanias-dgt-advarer-slutt-a-gjore-dette-pa-veien-eller-mote-en-straff-pa-e-200\/#primaryimage"},"thumbnailUrl":"https:\/\/nordnesrepublikken.no\/wp-content\/uploads\/2025\/09\/1758181777_Spanias-DGT-advarer-Slutt-a-gjore-dette-pa-veien-eller.jpg","datePublished":"2025-09-18T07:49:36+00:00","dateModified":"2025-09-18T07:49:37+00:00","breadcrumb":{"@id":"https:\/\/nordnesrepublikken.no\/index.php\/2025\/09\/18\/spanias-dgt-advarer-slutt-a-gjore-dette-pa-veien-eller-mote-en-straff-pa-e-200\/#breadcrumb"},"inLanguage":"nb-NO","potentialAction":[{"@type":"ReadAction","target":["https:\/\/nordnesrepublikken.no\/index.php\/2025\/09\/18\/spanias-dgt-advarer-slutt-a-gjore-dette-pa-veien-eller-mote-en-straff-pa-e-200\/"]}]},{"@type":"ImageObject","inLanguage":"nb-NO","@id":"https:\/\/nordnesrepublikken.no\/index.php\/2025\/09\/18\/spanias-dgt-advarer-slutt-a-gjore-dette-pa-veien-eller-mote-en-straff-pa-e-200\/#primaryimage","url":"https:\/\/nordnesrepublikken.no\/wp-content\/uploads\/2025\/09\/1758181777_Spanias-DGT-advarer-Slutt-a-gjore-dette-pa-veien-eller.jpg","contentUrl":"https:\/\/nordnesrepublikken.no\/wp-content\/uploads\/2025\/09\/1758181777_Spanias-DGT-advarer-Slutt-a-gjore-dette-pa-veien-eller.jpg","width":1200,"height":800,"caption":"Spanias DGT advarer: Slutt \u00e5 gj\u00f8re dette p\u00e5 veien eller m\u00f8te en straff p\u00e5 \u20ac 200"},{"@type":"BreadcrumbList","@id":"https:\/\/nordnesrepublikken.no\/index.php\/2025\/09\/18\/spanias-dgt-advarer-slutt-a-gjore-dette-pa-veien-eller-mote-en-straff-pa-e-200\/#breadcrumb","itemListElement":[{"@type":"ListItem","position":1,"name":"Home","item":"https:\/\/nordnesrepublikken.no\/"},{"@type":"ListItem","position":2,"name":"Spanias DGT advarer: Slutt \u00e5 gj\u00f8re dette p\u00e5 veien eller m\u00f8te en straff p\u00e5 \u20ac 200"}]},{"@type":"WebSite","@id":"https:\/\/nordnesrepublikken.no\/#website","url":"https:\/\/nordnesrepublikken.no\/","name":"Nordnesrepublikken","description":"Stemmer og Visjoner fra Republikkens Hjerte","publisher":{"@id":"https:\/\/nordnesrepublikken.no\/#organization"},"potentialAction":[{"@type":"SearchAction","target":{"@type":"EntryPoint","urlTemplate":"https:\/\/nordnesrepublikken.no\/?s={search_term_string}"},"query-input":{"@type":"PropertyValueSpecification","valueRequired":true,"valueName":"search_term_string"}}],"inLanguage":"nb-NO"},{"@type":"Organization","@id":"https:\/\/nordnesrepublikken.no\/#organization","name":"Nordnesrepublikken","url":"https:\/\/nordnesrepublikken.no\/","logo":{"@type":"ImageObject","inLanguage":"nb-NO","@id":"https:\/\/nordnesrepublikken.no\/#\/schema\/logo\/image\/","url":"https:\/\/nordnesrepublikken.no\/wp-content\/uploads\/2025\/02\/cropped-nordnesrepublikken-2.png","contentUrl":"https:\/\/nordnesrepublikken.no\/wp-content\/uploads\/2025\/02\/cropped-nordnesrepublikken-2.png","width":1248,"height":362,"caption":"Nordnesrepublikken"},"image":{"@id":"https:\/\/nordnesrepublikken.no\/#\/schema\/logo\/image\/"}},{"@type":"Person","@id":"https:\/\/nordnesrepublikken.no\/#\/schema\/person\/2e7e81935bab77882fffb79296240ff1","name":"Ole Andersen","image":{"@type":"ImageObject","inLanguage":"nb-NO","@id":"https:\/\/nordnesrepublikken.no\/#\/schema\/person\/image\/","url":"https:\/\/nordnesrepublikken.no\/wp-content\/uploads\/2025\/02\/nordnesrepublikken-2-2-150x150.jpg","contentUrl":"https:\/\/nordnesrepublikken.no\/wp-content\/uploads\/2025\/02\/nordnesrepublikken-2-2-150x150.jpg","caption":"Ole Andersen"},"description":"Ettersom jeg vokste opp i Oslo, har jeg alltid v\u00e6rt fascinert av ordenes kraft og deres evne til \u00e5 skape endringer. Etter \u00e5 ha fullf\u00f8rt min utdannelse i kommunikasjon ved Universitetet i Bergen, fikk jeg muligheten til \u00e5 jobbe innen ulike medier, der jeg har s\u00f8kt \u00e5 belyse viktige samfunnssp\u00f8rsm\u00e5l. I dag, som redakt\u00f8r for Nordnesrepublikken, pr\u00f8ver jeg \u00e5 forene min kj\u00e6rlighet for journalistikk med min lidenskap for innovasjon og eventyr.","sameAs":["https:\/\/nordnesrepublikken.no\/"]}]}},"_links":{"self":[{"href":"https:\/\/nordnesrepublikken.no\/index.php\/wp-json\/wp\/v2\/posts\/9680","targetHints":{"allow":["GET"]}}],"collection":[{"href":"https:\/\/nordnesrepublikken.no\/index.php\/wp-json\/wp\/v2\/posts"}],"about":[{"href":"https:\/\/nordnesrepublikken.no\/index.php\/wp-json\/wp\/v2\/types\/post"}],"author":[{"embeddable":true,"href":"https:\/\/nordnesrepublikken.no\/index.php\/wp-json\/wp\/v2\/users\/1"}],"replies":[{"embeddable":true,"href":"https:\/\/nordnesrepublikken.no\/index.php\/wp-json\/wp\/v2\/comments?post=9680"}],"version-history":[{"count":1,"href":"https:\/\/nordnesrepublikken.no\/index.php\/wp-json\/wp\/v2\/posts\/9680\/revisions"}],"predecessor-version":[{"id":9682,"href":"https:\/\/nordnesrepublikken.no\/index.php\/wp-json\/wp\/v2\/posts\/9680\/revisions\/9682"}],"wp:featuredmedia":[{"embeddable":true,"href":"https:\/\/nordnesrepublikken.no\/index.php\/wp-json\/wp\/v2\/media\/9681"}],"wp:attachment":[{"href":"https:\/\/nordnesrepublikken.no\/index.php\/wp-json\/wp\/v2\/media?parent=9680"}],"wp:term":[{"taxonomy":"category","embeddable":true,"href":"https:\/\/nordnesrepublikken.no\/index.php\/wp-json\/wp\/v2\/categories?post=9680"},{"taxonomy":"post_tag","embeddable":true,"href":"https:\/\/nordnesrepublikken.no\/index.php\/wp-json\/wp\/v2\/tags?post=9680"}],"curies":[{"name":"wp","href":"https:\/\/api.w.org\/{rel}","templated":true}]}}