{"id":9672,"date":"2025-09-18T02:50:04","date_gmt":"2025-09-18T00:50:04","guid":{"rendered":"https:\/\/nordnesrepublikken.no\/index.php\/2025\/09\/18\/ros-over-straff-amsterdam-provde-positive-fartsgrense-tegn\/"},"modified":"2025-09-18T02:50:05","modified_gmt":"2025-09-18T00:50:05","slug":"ros-over-straff-amsterdam-provde-positive-fartsgrense-tegn","status":"publish","type":"post","link":"https:\/\/nordnesrepublikken.no\/index.php\/2025\/09\/18\/ros-over-straff-amsterdam-provde-positive-fartsgrense-tegn\/","title":{"rendered":"Ros over straff? Amsterdam pr\u00f8vde positive fartsgrense tegn"},"content":{"rendered":"<p><\/p>\n<div class=\"wordpress-content\">\n                    <!-- Article Start --><\/p>\n<p><strong>Amsterdam pr\u00f8ver digitale veiskilt som viser hvor mange sj\u00e5f\u00f8rer som holder seg til fartsgrensen, i et fors\u00f8k p\u00e5 \u00e5 teste om positiv forsterkning kan gj\u00f8re gater tryggere.<\/strong><\/p>\n<p>Piloten, som ble lansert av Amsterdam Transport Region, vil l\u00f8pe til 9. oktober 2025, over fire steder rundt hovedstaden.<\/p>\n<h2><strong>Positiv spinn p\u00e5 fartsregler<\/strong><\/h2>\n<p>Prosjektet erstatter de kjente advarselsskiltene til Smiley-Face med dynamiske tavler som viser en l\u00f8pende oversikt over veloppdragne sj\u00e5f\u00f8rer. Sensorer henter passerende biler og registrerer de som holder seg innenfor 30 km\/t -grensen, som regelmessig overskrides i urbane omr\u00e5der.<\/p>\n<div class=\"sra_unit\"><link rel=\"stylesheet\" id=\"block-sra\" href=\"https:\/\/euroweeklynews.com\/wp-content\/plugins\/snack-related-articles\/dist\/css\/snack-related.min.css?250312-193541\" type=\"text\/css\" media=\"all\">\n<\/div>\n<p>Forskning fra transportmyndigheten antyder at 30 til 40 prosent av sj\u00e5f\u00f8rene overg\u00e5r fartsgrensen i 30 soner, ofte pusser av sm\u00e5 brudd p\u00e5 fem til ti kilometer i timen som ufarlig.<\/p>\n<p>Talskvinne Leonie Veerman sa til den nederlandske kringkasteren NOS, &laquo;Folk liker \u00e5 samsvare med den sosiale normen. Ved \u00e5 synliggj\u00f8re den normen, fremmer vi en positiv flokkmentalitet.&raquo; Hun la til, &laquo;Meldingen vi formidler er: naboene dine holder p\u00e5 med reglene.&raquo;<\/p>\n<h2><strong>Hvor skiltene blir testet<\/strong><\/h2>\n<p>De nye tavlene er installert i:<\/p>\n<ul>\n<li>Landsmeer<\/li>\n<li>Ouderkerk Aan de Amstel<\/li>\n<li>Aalsmeer<\/li>\n<li>Nieuw-Vevep<\/li>\n<\/ul>\n<p>Etter bare fire dager i drift hadde de fleste skiltene allerede logget mellom 4000 og 6000 sj\u00e5f\u00f8rer som fulgte til grensen, if\u00f8lge Amsterdam -transportregionen.<\/p>\n<h2><strong>Sosialt press som et trafikksikkerhetsverkt\u00f8y<\/strong><\/h2>\n<p>Tiln\u00e6rmingen l\u00e5ner fra andre atferdseksperimenter, for eksempel \u00e5 bruke sammenligning av nabolaget for \u00e5 motvirke flue-tipping. Tanken er \u00e5 skape en f\u00f8lelse av kollektivt ansvar i stedet for \u00e5 fokusere utelukkende p\u00e5 straff.<\/p>\n<p>P\u00e5 slutten av rettsaken vil transportmyndigheten og lokale r\u00e5d evaluere om utvidelse av ordningen til flere steder kan bidra til \u00e5 motvirke oppfatningen om at &laquo;alle setter fart p\u00e5.&raquo;<\/p>\n<p>Tror du denne tiln\u00e6rmingen faktisk kan gj\u00f8re veiene tryggere, eller vil noen sj\u00e5f\u00f8rer bare bremse n\u00e5r det er risiko for \u00e5 bli b\u00f8telagt?<\/p>\n<p>Se alle nyheter fra Nederland.<\/p>\n<p>Se alle bilnyheter.<\/p>\n<p>                    <!-- This article has been originally published at https:\/\/euroweeklynews.com\/2025\/09\/17\/praise-over-punishment-amsterdam-trialling-positive-speed-limit-signs\/ on 17 Sep 2025 at 23:25 by Letara Draghia --><br \/>\n                    <!-- Article End -->\n                <\/div>\n","protected":false},"excerpt":{"rendered":"<p>Amsterdam pr\u00f8ver digitale veiskilt som viser hvor mange sj\u00e5f\u00f8rer som holder seg til fartsgrensen, i<\/p>\n","protected":false},"author":1,"featured_media":9673,"comment_status":"closed","ping_status":"open","sticky":false,"template":"","format":"standard","meta":{"footnotes":""},"categories":[105],"tags":[6322,5999,6323,2846,4459,6321,188],"class_list":["post-9672","post","type-post","status-publish","format-standard","has-post-thumbnail","hentry","category-livsstil","tag-amsterdam","tag-fartsgrense","tag-positive","tag-provde","tag-ros","tag-straff","tag-tegn","generate-columns","tablet-grid-50","mobile-grid-100","grid-parent","grid-33","resize-featured-image"],"yoast_head":"<!-- This site is optimized with the Yoast SEO plugin v24.4 - https:\/\/yoast.com\/wordpress\/plugins\/seo\/ -->\n<title>Ros over straff? Amsterdam pr\u00f8vde positive fartsgrense tegn - Nordnesrepublikken<\/title>\n<meta name=\"robots\" content=\"index, follow, max-snippet:-1, max-image-preview:large, max-video-preview:-1\" \/>\n<link rel=\"canonical\" href=\"https:\/\/nordnesrepublikken.no\/index.php\/2025\/09\/18\/ros-over-straff-amsterdam-provde-positive-fartsgrense-tegn\/\" \/>\n<meta property=\"og:locale\" content=\"nb_NO\" \/>\n<meta property=\"og:type\" content=\"article\" \/>\n<meta property=\"og:title\" content=\"Ros over straff? Amsterdam pr\u00f8vde positive fartsgrense tegn - Nordnesrepublikken\" \/>\n<meta property=\"og:description\" content=\"Amsterdam pr\u00f8ver digitale veiskilt som viser hvor mange sj\u00e5f\u00f8rer som holder seg til fartsgrensen, i\" \/>\n<meta property=\"og:url\" content=\"https:\/\/nordnesrepublikken.no\/index.php\/2025\/09\/18\/ros-over-straff-amsterdam-provde-positive-fartsgrense-tegn\/\" \/>\n<meta property=\"og:site_name\" content=\"Nordnesrepublikken\" \/>\n<meta property=\"article:published_time\" content=\"2025-09-18T00:50:04+00:00\" \/>\n<meta property=\"article:modified_time\" content=\"2025-09-18T00:50:05+00:00\" \/>\n<meta property=\"og:image\" content=\"https:\/\/nordnesrepublikken.no\/wp-content\/uploads\/2025\/09\/1758156604_Ros-over-straff-Amsterdam-provde-positive-fartsgrense-tegn.jpg\" \/>\n\t<meta property=\"og:image:width\" content=\"1200\" \/>\n\t<meta property=\"og:image:height\" content=\"675\" \/>\n\t<meta property=\"og:image:type\" content=\"image\/jpeg\" \/>\n<meta name=\"author\" content=\"Ole Andersen\" \/>\n<meta name=\"twitter:card\" content=\"summary_large_image\" \/>\n<meta name=\"twitter:label1\" content=\"Skrevet av\" \/>\n\t<meta name=\"twitter:data1\" content=\"Ole Andersen\" \/>\n\t<meta name=\"twitter:label2\" content=\"Ansl. lesetid\" \/>\n\t<meta name=\"twitter:data2\" content=\"2 minutter\" \/>\n<script type=\"application\/ld+json\" class=\"yoast-schema-graph\">{\"@context\":\"https:\/\/schema.org\",\"@graph\":[{\"@type\":\"Article\",\"@id\":\"https:\/\/nordnesrepublikken.no\/index.php\/2025\/09\/18\/ros-over-straff-amsterdam-provde-positive-fartsgrense-tegn\/#article\",\"isPartOf\":{\"@id\":\"https:\/\/nordnesrepublikken.no\/index.php\/2025\/09\/18\/ros-over-straff-amsterdam-provde-positive-fartsgrense-tegn\/\"},\"author\":{\"name\":\"Ole Andersen\",\"@id\":\"https:\/\/nordnesrepublikken.no\/#\/schema\/person\/2e7e81935bab77882fffb79296240ff1\"},\"headline\":\"Ros over straff? Amsterdam pr\u00f8vde positive fartsgrense tegn\",\"datePublished\":\"2025-09-18T00:50:04+00:00\",\"dateModified\":\"2025-09-18T00:50:05+00:00\",\"mainEntityOfPage\":{\"@id\":\"https:\/\/nordnesrepublikken.no\/index.php\/2025\/09\/18\/ros-over-straff-amsterdam-provde-positive-fartsgrense-tegn\/\"},\"wordCount\":318,\"publisher\":{\"@id\":\"https:\/\/nordnesrepublikken.no\/#organization\"},\"image\":{\"@id\":\"https:\/\/nordnesrepublikken.no\/index.php\/2025\/09\/18\/ros-over-straff-amsterdam-provde-positive-fartsgrense-tegn\/#primaryimage\"},\"thumbnailUrl\":\"https:\/\/nordnesrepublikken.no\/wp-content\/uploads\/2025\/09\/1758156604_Ros-over-straff-Amsterdam-provde-positive-fartsgrense-tegn.jpg\",\"keywords\":[\"Amsterdam\",\"fartsgrense\",\"positive\",\"pr\u00f8vde\",\"ros\",\"straff\",\"tegn\"],\"articleSection\":[\"Livsstil\"],\"inLanguage\":\"nb-NO\"},{\"@type\":\"WebPage\",\"@id\":\"https:\/\/nordnesrepublikken.no\/index.php\/2025\/09\/18\/ros-over-straff-amsterdam-provde-positive-fartsgrense-tegn\/\",\"url\":\"https:\/\/nordnesrepublikken.no\/index.php\/2025\/09\/18\/ros-over-straff-amsterdam-provde-positive-fartsgrense-tegn\/\",\"name\":\"Ros over straff? Amsterdam pr\u00f8vde positive fartsgrense tegn - Nordnesrepublikken\",\"isPartOf\":{\"@id\":\"https:\/\/nordnesrepublikken.no\/#website\"},\"primaryImageOfPage\":{\"@id\":\"https:\/\/nordnesrepublikken.no\/index.php\/2025\/09\/18\/ros-over-straff-amsterdam-provde-positive-fartsgrense-tegn\/#primaryimage\"},\"image\":{\"@id\":\"https:\/\/nordnesrepublikken.no\/index.php\/2025\/09\/18\/ros-over-straff-amsterdam-provde-positive-fartsgrense-tegn\/#primaryimage\"},\"thumbnailUrl\":\"https:\/\/nordnesrepublikken.no\/wp-content\/uploads\/2025\/09\/1758156604_Ros-over-straff-Amsterdam-provde-positive-fartsgrense-tegn.jpg\",\"datePublished\":\"2025-09-18T00:50:04+00:00\",\"dateModified\":\"2025-09-18T00:50:05+00:00\",\"breadcrumb\":{\"@id\":\"https:\/\/nordnesrepublikken.no\/index.php\/2025\/09\/18\/ros-over-straff-amsterdam-provde-positive-fartsgrense-tegn\/#breadcrumb\"},\"inLanguage\":\"nb-NO\",\"potentialAction\":[{\"@type\":\"ReadAction\",\"target\":[\"https:\/\/nordnesrepublikken.no\/index.php\/2025\/09\/18\/ros-over-straff-amsterdam-provde-positive-fartsgrense-tegn\/\"]}]},{\"@type\":\"ImageObject\",\"inLanguage\":\"nb-NO\",\"@id\":\"https:\/\/nordnesrepublikken.no\/index.php\/2025\/09\/18\/ros-over-straff-amsterdam-provde-positive-fartsgrense-tegn\/#primaryimage\",\"url\":\"https:\/\/nordnesrepublikken.no\/wp-content\/uploads\/2025\/09\/1758156604_Ros-over-straff-Amsterdam-provde-positive-fartsgrense-tegn.jpg\",\"contentUrl\":\"https:\/\/nordnesrepublikken.no\/wp-content\/uploads\/2025\/09\/1758156604_Ros-over-straff-Amsterdam-provde-positive-fartsgrense-tegn.jpg\",\"width\":1200,\"height\":675,\"caption\":\"Ros over straff? Amsterdam pr\u00f8vde positive fartsgrense tegn\"},{\"@type\":\"BreadcrumbList\",\"@id\":\"https:\/\/nordnesrepublikken.no\/index.php\/2025\/09\/18\/ros-over-straff-amsterdam-provde-positive-fartsgrense-tegn\/#breadcrumb\",\"itemListElement\":[{\"@type\":\"ListItem\",\"position\":1,\"name\":\"Home\",\"item\":\"https:\/\/nordnesrepublikken.no\/\"},{\"@type\":\"ListItem\",\"position\":2,\"name\":\"Ros over straff? Amsterdam pr\u00f8vde positive fartsgrense tegn\"}]},{\"@type\":\"WebSite\",\"@id\":\"https:\/\/nordnesrepublikken.no\/#website\",\"url\":\"https:\/\/nordnesrepublikken.no\/\",\"name\":\"Nordnesrepublikken\",\"description\":\"Stemmer og Visjoner fra Republikkens Hjerte\",\"publisher\":{\"@id\":\"https:\/\/nordnesrepublikken.no\/#organization\"},\"potentialAction\":[{\"@type\":\"SearchAction\",\"target\":{\"@type\":\"EntryPoint\",\"urlTemplate\":\"https:\/\/nordnesrepublikken.no\/?s={search_term_string}\"},\"query-input\":{\"@type\":\"PropertyValueSpecification\",\"valueRequired\":true,\"valueName\":\"search_term_string\"}}],\"inLanguage\":\"nb-NO\"},{\"@type\":\"Organization\",\"@id\":\"https:\/\/nordnesrepublikken.no\/#organization\",\"name\":\"Nordnesrepublikken\",\"url\":\"https:\/\/nordnesrepublikken.no\/\",\"logo\":{\"@type\":\"ImageObject\",\"inLanguage\":\"nb-NO\",\"@id\":\"https:\/\/nordnesrepublikken.no\/#\/schema\/logo\/image\/\",\"url\":\"https:\/\/nordnesrepublikken.no\/wp-content\/uploads\/2025\/02\/cropped-nordnesrepublikken-2.png\",\"contentUrl\":\"https:\/\/nordnesrepublikken.no\/wp-content\/uploads\/2025\/02\/cropped-nordnesrepublikken-2.png\",\"width\":1248,\"height\":362,\"caption\":\"Nordnesrepublikken\"},\"image\":{\"@id\":\"https:\/\/nordnesrepublikken.no\/#\/schema\/logo\/image\/\"}},{\"@type\":\"Person\",\"@id\":\"https:\/\/nordnesrepublikken.no\/#\/schema\/person\/2e7e81935bab77882fffb79296240ff1\",\"name\":\"Ole Andersen\",\"image\":{\"@type\":\"ImageObject\",\"inLanguage\":\"nb-NO\",\"@id\":\"https:\/\/nordnesrepublikken.no\/#\/schema\/person\/image\/\",\"url\":\"https:\/\/nordnesrepublikken.no\/wp-content\/uploads\/2025\/02\/nordnesrepublikken-2-2-150x150.jpg\",\"contentUrl\":\"https:\/\/nordnesrepublikken.no\/wp-content\/uploads\/2025\/02\/nordnesrepublikken-2-2-150x150.jpg\",\"caption\":\"Ole Andersen\"},\"description\":\"Ettersom jeg vokste opp i Oslo, har jeg alltid v\u00e6rt fascinert av ordenes kraft og deres evne til \u00e5 skape endringer. Etter \u00e5 ha fullf\u00f8rt min utdannelse i kommunikasjon ved Universitetet i Bergen, fikk jeg muligheten til \u00e5 jobbe innen ulike medier, der jeg har s\u00f8kt \u00e5 belyse viktige samfunnssp\u00f8rsm\u00e5l. I dag, som redakt\u00f8r for Nordnesrepublikken, pr\u00f8ver jeg \u00e5 forene min kj\u00e6rlighet for journalistikk med min lidenskap for innovasjon og eventyr.\",\"sameAs\":[\"https:\/\/nordnesrepublikken.no\/\"]}]}<\/script>\n<!-- \/ Yoast SEO plugin. -->","yoast_head_json":{"title":"Ros over straff? Amsterdam pr\u00f8vde positive fartsgrense tegn - Nordnesrepublikken","robots":{"index":"index","follow":"follow","max-snippet":"max-snippet:-1","max-image-preview":"max-image-preview:large","max-video-preview":"max-video-preview:-1"},"canonical":"https:\/\/nordnesrepublikken.no\/index.php\/2025\/09\/18\/ros-over-straff-amsterdam-provde-positive-fartsgrense-tegn\/","og_locale":"nb_NO","og_type":"article","og_title":"Ros over straff? Amsterdam pr\u00f8vde positive fartsgrense tegn - Nordnesrepublikken","og_description":"Amsterdam pr\u00f8ver digitale veiskilt som viser hvor mange sj\u00e5f\u00f8rer som holder seg til fartsgrensen, i","og_url":"https:\/\/nordnesrepublikken.no\/index.php\/2025\/09\/18\/ros-over-straff-amsterdam-provde-positive-fartsgrense-tegn\/","og_site_name":"Nordnesrepublikken","article_published_time":"2025-09-18T00:50:04+00:00","article_modified_time":"2025-09-18T00:50:05+00:00","og_image":[{"width":1200,"height":675,"url":"https:\/\/nordnesrepublikken.no\/wp-content\/uploads\/2025\/09\/1758156604_Ros-over-straff-Amsterdam-provde-positive-fartsgrense-tegn.jpg","type":"image\/jpeg"}],"author":"Ole Andersen","twitter_card":"summary_large_image","twitter_misc":{"Skrevet av":"Ole Andersen","Ansl. lesetid":"2 minutter"},"schema":{"@context":"https:\/\/schema.org","@graph":[{"@type":"Article","@id":"https:\/\/nordnesrepublikken.no\/index.php\/2025\/09\/18\/ros-over-straff-amsterdam-provde-positive-fartsgrense-tegn\/#article","isPartOf":{"@id":"https:\/\/nordnesrepublikken.no\/index.php\/2025\/09\/18\/ros-over-straff-amsterdam-provde-positive-fartsgrense-tegn\/"},"author":{"name":"Ole Andersen","@id":"https:\/\/nordnesrepublikken.no\/#\/schema\/person\/2e7e81935bab77882fffb79296240ff1"},"headline":"Ros over straff? Amsterdam pr\u00f8vde positive fartsgrense tegn","datePublished":"2025-09-18T00:50:04+00:00","dateModified":"2025-09-18T00:50:05+00:00","mainEntityOfPage":{"@id":"https:\/\/nordnesrepublikken.no\/index.php\/2025\/09\/18\/ros-over-straff-amsterdam-provde-positive-fartsgrense-tegn\/"},"wordCount":318,"publisher":{"@id":"https:\/\/nordnesrepublikken.no\/#organization"},"image":{"@id":"https:\/\/nordnesrepublikken.no\/index.php\/2025\/09\/18\/ros-over-straff-amsterdam-provde-positive-fartsgrense-tegn\/#primaryimage"},"thumbnailUrl":"https:\/\/nordnesrepublikken.no\/wp-content\/uploads\/2025\/09\/1758156604_Ros-over-straff-Amsterdam-provde-positive-fartsgrense-tegn.jpg","keywords":["Amsterdam","fartsgrense","positive","pr\u00f8vde","ros","straff","tegn"],"articleSection":["Livsstil"],"inLanguage":"nb-NO"},{"@type":"WebPage","@id":"https:\/\/nordnesrepublikken.no\/index.php\/2025\/09\/18\/ros-over-straff-amsterdam-provde-positive-fartsgrense-tegn\/","url":"https:\/\/nordnesrepublikken.no\/index.php\/2025\/09\/18\/ros-over-straff-amsterdam-provde-positive-fartsgrense-tegn\/","name":"Ros over straff? Amsterdam pr\u00f8vde positive fartsgrense tegn - Nordnesrepublikken","isPartOf":{"@id":"https:\/\/nordnesrepublikken.no\/#website"},"primaryImageOfPage":{"@id":"https:\/\/nordnesrepublikken.no\/index.php\/2025\/09\/18\/ros-over-straff-amsterdam-provde-positive-fartsgrense-tegn\/#primaryimage"},"image":{"@id":"https:\/\/nordnesrepublikken.no\/index.php\/2025\/09\/18\/ros-over-straff-amsterdam-provde-positive-fartsgrense-tegn\/#primaryimage"},"thumbnailUrl":"https:\/\/nordnesrepublikken.no\/wp-content\/uploads\/2025\/09\/1758156604_Ros-over-straff-Amsterdam-provde-positive-fartsgrense-tegn.jpg","datePublished":"2025-09-18T00:50:04+00:00","dateModified":"2025-09-18T00:50:05+00:00","breadcrumb":{"@id":"https:\/\/nordnesrepublikken.no\/index.php\/2025\/09\/18\/ros-over-straff-amsterdam-provde-positive-fartsgrense-tegn\/#breadcrumb"},"inLanguage":"nb-NO","potentialAction":[{"@type":"ReadAction","target":["https:\/\/nordnesrepublikken.no\/index.php\/2025\/09\/18\/ros-over-straff-amsterdam-provde-positive-fartsgrense-tegn\/"]}]},{"@type":"ImageObject","inLanguage":"nb-NO","@id":"https:\/\/nordnesrepublikken.no\/index.php\/2025\/09\/18\/ros-over-straff-amsterdam-provde-positive-fartsgrense-tegn\/#primaryimage","url":"https:\/\/nordnesrepublikken.no\/wp-content\/uploads\/2025\/09\/1758156604_Ros-over-straff-Amsterdam-provde-positive-fartsgrense-tegn.jpg","contentUrl":"https:\/\/nordnesrepublikken.no\/wp-content\/uploads\/2025\/09\/1758156604_Ros-over-straff-Amsterdam-provde-positive-fartsgrense-tegn.jpg","width":1200,"height":675,"caption":"Ros over straff? Amsterdam pr\u00f8vde positive fartsgrense tegn"},{"@type":"BreadcrumbList","@id":"https:\/\/nordnesrepublikken.no\/index.php\/2025\/09\/18\/ros-over-straff-amsterdam-provde-positive-fartsgrense-tegn\/#breadcrumb","itemListElement":[{"@type":"ListItem","position":1,"name":"Home","item":"https:\/\/nordnesrepublikken.no\/"},{"@type":"ListItem","position":2,"name":"Ros over straff? Amsterdam pr\u00f8vde positive fartsgrense tegn"}]},{"@type":"WebSite","@id":"https:\/\/nordnesrepublikken.no\/#website","url":"https:\/\/nordnesrepublikken.no\/","name":"Nordnesrepublikken","description":"Stemmer og Visjoner fra Republikkens Hjerte","publisher":{"@id":"https:\/\/nordnesrepublikken.no\/#organization"},"potentialAction":[{"@type":"SearchAction","target":{"@type":"EntryPoint","urlTemplate":"https:\/\/nordnesrepublikken.no\/?s={search_term_string}"},"query-input":{"@type":"PropertyValueSpecification","valueRequired":true,"valueName":"search_term_string"}}],"inLanguage":"nb-NO"},{"@type":"Organization","@id":"https:\/\/nordnesrepublikken.no\/#organization","name":"Nordnesrepublikken","url":"https:\/\/nordnesrepublikken.no\/","logo":{"@type":"ImageObject","inLanguage":"nb-NO","@id":"https:\/\/nordnesrepublikken.no\/#\/schema\/logo\/image\/","url":"https:\/\/nordnesrepublikken.no\/wp-content\/uploads\/2025\/02\/cropped-nordnesrepublikken-2.png","contentUrl":"https:\/\/nordnesrepublikken.no\/wp-content\/uploads\/2025\/02\/cropped-nordnesrepublikken-2.png","width":1248,"height":362,"caption":"Nordnesrepublikken"},"image":{"@id":"https:\/\/nordnesrepublikken.no\/#\/schema\/logo\/image\/"}},{"@type":"Person","@id":"https:\/\/nordnesrepublikken.no\/#\/schema\/person\/2e7e81935bab77882fffb79296240ff1","name":"Ole Andersen","image":{"@type":"ImageObject","inLanguage":"nb-NO","@id":"https:\/\/nordnesrepublikken.no\/#\/schema\/person\/image\/","url":"https:\/\/nordnesrepublikken.no\/wp-content\/uploads\/2025\/02\/nordnesrepublikken-2-2-150x150.jpg","contentUrl":"https:\/\/nordnesrepublikken.no\/wp-content\/uploads\/2025\/02\/nordnesrepublikken-2-2-150x150.jpg","caption":"Ole Andersen"},"description":"Ettersom jeg vokste opp i Oslo, har jeg alltid v\u00e6rt fascinert av ordenes kraft og deres evne til \u00e5 skape endringer. Etter \u00e5 ha fullf\u00f8rt min utdannelse i kommunikasjon ved Universitetet i Bergen, fikk jeg muligheten til \u00e5 jobbe innen ulike medier, der jeg har s\u00f8kt \u00e5 belyse viktige samfunnssp\u00f8rsm\u00e5l. I dag, som redakt\u00f8r for Nordnesrepublikken, pr\u00f8ver jeg \u00e5 forene min kj\u00e6rlighet for journalistikk med min lidenskap for innovasjon og eventyr.","sameAs":["https:\/\/nordnesrepublikken.no\/"]}]}},"_links":{"self":[{"href":"https:\/\/nordnesrepublikken.no\/index.php\/wp-json\/wp\/v2\/posts\/9672","targetHints":{"allow":["GET"]}}],"collection":[{"href":"https:\/\/nordnesrepublikken.no\/index.php\/wp-json\/wp\/v2\/posts"}],"about":[{"href":"https:\/\/nordnesrepublikken.no\/index.php\/wp-json\/wp\/v2\/types\/post"}],"author":[{"embeddable":true,"href":"https:\/\/nordnesrepublikken.no\/index.php\/wp-json\/wp\/v2\/users\/1"}],"replies":[{"embeddable":true,"href":"https:\/\/nordnesrepublikken.no\/index.php\/wp-json\/wp\/v2\/comments?post=9672"}],"version-history":[{"count":1,"href":"https:\/\/nordnesrepublikken.no\/index.php\/wp-json\/wp\/v2\/posts\/9672\/revisions"}],"predecessor-version":[{"id":9674,"href":"https:\/\/nordnesrepublikken.no\/index.php\/wp-json\/wp\/v2\/posts\/9672\/revisions\/9674"}],"wp:featuredmedia":[{"embeddable":true,"href":"https:\/\/nordnesrepublikken.no\/index.php\/wp-json\/wp\/v2\/media\/9673"}],"wp:attachment":[{"href":"https:\/\/nordnesrepublikken.no\/index.php\/wp-json\/wp\/v2\/media?parent=9672"}],"wp:term":[{"taxonomy":"category","embeddable":true,"href":"https:\/\/nordnesrepublikken.no\/index.php\/wp-json\/wp\/v2\/categories?post=9672"},{"taxonomy":"post_tag","embeddable":true,"href":"https:\/\/nordnesrepublikken.no\/index.php\/wp-json\/wp\/v2\/tags?post=9672"}],"curies":[{"name":"wp","href":"https:\/\/api.w.org\/{rel}","templated":true}]}}