{"id":9669,"date":"2025-09-17T23:50:08","date_gmt":"2025-09-17T21:50:08","guid":{"rendered":"https:\/\/nordnesrepublikken.no\/index.php\/2025\/09\/17\/hvorfor-kan-vi-ikke-utsette-oss-for-solen-etter-a-ha-tatt-spesifikke-medisiner\/"},"modified":"2025-09-17T23:50:16","modified_gmt":"2025-09-17T21:50:16","slug":"hvorfor-kan-vi-ikke-utsette-oss-for-solen-etter-a-ha-tatt-spesifikke-medisiner","status":"publish","type":"post","link":"https:\/\/nordnesrepublikken.no\/index.php\/2025\/09\/17\/hvorfor-kan-vi-ikke-utsette-oss-for-solen-etter-a-ha-tatt-spesifikke-medisiner\/","title":{"rendered":"Hvorfor kan vi ikke utsette oss for solen etter \u00e5 ha tatt spesifikke medisiner?"},"content":{"rendered":"<div>\n<div class=\"cp_wrapper cp_wrapper--fw mb-30 mb-20@tablet\">\n<figure class=\"mm\"><picture class=\"img\" style=\"padding-top:56.25%\"><source  media=\"(min-width: 1024px)\"><source  media=\"(min-width: 768px)\"><\/source><\/source><\/picture><\/figure>\n<\/p><\/div>\n<p>Hva har noen medisiner, kosmetikk og parfymer med solen til felles? Sett sammen, de kan f\u00f8re deg til en irriterende og smertefull <b>utslett<\/b>: Det er det <b>lysf\u00f8lsomhet<\/b>en hudreaksjon uforholdsmessig mot eksponering for ultrafiolette str\u00e5ler (spesielt druer). Det kan induseres av flere medisiner, for eksempel antibiotika og ikke -ssteroidale anti -inflammatoriske medisiner (<b>Fans<\/b>), eller av molekyler til stede i kremer og parfymer: de absorberer energi fra UV -ene og laster ned den<b> angripende biologiske molekyler<\/b> og andre cellul\u00e6re komponenter som for\u00e5rsaker skade p\u00e5 huden. Fotossensibilitet fra medisiner kan finne sted med to forskjellige mekanismer: <b>fotoksisitet<\/b>mer \u00f8yeblikkelig, og <b>Fotoallergia<\/b>som aktiverer immunforsvaret og blir derfor forsinket. Symptomene i det f\u00f8rste tilfellet husker en sol erytem, \u200b\u200bmed <b>smerte<\/b>blemmer og hevelse, mens de i det andre tilfellet kl\u00f8r og desquamation. For \u00e5 forhindre dem, er det alltid viktig \u00e5 beskytte deg selv ved hjelp av <b>Solbeskyttelse <\/b>Som en bred spektrumkremer (UVA og UVB) og fysisk beskyttelse som hatter og ugjennomsiktig kl\u00e6r.<\/p>\n<h2><b>Lysf\u00f8lsom, fotosensibilisering eller fotosensibilisering?<\/b><\/h2>\n<p>For det f\u00f8rste er det bra \u00e5 avklare noen terminologi. Med begrepet <b>Hudosensitivitet<\/b>betyr en <b>unormal og overdrevet hudreaksjon<\/b> Som svar p\u00e5 soleksponeringen, spesielt for ultrafiolett str\u00e5ling (UV). Det kan v\u00e6re idiopatisk, det vil si at den utl\u00f8sende \u00e5rsaken ikke er kjent; knyttet til noen patologier som lupus erythematosus; eller for\u00e5rsaket av noen stoffer. I s\u00e5 fall snakker vi om <b>Kjemisk lysf\u00f8lsomhet <\/b>eller fotosensibilisering, og hvis det er for\u00e5rsaket av et medikament snakker vi mer spesifikt enn <b>Medikamentindusert fotossensitivitet, dukkert, <\/b>En reaksjon indusert av interaksjonen mellom medikament og UV -str\u00e5ling, spesielt druer.<\/p>\n<p>Begrepet <b>fotosensibilisering <\/b>Faktisk refererer det til et stoff som, inntatt eller kontakt med huden, kan samhandle med sollys og for\u00e5rsake en reaksjon p\u00e5 hudens f\u00f8lsom.<\/p>\n<p><b>Lysf\u00f8lsom<\/b>I tillegg til \u00e5 definere en person med h\u00f8y hudbildesensitivitet, brukes den ogs\u00e5 til \u00e5 beskrive molekyler som bryter eller \u00f8delegger hvis de p\u00e5virkes av solstr\u00e5ling. Det er bra \u00e5 avklare at et lysf\u00f8lsomt molekyl ikke alltid er, det er ogs\u00e5 fotosensibiliserende: et eksempel er vitamin C, som nedbryter hvis det blir utsatt for UV -str\u00e5ler (derfor er det fotosensitivt), men <b>skader ikke huden <\/b>(Det har ingen fotosensibiliserende effekt), i henhold til noen studier kan det bidra til \u00e5 beskytte den mot de skadelige effektene av ultrafioletter.<\/p>\n<h2>Virkningsmekanismen for lysf\u00f8lsomhet og symptomer<\/h2>\n<p>Fotossensibilitet fra medisiner kan finne sted med to forskjellige mekanismer, <b>fotoksisitet <\/b>og <b>Fotoallergia<\/b>som deler den innledende fasen av fotosensitivitetsreaksjonen (<b>Solar lys endrer farmakmolekylet<\/b><strong>eller<\/strong>) avviker deretter i den patologiske mekanismen.<\/p>\n<div class=\"cp_wrapper cp_wrapper--fw mb-50\">\n<figure class=\"mm\"><picture class=\"img\" style=\"padding-top:20.512820512821%\"><source  media=\"(min-width: 1024px)\"><source  media=\"(min-width: 768px)\"><img decoding=\"async\" loading=\"lazy\" src=\"https:\/\/nordnesrepublikken.no\/wp-content\/uploads\/2025\/09\/1758145808_384_Hvorfor-kan-vi-ikke-utsette-oss-for-solen-etter-a.jpg\" alt=\"Fotosensibiliseringsskjema\" width=\"1950\" height=\"400\"\/><\/source><\/source><\/picture><\/figure>\n<\/p><\/div>\n<h3>Fotoksisitet<\/h3>\n<p>Molekylet absorberer energi fra UV -ene, og finner seg selv i en spent tilstand, kalt &laquo;Hat -Trick&raquo;. Denne situasjonen er imidlertid ikke b\u00e6rekraftig: i hat -trick er molekylet <b>energisk ustabil <\/b>Og den m\u00e5 absolutt &laquo;slippe av damp&raquo;, og frigj\u00f8re denne akkumulerte energien: For \u00e5 g\u00e5 tilbake til sin opprinnelige tilstand gir molekylet varme, skaper bindinger eller utveksler elektroner og hydrogen. Dette f\u00f8rer til dannelse av <b>gratis oksygenradikaler<\/b> (ROS), som en superoksydanion, hydrogenperoksyd, radikal oksidrilisk og individuell oksygen som \u00e5rsak <b>oksidivitivt stress<\/b>OE angriper cellul\u00e6re strukturer, fra membran til DNA. I virkeligheten kan til og med molekylet i den eksiterte tilstanden<b> Fest cellul\u00e6re strukturer direkte<\/b>uten \u00e5 involvere ROSs dannelse.<\/p>\n<p>Symptomene er de av en sol erytem: <b>blemmer<\/b>hevelse, smerter og et omfattende erytem, \u200b\u200bsom imidlertid p\u00e5virker <b>Bare omr\u00e5dene som vises<\/b>for eksempel bare ansiktet, og etterlater de dekkede kroppsdelene av kroppen. Det er en reaksjon <b>rask<\/b>som vises i l\u00f8pet av f\u00e5 timer (fra 30 minutter til 24 timer) fra utstillingen og er <b>doseavhengig<\/b>: Jo mer medikament vi tok, jo lengre eksponering for UV, jo mer alvorlig vil reaksjonen v\u00e6re.<\/p>\n<div class=\"cp_wrapper cp_wrapper--fw mb-50\">\n<figure class=\"mm\"><picture class=\"img\" style=\"padding-top:56.25%\"><source  media=\"(min-width: 1024px)\"><source  media=\"(min-width: 768px)\"><img decoding=\"async\" loading=\"lazy\" src=\"https:\/\/nordnesrepublikken.no\/wp-content\/uploads\/2025\/09\/1758145808_255_Hvorfor-kan-vi-ikke-utsette-oss-for-solen-etter-a.jpg\" alt=\"solbrenthet\" width=\"800\" height=\"450\" class=\"js-seedtag-img\"\/><\/source><\/source><\/picture><\/figure>\n<\/p><\/div>\n<h3>Fotoallergia<\/h3>\n<p>Selv om det er mer sjelden enn fotoksisitet, er den ogs\u00e5 mer subtil: interaksjonen med UV -str\u00e5ling endrer strukturen til stoffet, noe som gj\u00f8r det til en <b>Apthene <\/b>i stand til \u00e5 binde seg til hudproteiner ved \u00e5 danne en <b>Fotoantigne<\/b>. Dette komplekset gjenkjennes av immunforsvaret og aktiverer T -lymfocytter: ved en annen eksponering, immunforsvaret<b> anerkjenner fotoantignen som en &laquo;fiende&raquo; og angriper ham,<\/b> \u00c5 indusere en serie reaksjoner som f\u00f8rer til hudbetennelse.<\/p>\n<p>Symptomene husker en til <b>Dermatitt <\/b>med kl\u00f8e, desquamation av huden og erytemet, men vises f\u00f8rst etter den andre eksponeringen e<b> De kan vises p\u00e5 hele kroppen<\/b>selv i dekkede omr\u00e5der.<\/p>\n<h2><b>Hvilke molekyler kan for\u00e5rsake lysf\u00f8lsomhet? <\/b><\/h2>\n<p>Legemidler, stoffer inneholdt i kosmetikk, fra post -Aabarbas til parfymer til kremer: hva som forener disse fotosensibiliserende stoffene er den kjemiske strukturen. Ofte er de faktisk <b>Polysykliske aromatiske forbindelser<\/b>rik p\u00e5 <b>heteroatomer <\/b>(for eksempel nitrogen og oksygen) inne i sykluser og halogenelementer, for eksempel klor, brom eller fluor, og til slutt med grupper som er i stand til<b> Tiltrekke elektroner:<\/b> P\u00e5 denne m\u00e5ten kan de absorbere energien til UV -str\u00e5ling og &laquo;dribling&raquo; inne i molekylet.<\/p>\n<div class=\"cp_wrapper cp_wrapper--fw mb-50\">\n<figure class=\"mm\"><picture class=\"img\" style=\"padding-top:60.172481379851%\"><source  media=\"(min-width: 1024px)\"><source  media=\"(min-width: 768px)\"><img decoding=\"async\" loading=\"lazy\" src=\"https:\/\/nordnesrepublikken.no\/wp-content\/uploads\/2025\/09\/1758145808_25_Hvorfor-kan-vi-ikke-utsette-oss-for-solen-etter-a.jpg\" alt=\"Klorpromazin\" width=\"2551\" height=\"1535\"\/><\/source><\/source><\/picture><\/figure>\n<\/p><\/div>\n<p>Listen over fotosensibiliserende stoffer er lang og tverrg\u00e5ende og ang\u00e5r begge <b>Aktuelle produkter p\u00e5f\u00f8rt huden, som er tatt oralt<\/b>. De spenner fra antibiotika, spesielt tetracine, fluorokinoloni, ikke -ssteroidal anti -inflammatorisk (vifter), for eksempel ketoprofen e <b>ibuprofen<\/b>. Kardiologiske medisiner som noen tiazidiske vanndrivende midler og amoidaron eller antidepressiva som klorpromazin, sertralin og alprazolam, opp til kreftmidler som paclitaxel.<\/p>\n<p>Men medisinene er ikke de eneste som for\u00e5rsaker lysf\u00f8lsomhet: til appellen, m\u00e5 stoffer som er til stede i kosmetikk og parfymer tilsettes, for eksempel ossibenzon, <b>Retinol <\/b>Og noen av dets derivater, og plantene som inneholder furocumarin, for eksempel kalk, selleri og persille.<\/p>\n<h2><b>Forekomst og forebygging av dukkert<\/b><\/h2>\n<p>Rosensitiviteten indusert av medisiner representerer ca. <b>8% av de ugunstige hudreaksjonene som ble sluppet l\u00f8s av medisiner<\/b>med en \u00f8kende trend. I f\u00f8lge noen studier er denne st\u00f8rre frekvensen knyttet til en<b>Overdreven eksponering for sollys, uten forfalte forholdsregler.<\/b> Imidlertid ang\u00e5r det ikke bare brunfargen vi tar p\u00e5 sj\u00f8en: alle kilder til UV -str\u00e5ling kan for\u00e5rsake fotosensibilisering. S\u00e5 v\u00e6r forsiktig ogs\u00e5 med solsenger, UV -laser til diode og &#8230; bilen din! Vel ja, kjemisk lysf\u00f8lsomhet er mer for\u00e5rsaket av druestr\u00e5ler, noe<b> De blir ikke filtrert av glasset til maskinene eller vinduene i hjemmet v\u00e5rt,<\/b> Ved \u00e5 gj\u00f8re oss utsatt for risikoen for kjemisk lysf\u00f8lsomhet ogs\u00e5 inne i veggene i huset eller i bilen v\u00e5r.<\/p>\n<p>I dag er sikkerhetstestene til et medikament ogs\u00e5 inkludert fotosensibiliseringstester, i henhold til retningslinjene fra b\u00e5de European Medicinal Agency (EMA) og Food and Drug Administration (FDA), for \u00e5 minimere risikoen for relaterte bivirkninger.<\/p>\n<p>I v\u00e5r lille er det <b>fundamental <\/b>Beskytt oss med solkrem med bredt spektrum eller med fysiske skjermer som hatter eller anti -UV -kl\u00e6r.<\/p>\n<div class=\"cp_wrapper  mb-50\">\n<div class=\"cbx\">\n<div class=\"cbx__collection\">\n<p>Kilder:<\/p>\n<div class=\"cbx__sources\">                                                                                                                          Av Bartolomeo L, Irrera N, Campo GM, et al. Medikamentindusert fotossensitivitet: Kliniske typer fotootoksisitet og fotoallarggi og patogenetiske mekanismer. Frontallergi. 2022 National Cancer Institute &#8211; Definisjon av fotosensitivitet Oakley AM, Badri T, Harris BW. Fotossensitivitet. Kowalska, J., Rok, J., Rzepka, Z., &#038; Wrze\u015bniok, D. (2021). Medikamentindusert fotossensitivitet-fra lys og kjemi til biologiske reaksjoner og kliniske sympetomer. Pharmaceuticals MSD Manuals &#8211; Eberlein -K\u00f6nig, B., &#038; Ring, J. (2005) Fotosensitivitet. Relevans av vitamin C og i kutan fotobeskyttelse. Journal of Cosmetic Dermatology                                                 <\/div>\n<\/p><\/div>\n<\/p><\/div>\n<\/p><\/div>\n<\/p><\/div>\n","protected":false},"excerpt":{"rendered":"<p>Hva har noen medisiner, kosmetikk og parfymer med solen til felles? Sett sammen, de kan<\/p>\n","protected":false},"author":1,"featured_media":9670,"comment_status":"closed","ping_status":"open","sticky":false,"template":"","format":"standard","meta":{"footnotes":""},"categories":[24],"tags":[92,101,187,339,6320,657,4827,6319,2725,6318],"class_list":["post-9669","post","type-post","status-publish","format-standard","has-post-thumbnail","hentry","category-vitenskap","tag-etter","tag-hvorfor","tag-ikke","tag-kan","tag-medisiner","tag-oss","tag-solen","tag-spesifikke","tag-tatt","tag-utsette","generate-columns","tablet-grid-50","mobile-grid-100","grid-parent","grid-33","resize-featured-image"],"yoast_head":"<!-- This site is optimized with the Yoast SEO plugin v24.4 - https:\/\/yoast.com\/wordpress\/plugins\/seo\/ -->\n<title>Hvorfor kan vi ikke utsette oss for solen etter \u00e5 ha tatt spesifikke medisiner? - Nordnesrepublikken<\/title>\n<meta name=\"robots\" content=\"index, follow, max-snippet:-1, max-image-preview:large, max-video-preview:-1\" \/>\n<link rel=\"canonical\" href=\"https:\/\/nordnesrepublikken.no\/index.php\/2025\/09\/17\/hvorfor-kan-vi-ikke-utsette-oss-for-solen-etter-a-ha-tatt-spesifikke-medisiner\/\" \/>\n<meta property=\"og:locale\" content=\"nb_NO\" \/>\n<meta property=\"og:type\" content=\"article\" \/>\n<meta property=\"og:title\" content=\"Hvorfor kan vi ikke utsette oss for solen etter \u00e5 ha tatt spesifikke medisiner? - Nordnesrepublikken\" \/>\n<meta property=\"og:description\" content=\"Hva har noen medisiner, kosmetikk og parfymer med solen til felles? Sett sammen, de kan\" \/>\n<meta property=\"og:url\" content=\"https:\/\/nordnesrepublikken.no\/index.php\/2025\/09\/17\/hvorfor-kan-vi-ikke-utsette-oss-for-solen-etter-a-ha-tatt-spesifikke-medisiner\/\" \/>\n<meta property=\"og:site_name\" content=\"Nordnesrepublikken\" \/>\n<meta property=\"article:published_time\" content=\"2025-09-17T21:50:08+00:00\" \/>\n<meta property=\"article:modified_time\" content=\"2025-09-17T21:50:16+00:00\" \/>\n<meta property=\"og:image\" content=\"https:\/\/nordnesrepublikken.no\/wp-content\/uploads\/2025\/09\/1758145809_Hvorfor-kan-vi-ikke-utsette-oss-for-solen-etter-a.jpg\" \/>\n\t<meta property=\"og:image:width\" content=\"2121\" \/>\n\t<meta property=\"og:image:height\" content=\"1414\" \/>\n\t<meta property=\"og:image:type\" content=\"image\/jpeg\" \/>\n<meta name=\"author\" content=\"Ole Andersen\" \/>\n<meta name=\"twitter:card\" content=\"summary_large_image\" \/>\n<meta name=\"twitter:label1\" content=\"Skrevet av\" \/>\n\t<meta name=\"twitter:data1\" content=\"Ole Andersen\" \/>\n\t<meta name=\"twitter:label2\" content=\"Ansl. lesetid\" \/>\n\t<meta name=\"twitter:data2\" content=\"6 minutter\" \/>\n<script type=\"application\/ld+json\" class=\"yoast-schema-graph\">{\"@context\":\"https:\/\/schema.org\",\"@graph\":[{\"@type\":\"Article\",\"@id\":\"https:\/\/nordnesrepublikken.no\/index.php\/2025\/09\/17\/hvorfor-kan-vi-ikke-utsette-oss-for-solen-etter-a-ha-tatt-spesifikke-medisiner\/#article\",\"isPartOf\":{\"@id\":\"https:\/\/nordnesrepublikken.no\/index.php\/2025\/09\/17\/hvorfor-kan-vi-ikke-utsette-oss-for-solen-etter-a-ha-tatt-spesifikke-medisiner\/\"},\"author\":{\"name\":\"Ole Andersen\",\"@id\":\"https:\/\/nordnesrepublikken.no\/#\/schema\/person\/2e7e81935bab77882fffb79296240ff1\"},\"headline\":\"Hvorfor kan vi ikke utsette oss for solen etter \u00e5 ha tatt spesifikke medisiner?\",\"datePublished\":\"2025-09-17T21:50:08+00:00\",\"dateModified\":\"2025-09-17T21:50:16+00:00\",\"mainEntityOfPage\":{\"@id\":\"https:\/\/nordnesrepublikken.no\/index.php\/2025\/09\/17\/hvorfor-kan-vi-ikke-utsette-oss-for-solen-etter-a-ha-tatt-spesifikke-medisiner\/\"},\"wordCount\":1169,\"publisher\":{\"@id\":\"https:\/\/nordnesrepublikken.no\/#organization\"},\"image\":{\"@id\":\"https:\/\/nordnesrepublikken.no\/index.php\/2025\/09\/17\/hvorfor-kan-vi-ikke-utsette-oss-for-solen-etter-a-ha-tatt-spesifikke-medisiner\/#primaryimage\"},\"thumbnailUrl\":\"https:\/\/nordnesrepublikken.no\/wp-content\/uploads\/2025\/09\/1758145809_Hvorfor-kan-vi-ikke-utsette-oss-for-solen-etter-a.jpg\",\"keywords\":[\"Etter\",\"hvorfor\",\"ikke\",\"kan\",\"medisiner\",\"oss\",\"solen\",\"spesifikke\",\"tatt\",\"utsette\"],\"articleSection\":[\"Vitenskap\"],\"inLanguage\":\"nb-NO\"},{\"@type\":\"WebPage\",\"@id\":\"https:\/\/nordnesrepublikken.no\/index.php\/2025\/09\/17\/hvorfor-kan-vi-ikke-utsette-oss-for-solen-etter-a-ha-tatt-spesifikke-medisiner\/\",\"url\":\"https:\/\/nordnesrepublikken.no\/index.php\/2025\/09\/17\/hvorfor-kan-vi-ikke-utsette-oss-for-solen-etter-a-ha-tatt-spesifikke-medisiner\/\",\"name\":\"Hvorfor kan vi ikke utsette oss for solen etter \u00e5 ha tatt spesifikke medisiner? - Nordnesrepublikken\",\"isPartOf\":{\"@id\":\"https:\/\/nordnesrepublikken.no\/#website\"},\"primaryImageOfPage\":{\"@id\":\"https:\/\/nordnesrepublikken.no\/index.php\/2025\/09\/17\/hvorfor-kan-vi-ikke-utsette-oss-for-solen-etter-a-ha-tatt-spesifikke-medisiner\/#primaryimage\"},\"image\":{\"@id\":\"https:\/\/nordnesrepublikken.no\/index.php\/2025\/09\/17\/hvorfor-kan-vi-ikke-utsette-oss-for-solen-etter-a-ha-tatt-spesifikke-medisiner\/#primaryimage\"},\"thumbnailUrl\":\"https:\/\/nordnesrepublikken.no\/wp-content\/uploads\/2025\/09\/1758145809_Hvorfor-kan-vi-ikke-utsette-oss-for-solen-etter-a.jpg\",\"datePublished\":\"2025-09-17T21:50:08+00:00\",\"dateModified\":\"2025-09-17T21:50:16+00:00\",\"breadcrumb\":{\"@id\":\"https:\/\/nordnesrepublikken.no\/index.php\/2025\/09\/17\/hvorfor-kan-vi-ikke-utsette-oss-for-solen-etter-a-ha-tatt-spesifikke-medisiner\/#breadcrumb\"},\"inLanguage\":\"nb-NO\",\"potentialAction\":[{\"@type\":\"ReadAction\",\"target\":[\"https:\/\/nordnesrepublikken.no\/index.php\/2025\/09\/17\/hvorfor-kan-vi-ikke-utsette-oss-for-solen-etter-a-ha-tatt-spesifikke-medisiner\/\"]}]},{\"@type\":\"ImageObject\",\"inLanguage\":\"nb-NO\",\"@id\":\"https:\/\/nordnesrepublikken.no\/index.php\/2025\/09\/17\/hvorfor-kan-vi-ikke-utsette-oss-for-solen-etter-a-ha-tatt-spesifikke-medisiner\/#primaryimage\",\"url\":\"https:\/\/nordnesrepublikken.no\/wp-content\/uploads\/2025\/09\/1758145809_Hvorfor-kan-vi-ikke-utsette-oss-for-solen-etter-a.jpg\",\"contentUrl\":\"https:\/\/nordnesrepublikken.no\/wp-content\/uploads\/2025\/09\/1758145809_Hvorfor-kan-vi-ikke-utsette-oss-for-solen-etter-a.jpg\",\"width\":2121,\"height\":1414,\"caption\":\"sole farmaci fotosensibilit\u00e0\"},{\"@type\":\"BreadcrumbList\",\"@id\":\"https:\/\/nordnesrepublikken.no\/index.php\/2025\/09\/17\/hvorfor-kan-vi-ikke-utsette-oss-for-solen-etter-a-ha-tatt-spesifikke-medisiner\/#breadcrumb\",\"itemListElement\":[{\"@type\":\"ListItem\",\"position\":1,\"name\":\"Home\",\"item\":\"https:\/\/nordnesrepublikken.no\/\"},{\"@type\":\"ListItem\",\"position\":2,\"name\":\"Hvorfor kan vi ikke utsette oss for solen etter \u00e5 ha tatt spesifikke medisiner?\"}]},{\"@type\":\"WebSite\",\"@id\":\"https:\/\/nordnesrepublikken.no\/#website\",\"url\":\"https:\/\/nordnesrepublikken.no\/\",\"name\":\"Nordnesrepublikken\",\"description\":\"Stemmer og Visjoner fra Republikkens Hjerte\",\"publisher\":{\"@id\":\"https:\/\/nordnesrepublikken.no\/#organization\"},\"potentialAction\":[{\"@type\":\"SearchAction\",\"target\":{\"@type\":\"EntryPoint\",\"urlTemplate\":\"https:\/\/nordnesrepublikken.no\/?s={search_term_string}\"},\"query-input\":{\"@type\":\"PropertyValueSpecification\",\"valueRequired\":true,\"valueName\":\"search_term_string\"}}],\"inLanguage\":\"nb-NO\"},{\"@type\":\"Organization\",\"@id\":\"https:\/\/nordnesrepublikken.no\/#organization\",\"name\":\"Nordnesrepublikken\",\"url\":\"https:\/\/nordnesrepublikken.no\/\",\"logo\":{\"@type\":\"ImageObject\",\"inLanguage\":\"nb-NO\",\"@id\":\"https:\/\/nordnesrepublikken.no\/#\/schema\/logo\/image\/\",\"url\":\"https:\/\/nordnesrepublikken.no\/wp-content\/uploads\/2025\/02\/cropped-nordnesrepublikken-2.png\",\"contentUrl\":\"https:\/\/nordnesrepublikken.no\/wp-content\/uploads\/2025\/02\/cropped-nordnesrepublikken-2.png\",\"width\":1248,\"height\":362,\"caption\":\"Nordnesrepublikken\"},\"image\":{\"@id\":\"https:\/\/nordnesrepublikken.no\/#\/schema\/logo\/image\/\"}},{\"@type\":\"Person\",\"@id\":\"https:\/\/nordnesrepublikken.no\/#\/schema\/person\/2e7e81935bab77882fffb79296240ff1\",\"name\":\"Ole Andersen\",\"image\":{\"@type\":\"ImageObject\",\"inLanguage\":\"nb-NO\",\"@id\":\"https:\/\/nordnesrepublikken.no\/#\/schema\/person\/image\/\",\"url\":\"https:\/\/nordnesrepublikken.no\/wp-content\/uploads\/2025\/02\/nordnesrepublikken-2-2-150x150.jpg\",\"contentUrl\":\"https:\/\/nordnesrepublikken.no\/wp-content\/uploads\/2025\/02\/nordnesrepublikken-2-2-150x150.jpg\",\"caption\":\"Ole Andersen\"},\"description\":\"Ettersom jeg vokste opp i Oslo, har jeg alltid v\u00e6rt fascinert av ordenes kraft og deres evne til \u00e5 skape endringer. Etter \u00e5 ha fullf\u00f8rt min utdannelse i kommunikasjon ved Universitetet i Bergen, fikk jeg muligheten til \u00e5 jobbe innen ulike medier, der jeg har s\u00f8kt \u00e5 belyse viktige samfunnssp\u00f8rsm\u00e5l. I dag, som redakt\u00f8r for Nordnesrepublikken, pr\u00f8ver jeg \u00e5 forene min kj\u00e6rlighet for journalistikk med min lidenskap for innovasjon og eventyr.\",\"sameAs\":[\"https:\/\/nordnesrepublikken.no\/\"]}]}<\/script>\n<!-- \/ Yoast SEO plugin. -->","yoast_head_json":{"title":"Hvorfor kan vi ikke utsette oss for solen etter \u00e5 ha tatt spesifikke medisiner? - Nordnesrepublikken","robots":{"index":"index","follow":"follow","max-snippet":"max-snippet:-1","max-image-preview":"max-image-preview:large","max-video-preview":"max-video-preview:-1"},"canonical":"https:\/\/nordnesrepublikken.no\/index.php\/2025\/09\/17\/hvorfor-kan-vi-ikke-utsette-oss-for-solen-etter-a-ha-tatt-spesifikke-medisiner\/","og_locale":"nb_NO","og_type":"article","og_title":"Hvorfor kan vi ikke utsette oss for solen etter \u00e5 ha tatt spesifikke medisiner? - Nordnesrepublikken","og_description":"Hva har noen medisiner, kosmetikk og parfymer med solen til felles? Sett sammen, de kan","og_url":"https:\/\/nordnesrepublikken.no\/index.php\/2025\/09\/17\/hvorfor-kan-vi-ikke-utsette-oss-for-solen-etter-a-ha-tatt-spesifikke-medisiner\/","og_site_name":"Nordnesrepublikken","article_published_time":"2025-09-17T21:50:08+00:00","article_modified_time":"2025-09-17T21:50:16+00:00","og_image":[{"width":2121,"height":1414,"url":"https:\/\/nordnesrepublikken.no\/wp-content\/uploads\/2025\/09\/1758145809_Hvorfor-kan-vi-ikke-utsette-oss-for-solen-etter-a.jpg","type":"image\/jpeg"}],"author":"Ole Andersen","twitter_card":"summary_large_image","twitter_misc":{"Skrevet av":"Ole Andersen","Ansl. lesetid":"6 minutter"},"schema":{"@context":"https:\/\/schema.org","@graph":[{"@type":"Article","@id":"https:\/\/nordnesrepublikken.no\/index.php\/2025\/09\/17\/hvorfor-kan-vi-ikke-utsette-oss-for-solen-etter-a-ha-tatt-spesifikke-medisiner\/#article","isPartOf":{"@id":"https:\/\/nordnesrepublikken.no\/index.php\/2025\/09\/17\/hvorfor-kan-vi-ikke-utsette-oss-for-solen-etter-a-ha-tatt-spesifikke-medisiner\/"},"author":{"name":"Ole Andersen","@id":"https:\/\/nordnesrepublikken.no\/#\/schema\/person\/2e7e81935bab77882fffb79296240ff1"},"headline":"Hvorfor kan vi ikke utsette oss for solen etter \u00e5 ha tatt spesifikke medisiner?","datePublished":"2025-09-17T21:50:08+00:00","dateModified":"2025-09-17T21:50:16+00:00","mainEntityOfPage":{"@id":"https:\/\/nordnesrepublikken.no\/index.php\/2025\/09\/17\/hvorfor-kan-vi-ikke-utsette-oss-for-solen-etter-a-ha-tatt-spesifikke-medisiner\/"},"wordCount":1169,"publisher":{"@id":"https:\/\/nordnesrepublikken.no\/#organization"},"image":{"@id":"https:\/\/nordnesrepublikken.no\/index.php\/2025\/09\/17\/hvorfor-kan-vi-ikke-utsette-oss-for-solen-etter-a-ha-tatt-spesifikke-medisiner\/#primaryimage"},"thumbnailUrl":"https:\/\/nordnesrepublikken.no\/wp-content\/uploads\/2025\/09\/1758145809_Hvorfor-kan-vi-ikke-utsette-oss-for-solen-etter-a.jpg","keywords":["Etter","hvorfor","ikke","kan","medisiner","oss","solen","spesifikke","tatt","utsette"],"articleSection":["Vitenskap"],"inLanguage":"nb-NO"},{"@type":"WebPage","@id":"https:\/\/nordnesrepublikken.no\/index.php\/2025\/09\/17\/hvorfor-kan-vi-ikke-utsette-oss-for-solen-etter-a-ha-tatt-spesifikke-medisiner\/","url":"https:\/\/nordnesrepublikken.no\/index.php\/2025\/09\/17\/hvorfor-kan-vi-ikke-utsette-oss-for-solen-etter-a-ha-tatt-spesifikke-medisiner\/","name":"Hvorfor kan vi ikke utsette oss for solen etter \u00e5 ha tatt spesifikke medisiner? - Nordnesrepublikken","isPartOf":{"@id":"https:\/\/nordnesrepublikken.no\/#website"},"primaryImageOfPage":{"@id":"https:\/\/nordnesrepublikken.no\/index.php\/2025\/09\/17\/hvorfor-kan-vi-ikke-utsette-oss-for-solen-etter-a-ha-tatt-spesifikke-medisiner\/#primaryimage"},"image":{"@id":"https:\/\/nordnesrepublikken.no\/index.php\/2025\/09\/17\/hvorfor-kan-vi-ikke-utsette-oss-for-solen-etter-a-ha-tatt-spesifikke-medisiner\/#primaryimage"},"thumbnailUrl":"https:\/\/nordnesrepublikken.no\/wp-content\/uploads\/2025\/09\/1758145809_Hvorfor-kan-vi-ikke-utsette-oss-for-solen-etter-a.jpg","datePublished":"2025-09-17T21:50:08+00:00","dateModified":"2025-09-17T21:50:16+00:00","breadcrumb":{"@id":"https:\/\/nordnesrepublikken.no\/index.php\/2025\/09\/17\/hvorfor-kan-vi-ikke-utsette-oss-for-solen-etter-a-ha-tatt-spesifikke-medisiner\/#breadcrumb"},"inLanguage":"nb-NO","potentialAction":[{"@type":"ReadAction","target":["https:\/\/nordnesrepublikken.no\/index.php\/2025\/09\/17\/hvorfor-kan-vi-ikke-utsette-oss-for-solen-etter-a-ha-tatt-spesifikke-medisiner\/"]}]},{"@type":"ImageObject","inLanguage":"nb-NO","@id":"https:\/\/nordnesrepublikken.no\/index.php\/2025\/09\/17\/hvorfor-kan-vi-ikke-utsette-oss-for-solen-etter-a-ha-tatt-spesifikke-medisiner\/#primaryimage","url":"https:\/\/nordnesrepublikken.no\/wp-content\/uploads\/2025\/09\/1758145809_Hvorfor-kan-vi-ikke-utsette-oss-for-solen-etter-a.jpg","contentUrl":"https:\/\/nordnesrepublikken.no\/wp-content\/uploads\/2025\/09\/1758145809_Hvorfor-kan-vi-ikke-utsette-oss-for-solen-etter-a.jpg","width":2121,"height":1414,"caption":"sole farmaci fotosensibilit\u00e0"},{"@type":"BreadcrumbList","@id":"https:\/\/nordnesrepublikken.no\/index.php\/2025\/09\/17\/hvorfor-kan-vi-ikke-utsette-oss-for-solen-etter-a-ha-tatt-spesifikke-medisiner\/#breadcrumb","itemListElement":[{"@type":"ListItem","position":1,"name":"Home","item":"https:\/\/nordnesrepublikken.no\/"},{"@type":"ListItem","position":2,"name":"Hvorfor kan vi ikke utsette oss for solen etter \u00e5 ha tatt spesifikke medisiner?"}]},{"@type":"WebSite","@id":"https:\/\/nordnesrepublikken.no\/#website","url":"https:\/\/nordnesrepublikken.no\/","name":"Nordnesrepublikken","description":"Stemmer og Visjoner fra Republikkens Hjerte","publisher":{"@id":"https:\/\/nordnesrepublikken.no\/#organization"},"potentialAction":[{"@type":"SearchAction","target":{"@type":"EntryPoint","urlTemplate":"https:\/\/nordnesrepublikken.no\/?s={search_term_string}"},"query-input":{"@type":"PropertyValueSpecification","valueRequired":true,"valueName":"search_term_string"}}],"inLanguage":"nb-NO"},{"@type":"Organization","@id":"https:\/\/nordnesrepublikken.no\/#organization","name":"Nordnesrepublikken","url":"https:\/\/nordnesrepublikken.no\/","logo":{"@type":"ImageObject","inLanguage":"nb-NO","@id":"https:\/\/nordnesrepublikken.no\/#\/schema\/logo\/image\/","url":"https:\/\/nordnesrepublikken.no\/wp-content\/uploads\/2025\/02\/cropped-nordnesrepublikken-2.png","contentUrl":"https:\/\/nordnesrepublikken.no\/wp-content\/uploads\/2025\/02\/cropped-nordnesrepublikken-2.png","width":1248,"height":362,"caption":"Nordnesrepublikken"},"image":{"@id":"https:\/\/nordnesrepublikken.no\/#\/schema\/logo\/image\/"}},{"@type":"Person","@id":"https:\/\/nordnesrepublikken.no\/#\/schema\/person\/2e7e81935bab77882fffb79296240ff1","name":"Ole Andersen","image":{"@type":"ImageObject","inLanguage":"nb-NO","@id":"https:\/\/nordnesrepublikken.no\/#\/schema\/person\/image\/","url":"https:\/\/nordnesrepublikken.no\/wp-content\/uploads\/2025\/02\/nordnesrepublikken-2-2-150x150.jpg","contentUrl":"https:\/\/nordnesrepublikken.no\/wp-content\/uploads\/2025\/02\/nordnesrepublikken-2-2-150x150.jpg","caption":"Ole Andersen"},"description":"Ettersom jeg vokste opp i Oslo, har jeg alltid v\u00e6rt fascinert av ordenes kraft og deres evne til \u00e5 skape endringer. Etter \u00e5 ha fullf\u00f8rt min utdannelse i kommunikasjon ved Universitetet i Bergen, fikk jeg muligheten til \u00e5 jobbe innen ulike medier, der jeg har s\u00f8kt \u00e5 belyse viktige samfunnssp\u00f8rsm\u00e5l. I dag, som redakt\u00f8r for Nordnesrepublikken, pr\u00f8ver jeg \u00e5 forene min kj\u00e6rlighet for journalistikk med min lidenskap for innovasjon og eventyr.","sameAs":["https:\/\/nordnesrepublikken.no\/"]}]}},"_links":{"self":[{"href":"https:\/\/nordnesrepublikken.no\/index.php\/wp-json\/wp\/v2\/posts\/9669","targetHints":{"allow":["GET"]}}],"collection":[{"href":"https:\/\/nordnesrepublikken.no\/index.php\/wp-json\/wp\/v2\/posts"}],"about":[{"href":"https:\/\/nordnesrepublikken.no\/index.php\/wp-json\/wp\/v2\/types\/post"}],"author":[{"embeddable":true,"href":"https:\/\/nordnesrepublikken.no\/index.php\/wp-json\/wp\/v2\/users\/1"}],"replies":[{"embeddable":true,"href":"https:\/\/nordnesrepublikken.no\/index.php\/wp-json\/wp\/v2\/comments?post=9669"}],"version-history":[{"count":1,"href":"https:\/\/nordnesrepublikken.no\/index.php\/wp-json\/wp\/v2\/posts\/9669\/revisions"}],"predecessor-version":[{"id":9671,"href":"https:\/\/nordnesrepublikken.no\/index.php\/wp-json\/wp\/v2\/posts\/9669\/revisions\/9671"}],"wp:featuredmedia":[{"embeddable":true,"href":"https:\/\/nordnesrepublikken.no\/index.php\/wp-json\/wp\/v2\/media\/9670"}],"wp:attachment":[{"href":"https:\/\/nordnesrepublikken.no\/index.php\/wp-json\/wp\/v2\/media?parent=9669"}],"wp:term":[{"taxonomy":"category","embeddable":true,"href":"https:\/\/nordnesrepublikken.no\/index.php\/wp-json\/wp\/v2\/categories?post=9669"},{"taxonomy":"post_tag","embeddable":true,"href":"https:\/\/nordnesrepublikken.no\/index.php\/wp-json\/wp\/v2\/tags?post=9669"}],"curies":[{"name":"wp","href":"https:\/\/api.w.org\/{rel}","templated":true}]}}