{"id":9666,"date":"2025-09-17T20:49:54","date_gmt":"2025-09-17T18:49:54","guid":{"rendered":"https:\/\/nordnesrepublikken.no\/index.php\/2025\/09\/17\/hvordan-beregne-kostnadene-for-motorveier-og-hva-som-kan-endre-seg-fra-januar-2026\/"},"modified":"2025-09-17T20:49:54","modified_gmt":"2025-09-17T18:49:54","slug":"hvordan-beregne-kostnadene-for-motorveier-og-hva-som-kan-endre-seg-fra-januar-2026","status":"publish","type":"post","link":"https:\/\/nordnesrepublikken.no\/index.php\/2025\/09\/17\/hvordan-beregne-kostnadene-for-motorveier-og-hva-som-kan-endre-seg-fra-januar-2026\/","title":{"rendered":"Hvordan beregne kostnadene for motorveier og hva som kan endre seg fra januar 2026"},"content":{"rendered":"<div>\n<div class=\"cp_wrapper cp_wrapper--fw mb-30 mb-20@tablet\">\n<figure class=\"mm\"><picture class=\"img\" style=\"padding-top:56.25%\"><source  media=\"(min-width: 1024px)\"><source  media=\"(min-width: 768px)\"><\/source><\/source><\/picture><\/figure>\n<\/p><\/div>\n<p>Starter fra januar 2026 <strong>Kostnad for motorveier<\/strong> I Italia skulle det avta: \u00e5 bekrefte at det var presidenten for transportreguleringsmyndigheten, <strong>Nicola Zaccheo<\/strong>som har formidlet neste trinn i en ny metode for enhetlig beregning, som vil avhenge av investeringene som faktisk er gjort.<\/p>\n<p>Men i praksis, hvordan beregner kostnadene for motorveien i Italia? I dag oppn\u00e5s figuren, beregnet av transportjusteringsmyndigheten, oppn\u00e5dd <strong>multiplisere en<\/strong> <strong>enhetsrate<\/strong> (som avhenger av kj\u00f8ret\u00f8yklassen, type strekk og forhandler) for <strong>Kilometer reiste <\/strong>fra kj\u00f8ret\u00f8yet p\u00e5 motorveiseksjonen. Til dette er det ogs\u00e5 merverdiavgift til 22% og en avrunding for overskudd og mangel.<\/p>\n<p>Det nye systemet m\u00e5 godkjennes i l\u00f8pet av de kommende ukene: if\u00f8lge Zaccheo vil imidlertid de virkelige effektene av denne reduksjonen begynne \u00e5 se <strong>Mellom 2027 og 2028<\/strong>: Disse nye tiltakene tar sikte p\u00e5 \u00e5 balansere &laquo;b\u00e6rekraften til investeringer og b\u00e6rekraften til brukerens kostnader&raquo;, og introduserer ogs\u00e5 en rett til refusjon i tilfelle veibyggingssteder.<\/p>\n<h2>Hva er den enhetlige prisen og hvor mye motorveien i Italia koster<\/h2>\n<p>Motorveien er ikke noe mer enn bel\u00f8pet som sj\u00e5f\u00f8rene er p\u00e5lagt \u00e5 betale for bruk av motorveien: inntektene fra disse bompengene er da ment for <strong>Gjenoppretting av investeringer<\/strong> (allerede utf\u00f8rt eller skal gj\u00f8res), men ogs\u00e5 til kostnadene ved modernisering, styring og vedlikehold av motorveienettverket.<\/p>\n<p>Som rapportert av Autostrade per L&#8217;Italia, er kostnadene for bompengene etablert av<b>Transportjusteringsmyndighet<\/b> Basert p\u00e5 statlige forskrifter og resolusjoner av CIPE (Interministerial Committee for Economic Programming): For \u00e5 beregne den endelige mengden av bompengene, m\u00e5 den s\u00e5kalte &laquo;enhetlige raten&raquo; multiplisere med kilometerne som faktisk reiste p\u00e5 motorveiene.<\/p>\n<p>Dette <strong>enhetsrate<\/strong>Derfor er en variabel koeffisient brukt p\u00e5 motorveien og som avhenger av:<\/p>\n<ul>\n<li><strong>Kj\u00f8ret\u00f8yklasse (A, B, 3, 4, 5),<\/strong> som avhenger av formen (dvs. h\u00f8yden p\u00e5 kj\u00f8ret\u00f8yet p\u00e5 vinkelrett p\u00e5 foraksen) og antall akser for kj\u00f8ret\u00f8y med mer enn to akser. For \u00e5 v\u00e6re tydelig, er en klassisk bil klasse A, mens en lastebil med trailer kan v\u00e6re klasse 4 eller 5. Generelt er jo h\u00f8yere kj\u00f8ret\u00f8yklasse, desto h\u00f8yere er kostnaden for den enhetlige prisen.<\/li>\n<li><strong>Kjennetegn p\u00e5 motorveiene,<\/strong> som konstruksjon, styring og vedlikehold av seksjonene p\u00e5virker. Dette er grunnen til at jeg <strong>Mountain Motorway Stretches koster mer,<\/strong> har et st\u00f8rre antall gallerier og viadukter enn de flate.<\/li>\n<li><strong>Konsesjonelt selskap for menneskehandel<\/strong>: I tilfelle motorveiene administreres av flere selskaper, er det n\u00f8dvendig \u00e5 beregne kilometerne og enhetlige priser for hver av disse hver for seg.<\/li>\n<\/ul>\n<p>Spesielt i trekkene til <strong>sletter<\/strong> Enhetsfrekvensen varierer fra <strong>7<\/strong> (Klasse A) AI <strong>18 \u00f8re<\/strong> (klasse 5), mens du er i trekkene til <strong>fjell<\/strong> starter fra <strong>8<\/strong> til <strong>21 cent av euro<\/strong>.<\/p>\n<p>For \u00e5 f\u00e5 en ide, ta motorveiseksjonen i betraktning<strong> Milan-Bologna<\/strong> Og det <strong>Milan-aosta<\/strong>begge om omtrent<strong> 200 km<\/strong>: I det f\u00f8rste tilfellet er kostnadene for bompengene for et kj\u00f8ret\u00f8y i klasse A omtrent <strong>16 euro,<\/strong> I det andre ankommer du i stedet for <strong>35 euro<\/strong> omtrent (mer enn 40 euro hvis du reiser Mont Blanc -tunnelen).<\/p>\n<p>Til denne beregningen m\u00e5 merverdiavgiften legges til 22% og avrundingen, ved overskytende eller ved mangel, til 10 \u00f8re euro. Et ekstra bel\u00f8p er ogs\u00e5 ment for <strong>Anas<\/strong> (National Autonomous Company of the Roads), som kreves av Laws 102\/2009 og 122\/2010. Det er viktig \u00e5 understreke at i den endelige tellingen av kilometerne, kryssene, er ogs\u00e5 adduksjonsstagene og motorveiseksjonene inkludert, og f\u00f8r og etter bompenger.<\/p>\n<p>I f\u00f8lge en studie utf\u00f8rt av Tollwayr Company, <strong>Italia<\/strong> Det er sammen med Frankrike blant de europeiske statene med i<strong> Kj\u00e6re motorvei<\/strong>: Det m\u00e5 imidlertid sies at den h\u00f8ye kostnaden ogs\u00e5 avhenger av morfologien til territoriet. I land som v\u00e5re, hovedsakelig fjellrike eller kuperte, er st\u00f8rre investeringer n\u00f8dvendige for bygging av motorveiene (som m\u00e5 omfatte mange gallerier eller viadukter), med uunng\u00e5elige konsekvenser for kostnadene som er betalt av sj\u00e5f\u00f8rene.<\/p>\n<h2>Hva kan endre seg fra neste januar<\/h2>\n<p>I f\u00f8lge presidenten for transportreguleringsmyndigheten, <strong>Nicola Zaccheo<\/strong>fra og med fra januar 2026, vil kostnadene for motorveier v\u00e6re koblet til \u00abtil <strong>effektive investeringer gjort<\/strong>\u00bb. Dette nye enhetlige beregningssystemet, som vil gjelde for b\u00e5de nye innr\u00f8mmelser og i kraft, m\u00e5 definitivt godkjennes i l\u00f8pet av de kommende ukene, og deretter tre i kraft som starter neste \u00e5r. Med andre ord, enhetsrenten vil bli opphevet, med mengden av bompenger som hovedsakelig vil avhenge av investeringene som faktisk er gjort for <strong>konstruksjon<\/strong> og ledelsen av den motorveien.<\/p>\n<p>I f\u00f8lge Zaccheo vil endringen ha &laquo;en fordel for brukere&raquo;, med lavere kostnad p\u00e5 bompenger, selv om &laquo;de virkelige effektene vil begynne \u00e5 se hverandre mellom 2027 og 2028&raquo;. Samtidig, <strong>Rett til refusjon<\/strong> For sj\u00e5f\u00f8rer (beregnet som en reduksjon i bompengene) i tilfelle begrensninger til bruken av nettverket p\u00e5 grunn av veiarbeid.<\/p>\n<\/p><\/div>\n","protected":false},"excerpt":{"rendered":"<p>Starter fra januar 2026 Kostnad for motorveier I Italia skulle det avta: \u00e5 bekrefte at<\/p>\n","protected":false},"author":1,"featured_media":9667,"comment_status":"closed","ping_status":"open","sticky":false,"template":"","format":"standard","meta":{"footnotes":""},"categories":[104],"tags":[4135,1237,125,144,112,6317,339,4203,5574,96,31],"class_list":["post-9666","post","type-post","status-publish","format-standard","has-post-thumbnail","hentry","category-samfunn","tag-beregne","tag-endre","tag-fra","tag-hva","tag-hvordan","tag-januar","tag-kan","tag-kostnadene","tag-motorveier","tag-seg","tag-som","generate-columns","tablet-grid-50","mobile-grid-100","grid-parent","grid-33","resize-featured-image"],"yoast_head":"<!-- This site is optimized with the Yoast SEO plugin v24.4 - https:\/\/yoast.com\/wordpress\/plugins\/seo\/ -->\n<title>Hvordan beregne kostnadene for motorveier og hva som kan endre seg fra januar 2026 - Nordnesrepublikken<\/title>\n<meta name=\"robots\" content=\"index, follow, max-snippet:-1, max-image-preview:large, max-video-preview:-1\" \/>\n<link rel=\"canonical\" href=\"https:\/\/nordnesrepublikken.no\/index.php\/2025\/09\/17\/hvordan-beregne-kostnadene-for-motorveier-og-hva-som-kan-endre-seg-fra-januar-2026\/\" \/>\n<meta property=\"og:locale\" content=\"nb_NO\" \/>\n<meta property=\"og:type\" content=\"article\" \/>\n<meta property=\"og:title\" content=\"Hvordan beregne kostnadene for motorveier og hva som kan endre seg fra januar 2026 - Nordnesrepublikken\" \/>\n<meta property=\"og:description\" content=\"Starter fra januar 2026 Kostnad for motorveier I Italia skulle det avta: \u00e5 bekrefte at\" \/>\n<meta property=\"og:url\" content=\"https:\/\/nordnesrepublikken.no\/index.php\/2025\/09\/17\/hvordan-beregne-kostnadene-for-motorveier-og-hva-som-kan-endre-seg-fra-januar-2026\/\" \/>\n<meta property=\"og:site_name\" content=\"Nordnesrepublikken\" \/>\n<meta property=\"article:published_time\" content=\"2025-09-17T18:49:54+00:00\" \/>\n<meta property=\"og:image\" content=\"https:\/\/nordnesrepublikken.no\/wp-content\/uploads\/2025\/09\/1758134994_Hvordan-beregne-kostnadene-for-motorveier-og-hva-som-kan-endre.jpg\" \/>\n\t<meta property=\"og:image:width\" content=\"724\" \/>\n\t<meta property=\"og:image:height\" content=\"483\" \/>\n\t<meta property=\"og:image:type\" content=\"image\/jpeg\" \/>\n<meta name=\"author\" content=\"Ole Andersen\" \/>\n<meta name=\"twitter:card\" content=\"summary_large_image\" \/>\n<meta name=\"twitter:label1\" content=\"Skrevet av\" \/>\n\t<meta name=\"twitter:data1\" content=\"Ole Andersen\" \/>\n\t<meta name=\"twitter:label2\" content=\"Ansl. lesetid\" \/>\n\t<meta name=\"twitter:data2\" content=\"4 minutter\" \/>\n<script type=\"application\/ld+json\" class=\"yoast-schema-graph\">{\"@context\":\"https:\/\/schema.org\",\"@graph\":[{\"@type\":\"Article\",\"@id\":\"https:\/\/nordnesrepublikken.no\/index.php\/2025\/09\/17\/hvordan-beregne-kostnadene-for-motorveier-og-hva-som-kan-endre-seg-fra-januar-2026\/#article\",\"isPartOf\":{\"@id\":\"https:\/\/nordnesrepublikken.no\/index.php\/2025\/09\/17\/hvordan-beregne-kostnadene-for-motorveier-og-hva-som-kan-endre-seg-fra-januar-2026\/\"},\"author\":{\"name\":\"Ole Andersen\",\"@id\":\"https:\/\/nordnesrepublikken.no\/#\/schema\/person\/2e7e81935bab77882fffb79296240ff1\"},\"headline\":\"Hvordan beregne kostnadene for motorveier og hva som kan endre seg fra januar 2026\",\"datePublished\":\"2025-09-17T18:49:54+00:00\",\"mainEntityOfPage\":{\"@id\":\"https:\/\/nordnesrepublikken.no\/index.php\/2025\/09\/17\/hvordan-beregne-kostnadene-for-motorveier-og-hva-som-kan-endre-seg-fra-januar-2026\/\"},\"wordCount\":779,\"publisher\":{\"@id\":\"https:\/\/nordnesrepublikken.no\/#organization\"},\"image\":{\"@id\":\"https:\/\/nordnesrepublikken.no\/index.php\/2025\/09\/17\/hvordan-beregne-kostnadene-for-motorveier-og-hva-som-kan-endre-seg-fra-januar-2026\/#primaryimage\"},\"thumbnailUrl\":\"https:\/\/nordnesrepublikken.no\/wp-content\/uploads\/2025\/09\/1758134994_Hvordan-beregne-kostnadene-for-motorveier-og-hva-som-kan-endre.jpg\",\"keywords\":[\"beregne\",\"endre\",\"fra\",\"Hva\",\"Hvordan\",\"januar\",\"kan\",\"kostnadene\",\"motorveier\",\"seg\",\"som\"],\"articleSection\":[\"Samfunn\"],\"inLanguage\":\"nb-NO\"},{\"@type\":\"WebPage\",\"@id\":\"https:\/\/nordnesrepublikken.no\/index.php\/2025\/09\/17\/hvordan-beregne-kostnadene-for-motorveier-og-hva-som-kan-endre-seg-fra-januar-2026\/\",\"url\":\"https:\/\/nordnesrepublikken.no\/index.php\/2025\/09\/17\/hvordan-beregne-kostnadene-for-motorveier-og-hva-som-kan-endre-seg-fra-januar-2026\/\",\"name\":\"Hvordan beregne kostnadene for motorveier og hva som kan endre seg fra januar 2026 - Nordnesrepublikken\",\"isPartOf\":{\"@id\":\"https:\/\/nordnesrepublikken.no\/#website\"},\"primaryImageOfPage\":{\"@id\":\"https:\/\/nordnesrepublikken.no\/index.php\/2025\/09\/17\/hvordan-beregne-kostnadene-for-motorveier-og-hva-som-kan-endre-seg-fra-januar-2026\/#primaryimage\"},\"image\":{\"@id\":\"https:\/\/nordnesrepublikken.no\/index.php\/2025\/09\/17\/hvordan-beregne-kostnadene-for-motorveier-og-hva-som-kan-endre-seg-fra-januar-2026\/#primaryimage\"},\"thumbnailUrl\":\"https:\/\/nordnesrepublikken.no\/wp-content\/uploads\/2025\/09\/1758134994_Hvordan-beregne-kostnadene-for-motorveier-og-hva-som-kan-endre.jpg\",\"datePublished\":\"2025-09-17T18:49:54+00:00\",\"breadcrumb\":{\"@id\":\"https:\/\/nordnesrepublikken.no\/index.php\/2025\/09\/17\/hvordan-beregne-kostnadene-for-motorveier-og-hva-som-kan-endre-seg-fra-januar-2026\/#breadcrumb\"},\"inLanguage\":\"nb-NO\",\"potentialAction\":[{\"@type\":\"ReadAction\",\"target\":[\"https:\/\/nordnesrepublikken.no\/index.php\/2025\/09\/17\/hvordan-beregne-kostnadene-for-motorveier-og-hva-som-kan-endre-seg-fra-januar-2026\/\"]}]},{\"@type\":\"ImageObject\",\"inLanguage\":\"nb-NO\",\"@id\":\"https:\/\/nordnesrepublikken.no\/index.php\/2025\/09\/17\/hvordan-beregne-kostnadene-for-motorveier-og-hva-som-kan-endre-seg-fra-januar-2026\/#primaryimage\",\"url\":\"https:\/\/nordnesrepublikken.no\/wp-content\/uploads\/2025\/09\/1758134994_Hvordan-beregne-kostnadene-for-motorveier-og-hva-som-kan-endre.jpg\",\"contentUrl\":\"https:\/\/nordnesrepublikken.no\/wp-content\/uploads\/2025\/09\/1758134994_Hvordan-beregne-kostnadene-for-motorveier-og-hva-som-kan-endre.jpg\",\"width\":724,\"height\":483,\"caption\":\"costo-pedaggi-autostrali-cosa-cambia\"},{\"@type\":\"BreadcrumbList\",\"@id\":\"https:\/\/nordnesrepublikken.no\/index.php\/2025\/09\/17\/hvordan-beregne-kostnadene-for-motorveier-og-hva-som-kan-endre-seg-fra-januar-2026\/#breadcrumb\",\"itemListElement\":[{\"@type\":\"ListItem\",\"position\":1,\"name\":\"Home\",\"item\":\"https:\/\/nordnesrepublikken.no\/\"},{\"@type\":\"ListItem\",\"position\":2,\"name\":\"Hvordan beregne kostnadene for motorveier og hva som kan endre seg fra januar 2026\"}]},{\"@type\":\"WebSite\",\"@id\":\"https:\/\/nordnesrepublikken.no\/#website\",\"url\":\"https:\/\/nordnesrepublikken.no\/\",\"name\":\"Nordnesrepublikken\",\"description\":\"Stemmer og Visjoner fra Republikkens Hjerte\",\"publisher\":{\"@id\":\"https:\/\/nordnesrepublikken.no\/#organization\"},\"potentialAction\":[{\"@type\":\"SearchAction\",\"target\":{\"@type\":\"EntryPoint\",\"urlTemplate\":\"https:\/\/nordnesrepublikken.no\/?s={search_term_string}\"},\"query-input\":{\"@type\":\"PropertyValueSpecification\",\"valueRequired\":true,\"valueName\":\"search_term_string\"}}],\"inLanguage\":\"nb-NO\"},{\"@type\":\"Organization\",\"@id\":\"https:\/\/nordnesrepublikken.no\/#organization\",\"name\":\"Nordnesrepublikken\",\"url\":\"https:\/\/nordnesrepublikken.no\/\",\"logo\":{\"@type\":\"ImageObject\",\"inLanguage\":\"nb-NO\",\"@id\":\"https:\/\/nordnesrepublikken.no\/#\/schema\/logo\/image\/\",\"url\":\"https:\/\/nordnesrepublikken.no\/wp-content\/uploads\/2025\/02\/cropped-nordnesrepublikken-2.png\",\"contentUrl\":\"https:\/\/nordnesrepublikken.no\/wp-content\/uploads\/2025\/02\/cropped-nordnesrepublikken-2.png\",\"width\":1248,\"height\":362,\"caption\":\"Nordnesrepublikken\"},\"image\":{\"@id\":\"https:\/\/nordnesrepublikken.no\/#\/schema\/logo\/image\/\"}},{\"@type\":\"Person\",\"@id\":\"https:\/\/nordnesrepublikken.no\/#\/schema\/person\/2e7e81935bab77882fffb79296240ff1\",\"name\":\"Ole Andersen\",\"image\":{\"@type\":\"ImageObject\",\"inLanguage\":\"nb-NO\",\"@id\":\"https:\/\/nordnesrepublikken.no\/#\/schema\/person\/image\/\",\"url\":\"https:\/\/nordnesrepublikken.no\/wp-content\/uploads\/2025\/02\/nordnesrepublikken-2-2-150x150.jpg\",\"contentUrl\":\"https:\/\/nordnesrepublikken.no\/wp-content\/uploads\/2025\/02\/nordnesrepublikken-2-2-150x150.jpg\",\"caption\":\"Ole Andersen\"},\"description\":\"Ettersom jeg vokste opp i Oslo, har jeg alltid v\u00e6rt fascinert av ordenes kraft og deres evne til \u00e5 skape endringer. Etter \u00e5 ha fullf\u00f8rt min utdannelse i kommunikasjon ved Universitetet i Bergen, fikk jeg muligheten til \u00e5 jobbe innen ulike medier, der jeg har s\u00f8kt \u00e5 belyse viktige samfunnssp\u00f8rsm\u00e5l. I dag, som redakt\u00f8r for Nordnesrepublikken, pr\u00f8ver jeg \u00e5 forene min kj\u00e6rlighet for journalistikk med min lidenskap for innovasjon og eventyr.\",\"sameAs\":[\"https:\/\/nordnesrepublikken.no\/\"]}]}<\/script>\n<!-- \/ Yoast SEO plugin. -->","yoast_head_json":{"title":"Hvordan beregne kostnadene for motorveier og hva som kan endre seg fra januar 2026 - Nordnesrepublikken","robots":{"index":"index","follow":"follow","max-snippet":"max-snippet:-1","max-image-preview":"max-image-preview:large","max-video-preview":"max-video-preview:-1"},"canonical":"https:\/\/nordnesrepublikken.no\/index.php\/2025\/09\/17\/hvordan-beregne-kostnadene-for-motorveier-og-hva-som-kan-endre-seg-fra-januar-2026\/","og_locale":"nb_NO","og_type":"article","og_title":"Hvordan beregne kostnadene for motorveier og hva som kan endre seg fra januar 2026 - Nordnesrepublikken","og_description":"Starter fra januar 2026 Kostnad for motorveier I Italia skulle det avta: \u00e5 bekrefte at","og_url":"https:\/\/nordnesrepublikken.no\/index.php\/2025\/09\/17\/hvordan-beregne-kostnadene-for-motorveier-og-hva-som-kan-endre-seg-fra-januar-2026\/","og_site_name":"Nordnesrepublikken","article_published_time":"2025-09-17T18:49:54+00:00","og_image":[{"width":724,"height":483,"url":"https:\/\/nordnesrepublikken.no\/wp-content\/uploads\/2025\/09\/1758134994_Hvordan-beregne-kostnadene-for-motorveier-og-hva-som-kan-endre.jpg","type":"image\/jpeg"}],"author":"Ole Andersen","twitter_card":"summary_large_image","twitter_misc":{"Skrevet av":"Ole Andersen","Ansl. lesetid":"4 minutter"},"schema":{"@context":"https:\/\/schema.org","@graph":[{"@type":"Article","@id":"https:\/\/nordnesrepublikken.no\/index.php\/2025\/09\/17\/hvordan-beregne-kostnadene-for-motorveier-og-hva-som-kan-endre-seg-fra-januar-2026\/#article","isPartOf":{"@id":"https:\/\/nordnesrepublikken.no\/index.php\/2025\/09\/17\/hvordan-beregne-kostnadene-for-motorveier-og-hva-som-kan-endre-seg-fra-januar-2026\/"},"author":{"name":"Ole Andersen","@id":"https:\/\/nordnesrepublikken.no\/#\/schema\/person\/2e7e81935bab77882fffb79296240ff1"},"headline":"Hvordan beregne kostnadene for motorveier og hva som kan endre seg fra januar 2026","datePublished":"2025-09-17T18:49:54+00:00","mainEntityOfPage":{"@id":"https:\/\/nordnesrepublikken.no\/index.php\/2025\/09\/17\/hvordan-beregne-kostnadene-for-motorveier-og-hva-som-kan-endre-seg-fra-januar-2026\/"},"wordCount":779,"publisher":{"@id":"https:\/\/nordnesrepublikken.no\/#organization"},"image":{"@id":"https:\/\/nordnesrepublikken.no\/index.php\/2025\/09\/17\/hvordan-beregne-kostnadene-for-motorveier-og-hva-som-kan-endre-seg-fra-januar-2026\/#primaryimage"},"thumbnailUrl":"https:\/\/nordnesrepublikken.no\/wp-content\/uploads\/2025\/09\/1758134994_Hvordan-beregne-kostnadene-for-motorveier-og-hva-som-kan-endre.jpg","keywords":["beregne","endre","fra","Hva","Hvordan","januar","kan","kostnadene","motorveier","seg","som"],"articleSection":["Samfunn"],"inLanguage":"nb-NO"},{"@type":"WebPage","@id":"https:\/\/nordnesrepublikken.no\/index.php\/2025\/09\/17\/hvordan-beregne-kostnadene-for-motorveier-og-hva-som-kan-endre-seg-fra-januar-2026\/","url":"https:\/\/nordnesrepublikken.no\/index.php\/2025\/09\/17\/hvordan-beregne-kostnadene-for-motorveier-og-hva-som-kan-endre-seg-fra-januar-2026\/","name":"Hvordan beregne kostnadene for motorveier og hva som kan endre seg fra januar 2026 - Nordnesrepublikken","isPartOf":{"@id":"https:\/\/nordnesrepublikken.no\/#website"},"primaryImageOfPage":{"@id":"https:\/\/nordnesrepublikken.no\/index.php\/2025\/09\/17\/hvordan-beregne-kostnadene-for-motorveier-og-hva-som-kan-endre-seg-fra-januar-2026\/#primaryimage"},"image":{"@id":"https:\/\/nordnesrepublikken.no\/index.php\/2025\/09\/17\/hvordan-beregne-kostnadene-for-motorveier-og-hva-som-kan-endre-seg-fra-januar-2026\/#primaryimage"},"thumbnailUrl":"https:\/\/nordnesrepublikken.no\/wp-content\/uploads\/2025\/09\/1758134994_Hvordan-beregne-kostnadene-for-motorveier-og-hva-som-kan-endre.jpg","datePublished":"2025-09-17T18:49:54+00:00","breadcrumb":{"@id":"https:\/\/nordnesrepublikken.no\/index.php\/2025\/09\/17\/hvordan-beregne-kostnadene-for-motorveier-og-hva-som-kan-endre-seg-fra-januar-2026\/#breadcrumb"},"inLanguage":"nb-NO","potentialAction":[{"@type":"ReadAction","target":["https:\/\/nordnesrepublikken.no\/index.php\/2025\/09\/17\/hvordan-beregne-kostnadene-for-motorveier-og-hva-som-kan-endre-seg-fra-januar-2026\/"]}]},{"@type":"ImageObject","inLanguage":"nb-NO","@id":"https:\/\/nordnesrepublikken.no\/index.php\/2025\/09\/17\/hvordan-beregne-kostnadene-for-motorveier-og-hva-som-kan-endre-seg-fra-januar-2026\/#primaryimage","url":"https:\/\/nordnesrepublikken.no\/wp-content\/uploads\/2025\/09\/1758134994_Hvordan-beregne-kostnadene-for-motorveier-og-hva-som-kan-endre.jpg","contentUrl":"https:\/\/nordnesrepublikken.no\/wp-content\/uploads\/2025\/09\/1758134994_Hvordan-beregne-kostnadene-for-motorveier-og-hva-som-kan-endre.jpg","width":724,"height":483,"caption":"costo-pedaggi-autostrali-cosa-cambia"},{"@type":"BreadcrumbList","@id":"https:\/\/nordnesrepublikken.no\/index.php\/2025\/09\/17\/hvordan-beregne-kostnadene-for-motorveier-og-hva-som-kan-endre-seg-fra-januar-2026\/#breadcrumb","itemListElement":[{"@type":"ListItem","position":1,"name":"Home","item":"https:\/\/nordnesrepublikken.no\/"},{"@type":"ListItem","position":2,"name":"Hvordan beregne kostnadene for motorveier og hva som kan endre seg fra januar 2026"}]},{"@type":"WebSite","@id":"https:\/\/nordnesrepublikken.no\/#website","url":"https:\/\/nordnesrepublikken.no\/","name":"Nordnesrepublikken","description":"Stemmer og Visjoner fra Republikkens Hjerte","publisher":{"@id":"https:\/\/nordnesrepublikken.no\/#organization"},"potentialAction":[{"@type":"SearchAction","target":{"@type":"EntryPoint","urlTemplate":"https:\/\/nordnesrepublikken.no\/?s={search_term_string}"},"query-input":{"@type":"PropertyValueSpecification","valueRequired":true,"valueName":"search_term_string"}}],"inLanguage":"nb-NO"},{"@type":"Organization","@id":"https:\/\/nordnesrepublikken.no\/#organization","name":"Nordnesrepublikken","url":"https:\/\/nordnesrepublikken.no\/","logo":{"@type":"ImageObject","inLanguage":"nb-NO","@id":"https:\/\/nordnesrepublikken.no\/#\/schema\/logo\/image\/","url":"https:\/\/nordnesrepublikken.no\/wp-content\/uploads\/2025\/02\/cropped-nordnesrepublikken-2.png","contentUrl":"https:\/\/nordnesrepublikken.no\/wp-content\/uploads\/2025\/02\/cropped-nordnesrepublikken-2.png","width":1248,"height":362,"caption":"Nordnesrepublikken"},"image":{"@id":"https:\/\/nordnesrepublikken.no\/#\/schema\/logo\/image\/"}},{"@type":"Person","@id":"https:\/\/nordnesrepublikken.no\/#\/schema\/person\/2e7e81935bab77882fffb79296240ff1","name":"Ole Andersen","image":{"@type":"ImageObject","inLanguage":"nb-NO","@id":"https:\/\/nordnesrepublikken.no\/#\/schema\/person\/image\/","url":"https:\/\/nordnesrepublikken.no\/wp-content\/uploads\/2025\/02\/nordnesrepublikken-2-2-150x150.jpg","contentUrl":"https:\/\/nordnesrepublikken.no\/wp-content\/uploads\/2025\/02\/nordnesrepublikken-2-2-150x150.jpg","caption":"Ole Andersen"},"description":"Ettersom jeg vokste opp i Oslo, har jeg alltid v\u00e6rt fascinert av ordenes kraft og deres evne til \u00e5 skape endringer. Etter \u00e5 ha fullf\u00f8rt min utdannelse i kommunikasjon ved Universitetet i Bergen, fikk jeg muligheten til \u00e5 jobbe innen ulike medier, der jeg har s\u00f8kt \u00e5 belyse viktige samfunnssp\u00f8rsm\u00e5l. I dag, som redakt\u00f8r for Nordnesrepublikken, pr\u00f8ver jeg \u00e5 forene min kj\u00e6rlighet for journalistikk med min lidenskap for innovasjon og eventyr.","sameAs":["https:\/\/nordnesrepublikken.no\/"]}]}},"_links":{"self":[{"href":"https:\/\/nordnesrepublikken.no\/index.php\/wp-json\/wp\/v2\/posts\/9666","targetHints":{"allow":["GET"]}}],"collection":[{"href":"https:\/\/nordnesrepublikken.no\/index.php\/wp-json\/wp\/v2\/posts"}],"about":[{"href":"https:\/\/nordnesrepublikken.no\/index.php\/wp-json\/wp\/v2\/types\/post"}],"author":[{"embeddable":true,"href":"https:\/\/nordnesrepublikken.no\/index.php\/wp-json\/wp\/v2\/users\/1"}],"replies":[{"embeddable":true,"href":"https:\/\/nordnesrepublikken.no\/index.php\/wp-json\/wp\/v2\/comments?post=9666"}],"version-history":[{"count":1,"href":"https:\/\/nordnesrepublikken.no\/index.php\/wp-json\/wp\/v2\/posts\/9666\/revisions"}],"predecessor-version":[{"id":9668,"href":"https:\/\/nordnesrepublikken.no\/index.php\/wp-json\/wp\/v2\/posts\/9666\/revisions\/9668"}],"wp:featuredmedia":[{"embeddable":true,"href":"https:\/\/nordnesrepublikken.no\/index.php\/wp-json\/wp\/v2\/media\/9667"}],"wp:attachment":[{"href":"https:\/\/nordnesrepublikken.no\/index.php\/wp-json\/wp\/v2\/media?parent=9666"}],"wp:term":[{"taxonomy":"category","embeddable":true,"href":"https:\/\/nordnesrepublikken.no\/index.php\/wp-json\/wp\/v2\/categories?post=9666"},{"taxonomy":"post_tag","embeddable":true,"href":"https:\/\/nordnesrepublikken.no\/index.php\/wp-json\/wp\/v2\/tags?post=9666"}],"curies":[{"name":"wp","href":"https:\/\/api.w.org\/{rel}","templated":true}]}}