{"id":9663,"date":"2025-09-17T18:49:45","date_gmt":"2025-09-17T16:49:45","guid":{"rendered":"https:\/\/nordnesrepublikken.no\/index.php\/2025\/09\/17\/er-norge-helliggjorende-gronnvask-med-100-ev-policy\/"},"modified":"2025-09-17T18:49:46","modified_gmt":"2025-09-17T16:49:46","slug":"er-norge-helliggjorende-gronnvask-med-100-ev-policy","status":"publish","type":"post","link":"https:\/\/nordnesrepublikken.no\/index.php\/2025\/09\/17\/er-norge-helliggjorende-gronnvask-med-100-ev-policy\/","title":{"rendered":"Er Norge helliggj\u00f8rende &laquo;gr\u00f8nnvask&raquo; med 100% EV -policy?"},"content":{"rendered":"<p><\/p>\n<div class=\"wordpress-content\">\n                    <!-- Article Start --><\/p>\n<p class=\"p1\"><strong>Norge, verdens posterboy for milj\u00f8messig b\u00e6rekraft, sliter med et paradoks som har trukket sylskarp kritikk: dens strenge milj\u00f8vennlige politikk, for eksempel nesten 100 prosent elektrisk kj\u00f8ret\u00f8y (EV) adopsjon, er finansiert av dens massive olje- og gasseksport, som kritikerne er &laquo;gr\u00f8ntvask&raquo; og rendel p\u00e5 klimaet som en klima, som en rens.<\/strong><\/p>\n<p class=\"p1\">Mens landet f\u00f8rer i gr\u00f8nn innovasjon, har den fossile drivstoffutvidelsen, som produserte 2 millioner fat r\u00e5olje daglig i 2023, reist sp\u00f8rsm\u00e5l om et opplevd hykleri fra milj\u00f8vernere, analytikere og internasjonale medier.<\/p>\n<p class=\"p1\">Norges omfattende formue, med et BNP per innbygger p\u00e5 86 000 dollar og et suverene formuesfond p\u00e5 1,8 billioner dollar, kommer i stor grad fra Nordsj\u00f8iske olje- og gassfelt, som gj\u00f8r det til Europas st\u00f8rste produsent av fossilt drivstoff. Inntektene fra disse midlene genererer EV-subsidier, et fornybart str\u00f8mnett p\u00e5 98 prosent (for det meste vannkraft) og retningslinjer som retter seg mot nullutslipp nye bilsalg f\u00f8r 2026.<\/p>\n<div class=\"sra_unit\"><link rel=\"stylesheet\" id=\"block-sra\" href=\"https:\/\/euroweeklynews.com\/wp-content\/plugins\/snack-related-articles\/dist\/css\/snack-related.min.css?250312-193541\" type=\"text\/css\" media=\"all\">\n<\/div>\n<p class=\"p1\">Innenriks bensin- og dieselforbruk falt 12 prosent fra 2021 til 2024, da EV -er dominerer nesten 100 prosent av salget av nytt bil, if\u00f8lge Statistics Norge. Likevel bidrar Norges oljeeksport, som utgj\u00f8r 50 prosent av handelen, 2,3 prosent av den globale oljen og 3 prosent av gassen, og \u00f8ker utslippene over hele verden.<\/p>\n<h2>Norge smalt for gr\u00f8nnvasking av globalt bilde<\/h2>\n<p class=\"p1\">Greenpeace har ledet anklagen, saks\u00f8kt regjeringen over nye arktiske felt som Breidablikk, og hevder at de bryter med forpliktelser om Parisavtale. En 2024 Oil Change International Report, \u201cOn Thin Ice\u201d, smeller Norge for \u00e5 godkjenne 19 nye felt, og potensielt legge til utslipp som tilsvarer 19 kullanlegg. The Guardian har merket Norge som en &laquo;klimaskurk&raquo;, og sier at dens oljeutvinning per innbygger overg\u00e5r Saudi -Arabias, med 80 nye lisenser planlagt for 2025. Akademikere i klimapolitikk og Green European Journal kaller dette en &laquo;r\u00f8yk og speil&raquo;.<\/p>\n<p class=\"p1\">Mange forkynner Norges &laquo;greenwashing&raquo; og fremhever at det er lobbyvirksomhet for karbonfangst over utfasninger. I mellomtiden avsl\u00f8rer globale trender ironien: Ettersom Norge presser EV -er, har Kinas elektrifisering redusert ettersp\u00f8rsel etter olje med 600 000 fat daglig i 2025, if\u00f8lge CNPC, noe som indikerer en nedgang i fossilt drivstoff Norge fra, men ikke demper.<\/p>\n<p class=\"p1\">Norges forsvarere hevder at utslipp av lav produksjon og nedgang i naturressursen innen 2050 rettferdiggj\u00f8r sin posisjon. Likevel, ettersom fremvoksende \u00f8konomier som India og Vietnam elektrifiserer raskt, krever kritikere Norge pengene sine der munnen er og bringer eksporten i tr\u00e5d med sin gr\u00f8nne retorikk eller risiko for \u00e5 ha klimaklenseledelsen.<\/p>\n<p>                    <!-- This article has been originally published at https:\/\/euroweeklynews.com\/2025\/09\/17\/is-norway-sanctimoniously-greenwashing-with-100-ev-policy\/ on 17 Sep 2025 at 18:26 by Adam Woodward --><br \/>\n                    <!-- Article End -->\n                <\/div>\n","protected":false},"excerpt":{"rendered":"<p>Norge, verdens posterboy for milj\u00f8messig b\u00e6rekraft, sliter med et paradoks som har trukket sylskarp kritikk:<\/p>\n","protected":false},"author":1,"featured_media":9664,"comment_status":"closed","ping_status":"open","sticky":false,"template":"","format":"standard","meta":{"footnotes":""},"categories":[22],"tags":[5169,6315,79,153,6316],"class_list":["post-9663","post","type-post","status-publish","format-standard","has-post-thumbnail","hentry","category-nasjonal","tag-gronnvask","tag-helliggjorende","tag-med","tag-norge","tag-policy","generate-columns","tablet-grid-50","mobile-grid-100","grid-parent","grid-33","resize-featured-image"],"yoast_head":"<!-- This site is optimized with the Yoast SEO plugin v24.4 - https:\/\/yoast.com\/wordpress\/plugins\/seo\/ -->\n<title>Er Norge helliggj\u00f8rende &quot;gr\u00f8nnvask&quot; med 100% EV -policy? - Nordnesrepublikken<\/title>\n<meta name=\"robots\" content=\"index, follow, max-snippet:-1, max-image-preview:large, max-video-preview:-1\" \/>\n<link rel=\"canonical\" href=\"https:\/\/nordnesrepublikken.no\/index.php\/2025\/09\/17\/er-norge-helliggjorende-gronnvask-med-100-ev-policy\/\" \/>\n<meta property=\"og:locale\" content=\"nb_NO\" \/>\n<meta property=\"og:type\" content=\"article\" \/>\n<meta property=\"og:title\" content=\"Er Norge helliggj\u00f8rende &quot;gr\u00f8nnvask&quot; med 100% EV -policy? - Nordnesrepublikken\" \/>\n<meta property=\"og:description\" content=\"Norge, verdens posterboy for milj\u00f8messig b\u00e6rekraft, sliter med et paradoks som har trukket sylskarp kritikk:\" \/>\n<meta property=\"og:url\" content=\"https:\/\/nordnesrepublikken.no\/index.php\/2025\/09\/17\/er-norge-helliggjorende-gronnvask-med-100-ev-policy\/\" \/>\n<meta property=\"og:site_name\" content=\"Nordnesrepublikken\" \/>\n<meta property=\"article:published_time\" content=\"2025-09-17T16:49:45+00:00\" \/>\n<meta property=\"article:modified_time\" content=\"2025-09-17T16:49:46+00:00\" \/>\n<meta property=\"og:image\" content=\"https:\/\/nordnesrepublikken.no\/wp-content\/uploads\/2025\/09\/1758127786_Er-Norge-helliggjorende-gronnvask-med-100-EV-policy.jpg\" \/>\n\t<meta property=\"og:image:width\" content=\"1200\" \/>\n\t<meta property=\"og:image:height\" content=\"800\" \/>\n\t<meta property=\"og:image:type\" content=\"image\/jpeg\" \/>\n<meta name=\"author\" content=\"Ole Andersen\" \/>\n<meta name=\"twitter:card\" content=\"summary_large_image\" \/>\n<meta name=\"twitter:label1\" content=\"Skrevet av\" \/>\n\t<meta name=\"twitter:data1\" content=\"Ole Andersen\" \/>\n\t<meta name=\"twitter:label2\" content=\"Ansl. lesetid\" \/>\n\t<meta name=\"twitter:data2\" content=\"2 minutter\" \/>\n<script type=\"application\/ld+json\" class=\"yoast-schema-graph\">{\"@context\":\"https:\/\/schema.org\",\"@graph\":[{\"@type\":\"Article\",\"@id\":\"https:\/\/nordnesrepublikken.no\/index.php\/2025\/09\/17\/er-norge-helliggjorende-gronnvask-med-100-ev-policy\/#article\",\"isPartOf\":{\"@id\":\"https:\/\/nordnesrepublikken.no\/index.php\/2025\/09\/17\/er-norge-helliggjorende-gronnvask-med-100-ev-policy\/\"},\"author\":{\"name\":\"Ole Andersen\",\"@id\":\"https:\/\/nordnesrepublikken.no\/#\/schema\/person\/2e7e81935bab77882fffb79296240ff1\"},\"headline\":\"Er Norge helliggj\u00f8rende &laquo;gr\u00f8nnvask&raquo; med 100% EV -policy?\",\"datePublished\":\"2025-09-17T16:49:45+00:00\",\"dateModified\":\"2025-09-17T16:49:46+00:00\",\"mainEntityOfPage\":{\"@id\":\"https:\/\/nordnesrepublikken.no\/index.php\/2025\/09\/17\/er-norge-helliggjorende-gronnvask-med-100-ev-policy\/\"},\"wordCount\":408,\"publisher\":{\"@id\":\"https:\/\/nordnesrepublikken.no\/#organization\"},\"image\":{\"@id\":\"https:\/\/nordnesrepublikken.no\/index.php\/2025\/09\/17\/er-norge-helliggjorende-gronnvask-med-100-ev-policy\/#primaryimage\"},\"thumbnailUrl\":\"https:\/\/nordnesrepublikken.no\/wp-content\/uploads\/2025\/09\/1758127786_Er-Norge-helliggjorende-gronnvask-med-100-EV-policy.jpg\",\"keywords\":[\"gr\u00f8nnvask\",\"helliggj\u00f8rende\",\"med\",\"Norge\",\"policy\"],\"articleSection\":[\"Nasjonal\"],\"inLanguage\":\"nb-NO\"},{\"@type\":\"WebPage\",\"@id\":\"https:\/\/nordnesrepublikken.no\/index.php\/2025\/09\/17\/er-norge-helliggjorende-gronnvask-med-100-ev-policy\/\",\"url\":\"https:\/\/nordnesrepublikken.no\/index.php\/2025\/09\/17\/er-norge-helliggjorende-gronnvask-med-100-ev-policy\/\",\"name\":\"Er Norge helliggj\u00f8rende \\\"gr\u00f8nnvask\\\" med 100% EV -policy? - Nordnesrepublikken\",\"isPartOf\":{\"@id\":\"https:\/\/nordnesrepublikken.no\/#website\"},\"primaryImageOfPage\":{\"@id\":\"https:\/\/nordnesrepublikken.no\/index.php\/2025\/09\/17\/er-norge-helliggjorende-gronnvask-med-100-ev-policy\/#primaryimage\"},\"image\":{\"@id\":\"https:\/\/nordnesrepublikken.no\/index.php\/2025\/09\/17\/er-norge-helliggjorende-gronnvask-med-100-ev-policy\/#primaryimage\"},\"thumbnailUrl\":\"https:\/\/nordnesrepublikken.no\/wp-content\/uploads\/2025\/09\/1758127786_Er-Norge-helliggjorende-gronnvask-med-100-EV-policy.jpg\",\"datePublished\":\"2025-09-17T16:49:45+00:00\",\"dateModified\":\"2025-09-17T16:49:46+00:00\",\"breadcrumb\":{\"@id\":\"https:\/\/nordnesrepublikken.no\/index.php\/2025\/09\/17\/er-norge-helliggjorende-gronnvask-med-100-ev-policy\/#breadcrumb\"},\"inLanguage\":\"nb-NO\",\"potentialAction\":[{\"@type\":\"ReadAction\",\"target\":[\"https:\/\/nordnesrepublikken.no\/index.php\/2025\/09\/17\/er-norge-helliggjorende-gronnvask-med-100-ev-policy\/\"]}]},{\"@type\":\"ImageObject\",\"inLanguage\":\"nb-NO\",\"@id\":\"https:\/\/nordnesrepublikken.no\/index.php\/2025\/09\/17\/er-norge-helliggjorende-gronnvask-med-100-ev-policy\/#primaryimage\",\"url\":\"https:\/\/nordnesrepublikken.no\/wp-content\/uploads\/2025\/09\/1758127786_Er-Norge-helliggjorende-gronnvask-med-100-EV-policy.jpg\",\"contentUrl\":\"https:\/\/nordnesrepublikken.no\/wp-content\/uploads\/2025\/09\/1758127786_Er-Norge-helliggjorende-gronnvask-med-100-EV-policy.jpg\",\"width\":1200,\"height\":800,\"caption\":\"Er Norge helliggj\u00f8rende \\\"gr\u00f8nnvask\\\" med 100% EV -policy?\"},{\"@type\":\"BreadcrumbList\",\"@id\":\"https:\/\/nordnesrepublikken.no\/index.php\/2025\/09\/17\/er-norge-helliggjorende-gronnvask-med-100-ev-policy\/#breadcrumb\",\"itemListElement\":[{\"@type\":\"ListItem\",\"position\":1,\"name\":\"Home\",\"item\":\"https:\/\/nordnesrepublikken.no\/\"},{\"@type\":\"ListItem\",\"position\":2,\"name\":\"Er Norge helliggj\u00f8rende &laquo;gr\u00f8nnvask&raquo; med 100% EV -policy?\"}]},{\"@type\":\"WebSite\",\"@id\":\"https:\/\/nordnesrepublikken.no\/#website\",\"url\":\"https:\/\/nordnesrepublikken.no\/\",\"name\":\"Nordnesrepublikken\",\"description\":\"Stemmer og Visjoner fra Republikkens Hjerte\",\"publisher\":{\"@id\":\"https:\/\/nordnesrepublikken.no\/#organization\"},\"potentialAction\":[{\"@type\":\"SearchAction\",\"target\":{\"@type\":\"EntryPoint\",\"urlTemplate\":\"https:\/\/nordnesrepublikken.no\/?s={search_term_string}\"},\"query-input\":{\"@type\":\"PropertyValueSpecification\",\"valueRequired\":true,\"valueName\":\"search_term_string\"}}],\"inLanguage\":\"nb-NO\"},{\"@type\":\"Organization\",\"@id\":\"https:\/\/nordnesrepublikken.no\/#organization\",\"name\":\"Nordnesrepublikken\",\"url\":\"https:\/\/nordnesrepublikken.no\/\",\"logo\":{\"@type\":\"ImageObject\",\"inLanguage\":\"nb-NO\",\"@id\":\"https:\/\/nordnesrepublikken.no\/#\/schema\/logo\/image\/\",\"url\":\"https:\/\/nordnesrepublikken.no\/wp-content\/uploads\/2025\/02\/cropped-nordnesrepublikken-2.png\",\"contentUrl\":\"https:\/\/nordnesrepublikken.no\/wp-content\/uploads\/2025\/02\/cropped-nordnesrepublikken-2.png\",\"width\":1248,\"height\":362,\"caption\":\"Nordnesrepublikken\"},\"image\":{\"@id\":\"https:\/\/nordnesrepublikken.no\/#\/schema\/logo\/image\/\"}},{\"@type\":\"Person\",\"@id\":\"https:\/\/nordnesrepublikken.no\/#\/schema\/person\/2e7e81935bab77882fffb79296240ff1\",\"name\":\"Ole Andersen\",\"image\":{\"@type\":\"ImageObject\",\"inLanguage\":\"nb-NO\",\"@id\":\"https:\/\/nordnesrepublikken.no\/#\/schema\/person\/image\/\",\"url\":\"https:\/\/nordnesrepublikken.no\/wp-content\/uploads\/2025\/02\/nordnesrepublikken-2-2-150x150.jpg\",\"contentUrl\":\"https:\/\/nordnesrepublikken.no\/wp-content\/uploads\/2025\/02\/nordnesrepublikken-2-2-150x150.jpg\",\"caption\":\"Ole Andersen\"},\"description\":\"Ettersom jeg vokste opp i Oslo, har jeg alltid v\u00e6rt fascinert av ordenes kraft og deres evne til \u00e5 skape endringer. Etter \u00e5 ha fullf\u00f8rt min utdannelse i kommunikasjon ved Universitetet i Bergen, fikk jeg muligheten til \u00e5 jobbe innen ulike medier, der jeg har s\u00f8kt \u00e5 belyse viktige samfunnssp\u00f8rsm\u00e5l. I dag, som redakt\u00f8r for Nordnesrepublikken, pr\u00f8ver jeg \u00e5 forene min kj\u00e6rlighet for journalistikk med min lidenskap for innovasjon og eventyr.\",\"sameAs\":[\"https:\/\/nordnesrepublikken.no\/\"]}]}<\/script>\n<!-- \/ Yoast SEO plugin. -->","yoast_head_json":{"title":"Er Norge helliggj\u00f8rende \"gr\u00f8nnvask\" med 100% EV -policy? - Nordnesrepublikken","robots":{"index":"index","follow":"follow","max-snippet":"max-snippet:-1","max-image-preview":"max-image-preview:large","max-video-preview":"max-video-preview:-1"},"canonical":"https:\/\/nordnesrepublikken.no\/index.php\/2025\/09\/17\/er-norge-helliggjorende-gronnvask-med-100-ev-policy\/","og_locale":"nb_NO","og_type":"article","og_title":"Er Norge helliggj\u00f8rende \"gr\u00f8nnvask\" med 100% EV -policy? - Nordnesrepublikken","og_description":"Norge, verdens posterboy for milj\u00f8messig b\u00e6rekraft, sliter med et paradoks som har trukket sylskarp kritikk:","og_url":"https:\/\/nordnesrepublikken.no\/index.php\/2025\/09\/17\/er-norge-helliggjorende-gronnvask-med-100-ev-policy\/","og_site_name":"Nordnesrepublikken","article_published_time":"2025-09-17T16:49:45+00:00","article_modified_time":"2025-09-17T16:49:46+00:00","og_image":[{"width":1200,"height":800,"url":"https:\/\/nordnesrepublikken.no\/wp-content\/uploads\/2025\/09\/1758127786_Er-Norge-helliggjorende-gronnvask-med-100-EV-policy.jpg","type":"image\/jpeg"}],"author":"Ole Andersen","twitter_card":"summary_large_image","twitter_misc":{"Skrevet av":"Ole Andersen","Ansl. lesetid":"2 minutter"},"schema":{"@context":"https:\/\/schema.org","@graph":[{"@type":"Article","@id":"https:\/\/nordnesrepublikken.no\/index.php\/2025\/09\/17\/er-norge-helliggjorende-gronnvask-med-100-ev-policy\/#article","isPartOf":{"@id":"https:\/\/nordnesrepublikken.no\/index.php\/2025\/09\/17\/er-norge-helliggjorende-gronnvask-med-100-ev-policy\/"},"author":{"name":"Ole Andersen","@id":"https:\/\/nordnesrepublikken.no\/#\/schema\/person\/2e7e81935bab77882fffb79296240ff1"},"headline":"Er Norge helliggj\u00f8rende &laquo;gr\u00f8nnvask&raquo; med 100% EV -policy?","datePublished":"2025-09-17T16:49:45+00:00","dateModified":"2025-09-17T16:49:46+00:00","mainEntityOfPage":{"@id":"https:\/\/nordnesrepublikken.no\/index.php\/2025\/09\/17\/er-norge-helliggjorende-gronnvask-med-100-ev-policy\/"},"wordCount":408,"publisher":{"@id":"https:\/\/nordnesrepublikken.no\/#organization"},"image":{"@id":"https:\/\/nordnesrepublikken.no\/index.php\/2025\/09\/17\/er-norge-helliggjorende-gronnvask-med-100-ev-policy\/#primaryimage"},"thumbnailUrl":"https:\/\/nordnesrepublikken.no\/wp-content\/uploads\/2025\/09\/1758127786_Er-Norge-helliggjorende-gronnvask-med-100-EV-policy.jpg","keywords":["gr\u00f8nnvask","helliggj\u00f8rende","med","Norge","policy"],"articleSection":["Nasjonal"],"inLanguage":"nb-NO"},{"@type":"WebPage","@id":"https:\/\/nordnesrepublikken.no\/index.php\/2025\/09\/17\/er-norge-helliggjorende-gronnvask-med-100-ev-policy\/","url":"https:\/\/nordnesrepublikken.no\/index.php\/2025\/09\/17\/er-norge-helliggjorende-gronnvask-med-100-ev-policy\/","name":"Er Norge helliggj\u00f8rende \"gr\u00f8nnvask\" med 100% EV -policy? - Nordnesrepublikken","isPartOf":{"@id":"https:\/\/nordnesrepublikken.no\/#website"},"primaryImageOfPage":{"@id":"https:\/\/nordnesrepublikken.no\/index.php\/2025\/09\/17\/er-norge-helliggjorende-gronnvask-med-100-ev-policy\/#primaryimage"},"image":{"@id":"https:\/\/nordnesrepublikken.no\/index.php\/2025\/09\/17\/er-norge-helliggjorende-gronnvask-med-100-ev-policy\/#primaryimage"},"thumbnailUrl":"https:\/\/nordnesrepublikken.no\/wp-content\/uploads\/2025\/09\/1758127786_Er-Norge-helliggjorende-gronnvask-med-100-EV-policy.jpg","datePublished":"2025-09-17T16:49:45+00:00","dateModified":"2025-09-17T16:49:46+00:00","breadcrumb":{"@id":"https:\/\/nordnesrepublikken.no\/index.php\/2025\/09\/17\/er-norge-helliggjorende-gronnvask-med-100-ev-policy\/#breadcrumb"},"inLanguage":"nb-NO","potentialAction":[{"@type":"ReadAction","target":["https:\/\/nordnesrepublikken.no\/index.php\/2025\/09\/17\/er-norge-helliggjorende-gronnvask-med-100-ev-policy\/"]}]},{"@type":"ImageObject","inLanguage":"nb-NO","@id":"https:\/\/nordnesrepublikken.no\/index.php\/2025\/09\/17\/er-norge-helliggjorende-gronnvask-med-100-ev-policy\/#primaryimage","url":"https:\/\/nordnesrepublikken.no\/wp-content\/uploads\/2025\/09\/1758127786_Er-Norge-helliggjorende-gronnvask-med-100-EV-policy.jpg","contentUrl":"https:\/\/nordnesrepublikken.no\/wp-content\/uploads\/2025\/09\/1758127786_Er-Norge-helliggjorende-gronnvask-med-100-EV-policy.jpg","width":1200,"height":800,"caption":"Er Norge helliggj\u00f8rende \"gr\u00f8nnvask\" med 100% EV -policy?"},{"@type":"BreadcrumbList","@id":"https:\/\/nordnesrepublikken.no\/index.php\/2025\/09\/17\/er-norge-helliggjorende-gronnvask-med-100-ev-policy\/#breadcrumb","itemListElement":[{"@type":"ListItem","position":1,"name":"Home","item":"https:\/\/nordnesrepublikken.no\/"},{"@type":"ListItem","position":2,"name":"Er Norge helliggj\u00f8rende &laquo;gr\u00f8nnvask&raquo; med 100% EV -policy?"}]},{"@type":"WebSite","@id":"https:\/\/nordnesrepublikken.no\/#website","url":"https:\/\/nordnesrepublikken.no\/","name":"Nordnesrepublikken","description":"Stemmer og Visjoner fra Republikkens Hjerte","publisher":{"@id":"https:\/\/nordnesrepublikken.no\/#organization"},"potentialAction":[{"@type":"SearchAction","target":{"@type":"EntryPoint","urlTemplate":"https:\/\/nordnesrepublikken.no\/?s={search_term_string}"},"query-input":{"@type":"PropertyValueSpecification","valueRequired":true,"valueName":"search_term_string"}}],"inLanguage":"nb-NO"},{"@type":"Organization","@id":"https:\/\/nordnesrepublikken.no\/#organization","name":"Nordnesrepublikken","url":"https:\/\/nordnesrepublikken.no\/","logo":{"@type":"ImageObject","inLanguage":"nb-NO","@id":"https:\/\/nordnesrepublikken.no\/#\/schema\/logo\/image\/","url":"https:\/\/nordnesrepublikken.no\/wp-content\/uploads\/2025\/02\/cropped-nordnesrepublikken-2.png","contentUrl":"https:\/\/nordnesrepublikken.no\/wp-content\/uploads\/2025\/02\/cropped-nordnesrepublikken-2.png","width":1248,"height":362,"caption":"Nordnesrepublikken"},"image":{"@id":"https:\/\/nordnesrepublikken.no\/#\/schema\/logo\/image\/"}},{"@type":"Person","@id":"https:\/\/nordnesrepublikken.no\/#\/schema\/person\/2e7e81935bab77882fffb79296240ff1","name":"Ole Andersen","image":{"@type":"ImageObject","inLanguage":"nb-NO","@id":"https:\/\/nordnesrepublikken.no\/#\/schema\/person\/image\/","url":"https:\/\/nordnesrepublikken.no\/wp-content\/uploads\/2025\/02\/nordnesrepublikken-2-2-150x150.jpg","contentUrl":"https:\/\/nordnesrepublikken.no\/wp-content\/uploads\/2025\/02\/nordnesrepublikken-2-2-150x150.jpg","caption":"Ole Andersen"},"description":"Ettersom jeg vokste opp i Oslo, har jeg alltid v\u00e6rt fascinert av ordenes kraft og deres evne til \u00e5 skape endringer. Etter \u00e5 ha fullf\u00f8rt min utdannelse i kommunikasjon ved Universitetet i Bergen, fikk jeg muligheten til \u00e5 jobbe innen ulike medier, der jeg har s\u00f8kt \u00e5 belyse viktige samfunnssp\u00f8rsm\u00e5l. I dag, som redakt\u00f8r for Nordnesrepublikken, pr\u00f8ver jeg \u00e5 forene min kj\u00e6rlighet for journalistikk med min lidenskap for innovasjon og eventyr.","sameAs":["https:\/\/nordnesrepublikken.no\/"]}]}},"_links":{"self":[{"href":"https:\/\/nordnesrepublikken.no\/index.php\/wp-json\/wp\/v2\/posts\/9663","targetHints":{"allow":["GET"]}}],"collection":[{"href":"https:\/\/nordnesrepublikken.no\/index.php\/wp-json\/wp\/v2\/posts"}],"about":[{"href":"https:\/\/nordnesrepublikken.no\/index.php\/wp-json\/wp\/v2\/types\/post"}],"author":[{"embeddable":true,"href":"https:\/\/nordnesrepublikken.no\/index.php\/wp-json\/wp\/v2\/users\/1"}],"replies":[{"embeddable":true,"href":"https:\/\/nordnesrepublikken.no\/index.php\/wp-json\/wp\/v2\/comments?post=9663"}],"version-history":[{"count":1,"href":"https:\/\/nordnesrepublikken.no\/index.php\/wp-json\/wp\/v2\/posts\/9663\/revisions"}],"predecessor-version":[{"id":9665,"href":"https:\/\/nordnesrepublikken.no\/index.php\/wp-json\/wp\/v2\/posts\/9663\/revisions\/9665"}],"wp:featuredmedia":[{"embeddable":true,"href":"https:\/\/nordnesrepublikken.no\/index.php\/wp-json\/wp\/v2\/media\/9664"}],"wp:attachment":[{"href":"https:\/\/nordnesrepublikken.no\/index.php\/wp-json\/wp\/v2\/media?parent=9663"}],"wp:term":[{"taxonomy":"category","embeddable":true,"href":"https:\/\/nordnesrepublikken.no\/index.php\/wp-json\/wp\/v2\/categories?post=9663"},{"taxonomy":"post_tag","embeddable":true,"href":"https:\/\/nordnesrepublikken.no\/index.php\/wp-json\/wp\/v2\/tags?post=9663"}],"curies":[{"name":"wp","href":"https:\/\/api.w.org\/{rel}","templated":true}]}}