{"id":9657,"date":"2025-09-17T14:49:36","date_gmt":"2025-09-17T12:49:36","guid":{"rendered":"https:\/\/nordnesrepublikken.no\/index.php\/2025\/09\/17\/mulige-synker-i-autonomi-etter-apples-ios-26-oppdatering-hvorfor-og-hva-du-skal-gjore\/"},"modified":"2025-09-17T14:49:41","modified_gmt":"2025-09-17T12:49:41","slug":"mulige-synker-i-autonomi-etter-apples-ios-26-oppdatering-hvorfor-og-hva-du-skal-gjore","status":"publish","type":"post","link":"https:\/\/nordnesrepublikken.no\/index.php\/2025\/09\/17\/mulige-synker-i-autonomi-etter-apples-ios-26-oppdatering-hvorfor-og-hva-du-skal-gjore\/","title":{"rendered":"Mulige synker i autonomi etter Apples iOS 26 -oppdatering, hvorfor og hva du skal gj\u00f8re"},"content":{"rendered":"<div>\n<div class=\"cp_wrapper cp_wrapper--fw mb-30 mb-20@tablet\">\n<figure class=\"mm\"><picture class=\"img\" style=\"padding-top:56.25%\"><source  media=\"(min-width: 1024px)\"><source  media=\"(min-width: 768px)\"><\/source><\/source><\/picture><\/figure>\n<\/p><\/div>\n<p>Hvis du allerede har installert oppdateringen <strong>iOS 26<\/strong> p\u00e5 din <strong>iPhone<\/strong>har du kanskje lagt merke til det <strong>Batteriet varer mindre enn vanlig, og at enheten har en tendens til \u00e5 varme opp mer<\/strong>. Apple grep inn i saken ved \u00e5 minne brukere som umiddelbart etter en viktig oppdatering, for eksempel <strong>Overgang fra iOS 18 til iOS 26<\/strong>operativsystemet m\u00e5 utf\u00f8re en rekke bakgrunnsoperasjoner som kan <em>midlertidig<\/em> p\u00e5virke autonomi og ytelse. Disse inkluderer indeksering av data (dvs. omorganisering av informasjon for \u00e5 gj\u00f8re forskning raskere), optimaliseringen av de allerede installerte appene og nedlasting av tilleggsressurser som er n\u00f8dvendige for den nye programvaren. For ikke \u00e5 nevne at den gjennomsnittlige brukeren, etter \u00e5 ha installert en oppdatering som har viktige nyheter, har en tendens til \u00e5 gj\u00f8re en mer intens bruk av enheten, oppmuntret av nysgjerrigheten til \u00e5 oppdage og ber\u00f8re nyhetene som er tilgjengelige med selve oppdateringen.<\/p>\n<h2>Forklaringen p\u00e5 nedgangen i autonomi etter overgangen til iOS 26<\/h2>\n<p>P\u00e5 en informasjonsside publisert sist mandag p\u00e5 det offisielle nettstedet, gir selskapet regissert av Tim Cook noen forklaringer om <strong>\u00c5rsaker som er skjult bak dr\u00e5per av autonomi<\/strong> som noen brukere fant etter \u00e5 ha oppdatert til iOS 26. P\u00e5 siden i Apple States:<\/p>\n<blockquote>\n<p>Umiddelbart etter \u00e5 ha fullf\u00f8rt en oppdatering, spesielt en viktig versjon, kan du merke en midlertidig innvirkning p\u00e5 batterilevetiden og termisk ytelse. Dette er normalt, siden enheten din trenger tid til \u00e5 fullf\u00f8re bakgrunnskonfigurasjonsprosessen, inkludert indeksering av data og filfiler, laste ned nye ressurser og oppdatere apper.<\/p>\n<\/blockquote>\n<p>Alltid i den aktuelle notatet, da, legger den giganten i Cupertino til:<\/p>\n<blockquote>\n<p>De nye funksjonene er spennende og hjelper deg \u00e5 f\u00e5 enda mer fra Apple -produktet ditt, selv om noen kan kreve ekstra ressurser fra enheten. Avhengig av individuell bruk, <strong>Noen brukere kan merke en liten innvirkning p\u00e5 ytelse og\/eller batterilevetid<\/strong>. Apple jobber kontinuerlig for \u00e5 optimalisere disse funksjonene i programvareoppdateringer, for \u00e5 garantere utmerket batterilevetid og en flytende brukeropplevelse.<\/p>\n<\/blockquote>\n<p>Men hvis oppdateringen til en ny versjon av operativsystemet kan f\u00f8re til disse problemene, <strong>Imidlertid er det bedre \u00e5 oppdatere enhetene dine<\/strong>? Apple understreker at oppdateringer ikke bare gir nye funksjoner, men garanterer ogs\u00e5 <strong>Grunnleggende sikkerhetsforbedringer for \u00e5 beskytte personopplysninger<\/strong> Fra forskjellige datatrusler, for eksempel malware. Videre b\u00e6rer oppdateringene ofte <strong>Korreksjon av forskjellige feil<\/strong>det vil si at programmeringsfeil som kan for\u00e5rsake ustabilitet eller unormal systematferd. Av denne grunn anses \u00e5 opprettholde operativsystemet til dine oppdaterte enheter som en av de beste praksisene for \u00e5 opprettholde enheten effektiv og p\u00e5litelig.<\/p>\n<h2>Oppdater til iOS 26 eller til iOS 18.7?<\/h2>\n<p>For fullstendighet av informasjon, m\u00e5 det sies at for \u00e5 holde operativsystemet trygt mot mulige eksterne angrep, veldig ofte selskaper (som Apple), gir mindre oppdateringer som etterlater minimum margin f\u00f8r de f\u00f8ler seg tvunget til \u00e5 g\u00e5 videre til en <strong>Stor utgivelse<\/strong>eller til en full -fylt oppdatering. Store oppdateringer, for eksempel <strong>iOS 26.0<\/strong>frigj\u00f8res bare en gang i \u00e5ret og introduserer brede str\u00f8mningsendringer, b\u00e5de i grensesnittet og i integrerte teknologier. Mindre oppdateringer (ogs\u00e5 kalt <strong>Mindre l\u00f8slatelse<\/strong>), er identifisert med progressive tall som f\u00f8lger hovedoppdateringsnummeret (f.eks. <strong>26.1<\/strong>, <strong>26.1.1<\/strong>osv.): Disse utstedes oftere i l\u00f8pet av \u00e5ret og er ment \u00e5 &laquo;fullf\u00f8re&raquo; det forrige arbeidet: de inkluderer sikkerhetsoppdateringer, sm\u00e5 korreksjoner og, mer sjelden, nye alternativer og funksjoner som enn\u00e5 ikke er tilgjengelige for utgivelsen av den store utgivelsen.<\/p>\n<p>Siden den siste &laquo;mindre&raquo; oppdateringen av den forrige iOS -versjonen &#8211; den som er preget av antall <strong>versjon 18.7<\/strong> &#8211; Det er fremdeles gyldig, hvis du enn\u00e5 ikke har installert det, kan du losse det n\u00e5 og vente noen uker f\u00f8r du g\u00e5r videre til iOS 26. I mellomtiden kan Apple faktisk introdusere noen mindre utgivelser av sistnevnte (f.eks. <strong>iOS 26.1<\/strong>) som, som en &laquo;revidert og riktig&raquo; versjon av hovedoppdateringen (faktisk 26, kan ha en mindre viktig innvirkning p\u00e5 autonomien og ytelsen til iPhone, spesielt hvis den i din besittelse er en mindre nyere modell.<\/p>\n<\/p><\/div>\n","protected":false},"excerpt":{"rendered":"<p>Hvis du allerede har installert oppdateringen iOS 26 p\u00e5 din iPhonehar du kanskje lagt merke<\/p>\n","protected":false},"author":1,"featured_media":9658,"comment_status":"closed","ping_status":"open","sticky":false,"template":"","format":"standard","meta":{"footnotes":""},"categories":[25],"tags":[2422,670,92,713,144,101,519,253,888,741,2541],"class_list":["post-9657","post","type-post","status-publish","format-standard","has-post-thumbnail","hentry","category-teknologi","tag-apples","tag-autonomi","tag-etter","tag-gjore","tag-hva","tag-hvorfor","tag-ios","tag-mulige","tag-oppdatering","tag-skal","tag-synker","generate-columns","tablet-grid-50","mobile-grid-100","grid-parent","grid-33","resize-featured-image"],"yoast_head":"<!-- This site is optimized with the Yoast SEO plugin v24.4 - https:\/\/yoast.com\/wordpress\/plugins\/seo\/ -->\n<title>Mulige synker i autonomi etter Apples iOS 26 -oppdatering, hvorfor og hva du skal gj\u00f8re - Nordnesrepublikken<\/title>\n<meta name=\"robots\" content=\"index, follow, max-snippet:-1, max-image-preview:large, max-video-preview:-1\" \/>\n<link rel=\"canonical\" href=\"https:\/\/nordnesrepublikken.no\/index.php\/2025\/09\/17\/mulige-synker-i-autonomi-etter-apples-ios-26-oppdatering-hvorfor-og-hva-du-skal-gjore\/\" \/>\n<meta property=\"og:locale\" content=\"nb_NO\" \/>\n<meta property=\"og:type\" content=\"article\" \/>\n<meta property=\"og:title\" content=\"Mulige synker i autonomi etter Apples iOS 26 -oppdatering, hvorfor og hva du skal gj\u00f8re - Nordnesrepublikken\" \/>\n<meta property=\"og:description\" content=\"Hvis du allerede har installert oppdateringen iOS 26 p\u00e5 din iPhonehar du kanskje lagt merke\" \/>\n<meta property=\"og:url\" content=\"https:\/\/nordnesrepublikken.no\/index.php\/2025\/09\/17\/mulige-synker-i-autonomi-etter-apples-ios-26-oppdatering-hvorfor-og-hva-du-skal-gjore\/\" \/>\n<meta property=\"og:site_name\" content=\"Nordnesrepublikken\" \/>\n<meta property=\"article:published_time\" content=\"2025-09-17T12:49:36+00:00\" \/>\n<meta property=\"article:modified_time\" content=\"2025-09-17T12:49:41+00:00\" \/>\n<meta property=\"og:image\" content=\"https:\/\/nordnesrepublikken.no\/wp-content\/uploads\/2025\/09\/Mulige-synker-i-autonomi-etter-Apples-iOS-26-oppdatering-hvorfor.jpg\" \/>\n\t<meta property=\"og:image:width\" content=\"1300\" \/>\n\t<meta property=\"og:image:height\" content=\"731\" \/>\n\t<meta property=\"og:image:type\" content=\"image\/jpeg\" \/>\n<meta name=\"author\" content=\"Ole Andersen\" \/>\n<meta name=\"twitter:card\" content=\"summary_large_image\" \/>\n<meta name=\"twitter:label1\" content=\"Skrevet av\" \/>\n\t<meta name=\"twitter:data1\" content=\"Ole Andersen\" \/>\n\t<meta name=\"twitter:label2\" content=\"Ansl. lesetid\" \/>\n\t<meta name=\"twitter:data2\" content=\"3 minutter\" \/>\n<script type=\"application\/ld+json\" class=\"yoast-schema-graph\">{\"@context\":\"https:\/\/schema.org\",\"@graph\":[{\"@type\":\"Article\",\"@id\":\"https:\/\/nordnesrepublikken.no\/index.php\/2025\/09\/17\/mulige-synker-i-autonomi-etter-apples-ios-26-oppdatering-hvorfor-og-hva-du-skal-gjore\/#article\",\"isPartOf\":{\"@id\":\"https:\/\/nordnesrepublikken.no\/index.php\/2025\/09\/17\/mulige-synker-i-autonomi-etter-apples-ios-26-oppdatering-hvorfor-og-hva-du-skal-gjore\/\"},\"author\":{\"name\":\"Ole Andersen\",\"@id\":\"https:\/\/nordnesrepublikken.no\/#\/schema\/person\/2e7e81935bab77882fffb79296240ff1\"},\"headline\":\"Mulige synker i autonomi etter Apples iOS 26 -oppdatering, hvorfor og hva du skal gj\u00f8re\",\"datePublished\":\"2025-09-17T12:49:36+00:00\",\"dateModified\":\"2025-09-17T12:49:41+00:00\",\"mainEntityOfPage\":{\"@id\":\"https:\/\/nordnesrepublikken.no\/index.php\/2025\/09\/17\/mulige-synker-i-autonomi-etter-apples-ios-26-oppdatering-hvorfor-og-hva-du-skal-gjore\/\"},\"wordCount\":643,\"publisher\":{\"@id\":\"https:\/\/nordnesrepublikken.no\/#organization\"},\"image\":{\"@id\":\"https:\/\/nordnesrepublikken.no\/index.php\/2025\/09\/17\/mulige-synker-i-autonomi-etter-apples-ios-26-oppdatering-hvorfor-og-hva-du-skal-gjore\/#primaryimage\"},\"thumbnailUrl\":\"https:\/\/nordnesrepublikken.no\/wp-content\/uploads\/2025\/09\/Mulige-synker-i-autonomi-etter-Apples-iOS-26-oppdatering-hvorfor.jpg\",\"keywords\":[\"Apples\",\"autonomi\",\"Etter\",\"gj\u00f8re\",\"Hva\",\"hvorfor\",\"iOS\",\"mulige\",\"oppdatering\",\"skal\",\"synker\"],\"articleSection\":[\"Teknologi\"],\"inLanguage\":\"nb-NO\"},{\"@type\":\"WebPage\",\"@id\":\"https:\/\/nordnesrepublikken.no\/index.php\/2025\/09\/17\/mulige-synker-i-autonomi-etter-apples-ios-26-oppdatering-hvorfor-og-hva-du-skal-gjore\/\",\"url\":\"https:\/\/nordnesrepublikken.no\/index.php\/2025\/09\/17\/mulige-synker-i-autonomi-etter-apples-ios-26-oppdatering-hvorfor-og-hva-du-skal-gjore\/\",\"name\":\"Mulige synker i autonomi etter Apples iOS 26 -oppdatering, hvorfor og hva du skal gj\u00f8re - Nordnesrepublikken\",\"isPartOf\":{\"@id\":\"https:\/\/nordnesrepublikken.no\/#website\"},\"primaryImageOfPage\":{\"@id\":\"https:\/\/nordnesrepublikken.no\/index.php\/2025\/09\/17\/mulige-synker-i-autonomi-etter-apples-ios-26-oppdatering-hvorfor-og-hva-du-skal-gjore\/#primaryimage\"},\"image\":{\"@id\":\"https:\/\/nordnesrepublikken.no\/index.php\/2025\/09\/17\/mulige-synker-i-autonomi-etter-apples-ios-26-oppdatering-hvorfor-og-hva-du-skal-gjore\/#primaryimage\"},\"thumbnailUrl\":\"https:\/\/nordnesrepublikken.no\/wp-content\/uploads\/2025\/09\/Mulige-synker-i-autonomi-etter-Apples-iOS-26-oppdatering-hvorfor.jpg\",\"datePublished\":\"2025-09-17T12:49:36+00:00\",\"dateModified\":\"2025-09-17T12:49:41+00:00\",\"breadcrumb\":{\"@id\":\"https:\/\/nordnesrepublikken.no\/index.php\/2025\/09\/17\/mulige-synker-i-autonomi-etter-apples-ios-26-oppdatering-hvorfor-og-hva-du-skal-gjore\/#breadcrumb\"},\"inLanguage\":\"nb-NO\",\"potentialAction\":[{\"@type\":\"ReadAction\",\"target\":[\"https:\/\/nordnesrepublikken.no\/index.php\/2025\/09\/17\/mulige-synker-i-autonomi-etter-apples-ios-26-oppdatering-hvorfor-og-hva-du-skal-gjore\/\"]}]},{\"@type\":\"ImageObject\",\"inLanguage\":\"nb-NO\",\"@id\":\"https:\/\/nordnesrepublikken.no\/index.php\/2025\/09\/17\/mulige-synker-i-autonomi-etter-apples-ios-26-oppdatering-hvorfor-og-hva-du-skal-gjore\/#primaryimage\",\"url\":\"https:\/\/nordnesrepublikken.no\/wp-content\/uploads\/2025\/09\/Mulige-synker-i-autonomi-etter-Apples-iOS-26-oppdatering-hvorfor.jpg\",\"contentUrl\":\"https:\/\/nordnesrepublikken.no\/wp-content\/uploads\/2025\/09\/Mulige-synker-i-autonomi-etter-Apples-iOS-26-oppdatering-hvorfor.jpg\",\"width\":1300,\"height\":731,\"caption\":\"Immagine\"},{\"@type\":\"BreadcrumbList\",\"@id\":\"https:\/\/nordnesrepublikken.no\/index.php\/2025\/09\/17\/mulige-synker-i-autonomi-etter-apples-ios-26-oppdatering-hvorfor-og-hva-du-skal-gjore\/#breadcrumb\",\"itemListElement\":[{\"@type\":\"ListItem\",\"position\":1,\"name\":\"Home\",\"item\":\"https:\/\/nordnesrepublikken.no\/\"},{\"@type\":\"ListItem\",\"position\":2,\"name\":\"Mulige synker i autonomi etter Apples iOS 26 -oppdatering, hvorfor og hva du skal gj\u00f8re\"}]},{\"@type\":\"WebSite\",\"@id\":\"https:\/\/nordnesrepublikken.no\/#website\",\"url\":\"https:\/\/nordnesrepublikken.no\/\",\"name\":\"Nordnesrepublikken\",\"description\":\"Stemmer og Visjoner fra Republikkens Hjerte\",\"publisher\":{\"@id\":\"https:\/\/nordnesrepublikken.no\/#organization\"},\"potentialAction\":[{\"@type\":\"SearchAction\",\"target\":{\"@type\":\"EntryPoint\",\"urlTemplate\":\"https:\/\/nordnesrepublikken.no\/?s={search_term_string}\"},\"query-input\":{\"@type\":\"PropertyValueSpecification\",\"valueRequired\":true,\"valueName\":\"search_term_string\"}}],\"inLanguage\":\"nb-NO\"},{\"@type\":\"Organization\",\"@id\":\"https:\/\/nordnesrepublikken.no\/#organization\",\"name\":\"Nordnesrepublikken\",\"url\":\"https:\/\/nordnesrepublikken.no\/\",\"logo\":{\"@type\":\"ImageObject\",\"inLanguage\":\"nb-NO\",\"@id\":\"https:\/\/nordnesrepublikken.no\/#\/schema\/logo\/image\/\",\"url\":\"https:\/\/nordnesrepublikken.no\/wp-content\/uploads\/2025\/02\/cropped-nordnesrepublikken-2.png\",\"contentUrl\":\"https:\/\/nordnesrepublikken.no\/wp-content\/uploads\/2025\/02\/cropped-nordnesrepublikken-2.png\",\"width\":1248,\"height\":362,\"caption\":\"Nordnesrepublikken\"},\"image\":{\"@id\":\"https:\/\/nordnesrepublikken.no\/#\/schema\/logo\/image\/\"}},{\"@type\":\"Person\",\"@id\":\"https:\/\/nordnesrepublikken.no\/#\/schema\/person\/2e7e81935bab77882fffb79296240ff1\",\"name\":\"Ole Andersen\",\"image\":{\"@type\":\"ImageObject\",\"inLanguage\":\"nb-NO\",\"@id\":\"https:\/\/nordnesrepublikken.no\/#\/schema\/person\/image\/\",\"url\":\"https:\/\/nordnesrepublikken.no\/wp-content\/uploads\/2025\/02\/nordnesrepublikken-2-2-150x150.jpg\",\"contentUrl\":\"https:\/\/nordnesrepublikken.no\/wp-content\/uploads\/2025\/02\/nordnesrepublikken-2-2-150x150.jpg\",\"caption\":\"Ole Andersen\"},\"description\":\"Ettersom jeg vokste opp i Oslo, har jeg alltid v\u00e6rt fascinert av ordenes kraft og deres evne til \u00e5 skape endringer. Etter \u00e5 ha fullf\u00f8rt min utdannelse i kommunikasjon ved Universitetet i Bergen, fikk jeg muligheten til \u00e5 jobbe innen ulike medier, der jeg har s\u00f8kt \u00e5 belyse viktige samfunnssp\u00f8rsm\u00e5l. I dag, som redakt\u00f8r for Nordnesrepublikken, pr\u00f8ver jeg \u00e5 forene min kj\u00e6rlighet for journalistikk med min lidenskap for innovasjon og eventyr.\",\"sameAs\":[\"https:\/\/nordnesrepublikken.no\/\"]}]}<\/script>\n<!-- \/ Yoast SEO plugin. -->","yoast_head_json":{"title":"Mulige synker i autonomi etter Apples iOS 26 -oppdatering, hvorfor og hva du skal gj\u00f8re - Nordnesrepublikken","robots":{"index":"index","follow":"follow","max-snippet":"max-snippet:-1","max-image-preview":"max-image-preview:large","max-video-preview":"max-video-preview:-1"},"canonical":"https:\/\/nordnesrepublikken.no\/index.php\/2025\/09\/17\/mulige-synker-i-autonomi-etter-apples-ios-26-oppdatering-hvorfor-og-hva-du-skal-gjore\/","og_locale":"nb_NO","og_type":"article","og_title":"Mulige synker i autonomi etter Apples iOS 26 -oppdatering, hvorfor og hva du skal gj\u00f8re - Nordnesrepublikken","og_description":"Hvis du allerede har installert oppdateringen iOS 26 p\u00e5 din iPhonehar du kanskje lagt merke","og_url":"https:\/\/nordnesrepublikken.no\/index.php\/2025\/09\/17\/mulige-synker-i-autonomi-etter-apples-ios-26-oppdatering-hvorfor-og-hva-du-skal-gjore\/","og_site_name":"Nordnesrepublikken","article_published_time":"2025-09-17T12:49:36+00:00","article_modified_time":"2025-09-17T12:49:41+00:00","og_image":[{"width":1300,"height":731,"url":"https:\/\/nordnesrepublikken.no\/wp-content\/uploads\/2025\/09\/Mulige-synker-i-autonomi-etter-Apples-iOS-26-oppdatering-hvorfor.jpg","type":"image\/jpeg"}],"author":"Ole Andersen","twitter_card":"summary_large_image","twitter_misc":{"Skrevet av":"Ole Andersen","Ansl. lesetid":"3 minutter"},"schema":{"@context":"https:\/\/schema.org","@graph":[{"@type":"Article","@id":"https:\/\/nordnesrepublikken.no\/index.php\/2025\/09\/17\/mulige-synker-i-autonomi-etter-apples-ios-26-oppdatering-hvorfor-og-hva-du-skal-gjore\/#article","isPartOf":{"@id":"https:\/\/nordnesrepublikken.no\/index.php\/2025\/09\/17\/mulige-synker-i-autonomi-etter-apples-ios-26-oppdatering-hvorfor-og-hva-du-skal-gjore\/"},"author":{"name":"Ole Andersen","@id":"https:\/\/nordnesrepublikken.no\/#\/schema\/person\/2e7e81935bab77882fffb79296240ff1"},"headline":"Mulige synker i autonomi etter Apples iOS 26 -oppdatering, hvorfor og hva du skal gj\u00f8re","datePublished":"2025-09-17T12:49:36+00:00","dateModified":"2025-09-17T12:49:41+00:00","mainEntityOfPage":{"@id":"https:\/\/nordnesrepublikken.no\/index.php\/2025\/09\/17\/mulige-synker-i-autonomi-etter-apples-ios-26-oppdatering-hvorfor-og-hva-du-skal-gjore\/"},"wordCount":643,"publisher":{"@id":"https:\/\/nordnesrepublikken.no\/#organization"},"image":{"@id":"https:\/\/nordnesrepublikken.no\/index.php\/2025\/09\/17\/mulige-synker-i-autonomi-etter-apples-ios-26-oppdatering-hvorfor-og-hva-du-skal-gjore\/#primaryimage"},"thumbnailUrl":"https:\/\/nordnesrepublikken.no\/wp-content\/uploads\/2025\/09\/Mulige-synker-i-autonomi-etter-Apples-iOS-26-oppdatering-hvorfor.jpg","keywords":["Apples","autonomi","Etter","gj\u00f8re","Hva","hvorfor","iOS","mulige","oppdatering","skal","synker"],"articleSection":["Teknologi"],"inLanguage":"nb-NO"},{"@type":"WebPage","@id":"https:\/\/nordnesrepublikken.no\/index.php\/2025\/09\/17\/mulige-synker-i-autonomi-etter-apples-ios-26-oppdatering-hvorfor-og-hva-du-skal-gjore\/","url":"https:\/\/nordnesrepublikken.no\/index.php\/2025\/09\/17\/mulige-synker-i-autonomi-etter-apples-ios-26-oppdatering-hvorfor-og-hva-du-skal-gjore\/","name":"Mulige synker i autonomi etter Apples iOS 26 -oppdatering, hvorfor og hva du skal gj\u00f8re - Nordnesrepublikken","isPartOf":{"@id":"https:\/\/nordnesrepublikken.no\/#website"},"primaryImageOfPage":{"@id":"https:\/\/nordnesrepublikken.no\/index.php\/2025\/09\/17\/mulige-synker-i-autonomi-etter-apples-ios-26-oppdatering-hvorfor-og-hva-du-skal-gjore\/#primaryimage"},"image":{"@id":"https:\/\/nordnesrepublikken.no\/index.php\/2025\/09\/17\/mulige-synker-i-autonomi-etter-apples-ios-26-oppdatering-hvorfor-og-hva-du-skal-gjore\/#primaryimage"},"thumbnailUrl":"https:\/\/nordnesrepublikken.no\/wp-content\/uploads\/2025\/09\/Mulige-synker-i-autonomi-etter-Apples-iOS-26-oppdatering-hvorfor.jpg","datePublished":"2025-09-17T12:49:36+00:00","dateModified":"2025-09-17T12:49:41+00:00","breadcrumb":{"@id":"https:\/\/nordnesrepublikken.no\/index.php\/2025\/09\/17\/mulige-synker-i-autonomi-etter-apples-ios-26-oppdatering-hvorfor-og-hva-du-skal-gjore\/#breadcrumb"},"inLanguage":"nb-NO","potentialAction":[{"@type":"ReadAction","target":["https:\/\/nordnesrepublikken.no\/index.php\/2025\/09\/17\/mulige-synker-i-autonomi-etter-apples-ios-26-oppdatering-hvorfor-og-hva-du-skal-gjore\/"]}]},{"@type":"ImageObject","inLanguage":"nb-NO","@id":"https:\/\/nordnesrepublikken.no\/index.php\/2025\/09\/17\/mulige-synker-i-autonomi-etter-apples-ios-26-oppdatering-hvorfor-og-hva-du-skal-gjore\/#primaryimage","url":"https:\/\/nordnesrepublikken.no\/wp-content\/uploads\/2025\/09\/Mulige-synker-i-autonomi-etter-Apples-iOS-26-oppdatering-hvorfor.jpg","contentUrl":"https:\/\/nordnesrepublikken.no\/wp-content\/uploads\/2025\/09\/Mulige-synker-i-autonomi-etter-Apples-iOS-26-oppdatering-hvorfor.jpg","width":1300,"height":731,"caption":"Immagine"},{"@type":"BreadcrumbList","@id":"https:\/\/nordnesrepublikken.no\/index.php\/2025\/09\/17\/mulige-synker-i-autonomi-etter-apples-ios-26-oppdatering-hvorfor-og-hva-du-skal-gjore\/#breadcrumb","itemListElement":[{"@type":"ListItem","position":1,"name":"Home","item":"https:\/\/nordnesrepublikken.no\/"},{"@type":"ListItem","position":2,"name":"Mulige synker i autonomi etter Apples iOS 26 -oppdatering, hvorfor og hva du skal gj\u00f8re"}]},{"@type":"WebSite","@id":"https:\/\/nordnesrepublikken.no\/#website","url":"https:\/\/nordnesrepublikken.no\/","name":"Nordnesrepublikken","description":"Stemmer og Visjoner fra Republikkens Hjerte","publisher":{"@id":"https:\/\/nordnesrepublikken.no\/#organization"},"potentialAction":[{"@type":"SearchAction","target":{"@type":"EntryPoint","urlTemplate":"https:\/\/nordnesrepublikken.no\/?s={search_term_string}"},"query-input":{"@type":"PropertyValueSpecification","valueRequired":true,"valueName":"search_term_string"}}],"inLanguage":"nb-NO"},{"@type":"Organization","@id":"https:\/\/nordnesrepublikken.no\/#organization","name":"Nordnesrepublikken","url":"https:\/\/nordnesrepublikken.no\/","logo":{"@type":"ImageObject","inLanguage":"nb-NO","@id":"https:\/\/nordnesrepublikken.no\/#\/schema\/logo\/image\/","url":"https:\/\/nordnesrepublikken.no\/wp-content\/uploads\/2025\/02\/cropped-nordnesrepublikken-2.png","contentUrl":"https:\/\/nordnesrepublikken.no\/wp-content\/uploads\/2025\/02\/cropped-nordnesrepublikken-2.png","width":1248,"height":362,"caption":"Nordnesrepublikken"},"image":{"@id":"https:\/\/nordnesrepublikken.no\/#\/schema\/logo\/image\/"}},{"@type":"Person","@id":"https:\/\/nordnesrepublikken.no\/#\/schema\/person\/2e7e81935bab77882fffb79296240ff1","name":"Ole Andersen","image":{"@type":"ImageObject","inLanguage":"nb-NO","@id":"https:\/\/nordnesrepublikken.no\/#\/schema\/person\/image\/","url":"https:\/\/nordnesrepublikken.no\/wp-content\/uploads\/2025\/02\/nordnesrepublikken-2-2-150x150.jpg","contentUrl":"https:\/\/nordnesrepublikken.no\/wp-content\/uploads\/2025\/02\/nordnesrepublikken-2-2-150x150.jpg","caption":"Ole Andersen"},"description":"Ettersom jeg vokste opp i Oslo, har jeg alltid v\u00e6rt fascinert av ordenes kraft og deres evne til \u00e5 skape endringer. Etter \u00e5 ha fullf\u00f8rt min utdannelse i kommunikasjon ved Universitetet i Bergen, fikk jeg muligheten til \u00e5 jobbe innen ulike medier, der jeg har s\u00f8kt \u00e5 belyse viktige samfunnssp\u00f8rsm\u00e5l. I dag, som redakt\u00f8r for Nordnesrepublikken, pr\u00f8ver jeg \u00e5 forene min kj\u00e6rlighet for journalistikk med min lidenskap for innovasjon og eventyr.","sameAs":["https:\/\/nordnesrepublikken.no\/"]}]}},"_links":{"self":[{"href":"https:\/\/nordnesrepublikken.no\/index.php\/wp-json\/wp\/v2\/posts\/9657","targetHints":{"allow":["GET"]}}],"collection":[{"href":"https:\/\/nordnesrepublikken.no\/index.php\/wp-json\/wp\/v2\/posts"}],"about":[{"href":"https:\/\/nordnesrepublikken.no\/index.php\/wp-json\/wp\/v2\/types\/post"}],"author":[{"embeddable":true,"href":"https:\/\/nordnesrepublikken.no\/index.php\/wp-json\/wp\/v2\/users\/1"}],"replies":[{"embeddable":true,"href":"https:\/\/nordnesrepublikken.no\/index.php\/wp-json\/wp\/v2\/comments?post=9657"}],"version-history":[{"count":1,"href":"https:\/\/nordnesrepublikken.no\/index.php\/wp-json\/wp\/v2\/posts\/9657\/revisions"}],"predecessor-version":[{"id":9659,"href":"https:\/\/nordnesrepublikken.no\/index.php\/wp-json\/wp\/v2\/posts\/9657\/revisions\/9659"}],"wp:featuredmedia":[{"embeddable":true,"href":"https:\/\/nordnesrepublikken.no\/index.php\/wp-json\/wp\/v2\/media\/9658"}],"wp:attachment":[{"href":"https:\/\/nordnesrepublikken.no\/index.php\/wp-json\/wp\/v2\/media?parent=9657"}],"wp:term":[{"taxonomy":"category","embeddable":true,"href":"https:\/\/nordnesrepublikken.no\/index.php\/wp-json\/wp\/v2\/categories?post=9657"},{"taxonomy":"post_tag","embeddable":true,"href":"https:\/\/nordnesrepublikken.no\/index.php\/wp-json\/wp\/v2\/tags?post=9657"}],"curies":[{"name":"wp","href":"https:\/\/api.w.org\/{rel}","templated":true}]}}