{"id":9624,"date":"2025-09-16T16:49:57","date_gmt":"2025-09-16T14:49:57","guid":{"rendered":"https:\/\/nordnesrepublikken.no\/index.php\/2025\/09\/16\/fordi-den-lilla-fargen-sies-a-bringe-uflaks-til-teatret\/"},"modified":"2025-09-16T16:49:59","modified_gmt":"2025-09-16T14:49:59","slug":"fordi-den-lilla-fargen-sies-a-bringe-uflaks-til-teatret","status":"publish","type":"post","link":"https:\/\/nordnesrepublikken.no\/index.php\/2025\/09\/16\/fordi-den-lilla-fargen-sies-a-bringe-uflaks-til-teatret\/","title":{"rendered":"Fordi den lilla fargen sies \u00e5 bringe uflaks til teatret"},"content":{"rendered":"<div>\n<div class=\"cp_wrapper cp_wrapper--fw mb-30 mb-20@tablet\">\n<figure class=\"mm\"><picture class=\"img\" style=\"padding-top:56.25%\"><source  media=\"(min-width: 1024px)\"><source  media=\"(min-width: 768px)\"><\/source><\/source><\/picture><\/figure>\n<\/p><\/div>\n<p>Overtro vil ha <b>lilla farge<\/b>i teatret, slitt eller til stede i gjenstander og elementer i scenen, <b>Jeg bringer uflaks til showet og skuespillerne<\/b>. Det er en tro som har sine r\u00f8tter i middelalderen, n\u00e5r <strong>L\u00e5nt ut<\/strong> &#8211; Liturgisk periode preget av denne fargen &#8211; falt sammen med suspensjonen av show og mangelen p\u00e5 arbeid for kunstnerne. Videre, i nyere tid, i <b>1600 -tallet<\/b>produksjonen av lilla stoffer var mye <b>dyr<\/b>: Derfor ble denne fargen i teatret bare brukt i de mest relevante og absolutt vellykkede verkene, for hvis representasjonen hadde v\u00e6rt en kolbe, ville de lilla kl\u00e6rne v\u00e6rt en <b>avfall av penger<\/b>.<\/p>\n<h2>Den lilla fargen er assosiert med fasten, n\u00e5r kunstnerne ikke fungerte<\/h2>\n<p>I den kristne tradisjonen, jeg <b>F\u00f8rti dager <\/b>foreg\u00e5ende p\u00e5ske er de en periode p\u00e5 <b>avst\u00e5else, offer og faste<\/b>for \u00e5 v\u00e6re mer &laquo;ren&raquo; n\u00e5r Kristus reiser seg. Hvis disse begrepene i dag blir observert p\u00e5 en mer symbolsk og \u00e5ndelig m\u00e5te, i eldgamle tider var utl\u00e5nt en periode der<b> Feiringer og \u00f8yeblikk av fellesskap og glede <\/b>de var <b>forbudt<\/b>: Blant disse var de <b>suspendert<\/b> Ogs\u00e5 <b>teaterforestillinger<\/b>spesielt de i offentlig form. I middelalderen jobbet ikke skuespillere, musikere, akrobater, jesters, dansere p\u00e5 f\u00f8rti dager: i en sektor som teatret, der selskapene tjente p\u00e5 grunnlag av stillingene som ble gitt, mente det <b>bokstavelig talt sult<\/b>.<\/p>\n<p>Forbindelsen med den lilla fargen ble f\u00f8dt fordi de i visse liturgiske perioder, n\u00e5r prestene feirer messe, har de p\u00e5 seg <b>Lilla vester<\/b>: Dette skjer i perioden med fasten, advent og under begravelsen, nettopp fordi det er en farge er sterkt assosiert med begrepene til <strong>venter, bot og spiritualitet<\/strong>som i kristen religion finner oppfyllelse nettopp i disse spesifikke liturgiske \u00f8yeblikkene.<\/p>\n<h2>Purple stoffer p\u00e5 1700 -tallet: En veldig kostbar investering p\u00e5 teaterstadier<\/h2>\n<p>I<b> 1600 -tallet<\/b>spesielt i franske teatre, jeg <b>Viola -fargestoffer <\/b>og av tilkoblede nyanser, inkludert lilla, var <b>veldig dyrt<\/b>fordi det var n\u00f8dvendig med en lang, raffinert og arbeidskrevende prosess for \u00e5 lage dem. Fargeleggingen, faktisk allerede kjent i eldgamle tider, og brukt av folk som romere og f\u00f8nikere, ble trukket ut fra noen arter av <b>Marine bl\u00f8tdyr <\/b>&#8211; inkludert Muice &#8211; som utskiller et stoff som gjennom oksidasjonsprosessen tar p\u00e5 seg den lilla fargen. Den lange prosessen for \u00e5 oppn\u00e5 sm\u00e5 mengder pigment laget <b>stige fargene p\u00e5 stoffet<\/b>: Ikke overraskende ble lilla brukt p\u00e5 veldig dyrebare gjenstander og stoffer, inkludert kronene til de kongelige. \u00c5 lage lilla kl\u00e6r til et teatralsk show innebar \u00e5 investere enormt p\u00e5 suksessen med representasjonen fordi, hvis det ikke hadde gitt h\u00e5pet for inntekt, det<b> avfall av penger <\/b>Det hadde v\u00e6rt enormt.<\/p>\n<p>S\u00e5 da Viola igjen<b> Det er ikke godt sett p\u00e5 scenen<\/b>og fortsetter \u00e5 bringe bak sin aura av uflaks og vanskeligheter, en arv som i dag forblir som fargerik overtro, gradvis losset av tidenes utvikling. I dag dukker det opp lilla p\u00e5 scenen s\u00e5 vel som i kjente seremonier, n\u00e5r den r\u00f8de l\u00f8peren er tr\u00e5kket, selv om det, som mange andre overtro og overtroiske ritualer, forblir en del av v\u00e5r kultur.<\/p>\n<\/p><\/div>\n","protected":false},"excerpt":{"rendered":"<p>Overtro vil ha lilla fargei teatret, slitt eller til stede i gjenstander og elementer i<\/p>\n","protected":false},"author":1,"featured_media":9625,"comment_status":"closed","ping_status":"open","sticky":false,"template":"","format":"standard","meta":{"footnotes":""},"categories":[104],"tags":[4685,74,1563,83,6292,4636,6294,117,6293],"class_list":["post-9624","post","type-post","status-publish","format-standard","has-post-thumbnail","hentry","category-samfunn","tag-bringe","tag-den","tag-fargen","tag-fordi","tag-lilla","tag-sies","tag-teatret","tag-til","tag-uflaks","generate-columns","tablet-grid-50","mobile-grid-100","grid-parent","grid-33","resize-featured-image"],"yoast_head":"<!-- This site is optimized with the Yoast SEO plugin v24.4 - https:\/\/yoast.com\/wordpress\/plugins\/seo\/ -->\n<title>Fordi den lilla fargen sies \u00e5 bringe uflaks til teatret - Nordnesrepublikken<\/title>\n<meta name=\"robots\" content=\"index, follow, max-snippet:-1, max-image-preview:large, max-video-preview:-1\" \/>\n<link rel=\"canonical\" href=\"https:\/\/nordnesrepublikken.no\/index.php\/2025\/09\/16\/fordi-den-lilla-fargen-sies-a-bringe-uflaks-til-teatret\/\" \/>\n<meta property=\"og:locale\" content=\"nb_NO\" \/>\n<meta property=\"og:type\" content=\"article\" \/>\n<meta property=\"og:title\" content=\"Fordi den lilla fargen sies \u00e5 bringe uflaks til teatret - Nordnesrepublikken\" \/>\n<meta property=\"og:description\" content=\"Overtro vil ha lilla fargei teatret, slitt eller til stede i gjenstander og elementer i\" \/>\n<meta property=\"og:url\" content=\"https:\/\/nordnesrepublikken.no\/index.php\/2025\/09\/16\/fordi-den-lilla-fargen-sies-a-bringe-uflaks-til-teatret\/\" \/>\n<meta property=\"og:site_name\" content=\"Nordnesrepublikken\" \/>\n<meta property=\"article:published_time\" content=\"2025-09-16T14:49:57+00:00\" \/>\n<meta property=\"article:modified_time\" content=\"2025-09-16T14:49:59+00:00\" \/>\n<meta property=\"og:image\" content=\"https:\/\/nordnesrepublikken.no\/wp-content\/uploads\/2025\/09\/1758034198_Fordi-den-lilla-fargen-sies-a-bringe-uflaks-til-teatret.jpg\" \/>\n\t<meta property=\"og:image:width\" content=\"724\" \/>\n\t<meta property=\"og:image:height\" content=\"483\" \/>\n\t<meta property=\"og:image:type\" content=\"image\/jpeg\" \/>\n<meta name=\"author\" content=\"Ole Andersen\" \/>\n<meta name=\"twitter:card\" content=\"summary_large_image\" \/>\n<meta name=\"twitter:label1\" content=\"Skrevet av\" \/>\n\t<meta name=\"twitter:data1\" content=\"Ole Andersen\" \/>\n\t<meta name=\"twitter:label2\" content=\"Ansl. lesetid\" \/>\n\t<meta name=\"twitter:data2\" content=\"3 minutter\" \/>\n<script type=\"application\/ld+json\" class=\"yoast-schema-graph\">{\"@context\":\"https:\/\/schema.org\",\"@graph\":[{\"@type\":\"Article\",\"@id\":\"https:\/\/nordnesrepublikken.no\/index.php\/2025\/09\/16\/fordi-den-lilla-fargen-sies-a-bringe-uflaks-til-teatret\/#article\",\"isPartOf\":{\"@id\":\"https:\/\/nordnesrepublikken.no\/index.php\/2025\/09\/16\/fordi-den-lilla-fargen-sies-a-bringe-uflaks-til-teatret\/\"},\"author\":{\"name\":\"Ole Andersen\",\"@id\":\"https:\/\/nordnesrepublikken.no\/#\/schema\/person\/2e7e81935bab77882fffb79296240ff1\"},\"headline\":\"Fordi den lilla fargen sies \u00e5 bringe uflaks til teatret\",\"datePublished\":\"2025-09-16T14:49:57+00:00\",\"dateModified\":\"2025-09-16T14:49:59+00:00\",\"mainEntityOfPage\":{\"@id\":\"https:\/\/nordnesrepublikken.no\/index.php\/2025\/09\/16\/fordi-den-lilla-fargen-sies-a-bringe-uflaks-til-teatret\/\"},\"wordCount\":520,\"publisher\":{\"@id\":\"https:\/\/nordnesrepublikken.no\/#organization\"},\"image\":{\"@id\":\"https:\/\/nordnesrepublikken.no\/index.php\/2025\/09\/16\/fordi-den-lilla-fargen-sies-a-bringe-uflaks-til-teatret\/#primaryimage\"},\"thumbnailUrl\":\"https:\/\/nordnesrepublikken.no\/wp-content\/uploads\/2025\/09\/1758034198_Fordi-den-lilla-fargen-sies-a-bringe-uflaks-til-teatret.jpg\",\"keywords\":[\"bringe\",\"den\",\"fargen\",\"Fordi\",\"lilla\",\"sies\",\"teatret\",\"til\",\"uflaks\"],\"articleSection\":[\"Samfunn\"],\"inLanguage\":\"nb-NO\"},{\"@type\":\"WebPage\",\"@id\":\"https:\/\/nordnesrepublikken.no\/index.php\/2025\/09\/16\/fordi-den-lilla-fargen-sies-a-bringe-uflaks-til-teatret\/\",\"url\":\"https:\/\/nordnesrepublikken.no\/index.php\/2025\/09\/16\/fordi-den-lilla-fargen-sies-a-bringe-uflaks-til-teatret\/\",\"name\":\"Fordi den lilla fargen sies \u00e5 bringe uflaks til teatret - Nordnesrepublikken\",\"isPartOf\":{\"@id\":\"https:\/\/nordnesrepublikken.no\/#website\"},\"primaryImageOfPage\":{\"@id\":\"https:\/\/nordnesrepublikken.no\/index.php\/2025\/09\/16\/fordi-den-lilla-fargen-sies-a-bringe-uflaks-til-teatret\/#primaryimage\"},\"image\":{\"@id\":\"https:\/\/nordnesrepublikken.no\/index.php\/2025\/09\/16\/fordi-den-lilla-fargen-sies-a-bringe-uflaks-til-teatret\/#primaryimage\"},\"thumbnailUrl\":\"https:\/\/nordnesrepublikken.no\/wp-content\/uploads\/2025\/09\/1758034198_Fordi-den-lilla-fargen-sies-a-bringe-uflaks-til-teatret.jpg\",\"datePublished\":\"2025-09-16T14:49:57+00:00\",\"dateModified\":\"2025-09-16T14:49:59+00:00\",\"breadcrumb\":{\"@id\":\"https:\/\/nordnesrepublikken.no\/index.php\/2025\/09\/16\/fordi-den-lilla-fargen-sies-a-bringe-uflaks-til-teatret\/#breadcrumb\"},\"inLanguage\":\"nb-NO\",\"potentialAction\":[{\"@type\":\"ReadAction\",\"target\":[\"https:\/\/nordnesrepublikken.no\/index.php\/2025\/09\/16\/fordi-den-lilla-fargen-sies-a-bringe-uflaks-til-teatret\/\"]}]},{\"@type\":\"ImageObject\",\"inLanguage\":\"nb-NO\",\"@id\":\"https:\/\/nordnesrepublikken.no\/index.php\/2025\/09\/16\/fordi-den-lilla-fargen-sies-a-bringe-uflaks-til-teatret\/#primaryimage\",\"url\":\"https:\/\/nordnesrepublikken.no\/wp-content\/uploads\/2025\/09\/1758034198_Fordi-den-lilla-fargen-sies-a-bringe-uflaks-til-teatret.jpg\",\"contentUrl\":\"https:\/\/nordnesrepublikken.no\/wp-content\/uploads\/2025\/09\/1758034198_Fordi-den-lilla-fargen-sies-a-bringe-uflaks-til-teatret.jpg\",\"width\":724,\"height\":483,\"caption\":\"Immagine\"},{\"@type\":\"BreadcrumbList\",\"@id\":\"https:\/\/nordnesrepublikken.no\/index.php\/2025\/09\/16\/fordi-den-lilla-fargen-sies-a-bringe-uflaks-til-teatret\/#breadcrumb\",\"itemListElement\":[{\"@type\":\"ListItem\",\"position\":1,\"name\":\"Home\",\"item\":\"https:\/\/nordnesrepublikken.no\/\"},{\"@type\":\"ListItem\",\"position\":2,\"name\":\"Fordi den lilla fargen sies \u00e5 bringe uflaks til teatret\"}]},{\"@type\":\"WebSite\",\"@id\":\"https:\/\/nordnesrepublikken.no\/#website\",\"url\":\"https:\/\/nordnesrepublikken.no\/\",\"name\":\"Nordnesrepublikken\",\"description\":\"Stemmer og Visjoner fra Republikkens Hjerte\",\"publisher\":{\"@id\":\"https:\/\/nordnesrepublikken.no\/#organization\"},\"potentialAction\":[{\"@type\":\"SearchAction\",\"target\":{\"@type\":\"EntryPoint\",\"urlTemplate\":\"https:\/\/nordnesrepublikken.no\/?s={search_term_string}\"},\"query-input\":{\"@type\":\"PropertyValueSpecification\",\"valueRequired\":true,\"valueName\":\"search_term_string\"}}],\"inLanguage\":\"nb-NO\"},{\"@type\":\"Organization\",\"@id\":\"https:\/\/nordnesrepublikken.no\/#organization\",\"name\":\"Nordnesrepublikken\",\"url\":\"https:\/\/nordnesrepublikken.no\/\",\"logo\":{\"@type\":\"ImageObject\",\"inLanguage\":\"nb-NO\",\"@id\":\"https:\/\/nordnesrepublikken.no\/#\/schema\/logo\/image\/\",\"url\":\"https:\/\/nordnesrepublikken.no\/wp-content\/uploads\/2025\/02\/cropped-nordnesrepublikken-2.png\",\"contentUrl\":\"https:\/\/nordnesrepublikken.no\/wp-content\/uploads\/2025\/02\/cropped-nordnesrepublikken-2.png\",\"width\":1248,\"height\":362,\"caption\":\"Nordnesrepublikken\"},\"image\":{\"@id\":\"https:\/\/nordnesrepublikken.no\/#\/schema\/logo\/image\/\"}},{\"@type\":\"Person\",\"@id\":\"https:\/\/nordnesrepublikken.no\/#\/schema\/person\/2e7e81935bab77882fffb79296240ff1\",\"name\":\"Ole Andersen\",\"image\":{\"@type\":\"ImageObject\",\"inLanguage\":\"nb-NO\",\"@id\":\"https:\/\/nordnesrepublikken.no\/#\/schema\/person\/image\/\",\"url\":\"https:\/\/nordnesrepublikken.no\/wp-content\/uploads\/2025\/02\/nordnesrepublikken-2-2-150x150.jpg\",\"contentUrl\":\"https:\/\/nordnesrepublikken.no\/wp-content\/uploads\/2025\/02\/nordnesrepublikken-2-2-150x150.jpg\",\"caption\":\"Ole Andersen\"},\"description\":\"Ettersom jeg vokste opp i Oslo, har jeg alltid v\u00e6rt fascinert av ordenes kraft og deres evne til \u00e5 skape endringer. Etter \u00e5 ha fullf\u00f8rt min utdannelse i kommunikasjon ved Universitetet i Bergen, fikk jeg muligheten til \u00e5 jobbe innen ulike medier, der jeg har s\u00f8kt \u00e5 belyse viktige samfunnssp\u00f8rsm\u00e5l. I dag, som redakt\u00f8r for Nordnesrepublikken, pr\u00f8ver jeg \u00e5 forene min kj\u00e6rlighet for journalistikk med min lidenskap for innovasjon og eventyr.\",\"sameAs\":[\"https:\/\/nordnesrepublikken.no\/\"]}]}<\/script>\n<!-- \/ Yoast SEO plugin. -->","yoast_head_json":{"title":"Fordi den lilla fargen sies \u00e5 bringe uflaks til teatret - Nordnesrepublikken","robots":{"index":"index","follow":"follow","max-snippet":"max-snippet:-1","max-image-preview":"max-image-preview:large","max-video-preview":"max-video-preview:-1"},"canonical":"https:\/\/nordnesrepublikken.no\/index.php\/2025\/09\/16\/fordi-den-lilla-fargen-sies-a-bringe-uflaks-til-teatret\/","og_locale":"nb_NO","og_type":"article","og_title":"Fordi den lilla fargen sies \u00e5 bringe uflaks til teatret - Nordnesrepublikken","og_description":"Overtro vil ha lilla fargei teatret, slitt eller til stede i gjenstander og elementer i","og_url":"https:\/\/nordnesrepublikken.no\/index.php\/2025\/09\/16\/fordi-den-lilla-fargen-sies-a-bringe-uflaks-til-teatret\/","og_site_name":"Nordnesrepublikken","article_published_time":"2025-09-16T14:49:57+00:00","article_modified_time":"2025-09-16T14:49:59+00:00","og_image":[{"width":724,"height":483,"url":"https:\/\/nordnesrepublikken.no\/wp-content\/uploads\/2025\/09\/1758034198_Fordi-den-lilla-fargen-sies-a-bringe-uflaks-til-teatret.jpg","type":"image\/jpeg"}],"author":"Ole Andersen","twitter_card":"summary_large_image","twitter_misc":{"Skrevet av":"Ole Andersen","Ansl. lesetid":"3 minutter"},"schema":{"@context":"https:\/\/schema.org","@graph":[{"@type":"Article","@id":"https:\/\/nordnesrepublikken.no\/index.php\/2025\/09\/16\/fordi-den-lilla-fargen-sies-a-bringe-uflaks-til-teatret\/#article","isPartOf":{"@id":"https:\/\/nordnesrepublikken.no\/index.php\/2025\/09\/16\/fordi-den-lilla-fargen-sies-a-bringe-uflaks-til-teatret\/"},"author":{"name":"Ole Andersen","@id":"https:\/\/nordnesrepublikken.no\/#\/schema\/person\/2e7e81935bab77882fffb79296240ff1"},"headline":"Fordi den lilla fargen sies \u00e5 bringe uflaks til teatret","datePublished":"2025-09-16T14:49:57+00:00","dateModified":"2025-09-16T14:49:59+00:00","mainEntityOfPage":{"@id":"https:\/\/nordnesrepublikken.no\/index.php\/2025\/09\/16\/fordi-den-lilla-fargen-sies-a-bringe-uflaks-til-teatret\/"},"wordCount":520,"publisher":{"@id":"https:\/\/nordnesrepublikken.no\/#organization"},"image":{"@id":"https:\/\/nordnesrepublikken.no\/index.php\/2025\/09\/16\/fordi-den-lilla-fargen-sies-a-bringe-uflaks-til-teatret\/#primaryimage"},"thumbnailUrl":"https:\/\/nordnesrepublikken.no\/wp-content\/uploads\/2025\/09\/1758034198_Fordi-den-lilla-fargen-sies-a-bringe-uflaks-til-teatret.jpg","keywords":["bringe","den","fargen","Fordi","lilla","sies","teatret","til","uflaks"],"articleSection":["Samfunn"],"inLanguage":"nb-NO"},{"@type":"WebPage","@id":"https:\/\/nordnesrepublikken.no\/index.php\/2025\/09\/16\/fordi-den-lilla-fargen-sies-a-bringe-uflaks-til-teatret\/","url":"https:\/\/nordnesrepublikken.no\/index.php\/2025\/09\/16\/fordi-den-lilla-fargen-sies-a-bringe-uflaks-til-teatret\/","name":"Fordi den lilla fargen sies \u00e5 bringe uflaks til teatret - Nordnesrepublikken","isPartOf":{"@id":"https:\/\/nordnesrepublikken.no\/#website"},"primaryImageOfPage":{"@id":"https:\/\/nordnesrepublikken.no\/index.php\/2025\/09\/16\/fordi-den-lilla-fargen-sies-a-bringe-uflaks-til-teatret\/#primaryimage"},"image":{"@id":"https:\/\/nordnesrepublikken.no\/index.php\/2025\/09\/16\/fordi-den-lilla-fargen-sies-a-bringe-uflaks-til-teatret\/#primaryimage"},"thumbnailUrl":"https:\/\/nordnesrepublikken.no\/wp-content\/uploads\/2025\/09\/1758034198_Fordi-den-lilla-fargen-sies-a-bringe-uflaks-til-teatret.jpg","datePublished":"2025-09-16T14:49:57+00:00","dateModified":"2025-09-16T14:49:59+00:00","breadcrumb":{"@id":"https:\/\/nordnesrepublikken.no\/index.php\/2025\/09\/16\/fordi-den-lilla-fargen-sies-a-bringe-uflaks-til-teatret\/#breadcrumb"},"inLanguage":"nb-NO","potentialAction":[{"@type":"ReadAction","target":["https:\/\/nordnesrepublikken.no\/index.php\/2025\/09\/16\/fordi-den-lilla-fargen-sies-a-bringe-uflaks-til-teatret\/"]}]},{"@type":"ImageObject","inLanguage":"nb-NO","@id":"https:\/\/nordnesrepublikken.no\/index.php\/2025\/09\/16\/fordi-den-lilla-fargen-sies-a-bringe-uflaks-til-teatret\/#primaryimage","url":"https:\/\/nordnesrepublikken.no\/wp-content\/uploads\/2025\/09\/1758034198_Fordi-den-lilla-fargen-sies-a-bringe-uflaks-til-teatret.jpg","contentUrl":"https:\/\/nordnesrepublikken.no\/wp-content\/uploads\/2025\/09\/1758034198_Fordi-den-lilla-fargen-sies-a-bringe-uflaks-til-teatret.jpg","width":724,"height":483,"caption":"Immagine"},{"@type":"BreadcrumbList","@id":"https:\/\/nordnesrepublikken.no\/index.php\/2025\/09\/16\/fordi-den-lilla-fargen-sies-a-bringe-uflaks-til-teatret\/#breadcrumb","itemListElement":[{"@type":"ListItem","position":1,"name":"Home","item":"https:\/\/nordnesrepublikken.no\/"},{"@type":"ListItem","position":2,"name":"Fordi den lilla fargen sies \u00e5 bringe uflaks til teatret"}]},{"@type":"WebSite","@id":"https:\/\/nordnesrepublikken.no\/#website","url":"https:\/\/nordnesrepublikken.no\/","name":"Nordnesrepublikken","description":"Stemmer og Visjoner fra Republikkens Hjerte","publisher":{"@id":"https:\/\/nordnesrepublikken.no\/#organization"},"potentialAction":[{"@type":"SearchAction","target":{"@type":"EntryPoint","urlTemplate":"https:\/\/nordnesrepublikken.no\/?s={search_term_string}"},"query-input":{"@type":"PropertyValueSpecification","valueRequired":true,"valueName":"search_term_string"}}],"inLanguage":"nb-NO"},{"@type":"Organization","@id":"https:\/\/nordnesrepublikken.no\/#organization","name":"Nordnesrepublikken","url":"https:\/\/nordnesrepublikken.no\/","logo":{"@type":"ImageObject","inLanguage":"nb-NO","@id":"https:\/\/nordnesrepublikken.no\/#\/schema\/logo\/image\/","url":"https:\/\/nordnesrepublikken.no\/wp-content\/uploads\/2025\/02\/cropped-nordnesrepublikken-2.png","contentUrl":"https:\/\/nordnesrepublikken.no\/wp-content\/uploads\/2025\/02\/cropped-nordnesrepublikken-2.png","width":1248,"height":362,"caption":"Nordnesrepublikken"},"image":{"@id":"https:\/\/nordnesrepublikken.no\/#\/schema\/logo\/image\/"}},{"@type":"Person","@id":"https:\/\/nordnesrepublikken.no\/#\/schema\/person\/2e7e81935bab77882fffb79296240ff1","name":"Ole Andersen","image":{"@type":"ImageObject","inLanguage":"nb-NO","@id":"https:\/\/nordnesrepublikken.no\/#\/schema\/person\/image\/","url":"https:\/\/nordnesrepublikken.no\/wp-content\/uploads\/2025\/02\/nordnesrepublikken-2-2-150x150.jpg","contentUrl":"https:\/\/nordnesrepublikken.no\/wp-content\/uploads\/2025\/02\/nordnesrepublikken-2-2-150x150.jpg","caption":"Ole Andersen"},"description":"Ettersom jeg vokste opp i Oslo, har jeg alltid v\u00e6rt fascinert av ordenes kraft og deres evne til \u00e5 skape endringer. Etter \u00e5 ha fullf\u00f8rt min utdannelse i kommunikasjon ved Universitetet i Bergen, fikk jeg muligheten til \u00e5 jobbe innen ulike medier, der jeg har s\u00f8kt \u00e5 belyse viktige samfunnssp\u00f8rsm\u00e5l. I dag, som redakt\u00f8r for Nordnesrepublikken, pr\u00f8ver jeg \u00e5 forene min kj\u00e6rlighet for journalistikk med min lidenskap for innovasjon og eventyr.","sameAs":["https:\/\/nordnesrepublikken.no\/"]}]}},"_links":{"self":[{"href":"https:\/\/nordnesrepublikken.no\/index.php\/wp-json\/wp\/v2\/posts\/9624","targetHints":{"allow":["GET"]}}],"collection":[{"href":"https:\/\/nordnesrepublikken.no\/index.php\/wp-json\/wp\/v2\/posts"}],"about":[{"href":"https:\/\/nordnesrepublikken.no\/index.php\/wp-json\/wp\/v2\/types\/post"}],"author":[{"embeddable":true,"href":"https:\/\/nordnesrepublikken.no\/index.php\/wp-json\/wp\/v2\/users\/1"}],"replies":[{"embeddable":true,"href":"https:\/\/nordnesrepublikken.no\/index.php\/wp-json\/wp\/v2\/comments?post=9624"}],"version-history":[{"count":1,"href":"https:\/\/nordnesrepublikken.no\/index.php\/wp-json\/wp\/v2\/posts\/9624\/revisions"}],"predecessor-version":[{"id":9626,"href":"https:\/\/nordnesrepublikken.no\/index.php\/wp-json\/wp\/v2\/posts\/9624\/revisions\/9626"}],"wp:featuredmedia":[{"embeddable":true,"href":"https:\/\/nordnesrepublikken.no\/index.php\/wp-json\/wp\/v2\/media\/9625"}],"wp:attachment":[{"href":"https:\/\/nordnesrepublikken.no\/index.php\/wp-json\/wp\/v2\/media?parent=9624"}],"wp:term":[{"taxonomy":"category","embeddable":true,"href":"https:\/\/nordnesrepublikken.no\/index.php\/wp-json\/wp\/v2\/categories?post=9624"},{"taxonomy":"post_tag","embeddable":true,"href":"https:\/\/nordnesrepublikken.no\/index.php\/wp-json\/wp\/v2\/tags?post=9624"}],"curies":[{"name":"wp","href":"https:\/\/api.w.org\/{rel}","templated":true}]}}