{"id":9615,"date":"2025-09-16T10:50:09","date_gmt":"2025-09-16T08:50:09","guid":{"rendered":"https:\/\/nordnesrepublikken.no\/index.php\/2025\/09\/16\/hva-er-chatkontroll-det-europeiske-forslaget-som-onsker-a-kontrollere-samtalene-vare-og-hvordan-det-vil-pavirke-personvernet\/"},"modified":"2025-09-16T10:50:16","modified_gmt":"2025-09-16T08:50:16","slug":"hva-er-chatkontroll-det-europeiske-forslaget-som-onsker-a-kontrollere-samtalene-vare-og-hvordan-det-vil-pavirke-personvernet","status":"publish","type":"post","link":"https:\/\/nordnesrepublikken.no\/index.php\/2025\/09\/16\/hva-er-chatkontroll-det-europeiske-forslaget-som-onsker-a-kontrollere-samtalene-vare-og-hvordan-det-vil-pavirke-personvernet\/","title":{"rendered":"Hva er chatkontroll, det europeiske forslaget som \u00f8nsker \u00e5 kontrollere samtalene v\u00e5re og hvordan det vil p\u00e5virke personvernet"},"content":{"rendered":"<div>\n<div class=\"cp_wrapper cp_wrapper--fw mb-30 mb-20@tablet\">\n<figure class=\"mm\"><picture class=\"img\" style=\"padding-top:56.25%\"><source  media=\"(min-width: 1024px)\"><source  media=\"(min-width: 768px)\"><\/source><\/source><\/picture><\/figure>\n<\/p><\/div>\n<p>Medlemslandene i<strong>EU<\/strong> De <strong>14. oktober<\/strong> Neste vil bli kalt for \u00e5 formelt uttrykke sin stilling til et forslag om regulering som radikalt kan endre m\u00e5ten vi kommuniserer p\u00e5 nettet. Det er den s\u00e5 -kalt <strong>Chatkontroll<\/strong>Forordningen for \u00e5 forhindre og bekjempe seksuelle overgrep mot mindre\u00e5rige, hvis offisielle navn er vedlagt av forkortelsen <strong>CSAR<\/strong> (<em>Regulering av seksuelle overgrep mot barn<\/em>). Ideen bak forskriften er s\u00e5 enkel som kontroversiell: \u00e5 tvinge meldings- og e -postplattformene a <strong>Skanne hver melding, bilde eller video, f\u00f8r den sendes og krypterte<\/strong>for \u00e5 sjekke om den inneholder barnepornografi eller tilpasningsfors\u00f8k adressert til mindre\u00e5rige. Det erkl\u00e6rte form\u00e5let er \u00e5 beskytte mindre\u00e5rige mot sv\u00e6rt alvorlige overgrep, men metoden som foresl\u00e5s \u00e5pner en opphetet diskusjon om fremtiden for digitalt privatliv i EU -territoriet. For \u00f8yeblikket er meningene fra de enkelte europeiske statene i konflikt med omtrent ti land som er imot (Tyskland, Nederland, Belgia), noen er ubeslutte og omtrent femten ser ut til \u00e5 v\u00e6re gunstige inkludert Italia, Frankrike og Spania.<\/p>\n<h2>Hvordan det fungerer chatkontroll<\/h2>\n<p>Forordningen <strong>CSAR<\/strong> Det ble presentert for f\u00f8rste gang i <strong>V\u00e5ren 2022<\/strong> Fra den dav\u00e6rende europiss\u00e6ren til interne anliggender, svensk <strong>Ylva Johansson<\/strong>. Det uttalte m\u00e5let ville v\u00e6re \u00e5 forhindre plattformer som WhatsApp, Telegram eller Gmail brukes til \u00e5 spre seg <strong>Polesage -bilder<\/strong> eller \u00e5 pr\u00f8ve<strong>Online tilpasning av mindre\u00e5rige<\/strong>. For \u00e5 gj\u00f8re dette, b\u00f8r applikasjoner integrere en <strong>Innholdsforebyggende analysesystem<\/strong>: Hver tekstmelding vil bli evaluert av algoritmer som er i stand til \u00e5 identifisere <strong>Mistenkelige setninger<\/strong>mens bildene skal sjekkes gjennom <strong>hash<\/strong>. Sammenligning av resultatene fra disse forebyggende kontrollene med data og informasjon som er til stede i databasene som ble administrert av politiet, ble en automatisk rapportering til myndighetene i tilfelle korrespondanser ble funnet med materialene relatert til verden av pedofili og barnepornografi ville bli utl\u00f8st.<\/p>\n<p>Fra et teknisk synspunkt kalles denne prosedyren <strong>Klientsiden skanning<\/strong>: betyr at kontrollen skjer direkte fra tjenesteleverand\u00f8rene <strong><em>F\u00f8r<\/em> at meldingen er kryptert og sendt til mottakeren<\/strong>. P\u00e5 denne m\u00e5ten<strong> Ende-til-ende-kryptering vil miste mesteparten av nytten<\/strong>fordi innholdet allerede er lest og analysert f\u00f8r det blir kryptert. Mange eksperter understreker hvordan denne dynamikken faktisk tilsvarer \u00e5 introdusere en <em><strong>bakd\u00f8r<\/strong><\/em>det vil si en skjult tilgangsd\u00f8r som kan utnyttes av tredjeparter: regjeringer, etterretningstjenester, det kriminelle og andre. Selv om tilhengere av forskriften sikrer at systemet vil fungere lokalt og anonymt, gjenst\u00e5r tvil om noen sikkerhetsfeil og den reelle beskyttelsen av personopplysninger.<\/p>\n<p>Et spesielt diskutert poeng ang\u00e5r <strong>Risiko for falske positiver<\/strong>: Ikke -perfekte algoritmer kan rapportere som mistenkelige samtaler som faktisk ikke inneholder noe ulovlig, og utsetter privat kommunikasjon for un\u00f8dige kontroller, inkludert de mellom ten\u00e5ringer. Selv om plattformene teoretisk skal anonymisere data opp til en offisiell bekreftelse av myndighetene, forblir usikkerheten sterk om hvordan disse prosessene vil fungere i praksis.<\/p>\n<h2>Stillingen til internasjonale regjeringer og organisasjoner<\/h2>\n<p>En koalisjon av over <strong>60 internasjonale organisasjoner<\/strong>kjent som <strong>Eclag<\/strong> (<em>European Child Sexual Abuse Lovgivning Advocacy Group<\/em>), st\u00f8tter initiativet sterkt, med tanke p\u00e5 det en <strong>uunnv\u00e6rlig verkt\u00f8y<\/strong> \u00c5 dempe spredningen av barnepornografi og beskytte mindre\u00e5rige. Foreninger for digitale rettigheter som<strong>Anstrengelse<\/strong> (<em>Electronic Frontier Foundation<\/em>) derimot ford\u00f8mme risikoen som en gang opprettet, kan et forebyggende overv\u00e5kningssystem ogs\u00e5 brukes til andre form\u00e5l, for eksempel<strong> Kontroll av kommunikasjon fra journalister, aktivister eller politiske motstandere<\/strong>spesielt i land med autorit\u00e6re regjeringer.<\/p>\n<p>Posisjonene til de enkelte europeiske statene gjenspeiler de nevnte divisjonene. For \u00f8yeblikket er det omtrent ti land som ser ut til \u00e5 v\u00e6re <strong>I motsetning til forslaget<\/strong>: \u00d8sterrike, Belgia, Tsjekkia, Estland, Finland, Tyskland, Luxembourg, Nederland, Polen og Slovakia. Land som Hellas, Romania og Slovenia gjenst\u00e5r imidlertid <strong>usikre<\/strong>. Land som Bulgaria, Kroatia, Kypros, Danmark, Frankrike, Ungarn, Irland, <strong>Italia<\/strong>Latvia, Litauen, Malta, Portugal, Spania og Sverige, ser ut til \u00e5 v\u00e6re<strong> Til fordel for forslaget<\/strong>.<\/p>\n<p>Ogs\u00e5 <strong>Europaparlamentet <\/strong>Den er dypt delt. DE <strong>gr\u00f8nne fester <\/strong>Og<strong> Sosial-liberal<\/strong> De uttrykte en <strong>fast opposisjon<\/strong>hevder det &laquo;<em>\u00c5 beskytte barn p\u00e5 nettet er mulig uten masseoverv\u00e5kning<\/em>\u00bb. Ogs\u00e5 noen rettighetsgrupper, for eksempel <strong>Patrioter for Europa<\/strong>de gjentok denne kritikeren <strong>Europeisk popul\u00e6rt parti<\/strong> De reiste bekymringer relatert til beskyttelse av privat kommunikasjon. Resultatet er en tverrg\u00e5ende front som gj\u00f8r det vanskelig \u00e5 forutsi hva utfallet av <strong>formell avstemning<\/strong>som kan finne sted <strong>14. oktober<\/strong>.<\/p>\n<p>Der <strong>Danmark<\/strong>som holder presidentskapet p\u00e5 vakt, erkl\u00e6rte viljen til \u00e5 presse p\u00e5 for en avtale, for \u00e5 starte forhandlingene med parlamentet. Hvis forskriften er godkjent, vil digitale plattformer m\u00e5 revurdere m\u00e5ten de administrerer brukerens personvern radikalt p\u00e5. Hvis behovet for \u00e5 finne alternative strategier for \u00e5 bekjempe et problem som fortsatt er presserende og dramatisk, vil derimot \u00e5pne.<\/p>\n<\/p><\/div>\n","protected":false},"excerpt":{"rendered":"<p>Medlemslandene iEU De 14. oktober Neste vil bli kalt for \u00e5 formelt uttrykke sin stilling<\/p>\n","protected":false},"author":1,"featured_media":9616,"comment_status":"closed","ping_status":"open","sticky":false,"template":"","format":"standard","meta":{"footnotes":""},"categories":[25],"tags":[6280,66,412,6281,144,112,6282,1202,3826,6283,5550,31,3824,149],"class_list":["post-9615","post","type-post","status-publish","format-standard","has-post-thumbnail","hentry","category-teknologi","tag-chatkontroll","tag-det","tag-europeiske","tag-forslaget","tag-hva","tag-hvordan","tag-kontrollere","tag-onsker","tag-pavirke","tag-personvernet","tag-samtalene","tag-som","tag-vare","tag-vil","generate-columns","tablet-grid-50","mobile-grid-100","grid-parent","grid-33","resize-featured-image"],"yoast_head":"<!-- This site is optimized with the Yoast SEO plugin v24.4 - https:\/\/yoast.com\/wordpress\/plugins\/seo\/ -->\n<title>Hva er chatkontroll, det europeiske forslaget som \u00f8nsker \u00e5 kontrollere samtalene v\u00e5re og hvordan det vil p\u00e5virke personvernet - Nordnesrepublikken<\/title>\n<meta name=\"robots\" content=\"index, follow, max-snippet:-1, max-image-preview:large, max-video-preview:-1\" \/>\n<link rel=\"canonical\" href=\"https:\/\/nordnesrepublikken.no\/index.php\/2025\/09\/16\/hva-er-chatkontroll-det-europeiske-forslaget-som-onsker-a-kontrollere-samtalene-vare-og-hvordan-det-vil-pavirke-personvernet\/\" \/>\n<meta property=\"og:locale\" content=\"nb_NO\" \/>\n<meta property=\"og:type\" content=\"article\" \/>\n<meta property=\"og:title\" content=\"Hva er chatkontroll, det europeiske forslaget som \u00f8nsker \u00e5 kontrollere samtalene v\u00e5re og hvordan det vil p\u00e5virke personvernet - Nordnesrepublikken\" \/>\n<meta property=\"og:description\" content=\"Medlemslandene iEU De 14. oktober Neste vil bli kalt for \u00e5 formelt uttrykke sin stilling\" \/>\n<meta property=\"og:url\" content=\"https:\/\/nordnesrepublikken.no\/index.php\/2025\/09\/16\/hva-er-chatkontroll-det-europeiske-forslaget-som-onsker-a-kontrollere-samtalene-vare-og-hvordan-det-vil-pavirke-personvernet\/\" \/>\n<meta property=\"og:site_name\" content=\"Nordnesrepublikken\" \/>\n<meta property=\"article:published_time\" content=\"2025-09-16T08:50:09+00:00\" \/>\n<meta property=\"article:modified_time\" content=\"2025-09-16T08:50:16+00:00\" \/>\n<meta property=\"og:image\" content=\"https:\/\/nordnesrepublikken.no\/wp-content\/uploads\/2025\/09\/1758012610_Hva-er-chatkontroll-det-europeiske-forslaget-som-onsker-a-kontrollere.jpg\" \/>\n\t<meta property=\"og:image:width\" content=\"2121\" \/>\n\t<meta property=\"og:image:height\" content=\"1414\" \/>\n\t<meta property=\"og:image:type\" content=\"image\/jpeg\" \/>\n<meta name=\"author\" content=\"Ole Andersen\" \/>\n<meta name=\"twitter:card\" content=\"summary_large_image\" \/>\n<meta name=\"twitter:label1\" content=\"Skrevet av\" \/>\n\t<meta name=\"twitter:data1\" content=\"Ole Andersen\" \/>\n\t<meta name=\"twitter:label2\" content=\"Ansl. lesetid\" \/>\n\t<meta name=\"twitter:data2\" content=\"4 minutter\" \/>\n<script type=\"application\/ld+json\" class=\"yoast-schema-graph\">{\"@context\":\"https:\/\/schema.org\",\"@graph\":[{\"@type\":\"Article\",\"@id\":\"https:\/\/nordnesrepublikken.no\/index.php\/2025\/09\/16\/hva-er-chatkontroll-det-europeiske-forslaget-som-onsker-a-kontrollere-samtalene-vare-og-hvordan-det-vil-pavirke-personvernet\/#article\",\"isPartOf\":{\"@id\":\"https:\/\/nordnesrepublikken.no\/index.php\/2025\/09\/16\/hva-er-chatkontroll-det-europeiske-forslaget-som-onsker-a-kontrollere-samtalene-vare-og-hvordan-det-vil-pavirke-personvernet\/\"},\"author\":{\"name\":\"Ole Andersen\",\"@id\":\"https:\/\/nordnesrepublikken.no\/#\/schema\/person\/2e7e81935bab77882fffb79296240ff1\"},\"headline\":\"Hva er chatkontroll, det europeiske forslaget som \u00f8nsker \u00e5 kontrollere samtalene v\u00e5re og hvordan det vil p\u00e5virke personvernet\",\"datePublished\":\"2025-09-16T08:50:09+00:00\",\"dateModified\":\"2025-09-16T08:50:16+00:00\",\"mainEntityOfPage\":{\"@id\":\"https:\/\/nordnesrepublikken.no\/index.php\/2025\/09\/16\/hva-er-chatkontroll-det-europeiske-forslaget-som-onsker-a-kontrollere-samtalene-vare-og-hvordan-det-vil-pavirke-personvernet\/\"},\"wordCount\":767,\"publisher\":{\"@id\":\"https:\/\/nordnesrepublikken.no\/#organization\"},\"image\":{\"@id\":\"https:\/\/nordnesrepublikken.no\/index.php\/2025\/09\/16\/hva-er-chatkontroll-det-europeiske-forslaget-som-onsker-a-kontrollere-samtalene-vare-og-hvordan-det-vil-pavirke-personvernet\/#primaryimage\"},\"thumbnailUrl\":\"https:\/\/nordnesrepublikken.no\/wp-content\/uploads\/2025\/09\/1758012610_Hva-er-chatkontroll-det-europeiske-forslaget-som-onsker-a-kontrollere.jpg\",\"keywords\":[\"chatkontroll\",\"Det\",\"europeiske\",\"forslaget\",\"Hva\",\"Hvordan\",\"kontrollere\",\"\u00f8nsker\",\"p\u00e5virke\",\"personvernet\",\"samtalene\",\"som\",\"v\u00e5re\",\"vil\"],\"articleSection\":[\"Teknologi\"],\"inLanguage\":\"nb-NO\"},{\"@type\":\"WebPage\",\"@id\":\"https:\/\/nordnesrepublikken.no\/index.php\/2025\/09\/16\/hva-er-chatkontroll-det-europeiske-forslaget-som-onsker-a-kontrollere-samtalene-vare-og-hvordan-det-vil-pavirke-personvernet\/\",\"url\":\"https:\/\/nordnesrepublikken.no\/index.php\/2025\/09\/16\/hva-er-chatkontroll-det-europeiske-forslaget-som-onsker-a-kontrollere-samtalene-vare-og-hvordan-det-vil-pavirke-personvernet\/\",\"name\":\"Hva er chatkontroll, det europeiske forslaget som \u00f8nsker \u00e5 kontrollere samtalene v\u00e5re og hvordan det vil p\u00e5virke personvernet - Nordnesrepublikken\",\"isPartOf\":{\"@id\":\"https:\/\/nordnesrepublikken.no\/#website\"},\"primaryImageOfPage\":{\"@id\":\"https:\/\/nordnesrepublikken.no\/index.php\/2025\/09\/16\/hva-er-chatkontroll-det-europeiske-forslaget-som-onsker-a-kontrollere-samtalene-vare-og-hvordan-det-vil-pavirke-personvernet\/#primaryimage\"},\"image\":{\"@id\":\"https:\/\/nordnesrepublikken.no\/index.php\/2025\/09\/16\/hva-er-chatkontroll-det-europeiske-forslaget-som-onsker-a-kontrollere-samtalene-vare-og-hvordan-det-vil-pavirke-personvernet\/#primaryimage\"},\"thumbnailUrl\":\"https:\/\/nordnesrepublikken.no\/wp-content\/uploads\/2025\/09\/1758012610_Hva-er-chatkontroll-det-europeiske-forslaget-som-onsker-a-kontrollere.jpg\",\"datePublished\":\"2025-09-16T08:50:09+00:00\",\"dateModified\":\"2025-09-16T08:50:16+00:00\",\"breadcrumb\":{\"@id\":\"https:\/\/nordnesrepublikken.no\/index.php\/2025\/09\/16\/hva-er-chatkontroll-det-europeiske-forslaget-som-onsker-a-kontrollere-samtalene-vare-og-hvordan-det-vil-pavirke-personvernet\/#breadcrumb\"},\"inLanguage\":\"nb-NO\",\"potentialAction\":[{\"@type\":\"ReadAction\",\"target\":[\"https:\/\/nordnesrepublikken.no\/index.php\/2025\/09\/16\/hva-er-chatkontroll-det-europeiske-forslaget-som-onsker-a-kontrollere-samtalene-vare-og-hvordan-det-vil-pavirke-personvernet\/\"]}]},{\"@type\":\"ImageObject\",\"inLanguage\":\"nb-NO\",\"@id\":\"https:\/\/nordnesrepublikken.no\/index.php\/2025\/09\/16\/hva-er-chatkontroll-det-europeiske-forslaget-som-onsker-a-kontrollere-samtalene-vare-og-hvordan-det-vil-pavirke-personvernet\/#primaryimage\",\"url\":\"https:\/\/nordnesrepublikken.no\/wp-content\/uploads\/2025\/09\/1758012610_Hva-er-chatkontroll-det-europeiske-forslaget-som-onsker-a-kontrollere.jpg\",\"contentUrl\":\"https:\/\/nordnesrepublikken.no\/wp-content\/uploads\/2025\/09\/1758012610_Hva-er-chatkontroll-det-europeiske-forslaget-som-onsker-a-kontrollere.jpg\",\"width\":2121,\"height\":1414,\"caption\":\"chat control\"},{\"@type\":\"BreadcrumbList\",\"@id\":\"https:\/\/nordnesrepublikken.no\/index.php\/2025\/09\/16\/hva-er-chatkontroll-det-europeiske-forslaget-som-onsker-a-kontrollere-samtalene-vare-og-hvordan-det-vil-pavirke-personvernet\/#breadcrumb\",\"itemListElement\":[{\"@type\":\"ListItem\",\"position\":1,\"name\":\"Home\",\"item\":\"https:\/\/nordnesrepublikken.no\/\"},{\"@type\":\"ListItem\",\"position\":2,\"name\":\"Hva er chatkontroll, det europeiske forslaget som \u00f8nsker \u00e5 kontrollere samtalene v\u00e5re og hvordan det vil p\u00e5virke personvernet\"}]},{\"@type\":\"WebSite\",\"@id\":\"https:\/\/nordnesrepublikken.no\/#website\",\"url\":\"https:\/\/nordnesrepublikken.no\/\",\"name\":\"Nordnesrepublikken\",\"description\":\"Stemmer og Visjoner fra Republikkens Hjerte\",\"publisher\":{\"@id\":\"https:\/\/nordnesrepublikken.no\/#organization\"},\"potentialAction\":[{\"@type\":\"SearchAction\",\"target\":{\"@type\":\"EntryPoint\",\"urlTemplate\":\"https:\/\/nordnesrepublikken.no\/?s={search_term_string}\"},\"query-input\":{\"@type\":\"PropertyValueSpecification\",\"valueRequired\":true,\"valueName\":\"search_term_string\"}}],\"inLanguage\":\"nb-NO\"},{\"@type\":\"Organization\",\"@id\":\"https:\/\/nordnesrepublikken.no\/#organization\",\"name\":\"Nordnesrepublikken\",\"url\":\"https:\/\/nordnesrepublikken.no\/\",\"logo\":{\"@type\":\"ImageObject\",\"inLanguage\":\"nb-NO\",\"@id\":\"https:\/\/nordnesrepublikken.no\/#\/schema\/logo\/image\/\",\"url\":\"https:\/\/nordnesrepublikken.no\/wp-content\/uploads\/2025\/02\/cropped-nordnesrepublikken-2.png\",\"contentUrl\":\"https:\/\/nordnesrepublikken.no\/wp-content\/uploads\/2025\/02\/cropped-nordnesrepublikken-2.png\",\"width\":1248,\"height\":362,\"caption\":\"Nordnesrepublikken\"},\"image\":{\"@id\":\"https:\/\/nordnesrepublikken.no\/#\/schema\/logo\/image\/\"}},{\"@type\":\"Person\",\"@id\":\"https:\/\/nordnesrepublikken.no\/#\/schema\/person\/2e7e81935bab77882fffb79296240ff1\",\"name\":\"Ole Andersen\",\"image\":{\"@type\":\"ImageObject\",\"inLanguage\":\"nb-NO\",\"@id\":\"https:\/\/nordnesrepublikken.no\/#\/schema\/person\/image\/\",\"url\":\"https:\/\/nordnesrepublikken.no\/wp-content\/uploads\/2025\/02\/nordnesrepublikken-2-2-150x150.jpg\",\"contentUrl\":\"https:\/\/nordnesrepublikken.no\/wp-content\/uploads\/2025\/02\/nordnesrepublikken-2-2-150x150.jpg\",\"caption\":\"Ole Andersen\"},\"description\":\"Ettersom jeg vokste opp i Oslo, har jeg alltid v\u00e6rt fascinert av ordenes kraft og deres evne til \u00e5 skape endringer. Etter \u00e5 ha fullf\u00f8rt min utdannelse i kommunikasjon ved Universitetet i Bergen, fikk jeg muligheten til \u00e5 jobbe innen ulike medier, der jeg har s\u00f8kt \u00e5 belyse viktige samfunnssp\u00f8rsm\u00e5l. I dag, som redakt\u00f8r for Nordnesrepublikken, pr\u00f8ver jeg \u00e5 forene min kj\u00e6rlighet for journalistikk med min lidenskap for innovasjon og eventyr.\",\"sameAs\":[\"https:\/\/nordnesrepublikken.no\/\"]}]}<\/script>\n<!-- \/ Yoast SEO plugin. -->","yoast_head_json":{"title":"Hva er chatkontroll, det europeiske forslaget som \u00f8nsker \u00e5 kontrollere samtalene v\u00e5re og hvordan det vil p\u00e5virke personvernet - Nordnesrepublikken","robots":{"index":"index","follow":"follow","max-snippet":"max-snippet:-1","max-image-preview":"max-image-preview:large","max-video-preview":"max-video-preview:-1"},"canonical":"https:\/\/nordnesrepublikken.no\/index.php\/2025\/09\/16\/hva-er-chatkontroll-det-europeiske-forslaget-som-onsker-a-kontrollere-samtalene-vare-og-hvordan-det-vil-pavirke-personvernet\/","og_locale":"nb_NO","og_type":"article","og_title":"Hva er chatkontroll, det europeiske forslaget som \u00f8nsker \u00e5 kontrollere samtalene v\u00e5re og hvordan det vil p\u00e5virke personvernet - Nordnesrepublikken","og_description":"Medlemslandene iEU De 14. oktober Neste vil bli kalt for \u00e5 formelt uttrykke sin stilling","og_url":"https:\/\/nordnesrepublikken.no\/index.php\/2025\/09\/16\/hva-er-chatkontroll-det-europeiske-forslaget-som-onsker-a-kontrollere-samtalene-vare-og-hvordan-det-vil-pavirke-personvernet\/","og_site_name":"Nordnesrepublikken","article_published_time":"2025-09-16T08:50:09+00:00","article_modified_time":"2025-09-16T08:50:16+00:00","og_image":[{"width":2121,"height":1414,"url":"https:\/\/nordnesrepublikken.no\/wp-content\/uploads\/2025\/09\/1758012610_Hva-er-chatkontroll-det-europeiske-forslaget-som-onsker-a-kontrollere.jpg","type":"image\/jpeg"}],"author":"Ole Andersen","twitter_card":"summary_large_image","twitter_misc":{"Skrevet av":"Ole Andersen","Ansl. lesetid":"4 minutter"},"schema":{"@context":"https:\/\/schema.org","@graph":[{"@type":"Article","@id":"https:\/\/nordnesrepublikken.no\/index.php\/2025\/09\/16\/hva-er-chatkontroll-det-europeiske-forslaget-som-onsker-a-kontrollere-samtalene-vare-og-hvordan-det-vil-pavirke-personvernet\/#article","isPartOf":{"@id":"https:\/\/nordnesrepublikken.no\/index.php\/2025\/09\/16\/hva-er-chatkontroll-det-europeiske-forslaget-som-onsker-a-kontrollere-samtalene-vare-og-hvordan-det-vil-pavirke-personvernet\/"},"author":{"name":"Ole Andersen","@id":"https:\/\/nordnesrepublikken.no\/#\/schema\/person\/2e7e81935bab77882fffb79296240ff1"},"headline":"Hva er chatkontroll, det europeiske forslaget som \u00f8nsker \u00e5 kontrollere samtalene v\u00e5re og hvordan det vil p\u00e5virke personvernet","datePublished":"2025-09-16T08:50:09+00:00","dateModified":"2025-09-16T08:50:16+00:00","mainEntityOfPage":{"@id":"https:\/\/nordnesrepublikken.no\/index.php\/2025\/09\/16\/hva-er-chatkontroll-det-europeiske-forslaget-som-onsker-a-kontrollere-samtalene-vare-og-hvordan-det-vil-pavirke-personvernet\/"},"wordCount":767,"publisher":{"@id":"https:\/\/nordnesrepublikken.no\/#organization"},"image":{"@id":"https:\/\/nordnesrepublikken.no\/index.php\/2025\/09\/16\/hva-er-chatkontroll-det-europeiske-forslaget-som-onsker-a-kontrollere-samtalene-vare-og-hvordan-det-vil-pavirke-personvernet\/#primaryimage"},"thumbnailUrl":"https:\/\/nordnesrepublikken.no\/wp-content\/uploads\/2025\/09\/1758012610_Hva-er-chatkontroll-det-europeiske-forslaget-som-onsker-a-kontrollere.jpg","keywords":["chatkontroll","Det","europeiske","forslaget","Hva","Hvordan","kontrollere","\u00f8nsker","p\u00e5virke","personvernet","samtalene","som","v\u00e5re","vil"],"articleSection":["Teknologi"],"inLanguage":"nb-NO"},{"@type":"WebPage","@id":"https:\/\/nordnesrepublikken.no\/index.php\/2025\/09\/16\/hva-er-chatkontroll-det-europeiske-forslaget-som-onsker-a-kontrollere-samtalene-vare-og-hvordan-det-vil-pavirke-personvernet\/","url":"https:\/\/nordnesrepublikken.no\/index.php\/2025\/09\/16\/hva-er-chatkontroll-det-europeiske-forslaget-som-onsker-a-kontrollere-samtalene-vare-og-hvordan-det-vil-pavirke-personvernet\/","name":"Hva er chatkontroll, det europeiske forslaget som \u00f8nsker \u00e5 kontrollere samtalene v\u00e5re og hvordan det vil p\u00e5virke personvernet - Nordnesrepublikken","isPartOf":{"@id":"https:\/\/nordnesrepublikken.no\/#website"},"primaryImageOfPage":{"@id":"https:\/\/nordnesrepublikken.no\/index.php\/2025\/09\/16\/hva-er-chatkontroll-det-europeiske-forslaget-som-onsker-a-kontrollere-samtalene-vare-og-hvordan-det-vil-pavirke-personvernet\/#primaryimage"},"image":{"@id":"https:\/\/nordnesrepublikken.no\/index.php\/2025\/09\/16\/hva-er-chatkontroll-det-europeiske-forslaget-som-onsker-a-kontrollere-samtalene-vare-og-hvordan-det-vil-pavirke-personvernet\/#primaryimage"},"thumbnailUrl":"https:\/\/nordnesrepublikken.no\/wp-content\/uploads\/2025\/09\/1758012610_Hva-er-chatkontroll-det-europeiske-forslaget-som-onsker-a-kontrollere.jpg","datePublished":"2025-09-16T08:50:09+00:00","dateModified":"2025-09-16T08:50:16+00:00","breadcrumb":{"@id":"https:\/\/nordnesrepublikken.no\/index.php\/2025\/09\/16\/hva-er-chatkontroll-det-europeiske-forslaget-som-onsker-a-kontrollere-samtalene-vare-og-hvordan-det-vil-pavirke-personvernet\/#breadcrumb"},"inLanguage":"nb-NO","potentialAction":[{"@type":"ReadAction","target":["https:\/\/nordnesrepublikken.no\/index.php\/2025\/09\/16\/hva-er-chatkontroll-det-europeiske-forslaget-som-onsker-a-kontrollere-samtalene-vare-og-hvordan-det-vil-pavirke-personvernet\/"]}]},{"@type":"ImageObject","inLanguage":"nb-NO","@id":"https:\/\/nordnesrepublikken.no\/index.php\/2025\/09\/16\/hva-er-chatkontroll-det-europeiske-forslaget-som-onsker-a-kontrollere-samtalene-vare-og-hvordan-det-vil-pavirke-personvernet\/#primaryimage","url":"https:\/\/nordnesrepublikken.no\/wp-content\/uploads\/2025\/09\/1758012610_Hva-er-chatkontroll-det-europeiske-forslaget-som-onsker-a-kontrollere.jpg","contentUrl":"https:\/\/nordnesrepublikken.no\/wp-content\/uploads\/2025\/09\/1758012610_Hva-er-chatkontroll-det-europeiske-forslaget-som-onsker-a-kontrollere.jpg","width":2121,"height":1414,"caption":"chat control"},{"@type":"BreadcrumbList","@id":"https:\/\/nordnesrepublikken.no\/index.php\/2025\/09\/16\/hva-er-chatkontroll-det-europeiske-forslaget-som-onsker-a-kontrollere-samtalene-vare-og-hvordan-det-vil-pavirke-personvernet\/#breadcrumb","itemListElement":[{"@type":"ListItem","position":1,"name":"Home","item":"https:\/\/nordnesrepublikken.no\/"},{"@type":"ListItem","position":2,"name":"Hva er chatkontroll, det europeiske forslaget som \u00f8nsker \u00e5 kontrollere samtalene v\u00e5re og hvordan det vil p\u00e5virke personvernet"}]},{"@type":"WebSite","@id":"https:\/\/nordnesrepublikken.no\/#website","url":"https:\/\/nordnesrepublikken.no\/","name":"Nordnesrepublikken","description":"Stemmer og Visjoner fra Republikkens Hjerte","publisher":{"@id":"https:\/\/nordnesrepublikken.no\/#organization"},"potentialAction":[{"@type":"SearchAction","target":{"@type":"EntryPoint","urlTemplate":"https:\/\/nordnesrepublikken.no\/?s={search_term_string}"},"query-input":{"@type":"PropertyValueSpecification","valueRequired":true,"valueName":"search_term_string"}}],"inLanguage":"nb-NO"},{"@type":"Organization","@id":"https:\/\/nordnesrepublikken.no\/#organization","name":"Nordnesrepublikken","url":"https:\/\/nordnesrepublikken.no\/","logo":{"@type":"ImageObject","inLanguage":"nb-NO","@id":"https:\/\/nordnesrepublikken.no\/#\/schema\/logo\/image\/","url":"https:\/\/nordnesrepublikken.no\/wp-content\/uploads\/2025\/02\/cropped-nordnesrepublikken-2.png","contentUrl":"https:\/\/nordnesrepublikken.no\/wp-content\/uploads\/2025\/02\/cropped-nordnesrepublikken-2.png","width":1248,"height":362,"caption":"Nordnesrepublikken"},"image":{"@id":"https:\/\/nordnesrepublikken.no\/#\/schema\/logo\/image\/"}},{"@type":"Person","@id":"https:\/\/nordnesrepublikken.no\/#\/schema\/person\/2e7e81935bab77882fffb79296240ff1","name":"Ole Andersen","image":{"@type":"ImageObject","inLanguage":"nb-NO","@id":"https:\/\/nordnesrepublikken.no\/#\/schema\/person\/image\/","url":"https:\/\/nordnesrepublikken.no\/wp-content\/uploads\/2025\/02\/nordnesrepublikken-2-2-150x150.jpg","contentUrl":"https:\/\/nordnesrepublikken.no\/wp-content\/uploads\/2025\/02\/nordnesrepublikken-2-2-150x150.jpg","caption":"Ole Andersen"},"description":"Ettersom jeg vokste opp i Oslo, har jeg alltid v\u00e6rt fascinert av ordenes kraft og deres evne til \u00e5 skape endringer. Etter \u00e5 ha fullf\u00f8rt min utdannelse i kommunikasjon ved Universitetet i Bergen, fikk jeg muligheten til \u00e5 jobbe innen ulike medier, der jeg har s\u00f8kt \u00e5 belyse viktige samfunnssp\u00f8rsm\u00e5l. I dag, som redakt\u00f8r for Nordnesrepublikken, pr\u00f8ver jeg \u00e5 forene min kj\u00e6rlighet for journalistikk med min lidenskap for innovasjon og eventyr.","sameAs":["https:\/\/nordnesrepublikken.no\/"]}]}},"_links":{"self":[{"href":"https:\/\/nordnesrepublikken.no\/index.php\/wp-json\/wp\/v2\/posts\/9615","targetHints":{"allow":["GET"]}}],"collection":[{"href":"https:\/\/nordnesrepublikken.no\/index.php\/wp-json\/wp\/v2\/posts"}],"about":[{"href":"https:\/\/nordnesrepublikken.no\/index.php\/wp-json\/wp\/v2\/types\/post"}],"author":[{"embeddable":true,"href":"https:\/\/nordnesrepublikken.no\/index.php\/wp-json\/wp\/v2\/users\/1"}],"replies":[{"embeddable":true,"href":"https:\/\/nordnesrepublikken.no\/index.php\/wp-json\/wp\/v2\/comments?post=9615"}],"version-history":[{"count":1,"href":"https:\/\/nordnesrepublikken.no\/index.php\/wp-json\/wp\/v2\/posts\/9615\/revisions"}],"predecessor-version":[{"id":9617,"href":"https:\/\/nordnesrepublikken.no\/index.php\/wp-json\/wp\/v2\/posts\/9615\/revisions\/9617"}],"wp:featuredmedia":[{"embeddable":true,"href":"https:\/\/nordnesrepublikken.no\/index.php\/wp-json\/wp\/v2\/media\/9616"}],"wp:attachment":[{"href":"https:\/\/nordnesrepublikken.no\/index.php\/wp-json\/wp\/v2\/media?parent=9615"}],"wp:term":[{"taxonomy":"category","embeddable":true,"href":"https:\/\/nordnesrepublikken.no\/index.php\/wp-json\/wp\/v2\/categories?post=9615"},{"taxonomy":"post_tag","embeddable":true,"href":"https:\/\/nordnesrepublikken.no\/index.php\/wp-json\/wp\/v2\/tags?post=9615"}],"curies":[{"name":"wp","href":"https:\/\/api.w.org\/{rel}","templated":true}]}}