{"id":9606,"date":"2025-09-16T08:00:00","date_gmt":"2025-09-16T06:00:00","guid":{"rendered":"https:\/\/nordnesrepublikken.no\/?p=9606"},"modified":"2025-09-16T07:43:27","modified_gmt":"2025-09-16T05:43:27","slug":"livrenter-og-sparekontoer-i-fare-bayrou-advarer-mot-nytt-skattegrep","status":"publish","type":"post","link":"https:\/\/nordnesrepublikken.no\/index.php\/2025\/09\/16\/livrenter-og-sparekontoer-i-fare-bayrou-advarer-mot-nytt-skattegrep\/","title":{"rendered":"Livrenter og sparekontoer i fare? Bayrou advarer mot nytt skattegrep"},"content":{"rendered":"\n<p><strong><em>Den franske statsministeren Fran\u00e7ois Bayrou har varslet at husholdningenes <\/em><\/strong><strong><em>sparekontoer<\/em><\/strong><strong><em> og <\/em><\/strong><strong><em>livrenter<\/em><\/strong><strong><em> kan bli rammet av nye politiske tiltak. I en tid der mange familier allerede kjenner p\u00e5 \u00f8konomisk press, skaper forslaget uro om hvordan fremtidens <\/em><\/strong><strong><em>sparing<\/em><\/strong><strong><em> vil se ut.<\/em><\/strong><\/p>\n\n\n\n<!--more-->\n\n\n\n<h2 class=\"wp-block-heading\">Nye satser p\u00e5 sparekontoer fra 2025<\/h2>\n\n\n\n<p>Sparekontoer har i flere ti\u00e5r v\u00e6rt en trygg havn for franske husholdninger. Mange bruker dem til \u00e5 legge til side penger til fremtidige prosjekter eller som en enkel m\u00e5te \u00e5 bygge opp en <a href=\"https:\/\/nordnesrepublikken.no\/index.php\/2025\/03\/02\/norge-oker-okonomisk-stotte-til-ukraina\/\"><strong>\u00f8konomisk <\/strong><\/a>buffer p\u00e5. Ordningen er enkel: du setter inn penger, og banken betaler deg <strong>renter<\/strong> tilbake.<\/p>\n\n\n\n<p>Et av de mest popul\u00e6re produktene, livret A, er kjent for \u00e5 v\u00e6re \u00e5pent for alle \u2013 uavhengig av alder eller inntekt. I fjor l\u00e5 renten p\u00e5 3 %, men fra februar 2025 blir den redusert til 2,5 %. For mange oppleves dette som et tilbakeslag, selv om ordningen samlet sett har gitt bedre avkastning i \u00e5r enn i 2024.<\/p>\n\n\n\n<p>Ogs\u00e5 andre spareformer rammes. Den popul\u00e6re LEP-kontoen (Livret d\u2019\u00e9pargne populaire), som mange lavinntektsfamilier benytter, g\u00e5r fra 4 % til 3,5 %. For en familie som setter av 10 000 euro, betyr det flere hundre euro mindre i renteinntekter i l\u00f8pet av et \u00e5r.<\/p>\n\n\n\n<h2 class=\"wp-block-heading\">Bayrous forslag: Skatt p\u00e5 sparing og investering<\/h2>\n\n\n\n<p>I tillegg til lavere renter p\u00e5 sparekontoer, vurderer regjeringen nye <strong>skattetiltak<\/strong>. Blant de mest omdiskuterte er forslaget om \u00e5 \u00f8ke det s\u00e5kalte &laquo;pr\u00e9l\u00e8vement forfaitaire unique&raquo; (PFU) \u2013 en flat skatt p\u00e5 kapitalinntekter \u2013 fra 30 % til 33 %.<\/p>\n\n\n\n<p>Dette vil kunne ramme b\u00e5de eiere av livrenter og de som bruker sparekontoer som PEL (Plan \u00c9pargne Logement) og CEL (Compte \u00c9pargne Logement). Tiltaket er fortsatt under debatt, men flere eksperter har advart om at det kan sl\u00e5 hardt ut for husholdninger med begrenset inntekt, som i st\u00f8rre grad er avhengige av sm\u00e5 renteinntekter for \u00e5 f\u00e5 endene til \u00e5 m\u00f8tes. If\u00f8lge den franske finansavisen <em>Les \u00c9chos<\/em> har denne typen grep tidligere f\u00f8rt til at folk har flyttet sparepengene sine til mindre regulerte investeringsformer.<\/p>\n\n\n\n<h2 class=\"wp-block-heading\">Flere tiltak i regjeringens verkt\u00f8ykasse<\/h2>\n\n\n\n<p>Skatte\u00f8kningen p\u00e5 sparing er ikke det eneste Bayrou vurderer. Regjeringen har ogs\u00e5 foresl\u00e5tt h\u00f8yere <strong>flyskatt<\/strong>, med m\u00e5l om \u00e5 kutte klimagassutslipp og skaffe \u00f8kte inntekter til staten.<\/p>\n\n\n\n<p>Samtidig \u00f8nsker myndighetene \u00e5 innf\u00f8re en minsteskatt p\u00e5 20 % for enkeltpersoner med en \u00e5rlig inntekt over 250 000 euro, eller 500 000 euro for par. Store selskaper med en omsetning p\u00e5 over \u00e9n milliard euro kan ogs\u00e5 f\u00e5 en ekstra avgift. If\u00f8lge OECD har slike grep blitt stadig mer vanlig internasjonalt, ettersom myndigheter fors\u00f8ker \u00e5 hindre aggressiv skatteplanlegging blant de rikeste.<\/p>\n","protected":false},"excerpt":{"rendered":"<p>Den franske statsministeren Fran\u00e7ois Bayrou har varslet at husholdningenes sparekontoer og livrenter kan bli rammet<\/p>\n","protected":false},"author":4,"featured_media":9607,"comment_status":"closed","ping_status":"open","sticky":false,"template":"","format":"standard","meta":{"footnotes":""},"categories":[1287],"tags":[],"class_list":["post-9606","post","type-post","status-publish","format-standard","has-post-thumbnail","hentry","category-nyheter","generate-columns","tablet-grid-50","mobile-grid-100","grid-parent","grid-33","resize-featured-image"],"yoast_head":"<!-- This site is optimized with the Yoast SEO plugin v24.4 - https:\/\/yoast.com\/wordpress\/plugins\/seo\/ -->\n<title>Livrenter og sparekontoer i fare? Bayrou advarer mot nytt skattegrep - Nordnesrepublikken<\/title>\n<meta name=\"robots\" content=\"index, follow, max-snippet:-1, max-image-preview:large, max-video-preview:-1\" \/>\n<link rel=\"canonical\" href=\"https:\/\/nordnesrepublikken.no\/index.php\/2025\/09\/16\/livrenter-og-sparekontoer-i-fare-bayrou-advarer-mot-nytt-skattegrep\/\" \/>\n<meta property=\"og:locale\" content=\"nb_NO\" \/>\n<meta property=\"og:type\" content=\"article\" \/>\n<meta property=\"og:title\" content=\"Livrenter og sparekontoer i fare? Bayrou advarer mot nytt skattegrep - Nordnesrepublikken\" \/>\n<meta property=\"og:description\" content=\"Den franske statsministeren Fran\u00e7ois Bayrou har varslet at husholdningenes sparekontoer og livrenter kan bli rammet\" \/>\n<meta property=\"og:url\" content=\"https:\/\/nordnesrepublikken.no\/index.php\/2025\/09\/16\/livrenter-og-sparekontoer-i-fare-bayrou-advarer-mot-nytt-skattegrep\/\" \/>\n<meta property=\"og:site_name\" content=\"Nordnesrepublikken\" \/>\n<meta property=\"article:published_time\" content=\"2025-09-16T06:00:00+00:00\" \/>\n<meta property=\"og:image\" content=\"https:\/\/nordnesrepublikken.no\/wp-content\/uploads\/2025\/09\/15.jpg\" \/>\n\t<meta property=\"og:image:width\" content=\"1200\" \/>\n\t<meta property=\"og:image:height\" content=\"800\" \/>\n\t<meta property=\"og:image:type\" content=\"image\/jpeg\" \/>\n<meta name=\"author\" content=\"Erik Dahlgren\" \/>\n<meta name=\"twitter:card\" content=\"summary_large_image\" \/>\n<meta name=\"twitter:label1\" content=\"Skrevet av\" \/>\n\t<meta name=\"twitter:data1\" content=\"Erik Dahlgren\" \/>\n\t<meta name=\"twitter:label2\" content=\"Ansl. lesetid\" \/>\n\t<meta name=\"twitter:data2\" content=\"3 minutter\" \/>\n<script type=\"application\/ld+json\" class=\"yoast-schema-graph\">{\"@context\":\"https:\/\/schema.org\",\"@graph\":[{\"@type\":\"Article\",\"@id\":\"https:\/\/nordnesrepublikken.no\/index.php\/2025\/09\/16\/livrenter-og-sparekontoer-i-fare-bayrou-advarer-mot-nytt-skattegrep\/#article\",\"isPartOf\":{\"@id\":\"https:\/\/nordnesrepublikken.no\/index.php\/2025\/09\/16\/livrenter-og-sparekontoer-i-fare-bayrou-advarer-mot-nytt-skattegrep\/\"},\"author\":{\"name\":\"Erik Dahlgren\",\"@id\":\"https:\/\/nordnesrepublikken.no\/#\/schema\/person\/84c306b32f7a22b4f294a8756f3fde65\"},\"headline\":\"Livrenter og sparekontoer i fare? Bayrou advarer mot nytt skattegrep\",\"datePublished\":\"2025-09-16T06:00:00+00:00\",\"mainEntityOfPage\":{\"@id\":\"https:\/\/nordnesrepublikken.no\/index.php\/2025\/09\/16\/livrenter-og-sparekontoer-i-fare-bayrou-advarer-mot-nytt-skattegrep\/\"},\"wordCount\":423,\"publisher\":{\"@id\":\"https:\/\/nordnesrepublikken.no\/#organization\"},\"image\":{\"@id\":\"https:\/\/nordnesrepublikken.no\/index.php\/2025\/09\/16\/livrenter-og-sparekontoer-i-fare-bayrou-advarer-mot-nytt-skattegrep\/#primaryimage\"},\"thumbnailUrl\":\"https:\/\/nordnesrepublikken.no\/wp-content\/uploads\/2025\/09\/15.jpg\",\"articleSection\":[\"Nyheter\"],\"inLanguage\":\"nb-NO\"},{\"@type\":\"WebPage\",\"@id\":\"https:\/\/nordnesrepublikken.no\/index.php\/2025\/09\/16\/livrenter-og-sparekontoer-i-fare-bayrou-advarer-mot-nytt-skattegrep\/\",\"url\":\"https:\/\/nordnesrepublikken.no\/index.php\/2025\/09\/16\/livrenter-og-sparekontoer-i-fare-bayrou-advarer-mot-nytt-skattegrep\/\",\"name\":\"Livrenter og sparekontoer i fare? Bayrou advarer mot nytt skattegrep - Nordnesrepublikken\",\"isPartOf\":{\"@id\":\"https:\/\/nordnesrepublikken.no\/#website\"},\"primaryImageOfPage\":{\"@id\":\"https:\/\/nordnesrepublikken.no\/index.php\/2025\/09\/16\/livrenter-og-sparekontoer-i-fare-bayrou-advarer-mot-nytt-skattegrep\/#primaryimage\"},\"image\":{\"@id\":\"https:\/\/nordnesrepublikken.no\/index.php\/2025\/09\/16\/livrenter-og-sparekontoer-i-fare-bayrou-advarer-mot-nytt-skattegrep\/#primaryimage\"},\"thumbnailUrl\":\"https:\/\/nordnesrepublikken.no\/wp-content\/uploads\/2025\/09\/15.jpg\",\"datePublished\":\"2025-09-16T06:00:00+00:00\",\"breadcrumb\":{\"@id\":\"https:\/\/nordnesrepublikken.no\/index.php\/2025\/09\/16\/livrenter-og-sparekontoer-i-fare-bayrou-advarer-mot-nytt-skattegrep\/#breadcrumb\"},\"inLanguage\":\"nb-NO\",\"potentialAction\":[{\"@type\":\"ReadAction\",\"target\":[\"https:\/\/nordnesrepublikken.no\/index.php\/2025\/09\/16\/livrenter-og-sparekontoer-i-fare-bayrou-advarer-mot-nytt-skattegrep\/\"]}]},{\"@type\":\"ImageObject\",\"inLanguage\":\"nb-NO\",\"@id\":\"https:\/\/nordnesrepublikken.no\/index.php\/2025\/09\/16\/livrenter-og-sparekontoer-i-fare-bayrou-advarer-mot-nytt-skattegrep\/#primaryimage\",\"url\":\"https:\/\/nordnesrepublikken.no\/wp-content\/uploads\/2025\/09\/15.jpg\",\"contentUrl\":\"https:\/\/nordnesrepublikken.no\/wp-content\/uploads\/2025\/09\/15.jpg\",\"width\":1200,\"height\":800,\"caption\":\"Livrenter og sparekontoer i fare? Bayrou advarer mot nytt skattegrep\"},{\"@type\":\"BreadcrumbList\",\"@id\":\"https:\/\/nordnesrepublikken.no\/index.php\/2025\/09\/16\/livrenter-og-sparekontoer-i-fare-bayrou-advarer-mot-nytt-skattegrep\/#breadcrumb\",\"itemListElement\":[{\"@type\":\"ListItem\",\"position\":1,\"name\":\"Home\",\"item\":\"https:\/\/nordnesrepublikken.no\/\"},{\"@type\":\"ListItem\",\"position\":2,\"name\":\"Livrenter og sparekontoer i fare? Bayrou advarer mot nytt skattegrep\"}]},{\"@type\":\"WebSite\",\"@id\":\"https:\/\/nordnesrepublikken.no\/#website\",\"url\":\"https:\/\/nordnesrepublikken.no\/\",\"name\":\"Nordnesrepublikken\",\"description\":\"Stemmer og Visjoner fra Republikkens Hjerte\",\"publisher\":{\"@id\":\"https:\/\/nordnesrepublikken.no\/#organization\"},\"potentialAction\":[{\"@type\":\"SearchAction\",\"target\":{\"@type\":\"EntryPoint\",\"urlTemplate\":\"https:\/\/nordnesrepublikken.no\/?s={search_term_string}\"},\"query-input\":{\"@type\":\"PropertyValueSpecification\",\"valueRequired\":true,\"valueName\":\"search_term_string\"}}],\"inLanguage\":\"nb-NO\"},{\"@type\":\"Organization\",\"@id\":\"https:\/\/nordnesrepublikken.no\/#organization\",\"name\":\"Nordnesrepublikken\",\"url\":\"https:\/\/nordnesrepublikken.no\/\",\"logo\":{\"@type\":\"ImageObject\",\"inLanguage\":\"nb-NO\",\"@id\":\"https:\/\/nordnesrepublikken.no\/#\/schema\/logo\/image\/\",\"url\":\"https:\/\/nordnesrepublikken.no\/wp-content\/uploads\/2025\/02\/cropped-nordnesrepublikken-2.png\",\"contentUrl\":\"https:\/\/nordnesrepublikken.no\/wp-content\/uploads\/2025\/02\/cropped-nordnesrepublikken-2.png\",\"width\":1248,\"height\":362,\"caption\":\"Nordnesrepublikken\"},\"image\":{\"@id\":\"https:\/\/nordnesrepublikken.no\/#\/schema\/logo\/image\/\"}},{\"@type\":\"Person\",\"@id\":\"https:\/\/nordnesrepublikken.no\/#\/schema\/person\/84c306b32f7a22b4f294a8756f3fde65\",\"name\":\"Erik Dahlgren\",\"image\":{\"@type\":\"ImageObject\",\"inLanguage\":\"nb-NO\",\"@id\":\"https:\/\/nordnesrepublikken.no\/#\/schema\/person\/image\/\",\"url\":\"https:\/\/nordnesrepublikken.no\/wp-content\/uploads\/2025\/07\/Capture-decran-2025-07-31-a-15.22.01-150x150.png\",\"contentUrl\":\"https:\/\/nordnesrepublikken.no\/wp-content\/uploads\/2025\/07\/Capture-decran-2025-07-31-a-15.22.01-150x150.png\",\"caption\":\"Erik Dahlgren\"},\"description\":\"Erik Dahlgren er en allsidig journalist med base i Oslo, spesialisert p\u00e5 hus, hage og b\u00e6rekraftige boformer. Han kombinerer praktiske guider for byhager og interi\u00f8r med dypere milj\u00f8journalistikk og reportasjer. Med et tilgjengelig, engasjerende spr\u00e5k bidrar han til \u00e5 inspirere b\u00e5de huseiere og milj\u00f8bevisste lesere.\"}]}<\/script>\n<!-- \/ Yoast SEO plugin. -->","yoast_head_json":{"title":"Livrenter og sparekontoer i fare? Bayrou advarer mot nytt skattegrep - Nordnesrepublikken","robots":{"index":"index","follow":"follow","max-snippet":"max-snippet:-1","max-image-preview":"max-image-preview:large","max-video-preview":"max-video-preview:-1"},"canonical":"https:\/\/nordnesrepublikken.no\/index.php\/2025\/09\/16\/livrenter-og-sparekontoer-i-fare-bayrou-advarer-mot-nytt-skattegrep\/","og_locale":"nb_NO","og_type":"article","og_title":"Livrenter og sparekontoer i fare? Bayrou advarer mot nytt skattegrep - Nordnesrepublikken","og_description":"Den franske statsministeren Fran\u00e7ois Bayrou har varslet at husholdningenes sparekontoer og livrenter kan bli rammet","og_url":"https:\/\/nordnesrepublikken.no\/index.php\/2025\/09\/16\/livrenter-og-sparekontoer-i-fare-bayrou-advarer-mot-nytt-skattegrep\/","og_site_name":"Nordnesrepublikken","article_published_time":"2025-09-16T06:00:00+00:00","og_image":[{"width":1200,"height":800,"url":"https:\/\/nordnesrepublikken.no\/wp-content\/uploads\/2025\/09\/15.jpg","type":"image\/jpeg"}],"author":"Erik Dahlgren","twitter_card":"summary_large_image","twitter_misc":{"Skrevet av":"Erik Dahlgren","Ansl. lesetid":"3 minutter"},"schema":{"@context":"https:\/\/schema.org","@graph":[{"@type":"Article","@id":"https:\/\/nordnesrepublikken.no\/index.php\/2025\/09\/16\/livrenter-og-sparekontoer-i-fare-bayrou-advarer-mot-nytt-skattegrep\/#article","isPartOf":{"@id":"https:\/\/nordnesrepublikken.no\/index.php\/2025\/09\/16\/livrenter-og-sparekontoer-i-fare-bayrou-advarer-mot-nytt-skattegrep\/"},"author":{"name":"Erik Dahlgren","@id":"https:\/\/nordnesrepublikken.no\/#\/schema\/person\/84c306b32f7a22b4f294a8756f3fde65"},"headline":"Livrenter og sparekontoer i fare? Bayrou advarer mot nytt skattegrep","datePublished":"2025-09-16T06:00:00+00:00","mainEntityOfPage":{"@id":"https:\/\/nordnesrepublikken.no\/index.php\/2025\/09\/16\/livrenter-og-sparekontoer-i-fare-bayrou-advarer-mot-nytt-skattegrep\/"},"wordCount":423,"publisher":{"@id":"https:\/\/nordnesrepublikken.no\/#organization"},"image":{"@id":"https:\/\/nordnesrepublikken.no\/index.php\/2025\/09\/16\/livrenter-og-sparekontoer-i-fare-bayrou-advarer-mot-nytt-skattegrep\/#primaryimage"},"thumbnailUrl":"https:\/\/nordnesrepublikken.no\/wp-content\/uploads\/2025\/09\/15.jpg","articleSection":["Nyheter"],"inLanguage":"nb-NO"},{"@type":"WebPage","@id":"https:\/\/nordnesrepublikken.no\/index.php\/2025\/09\/16\/livrenter-og-sparekontoer-i-fare-bayrou-advarer-mot-nytt-skattegrep\/","url":"https:\/\/nordnesrepublikken.no\/index.php\/2025\/09\/16\/livrenter-og-sparekontoer-i-fare-bayrou-advarer-mot-nytt-skattegrep\/","name":"Livrenter og sparekontoer i fare? Bayrou advarer mot nytt skattegrep - Nordnesrepublikken","isPartOf":{"@id":"https:\/\/nordnesrepublikken.no\/#website"},"primaryImageOfPage":{"@id":"https:\/\/nordnesrepublikken.no\/index.php\/2025\/09\/16\/livrenter-og-sparekontoer-i-fare-bayrou-advarer-mot-nytt-skattegrep\/#primaryimage"},"image":{"@id":"https:\/\/nordnesrepublikken.no\/index.php\/2025\/09\/16\/livrenter-og-sparekontoer-i-fare-bayrou-advarer-mot-nytt-skattegrep\/#primaryimage"},"thumbnailUrl":"https:\/\/nordnesrepublikken.no\/wp-content\/uploads\/2025\/09\/15.jpg","datePublished":"2025-09-16T06:00:00+00:00","breadcrumb":{"@id":"https:\/\/nordnesrepublikken.no\/index.php\/2025\/09\/16\/livrenter-og-sparekontoer-i-fare-bayrou-advarer-mot-nytt-skattegrep\/#breadcrumb"},"inLanguage":"nb-NO","potentialAction":[{"@type":"ReadAction","target":["https:\/\/nordnesrepublikken.no\/index.php\/2025\/09\/16\/livrenter-og-sparekontoer-i-fare-bayrou-advarer-mot-nytt-skattegrep\/"]}]},{"@type":"ImageObject","inLanguage":"nb-NO","@id":"https:\/\/nordnesrepublikken.no\/index.php\/2025\/09\/16\/livrenter-og-sparekontoer-i-fare-bayrou-advarer-mot-nytt-skattegrep\/#primaryimage","url":"https:\/\/nordnesrepublikken.no\/wp-content\/uploads\/2025\/09\/15.jpg","contentUrl":"https:\/\/nordnesrepublikken.no\/wp-content\/uploads\/2025\/09\/15.jpg","width":1200,"height":800,"caption":"Livrenter og sparekontoer i fare? Bayrou advarer mot nytt skattegrep"},{"@type":"BreadcrumbList","@id":"https:\/\/nordnesrepublikken.no\/index.php\/2025\/09\/16\/livrenter-og-sparekontoer-i-fare-bayrou-advarer-mot-nytt-skattegrep\/#breadcrumb","itemListElement":[{"@type":"ListItem","position":1,"name":"Home","item":"https:\/\/nordnesrepublikken.no\/"},{"@type":"ListItem","position":2,"name":"Livrenter og sparekontoer i fare? Bayrou advarer mot nytt skattegrep"}]},{"@type":"WebSite","@id":"https:\/\/nordnesrepublikken.no\/#website","url":"https:\/\/nordnesrepublikken.no\/","name":"Nordnesrepublikken","description":"Stemmer og Visjoner fra Republikkens Hjerte","publisher":{"@id":"https:\/\/nordnesrepublikken.no\/#organization"},"potentialAction":[{"@type":"SearchAction","target":{"@type":"EntryPoint","urlTemplate":"https:\/\/nordnesrepublikken.no\/?s={search_term_string}"},"query-input":{"@type":"PropertyValueSpecification","valueRequired":true,"valueName":"search_term_string"}}],"inLanguage":"nb-NO"},{"@type":"Organization","@id":"https:\/\/nordnesrepublikken.no\/#organization","name":"Nordnesrepublikken","url":"https:\/\/nordnesrepublikken.no\/","logo":{"@type":"ImageObject","inLanguage":"nb-NO","@id":"https:\/\/nordnesrepublikken.no\/#\/schema\/logo\/image\/","url":"https:\/\/nordnesrepublikken.no\/wp-content\/uploads\/2025\/02\/cropped-nordnesrepublikken-2.png","contentUrl":"https:\/\/nordnesrepublikken.no\/wp-content\/uploads\/2025\/02\/cropped-nordnesrepublikken-2.png","width":1248,"height":362,"caption":"Nordnesrepublikken"},"image":{"@id":"https:\/\/nordnesrepublikken.no\/#\/schema\/logo\/image\/"}},{"@type":"Person","@id":"https:\/\/nordnesrepublikken.no\/#\/schema\/person\/84c306b32f7a22b4f294a8756f3fde65","name":"Erik Dahlgren","image":{"@type":"ImageObject","inLanguage":"nb-NO","@id":"https:\/\/nordnesrepublikken.no\/#\/schema\/person\/image\/","url":"https:\/\/nordnesrepublikken.no\/wp-content\/uploads\/2025\/07\/Capture-decran-2025-07-31-a-15.22.01-150x150.png","contentUrl":"https:\/\/nordnesrepublikken.no\/wp-content\/uploads\/2025\/07\/Capture-decran-2025-07-31-a-15.22.01-150x150.png","caption":"Erik Dahlgren"},"description":"Erik Dahlgren er en allsidig journalist med base i Oslo, spesialisert p\u00e5 hus, hage og b\u00e6rekraftige boformer. Han kombinerer praktiske guider for byhager og interi\u00f8r med dypere milj\u00f8journalistikk og reportasjer. Med et tilgjengelig, engasjerende spr\u00e5k bidrar han til \u00e5 inspirere b\u00e5de huseiere og milj\u00f8bevisste lesere."}]}},"_links":{"self":[{"href":"https:\/\/nordnesrepublikken.no\/index.php\/wp-json\/wp\/v2\/posts\/9606","targetHints":{"allow":["GET"]}}],"collection":[{"href":"https:\/\/nordnesrepublikken.no\/index.php\/wp-json\/wp\/v2\/posts"}],"about":[{"href":"https:\/\/nordnesrepublikken.no\/index.php\/wp-json\/wp\/v2\/types\/post"}],"author":[{"embeddable":true,"href":"https:\/\/nordnesrepublikken.no\/index.php\/wp-json\/wp\/v2\/users\/4"}],"replies":[{"embeddable":true,"href":"https:\/\/nordnesrepublikken.no\/index.php\/wp-json\/wp\/v2\/comments?post=9606"}],"version-history":[{"count":1,"href":"https:\/\/nordnesrepublikken.no\/index.php\/wp-json\/wp\/v2\/posts\/9606\/revisions"}],"predecessor-version":[{"id":9608,"href":"https:\/\/nordnesrepublikken.no\/index.php\/wp-json\/wp\/v2\/posts\/9606\/revisions\/9608"}],"wp:featuredmedia":[{"embeddable":true,"href":"https:\/\/nordnesrepublikken.no\/index.php\/wp-json\/wp\/v2\/media\/9607"}],"wp:attachment":[{"href":"https:\/\/nordnesrepublikken.no\/index.php\/wp-json\/wp\/v2\/media?parent=9606"}],"wp:term":[{"taxonomy":"category","embeddable":true,"href":"https:\/\/nordnesrepublikken.no\/index.php\/wp-json\/wp\/v2\/categories?post=9606"},{"taxonomy":"post_tag","embeddable":true,"href":"https:\/\/nordnesrepublikken.no\/index.php\/wp-json\/wp\/v2\/tags?post=9606"}],"curies":[{"name":"wp","href":"https:\/\/api.w.org\/{rel}","templated":true}]}}