{"id":9596,"date":"2025-09-15T20:51:06","date_gmt":"2025-09-15T18:51:06","guid":{"rendered":"https:\/\/nordnesrepublikken.no\/index.php\/2025\/09\/15\/pa-hvilket-tidspunkt-den-nye-oppdateringen-kommer-ut-hvordan-du-laster-den-ned-og-hvilke-endringer\/"},"modified":"2025-09-15T20:51:08","modified_gmt":"2025-09-15T18:51:08","slug":"pa-hvilket-tidspunkt-den-nye-oppdateringen-kommer-ut-hvordan-du-laster-den-ned-og-hvilke-endringer","status":"publish","type":"post","link":"https:\/\/nordnesrepublikken.no\/index.php\/2025\/09\/15\/pa-hvilket-tidspunkt-den-nye-oppdateringen-kommer-ut-hvordan-du-laster-den-ned-og-hvilke-endringer\/","title":{"rendered":"P\u00e5 hvilket tidspunkt den nye oppdateringen kommer ut, hvordan du laster den ned og hvilke endringer"},"content":{"rendered":"<div>\n<div class=\"cp_wrapper cp_wrapper--fw mb-30 mb-20@tablet\">\n<figure class=\"mm\"><picture class=\"img\" style=\"padding-top:56.25%\"><source  media=\"(min-width: 1024px)\"><source  media=\"(min-width: 768px)\"><\/source><\/source><\/picture><\/figure>\n<\/p><\/div>\n<p>Kommer i dag 15. september 2025, <strong>iOS 26<\/strong>: Det nye Apple -operativsystemet og en av de viktigste oppdateringene de siste \u00e5rene for de som bruker <strong>iPhone<\/strong>. Det nye operativsystemet er allerede tilgjengelig fra denne kvelden (fra <strong>19:00 italiensk<\/strong>) og har tre viktige elementer med seg: et nytt grensesnitt redesignet med materialet <strong>&laquo;Flytende glass&raquo;<\/strong>det vil si en visuell effekt som gj\u00f8r skjermene gjennomskinnelige og dynamiske; den dypeste integrasjonen av <strong>Apple Intelligence<\/strong>den kunstige intelligensplattformen designet for \u00e5 fungere direkte p\u00e5 enheten uten \u00e5 sende data til serverne; og en lang rekke forbedringer av daglige apper som som <strong>Meldinger<\/strong>, <strong>Telefon<\/strong>, <strong>Foto<\/strong> Og <strong>Musikk<\/strong>. Oppdateringen kan lastes ned og installeres p\u00e5 vanlig m\u00e5te av iPhone -innstillingene, og i denne artikkelen vil vi forklare i detalj hvordan vi gj\u00f8r det.<\/p>\n<h2>Den nye iOS 26 av Apple for iPhone: Hva tid kommer ut og egenskapene<\/h2>\n<p>Det f\u00f8rste aspektet som kan sees ved \u00e5 oppdatere iPhone A <strong>iOS 26 <\/strong>Fra 19.00 italiensk mandag 15. september, ang\u00e5r det<strong>Grafikkgrensesnitt<\/strong>at han ikke led en s\u00e5 viktig restyling fra tidspunktet for<strong> iOS 7<\/strong> (kunngjort 10. juni 2013), da Apple forlot den ikoniske designen basert p\u00e5 <strong>Scheumorphism<\/strong> Til fordel for en mer &laquo;ren&raquo;, flat og minimalistisk grafikk. Den nye grafikken til iOS 26 introduserte konseptet med <strong>Flytende glass<\/strong>et slags flytende glass som bryter og gjenspeiler innholdet p\u00e5 skjermen, og gir transparenter og lysspill som lager ikoner, widgeter og mer dynamiske og fengslende kontroller. Klokken i l\u00e5seskjermen tilpasser seg bakgrunnen, mens ikonene til appene kan tilpasses med gjennomsiktige farger, metoder og lys eller m\u00f8rke stiler. Det er en tiln\u00e6rming som Android har tilbudt i noen tid, men her setter Apple inn den jevnt gjennom hele \u00f8kosystemet (og som derfor ogs\u00e5 karakteriserer <strong>ipados 26<\/strong>,<strong> MacOS 26<\/strong>,<strong> WatchOS 26<\/strong> og alle de andre operativsystemene til produktene fra det &laquo;bitne eple&raquo;). Du kan sette pris p\u00e5 en del av den nye grafiske opplevelsen av iOS 26 i f\u00f8lgende demonstrative video produsert av Apple.<\/p>\n<p>P\u00e5 den funksjonelle fronten er hovednyten styrking av <strong>Apple Intelligence<\/strong>. Det er en serie verkt\u00f8y basert p\u00e5 kunstig intelligens som fungerer direkte p\u00e5 iPhone, og beskytter konfidensialiteten til dataene. Blant de mest interessante funksjonene er det <strong>Sanntidsoversettelse av tekster, samtaler og videosamtaler<\/strong>selv om italiensk enn\u00e5 ikke st\u00f8ttes. I <strong>Meldinger<\/strong> Du kan automatisk filtrere ukjente avsendere, lage avstemninger for \u00e5 organisere gruppeaktiviteter eller generere personlig bakgrunn med Image Playground -appen. Den s\u00e5 -kalt <strong>&laquo;Genmoji&raquo;<\/strong> De lar deg kombinere flere emojier eller tekstbeskrivelser for \u00e5 lage unike symboler, og utvide visuelt spr\u00e5k i chatter.<\/p>\n<p>Ogs\u00e5 appen <strong>Telefon<\/strong> mottar en betydelig oppdatering: den nye funksjonen <strong>Samtalescreening<\/strong> Vis i sanntid hvem som ringer deg og hva det st\u00e5r, slik at du kan bestemme om du vil svare eller ikke. Med <strong>Hold assist<\/strong>P\u00e5 den annen side advarer iPhone deg n\u00e5r en operat\u00f8r endelig er tilgjengelig mens du venter. Dessverre er disse to funksjonene enn\u00e5 ikke tilgjengelige p\u00e5 italiensk.<\/p>\n<p><strong>Apple musikk<\/strong> Legger til oversettelsen av tekstene og modusen <strong>Automix<\/strong> Det blekner sangene som en DJ ville gjort. Appen <strong>Lommebok<\/strong> Det er beriket med avbetalingsbetalinger via Apple Pay og med boardingkort oppdatert i sanntid. Nyheter ogs\u00e5 for reisen:<strong>Integrasjon med kart og hvor det er<\/strong> Det hjelper til \u00e5 bedre administrere fly og bagasje. Videospill vil finne <strong>Nye Apple Games -app<\/strong>designet for \u00e5 samle titler, arrangementer og oppdateringer i et enkelt rom, inkludert Apple Arcade.<\/p>\n<p>Fra et teknisk synspunkt ankommer de <strong>Adaptiv kraft<\/strong>som automatisk optimaliserer forbruket for \u00e5 forlenge batteriet, e <strong>Nye sjekker for lyd<\/strong> som lar deg velge forskjellige mikrofoners kontrollsenter avhengig av appen som er i bruk. Oppmerksomheten til tilgjengeligheten vokser med <strong>Braille tilgang<\/strong> (et nytt grensesnitt for Apple -smarttelefoner koblet til en blindeskrift) E <strong>Tilgjengelighetsleser <\/strong>(som tilbyr et personlig leseniv\u00e5).<\/p>\n<h2>Hva er de kompatible enhetene med iOS 26 og minimumskrav n\u00f8dvendig<\/h2>\n<p>N\u00e5r det gjelder <strong>Minimumskrav<\/strong> For \u00e5 v\u00e6re forn\u00f8yd med \u00e5 kunne installere iOS 26, viser vi under alle kompatible modellene.<\/p>\n<ul>\n<li>iPhone 17, 17 Pro, 17 Pro Max<\/li>\n<li>iPhone Air<\/li>\n<li>iPhone 16E, 16 og 16 Plus, iPhone 16 Pro, 16 Pro Max<\/li>\n<li>iPhone 15, 15 Plus, 15 Pro, 15 Pro Max<\/li>\n<li>iPhone 14, 14 Plus, 14 Pro, 14 Pro Max<\/li>\n<li>iPhone 13, 13 Mini, 13 Pro, 13 Pro Max<\/li>\n<li>iPhone 12, 12 Mini, 12 Pro, 12 Pro Max<\/li>\n<li>iPhone 11, 11 Pro, 11 Pro Max<\/li>\n<li>iPhone SE (2. generasjon) og etterf\u00f8lgende<\/li>\n<\/ul>\n<p>Som p\u00e5pekt av Apple, \u00ab<em>Funksjonene til Apple Intelligence beskrevet krever kompatible enheter, som inkluderer alle modellene iPhone 16, iPhone 15 Pro, iPhone 15 Pro Max (&#8230;) og p\u00e5f\u00f8lgende versjoner med Apple Intelligence kvalifisert og Siri og spr\u00e5ket til enheten satt p\u00e5 det samme st\u00f8ttede spr\u00e5ket: engelsk, fransk, tysk, italiensk)<\/em>\u00bb.<\/p>\n<p>Oppdateringen til iOS 26 av iPhones nevnt ovenfor er <strong>gratis<\/strong>men f\u00f8r du fortsetter med nedlastingen, m\u00e5 du s\u00f8rge for at du har det<strong> tilstrekkelig ledig plass <\/strong>(Vi anbefaler deg \u00e5 ha det <strong>Minst 10 GB gratis<\/strong>).<\/p>\n<h2>Hvordan laste ned iOS 26 fra iPhone: Oppdater operativsystemet<\/h2>\n<p>Til <strong>Last ned oppdateringen til iOS 26<\/strong> Du kan fortsette direkte fra iPhone, og tyr til den s\u00e5 -kalt <strong>Oppdatering via OTA<\/strong> (<em>Over luften<\/em>). F\u00f8r du fortsetter, m\u00e5 du s\u00f8rge for at du har det <strong>minst 50% batteri<\/strong>for \u00e5 v\u00e6re koblet til en <strong>Stabil Wi-Fi-nettverk<\/strong> og \u00e5 ha laget en <strong>Data -sikkerhetskopi p\u00e5 iCloud<\/strong>.<\/p>\n<p>Etter <strong>19:00<\/strong> I dag er det bare \u00e5 g\u00e5 inn i <strong>Innstillinger<\/strong>velg varene <strong>Generaler> programvareoppdatering<\/strong> (eller <strong>En programvareoppdatering er tilgjengelig<\/strong>hvis du har mottatt varselet om tilgjengeligheten av oppdateringen). P\u00e5 det tidspunktet vil stemmen vises <strong>Oppdater til iOS 26<\/strong>: trykk, sett inn <strong>L\u00e5s opp kode<\/strong>s\u00f8rge for <strong>Godta vilk\u00e5rene<\/strong> Og iPhone vil laste ned de n\u00f8dvendige filene. Nedlastingen kan ta flere minutter, men i mellomtiden forblir enheten brukbar. N\u00e5r du er klar, kan du velge om du vil installere oppdateringen umiddelbart (<strong>Oppdatering n\u00e5<\/strong>) eller utsette (<strong>Oppdatering i kveld<\/strong>). Under installasjonen starter iPhone p\u00e5 nytt flere ganger, og viser en forh\u00e5ndslinje. P\u00e5 slutten vil f\u00e5 bekreftelser bli bedt om \u00e5 aktivere de nye funksjonene.<\/p>\n<div class=\"cp_wrapper cp_wrapper--fw mb-50\">\n<figure class=\"mm\"><picture class=\"img\" style=\"padding-top:72.136752136752%\"><source  media=\"(min-width: 1024px)\"><source  media=\"(min-width: 768px)\"><img decoding=\"async\" loading=\"lazy\" src=\"https:\/\/nordnesrepublikken.no\/wp-content\/uploads\/2025\/09\/Pa-hvilket-tidspunkt-den-nye-oppdateringen-kommer-ut-hvordan-du.jpeg\" alt=\"Bilde\" width=\"3510\" height=\"2532\"\/><\/source><\/source><\/picture><\/figure>\n<\/p><\/div>\n<\/p><\/div>\n","protected":false},"excerpt":{"rendered":"<p>Kommer i dag 15. september 2025, iOS 26: Det nye Apple -operativsystemet og en av<\/p>\n","protected":false},"author":1,"featured_media":9597,"comment_status":"closed","ping_status":"open","sticky":false,"template":"","format":"standard","meta":{"footnotes":""},"categories":[25],"tags":[74,785,784,3454,112,1046,6030,324,260,2817,81,3455],"class_list":["post-9596","post","type-post","status-publish","format-standard","has-post-thumbnail","hentry","category-teknologi","tag-den","tag-endringer","tag-hvilke","tag-hvilket","tag-hvordan","tag-kommer","tag-laster","tag-ned","tag-nye","tag-oppdateringen","tag-pa","tag-tidspunkt","generate-columns","tablet-grid-50","mobile-grid-100","grid-parent","grid-33","resize-featured-image"],"yoast_head":"<!-- This site is optimized with the Yoast SEO plugin v24.4 - https:\/\/yoast.com\/wordpress\/plugins\/seo\/ -->\n<title>P\u00e5 hvilket tidspunkt den nye oppdateringen kommer ut, hvordan du laster den ned og hvilke endringer - Nordnesrepublikken<\/title>\n<meta name=\"robots\" content=\"index, follow, max-snippet:-1, max-image-preview:large, max-video-preview:-1\" \/>\n<link rel=\"canonical\" href=\"https:\/\/nordnesrepublikken.no\/index.php\/2025\/09\/15\/pa-hvilket-tidspunkt-den-nye-oppdateringen-kommer-ut-hvordan-du-laster-den-ned-og-hvilke-endringer\/\" \/>\n<meta property=\"og:locale\" content=\"nb_NO\" \/>\n<meta property=\"og:type\" content=\"article\" \/>\n<meta property=\"og:title\" content=\"P\u00e5 hvilket tidspunkt den nye oppdateringen kommer ut, hvordan du laster den ned og hvilke endringer - Nordnesrepublikken\" \/>\n<meta property=\"og:description\" content=\"Kommer i dag 15. september 2025, iOS 26: Det nye Apple -operativsystemet og en av\" \/>\n<meta property=\"og:url\" content=\"https:\/\/nordnesrepublikken.no\/index.php\/2025\/09\/15\/pa-hvilket-tidspunkt-den-nye-oppdateringen-kommer-ut-hvordan-du-laster-den-ned-og-hvilke-endringer\/\" \/>\n<meta property=\"og:site_name\" content=\"Nordnesrepublikken\" \/>\n<meta property=\"article:published_time\" content=\"2025-09-15T18:51:06+00:00\" \/>\n<meta property=\"article:modified_time\" content=\"2025-09-15T18:51:08+00:00\" \/>\n<meta property=\"og:image\" content=\"https:\/\/nordnesrepublikken.no\/wp-content\/uploads\/2025\/09\/1757962267_Pa-hvilket-tidspunkt-den-nye-oppdateringen-kommer-ut-hvordan-du.jpg\" \/>\n\t<meta property=\"og:image:width\" content=\"1400\" \/>\n\t<meta property=\"og:image:height\" content=\"810\" \/>\n\t<meta property=\"og:image:type\" content=\"image\/jpeg\" \/>\n<meta name=\"author\" content=\"Ole Andersen\" \/>\n<meta name=\"twitter:card\" content=\"summary_large_image\" \/>\n<meta name=\"twitter:label1\" content=\"Skrevet av\" \/>\n\t<meta name=\"twitter:data1\" content=\"Ole Andersen\" \/>\n\t<meta name=\"twitter:label2\" content=\"Ansl. lesetid\" \/>\n\t<meta name=\"twitter:data2\" content=\"5 minutter\" \/>\n<script type=\"application\/ld+json\" class=\"yoast-schema-graph\">{\"@context\":\"https:\/\/schema.org\",\"@graph\":[{\"@type\":\"Article\",\"@id\":\"https:\/\/nordnesrepublikken.no\/index.php\/2025\/09\/15\/pa-hvilket-tidspunkt-den-nye-oppdateringen-kommer-ut-hvordan-du-laster-den-ned-og-hvilke-endringer\/#article\",\"isPartOf\":{\"@id\":\"https:\/\/nordnesrepublikken.no\/index.php\/2025\/09\/15\/pa-hvilket-tidspunkt-den-nye-oppdateringen-kommer-ut-hvordan-du-laster-den-ned-og-hvilke-endringer\/\"},\"author\":{\"name\":\"Ole Andersen\",\"@id\":\"https:\/\/nordnesrepublikken.no\/#\/schema\/person\/2e7e81935bab77882fffb79296240ff1\"},\"headline\":\"P\u00e5 hvilket tidspunkt den nye oppdateringen kommer ut, hvordan du laster den ned og hvilke endringer\",\"datePublished\":\"2025-09-15T18:51:06+00:00\",\"dateModified\":\"2025-09-15T18:51:08+00:00\",\"mainEntityOfPage\":{\"@id\":\"https:\/\/nordnesrepublikken.no\/index.php\/2025\/09\/15\/pa-hvilket-tidspunkt-den-nye-oppdateringen-kommer-ut-hvordan-du-laster-den-ned-og-hvilke-endringer\/\"},\"wordCount\":946,\"publisher\":{\"@id\":\"https:\/\/nordnesrepublikken.no\/#organization\"},\"image\":{\"@id\":\"https:\/\/nordnesrepublikken.no\/index.php\/2025\/09\/15\/pa-hvilket-tidspunkt-den-nye-oppdateringen-kommer-ut-hvordan-du-laster-den-ned-og-hvilke-endringer\/#primaryimage\"},\"thumbnailUrl\":\"https:\/\/nordnesrepublikken.no\/wp-content\/uploads\/2025\/09\/1757962267_Pa-hvilket-tidspunkt-den-nye-oppdateringen-kommer-ut-hvordan-du.jpg\",\"keywords\":[\"den\",\"endringer\",\"hvilke\",\"hvilket\",\"Hvordan\",\"kommer\",\"laster\",\"ned\",\"nye\",\"Oppdateringen\",\"p\u00e5\",\"tidspunkt\"],\"articleSection\":[\"Teknologi\"],\"inLanguage\":\"nb-NO\"},{\"@type\":\"WebPage\",\"@id\":\"https:\/\/nordnesrepublikken.no\/index.php\/2025\/09\/15\/pa-hvilket-tidspunkt-den-nye-oppdateringen-kommer-ut-hvordan-du-laster-den-ned-og-hvilke-endringer\/\",\"url\":\"https:\/\/nordnesrepublikken.no\/index.php\/2025\/09\/15\/pa-hvilket-tidspunkt-den-nye-oppdateringen-kommer-ut-hvordan-du-laster-den-ned-og-hvilke-endringer\/\",\"name\":\"P\u00e5 hvilket tidspunkt den nye oppdateringen kommer ut, hvordan du laster den ned og hvilke endringer - Nordnesrepublikken\",\"isPartOf\":{\"@id\":\"https:\/\/nordnesrepublikken.no\/#website\"},\"primaryImageOfPage\":{\"@id\":\"https:\/\/nordnesrepublikken.no\/index.php\/2025\/09\/15\/pa-hvilket-tidspunkt-den-nye-oppdateringen-kommer-ut-hvordan-du-laster-den-ned-og-hvilke-endringer\/#primaryimage\"},\"image\":{\"@id\":\"https:\/\/nordnesrepublikken.no\/index.php\/2025\/09\/15\/pa-hvilket-tidspunkt-den-nye-oppdateringen-kommer-ut-hvordan-du-laster-den-ned-og-hvilke-endringer\/#primaryimage\"},\"thumbnailUrl\":\"https:\/\/nordnesrepublikken.no\/wp-content\/uploads\/2025\/09\/1757962267_Pa-hvilket-tidspunkt-den-nye-oppdateringen-kommer-ut-hvordan-du.jpg\",\"datePublished\":\"2025-09-15T18:51:06+00:00\",\"dateModified\":\"2025-09-15T18:51:08+00:00\",\"breadcrumb\":{\"@id\":\"https:\/\/nordnesrepublikken.no\/index.php\/2025\/09\/15\/pa-hvilket-tidspunkt-den-nye-oppdateringen-kommer-ut-hvordan-du-laster-den-ned-og-hvilke-endringer\/#breadcrumb\"},\"inLanguage\":\"nb-NO\",\"potentialAction\":[{\"@type\":\"ReadAction\",\"target\":[\"https:\/\/nordnesrepublikken.no\/index.php\/2025\/09\/15\/pa-hvilket-tidspunkt-den-nye-oppdateringen-kommer-ut-hvordan-du-laster-den-ned-og-hvilke-endringer\/\"]}]},{\"@type\":\"ImageObject\",\"inLanguage\":\"nb-NO\",\"@id\":\"https:\/\/nordnesrepublikken.no\/index.php\/2025\/09\/15\/pa-hvilket-tidspunkt-den-nye-oppdateringen-kommer-ut-hvordan-du-laster-den-ned-og-hvilke-endringer\/#primaryimage\",\"url\":\"https:\/\/nordnesrepublikken.no\/wp-content\/uploads\/2025\/09\/1757962267_Pa-hvilket-tidspunkt-den-nye-oppdateringen-kommer-ut-hvordan-du.jpg\",\"contentUrl\":\"https:\/\/nordnesrepublikken.no\/wp-content\/uploads\/2025\/09\/1757962267_Pa-hvilket-tidspunkt-den-nye-oppdateringen-kommer-ut-hvordan-du.jpg\",\"width\":1400,\"height\":810,\"caption\":\"Immagine\"},{\"@type\":\"BreadcrumbList\",\"@id\":\"https:\/\/nordnesrepublikken.no\/index.php\/2025\/09\/15\/pa-hvilket-tidspunkt-den-nye-oppdateringen-kommer-ut-hvordan-du-laster-den-ned-og-hvilke-endringer\/#breadcrumb\",\"itemListElement\":[{\"@type\":\"ListItem\",\"position\":1,\"name\":\"Home\",\"item\":\"https:\/\/nordnesrepublikken.no\/\"},{\"@type\":\"ListItem\",\"position\":2,\"name\":\"P\u00e5 hvilket tidspunkt den nye oppdateringen kommer ut, hvordan du laster den ned og hvilke endringer\"}]},{\"@type\":\"WebSite\",\"@id\":\"https:\/\/nordnesrepublikken.no\/#website\",\"url\":\"https:\/\/nordnesrepublikken.no\/\",\"name\":\"Nordnesrepublikken\",\"description\":\"Stemmer og Visjoner fra Republikkens Hjerte\",\"publisher\":{\"@id\":\"https:\/\/nordnesrepublikken.no\/#organization\"},\"potentialAction\":[{\"@type\":\"SearchAction\",\"target\":{\"@type\":\"EntryPoint\",\"urlTemplate\":\"https:\/\/nordnesrepublikken.no\/?s={search_term_string}\"},\"query-input\":{\"@type\":\"PropertyValueSpecification\",\"valueRequired\":true,\"valueName\":\"search_term_string\"}}],\"inLanguage\":\"nb-NO\"},{\"@type\":\"Organization\",\"@id\":\"https:\/\/nordnesrepublikken.no\/#organization\",\"name\":\"Nordnesrepublikken\",\"url\":\"https:\/\/nordnesrepublikken.no\/\",\"logo\":{\"@type\":\"ImageObject\",\"inLanguage\":\"nb-NO\",\"@id\":\"https:\/\/nordnesrepublikken.no\/#\/schema\/logo\/image\/\",\"url\":\"https:\/\/nordnesrepublikken.no\/wp-content\/uploads\/2025\/02\/cropped-nordnesrepublikken-2.png\",\"contentUrl\":\"https:\/\/nordnesrepublikken.no\/wp-content\/uploads\/2025\/02\/cropped-nordnesrepublikken-2.png\",\"width\":1248,\"height\":362,\"caption\":\"Nordnesrepublikken\"},\"image\":{\"@id\":\"https:\/\/nordnesrepublikken.no\/#\/schema\/logo\/image\/\"}},{\"@type\":\"Person\",\"@id\":\"https:\/\/nordnesrepublikken.no\/#\/schema\/person\/2e7e81935bab77882fffb79296240ff1\",\"name\":\"Ole Andersen\",\"image\":{\"@type\":\"ImageObject\",\"inLanguage\":\"nb-NO\",\"@id\":\"https:\/\/nordnesrepublikken.no\/#\/schema\/person\/image\/\",\"url\":\"https:\/\/nordnesrepublikken.no\/wp-content\/uploads\/2025\/02\/nordnesrepublikken-2-2-150x150.jpg\",\"contentUrl\":\"https:\/\/nordnesrepublikken.no\/wp-content\/uploads\/2025\/02\/nordnesrepublikken-2-2-150x150.jpg\",\"caption\":\"Ole Andersen\"},\"description\":\"Ettersom jeg vokste opp i Oslo, har jeg alltid v\u00e6rt fascinert av ordenes kraft og deres evne til \u00e5 skape endringer. Etter \u00e5 ha fullf\u00f8rt min utdannelse i kommunikasjon ved Universitetet i Bergen, fikk jeg muligheten til \u00e5 jobbe innen ulike medier, der jeg har s\u00f8kt \u00e5 belyse viktige samfunnssp\u00f8rsm\u00e5l. I dag, som redakt\u00f8r for Nordnesrepublikken, pr\u00f8ver jeg \u00e5 forene min kj\u00e6rlighet for journalistikk med min lidenskap for innovasjon og eventyr.\",\"sameAs\":[\"https:\/\/nordnesrepublikken.no\/\"]}]}<\/script>\n<!-- \/ Yoast SEO plugin. -->","yoast_head_json":{"title":"P\u00e5 hvilket tidspunkt den nye oppdateringen kommer ut, hvordan du laster den ned og hvilke endringer - Nordnesrepublikken","robots":{"index":"index","follow":"follow","max-snippet":"max-snippet:-1","max-image-preview":"max-image-preview:large","max-video-preview":"max-video-preview:-1"},"canonical":"https:\/\/nordnesrepublikken.no\/index.php\/2025\/09\/15\/pa-hvilket-tidspunkt-den-nye-oppdateringen-kommer-ut-hvordan-du-laster-den-ned-og-hvilke-endringer\/","og_locale":"nb_NO","og_type":"article","og_title":"P\u00e5 hvilket tidspunkt den nye oppdateringen kommer ut, hvordan du laster den ned og hvilke endringer - Nordnesrepublikken","og_description":"Kommer i dag 15. september 2025, iOS 26: Det nye Apple -operativsystemet og en av","og_url":"https:\/\/nordnesrepublikken.no\/index.php\/2025\/09\/15\/pa-hvilket-tidspunkt-den-nye-oppdateringen-kommer-ut-hvordan-du-laster-den-ned-og-hvilke-endringer\/","og_site_name":"Nordnesrepublikken","article_published_time":"2025-09-15T18:51:06+00:00","article_modified_time":"2025-09-15T18:51:08+00:00","og_image":[{"width":1400,"height":810,"url":"https:\/\/nordnesrepublikken.no\/wp-content\/uploads\/2025\/09\/1757962267_Pa-hvilket-tidspunkt-den-nye-oppdateringen-kommer-ut-hvordan-du.jpg","type":"image\/jpeg"}],"author":"Ole Andersen","twitter_card":"summary_large_image","twitter_misc":{"Skrevet av":"Ole Andersen","Ansl. lesetid":"5 minutter"},"schema":{"@context":"https:\/\/schema.org","@graph":[{"@type":"Article","@id":"https:\/\/nordnesrepublikken.no\/index.php\/2025\/09\/15\/pa-hvilket-tidspunkt-den-nye-oppdateringen-kommer-ut-hvordan-du-laster-den-ned-og-hvilke-endringer\/#article","isPartOf":{"@id":"https:\/\/nordnesrepublikken.no\/index.php\/2025\/09\/15\/pa-hvilket-tidspunkt-den-nye-oppdateringen-kommer-ut-hvordan-du-laster-den-ned-og-hvilke-endringer\/"},"author":{"name":"Ole Andersen","@id":"https:\/\/nordnesrepublikken.no\/#\/schema\/person\/2e7e81935bab77882fffb79296240ff1"},"headline":"P\u00e5 hvilket tidspunkt den nye oppdateringen kommer ut, hvordan du laster den ned og hvilke endringer","datePublished":"2025-09-15T18:51:06+00:00","dateModified":"2025-09-15T18:51:08+00:00","mainEntityOfPage":{"@id":"https:\/\/nordnesrepublikken.no\/index.php\/2025\/09\/15\/pa-hvilket-tidspunkt-den-nye-oppdateringen-kommer-ut-hvordan-du-laster-den-ned-og-hvilke-endringer\/"},"wordCount":946,"publisher":{"@id":"https:\/\/nordnesrepublikken.no\/#organization"},"image":{"@id":"https:\/\/nordnesrepublikken.no\/index.php\/2025\/09\/15\/pa-hvilket-tidspunkt-den-nye-oppdateringen-kommer-ut-hvordan-du-laster-den-ned-og-hvilke-endringer\/#primaryimage"},"thumbnailUrl":"https:\/\/nordnesrepublikken.no\/wp-content\/uploads\/2025\/09\/1757962267_Pa-hvilket-tidspunkt-den-nye-oppdateringen-kommer-ut-hvordan-du.jpg","keywords":["den","endringer","hvilke","hvilket","Hvordan","kommer","laster","ned","nye","Oppdateringen","p\u00e5","tidspunkt"],"articleSection":["Teknologi"],"inLanguage":"nb-NO"},{"@type":"WebPage","@id":"https:\/\/nordnesrepublikken.no\/index.php\/2025\/09\/15\/pa-hvilket-tidspunkt-den-nye-oppdateringen-kommer-ut-hvordan-du-laster-den-ned-og-hvilke-endringer\/","url":"https:\/\/nordnesrepublikken.no\/index.php\/2025\/09\/15\/pa-hvilket-tidspunkt-den-nye-oppdateringen-kommer-ut-hvordan-du-laster-den-ned-og-hvilke-endringer\/","name":"P\u00e5 hvilket tidspunkt den nye oppdateringen kommer ut, hvordan du laster den ned og hvilke endringer - Nordnesrepublikken","isPartOf":{"@id":"https:\/\/nordnesrepublikken.no\/#website"},"primaryImageOfPage":{"@id":"https:\/\/nordnesrepublikken.no\/index.php\/2025\/09\/15\/pa-hvilket-tidspunkt-den-nye-oppdateringen-kommer-ut-hvordan-du-laster-den-ned-og-hvilke-endringer\/#primaryimage"},"image":{"@id":"https:\/\/nordnesrepublikken.no\/index.php\/2025\/09\/15\/pa-hvilket-tidspunkt-den-nye-oppdateringen-kommer-ut-hvordan-du-laster-den-ned-og-hvilke-endringer\/#primaryimage"},"thumbnailUrl":"https:\/\/nordnesrepublikken.no\/wp-content\/uploads\/2025\/09\/1757962267_Pa-hvilket-tidspunkt-den-nye-oppdateringen-kommer-ut-hvordan-du.jpg","datePublished":"2025-09-15T18:51:06+00:00","dateModified":"2025-09-15T18:51:08+00:00","breadcrumb":{"@id":"https:\/\/nordnesrepublikken.no\/index.php\/2025\/09\/15\/pa-hvilket-tidspunkt-den-nye-oppdateringen-kommer-ut-hvordan-du-laster-den-ned-og-hvilke-endringer\/#breadcrumb"},"inLanguage":"nb-NO","potentialAction":[{"@type":"ReadAction","target":["https:\/\/nordnesrepublikken.no\/index.php\/2025\/09\/15\/pa-hvilket-tidspunkt-den-nye-oppdateringen-kommer-ut-hvordan-du-laster-den-ned-og-hvilke-endringer\/"]}]},{"@type":"ImageObject","inLanguage":"nb-NO","@id":"https:\/\/nordnesrepublikken.no\/index.php\/2025\/09\/15\/pa-hvilket-tidspunkt-den-nye-oppdateringen-kommer-ut-hvordan-du-laster-den-ned-og-hvilke-endringer\/#primaryimage","url":"https:\/\/nordnesrepublikken.no\/wp-content\/uploads\/2025\/09\/1757962267_Pa-hvilket-tidspunkt-den-nye-oppdateringen-kommer-ut-hvordan-du.jpg","contentUrl":"https:\/\/nordnesrepublikken.no\/wp-content\/uploads\/2025\/09\/1757962267_Pa-hvilket-tidspunkt-den-nye-oppdateringen-kommer-ut-hvordan-du.jpg","width":1400,"height":810,"caption":"Immagine"},{"@type":"BreadcrumbList","@id":"https:\/\/nordnesrepublikken.no\/index.php\/2025\/09\/15\/pa-hvilket-tidspunkt-den-nye-oppdateringen-kommer-ut-hvordan-du-laster-den-ned-og-hvilke-endringer\/#breadcrumb","itemListElement":[{"@type":"ListItem","position":1,"name":"Home","item":"https:\/\/nordnesrepublikken.no\/"},{"@type":"ListItem","position":2,"name":"P\u00e5 hvilket tidspunkt den nye oppdateringen kommer ut, hvordan du laster den ned og hvilke endringer"}]},{"@type":"WebSite","@id":"https:\/\/nordnesrepublikken.no\/#website","url":"https:\/\/nordnesrepublikken.no\/","name":"Nordnesrepublikken","description":"Stemmer og Visjoner fra Republikkens Hjerte","publisher":{"@id":"https:\/\/nordnesrepublikken.no\/#organization"},"potentialAction":[{"@type":"SearchAction","target":{"@type":"EntryPoint","urlTemplate":"https:\/\/nordnesrepublikken.no\/?s={search_term_string}"},"query-input":{"@type":"PropertyValueSpecification","valueRequired":true,"valueName":"search_term_string"}}],"inLanguage":"nb-NO"},{"@type":"Organization","@id":"https:\/\/nordnesrepublikken.no\/#organization","name":"Nordnesrepublikken","url":"https:\/\/nordnesrepublikken.no\/","logo":{"@type":"ImageObject","inLanguage":"nb-NO","@id":"https:\/\/nordnesrepublikken.no\/#\/schema\/logo\/image\/","url":"https:\/\/nordnesrepublikken.no\/wp-content\/uploads\/2025\/02\/cropped-nordnesrepublikken-2.png","contentUrl":"https:\/\/nordnesrepublikken.no\/wp-content\/uploads\/2025\/02\/cropped-nordnesrepublikken-2.png","width":1248,"height":362,"caption":"Nordnesrepublikken"},"image":{"@id":"https:\/\/nordnesrepublikken.no\/#\/schema\/logo\/image\/"}},{"@type":"Person","@id":"https:\/\/nordnesrepublikken.no\/#\/schema\/person\/2e7e81935bab77882fffb79296240ff1","name":"Ole Andersen","image":{"@type":"ImageObject","inLanguage":"nb-NO","@id":"https:\/\/nordnesrepublikken.no\/#\/schema\/person\/image\/","url":"https:\/\/nordnesrepublikken.no\/wp-content\/uploads\/2025\/02\/nordnesrepublikken-2-2-150x150.jpg","contentUrl":"https:\/\/nordnesrepublikken.no\/wp-content\/uploads\/2025\/02\/nordnesrepublikken-2-2-150x150.jpg","caption":"Ole Andersen"},"description":"Ettersom jeg vokste opp i Oslo, har jeg alltid v\u00e6rt fascinert av ordenes kraft og deres evne til \u00e5 skape endringer. Etter \u00e5 ha fullf\u00f8rt min utdannelse i kommunikasjon ved Universitetet i Bergen, fikk jeg muligheten til \u00e5 jobbe innen ulike medier, der jeg har s\u00f8kt \u00e5 belyse viktige samfunnssp\u00f8rsm\u00e5l. I dag, som redakt\u00f8r for Nordnesrepublikken, pr\u00f8ver jeg \u00e5 forene min kj\u00e6rlighet for journalistikk med min lidenskap for innovasjon og eventyr.","sameAs":["https:\/\/nordnesrepublikken.no\/"]}]}},"_links":{"self":[{"href":"https:\/\/nordnesrepublikken.no\/index.php\/wp-json\/wp\/v2\/posts\/9596","targetHints":{"allow":["GET"]}}],"collection":[{"href":"https:\/\/nordnesrepublikken.no\/index.php\/wp-json\/wp\/v2\/posts"}],"about":[{"href":"https:\/\/nordnesrepublikken.no\/index.php\/wp-json\/wp\/v2\/types\/post"}],"author":[{"embeddable":true,"href":"https:\/\/nordnesrepublikken.no\/index.php\/wp-json\/wp\/v2\/users\/1"}],"replies":[{"embeddable":true,"href":"https:\/\/nordnesrepublikken.no\/index.php\/wp-json\/wp\/v2\/comments?post=9596"}],"version-history":[{"count":1,"href":"https:\/\/nordnesrepublikken.no\/index.php\/wp-json\/wp\/v2\/posts\/9596\/revisions"}],"predecessor-version":[{"id":9598,"href":"https:\/\/nordnesrepublikken.no\/index.php\/wp-json\/wp\/v2\/posts\/9596\/revisions\/9598"}],"wp:featuredmedia":[{"embeddable":true,"href":"https:\/\/nordnesrepublikken.no\/index.php\/wp-json\/wp\/v2\/media\/9597"}],"wp:attachment":[{"href":"https:\/\/nordnesrepublikken.no\/index.php\/wp-json\/wp\/v2\/media?parent=9596"}],"wp:term":[{"taxonomy":"category","embeddable":true,"href":"https:\/\/nordnesrepublikken.no\/index.php\/wp-json\/wp\/v2\/categories?post=9596"},{"taxonomy":"post_tag","embeddable":true,"href":"https:\/\/nordnesrepublikken.no\/index.php\/wp-json\/wp\/v2\/tags?post=9596"}],"curies":[{"name":"wp","href":"https:\/\/api.w.org\/{rel}","templated":true}]}}