{"id":9560,"date":"2025-09-14T15:49:47","date_gmt":"2025-09-14T13:49:47","guid":{"rendered":"https:\/\/nordnesrepublikken.no\/index.php\/2025\/09\/14\/som-oppfant-samfunnstall-nar-og-hvorfor-historien\/"},"modified":"2025-09-14T15:49:48","modified_gmt":"2025-09-14T13:49:48","slug":"som-oppfant-samfunnstall-nar-og-hvorfor-historien","status":"publish","type":"post","link":"https:\/\/nordnesrepublikken.no\/index.php\/2025\/09\/14\/som-oppfant-samfunnstall-nar-og-hvorfor-historien\/","title":{"rendered":"Som oppfant samfunnstall, n\u00e5r og hvorfor: historien"},"content":{"rendered":"<div>\n<div class=\"cp_wrapper cp_wrapper--fw mb-30 mb-20@tablet\">\n<figure class=\"mm\"><picture class=\"img\" style=\"padding-top:56.25%\"><source  media=\"(min-width: 1024px)\"><source  media=\"(min-width: 768px)\"><\/source><\/source><\/picture><\/figure>\n<\/p><\/div>\n<p>DE <strong>Civic Numbers<\/strong>alfanumeriske koder tildelt av kommunene som unikt identifiserte tilgang til en bygning, ble introdusert for f\u00f8rste gang av europeiske regjeringer mellom &#8216;<strong>600 og &#8216;700<\/strong>med et veldig praktisk form\u00e5l: <strong>Skatt innbyggerne<\/strong> og finn enkelt <strong>soldater som skal p\u00e5meldes<\/strong>. For det f\u00f8rste var faktisk husene gjenkjennelige av <strong>Heraldiske tegn<\/strong> Og symboler. Med \u00f8kningen i befolkningen og urbaniseringen, for kontroll av byen, ble det n\u00f8dvendig \u00e5 folketelling ikke bare mennesker, men ogs\u00e5 bygningene, og slik fikk hver d\u00f8r en <strong>identifikasjonsnummer<\/strong>. Vendepunktet kom til <strong>1790<\/strong> i <strong>USA<\/strong> For folketellingsbehov: For f\u00f8rste gang ble veiene organisert med <strong>like tall p\u00e5 den ene siden og merkelig p\u00e5 den andre<\/strong>et system som fremdeles er det mest brukte i verden i dag. Det er derfor ikke et sp\u00f8rsm\u00e5l om oppfinnelsen av en enkelt person, men et system f\u00f8dt i grader i forskjellige land og historiske \u00f8yeblikk, drevet av praktiske behov.<\/p>\n<h2>Organiseringen av bygninger i antikken<\/h2>\n<p>I antikken, IN <b>Urbane agglomerasjoner<\/b> b\u00e5de sm\u00e5 og store, <b>Det var ikke noe reelt behov for \u00e5 klassifisere hjem<\/b>: Livet ble organisert for <em><b>kongelig<\/b><\/em>  &#8211; i det gamle Roma &#8211; eller <em><b>nabolag, landsby, sestiere<\/b><\/em>eller med navnene p\u00e5 gaten, i krysset eller byen. De som bodde i det samme omr\u00e5det kjente hverandre, spesifikke funksjoner og aktiviteter ble utf\u00f8rt i et bestemt omr\u00e5de &#8211; <b>marked, butikker, \u00f8konomiske aktiviteter, <\/b>osv. &#8211; Selve sosiale klasser ble delt inn i spesifikke omr\u00e5der. Som m\u00e5tte finne noen, <b>Han visste hvor han skulle se etter ham<\/b>Kort sagt.<\/p>\n<p>Det var bare i <b>Middelalder<\/b>da religi\u00f8se samfunn, brorskap og grunneiere begynte \u00e5 strukturere <b>Eiendomsforvaltning av land og bygninger<\/b>at behovet for <b>Organiserer tilstrekkelig innkreving av skatter og skatter <\/b>med mer organiserte systemer: derfor <b>Heraldiske tegn for hjem og kommersielle aktiviteter<\/b>noen ganger til og med akkompagnert av <b>tall<\/b>.<\/p>\n<h2>Da samfunnstall ble f\u00f8dt<\/h2>\n<p>Da det store land og eiendommer var <strong>konfiskert<\/strong> og enhetene som administrerte dem <strong>undertrykt<\/strong>Hastigheten med \u00e5 avklare ble f\u00f8dt: det han n\u00e5 hadde <strong>Tilstand<\/strong>hvor var det og hvilken verdi hadde han? I mellomtiden byene <strong>De vokste<\/strong> Disbestemmelse: a <strong>London<\/strong> De f\u00f8rste identifikasjonsnumrene dukket opp i de f\u00f8rste \u00e5rene av <strong>1700<\/strong>a <strong>Paris<\/strong> Rundt 1720 og i samme periode i den j\u00f8diske ghettoen av <strong>Praha<\/strong>. De var ikke sanne enn\u00e5 <strong>Civic Numbers<\/strong>men nummereringssystemer som indikerer bygningen generelt. Det virkelige vendepunktet kom til <strong>1770<\/strong>: i &#8216;<strong>Habsburg Empire<\/strong>dronningen <strong>Maria Teresa<\/strong> Han beordret til \u00e5 nummerere hver d\u00f8r for \u00e5 lette s\u00f8ket etter at unge mennesker skulle bli registrert. Betjentene ankom landsbyene, og etter dem sporet en maler et tall p\u00e5 hver d\u00f8r: s\u00e5 ingen hus ble hoppet over.<\/p>\n<p>Praksisen spredte seg raskt, og i de f\u00f8lgende ti\u00e5rene er borgernummeret <strong>n\u00e5dd<\/strong> Ogs\u00e5 <strong>London<\/strong>nyttig \u00e5 til og med kontrollere jeg <strong>Politiske dissidenter<\/strong>og da <strong>Paris<\/strong> Og <strong>Madrid<\/strong>. I &#8216;<strong>Det nittende \u00e5rhundre<\/strong>med f\u00f8dselen av <strong>Postsystem<\/strong>Civic -tallene var allerede i bruk, men ble perfeksjonert for \u00e5 levere, en prosess som ble gjort enda mer effektiv ved oppfinnelsen av <strong>stemple<\/strong>.<\/p>\n<h2>Som oppfant inndelingen av samfunnstall p\u00e5 par og merkelig<\/h2>\n<p>Det mest popul\u00e6re nummererings- og systemsystemet i verden, som i <b>bygninger med progressivt antall lik fra den ene siden og merkelig p\u00e5 den andre<\/b>har blitt eksperimentert rudiment\u00e6r allerede av <b>1779<\/b> fra en<b> Fransk journalist<\/b>som raskt \u00f8nsket \u00e5 levere sin almanakk, en avis heter <em><b>Almanach de Paris<\/b><\/em>. Dermed om natten hadde han skrevet tall p\u00e5 den ene siden og rart av den andre i gatene som tilh\u00f8rte hans regi.<\/p>\n<p>Det ser ut til at metoden er tatt i bruk offisielt i <b>1790,<\/b> promotert av samme byadministrasjon, a <b>Philadelphia<\/b>i USA, <b>I anledning den f\u00f8rste folketellingen av befolkningen<\/b>n\u00e5r <b>Oberst Clement Biddle<\/b> &#8211; som var en venn av George Washington og kjempet i den amerikanske uavhengighetskrigen &#8211; han foreslo \u00e5 skille nummereringen for \u00e5 bestille hjem, for <b>gj\u00f8r det lettere for data eller forskning av noe slag<\/b>.<\/p>\n<\/p><\/div>\n","protected":false},"excerpt":{"rendered":"<p>DE Civic Numbersalfanumeriske koder tildelt av kommunene som unikt identifiserte tilgang til en bygning, ble<\/p>\n","protected":false},"author":1,"featured_media":9561,"comment_status":"closed","ping_status":"open","sticky":false,"template":"","format":"standard","meta":{"footnotes":""},"categories":[104],"tags":[521,101,16,2022,6252,31],"class_list":["post-9560","post","type-post","status-publish","format-standard","has-post-thumbnail","hentry","category-samfunn","tag-historien","tag-hvorfor","tag-nar","tag-oppfant","tag-samfunnstall","tag-som","generate-columns","tablet-grid-50","mobile-grid-100","grid-parent","grid-33","resize-featured-image"],"yoast_head":"<!-- This site is optimized with the Yoast SEO plugin v24.4 - https:\/\/yoast.com\/wordpress\/plugins\/seo\/ -->\n<title>Som oppfant samfunnstall, n\u00e5r og hvorfor: historien - Nordnesrepublikken<\/title>\n<meta name=\"robots\" content=\"index, follow, max-snippet:-1, max-image-preview:large, max-video-preview:-1\" \/>\n<link rel=\"canonical\" href=\"https:\/\/nordnesrepublikken.no\/index.php\/2025\/09\/14\/som-oppfant-samfunnstall-nar-og-hvorfor-historien\/\" \/>\n<meta property=\"og:locale\" content=\"nb_NO\" \/>\n<meta property=\"og:type\" content=\"article\" \/>\n<meta property=\"og:title\" content=\"Som oppfant samfunnstall, n\u00e5r og hvorfor: historien - Nordnesrepublikken\" \/>\n<meta property=\"og:description\" content=\"DE Civic Numbersalfanumeriske koder tildelt av kommunene som unikt identifiserte tilgang til en bygning, ble\" \/>\n<meta property=\"og:url\" content=\"https:\/\/nordnesrepublikken.no\/index.php\/2025\/09\/14\/som-oppfant-samfunnstall-nar-og-hvorfor-historien\/\" \/>\n<meta property=\"og:site_name\" content=\"Nordnesrepublikken\" \/>\n<meta property=\"article:published_time\" content=\"2025-09-14T13:49:47+00:00\" \/>\n<meta property=\"article:modified_time\" content=\"2025-09-14T13:49:48+00:00\" \/>\n<meta property=\"og:image\" content=\"https:\/\/nordnesrepublikken.no\/wp-content\/uploads\/2025\/09\/1757857787_Som-oppfant-samfunnstall-nar-og-hvorfor-historien.jpg\" \/>\n\t<meta property=\"og:image:width\" content=\"640\" \/>\n\t<meta property=\"og:image:height\" content=\"407\" \/>\n\t<meta property=\"og:image:type\" content=\"image\/jpeg\" \/>\n<meta name=\"author\" content=\"Ole Andersen\" \/>\n<meta name=\"twitter:card\" content=\"summary_large_image\" \/>\n<meta name=\"twitter:label1\" content=\"Skrevet av\" \/>\n\t<meta name=\"twitter:data1\" content=\"Ole Andersen\" \/>\n\t<meta name=\"twitter:label2\" content=\"Ansl. lesetid\" \/>\n\t<meta name=\"twitter:data2\" content=\"3 minutter\" \/>\n<script type=\"application\/ld+json\" class=\"yoast-schema-graph\">{\"@context\":\"https:\/\/schema.org\",\"@graph\":[{\"@type\":\"Article\",\"@id\":\"https:\/\/nordnesrepublikken.no\/index.php\/2025\/09\/14\/som-oppfant-samfunnstall-nar-og-hvorfor-historien\/#article\",\"isPartOf\":{\"@id\":\"https:\/\/nordnesrepublikken.no\/index.php\/2025\/09\/14\/som-oppfant-samfunnstall-nar-og-hvorfor-historien\/\"},\"author\":{\"name\":\"Ole Andersen\",\"@id\":\"https:\/\/nordnesrepublikken.no\/#\/schema\/person\/2e7e81935bab77882fffb79296240ff1\"},\"headline\":\"Som oppfant samfunnstall, n\u00e5r og hvorfor: historien\",\"datePublished\":\"2025-09-14T13:49:47+00:00\",\"dateModified\":\"2025-09-14T13:49:48+00:00\",\"mainEntityOfPage\":{\"@id\":\"https:\/\/nordnesrepublikken.no\/index.php\/2025\/09\/14\/som-oppfant-samfunnstall-nar-og-hvorfor-historien\/\"},\"wordCount\":638,\"publisher\":{\"@id\":\"https:\/\/nordnesrepublikken.no\/#organization\"},\"image\":{\"@id\":\"https:\/\/nordnesrepublikken.no\/index.php\/2025\/09\/14\/som-oppfant-samfunnstall-nar-og-hvorfor-historien\/#primaryimage\"},\"thumbnailUrl\":\"https:\/\/nordnesrepublikken.no\/wp-content\/uploads\/2025\/09\/1757857787_Som-oppfant-samfunnstall-nar-og-hvorfor-historien.jpg\",\"keywords\":[\"Historien\",\"hvorfor\",\"n\u00e5r\",\"oppfant\",\"samfunnstall\",\"som\"],\"articleSection\":[\"Samfunn\"],\"inLanguage\":\"nb-NO\"},{\"@type\":\"WebPage\",\"@id\":\"https:\/\/nordnesrepublikken.no\/index.php\/2025\/09\/14\/som-oppfant-samfunnstall-nar-og-hvorfor-historien\/\",\"url\":\"https:\/\/nordnesrepublikken.no\/index.php\/2025\/09\/14\/som-oppfant-samfunnstall-nar-og-hvorfor-historien\/\",\"name\":\"Som oppfant samfunnstall, n\u00e5r og hvorfor: historien - Nordnesrepublikken\",\"isPartOf\":{\"@id\":\"https:\/\/nordnesrepublikken.no\/#website\"},\"primaryImageOfPage\":{\"@id\":\"https:\/\/nordnesrepublikken.no\/index.php\/2025\/09\/14\/som-oppfant-samfunnstall-nar-og-hvorfor-historien\/#primaryimage\"},\"image\":{\"@id\":\"https:\/\/nordnesrepublikken.no\/index.php\/2025\/09\/14\/som-oppfant-samfunnstall-nar-og-hvorfor-historien\/#primaryimage\"},\"thumbnailUrl\":\"https:\/\/nordnesrepublikken.no\/wp-content\/uploads\/2025\/09\/1757857787_Som-oppfant-samfunnstall-nar-og-hvorfor-historien.jpg\",\"datePublished\":\"2025-09-14T13:49:47+00:00\",\"dateModified\":\"2025-09-14T13:49:48+00:00\",\"breadcrumb\":{\"@id\":\"https:\/\/nordnesrepublikken.no\/index.php\/2025\/09\/14\/som-oppfant-samfunnstall-nar-og-hvorfor-historien\/#breadcrumb\"},\"inLanguage\":\"nb-NO\",\"potentialAction\":[{\"@type\":\"ReadAction\",\"target\":[\"https:\/\/nordnesrepublikken.no\/index.php\/2025\/09\/14\/som-oppfant-samfunnstall-nar-og-hvorfor-historien\/\"]}]},{\"@type\":\"ImageObject\",\"inLanguage\":\"nb-NO\",\"@id\":\"https:\/\/nordnesrepublikken.no\/index.php\/2025\/09\/14\/som-oppfant-samfunnstall-nar-og-hvorfor-historien\/#primaryimage\",\"url\":\"https:\/\/nordnesrepublikken.no\/wp-content\/uploads\/2025\/09\/1757857787_Som-oppfant-samfunnstall-nar-og-hvorfor-historien.jpg\",\"contentUrl\":\"https:\/\/nordnesrepublikken.no\/wp-content\/uploads\/2025\/09\/1757857787_Som-oppfant-samfunnstall-nar-og-hvorfor-historien.jpg\",\"width\":640,\"height\":407,\"caption\":\"numeri civici\"},{\"@type\":\"BreadcrumbList\",\"@id\":\"https:\/\/nordnesrepublikken.no\/index.php\/2025\/09\/14\/som-oppfant-samfunnstall-nar-og-hvorfor-historien\/#breadcrumb\",\"itemListElement\":[{\"@type\":\"ListItem\",\"position\":1,\"name\":\"Home\",\"item\":\"https:\/\/nordnesrepublikken.no\/\"},{\"@type\":\"ListItem\",\"position\":2,\"name\":\"Som oppfant samfunnstall, n\u00e5r og hvorfor: historien\"}]},{\"@type\":\"WebSite\",\"@id\":\"https:\/\/nordnesrepublikken.no\/#website\",\"url\":\"https:\/\/nordnesrepublikken.no\/\",\"name\":\"Nordnesrepublikken\",\"description\":\"Stemmer og Visjoner fra Republikkens Hjerte\",\"publisher\":{\"@id\":\"https:\/\/nordnesrepublikken.no\/#organization\"},\"potentialAction\":[{\"@type\":\"SearchAction\",\"target\":{\"@type\":\"EntryPoint\",\"urlTemplate\":\"https:\/\/nordnesrepublikken.no\/?s={search_term_string}\"},\"query-input\":{\"@type\":\"PropertyValueSpecification\",\"valueRequired\":true,\"valueName\":\"search_term_string\"}}],\"inLanguage\":\"nb-NO\"},{\"@type\":\"Organization\",\"@id\":\"https:\/\/nordnesrepublikken.no\/#organization\",\"name\":\"Nordnesrepublikken\",\"url\":\"https:\/\/nordnesrepublikken.no\/\",\"logo\":{\"@type\":\"ImageObject\",\"inLanguage\":\"nb-NO\",\"@id\":\"https:\/\/nordnesrepublikken.no\/#\/schema\/logo\/image\/\",\"url\":\"https:\/\/nordnesrepublikken.no\/wp-content\/uploads\/2025\/02\/cropped-nordnesrepublikken-2.png\",\"contentUrl\":\"https:\/\/nordnesrepublikken.no\/wp-content\/uploads\/2025\/02\/cropped-nordnesrepublikken-2.png\",\"width\":1248,\"height\":362,\"caption\":\"Nordnesrepublikken\"},\"image\":{\"@id\":\"https:\/\/nordnesrepublikken.no\/#\/schema\/logo\/image\/\"}},{\"@type\":\"Person\",\"@id\":\"https:\/\/nordnesrepublikken.no\/#\/schema\/person\/2e7e81935bab77882fffb79296240ff1\",\"name\":\"Ole Andersen\",\"image\":{\"@type\":\"ImageObject\",\"inLanguage\":\"nb-NO\",\"@id\":\"https:\/\/nordnesrepublikken.no\/#\/schema\/person\/image\/\",\"url\":\"https:\/\/nordnesrepublikken.no\/wp-content\/uploads\/2025\/02\/nordnesrepublikken-2-2-150x150.jpg\",\"contentUrl\":\"https:\/\/nordnesrepublikken.no\/wp-content\/uploads\/2025\/02\/nordnesrepublikken-2-2-150x150.jpg\",\"caption\":\"Ole Andersen\"},\"description\":\"Ettersom jeg vokste opp i Oslo, har jeg alltid v\u00e6rt fascinert av ordenes kraft og deres evne til \u00e5 skape endringer. Etter \u00e5 ha fullf\u00f8rt min utdannelse i kommunikasjon ved Universitetet i Bergen, fikk jeg muligheten til \u00e5 jobbe innen ulike medier, der jeg har s\u00f8kt \u00e5 belyse viktige samfunnssp\u00f8rsm\u00e5l. I dag, som redakt\u00f8r for Nordnesrepublikken, pr\u00f8ver jeg \u00e5 forene min kj\u00e6rlighet for journalistikk med min lidenskap for innovasjon og eventyr.\",\"sameAs\":[\"https:\/\/nordnesrepublikken.no\/\"]}]}<\/script>\n<!-- \/ Yoast SEO plugin. -->","yoast_head_json":{"title":"Som oppfant samfunnstall, n\u00e5r og hvorfor: historien - Nordnesrepublikken","robots":{"index":"index","follow":"follow","max-snippet":"max-snippet:-1","max-image-preview":"max-image-preview:large","max-video-preview":"max-video-preview:-1"},"canonical":"https:\/\/nordnesrepublikken.no\/index.php\/2025\/09\/14\/som-oppfant-samfunnstall-nar-og-hvorfor-historien\/","og_locale":"nb_NO","og_type":"article","og_title":"Som oppfant samfunnstall, n\u00e5r og hvorfor: historien - Nordnesrepublikken","og_description":"DE Civic Numbersalfanumeriske koder tildelt av kommunene som unikt identifiserte tilgang til en bygning, ble","og_url":"https:\/\/nordnesrepublikken.no\/index.php\/2025\/09\/14\/som-oppfant-samfunnstall-nar-og-hvorfor-historien\/","og_site_name":"Nordnesrepublikken","article_published_time":"2025-09-14T13:49:47+00:00","article_modified_time":"2025-09-14T13:49:48+00:00","og_image":[{"width":640,"height":407,"url":"https:\/\/nordnesrepublikken.no\/wp-content\/uploads\/2025\/09\/1757857787_Som-oppfant-samfunnstall-nar-og-hvorfor-historien.jpg","type":"image\/jpeg"}],"author":"Ole Andersen","twitter_card":"summary_large_image","twitter_misc":{"Skrevet av":"Ole Andersen","Ansl. lesetid":"3 minutter"},"schema":{"@context":"https:\/\/schema.org","@graph":[{"@type":"Article","@id":"https:\/\/nordnesrepublikken.no\/index.php\/2025\/09\/14\/som-oppfant-samfunnstall-nar-og-hvorfor-historien\/#article","isPartOf":{"@id":"https:\/\/nordnesrepublikken.no\/index.php\/2025\/09\/14\/som-oppfant-samfunnstall-nar-og-hvorfor-historien\/"},"author":{"name":"Ole Andersen","@id":"https:\/\/nordnesrepublikken.no\/#\/schema\/person\/2e7e81935bab77882fffb79296240ff1"},"headline":"Som oppfant samfunnstall, n\u00e5r og hvorfor: historien","datePublished":"2025-09-14T13:49:47+00:00","dateModified":"2025-09-14T13:49:48+00:00","mainEntityOfPage":{"@id":"https:\/\/nordnesrepublikken.no\/index.php\/2025\/09\/14\/som-oppfant-samfunnstall-nar-og-hvorfor-historien\/"},"wordCount":638,"publisher":{"@id":"https:\/\/nordnesrepublikken.no\/#organization"},"image":{"@id":"https:\/\/nordnesrepublikken.no\/index.php\/2025\/09\/14\/som-oppfant-samfunnstall-nar-og-hvorfor-historien\/#primaryimage"},"thumbnailUrl":"https:\/\/nordnesrepublikken.no\/wp-content\/uploads\/2025\/09\/1757857787_Som-oppfant-samfunnstall-nar-og-hvorfor-historien.jpg","keywords":["Historien","hvorfor","n\u00e5r","oppfant","samfunnstall","som"],"articleSection":["Samfunn"],"inLanguage":"nb-NO"},{"@type":"WebPage","@id":"https:\/\/nordnesrepublikken.no\/index.php\/2025\/09\/14\/som-oppfant-samfunnstall-nar-og-hvorfor-historien\/","url":"https:\/\/nordnesrepublikken.no\/index.php\/2025\/09\/14\/som-oppfant-samfunnstall-nar-og-hvorfor-historien\/","name":"Som oppfant samfunnstall, n\u00e5r og hvorfor: historien - Nordnesrepublikken","isPartOf":{"@id":"https:\/\/nordnesrepublikken.no\/#website"},"primaryImageOfPage":{"@id":"https:\/\/nordnesrepublikken.no\/index.php\/2025\/09\/14\/som-oppfant-samfunnstall-nar-og-hvorfor-historien\/#primaryimage"},"image":{"@id":"https:\/\/nordnesrepublikken.no\/index.php\/2025\/09\/14\/som-oppfant-samfunnstall-nar-og-hvorfor-historien\/#primaryimage"},"thumbnailUrl":"https:\/\/nordnesrepublikken.no\/wp-content\/uploads\/2025\/09\/1757857787_Som-oppfant-samfunnstall-nar-og-hvorfor-historien.jpg","datePublished":"2025-09-14T13:49:47+00:00","dateModified":"2025-09-14T13:49:48+00:00","breadcrumb":{"@id":"https:\/\/nordnesrepublikken.no\/index.php\/2025\/09\/14\/som-oppfant-samfunnstall-nar-og-hvorfor-historien\/#breadcrumb"},"inLanguage":"nb-NO","potentialAction":[{"@type":"ReadAction","target":["https:\/\/nordnesrepublikken.no\/index.php\/2025\/09\/14\/som-oppfant-samfunnstall-nar-og-hvorfor-historien\/"]}]},{"@type":"ImageObject","inLanguage":"nb-NO","@id":"https:\/\/nordnesrepublikken.no\/index.php\/2025\/09\/14\/som-oppfant-samfunnstall-nar-og-hvorfor-historien\/#primaryimage","url":"https:\/\/nordnesrepublikken.no\/wp-content\/uploads\/2025\/09\/1757857787_Som-oppfant-samfunnstall-nar-og-hvorfor-historien.jpg","contentUrl":"https:\/\/nordnesrepublikken.no\/wp-content\/uploads\/2025\/09\/1757857787_Som-oppfant-samfunnstall-nar-og-hvorfor-historien.jpg","width":640,"height":407,"caption":"numeri civici"},{"@type":"BreadcrumbList","@id":"https:\/\/nordnesrepublikken.no\/index.php\/2025\/09\/14\/som-oppfant-samfunnstall-nar-og-hvorfor-historien\/#breadcrumb","itemListElement":[{"@type":"ListItem","position":1,"name":"Home","item":"https:\/\/nordnesrepublikken.no\/"},{"@type":"ListItem","position":2,"name":"Som oppfant samfunnstall, n\u00e5r og hvorfor: historien"}]},{"@type":"WebSite","@id":"https:\/\/nordnesrepublikken.no\/#website","url":"https:\/\/nordnesrepublikken.no\/","name":"Nordnesrepublikken","description":"Stemmer og Visjoner fra Republikkens Hjerte","publisher":{"@id":"https:\/\/nordnesrepublikken.no\/#organization"},"potentialAction":[{"@type":"SearchAction","target":{"@type":"EntryPoint","urlTemplate":"https:\/\/nordnesrepublikken.no\/?s={search_term_string}"},"query-input":{"@type":"PropertyValueSpecification","valueRequired":true,"valueName":"search_term_string"}}],"inLanguage":"nb-NO"},{"@type":"Organization","@id":"https:\/\/nordnesrepublikken.no\/#organization","name":"Nordnesrepublikken","url":"https:\/\/nordnesrepublikken.no\/","logo":{"@type":"ImageObject","inLanguage":"nb-NO","@id":"https:\/\/nordnesrepublikken.no\/#\/schema\/logo\/image\/","url":"https:\/\/nordnesrepublikken.no\/wp-content\/uploads\/2025\/02\/cropped-nordnesrepublikken-2.png","contentUrl":"https:\/\/nordnesrepublikken.no\/wp-content\/uploads\/2025\/02\/cropped-nordnesrepublikken-2.png","width":1248,"height":362,"caption":"Nordnesrepublikken"},"image":{"@id":"https:\/\/nordnesrepublikken.no\/#\/schema\/logo\/image\/"}},{"@type":"Person","@id":"https:\/\/nordnesrepublikken.no\/#\/schema\/person\/2e7e81935bab77882fffb79296240ff1","name":"Ole Andersen","image":{"@type":"ImageObject","inLanguage":"nb-NO","@id":"https:\/\/nordnesrepublikken.no\/#\/schema\/person\/image\/","url":"https:\/\/nordnesrepublikken.no\/wp-content\/uploads\/2025\/02\/nordnesrepublikken-2-2-150x150.jpg","contentUrl":"https:\/\/nordnesrepublikken.no\/wp-content\/uploads\/2025\/02\/nordnesrepublikken-2-2-150x150.jpg","caption":"Ole Andersen"},"description":"Ettersom jeg vokste opp i Oslo, har jeg alltid v\u00e6rt fascinert av ordenes kraft og deres evne til \u00e5 skape endringer. Etter \u00e5 ha fullf\u00f8rt min utdannelse i kommunikasjon ved Universitetet i Bergen, fikk jeg muligheten til \u00e5 jobbe innen ulike medier, der jeg har s\u00f8kt \u00e5 belyse viktige samfunnssp\u00f8rsm\u00e5l. I dag, som redakt\u00f8r for Nordnesrepublikken, pr\u00f8ver jeg \u00e5 forene min kj\u00e6rlighet for journalistikk med min lidenskap for innovasjon og eventyr.","sameAs":["https:\/\/nordnesrepublikken.no\/"]}]}},"_links":{"self":[{"href":"https:\/\/nordnesrepublikken.no\/index.php\/wp-json\/wp\/v2\/posts\/9560","targetHints":{"allow":["GET"]}}],"collection":[{"href":"https:\/\/nordnesrepublikken.no\/index.php\/wp-json\/wp\/v2\/posts"}],"about":[{"href":"https:\/\/nordnesrepublikken.no\/index.php\/wp-json\/wp\/v2\/types\/post"}],"author":[{"embeddable":true,"href":"https:\/\/nordnesrepublikken.no\/index.php\/wp-json\/wp\/v2\/users\/1"}],"replies":[{"embeddable":true,"href":"https:\/\/nordnesrepublikken.no\/index.php\/wp-json\/wp\/v2\/comments?post=9560"}],"version-history":[{"count":1,"href":"https:\/\/nordnesrepublikken.no\/index.php\/wp-json\/wp\/v2\/posts\/9560\/revisions"}],"predecessor-version":[{"id":9562,"href":"https:\/\/nordnesrepublikken.no\/index.php\/wp-json\/wp\/v2\/posts\/9560\/revisions\/9562"}],"wp:featuredmedia":[{"embeddable":true,"href":"https:\/\/nordnesrepublikken.no\/index.php\/wp-json\/wp\/v2\/media\/9561"}],"wp:attachment":[{"href":"https:\/\/nordnesrepublikken.no\/index.php\/wp-json\/wp\/v2\/media?parent=9560"}],"wp:term":[{"taxonomy":"category","embeddable":true,"href":"https:\/\/nordnesrepublikken.no\/index.php\/wp-json\/wp\/v2\/categories?post=9560"},{"taxonomy":"post_tag","embeddable":true,"href":"https:\/\/nordnesrepublikken.no\/index.php\/wp-json\/wp\/v2\/tags?post=9560"}],"curies":[{"name":"wp","href":"https:\/\/api.w.org\/{rel}","templated":true}]}}