{"id":9531,"date":"2025-09-13T17:49:33","date_gmt":"2025-09-13T15:49:33","guid":{"rendered":"https:\/\/nordnesrepublikken.no\/index.php\/2025\/09\/13\/franske-forbud-og-portforbud-for-bruk-av-sosiale-medier\/"},"modified":"2025-09-13T17:49:36","modified_gmt":"2025-09-13T15:49:36","slug":"franske-forbud-og-portforbud-for-bruk-av-sosiale-medier","status":"publish","type":"post","link":"https:\/\/nordnesrepublikken.no\/index.php\/2025\/09\/13\/franske-forbud-og-portforbud-for-bruk-av-sosiale-medier\/","title":{"rendered":"Franske forbud og portforbud for bruk av sosiale medier"},"content":{"rendered":"<p><\/p>\n<div class=\"wordpress-content\">\n                    <!-- Article Start --><\/p>\n<p class=\"p1\"><strong>Franske lovgivere presser p\u00e5 for et forbud mot sosiale medier for barn under 15 \u00e5r og et &laquo;digitalt portforbud&raquo; for barn mellom 15 og 18, og hevder den &laquo;giftige&raquo; og &laquo;vanedannende&raquo; effekten av plattformer som Tiktok. <\/strong><\/p>\n<p class=\"p1\">En parlamentarisk komit\u00e9, etter deres seks m\u00e5neders unders\u00f8kelse av de psykologiske effektene av sosiale medier, beskrev Tiktok som en &laquo;langsom gift&raquo; og en &laquo;ulykkelighetsfabrikk&raquo; som utsetter unge brukere for skadelig innhold, inkludert videoer som fremmer vold, rasisme, sexisme og til og med selvmord.<\/p>\n<p class=\"p1\">Komiteens 300-siders rapport, som er blitt sendt til Frankrikes nasjonalforsamling, anbefaler \u00e5 forby tilgang til sosiale medier for under 15-\u00e5r og p\u00e5legge en digital portforbud fra 22:00 til 8:00 for eldre ten\u00e5ringer \u00e5 dempe rulle over natten. Den foresl\u00e5r ogs\u00e5 \u00e5 forby mobiltelefoner p\u00e5 skoler og innf\u00f8re et potensielt &laquo;digital uaktsomhet&raquo; -overtredelse for foreldre som ikke klarer \u00e5 overv\u00e5ke barnas online aktivitet. Poenget med tiltakene er \u00e5 beskytte unge mennesker mot innhold som kan forverre psykiske helseproblemer eller oppfordre selvskading, med rapporten som siterer hjerteskj\u00e6rende vitnesbyrd fra foreldre hvis barn tok livet etter eksponering for skadelige videoer.<\/p>\n<div class=\"sra_unit\"><link rel=\"stylesheet\" id=\"block-sra\" href=\"https:\/\/euroweeklynews.com\/wp-content\/plugins\/snack-related-articles\/dist\/css\/snack-related.min.css?250312-193541\" type=\"text\/css\" media=\"all\">\n<\/div>\n<h2>Fransk parlamentsmedlem presser p\u00e5 Ban &#038; anklager Tiktok for \u00e5 &laquo;bevisst&raquo; fare for barn<\/h2>\n<p class=\"p1\">Arthur Delaporte, den sosialistiske parlamentsmedlemmet som var leder av etterforskningen, anklaget Tiktok for \u00e5 &laquo;bevisst&raquo; fare for ungdom med vanedannende og farlig innhold og har henvist p\u00e5stander om plattformens rolle i brukerskaden for statsadvokaten i Paris. Laure Miller, komiteens rapport\u00f8r fra president Macrons sentristparti, kritiserte Tiktok for \u00e5 ha unnlatt \u00e5 begrense skadelig innhold til tross for at han hevdet \u00e5 sette ten\u00e5ringssikkerhet f\u00f8rst.<\/p>\n<p class=\"p1\">Tiktok avviste komiteens funn som en &laquo;villedende karakterisering&raquo;, og uttalte at dens eksisterende sikkerhetstiltak inkluderer en 60-minutters skjermgrense for under 18-\u00e5r og nudges for under-16-tallet for \u00e5 slutte \u00e5 bruke appen etter 22:00. Plattformen, som brukes av over 20 millioner mennesker i Frankrike, insisterer p\u00e5 at den har utmerkede sikkerhetsfunksjoner for \u00e5 beskytte unge brukere.<\/p>\n<h2>Fransk forslag om \u00e5 forby sosiale medier helt under 15 \u00e5r<\/h2>\n<p class=\"p1\">Forslagene f\u00f8lger president Macrons juni-l\u00f8fte om \u00e5 begrense sosiale medier for under 15-\u00e5r for \u00e5 adressere ten\u00e5ringsvold, ansporet av hendelser som en skolestikking. Frankrikes press er i tr\u00e5d med bredere europeisk innsats, med Danmark og Spania som ogs\u00e5 utforsker aldersgrenser for sosiale medier. EU-kommisjonen er imidlertid fortsatt feil p\u00e5 siden av forsiktighet, med president Ursula von der Leyen som overv\u00e5ker Australias nylige forbud mot under 16 \u00e5r, p\u00e5 grunn av i kraft i desember, f\u00f8r de bestemte seg for en EU-bred tiln\u00e6rming. 19 i Nepal d\u00f8de i oppt\u00f8yer etter landets teppeforbud mot sosiale medier.<\/p>\n<h2>Hvordan vil Frankrike h\u00e5ndheve sosiale medieforbud?<\/h2>\n<p class=\"p1\">H\u00e5ndhevelse er imidlertid en annen historie. Den franske rapporten antyder \u00e5 stole p\u00e5 aldersverifiseringsteknologi, og plassere onus p\u00e5 sosiale medieselskaper, ligner p\u00e5 Australias modell, som truer bratte b\u00f8ter for foreldre for manglende overholdelse. Kritikere stiller sp\u00f8rsm\u00e5l ved hvordan slike begrensninger praktisk talt vil bli implementert, spesielt den foresl\u00e5tte foreldre &laquo;digital uaktsomhet&raquo;.<\/p>\n<p class=\"p1\">N\u00e5r franske politikere debatterer de nye tiltakene, unders\u00f8ker nasjonalforsamlingen ogs\u00e5 bredere digital regulering, inkludert innholdsinnsats, midt i \u00f8kende bekymringer over plattformer som Kick, der den nylige d\u00f8den av den franske influencer Jean Pormanove ble livestreamet. Utfallet av forslagene kan omforme hvordan unge mennesker i Frankrike, og potensielt over hele Europa, engasjerer seg med sosiale medier.<\/p>\n<p>                    <!-- This article has been originally published at https:\/\/euroweeklynews.com\/2025\/09\/13\/french-bans-and-curfews-for-social-media-use\/ on 13 Sep 2025 at 12:33 by Adam Woodward --><br \/>\n                    <!-- Article End -->\n                <\/div>\n","protected":false},"excerpt":{"rendered":"<p>Franske lovgivere presser p\u00e5 for et forbud mot sosiale medier for barn under 15 \u00e5r<\/p>\n","protected":false},"author":1,"featured_media":9532,"comment_status":"closed","ping_status":"open","sticky":false,"template":"","format":"standard","meta":{"footnotes":""},"categories":[105],"tags":[1173,4103,2303,2980,6235,2979],"class_list":["post-9531","post","type-post","status-publish","format-standard","has-post-thumbnail","hentry","category-livsstil","tag-bruk","tag-forbud","tag-franske","tag-medier","tag-portforbud","tag-sosiale","generate-columns","tablet-grid-50","mobile-grid-100","grid-parent","grid-33","resize-featured-image"],"yoast_head":"<!-- This site is optimized with the Yoast SEO plugin v24.4 - https:\/\/yoast.com\/wordpress\/plugins\/seo\/ -->\n<title>Franske forbud og portforbud for bruk av sosiale medier - Nordnesrepublikken<\/title>\n<meta name=\"robots\" content=\"index, follow, max-snippet:-1, max-image-preview:large, max-video-preview:-1\" \/>\n<link rel=\"canonical\" href=\"https:\/\/nordnesrepublikken.no\/index.php\/2025\/09\/13\/franske-forbud-og-portforbud-for-bruk-av-sosiale-medier\/\" \/>\n<meta property=\"og:locale\" content=\"nb_NO\" \/>\n<meta property=\"og:type\" content=\"article\" \/>\n<meta property=\"og:title\" content=\"Franske forbud og portforbud for bruk av sosiale medier - Nordnesrepublikken\" \/>\n<meta property=\"og:description\" content=\"Franske lovgivere presser p\u00e5 for et forbud mot sosiale medier for barn under 15 \u00e5r\" \/>\n<meta property=\"og:url\" content=\"https:\/\/nordnesrepublikken.no\/index.php\/2025\/09\/13\/franske-forbud-og-portforbud-for-bruk-av-sosiale-medier\/\" \/>\n<meta property=\"og:site_name\" content=\"Nordnesrepublikken\" \/>\n<meta property=\"article:published_time\" content=\"2025-09-13T15:49:33+00:00\" \/>\n<meta property=\"article:modified_time\" content=\"2025-09-13T15:49:36+00:00\" \/>\n<meta property=\"og:image\" content=\"https:\/\/nordnesrepublikken.no\/wp-content\/uploads\/2025\/09\/1757778574_Franske-forbud-og-portforbud-for-bruk-av-sosiale-medier.jpg\" \/>\n\t<meta property=\"og:image:width\" content=\"1200\" \/>\n\t<meta property=\"og:image:height\" content=\"674\" \/>\n\t<meta property=\"og:image:type\" content=\"image\/jpeg\" \/>\n<meta name=\"author\" content=\"Ole Andersen\" \/>\n<meta name=\"twitter:card\" content=\"summary_large_image\" \/>\n<meta name=\"twitter:label1\" content=\"Skrevet av\" \/>\n\t<meta name=\"twitter:data1\" content=\"Ole Andersen\" \/>\n\t<meta name=\"twitter:label2\" content=\"Ansl. lesetid\" \/>\n\t<meta name=\"twitter:data2\" content=\"3 minutter\" \/>\n<script type=\"application\/ld+json\" class=\"yoast-schema-graph\">{\"@context\":\"https:\/\/schema.org\",\"@graph\":[{\"@type\":\"Article\",\"@id\":\"https:\/\/nordnesrepublikken.no\/index.php\/2025\/09\/13\/franske-forbud-og-portforbud-for-bruk-av-sosiale-medier\/#article\",\"isPartOf\":{\"@id\":\"https:\/\/nordnesrepublikken.no\/index.php\/2025\/09\/13\/franske-forbud-og-portforbud-for-bruk-av-sosiale-medier\/\"},\"author\":{\"name\":\"Ole Andersen\",\"@id\":\"https:\/\/nordnesrepublikken.no\/#\/schema\/person\/2e7e81935bab77882fffb79296240ff1\"},\"headline\":\"Franske forbud og portforbud for bruk av sosiale medier\",\"datePublished\":\"2025-09-13T15:49:33+00:00\",\"dateModified\":\"2025-09-13T15:49:36+00:00\",\"mainEntityOfPage\":{\"@id\":\"https:\/\/nordnesrepublikken.no\/index.php\/2025\/09\/13\/franske-forbud-og-portforbud-for-bruk-av-sosiale-medier\/\"},\"wordCount\":541,\"publisher\":{\"@id\":\"https:\/\/nordnesrepublikken.no\/#organization\"},\"image\":{\"@id\":\"https:\/\/nordnesrepublikken.no\/index.php\/2025\/09\/13\/franske-forbud-og-portforbud-for-bruk-av-sosiale-medier\/#primaryimage\"},\"thumbnailUrl\":\"https:\/\/nordnesrepublikken.no\/wp-content\/uploads\/2025\/09\/1757778574_Franske-forbud-og-portforbud-for-bruk-av-sosiale-medier.jpg\",\"keywords\":[\"Bruk\",\"forbud\",\"franske\",\"medier\",\"portforbud\",\"sosiale\"],\"articleSection\":[\"Livsstil\"],\"inLanguage\":\"nb-NO\"},{\"@type\":\"WebPage\",\"@id\":\"https:\/\/nordnesrepublikken.no\/index.php\/2025\/09\/13\/franske-forbud-og-portforbud-for-bruk-av-sosiale-medier\/\",\"url\":\"https:\/\/nordnesrepublikken.no\/index.php\/2025\/09\/13\/franske-forbud-og-portforbud-for-bruk-av-sosiale-medier\/\",\"name\":\"Franske forbud og portforbud for bruk av sosiale medier - Nordnesrepublikken\",\"isPartOf\":{\"@id\":\"https:\/\/nordnesrepublikken.no\/#website\"},\"primaryImageOfPage\":{\"@id\":\"https:\/\/nordnesrepublikken.no\/index.php\/2025\/09\/13\/franske-forbud-og-portforbud-for-bruk-av-sosiale-medier\/#primaryimage\"},\"image\":{\"@id\":\"https:\/\/nordnesrepublikken.no\/index.php\/2025\/09\/13\/franske-forbud-og-portforbud-for-bruk-av-sosiale-medier\/#primaryimage\"},\"thumbnailUrl\":\"https:\/\/nordnesrepublikken.no\/wp-content\/uploads\/2025\/09\/1757778574_Franske-forbud-og-portforbud-for-bruk-av-sosiale-medier.jpg\",\"datePublished\":\"2025-09-13T15:49:33+00:00\",\"dateModified\":\"2025-09-13T15:49:36+00:00\",\"breadcrumb\":{\"@id\":\"https:\/\/nordnesrepublikken.no\/index.php\/2025\/09\/13\/franske-forbud-og-portforbud-for-bruk-av-sosiale-medier\/#breadcrumb\"},\"inLanguage\":\"nb-NO\",\"potentialAction\":[{\"@type\":\"ReadAction\",\"target\":[\"https:\/\/nordnesrepublikken.no\/index.php\/2025\/09\/13\/franske-forbud-og-portforbud-for-bruk-av-sosiale-medier\/\"]}]},{\"@type\":\"ImageObject\",\"inLanguage\":\"nb-NO\",\"@id\":\"https:\/\/nordnesrepublikken.no\/index.php\/2025\/09\/13\/franske-forbud-og-portforbud-for-bruk-av-sosiale-medier\/#primaryimage\",\"url\":\"https:\/\/nordnesrepublikken.no\/wp-content\/uploads\/2025\/09\/1757778574_Franske-forbud-og-portforbud-for-bruk-av-sosiale-medier.jpg\",\"contentUrl\":\"https:\/\/nordnesrepublikken.no\/wp-content\/uploads\/2025\/09\/1757778574_Franske-forbud-og-portforbud-for-bruk-av-sosiale-medier.jpg\",\"width\":1200,\"height\":674,\"caption\":\"Franske forbud og portforbud for bruk av sosiale medier\"},{\"@type\":\"BreadcrumbList\",\"@id\":\"https:\/\/nordnesrepublikken.no\/index.php\/2025\/09\/13\/franske-forbud-og-portforbud-for-bruk-av-sosiale-medier\/#breadcrumb\",\"itemListElement\":[{\"@type\":\"ListItem\",\"position\":1,\"name\":\"Home\",\"item\":\"https:\/\/nordnesrepublikken.no\/\"},{\"@type\":\"ListItem\",\"position\":2,\"name\":\"Franske forbud og portforbud for bruk av sosiale medier\"}]},{\"@type\":\"WebSite\",\"@id\":\"https:\/\/nordnesrepublikken.no\/#website\",\"url\":\"https:\/\/nordnesrepublikken.no\/\",\"name\":\"Nordnesrepublikken\",\"description\":\"Stemmer og Visjoner fra Republikkens Hjerte\",\"publisher\":{\"@id\":\"https:\/\/nordnesrepublikken.no\/#organization\"},\"potentialAction\":[{\"@type\":\"SearchAction\",\"target\":{\"@type\":\"EntryPoint\",\"urlTemplate\":\"https:\/\/nordnesrepublikken.no\/?s={search_term_string}\"},\"query-input\":{\"@type\":\"PropertyValueSpecification\",\"valueRequired\":true,\"valueName\":\"search_term_string\"}}],\"inLanguage\":\"nb-NO\"},{\"@type\":\"Organization\",\"@id\":\"https:\/\/nordnesrepublikken.no\/#organization\",\"name\":\"Nordnesrepublikken\",\"url\":\"https:\/\/nordnesrepublikken.no\/\",\"logo\":{\"@type\":\"ImageObject\",\"inLanguage\":\"nb-NO\",\"@id\":\"https:\/\/nordnesrepublikken.no\/#\/schema\/logo\/image\/\",\"url\":\"https:\/\/nordnesrepublikken.no\/wp-content\/uploads\/2025\/02\/cropped-nordnesrepublikken-2.png\",\"contentUrl\":\"https:\/\/nordnesrepublikken.no\/wp-content\/uploads\/2025\/02\/cropped-nordnesrepublikken-2.png\",\"width\":1248,\"height\":362,\"caption\":\"Nordnesrepublikken\"},\"image\":{\"@id\":\"https:\/\/nordnesrepublikken.no\/#\/schema\/logo\/image\/\"}},{\"@type\":\"Person\",\"@id\":\"https:\/\/nordnesrepublikken.no\/#\/schema\/person\/2e7e81935bab77882fffb79296240ff1\",\"name\":\"Ole Andersen\",\"image\":{\"@type\":\"ImageObject\",\"inLanguage\":\"nb-NO\",\"@id\":\"https:\/\/nordnesrepublikken.no\/#\/schema\/person\/image\/\",\"url\":\"https:\/\/nordnesrepublikken.no\/wp-content\/uploads\/2025\/02\/nordnesrepublikken-2-2-150x150.jpg\",\"contentUrl\":\"https:\/\/nordnesrepublikken.no\/wp-content\/uploads\/2025\/02\/nordnesrepublikken-2-2-150x150.jpg\",\"caption\":\"Ole Andersen\"},\"description\":\"Ettersom jeg vokste opp i Oslo, har jeg alltid v\u00e6rt fascinert av ordenes kraft og deres evne til \u00e5 skape endringer. Etter \u00e5 ha fullf\u00f8rt min utdannelse i kommunikasjon ved Universitetet i Bergen, fikk jeg muligheten til \u00e5 jobbe innen ulike medier, der jeg har s\u00f8kt \u00e5 belyse viktige samfunnssp\u00f8rsm\u00e5l. I dag, som redakt\u00f8r for Nordnesrepublikken, pr\u00f8ver jeg \u00e5 forene min kj\u00e6rlighet for journalistikk med min lidenskap for innovasjon og eventyr.\",\"sameAs\":[\"https:\/\/nordnesrepublikken.no\/\"]}]}<\/script>\n<!-- \/ Yoast SEO plugin. -->","yoast_head_json":{"title":"Franske forbud og portforbud for bruk av sosiale medier - Nordnesrepublikken","robots":{"index":"index","follow":"follow","max-snippet":"max-snippet:-1","max-image-preview":"max-image-preview:large","max-video-preview":"max-video-preview:-1"},"canonical":"https:\/\/nordnesrepublikken.no\/index.php\/2025\/09\/13\/franske-forbud-og-portforbud-for-bruk-av-sosiale-medier\/","og_locale":"nb_NO","og_type":"article","og_title":"Franske forbud og portforbud for bruk av sosiale medier - Nordnesrepublikken","og_description":"Franske lovgivere presser p\u00e5 for et forbud mot sosiale medier for barn under 15 \u00e5r","og_url":"https:\/\/nordnesrepublikken.no\/index.php\/2025\/09\/13\/franske-forbud-og-portforbud-for-bruk-av-sosiale-medier\/","og_site_name":"Nordnesrepublikken","article_published_time":"2025-09-13T15:49:33+00:00","article_modified_time":"2025-09-13T15:49:36+00:00","og_image":[{"width":1200,"height":674,"url":"https:\/\/nordnesrepublikken.no\/wp-content\/uploads\/2025\/09\/1757778574_Franske-forbud-og-portforbud-for-bruk-av-sosiale-medier.jpg","type":"image\/jpeg"}],"author":"Ole Andersen","twitter_card":"summary_large_image","twitter_misc":{"Skrevet av":"Ole Andersen","Ansl. lesetid":"3 minutter"},"schema":{"@context":"https:\/\/schema.org","@graph":[{"@type":"Article","@id":"https:\/\/nordnesrepublikken.no\/index.php\/2025\/09\/13\/franske-forbud-og-portforbud-for-bruk-av-sosiale-medier\/#article","isPartOf":{"@id":"https:\/\/nordnesrepublikken.no\/index.php\/2025\/09\/13\/franske-forbud-og-portforbud-for-bruk-av-sosiale-medier\/"},"author":{"name":"Ole Andersen","@id":"https:\/\/nordnesrepublikken.no\/#\/schema\/person\/2e7e81935bab77882fffb79296240ff1"},"headline":"Franske forbud og portforbud for bruk av sosiale medier","datePublished":"2025-09-13T15:49:33+00:00","dateModified":"2025-09-13T15:49:36+00:00","mainEntityOfPage":{"@id":"https:\/\/nordnesrepublikken.no\/index.php\/2025\/09\/13\/franske-forbud-og-portforbud-for-bruk-av-sosiale-medier\/"},"wordCount":541,"publisher":{"@id":"https:\/\/nordnesrepublikken.no\/#organization"},"image":{"@id":"https:\/\/nordnesrepublikken.no\/index.php\/2025\/09\/13\/franske-forbud-og-portforbud-for-bruk-av-sosiale-medier\/#primaryimage"},"thumbnailUrl":"https:\/\/nordnesrepublikken.no\/wp-content\/uploads\/2025\/09\/1757778574_Franske-forbud-og-portforbud-for-bruk-av-sosiale-medier.jpg","keywords":["Bruk","forbud","franske","medier","portforbud","sosiale"],"articleSection":["Livsstil"],"inLanguage":"nb-NO"},{"@type":"WebPage","@id":"https:\/\/nordnesrepublikken.no\/index.php\/2025\/09\/13\/franske-forbud-og-portforbud-for-bruk-av-sosiale-medier\/","url":"https:\/\/nordnesrepublikken.no\/index.php\/2025\/09\/13\/franske-forbud-og-portforbud-for-bruk-av-sosiale-medier\/","name":"Franske forbud og portforbud for bruk av sosiale medier - Nordnesrepublikken","isPartOf":{"@id":"https:\/\/nordnesrepublikken.no\/#website"},"primaryImageOfPage":{"@id":"https:\/\/nordnesrepublikken.no\/index.php\/2025\/09\/13\/franske-forbud-og-portforbud-for-bruk-av-sosiale-medier\/#primaryimage"},"image":{"@id":"https:\/\/nordnesrepublikken.no\/index.php\/2025\/09\/13\/franske-forbud-og-portforbud-for-bruk-av-sosiale-medier\/#primaryimage"},"thumbnailUrl":"https:\/\/nordnesrepublikken.no\/wp-content\/uploads\/2025\/09\/1757778574_Franske-forbud-og-portforbud-for-bruk-av-sosiale-medier.jpg","datePublished":"2025-09-13T15:49:33+00:00","dateModified":"2025-09-13T15:49:36+00:00","breadcrumb":{"@id":"https:\/\/nordnesrepublikken.no\/index.php\/2025\/09\/13\/franske-forbud-og-portforbud-for-bruk-av-sosiale-medier\/#breadcrumb"},"inLanguage":"nb-NO","potentialAction":[{"@type":"ReadAction","target":["https:\/\/nordnesrepublikken.no\/index.php\/2025\/09\/13\/franske-forbud-og-portforbud-for-bruk-av-sosiale-medier\/"]}]},{"@type":"ImageObject","inLanguage":"nb-NO","@id":"https:\/\/nordnesrepublikken.no\/index.php\/2025\/09\/13\/franske-forbud-og-portforbud-for-bruk-av-sosiale-medier\/#primaryimage","url":"https:\/\/nordnesrepublikken.no\/wp-content\/uploads\/2025\/09\/1757778574_Franske-forbud-og-portforbud-for-bruk-av-sosiale-medier.jpg","contentUrl":"https:\/\/nordnesrepublikken.no\/wp-content\/uploads\/2025\/09\/1757778574_Franske-forbud-og-portforbud-for-bruk-av-sosiale-medier.jpg","width":1200,"height":674,"caption":"Franske forbud og portforbud for bruk av sosiale medier"},{"@type":"BreadcrumbList","@id":"https:\/\/nordnesrepublikken.no\/index.php\/2025\/09\/13\/franske-forbud-og-portforbud-for-bruk-av-sosiale-medier\/#breadcrumb","itemListElement":[{"@type":"ListItem","position":1,"name":"Home","item":"https:\/\/nordnesrepublikken.no\/"},{"@type":"ListItem","position":2,"name":"Franske forbud og portforbud for bruk av sosiale medier"}]},{"@type":"WebSite","@id":"https:\/\/nordnesrepublikken.no\/#website","url":"https:\/\/nordnesrepublikken.no\/","name":"Nordnesrepublikken","description":"Stemmer og Visjoner fra Republikkens Hjerte","publisher":{"@id":"https:\/\/nordnesrepublikken.no\/#organization"},"potentialAction":[{"@type":"SearchAction","target":{"@type":"EntryPoint","urlTemplate":"https:\/\/nordnesrepublikken.no\/?s={search_term_string}"},"query-input":{"@type":"PropertyValueSpecification","valueRequired":true,"valueName":"search_term_string"}}],"inLanguage":"nb-NO"},{"@type":"Organization","@id":"https:\/\/nordnesrepublikken.no\/#organization","name":"Nordnesrepublikken","url":"https:\/\/nordnesrepublikken.no\/","logo":{"@type":"ImageObject","inLanguage":"nb-NO","@id":"https:\/\/nordnesrepublikken.no\/#\/schema\/logo\/image\/","url":"https:\/\/nordnesrepublikken.no\/wp-content\/uploads\/2025\/02\/cropped-nordnesrepublikken-2.png","contentUrl":"https:\/\/nordnesrepublikken.no\/wp-content\/uploads\/2025\/02\/cropped-nordnesrepublikken-2.png","width":1248,"height":362,"caption":"Nordnesrepublikken"},"image":{"@id":"https:\/\/nordnesrepublikken.no\/#\/schema\/logo\/image\/"}},{"@type":"Person","@id":"https:\/\/nordnesrepublikken.no\/#\/schema\/person\/2e7e81935bab77882fffb79296240ff1","name":"Ole Andersen","image":{"@type":"ImageObject","inLanguage":"nb-NO","@id":"https:\/\/nordnesrepublikken.no\/#\/schema\/person\/image\/","url":"https:\/\/nordnesrepublikken.no\/wp-content\/uploads\/2025\/02\/nordnesrepublikken-2-2-150x150.jpg","contentUrl":"https:\/\/nordnesrepublikken.no\/wp-content\/uploads\/2025\/02\/nordnesrepublikken-2-2-150x150.jpg","caption":"Ole Andersen"},"description":"Ettersom jeg vokste opp i Oslo, har jeg alltid v\u00e6rt fascinert av ordenes kraft og deres evne til \u00e5 skape endringer. Etter \u00e5 ha fullf\u00f8rt min utdannelse i kommunikasjon ved Universitetet i Bergen, fikk jeg muligheten til \u00e5 jobbe innen ulike medier, der jeg har s\u00f8kt \u00e5 belyse viktige samfunnssp\u00f8rsm\u00e5l. I dag, som redakt\u00f8r for Nordnesrepublikken, pr\u00f8ver jeg \u00e5 forene min kj\u00e6rlighet for journalistikk med min lidenskap for innovasjon og eventyr.","sameAs":["https:\/\/nordnesrepublikken.no\/"]}]}},"_links":{"self":[{"href":"https:\/\/nordnesrepublikken.no\/index.php\/wp-json\/wp\/v2\/posts\/9531","targetHints":{"allow":["GET"]}}],"collection":[{"href":"https:\/\/nordnesrepublikken.no\/index.php\/wp-json\/wp\/v2\/posts"}],"about":[{"href":"https:\/\/nordnesrepublikken.no\/index.php\/wp-json\/wp\/v2\/types\/post"}],"author":[{"embeddable":true,"href":"https:\/\/nordnesrepublikken.no\/index.php\/wp-json\/wp\/v2\/users\/1"}],"replies":[{"embeddable":true,"href":"https:\/\/nordnesrepublikken.no\/index.php\/wp-json\/wp\/v2\/comments?post=9531"}],"version-history":[{"count":1,"href":"https:\/\/nordnesrepublikken.no\/index.php\/wp-json\/wp\/v2\/posts\/9531\/revisions"}],"predecessor-version":[{"id":9533,"href":"https:\/\/nordnesrepublikken.no\/index.php\/wp-json\/wp\/v2\/posts\/9531\/revisions\/9533"}],"wp:featuredmedia":[{"embeddable":true,"href":"https:\/\/nordnesrepublikken.no\/index.php\/wp-json\/wp\/v2\/media\/9532"}],"wp:attachment":[{"href":"https:\/\/nordnesrepublikken.no\/index.php\/wp-json\/wp\/v2\/media?parent=9531"}],"wp:term":[{"taxonomy":"category","embeddable":true,"href":"https:\/\/nordnesrepublikken.no\/index.php\/wp-json\/wp\/v2\/categories?post=9531"},{"taxonomy":"post_tag","embeddable":true,"href":"https:\/\/nordnesrepublikken.no\/index.php\/wp-json\/wp\/v2\/tags?post=9531"}],"curies":[{"name":"wp","href":"https:\/\/api.w.org\/{rel}","templated":true}]}}