{"id":9528,"date":"2025-09-13T14:49:33","date_gmt":"2025-09-13T12:49:33","guid":{"rendered":"https:\/\/nordnesrepublikken.no\/index.php\/2025\/09\/13\/hvordan-skulpturene-til-anish-kapoor-er-laget\/"},"modified":"2025-09-13T14:49:37","modified_gmt":"2025-09-13T12:49:37","slug":"hvordan-skulpturene-til-anish-kapoor-er-laget","status":"publish","type":"post","link":"https:\/\/nordnesrepublikken.no\/index.php\/2025\/09\/13\/hvordan-skulpturene-til-anish-kapoor-er-laget\/","title":{"rendered":"Hvordan skulpturene til Anish Kapoor er laget"},"content":{"rendered":"<div>\n<div class=\"cp_wrapper cp_wrapper--fw mb-30 mb-20@tablet\">\n<figure class=\"mm\"><picture class=\"img\" style=\"padding-top:56.25%\"><source  media=\"(min-width: 1024px)\"><source  media=\"(min-width: 768px)\"><\/source><\/source><\/picture><\/figure>\n<\/p><\/div>\n<p>Selv om det enn\u00e5 ikke er offisielt \u00e5pent for publikum,<strong> To nye stasjoner av Monte Sant&#8217;angelo av linje 7<\/strong> av Napoli har blitt innviet av institusjonene nylig: Denne nye ruten vil koble sentrum av Napoli til det moderne universitetssenteret i Monte Sant&#8217;angelo. Initiativet bekrefter byens sterke interesse <strong>Investering i kunsten og turismen i Metropolitan stopper<\/strong>: tilgang til de nye stasjonene, i det spesifikke tilfellet, b\u00e6rer signaturen til <strong>Anish Kapoor<\/strong>ber\u00f8mt moderne britisk kunstner og billedhugger. Strukturene til Monte Sant&#8217;angelo &#8211; universitet i <strong>Cor-Ten st\u00e5l<\/strong> og av Monte Sant&#8217;angelo &#8211; Trajan i <strong>aluminium<\/strong>vil \u00e5pne for publikum om en m\u00e5ned.<\/p>\n<h2>Metropolitan Infrastructure of the New Line 7<\/h2>\n<p>Arbeidet ble utf\u00f8rt av <strong>Webuild<\/strong> P\u00e5 vegne av <strong>EAV (Autonomous Authority Volturno)<\/strong>implementere emnet i Campania -regionen. Linje 7 i sin helhet lar deg koble sentrum med det vestlige omr\u00e5det og det phlegraean -omr\u00e5det, og skaper et poeng av <strong>Strategisk utveksling<\/strong>. Linjen vil ogs\u00e5 tilby ytterligere tilkoblinger med det eksisterende storbyssystemet, inkludert linje 2 og linje 1 allerede i drift. Forel\u00f8pig er \u00e5pningen av So -Called forutsett p\u00e5 kort tid <strong>&laquo;Bretella di Monte Sant&#8217;angelo&raquo;, <\/strong>som vurderer tilstedev\u00e6relsen av de to ber\u00f8mte skulpturene til den britiske artisten.<\/p>\n<p>Fra ingeni\u00f8rens synspunkt, hva vi ser p\u00e5 overflaten i disse nye stoppene <strong>Monte Sant&#8217;angelo University<\/strong> Og <strong>Trajan<\/strong> De er bare <em>&laquo;Porta&raquo; -inngangen til stasjonen<\/em>. Selve systemet utvikler seg i dybden, opp til andelen av tunnelen der konvoiene passerer. Faktisk er hver stasjon en utvidelse av tunnelen. Imidlertid er dette laget gjennom en annen geometri, n\u00f8dvendig for \u00e5 v\u00e6re vertskap for Quay -fortauene, tilgangen, de tekniske rommene og tjenestene for passasjerer. For \u00e5 bygge disse store underjordiske hulrommene, m\u00e5 sidebakken stabiliseres med <em>St\u00f8tte fungerer<\/em>best\u00e5ende av <strong>Skott<\/strong>: strukturelle og geotekniske systemer som <strong>handle som &laquo;<em>vegg<\/em>\u201dAv inneslutning av jorda<\/strong>. Skottet er <strong>Fikset i undergrunnen til tilstrekkelig dybde<\/strong> For \u00e5 motvirke de horisontale skyvene og garantere stabiliteten i utgravningen. N\u00e5r de er fullf\u00f8rt, er disse strukturene skjult av finish og belegg, noe som resulterer usynlige for passasjer\u00f8yet.<\/p>\n<div class=\"cp_wrapper cp_wrapper--fw mb-50\">\n<figure class=\"mm\"><picture class=\"img\" style=\"padding-top:66.6796875%\"><source  media=\"(min-width: 1024px)\"><source  media=\"(min-width: 768px)\"><img decoding=\"async\" loading=\"lazy\" src=\"https:\/\/nordnesrepublikken.no\/wp-content\/uploads\/2025\/09\/1757767773_560_Hvordan-skulpturene-til-Anish-Kapoor-er-laget.jpg\" alt=\"Station-Monte-Santangelo\" width=\"2560\" height=\"1707\"><\/source><\/source><\/picture><\/figure>\n<\/p><\/div>\n<h2>Anish Kapoors skulpturer<\/h2>\n<p>Tilgangen til de to stasjonene er beriket av de imponerende skulpturene designet av <strong>Anish Kapoor<\/strong>laget med distinkte materialer:<\/p>\n<ul>\n<li><strong>Monte Sant&#8217;angelo &#8211; University<\/strong>: Her finner vi en Cor-Ten st\u00e5lstruktur, det vil si en jernkarbonlegering beriket med kobber, krom og fosfor. Denne komposisjonen utvikler en <strong>Selvgertal overflate patina<\/strong>gi metallet det typiske &laquo;rustne&raquo; aspektet og<strong> beskyttelse mot korrosjon<\/strong> n\u00f8dvendig for \u00e5 garantere motstand og holdbarhet over tid.<\/li>\n<li><strong>Monte Sant&#8217;angelo &#8211; Trajan<\/strong>: I dette stoppet finner vi en struktur i <strong>aluminium<\/strong>lett materiale og motstandsdyktig mot atmosf\u00e6riske midler uten behov for beskyttelsesbelegg. Fargeleggingen i dette tilfellet er den naturlige av metall, eller metallgr\u00e5.<\/li>\n<\/ul>\n<div class=\"cp_wrapper cp_wrapper--fw mb-50\">\n<figure class=\"mm\"><picture class=\"img\" style=\"padding-top:66.6796875%\"><source  media=\"(min-width: 1024px)\"><source  media=\"(min-width: 768px)\"><img decoding=\"async\" loading=\"lazy\" src=\"https:\/\/nordnesrepublikken.no\/wp-content\/uploads\/2025\/09\/1757767773_598_Hvordan-skulpturene-til-Anish-Kapoor-er-laget.jpg\" alt=\"De-Luca-station-Monte-Santangelo-15945-skalert\" width=\"2560\" height=\"1707\" class=\"js-seedtag-img\"><\/source><\/source><\/picture><\/figure>\n<\/p><\/div>\n<p>Innvendig har begge stasjonene et belegg i <strong>Spritz-Beton<\/strong> (eller projisert betong), <strong>kastet med h\u00f8yhastighetsspray p\u00e5 overflatene<\/strong>. Denne teknikken inneb\u00e6rer bruk av en betong <strong>laget av h\u00f8y betongdosering<\/strong>. Spritz-Beton lar deg skaffe en<strong> Kontinuerlig effekt og rask utf\u00f8relse<\/strong>uten kuponger, og minner om utseendet til en hule som finish, en tilstand som stemmer overens med ideen om inngang som skulpt\u00f8ren \u00f8nsket.<\/p>\n<p>De to stoppene &#8211; den ene p\u00e5 campus ved University of Napoli Federico II og den andre i Rione Traiano -distriktet &#8211; er designet for \u00e5 fremkalle myten om <strong>Sibilla Cumana<\/strong> Fortalt i &laquo;aeneiden&raquo;, og forvandlet passasjerene til en metafor om &laquo;nedstigningen til underverdenen&raquo;. Begge overflatestrukturene har <strong>buede og v\u00e5gale former<\/strong>. \u00c5 lage dem, a <strong>Internt ramme metallsystem,<\/strong> som gir <strong>Stivhet og stabilitet til skulptur<\/strong>. Fra et strukturelt synspunkt, disse fungerer <strong>De er ikke transport\u00f8rer<\/strong> Og <strong>Ikke bidra til stabiliteten\/motstanden til stasjonen<\/strong>men de trenger bare \u00e5 motst\u00e5 vekten: infrastrukturenes virkelige motstand er betrodd geotekniske verk og underjordiske forsterkede betongkonstruksjoner som vi tidligere har diskutert. St\u00f8rrelsen p\u00e5 disse skulpturene vitner imidlertid om kompleksiteten i intervensjonen og deres realisering:<\/p>\n<ul>\n<li>Strukturen i <strong>Cor-Ten st\u00e5l<\/strong> av Monte Sant&#8217;angelo &#8211; Universitetet er h\u00f8yt <strong>19 m<\/strong> og veier om <strong>220 tonn<\/strong>.<\/li>\n<li>Strukturen i <strong>aluminium<\/strong> av Trajan er h\u00f8y <strong>11 m<\/strong> og veier <strong>42 tonn<\/strong>.<\/li>\n<\/ul>\n<p>Den store forskjellen i vekt skyldes hovedsakelig materialets forskjellige spesifikke vekt: st\u00e5let har faktisk en spesifikk vekt om <strong>tre ganger h\u00f8yere<\/strong> til aluminium.<\/p>\n<\/p><\/div>\n","protected":false},"excerpt":{"rendered":"<p>Selv om det enn\u00e5 ikke er offisielt \u00e5pent for publikum, To nye stasjoner av Monte<\/p>\n","protected":false},"author":1,"featured_media":9529,"comment_status":"closed","ping_status":"open","sticky":false,"template":"","format":"standard","meta":{"footnotes":""},"categories":[24],"tags":[6233,112,6234,1015,6232,117],"class_list":["post-9528","post","type-post","status-publish","format-standard","has-post-thumbnail","hentry","category-vitenskap","tag-anish","tag-hvordan","tag-kapoor","tag-laget","tag-skulpturene","tag-til","generate-columns","tablet-grid-50","mobile-grid-100","grid-parent","grid-33","resize-featured-image"],"yoast_head":"<!-- This site is optimized with the Yoast SEO plugin v24.4 - https:\/\/yoast.com\/wordpress\/plugins\/seo\/ -->\n<title>Hvordan skulpturene til Anish Kapoor er laget - Nordnesrepublikken<\/title>\n<meta name=\"robots\" content=\"index, follow, max-snippet:-1, max-image-preview:large, max-video-preview:-1\" \/>\n<link rel=\"canonical\" href=\"https:\/\/nordnesrepublikken.no\/index.php\/2025\/09\/13\/hvordan-skulpturene-til-anish-kapoor-er-laget\/\" \/>\n<meta property=\"og:locale\" content=\"nb_NO\" \/>\n<meta property=\"og:type\" content=\"article\" \/>\n<meta property=\"og:title\" content=\"Hvordan skulpturene til Anish Kapoor er laget - Nordnesrepublikken\" \/>\n<meta property=\"og:description\" content=\"Selv om det enn\u00e5 ikke er offisielt \u00e5pent for publikum, To nye stasjoner av Monte\" \/>\n<meta property=\"og:url\" content=\"https:\/\/nordnesrepublikken.no\/index.php\/2025\/09\/13\/hvordan-skulpturene-til-anish-kapoor-er-laget\/\" \/>\n<meta property=\"og:site_name\" content=\"Nordnesrepublikken\" \/>\n<meta property=\"article:published_time\" content=\"2025-09-13T12:49:33+00:00\" \/>\n<meta property=\"article:modified_time\" content=\"2025-09-13T12:49:37+00:00\" \/>\n<meta property=\"og:image\" content=\"https:\/\/nordnesrepublikken.no\/wp-content\/uploads\/2025\/09\/1757767774_Hvordan-skulpturene-til-Anish-Kapoor-er-laget.jpg\" \/>\n\t<meta property=\"og:image:width\" content=\"2560\" \/>\n\t<meta property=\"og:image:height\" content=\"1707\" \/>\n\t<meta property=\"og:image:type\" content=\"image\/jpeg\" \/>\n<meta name=\"author\" content=\"Ole Andersen\" \/>\n<meta name=\"twitter:card\" content=\"summary_large_image\" \/>\n<meta name=\"twitter:label1\" content=\"Skrevet av\" \/>\n\t<meta name=\"twitter:data1\" content=\"Ole Andersen\" \/>\n\t<meta name=\"twitter:label2\" content=\"Ansl. lesetid\" \/>\n\t<meta name=\"twitter:data2\" content=\"3 minutter\" \/>\n<script type=\"application\/ld+json\" class=\"yoast-schema-graph\">{\"@context\":\"https:\/\/schema.org\",\"@graph\":[{\"@type\":\"Article\",\"@id\":\"https:\/\/nordnesrepublikken.no\/index.php\/2025\/09\/13\/hvordan-skulpturene-til-anish-kapoor-er-laget\/#article\",\"isPartOf\":{\"@id\":\"https:\/\/nordnesrepublikken.no\/index.php\/2025\/09\/13\/hvordan-skulpturene-til-anish-kapoor-er-laget\/\"},\"author\":{\"name\":\"Ole Andersen\",\"@id\":\"https:\/\/nordnesrepublikken.no\/#\/schema\/person\/2e7e81935bab77882fffb79296240ff1\"},\"headline\":\"Hvordan skulpturene til Anish Kapoor er laget\",\"datePublished\":\"2025-09-13T12:49:33+00:00\",\"dateModified\":\"2025-09-13T12:49:37+00:00\",\"mainEntityOfPage\":{\"@id\":\"https:\/\/nordnesrepublikken.no\/index.php\/2025\/09\/13\/hvordan-skulpturene-til-anish-kapoor-er-laget\/\"},\"wordCount\":690,\"publisher\":{\"@id\":\"https:\/\/nordnesrepublikken.no\/#organization\"},\"image\":{\"@id\":\"https:\/\/nordnesrepublikken.no\/index.php\/2025\/09\/13\/hvordan-skulpturene-til-anish-kapoor-er-laget\/#primaryimage\"},\"thumbnailUrl\":\"https:\/\/nordnesrepublikken.no\/wp-content\/uploads\/2025\/09\/1757767774_Hvordan-skulpturene-til-Anish-Kapoor-er-laget.jpg\",\"keywords\":[\"Anish\",\"Hvordan\",\"Kapoor\",\"laget\",\"skulpturene\",\"til\"],\"articleSection\":[\"Vitenskap\"],\"inLanguage\":\"nb-NO\"},{\"@type\":\"WebPage\",\"@id\":\"https:\/\/nordnesrepublikken.no\/index.php\/2025\/09\/13\/hvordan-skulpturene-til-anish-kapoor-er-laget\/\",\"url\":\"https:\/\/nordnesrepublikken.no\/index.php\/2025\/09\/13\/hvordan-skulpturene-til-anish-kapoor-er-laget\/\",\"name\":\"Hvordan skulpturene til Anish Kapoor er laget - Nordnesrepublikken\",\"isPartOf\":{\"@id\":\"https:\/\/nordnesrepublikken.no\/#website\"},\"primaryImageOfPage\":{\"@id\":\"https:\/\/nordnesrepublikken.no\/index.php\/2025\/09\/13\/hvordan-skulpturene-til-anish-kapoor-er-laget\/#primaryimage\"},\"image\":{\"@id\":\"https:\/\/nordnesrepublikken.no\/index.php\/2025\/09\/13\/hvordan-skulpturene-til-anish-kapoor-er-laget\/#primaryimage\"},\"thumbnailUrl\":\"https:\/\/nordnesrepublikken.no\/wp-content\/uploads\/2025\/09\/1757767774_Hvordan-skulpturene-til-Anish-Kapoor-er-laget.jpg\",\"datePublished\":\"2025-09-13T12:49:33+00:00\",\"dateModified\":\"2025-09-13T12:49:37+00:00\",\"breadcrumb\":{\"@id\":\"https:\/\/nordnesrepublikken.no\/index.php\/2025\/09\/13\/hvordan-skulpturene-til-anish-kapoor-er-laget\/#breadcrumb\"},\"inLanguage\":\"nb-NO\",\"potentialAction\":[{\"@type\":\"ReadAction\",\"target\":[\"https:\/\/nordnesrepublikken.no\/index.php\/2025\/09\/13\/hvordan-skulpturene-til-anish-kapoor-er-laget\/\"]}]},{\"@type\":\"ImageObject\",\"inLanguage\":\"nb-NO\",\"@id\":\"https:\/\/nordnesrepublikken.no\/index.php\/2025\/09\/13\/hvordan-skulpturene-til-anish-kapoor-er-laget\/#primaryimage\",\"url\":\"https:\/\/nordnesrepublikken.no\/wp-content\/uploads\/2025\/09\/1757767774_Hvordan-skulpturene-til-Anish-Kapoor-er-laget.jpg\",\"contentUrl\":\"https:\/\/nordnesrepublikken.no\/wp-content\/uploads\/2025\/09\/1757767774_Hvordan-skulpturene-til-Anish-Kapoor-er-laget.jpg\",\"width\":2560,\"height\":1707,\"caption\":\"stazione metro napoli\"},{\"@type\":\"BreadcrumbList\",\"@id\":\"https:\/\/nordnesrepublikken.no\/index.php\/2025\/09\/13\/hvordan-skulpturene-til-anish-kapoor-er-laget\/#breadcrumb\",\"itemListElement\":[{\"@type\":\"ListItem\",\"position\":1,\"name\":\"Home\",\"item\":\"https:\/\/nordnesrepublikken.no\/\"},{\"@type\":\"ListItem\",\"position\":2,\"name\":\"Hvordan skulpturene til Anish Kapoor er laget\"}]},{\"@type\":\"WebSite\",\"@id\":\"https:\/\/nordnesrepublikken.no\/#website\",\"url\":\"https:\/\/nordnesrepublikken.no\/\",\"name\":\"Nordnesrepublikken\",\"description\":\"Stemmer og Visjoner fra Republikkens Hjerte\",\"publisher\":{\"@id\":\"https:\/\/nordnesrepublikken.no\/#organization\"},\"potentialAction\":[{\"@type\":\"SearchAction\",\"target\":{\"@type\":\"EntryPoint\",\"urlTemplate\":\"https:\/\/nordnesrepublikken.no\/?s={search_term_string}\"},\"query-input\":{\"@type\":\"PropertyValueSpecification\",\"valueRequired\":true,\"valueName\":\"search_term_string\"}}],\"inLanguage\":\"nb-NO\"},{\"@type\":\"Organization\",\"@id\":\"https:\/\/nordnesrepublikken.no\/#organization\",\"name\":\"Nordnesrepublikken\",\"url\":\"https:\/\/nordnesrepublikken.no\/\",\"logo\":{\"@type\":\"ImageObject\",\"inLanguage\":\"nb-NO\",\"@id\":\"https:\/\/nordnesrepublikken.no\/#\/schema\/logo\/image\/\",\"url\":\"https:\/\/nordnesrepublikken.no\/wp-content\/uploads\/2025\/02\/cropped-nordnesrepublikken-2.png\",\"contentUrl\":\"https:\/\/nordnesrepublikken.no\/wp-content\/uploads\/2025\/02\/cropped-nordnesrepublikken-2.png\",\"width\":1248,\"height\":362,\"caption\":\"Nordnesrepublikken\"},\"image\":{\"@id\":\"https:\/\/nordnesrepublikken.no\/#\/schema\/logo\/image\/\"}},{\"@type\":\"Person\",\"@id\":\"https:\/\/nordnesrepublikken.no\/#\/schema\/person\/2e7e81935bab77882fffb79296240ff1\",\"name\":\"Ole Andersen\",\"image\":{\"@type\":\"ImageObject\",\"inLanguage\":\"nb-NO\",\"@id\":\"https:\/\/nordnesrepublikken.no\/#\/schema\/person\/image\/\",\"url\":\"https:\/\/nordnesrepublikken.no\/wp-content\/uploads\/2025\/02\/nordnesrepublikken-2-2-150x150.jpg\",\"contentUrl\":\"https:\/\/nordnesrepublikken.no\/wp-content\/uploads\/2025\/02\/nordnesrepublikken-2-2-150x150.jpg\",\"caption\":\"Ole Andersen\"},\"description\":\"Ettersom jeg vokste opp i Oslo, har jeg alltid v\u00e6rt fascinert av ordenes kraft og deres evne til \u00e5 skape endringer. Etter \u00e5 ha fullf\u00f8rt min utdannelse i kommunikasjon ved Universitetet i Bergen, fikk jeg muligheten til \u00e5 jobbe innen ulike medier, der jeg har s\u00f8kt \u00e5 belyse viktige samfunnssp\u00f8rsm\u00e5l. I dag, som redakt\u00f8r for Nordnesrepublikken, pr\u00f8ver jeg \u00e5 forene min kj\u00e6rlighet for journalistikk med min lidenskap for innovasjon og eventyr.\",\"sameAs\":[\"https:\/\/nordnesrepublikken.no\/\"]}]}<\/script>\n<!-- \/ Yoast SEO plugin. -->","yoast_head_json":{"title":"Hvordan skulpturene til Anish Kapoor er laget - Nordnesrepublikken","robots":{"index":"index","follow":"follow","max-snippet":"max-snippet:-1","max-image-preview":"max-image-preview:large","max-video-preview":"max-video-preview:-1"},"canonical":"https:\/\/nordnesrepublikken.no\/index.php\/2025\/09\/13\/hvordan-skulpturene-til-anish-kapoor-er-laget\/","og_locale":"nb_NO","og_type":"article","og_title":"Hvordan skulpturene til Anish Kapoor er laget - Nordnesrepublikken","og_description":"Selv om det enn\u00e5 ikke er offisielt \u00e5pent for publikum, To nye stasjoner av Monte","og_url":"https:\/\/nordnesrepublikken.no\/index.php\/2025\/09\/13\/hvordan-skulpturene-til-anish-kapoor-er-laget\/","og_site_name":"Nordnesrepublikken","article_published_time":"2025-09-13T12:49:33+00:00","article_modified_time":"2025-09-13T12:49:37+00:00","og_image":[{"width":2560,"height":1707,"url":"https:\/\/nordnesrepublikken.no\/wp-content\/uploads\/2025\/09\/1757767774_Hvordan-skulpturene-til-Anish-Kapoor-er-laget.jpg","type":"image\/jpeg"}],"author":"Ole Andersen","twitter_card":"summary_large_image","twitter_misc":{"Skrevet av":"Ole Andersen","Ansl. lesetid":"3 minutter"},"schema":{"@context":"https:\/\/schema.org","@graph":[{"@type":"Article","@id":"https:\/\/nordnesrepublikken.no\/index.php\/2025\/09\/13\/hvordan-skulpturene-til-anish-kapoor-er-laget\/#article","isPartOf":{"@id":"https:\/\/nordnesrepublikken.no\/index.php\/2025\/09\/13\/hvordan-skulpturene-til-anish-kapoor-er-laget\/"},"author":{"name":"Ole Andersen","@id":"https:\/\/nordnesrepublikken.no\/#\/schema\/person\/2e7e81935bab77882fffb79296240ff1"},"headline":"Hvordan skulpturene til Anish Kapoor er laget","datePublished":"2025-09-13T12:49:33+00:00","dateModified":"2025-09-13T12:49:37+00:00","mainEntityOfPage":{"@id":"https:\/\/nordnesrepublikken.no\/index.php\/2025\/09\/13\/hvordan-skulpturene-til-anish-kapoor-er-laget\/"},"wordCount":690,"publisher":{"@id":"https:\/\/nordnesrepublikken.no\/#organization"},"image":{"@id":"https:\/\/nordnesrepublikken.no\/index.php\/2025\/09\/13\/hvordan-skulpturene-til-anish-kapoor-er-laget\/#primaryimage"},"thumbnailUrl":"https:\/\/nordnesrepublikken.no\/wp-content\/uploads\/2025\/09\/1757767774_Hvordan-skulpturene-til-Anish-Kapoor-er-laget.jpg","keywords":["Anish","Hvordan","Kapoor","laget","skulpturene","til"],"articleSection":["Vitenskap"],"inLanguage":"nb-NO"},{"@type":"WebPage","@id":"https:\/\/nordnesrepublikken.no\/index.php\/2025\/09\/13\/hvordan-skulpturene-til-anish-kapoor-er-laget\/","url":"https:\/\/nordnesrepublikken.no\/index.php\/2025\/09\/13\/hvordan-skulpturene-til-anish-kapoor-er-laget\/","name":"Hvordan skulpturene til Anish Kapoor er laget - Nordnesrepublikken","isPartOf":{"@id":"https:\/\/nordnesrepublikken.no\/#website"},"primaryImageOfPage":{"@id":"https:\/\/nordnesrepublikken.no\/index.php\/2025\/09\/13\/hvordan-skulpturene-til-anish-kapoor-er-laget\/#primaryimage"},"image":{"@id":"https:\/\/nordnesrepublikken.no\/index.php\/2025\/09\/13\/hvordan-skulpturene-til-anish-kapoor-er-laget\/#primaryimage"},"thumbnailUrl":"https:\/\/nordnesrepublikken.no\/wp-content\/uploads\/2025\/09\/1757767774_Hvordan-skulpturene-til-Anish-Kapoor-er-laget.jpg","datePublished":"2025-09-13T12:49:33+00:00","dateModified":"2025-09-13T12:49:37+00:00","breadcrumb":{"@id":"https:\/\/nordnesrepublikken.no\/index.php\/2025\/09\/13\/hvordan-skulpturene-til-anish-kapoor-er-laget\/#breadcrumb"},"inLanguage":"nb-NO","potentialAction":[{"@type":"ReadAction","target":["https:\/\/nordnesrepublikken.no\/index.php\/2025\/09\/13\/hvordan-skulpturene-til-anish-kapoor-er-laget\/"]}]},{"@type":"ImageObject","inLanguage":"nb-NO","@id":"https:\/\/nordnesrepublikken.no\/index.php\/2025\/09\/13\/hvordan-skulpturene-til-anish-kapoor-er-laget\/#primaryimage","url":"https:\/\/nordnesrepublikken.no\/wp-content\/uploads\/2025\/09\/1757767774_Hvordan-skulpturene-til-Anish-Kapoor-er-laget.jpg","contentUrl":"https:\/\/nordnesrepublikken.no\/wp-content\/uploads\/2025\/09\/1757767774_Hvordan-skulpturene-til-Anish-Kapoor-er-laget.jpg","width":2560,"height":1707,"caption":"stazione metro napoli"},{"@type":"BreadcrumbList","@id":"https:\/\/nordnesrepublikken.no\/index.php\/2025\/09\/13\/hvordan-skulpturene-til-anish-kapoor-er-laget\/#breadcrumb","itemListElement":[{"@type":"ListItem","position":1,"name":"Home","item":"https:\/\/nordnesrepublikken.no\/"},{"@type":"ListItem","position":2,"name":"Hvordan skulpturene til Anish Kapoor er laget"}]},{"@type":"WebSite","@id":"https:\/\/nordnesrepublikken.no\/#website","url":"https:\/\/nordnesrepublikken.no\/","name":"Nordnesrepublikken","description":"Stemmer og Visjoner fra Republikkens Hjerte","publisher":{"@id":"https:\/\/nordnesrepublikken.no\/#organization"},"potentialAction":[{"@type":"SearchAction","target":{"@type":"EntryPoint","urlTemplate":"https:\/\/nordnesrepublikken.no\/?s={search_term_string}"},"query-input":{"@type":"PropertyValueSpecification","valueRequired":true,"valueName":"search_term_string"}}],"inLanguage":"nb-NO"},{"@type":"Organization","@id":"https:\/\/nordnesrepublikken.no\/#organization","name":"Nordnesrepublikken","url":"https:\/\/nordnesrepublikken.no\/","logo":{"@type":"ImageObject","inLanguage":"nb-NO","@id":"https:\/\/nordnesrepublikken.no\/#\/schema\/logo\/image\/","url":"https:\/\/nordnesrepublikken.no\/wp-content\/uploads\/2025\/02\/cropped-nordnesrepublikken-2.png","contentUrl":"https:\/\/nordnesrepublikken.no\/wp-content\/uploads\/2025\/02\/cropped-nordnesrepublikken-2.png","width":1248,"height":362,"caption":"Nordnesrepublikken"},"image":{"@id":"https:\/\/nordnesrepublikken.no\/#\/schema\/logo\/image\/"}},{"@type":"Person","@id":"https:\/\/nordnesrepublikken.no\/#\/schema\/person\/2e7e81935bab77882fffb79296240ff1","name":"Ole Andersen","image":{"@type":"ImageObject","inLanguage":"nb-NO","@id":"https:\/\/nordnesrepublikken.no\/#\/schema\/person\/image\/","url":"https:\/\/nordnesrepublikken.no\/wp-content\/uploads\/2025\/02\/nordnesrepublikken-2-2-150x150.jpg","contentUrl":"https:\/\/nordnesrepublikken.no\/wp-content\/uploads\/2025\/02\/nordnesrepublikken-2-2-150x150.jpg","caption":"Ole Andersen"},"description":"Ettersom jeg vokste opp i Oslo, har jeg alltid v\u00e6rt fascinert av ordenes kraft og deres evne til \u00e5 skape endringer. Etter \u00e5 ha fullf\u00f8rt min utdannelse i kommunikasjon ved Universitetet i Bergen, fikk jeg muligheten til \u00e5 jobbe innen ulike medier, der jeg har s\u00f8kt \u00e5 belyse viktige samfunnssp\u00f8rsm\u00e5l. I dag, som redakt\u00f8r for Nordnesrepublikken, pr\u00f8ver jeg \u00e5 forene min kj\u00e6rlighet for journalistikk med min lidenskap for innovasjon og eventyr.","sameAs":["https:\/\/nordnesrepublikken.no\/"]}]}},"_links":{"self":[{"href":"https:\/\/nordnesrepublikken.no\/index.php\/wp-json\/wp\/v2\/posts\/9528","targetHints":{"allow":["GET"]}}],"collection":[{"href":"https:\/\/nordnesrepublikken.no\/index.php\/wp-json\/wp\/v2\/posts"}],"about":[{"href":"https:\/\/nordnesrepublikken.no\/index.php\/wp-json\/wp\/v2\/types\/post"}],"author":[{"embeddable":true,"href":"https:\/\/nordnesrepublikken.no\/index.php\/wp-json\/wp\/v2\/users\/1"}],"replies":[{"embeddable":true,"href":"https:\/\/nordnesrepublikken.no\/index.php\/wp-json\/wp\/v2\/comments?post=9528"}],"version-history":[{"count":1,"href":"https:\/\/nordnesrepublikken.no\/index.php\/wp-json\/wp\/v2\/posts\/9528\/revisions"}],"predecessor-version":[{"id":9530,"href":"https:\/\/nordnesrepublikken.no\/index.php\/wp-json\/wp\/v2\/posts\/9528\/revisions\/9530"}],"wp:featuredmedia":[{"embeddable":true,"href":"https:\/\/nordnesrepublikken.no\/index.php\/wp-json\/wp\/v2\/media\/9529"}],"wp:attachment":[{"href":"https:\/\/nordnesrepublikken.no\/index.php\/wp-json\/wp\/v2\/media?parent=9528"}],"wp:term":[{"taxonomy":"category","embeddable":true,"href":"https:\/\/nordnesrepublikken.no\/index.php\/wp-json\/wp\/v2\/categories?post=9528"},{"taxonomy":"post_tag","embeddable":true,"href":"https:\/\/nordnesrepublikken.no\/index.php\/wp-json\/wp\/v2\/tags?post=9528"}],"curies":[{"name":"wp","href":"https:\/\/api.w.org\/{rel}","templated":true}]}}