{"id":9525,"date":"2025-09-13T13:50:50","date_gmt":"2025-09-13T11:50:50","guid":{"rendered":"https:\/\/nordnesrepublikken.no\/index.php\/2025\/09\/13\/geopolitisk-analyse-av-et-land-som-risikerer-svikt\/"},"modified":"2025-09-13T13:50:50","modified_gmt":"2025-09-13T11:50:50","slug":"geopolitisk-analyse-av-et-land-som-risikerer-svikt","status":"publish","type":"post","link":"https:\/\/nordnesrepublikken.no\/index.php\/2025\/09\/13\/geopolitisk-analyse-av-et-land-som-risikerer-svikt\/","title":{"rendered":"Geopolitisk analyse av et land som risikerer svikt"},"content":{"rendered":"<div>\n<div class=\"cp_wrapper cp_wrapper--fw mb-30 mb-20@tablet\">\n<figure class=\"mm\"><picture class=\"img\" style=\"padding-top:56.25%\"><source  media=\"(min-width: 1024px)\"><source  media=\"(min-width: 768px)\"><\/source><\/source><\/picture><\/figure>\n<\/p><\/div>\n<p>Starter fra<strong>8. september 2025<\/strong> der <strong>Den demokratiske f\u00f8derale republikken Nepal<\/strong>Spesielt hovedstaden Kathmandu, er gjenstand for \u00e5 innf\u00f8re manifestasjoner degenerert i virkelige urbane kamper og lynsjing rettet mot \u00e5 treffe lederne for politikk og de skyldige elitene, if\u00f8lge demonstrantene, for \u00e5 ha f\u00e5tt landet utfelt i en tross av <strong>uendelig tilbakegang<\/strong>. Selv om det meste av verdens opinionen og de vestlige kansleriene igjen ble fanget uforberedt av den stramme rekkef\u00f8lgen av hendelser, i virkeligheten, i virkeligheten, prosessen med destabilisering av <strong>Nepal<\/strong> Det startet nesten <strong>For tretti \u00e5r siden<\/strong> Og for \u00f8yeblikket er det veldig vanskelig \u00e5 hypotese n\u00e5r det slutter.<\/p>\n<h2><b>Skj\u00e6riliteten i Nepal<\/b><\/h2>\n<p>Ligger p\u00e5 Himalayana Cordigliera, <strong>Plassert mellom India og Kina<\/strong>Nepal er en <strong>Demokratisk og f\u00f8deral republikk<\/strong> som samler seg under samme tak <strong>125 etniske grupper<\/strong> snakker <strong>123 spr\u00e5k<\/strong> alt anerkjent av grunnloven, selv om formspr\u00e5ket <strong>Nepali<\/strong> Det er den eneste som har blitt hevet til &laquo;offisiell spr\u00e5k&raquo; -rangering av landet. I f\u00f8lge de mest akkrediterte estimatene er Nepal hjemmet til <strong>31 millioner innbyggere<\/strong> hvorav bare <strong>21,9% er urbanisert<\/strong> mens resten bor p\u00e5 landsbygda i en situasjon med <strong>ekstrem fattigdom<\/strong>.<\/p>\n<div class=\"cp_wrapper cp_wrapper--fw mb-50\">\n<figure class=\"mm\"><picture class=\"img\" style=\"padding-top:56.15234375%\"><source  media=\"(min-width: 1024px)\"><source  media=\"(min-width: 768px)\"><img decoding=\"async\" loading=\"lazy\" src=\"https:\/\/nordnesrepublikken.no\/wp-content\/uploads\/2025\/09\/1757764249_623_Geopolitisk-analyse-av-et-land-som-risikerer-svikt.jpg\" alt=\"Bilde\" width=\"1024\" height=\"575\"><\/source><\/source><\/picture><\/figure>\n<\/p><\/div>\n<p>I henhold til data relatert til <strong>2018<\/strong>The <strong>Literacy rate<\/strong> P\u00e5 nasjonalt niv\u00e5 var det av <strong>67,9%<\/strong> og i forbedring, men en sterk vedvarte <strong>Forskjell mellom menn og kvinner<\/strong>med en <strong>Gap p\u00e5 18,9% mellom kj\u00f8nnene<\/strong> (De <strong>78,6%<\/strong> av menn visste hvordan de skulle lese og skrive mot <strong>59,7%<\/strong> av kvinner). Selv om den demografiske overgangsprosessen foreg\u00e5r i bakkene til Himalaya akkurat n\u00e5 (i 2025 den <strong>Total fruktbarhetsrate<\/strong> er en <strong>1,94 barn per kvinne<\/strong> mot en terskel av <strong>2.11<\/strong> n\u00f8dvendig for \u00e5 opprettholde en befolkning i demografisk balanse), har ti\u00e5r med s\u00e6rlig h\u00f8ye fruktbarhetsrater levert virkeligheten i et land med <strong>En gjennomsnittsalder p\u00e5 omtrent 25 \u00e5r<\/strong>.<\/p>\n<p>Frav\u00e6ret av landing p\u00e5 internasjonale markeder, resultatet av <strong>isolert beliggenhet<\/strong> og fra <strong>Mangel p\u00e5 et utl\u00f8p til havet<\/strong>Den vesentlige manglende evne til \u00e5 utvikle et konkurransedy <strong>emigrere til rytmen p\u00e5 over 2000 per dag<\/strong>.<\/p>\n<h2><b>Arven fra borgerkrigen<\/b><\/h2>\n<p>Prosessen med progressiv destabilisering av Nepal begynte \u00e5 v\u00e6re presis \u00e5 v\u00e6re presis <strong>13. februar 1996<\/strong> N\u00e5r <strong>Kommunistpartiet i Nepal <\/strong>(<strong>Maoist<\/strong>) lanserte en oppstand mot Shah -familiemonarkiet som holdt landet under streng kontroll av en <strong>Absolutt regime<\/strong> som ikke ga rom for noen form for dissens eller partirepresentasjon.<\/p>\n<div class=\"cp_wrapper cp_wrapper--fw mb-50\">\n<figure class=\"mm\"><picture class=\"img\" style=\"padding-top:79.111111111111%\"><source  media=\"(min-width: 1024px)\"><source  media=\"(min-width: 768px)\"><img decoding=\"async\" loading=\"lazy\" src=\"https:\/\/nordnesrepublikken.no\/wp-content\/uploads\/2025\/09\/1757764249_372_Geopolitisk-analyse-av-et-land-som-risikerer-svikt.jpg\" alt=\"Bilde\" width=\"450\" height=\"356\" class=\"js-seedtag-img\"><\/source><\/source><\/picture><\/figure>\n<\/p><\/div>\n<p>Der <strong>Nepalesisk borgerkrig<\/strong> som fulgte, varte godt <strong>10 \u00e5r<\/strong>for\u00e5rsaker om <strong>20 000 mellom d\u00f8dsfallene og forsvant<\/strong> (Men if\u00f8lge noen estimater var det mange flere) i tillegg til <strong>hundretusenvis av interne fordrevne mennesker<\/strong>og <strong>21. november 2006<\/strong> med signaturen til det s\u00e5 -kalt <strong>&laquo;Omfattende fredsavtale&raquo;<\/strong> som innviet en overgangsperiode som kulminerte med <strong>28. mai 2008<\/strong> med <strong>avskaffelsen av monarkiet<\/strong> (Etter <strong>240 av riket<\/strong>) og proklamasjonen av <strong>Den demokratiske f\u00f8derale republikken Nepal<\/strong>.<\/p>\n<p>Selv om dette historiske vendepunktet ble akseptert med store forventninger og h\u00e5per b\u00e5de inne og i utlandet, var det skj\u00f8re nepalske demokratiet ikke i stand til \u00e5 ha virkningen av de historiske og sosiale endringene som har fulgt hverandre i de f\u00f8lgende tre lysterne som genererte en fullstendig disaffeksjon av sivilsamfunnet for &laquo;offentlige saker&raquo;.<\/p>\n<h2><b>Mellom absolutt monarki og dysfunksjonelt demokrati<\/b><\/h2>\n<p>For tiden i Nepal er det <strong>To kontrasterende krefter<\/strong> som sliter med \u00e5 imponere et vendepunkt i landets politikk. P\u00e5 den ene siden er det <strong>Partene i den konstitusjonelle buen<\/strong> At, <strong>Mellom 2006 og 2008<\/strong>ferjet landet til den moderne f\u00f8derale og demokratiske republikken, men i mellomtiden ble de til autentisk <strong>&laquo;Forretningskonglomerater&raquo;<\/strong> i skyggen som interessene til den &laquo;offentlige tingen&raquo; er smart avledet av <strong>korrupte politikere<\/strong> Og <strong>F\u00f8dte byr\u00e5krater<\/strong> mer bekymret for <strong>Dryss de tynne ressursene i landet<\/strong> at for \u00e5 starte enhver utviklingsvei til fordel for samfunnet.<\/p>\n<div class=\"cp_wrapper cp_wrapper--fw mb-50\">\n<figure class=\"mm\"><picture class=\"img\" style=\"padding-top:109%\"><source  media=\"(min-width: 1024px)\"><source  media=\"(min-width: 768px)\"><img decoding=\"async\" loading=\"lazy\" src=\"https:\/\/nordnesrepublikken.no\/wp-content\/uploads\/2025\/09\/1757764250_656_Geopolitisk-analyse-av-et-land-som-risikerer-svikt.jpg\" alt=\"Bilde\" width=\"800\" height=\"872\"><\/source><\/source><\/picture><\/figure>\n<\/p><\/div>\n<p>P\u00e5 den annen side er det <strong>Alfierien til &laquo;Panchayat&raquo;<\/strong>det absolutte monarkiske regimet uten noen <strong>&laquo;Vekt og motvekt&raquo;<\/strong> av konstitusjonell karakter som ville gjenopprette Nepal i samme tilstand som han befant seg i \u00e5rhundrer. Det er lett \u00e5 forst\u00e5 hvordan en mulig seier av <strong>monarkister<\/strong>ledet av den avsatte suverene, <strong>Gyanendra Bir Bikram Shah Dev<\/strong>ville f\u00e5 slutt p\u00e5 det korte nepalske demokratiske eksperimentet, men samtidig er utholdenheten til det dysfunksjonelle systemet som har styrt landet de siste to ti\u00e5rene den siste garantien at Nepal blir til nok en annen <strong>mislyktes<\/strong>.<\/p>\n<\/p><\/div>\n","protected":false},"excerpt":{"rendered":"<p>Starter fra8. september 2025 der Den demokratiske f\u00f8derale republikken NepalSpesielt hovedstaden Kathmandu, er gjenstand for<\/p>\n","protected":false},"author":1,"featured_media":9526,"comment_status":"closed","ping_status":"open","sticky":false,"template":"","format":"standard","meta":{"footnotes":""},"categories":[23],"tags":[4301,6231,502,3178,31,4680],"class_list":["post-9525","post","type-post","status-publish","format-standard","has-post-thumbnail","hentry","category-politikk","tag-analyse","tag-geopolitisk","tag-land","tag-risikerer","tag-som","tag-svikt","generate-columns","tablet-grid-50","mobile-grid-100","grid-parent","grid-33","resize-featured-image"],"yoast_head":"<!-- This site is optimized with the Yoast SEO plugin v24.4 - https:\/\/yoast.com\/wordpress\/plugins\/seo\/ -->\n<title>Geopolitisk analyse av et land som risikerer svikt - Nordnesrepublikken<\/title>\n<meta name=\"robots\" content=\"index, follow, max-snippet:-1, max-image-preview:large, max-video-preview:-1\" \/>\n<link rel=\"canonical\" href=\"https:\/\/nordnesrepublikken.no\/index.php\/2025\/09\/13\/geopolitisk-analyse-av-et-land-som-risikerer-svikt\/\" \/>\n<meta property=\"og:locale\" content=\"nb_NO\" \/>\n<meta property=\"og:type\" content=\"article\" \/>\n<meta property=\"og:title\" content=\"Geopolitisk analyse av et land som risikerer svikt - Nordnesrepublikken\" \/>\n<meta property=\"og:description\" content=\"Starter fra8. september 2025 der Den demokratiske f\u00f8derale republikken NepalSpesielt hovedstaden Kathmandu, er gjenstand for\" \/>\n<meta property=\"og:url\" content=\"https:\/\/nordnesrepublikken.no\/index.php\/2025\/09\/13\/geopolitisk-analyse-av-et-land-som-risikerer-svikt\/\" \/>\n<meta property=\"og:site_name\" content=\"Nordnesrepublikken\" \/>\n<meta property=\"article:published_time\" content=\"2025-09-13T11:50:50+00:00\" \/>\n<meta property=\"og:image\" content=\"https:\/\/nordnesrepublikken.no\/wp-content\/uploads\/2025\/09\/Geopolitisk-analyse-av-et-land-som-risikerer-svikt.jpg\" \/>\n\t<meta property=\"og:image:width\" content=\"725\" \/>\n\t<meta property=\"og:image:height\" content=\"408\" \/>\n\t<meta property=\"og:image:type\" content=\"image\/jpeg\" \/>\n<meta name=\"author\" content=\"Ole Andersen\" \/>\n<meta name=\"twitter:card\" content=\"summary_large_image\" \/>\n<meta name=\"twitter:label1\" content=\"Skrevet av\" \/>\n\t<meta name=\"twitter:data1\" content=\"Ole Andersen\" \/>\n\t<meta name=\"twitter:label2\" content=\"Ansl. lesetid\" \/>\n\t<meta name=\"twitter:data2\" content=\"3 minutter\" \/>\n<script type=\"application\/ld+json\" class=\"yoast-schema-graph\">{\"@context\":\"https:\/\/schema.org\",\"@graph\":[{\"@type\":\"Article\",\"@id\":\"https:\/\/nordnesrepublikken.no\/index.php\/2025\/09\/13\/geopolitisk-analyse-av-et-land-som-risikerer-svikt\/#article\",\"isPartOf\":{\"@id\":\"https:\/\/nordnesrepublikken.no\/index.php\/2025\/09\/13\/geopolitisk-analyse-av-et-land-som-risikerer-svikt\/\"},\"author\":{\"name\":\"Ole Andersen\",\"@id\":\"https:\/\/nordnesrepublikken.no\/#\/schema\/person\/2e7e81935bab77882fffb79296240ff1\"},\"headline\":\"Geopolitisk analyse av et land som risikerer svikt\",\"datePublished\":\"2025-09-13T11:50:50+00:00\",\"mainEntityOfPage\":{\"@id\":\"https:\/\/nordnesrepublikken.no\/index.php\/2025\/09\/13\/geopolitisk-analyse-av-et-land-som-risikerer-svikt\/\"},\"wordCount\":680,\"publisher\":{\"@id\":\"https:\/\/nordnesrepublikken.no\/#organization\"},\"image\":{\"@id\":\"https:\/\/nordnesrepublikken.no\/index.php\/2025\/09\/13\/geopolitisk-analyse-av-et-land-som-risikerer-svikt\/#primaryimage\"},\"thumbnailUrl\":\"https:\/\/nordnesrepublikken.no\/wp-content\/uploads\/2025\/09\/Geopolitisk-analyse-av-et-land-som-risikerer-svikt.jpg\",\"keywords\":[\"analyse\",\"Geopolitisk\",\"land\",\"risikerer\",\"som\",\"svikt\"],\"articleSection\":[\"Politikk\"],\"inLanguage\":\"nb-NO\"},{\"@type\":\"WebPage\",\"@id\":\"https:\/\/nordnesrepublikken.no\/index.php\/2025\/09\/13\/geopolitisk-analyse-av-et-land-som-risikerer-svikt\/\",\"url\":\"https:\/\/nordnesrepublikken.no\/index.php\/2025\/09\/13\/geopolitisk-analyse-av-et-land-som-risikerer-svikt\/\",\"name\":\"Geopolitisk analyse av et land som risikerer svikt - Nordnesrepublikken\",\"isPartOf\":{\"@id\":\"https:\/\/nordnesrepublikken.no\/#website\"},\"primaryImageOfPage\":{\"@id\":\"https:\/\/nordnesrepublikken.no\/index.php\/2025\/09\/13\/geopolitisk-analyse-av-et-land-som-risikerer-svikt\/#primaryimage\"},\"image\":{\"@id\":\"https:\/\/nordnesrepublikken.no\/index.php\/2025\/09\/13\/geopolitisk-analyse-av-et-land-som-risikerer-svikt\/#primaryimage\"},\"thumbnailUrl\":\"https:\/\/nordnesrepublikken.no\/wp-content\/uploads\/2025\/09\/Geopolitisk-analyse-av-et-land-som-risikerer-svikt.jpg\",\"datePublished\":\"2025-09-13T11:50:50+00:00\",\"breadcrumb\":{\"@id\":\"https:\/\/nordnesrepublikken.no\/index.php\/2025\/09\/13\/geopolitisk-analyse-av-et-land-som-risikerer-svikt\/#breadcrumb\"},\"inLanguage\":\"nb-NO\",\"potentialAction\":[{\"@type\":\"ReadAction\",\"target\":[\"https:\/\/nordnesrepublikken.no\/index.php\/2025\/09\/13\/geopolitisk-analyse-av-et-land-som-risikerer-svikt\/\"]}]},{\"@type\":\"ImageObject\",\"inLanguage\":\"nb-NO\",\"@id\":\"https:\/\/nordnesrepublikken.no\/index.php\/2025\/09\/13\/geopolitisk-analyse-av-et-land-som-risikerer-svikt\/#primaryimage\",\"url\":\"https:\/\/nordnesrepublikken.no\/wp-content\/uploads\/2025\/09\/Geopolitisk-analyse-av-et-land-som-risikerer-svikt.jpg\",\"contentUrl\":\"https:\/\/nordnesrepublikken.no\/wp-content\/uploads\/2025\/09\/Geopolitisk-analyse-av-et-land-som-risikerer-svikt.jpg\",\"width\":725,\"height\":408,\"caption\":\"Immagine\"},{\"@type\":\"BreadcrumbList\",\"@id\":\"https:\/\/nordnesrepublikken.no\/index.php\/2025\/09\/13\/geopolitisk-analyse-av-et-land-som-risikerer-svikt\/#breadcrumb\",\"itemListElement\":[{\"@type\":\"ListItem\",\"position\":1,\"name\":\"Home\",\"item\":\"https:\/\/nordnesrepublikken.no\/\"},{\"@type\":\"ListItem\",\"position\":2,\"name\":\"Geopolitisk analyse av et land som risikerer svikt\"}]},{\"@type\":\"WebSite\",\"@id\":\"https:\/\/nordnesrepublikken.no\/#website\",\"url\":\"https:\/\/nordnesrepublikken.no\/\",\"name\":\"Nordnesrepublikken\",\"description\":\"Stemmer og Visjoner fra Republikkens Hjerte\",\"publisher\":{\"@id\":\"https:\/\/nordnesrepublikken.no\/#organization\"},\"potentialAction\":[{\"@type\":\"SearchAction\",\"target\":{\"@type\":\"EntryPoint\",\"urlTemplate\":\"https:\/\/nordnesrepublikken.no\/?s={search_term_string}\"},\"query-input\":{\"@type\":\"PropertyValueSpecification\",\"valueRequired\":true,\"valueName\":\"search_term_string\"}}],\"inLanguage\":\"nb-NO\"},{\"@type\":\"Organization\",\"@id\":\"https:\/\/nordnesrepublikken.no\/#organization\",\"name\":\"Nordnesrepublikken\",\"url\":\"https:\/\/nordnesrepublikken.no\/\",\"logo\":{\"@type\":\"ImageObject\",\"inLanguage\":\"nb-NO\",\"@id\":\"https:\/\/nordnesrepublikken.no\/#\/schema\/logo\/image\/\",\"url\":\"https:\/\/nordnesrepublikken.no\/wp-content\/uploads\/2025\/02\/cropped-nordnesrepublikken-2.png\",\"contentUrl\":\"https:\/\/nordnesrepublikken.no\/wp-content\/uploads\/2025\/02\/cropped-nordnesrepublikken-2.png\",\"width\":1248,\"height\":362,\"caption\":\"Nordnesrepublikken\"},\"image\":{\"@id\":\"https:\/\/nordnesrepublikken.no\/#\/schema\/logo\/image\/\"}},{\"@type\":\"Person\",\"@id\":\"https:\/\/nordnesrepublikken.no\/#\/schema\/person\/2e7e81935bab77882fffb79296240ff1\",\"name\":\"Ole Andersen\",\"image\":{\"@type\":\"ImageObject\",\"inLanguage\":\"nb-NO\",\"@id\":\"https:\/\/nordnesrepublikken.no\/#\/schema\/person\/image\/\",\"url\":\"https:\/\/nordnesrepublikken.no\/wp-content\/uploads\/2025\/02\/nordnesrepublikken-2-2-150x150.jpg\",\"contentUrl\":\"https:\/\/nordnesrepublikken.no\/wp-content\/uploads\/2025\/02\/nordnesrepublikken-2-2-150x150.jpg\",\"caption\":\"Ole Andersen\"},\"description\":\"Ettersom jeg vokste opp i Oslo, har jeg alltid v\u00e6rt fascinert av ordenes kraft og deres evne til \u00e5 skape endringer. Etter \u00e5 ha fullf\u00f8rt min utdannelse i kommunikasjon ved Universitetet i Bergen, fikk jeg muligheten til \u00e5 jobbe innen ulike medier, der jeg har s\u00f8kt \u00e5 belyse viktige samfunnssp\u00f8rsm\u00e5l. I dag, som redakt\u00f8r for Nordnesrepublikken, pr\u00f8ver jeg \u00e5 forene min kj\u00e6rlighet for journalistikk med min lidenskap for innovasjon og eventyr.\",\"sameAs\":[\"https:\/\/nordnesrepublikken.no\/\"]}]}<\/script>\n<!-- \/ Yoast SEO plugin. -->","yoast_head_json":{"title":"Geopolitisk analyse av et land som risikerer svikt - Nordnesrepublikken","robots":{"index":"index","follow":"follow","max-snippet":"max-snippet:-1","max-image-preview":"max-image-preview:large","max-video-preview":"max-video-preview:-1"},"canonical":"https:\/\/nordnesrepublikken.no\/index.php\/2025\/09\/13\/geopolitisk-analyse-av-et-land-som-risikerer-svikt\/","og_locale":"nb_NO","og_type":"article","og_title":"Geopolitisk analyse av et land som risikerer svikt - Nordnesrepublikken","og_description":"Starter fra8. september 2025 der Den demokratiske f\u00f8derale republikken NepalSpesielt hovedstaden Kathmandu, er gjenstand for","og_url":"https:\/\/nordnesrepublikken.no\/index.php\/2025\/09\/13\/geopolitisk-analyse-av-et-land-som-risikerer-svikt\/","og_site_name":"Nordnesrepublikken","article_published_time":"2025-09-13T11:50:50+00:00","og_image":[{"width":725,"height":408,"url":"https:\/\/nordnesrepublikken.no\/wp-content\/uploads\/2025\/09\/Geopolitisk-analyse-av-et-land-som-risikerer-svikt.jpg","type":"image\/jpeg"}],"author":"Ole Andersen","twitter_card":"summary_large_image","twitter_misc":{"Skrevet av":"Ole Andersen","Ansl. lesetid":"3 minutter"},"schema":{"@context":"https:\/\/schema.org","@graph":[{"@type":"Article","@id":"https:\/\/nordnesrepublikken.no\/index.php\/2025\/09\/13\/geopolitisk-analyse-av-et-land-som-risikerer-svikt\/#article","isPartOf":{"@id":"https:\/\/nordnesrepublikken.no\/index.php\/2025\/09\/13\/geopolitisk-analyse-av-et-land-som-risikerer-svikt\/"},"author":{"name":"Ole Andersen","@id":"https:\/\/nordnesrepublikken.no\/#\/schema\/person\/2e7e81935bab77882fffb79296240ff1"},"headline":"Geopolitisk analyse av et land som risikerer svikt","datePublished":"2025-09-13T11:50:50+00:00","mainEntityOfPage":{"@id":"https:\/\/nordnesrepublikken.no\/index.php\/2025\/09\/13\/geopolitisk-analyse-av-et-land-som-risikerer-svikt\/"},"wordCount":680,"publisher":{"@id":"https:\/\/nordnesrepublikken.no\/#organization"},"image":{"@id":"https:\/\/nordnesrepublikken.no\/index.php\/2025\/09\/13\/geopolitisk-analyse-av-et-land-som-risikerer-svikt\/#primaryimage"},"thumbnailUrl":"https:\/\/nordnesrepublikken.no\/wp-content\/uploads\/2025\/09\/Geopolitisk-analyse-av-et-land-som-risikerer-svikt.jpg","keywords":["analyse","Geopolitisk","land","risikerer","som","svikt"],"articleSection":["Politikk"],"inLanguage":"nb-NO"},{"@type":"WebPage","@id":"https:\/\/nordnesrepublikken.no\/index.php\/2025\/09\/13\/geopolitisk-analyse-av-et-land-som-risikerer-svikt\/","url":"https:\/\/nordnesrepublikken.no\/index.php\/2025\/09\/13\/geopolitisk-analyse-av-et-land-som-risikerer-svikt\/","name":"Geopolitisk analyse av et land som risikerer svikt - Nordnesrepublikken","isPartOf":{"@id":"https:\/\/nordnesrepublikken.no\/#website"},"primaryImageOfPage":{"@id":"https:\/\/nordnesrepublikken.no\/index.php\/2025\/09\/13\/geopolitisk-analyse-av-et-land-som-risikerer-svikt\/#primaryimage"},"image":{"@id":"https:\/\/nordnesrepublikken.no\/index.php\/2025\/09\/13\/geopolitisk-analyse-av-et-land-som-risikerer-svikt\/#primaryimage"},"thumbnailUrl":"https:\/\/nordnesrepublikken.no\/wp-content\/uploads\/2025\/09\/Geopolitisk-analyse-av-et-land-som-risikerer-svikt.jpg","datePublished":"2025-09-13T11:50:50+00:00","breadcrumb":{"@id":"https:\/\/nordnesrepublikken.no\/index.php\/2025\/09\/13\/geopolitisk-analyse-av-et-land-som-risikerer-svikt\/#breadcrumb"},"inLanguage":"nb-NO","potentialAction":[{"@type":"ReadAction","target":["https:\/\/nordnesrepublikken.no\/index.php\/2025\/09\/13\/geopolitisk-analyse-av-et-land-som-risikerer-svikt\/"]}]},{"@type":"ImageObject","inLanguage":"nb-NO","@id":"https:\/\/nordnesrepublikken.no\/index.php\/2025\/09\/13\/geopolitisk-analyse-av-et-land-som-risikerer-svikt\/#primaryimage","url":"https:\/\/nordnesrepublikken.no\/wp-content\/uploads\/2025\/09\/Geopolitisk-analyse-av-et-land-som-risikerer-svikt.jpg","contentUrl":"https:\/\/nordnesrepublikken.no\/wp-content\/uploads\/2025\/09\/Geopolitisk-analyse-av-et-land-som-risikerer-svikt.jpg","width":725,"height":408,"caption":"Immagine"},{"@type":"BreadcrumbList","@id":"https:\/\/nordnesrepublikken.no\/index.php\/2025\/09\/13\/geopolitisk-analyse-av-et-land-som-risikerer-svikt\/#breadcrumb","itemListElement":[{"@type":"ListItem","position":1,"name":"Home","item":"https:\/\/nordnesrepublikken.no\/"},{"@type":"ListItem","position":2,"name":"Geopolitisk analyse av et land som risikerer svikt"}]},{"@type":"WebSite","@id":"https:\/\/nordnesrepublikken.no\/#website","url":"https:\/\/nordnesrepublikken.no\/","name":"Nordnesrepublikken","description":"Stemmer og Visjoner fra Republikkens Hjerte","publisher":{"@id":"https:\/\/nordnesrepublikken.no\/#organization"},"potentialAction":[{"@type":"SearchAction","target":{"@type":"EntryPoint","urlTemplate":"https:\/\/nordnesrepublikken.no\/?s={search_term_string}"},"query-input":{"@type":"PropertyValueSpecification","valueRequired":true,"valueName":"search_term_string"}}],"inLanguage":"nb-NO"},{"@type":"Organization","@id":"https:\/\/nordnesrepublikken.no\/#organization","name":"Nordnesrepublikken","url":"https:\/\/nordnesrepublikken.no\/","logo":{"@type":"ImageObject","inLanguage":"nb-NO","@id":"https:\/\/nordnesrepublikken.no\/#\/schema\/logo\/image\/","url":"https:\/\/nordnesrepublikken.no\/wp-content\/uploads\/2025\/02\/cropped-nordnesrepublikken-2.png","contentUrl":"https:\/\/nordnesrepublikken.no\/wp-content\/uploads\/2025\/02\/cropped-nordnesrepublikken-2.png","width":1248,"height":362,"caption":"Nordnesrepublikken"},"image":{"@id":"https:\/\/nordnesrepublikken.no\/#\/schema\/logo\/image\/"}},{"@type":"Person","@id":"https:\/\/nordnesrepublikken.no\/#\/schema\/person\/2e7e81935bab77882fffb79296240ff1","name":"Ole Andersen","image":{"@type":"ImageObject","inLanguage":"nb-NO","@id":"https:\/\/nordnesrepublikken.no\/#\/schema\/person\/image\/","url":"https:\/\/nordnesrepublikken.no\/wp-content\/uploads\/2025\/02\/nordnesrepublikken-2-2-150x150.jpg","contentUrl":"https:\/\/nordnesrepublikken.no\/wp-content\/uploads\/2025\/02\/nordnesrepublikken-2-2-150x150.jpg","caption":"Ole Andersen"},"description":"Ettersom jeg vokste opp i Oslo, har jeg alltid v\u00e6rt fascinert av ordenes kraft og deres evne til \u00e5 skape endringer. Etter \u00e5 ha fullf\u00f8rt min utdannelse i kommunikasjon ved Universitetet i Bergen, fikk jeg muligheten til \u00e5 jobbe innen ulike medier, der jeg har s\u00f8kt \u00e5 belyse viktige samfunnssp\u00f8rsm\u00e5l. I dag, som redakt\u00f8r for Nordnesrepublikken, pr\u00f8ver jeg \u00e5 forene min kj\u00e6rlighet for journalistikk med min lidenskap for innovasjon og eventyr.","sameAs":["https:\/\/nordnesrepublikken.no\/"]}]}},"_links":{"self":[{"href":"https:\/\/nordnesrepublikken.no\/index.php\/wp-json\/wp\/v2\/posts\/9525","targetHints":{"allow":["GET"]}}],"collection":[{"href":"https:\/\/nordnesrepublikken.no\/index.php\/wp-json\/wp\/v2\/posts"}],"about":[{"href":"https:\/\/nordnesrepublikken.no\/index.php\/wp-json\/wp\/v2\/types\/post"}],"author":[{"embeddable":true,"href":"https:\/\/nordnesrepublikken.no\/index.php\/wp-json\/wp\/v2\/users\/1"}],"replies":[{"embeddable":true,"href":"https:\/\/nordnesrepublikken.no\/index.php\/wp-json\/wp\/v2\/comments?post=9525"}],"version-history":[{"count":1,"href":"https:\/\/nordnesrepublikken.no\/index.php\/wp-json\/wp\/v2\/posts\/9525\/revisions"}],"predecessor-version":[{"id":9527,"href":"https:\/\/nordnesrepublikken.no\/index.php\/wp-json\/wp\/v2\/posts\/9525\/revisions\/9527"}],"wp:featuredmedia":[{"embeddable":true,"href":"https:\/\/nordnesrepublikken.no\/index.php\/wp-json\/wp\/v2\/media\/9526"}],"wp:attachment":[{"href":"https:\/\/nordnesrepublikken.no\/index.php\/wp-json\/wp\/v2\/media?parent=9525"}],"wp:term":[{"taxonomy":"category","embeddable":true,"href":"https:\/\/nordnesrepublikken.no\/index.php\/wp-json\/wp\/v2\/categories?post=9525"},{"taxonomy":"post_tag","embeddable":true,"href":"https:\/\/nordnesrepublikken.no\/index.php\/wp-json\/wp\/v2\/tags?post=9525"}],"curies":[{"name":"wp","href":"https:\/\/api.w.org\/{rel}","templated":true}]}}