{"id":9510,"date":"2025-09-13T04:50:03","date_gmt":"2025-09-13T02:50:03","guid":{"rendered":"https:\/\/nordnesrepublikken.no\/index.php\/2025\/09\/13\/hvordan-har-kostnadene-for-skoleboker-endret-seg-de-siste-20-arene-agcm-rapporten\/"},"modified":"2025-09-13T04:50:03","modified_gmt":"2025-09-13T02:50:03","slug":"hvordan-har-kostnadene-for-skoleboker-endret-seg-de-siste-20-arene-agcm-rapporten","status":"publish","type":"post","link":"https:\/\/nordnesrepublikken.no\/index.php\/2025\/09\/13\/hvordan-har-kostnadene-for-skoleboker-endret-seg-de-siste-20-arene-agcm-rapporten\/","title":{"rendered":"Hvordan har kostnadene for skoleb\u00f8ker endret seg de siste 20 \u00e5rene? AGCM -rapporten"},"content":{"rendered":"<div>\n<div class=\"cp_wrapper cp_wrapper--fw mb-30 mb-20@tablet\">\n<figure class=\"mm\"><picture class=\"img\" style=\"padding-top:56.25%\"><source  media=\"(min-width: 1024px)\"><source  media=\"(min-width: 768px)\"><\/source><\/source><\/picture><\/figure>\n<\/p><\/div>\n<p>De siste ukene kj\u00f8per italienske familier de nye <strong>Skoletekster<\/strong>: Hvis kostnadene er nesten fullstendig absorbert av utdanningsinstitusjonen, i p\u00e5f\u00f8lgende grader &#8211; midt og h\u00f8yere &#8211; er kj\u00f8pet av familien, netto etter mulige subsidier og bidratt til kj\u00f8pet. I f\u00f8lge den siste rapporten fra<strong><b>Konkurranse og markedsmyndighet <\/b>&#8211;<\/strong> Ogs\u00e5 kalt antitrust &#8211; kostnadene er<strong> dyrket med 25%<\/strong> Fra 2005 til i dag, med en akselerert de siste \u00e5rene: et 800 millioner euro -marked som veier mer og mer p\u00e5 innenlandske budsjetter. \u00d8kningen i utgiftene blir absolutt presset av <strong>\u00d8kninger i papir og energi<\/strong>fra den hyppige utgivelsen av <strong>Nye utgaver,<\/strong> selv med minimale forandringer, og kom igjen <strong>Grenser for det andre -h\u00e5nd -markedet<\/strong>.<\/p>\n<h2>Hvor mye italienske familier bruker p\u00e5 l\u00e6reb\u00f8ker: Hva dataene forteller oss<\/h2>\n<p>Antitrust fremhever hvordan den totale verdien av markedet for l\u00e6reboka i 2024 faktisk er omtrent omtrent <b>800 millioner euro,<\/b> mot omtrent <b>705 millioner euro<\/b> av 2006, gitt at det igjen vokste opp <b>1,4% sammenlignet med \u00e5ret f\u00f8r.<\/b> Denne \u00f8kningen, if\u00f8lge den italienske utgiverforeningen, skal tilskrives veksten av kostnadene for r\u00e5stoffet, <strong>leie<\/strong>. Spesielt viser rapporten at det i l\u00f8pet av det siste skole\u00e5ret har brukt italienske familier i gjennomsnitt, for hele skolesyklusen:<\/p>\n<ul>\n<li><strong>580 \u20ac<\/strong> til ungdomsskoler i f\u00f8rste klasse (midten)<\/li>\n<li><strong>\u20ac 1.250<\/strong> til andre grad (overordnede).<\/li>\n<\/ul>\n<p>Bare det siste \u00e5ret, if\u00f8lge Codacons -dataene rapportert av antitrustust, har denne utgiften hatt <strong>en b\u00f8lge p\u00e5 18%<\/strong>prosentandel h\u00f8yere enn inflasjonen.<\/p>\n<p>Det er en viktig kostnadsendring <strong>Sammenlignet med de siste 10 \u00e5rene,<\/strong> med en \u00f8kning i <strong>13%<\/strong> p\u00e5 <strong>2014<\/strong>. Det er ogs\u00e5 interessant \u00e5 observere hvordan denne veksten interesserer seg fremfor alt <strong>Videreg\u00e5ende skoler<\/strong>mens det i stedet forble stabilt for grunnskolebandet &#8211; hvor, n\u00e5r det gjelder den offentlige skolen, <strong>De fleste av kostnadene p\u00e5l\u00f8per av institusjonen<\/strong> &#8211; og for ungdomsskolen.<\/p>\n<h2>Hva er pris\u00f8kningen p\u00e5?<\/h2>\n<p>Aie, <strong>Italiensk redaksjonell forening,<\/strong> avklart at pris\u00f8kningen f\u00f8rst og fremst skyldes <strong>\u00d8k i r\u00e5stoffet i papiret<\/strong>s\u00e5 vel som energi. I f\u00f8lge dataene rapportert av <strong>S\u00e5le 24 timer<\/strong> P\u00e5 slutten av 2024 kom sitatene fra r\u00e5stoffs charteret til <strong>90 euro per tonn<\/strong>med en <strong>+52%<\/strong> Sammenlignet med samme periode i 2023 <strong>Markedet dominert av 4 grupper<\/strong> &#8211; Mondadori, Zanichelli, Sanoma og skolen &#8211; \u00c5r for \u00e5r er det produsert mange nye utgaver av tekstene, der oppdateringer og nye enheter settes inn. Fra dette f\u00f8lger det at gjenbruk av l\u00e6reb\u00f8kene med tanke p\u00e5 en sparing &#8211; enten det er salg eller l\u00e5n mellom privatpersoner, eller i det andre h\u00e5ndmarkedet &#8211; er derfor til stede, men men <strong>Ikke alltid mulig. <\/strong><\/p>\n<p>Som gradvis og ikke, if\u00f8lge rapporten, i skala, <strong>Familiens oppfatning er negativ<\/strong>fordi forbruksmakten til italienere imidlertid har falt. Bidragene og subsidiene er aktive, men som rapportert av den samme unders\u00f8kelsen, dysomogene.<\/p>\n<p>Et annet viktig faktum \u00e5 vurdere \u00e5 forst\u00e5 hvordan markedet beveger seg i dag er den samlede verdien av markedet i forhold til antall elever som er p\u00e5meldt p\u00e5 skolen, et element som fremhever \u00f8kningen i kostnadene per familie.<\/p>\n<p>I f\u00f8lge observatoriet p\u00e5 hele skolen, i skole\u00e5ret 2004\/2005, var totale elever i Italia <strong>Omtrent 8,7 millioner <\/strong>(I m\u00f8te med en markedsverdi p\u00e5 omtrent 700 millioner euro): I skole\u00e5ret 2024\/2025 var imidlertid de italienske elevene &laquo;bare&raquo; <strong>7,9 millioner<\/strong> (med en markedsverdi p\u00e5 800 millioner) og for skole\u00e5ret som starter n\u00e5, en <strong>Ytterligere fall i 134 tusen elever<\/strong>. En endring som allerede hadde blitt fremhevet ved \u00e5 observere \u00e5rene fra 2019 til 2024, der a <strong>reduksjon p\u00e5 7%<\/strong>estimert rundt <strong>600 tusen studenter i alt<\/strong>.<\/p>\n<h2>\u00d8kende utgifter og kritiske problemer ved bruk av digital<\/h2>\n<p>Imidlertid er det viktig \u00e5 observere det i <strong>2007<\/strong>Altroconsumo utsatte en unders\u00f8kelse av prisene p\u00e5 tekstene &#8211; n\u00e6rmere bestemt de for videreg\u00e5ende skoler &#8211; til antitrustust fordi han fra 2005 til 2007 m\u00e5lte seg selv <strong>en \u00f8kning i utgiftene mellom 11% og 18%<\/strong>selv da h\u00f8yere enn inflasjonen.<\/p>\n<p>I 2008 ble det faktisk kunngjort &#8211; med loven NR. 133, i artikkel 15 dedikert n\u00f8yaktig til &laquo;kostnadene for skoleb\u00f8ker&raquo; &#8211; som starter fra det f\u00f8lgende skole\u00e5ret, <em>&laquo;De kompetente kroppene identifiserer helst de tilgjengelige l\u00e6reb\u00f8kene, helt eller delvis, p\u00e5 internett&raquo;<\/em> (&#8230;) <em>&laquo;For \u00e5 styrke tilgjengeligheten og brukervennligheten, til kostnadene for kostnadene ved tekster, dokumenter og didaktiske verkt\u00f8y fra skoler, elever og deres familier&raquo; &laquo;<\/em> Og s\u00e5 <em>&laquo;Fra og med skole\u00e5ret 2011-2012 vedtar l\u00e6rerh\u00f8gskolen utelukkende b\u00f8ker som kan brukes i online versjoner som lastes ned fra Internett eller blandet&raquo;<\/em>.<\/p>\n<p>Der <strong>digital brukbarhet for \u00e5 fordele kostnadene<\/strong> &#8211; og vekten p\u00e5 ryggen til guttene &#8211; til dags dato er det fremdeles et m\u00f8rkt punkt, som \u00e5penbart ogs\u00e5 krysser med det delikate forholdet til ten\u00e5ringer med teknologi. P\u00e5 mange skoler blir man adoptert <strong>Blandet papir-digital form<\/strong>men en m\u00e5te \u00e5 utnytte digital bruk har enn\u00e5 ikke blitt funnet en reell l\u00f8sning som bryter ned kostnadene, ogs\u00e5 fordi familier eller skoler ikke alltid er i stand til \u00e5 garantere tilstedev\u00e6relsen av verkt\u00f8y som er egnet til \u00e5 studere, for eksempel nettbrett eller datamaskin.<\/p>\n<\/p><\/div>\n","protected":false},"excerpt":{"rendered":"<p>De siste ukene kj\u00f8per italienske familier de nye Skoletekster: Hvis kostnadene er nesten fullstendig absorbert<\/p>\n","protected":false},"author":1,"featured_media":9511,"comment_status":"closed","ping_status":"open","sticky":false,"template":"","format":"standard","meta":{"footnotes":""},"categories":[104],"tags":[6217,3532,95,179,112,4203,2787,96,779,6216],"class_list":["post-9510","post","type-post","status-publish","format-standard","has-post-thumbnail","hentry","category-samfunn","tag-agcm","tag-arene","tag-endret","tag-har","tag-hvordan","tag-kostnadene","tag-rapporten","tag-seg","tag-siste","tag-skoleboker","generate-columns","tablet-grid-50","mobile-grid-100","grid-parent","grid-33","resize-featured-image"],"yoast_head":"<!-- This site is optimized with the Yoast SEO plugin v24.4 - https:\/\/yoast.com\/wordpress\/plugins\/seo\/ -->\n<title>Hvordan har kostnadene for skoleb\u00f8ker endret seg de siste 20 \u00e5rene? AGCM -rapporten - Nordnesrepublikken<\/title>\n<meta name=\"robots\" content=\"index, follow, max-snippet:-1, max-image-preview:large, max-video-preview:-1\" \/>\n<link rel=\"canonical\" href=\"https:\/\/nordnesrepublikken.no\/index.php\/2025\/09\/13\/hvordan-har-kostnadene-for-skoleboker-endret-seg-de-siste-20-arene-agcm-rapporten\/\" \/>\n<meta property=\"og:locale\" content=\"nb_NO\" \/>\n<meta property=\"og:type\" content=\"article\" \/>\n<meta property=\"og:title\" content=\"Hvordan har kostnadene for skoleb\u00f8ker endret seg de siste 20 \u00e5rene? AGCM -rapporten - Nordnesrepublikken\" \/>\n<meta property=\"og:description\" content=\"De siste ukene kj\u00f8per italienske familier de nye Skoletekster: Hvis kostnadene er nesten fullstendig absorbert\" \/>\n<meta property=\"og:url\" content=\"https:\/\/nordnesrepublikken.no\/index.php\/2025\/09\/13\/hvordan-har-kostnadene-for-skoleboker-endret-seg-de-siste-20-arene-agcm-rapporten\/\" \/>\n<meta property=\"og:site_name\" content=\"Nordnesrepublikken\" \/>\n<meta property=\"article:published_time\" content=\"2025-09-13T02:50:03+00:00\" \/>\n<meta property=\"og:image\" content=\"https:\/\/nordnesrepublikken.no\/wp-content\/uploads\/2025\/09\/1757731803_Hvordan-har-kostnadene-for-skoleboker-endret-seg-de-siste-20.jpg\" \/>\n\t<meta property=\"og:image:width\" content=\"714\" \/>\n\t<meta property=\"og:image:height\" content=\"489\" \/>\n\t<meta property=\"og:image:type\" content=\"image\/jpeg\" \/>\n<meta name=\"author\" content=\"Ole Andersen\" \/>\n<meta name=\"twitter:card\" content=\"summary_large_image\" \/>\n<meta name=\"twitter:label1\" content=\"Skrevet av\" \/>\n\t<meta name=\"twitter:data1\" content=\"Ole Andersen\" \/>\n\t<meta name=\"twitter:label2\" content=\"Ansl. lesetid\" \/>\n\t<meta name=\"twitter:data2\" content=\"4 minutter\" \/>\n<script type=\"application\/ld+json\" class=\"yoast-schema-graph\">{\"@context\":\"https:\/\/schema.org\",\"@graph\":[{\"@type\":\"Article\",\"@id\":\"https:\/\/nordnesrepublikken.no\/index.php\/2025\/09\/13\/hvordan-har-kostnadene-for-skoleboker-endret-seg-de-siste-20-arene-agcm-rapporten\/#article\",\"isPartOf\":{\"@id\":\"https:\/\/nordnesrepublikken.no\/index.php\/2025\/09\/13\/hvordan-har-kostnadene-for-skoleboker-endret-seg-de-siste-20-arene-agcm-rapporten\/\"},\"author\":{\"name\":\"Ole Andersen\",\"@id\":\"https:\/\/nordnesrepublikken.no\/#\/schema\/person\/2e7e81935bab77882fffb79296240ff1\"},\"headline\":\"Hvordan har kostnadene for skoleb\u00f8ker endret seg de siste 20 \u00e5rene? AGCM -rapporten\",\"datePublished\":\"2025-09-13T02:50:03+00:00\",\"mainEntityOfPage\":{\"@id\":\"https:\/\/nordnesrepublikken.no\/index.php\/2025\/09\/13\/hvordan-har-kostnadene-for-skoleboker-endret-seg-de-siste-20-arene-agcm-rapporten\/\"},\"wordCount\":824,\"publisher\":{\"@id\":\"https:\/\/nordnesrepublikken.no\/#organization\"},\"image\":{\"@id\":\"https:\/\/nordnesrepublikken.no\/index.php\/2025\/09\/13\/hvordan-har-kostnadene-for-skoleboker-endret-seg-de-siste-20-arene-agcm-rapporten\/#primaryimage\"},\"thumbnailUrl\":\"https:\/\/nordnesrepublikken.no\/wp-content\/uploads\/2025\/09\/1757731803_Hvordan-har-kostnadene-for-skoleboker-endret-seg-de-siste-20.jpg\",\"keywords\":[\"AGCM\",\"\u00e5rene\",\"endret\",\"har\",\"Hvordan\",\"kostnadene\",\"rapporten\",\"seg\",\"siste\",\"skoleb\u00f8ker\"],\"articleSection\":[\"Samfunn\"],\"inLanguage\":\"nb-NO\"},{\"@type\":\"WebPage\",\"@id\":\"https:\/\/nordnesrepublikken.no\/index.php\/2025\/09\/13\/hvordan-har-kostnadene-for-skoleboker-endret-seg-de-siste-20-arene-agcm-rapporten\/\",\"url\":\"https:\/\/nordnesrepublikken.no\/index.php\/2025\/09\/13\/hvordan-har-kostnadene-for-skoleboker-endret-seg-de-siste-20-arene-agcm-rapporten\/\",\"name\":\"Hvordan har kostnadene for skoleb\u00f8ker endret seg de siste 20 \u00e5rene? AGCM -rapporten - Nordnesrepublikken\",\"isPartOf\":{\"@id\":\"https:\/\/nordnesrepublikken.no\/#website\"},\"primaryImageOfPage\":{\"@id\":\"https:\/\/nordnesrepublikken.no\/index.php\/2025\/09\/13\/hvordan-har-kostnadene-for-skoleboker-endret-seg-de-siste-20-arene-agcm-rapporten\/#primaryimage\"},\"image\":{\"@id\":\"https:\/\/nordnesrepublikken.no\/index.php\/2025\/09\/13\/hvordan-har-kostnadene-for-skoleboker-endret-seg-de-siste-20-arene-agcm-rapporten\/#primaryimage\"},\"thumbnailUrl\":\"https:\/\/nordnesrepublikken.no\/wp-content\/uploads\/2025\/09\/1757731803_Hvordan-har-kostnadene-for-skoleboker-endret-seg-de-siste-20.jpg\",\"datePublished\":\"2025-09-13T02:50:03+00:00\",\"breadcrumb\":{\"@id\":\"https:\/\/nordnesrepublikken.no\/index.php\/2025\/09\/13\/hvordan-har-kostnadene-for-skoleboker-endret-seg-de-siste-20-arene-agcm-rapporten\/#breadcrumb\"},\"inLanguage\":\"nb-NO\",\"potentialAction\":[{\"@type\":\"ReadAction\",\"target\":[\"https:\/\/nordnesrepublikken.no\/index.php\/2025\/09\/13\/hvordan-har-kostnadene-for-skoleboker-endret-seg-de-siste-20-arene-agcm-rapporten\/\"]}]},{\"@type\":\"ImageObject\",\"inLanguage\":\"nb-NO\",\"@id\":\"https:\/\/nordnesrepublikken.no\/index.php\/2025\/09\/13\/hvordan-har-kostnadene-for-skoleboker-endret-seg-de-siste-20-arene-agcm-rapporten\/#primaryimage\",\"url\":\"https:\/\/nordnesrepublikken.no\/wp-content\/uploads\/2025\/09\/1757731803_Hvordan-har-kostnadene-for-skoleboker-endret-seg-de-siste-20.jpg\",\"contentUrl\":\"https:\/\/nordnesrepublikken.no\/wp-content\/uploads\/2025\/09\/1757731803_Hvordan-har-kostnadene-for-skoleboker-endret-seg-de-siste-20.jpg\",\"width\":714,\"height\":489,\"caption\":\"libri-di-testo-costo\"},{\"@type\":\"BreadcrumbList\",\"@id\":\"https:\/\/nordnesrepublikken.no\/index.php\/2025\/09\/13\/hvordan-har-kostnadene-for-skoleboker-endret-seg-de-siste-20-arene-agcm-rapporten\/#breadcrumb\",\"itemListElement\":[{\"@type\":\"ListItem\",\"position\":1,\"name\":\"Home\",\"item\":\"https:\/\/nordnesrepublikken.no\/\"},{\"@type\":\"ListItem\",\"position\":2,\"name\":\"Hvordan har kostnadene for skoleb\u00f8ker endret seg de siste 20 \u00e5rene? AGCM -rapporten\"}]},{\"@type\":\"WebSite\",\"@id\":\"https:\/\/nordnesrepublikken.no\/#website\",\"url\":\"https:\/\/nordnesrepublikken.no\/\",\"name\":\"Nordnesrepublikken\",\"description\":\"Stemmer og Visjoner fra Republikkens Hjerte\",\"publisher\":{\"@id\":\"https:\/\/nordnesrepublikken.no\/#organization\"},\"potentialAction\":[{\"@type\":\"SearchAction\",\"target\":{\"@type\":\"EntryPoint\",\"urlTemplate\":\"https:\/\/nordnesrepublikken.no\/?s={search_term_string}\"},\"query-input\":{\"@type\":\"PropertyValueSpecification\",\"valueRequired\":true,\"valueName\":\"search_term_string\"}}],\"inLanguage\":\"nb-NO\"},{\"@type\":\"Organization\",\"@id\":\"https:\/\/nordnesrepublikken.no\/#organization\",\"name\":\"Nordnesrepublikken\",\"url\":\"https:\/\/nordnesrepublikken.no\/\",\"logo\":{\"@type\":\"ImageObject\",\"inLanguage\":\"nb-NO\",\"@id\":\"https:\/\/nordnesrepublikken.no\/#\/schema\/logo\/image\/\",\"url\":\"https:\/\/nordnesrepublikken.no\/wp-content\/uploads\/2025\/02\/cropped-nordnesrepublikken-2.png\",\"contentUrl\":\"https:\/\/nordnesrepublikken.no\/wp-content\/uploads\/2025\/02\/cropped-nordnesrepublikken-2.png\",\"width\":1248,\"height\":362,\"caption\":\"Nordnesrepublikken\"},\"image\":{\"@id\":\"https:\/\/nordnesrepublikken.no\/#\/schema\/logo\/image\/\"}},{\"@type\":\"Person\",\"@id\":\"https:\/\/nordnesrepublikken.no\/#\/schema\/person\/2e7e81935bab77882fffb79296240ff1\",\"name\":\"Ole Andersen\",\"image\":{\"@type\":\"ImageObject\",\"inLanguage\":\"nb-NO\",\"@id\":\"https:\/\/nordnesrepublikken.no\/#\/schema\/person\/image\/\",\"url\":\"https:\/\/nordnesrepublikken.no\/wp-content\/uploads\/2025\/02\/nordnesrepublikken-2-2-150x150.jpg\",\"contentUrl\":\"https:\/\/nordnesrepublikken.no\/wp-content\/uploads\/2025\/02\/nordnesrepublikken-2-2-150x150.jpg\",\"caption\":\"Ole Andersen\"},\"description\":\"Ettersom jeg vokste opp i Oslo, har jeg alltid v\u00e6rt fascinert av ordenes kraft og deres evne til \u00e5 skape endringer. Etter \u00e5 ha fullf\u00f8rt min utdannelse i kommunikasjon ved Universitetet i Bergen, fikk jeg muligheten til \u00e5 jobbe innen ulike medier, der jeg har s\u00f8kt \u00e5 belyse viktige samfunnssp\u00f8rsm\u00e5l. I dag, som redakt\u00f8r for Nordnesrepublikken, pr\u00f8ver jeg \u00e5 forene min kj\u00e6rlighet for journalistikk med min lidenskap for innovasjon og eventyr.\",\"sameAs\":[\"https:\/\/nordnesrepublikken.no\/\"]}]}<\/script>\n<!-- \/ Yoast SEO plugin. -->","yoast_head_json":{"title":"Hvordan har kostnadene for skoleb\u00f8ker endret seg de siste 20 \u00e5rene? AGCM -rapporten - Nordnesrepublikken","robots":{"index":"index","follow":"follow","max-snippet":"max-snippet:-1","max-image-preview":"max-image-preview:large","max-video-preview":"max-video-preview:-1"},"canonical":"https:\/\/nordnesrepublikken.no\/index.php\/2025\/09\/13\/hvordan-har-kostnadene-for-skoleboker-endret-seg-de-siste-20-arene-agcm-rapporten\/","og_locale":"nb_NO","og_type":"article","og_title":"Hvordan har kostnadene for skoleb\u00f8ker endret seg de siste 20 \u00e5rene? AGCM -rapporten - Nordnesrepublikken","og_description":"De siste ukene kj\u00f8per italienske familier de nye Skoletekster: Hvis kostnadene er nesten fullstendig absorbert","og_url":"https:\/\/nordnesrepublikken.no\/index.php\/2025\/09\/13\/hvordan-har-kostnadene-for-skoleboker-endret-seg-de-siste-20-arene-agcm-rapporten\/","og_site_name":"Nordnesrepublikken","article_published_time":"2025-09-13T02:50:03+00:00","og_image":[{"width":714,"height":489,"url":"https:\/\/nordnesrepublikken.no\/wp-content\/uploads\/2025\/09\/1757731803_Hvordan-har-kostnadene-for-skoleboker-endret-seg-de-siste-20.jpg","type":"image\/jpeg"}],"author":"Ole Andersen","twitter_card":"summary_large_image","twitter_misc":{"Skrevet av":"Ole Andersen","Ansl. lesetid":"4 minutter"},"schema":{"@context":"https:\/\/schema.org","@graph":[{"@type":"Article","@id":"https:\/\/nordnesrepublikken.no\/index.php\/2025\/09\/13\/hvordan-har-kostnadene-for-skoleboker-endret-seg-de-siste-20-arene-agcm-rapporten\/#article","isPartOf":{"@id":"https:\/\/nordnesrepublikken.no\/index.php\/2025\/09\/13\/hvordan-har-kostnadene-for-skoleboker-endret-seg-de-siste-20-arene-agcm-rapporten\/"},"author":{"name":"Ole Andersen","@id":"https:\/\/nordnesrepublikken.no\/#\/schema\/person\/2e7e81935bab77882fffb79296240ff1"},"headline":"Hvordan har kostnadene for skoleb\u00f8ker endret seg de siste 20 \u00e5rene? AGCM -rapporten","datePublished":"2025-09-13T02:50:03+00:00","mainEntityOfPage":{"@id":"https:\/\/nordnesrepublikken.no\/index.php\/2025\/09\/13\/hvordan-har-kostnadene-for-skoleboker-endret-seg-de-siste-20-arene-agcm-rapporten\/"},"wordCount":824,"publisher":{"@id":"https:\/\/nordnesrepublikken.no\/#organization"},"image":{"@id":"https:\/\/nordnesrepublikken.no\/index.php\/2025\/09\/13\/hvordan-har-kostnadene-for-skoleboker-endret-seg-de-siste-20-arene-agcm-rapporten\/#primaryimage"},"thumbnailUrl":"https:\/\/nordnesrepublikken.no\/wp-content\/uploads\/2025\/09\/1757731803_Hvordan-har-kostnadene-for-skoleboker-endret-seg-de-siste-20.jpg","keywords":["AGCM","\u00e5rene","endret","har","Hvordan","kostnadene","rapporten","seg","siste","skoleb\u00f8ker"],"articleSection":["Samfunn"],"inLanguage":"nb-NO"},{"@type":"WebPage","@id":"https:\/\/nordnesrepublikken.no\/index.php\/2025\/09\/13\/hvordan-har-kostnadene-for-skoleboker-endret-seg-de-siste-20-arene-agcm-rapporten\/","url":"https:\/\/nordnesrepublikken.no\/index.php\/2025\/09\/13\/hvordan-har-kostnadene-for-skoleboker-endret-seg-de-siste-20-arene-agcm-rapporten\/","name":"Hvordan har kostnadene for skoleb\u00f8ker endret seg de siste 20 \u00e5rene? AGCM -rapporten - Nordnesrepublikken","isPartOf":{"@id":"https:\/\/nordnesrepublikken.no\/#website"},"primaryImageOfPage":{"@id":"https:\/\/nordnesrepublikken.no\/index.php\/2025\/09\/13\/hvordan-har-kostnadene-for-skoleboker-endret-seg-de-siste-20-arene-agcm-rapporten\/#primaryimage"},"image":{"@id":"https:\/\/nordnesrepublikken.no\/index.php\/2025\/09\/13\/hvordan-har-kostnadene-for-skoleboker-endret-seg-de-siste-20-arene-agcm-rapporten\/#primaryimage"},"thumbnailUrl":"https:\/\/nordnesrepublikken.no\/wp-content\/uploads\/2025\/09\/1757731803_Hvordan-har-kostnadene-for-skoleboker-endret-seg-de-siste-20.jpg","datePublished":"2025-09-13T02:50:03+00:00","breadcrumb":{"@id":"https:\/\/nordnesrepublikken.no\/index.php\/2025\/09\/13\/hvordan-har-kostnadene-for-skoleboker-endret-seg-de-siste-20-arene-agcm-rapporten\/#breadcrumb"},"inLanguage":"nb-NO","potentialAction":[{"@type":"ReadAction","target":["https:\/\/nordnesrepublikken.no\/index.php\/2025\/09\/13\/hvordan-har-kostnadene-for-skoleboker-endret-seg-de-siste-20-arene-agcm-rapporten\/"]}]},{"@type":"ImageObject","inLanguage":"nb-NO","@id":"https:\/\/nordnesrepublikken.no\/index.php\/2025\/09\/13\/hvordan-har-kostnadene-for-skoleboker-endret-seg-de-siste-20-arene-agcm-rapporten\/#primaryimage","url":"https:\/\/nordnesrepublikken.no\/wp-content\/uploads\/2025\/09\/1757731803_Hvordan-har-kostnadene-for-skoleboker-endret-seg-de-siste-20.jpg","contentUrl":"https:\/\/nordnesrepublikken.no\/wp-content\/uploads\/2025\/09\/1757731803_Hvordan-har-kostnadene-for-skoleboker-endret-seg-de-siste-20.jpg","width":714,"height":489,"caption":"libri-di-testo-costo"},{"@type":"BreadcrumbList","@id":"https:\/\/nordnesrepublikken.no\/index.php\/2025\/09\/13\/hvordan-har-kostnadene-for-skoleboker-endret-seg-de-siste-20-arene-agcm-rapporten\/#breadcrumb","itemListElement":[{"@type":"ListItem","position":1,"name":"Home","item":"https:\/\/nordnesrepublikken.no\/"},{"@type":"ListItem","position":2,"name":"Hvordan har kostnadene for skoleb\u00f8ker endret seg de siste 20 \u00e5rene? AGCM -rapporten"}]},{"@type":"WebSite","@id":"https:\/\/nordnesrepublikken.no\/#website","url":"https:\/\/nordnesrepublikken.no\/","name":"Nordnesrepublikken","description":"Stemmer og Visjoner fra Republikkens Hjerte","publisher":{"@id":"https:\/\/nordnesrepublikken.no\/#organization"},"potentialAction":[{"@type":"SearchAction","target":{"@type":"EntryPoint","urlTemplate":"https:\/\/nordnesrepublikken.no\/?s={search_term_string}"},"query-input":{"@type":"PropertyValueSpecification","valueRequired":true,"valueName":"search_term_string"}}],"inLanguage":"nb-NO"},{"@type":"Organization","@id":"https:\/\/nordnesrepublikken.no\/#organization","name":"Nordnesrepublikken","url":"https:\/\/nordnesrepublikken.no\/","logo":{"@type":"ImageObject","inLanguage":"nb-NO","@id":"https:\/\/nordnesrepublikken.no\/#\/schema\/logo\/image\/","url":"https:\/\/nordnesrepublikken.no\/wp-content\/uploads\/2025\/02\/cropped-nordnesrepublikken-2.png","contentUrl":"https:\/\/nordnesrepublikken.no\/wp-content\/uploads\/2025\/02\/cropped-nordnesrepublikken-2.png","width":1248,"height":362,"caption":"Nordnesrepublikken"},"image":{"@id":"https:\/\/nordnesrepublikken.no\/#\/schema\/logo\/image\/"}},{"@type":"Person","@id":"https:\/\/nordnesrepublikken.no\/#\/schema\/person\/2e7e81935bab77882fffb79296240ff1","name":"Ole Andersen","image":{"@type":"ImageObject","inLanguage":"nb-NO","@id":"https:\/\/nordnesrepublikken.no\/#\/schema\/person\/image\/","url":"https:\/\/nordnesrepublikken.no\/wp-content\/uploads\/2025\/02\/nordnesrepublikken-2-2-150x150.jpg","contentUrl":"https:\/\/nordnesrepublikken.no\/wp-content\/uploads\/2025\/02\/nordnesrepublikken-2-2-150x150.jpg","caption":"Ole Andersen"},"description":"Ettersom jeg vokste opp i Oslo, har jeg alltid v\u00e6rt fascinert av ordenes kraft og deres evne til \u00e5 skape endringer. Etter \u00e5 ha fullf\u00f8rt min utdannelse i kommunikasjon ved Universitetet i Bergen, fikk jeg muligheten til \u00e5 jobbe innen ulike medier, der jeg har s\u00f8kt \u00e5 belyse viktige samfunnssp\u00f8rsm\u00e5l. I dag, som redakt\u00f8r for Nordnesrepublikken, pr\u00f8ver jeg \u00e5 forene min kj\u00e6rlighet for journalistikk med min lidenskap for innovasjon og eventyr.","sameAs":["https:\/\/nordnesrepublikken.no\/"]}]}},"_links":{"self":[{"href":"https:\/\/nordnesrepublikken.no\/index.php\/wp-json\/wp\/v2\/posts\/9510","targetHints":{"allow":["GET"]}}],"collection":[{"href":"https:\/\/nordnesrepublikken.no\/index.php\/wp-json\/wp\/v2\/posts"}],"about":[{"href":"https:\/\/nordnesrepublikken.no\/index.php\/wp-json\/wp\/v2\/types\/post"}],"author":[{"embeddable":true,"href":"https:\/\/nordnesrepublikken.no\/index.php\/wp-json\/wp\/v2\/users\/1"}],"replies":[{"embeddable":true,"href":"https:\/\/nordnesrepublikken.no\/index.php\/wp-json\/wp\/v2\/comments?post=9510"}],"version-history":[{"count":1,"href":"https:\/\/nordnesrepublikken.no\/index.php\/wp-json\/wp\/v2\/posts\/9510\/revisions"}],"predecessor-version":[{"id":9512,"href":"https:\/\/nordnesrepublikken.no\/index.php\/wp-json\/wp\/v2\/posts\/9510\/revisions\/9512"}],"wp:featuredmedia":[{"embeddable":true,"href":"https:\/\/nordnesrepublikken.no\/index.php\/wp-json\/wp\/v2\/media\/9511"}],"wp:attachment":[{"href":"https:\/\/nordnesrepublikken.no\/index.php\/wp-json\/wp\/v2\/media?parent=9510"}],"wp:term":[{"taxonomy":"category","embeddable":true,"href":"https:\/\/nordnesrepublikken.no\/index.php\/wp-json\/wp\/v2\/categories?post=9510"},{"taxonomy":"post_tag","embeddable":true,"href":"https:\/\/nordnesrepublikken.no\/index.php\/wp-json\/wp\/v2\/tags?post=9510"}],"curies":[{"name":"wp","href":"https:\/\/api.w.org\/{rel}","templated":true}]}}