{"id":9507,"date":"2025-09-13T03:50:23","date_gmt":"2025-09-13T01:50:23","guid":{"rendered":"https:\/\/nordnesrepublikken.no\/index.php\/2025\/09\/13\/italia-lanserer-verdens-forste-barnescreeningslov-for-coliaki\/"},"modified":"2025-09-13T03:50:25","modified_gmt":"2025-09-13T01:50:25","slug":"italia-lanserer-verdens-forste-barnescreeningslov-for-coliaki","status":"publish","type":"post","link":"https:\/\/nordnesrepublikken.no\/index.php\/2025\/09\/13\/italia-lanserer-verdens-forste-barnescreeningslov-for-coliaki\/","title":{"rendered":"Italia lanserer verdens f\u00f8rste barnescreeningslov for c\u00f8liaki"},"content":{"rendered":"<p><\/p>\n<div class=\"wordpress-content\">\n                    <!-- Article Start --><\/p>\n<p><strong>Italia har blitt det f\u00f8rste landet som lovlig mandat landsdekkende screening for c\u00f8liaki og type 1 -diabetes hos barn mellom to og ti \u00e5r, etter godkjenning av lov 130\/2023.<\/strong><\/p>\n<p>I 2024 testet et pilotprogram muligheten for massescreening. Det involverte mer enn 5000 barn og rundt 400 barneleger over fire regioner: Lombardy, Sardinia, Marche og Campania.<\/p>\n<p>I f\u00f8lge de f\u00f8rste resultatene testet 2,8\u20132,9 prosent av barna positive for coeliac-spesifikke antistoffer, mer enn det dobbelte av det globale gjennomsnittet p\u00e5 rundt 1\u20131,4 prosent. Dette antyder at mange italienske barn kan leve med tilstanden uten diagnose.<\/p>\n<div class=\"sra_unit\"><link rel=\"stylesheet\" id=\"block-sra\" href=\"https:\/\/euroweeklynews.com\/wp-content\/plugins\/snack-related-articles\/dist\/css\/snack-related.min.css?250312-193541\" type=\"text\/css\" media=\"all\">\n<\/div>\n<p>Studien fant ogs\u00e5 0,8 prosent av barna viste mark\u00f8rer for diabetes type 1, og fremhevet potensialet i den nye loven for \u00e5 fange kroniske sykdommer f\u00f8r de for\u00e5rsaker alvorlige komplikasjoner.<\/p>\n<h2><strong>Hva er c\u00f8liaki?<\/strong><\/h2>\n<p>C\u00f8liaki er en autoimmun tilstand der kroppen reagerer p\u00e5 gluten, skader tynntarmen og gj\u00f8r det vanskeligere \u00e5 absorbere n\u00e6ringsstoffer. Association of European Celiac Sociations (AOECS) estimater rundt 1 av 100 europeere har sykdommen, men bare rundt 25 prosent er diagnostisert.<\/p>\n<h2><strong>Hva er diabetes type 1?<\/strong><\/h2>\n<p>Diabetes type 1 er ogs\u00e5 en autoimmun tilstand, der immunforsvaret \u00f8delegger bukspyttkjertelen &#8216;insulinproduserende celler. Uten insulin kan ikke kroppen regulere blodsukkerniv\u00e5et.<\/p>\n<p>I f\u00f8lge IDF Diabetes Atlas har Europa n\u00e5 omtrent 2,7 millioner mennesker som lever med diabetes type 1.<\/p>\n<h2><strong>Glyfosat- og c\u00f8liaki -debatten<\/strong><\/h2>\n<p>Utover genetikk har noen forskere hevdet at milj\u00f8faktorer &#8211; s\u00e6rlig ugressmiddel glyfosat &#8211; kan v\u00e6re drivstoff for stigende c\u00f8liaki.<\/p>\n<p>Et papir fra 2013 av Anthony Samsel og Stephanie Seneff antydet at glyfosat kan v\u00e6re &laquo;den viktigste \u00e5rsaksfaktoren&raquo; i den moderne c\u00f8liaki -epidemien. Analysen deres viste tarmskader hos dyr utsatt for glyfosat som ligner den som ble sett hos c\u00f8liaki.<\/p>\n<p>En europeisk urinstudie fant til og med at 44 prosent av byboerne hadde p\u00e5visbare glyfosatrester, og pekte p\u00e5 kostholdet som en viktig eksponeringsrute.<\/p>\n<p>Teorien er imidlertid fortsatt veldig kontroversiell. Mainstream medisinske organisasjoner har ikke bekreftet glyfosat som en bevist utl\u00f8ser, og mange eksperter tilskriver \u00f8kende diagnoser til forbedret screening og bevissthet.<\/p>\n<p>Det italienske Celiac Society (AIC), en del av det nasjonale observatoriet som er opprettet av loven, har v\u00e6rt med p\u00e5 \u00e5 \u00f8ke bevisstheten blant familier og helsepersonell.<\/p>\n<p>Initiativet er blitt beskrevet som banebrytende og blir f\u00f8lger n\u00f8ye med av helseeksperter over hele verden, som ser Italia som en testsak for om massescreening kan omforme helsepolitikken for barndommen andre steder.<\/p>\n<p>For \u00e5 dele funnene vil Association of European Celiac Sociations (AOECS) v\u00e6re vertskap for et spesielt webinar p\u00e5:<\/p>\n<ul>\n<li>Onsdag 24. september 2025<\/li>\n<li>15:00 cest<\/li>\n<li>Registreringslenke<\/li>\n<\/ul>\n<p>Arrangementet vil inneholde Olimpia Vincentini, seniorforsker ved det italienske National Institute of Health (ISS), med en introduksjon av Giorgio Mul\u00e8, visepresident for det italienske kammeret til varamedlemmer og promoter av loven.<\/p>\n<p>Med mer enn det dobbelte av den forventede frekvensen av c\u00f8liaki som ble avsl\u00f8rt i tidlig testing, kunne Italias dristige eksperiment presse andre land til \u00e5 f\u00f8lge etter. Men det gjenst\u00e5r sp\u00f8rsm\u00e5l om kostnader, logistikk og om slik bredt testing skal bli en standard del av pediatrisk pleie.<\/p>\n<p>Se alle helsemyheter.<\/p>\n<p>Se alle nyheter fra Italia.<\/p>\n<p>                    <!-- This article has been originally published at https:\/\/euroweeklynews.com\/2025\/09\/12\/italy-launches-worlds-first-child-screening-law-for-coeliac-disease\/ on 12 Sep 2025 at 21:06 by Letara Draghia --><br \/>\n                    <!-- Article End -->\n                <\/div>\n","protected":false},"excerpt":{"rendered":"<p>Italia har blitt det f\u00f8rste landet som lovlig mandat landsdekkende screening for c\u00f8liaki og type<\/p>\n","protected":false},"author":1,"featured_media":9508,"comment_status":"closed","ping_status":"open","sticky":false,"template":"","format":"standard","meta":{"footnotes":""},"categories":[105],"tags":[6214,6215,67,437,417,341],"class_list":["post-9507","post","type-post","status-publish","format-standard","has-post-thumbnail","hentry","category-livsstil","tag-barnescreeningslov","tag-coliaki","tag-forste","tag-italia","tag-lanserer","tag-verdens","generate-columns","tablet-grid-50","mobile-grid-100","grid-parent","grid-33","resize-featured-image"],"yoast_head":"<!-- This site is optimized with the Yoast SEO plugin v24.4 - https:\/\/yoast.com\/wordpress\/plugins\/seo\/ -->\n<title>Italia lanserer verdens f\u00f8rste barnescreeningslov for c\u00f8liaki - Nordnesrepublikken<\/title>\n<meta name=\"robots\" content=\"index, follow, max-snippet:-1, max-image-preview:large, max-video-preview:-1\" \/>\n<link rel=\"canonical\" href=\"https:\/\/nordnesrepublikken.no\/index.php\/2025\/09\/13\/italia-lanserer-verdens-forste-barnescreeningslov-for-coliaki\/\" \/>\n<meta property=\"og:locale\" content=\"nb_NO\" \/>\n<meta property=\"og:type\" content=\"article\" \/>\n<meta property=\"og:title\" content=\"Italia lanserer verdens f\u00f8rste barnescreeningslov for c\u00f8liaki - Nordnesrepublikken\" \/>\n<meta property=\"og:description\" content=\"Italia har blitt det f\u00f8rste landet som lovlig mandat landsdekkende screening for c\u00f8liaki og type\" \/>\n<meta property=\"og:url\" content=\"https:\/\/nordnesrepublikken.no\/index.php\/2025\/09\/13\/italia-lanserer-verdens-forste-barnescreeningslov-for-coliaki\/\" \/>\n<meta property=\"og:site_name\" content=\"Nordnesrepublikken\" \/>\n<meta property=\"article:published_time\" content=\"2025-09-13T01:50:23+00:00\" \/>\n<meta property=\"article:modified_time\" content=\"2025-09-13T01:50:25+00:00\" \/>\n<meta property=\"og:image\" content=\"https:\/\/nordnesrepublikken.no\/wp-content\/uploads\/2025\/09\/1757728223_Italia-lanserer-verdens-forste-barnescreeningslov-for-coliaki.jpg\" \/>\n\t<meta property=\"og:image:width\" content=\"1200\" \/>\n\t<meta property=\"og:image:height\" content=\"799\" \/>\n\t<meta property=\"og:image:type\" content=\"image\/jpeg\" \/>\n<meta name=\"author\" content=\"Ole Andersen\" \/>\n<meta name=\"twitter:card\" content=\"summary_large_image\" \/>\n<meta name=\"twitter:label1\" content=\"Skrevet av\" \/>\n\t<meta name=\"twitter:data1\" content=\"Ole Andersen\" \/>\n\t<meta name=\"twitter:label2\" content=\"Ansl. lesetid\" \/>\n\t<meta name=\"twitter:data2\" content=\"3 minutter\" \/>\n<script type=\"application\/ld+json\" class=\"yoast-schema-graph\">{\"@context\":\"https:\/\/schema.org\",\"@graph\":[{\"@type\":\"Article\",\"@id\":\"https:\/\/nordnesrepublikken.no\/index.php\/2025\/09\/13\/italia-lanserer-verdens-forste-barnescreeningslov-for-coliaki\/#article\",\"isPartOf\":{\"@id\":\"https:\/\/nordnesrepublikken.no\/index.php\/2025\/09\/13\/italia-lanserer-verdens-forste-barnescreeningslov-for-coliaki\/\"},\"author\":{\"name\":\"Ole Andersen\",\"@id\":\"https:\/\/nordnesrepublikken.no\/#\/schema\/person\/2e7e81935bab77882fffb79296240ff1\"},\"headline\":\"Italia lanserer verdens f\u00f8rste barnescreeningslov for c\u00f8liaki\",\"datePublished\":\"2025-09-13T01:50:23+00:00\",\"dateModified\":\"2025-09-13T01:50:25+00:00\",\"mainEntityOfPage\":{\"@id\":\"https:\/\/nordnesrepublikken.no\/index.php\/2025\/09\/13\/italia-lanserer-verdens-forste-barnescreeningslov-for-coliaki\/\"},\"wordCount\":511,\"publisher\":{\"@id\":\"https:\/\/nordnesrepublikken.no\/#organization\"},\"image\":{\"@id\":\"https:\/\/nordnesrepublikken.no\/index.php\/2025\/09\/13\/italia-lanserer-verdens-forste-barnescreeningslov-for-coliaki\/#primaryimage\"},\"thumbnailUrl\":\"https:\/\/nordnesrepublikken.no\/wp-content\/uploads\/2025\/09\/1757728223_Italia-lanserer-verdens-forste-barnescreeningslov-for-coliaki.jpg\",\"keywords\":[\"barnescreeningslov\",\"c\u00f8liaki\",\"f\u00f8rste\",\"Italia\",\"lanserer\",\"Verdens\"],\"articleSection\":[\"Livsstil\"],\"inLanguage\":\"nb-NO\"},{\"@type\":\"WebPage\",\"@id\":\"https:\/\/nordnesrepublikken.no\/index.php\/2025\/09\/13\/italia-lanserer-verdens-forste-barnescreeningslov-for-coliaki\/\",\"url\":\"https:\/\/nordnesrepublikken.no\/index.php\/2025\/09\/13\/italia-lanserer-verdens-forste-barnescreeningslov-for-coliaki\/\",\"name\":\"Italia lanserer verdens f\u00f8rste barnescreeningslov for c\u00f8liaki - Nordnesrepublikken\",\"isPartOf\":{\"@id\":\"https:\/\/nordnesrepublikken.no\/#website\"},\"primaryImageOfPage\":{\"@id\":\"https:\/\/nordnesrepublikken.no\/index.php\/2025\/09\/13\/italia-lanserer-verdens-forste-barnescreeningslov-for-coliaki\/#primaryimage\"},\"image\":{\"@id\":\"https:\/\/nordnesrepublikken.no\/index.php\/2025\/09\/13\/italia-lanserer-verdens-forste-barnescreeningslov-for-coliaki\/#primaryimage\"},\"thumbnailUrl\":\"https:\/\/nordnesrepublikken.no\/wp-content\/uploads\/2025\/09\/1757728223_Italia-lanserer-verdens-forste-barnescreeningslov-for-coliaki.jpg\",\"datePublished\":\"2025-09-13T01:50:23+00:00\",\"dateModified\":\"2025-09-13T01:50:25+00:00\",\"breadcrumb\":{\"@id\":\"https:\/\/nordnesrepublikken.no\/index.php\/2025\/09\/13\/italia-lanserer-verdens-forste-barnescreeningslov-for-coliaki\/#breadcrumb\"},\"inLanguage\":\"nb-NO\",\"potentialAction\":[{\"@type\":\"ReadAction\",\"target\":[\"https:\/\/nordnesrepublikken.no\/index.php\/2025\/09\/13\/italia-lanserer-verdens-forste-barnescreeningslov-for-coliaki\/\"]}]},{\"@type\":\"ImageObject\",\"inLanguage\":\"nb-NO\",\"@id\":\"https:\/\/nordnesrepublikken.no\/index.php\/2025\/09\/13\/italia-lanserer-verdens-forste-barnescreeningslov-for-coliaki\/#primaryimage\",\"url\":\"https:\/\/nordnesrepublikken.no\/wp-content\/uploads\/2025\/09\/1757728223_Italia-lanserer-verdens-forste-barnescreeningslov-for-coliaki.jpg\",\"contentUrl\":\"https:\/\/nordnesrepublikken.no\/wp-content\/uploads\/2025\/09\/1757728223_Italia-lanserer-verdens-forste-barnescreeningslov-for-coliaki.jpg\",\"width\":1200,\"height\":799,\"caption\":\"Italia lanserer verdens f\u00f8rste barnescreeningslov for c\u00f8liaki\"},{\"@type\":\"BreadcrumbList\",\"@id\":\"https:\/\/nordnesrepublikken.no\/index.php\/2025\/09\/13\/italia-lanserer-verdens-forste-barnescreeningslov-for-coliaki\/#breadcrumb\",\"itemListElement\":[{\"@type\":\"ListItem\",\"position\":1,\"name\":\"Home\",\"item\":\"https:\/\/nordnesrepublikken.no\/\"},{\"@type\":\"ListItem\",\"position\":2,\"name\":\"Italia lanserer verdens f\u00f8rste barnescreeningslov for c\u00f8liaki\"}]},{\"@type\":\"WebSite\",\"@id\":\"https:\/\/nordnesrepublikken.no\/#website\",\"url\":\"https:\/\/nordnesrepublikken.no\/\",\"name\":\"Nordnesrepublikken\",\"description\":\"Stemmer og Visjoner fra Republikkens Hjerte\",\"publisher\":{\"@id\":\"https:\/\/nordnesrepublikken.no\/#organization\"},\"potentialAction\":[{\"@type\":\"SearchAction\",\"target\":{\"@type\":\"EntryPoint\",\"urlTemplate\":\"https:\/\/nordnesrepublikken.no\/?s={search_term_string}\"},\"query-input\":{\"@type\":\"PropertyValueSpecification\",\"valueRequired\":true,\"valueName\":\"search_term_string\"}}],\"inLanguage\":\"nb-NO\"},{\"@type\":\"Organization\",\"@id\":\"https:\/\/nordnesrepublikken.no\/#organization\",\"name\":\"Nordnesrepublikken\",\"url\":\"https:\/\/nordnesrepublikken.no\/\",\"logo\":{\"@type\":\"ImageObject\",\"inLanguage\":\"nb-NO\",\"@id\":\"https:\/\/nordnesrepublikken.no\/#\/schema\/logo\/image\/\",\"url\":\"https:\/\/nordnesrepublikken.no\/wp-content\/uploads\/2025\/02\/cropped-nordnesrepublikken-2.png\",\"contentUrl\":\"https:\/\/nordnesrepublikken.no\/wp-content\/uploads\/2025\/02\/cropped-nordnesrepublikken-2.png\",\"width\":1248,\"height\":362,\"caption\":\"Nordnesrepublikken\"},\"image\":{\"@id\":\"https:\/\/nordnesrepublikken.no\/#\/schema\/logo\/image\/\"}},{\"@type\":\"Person\",\"@id\":\"https:\/\/nordnesrepublikken.no\/#\/schema\/person\/2e7e81935bab77882fffb79296240ff1\",\"name\":\"Ole Andersen\",\"image\":{\"@type\":\"ImageObject\",\"inLanguage\":\"nb-NO\",\"@id\":\"https:\/\/nordnesrepublikken.no\/#\/schema\/person\/image\/\",\"url\":\"https:\/\/nordnesrepublikken.no\/wp-content\/uploads\/2025\/02\/nordnesrepublikken-2-2-150x150.jpg\",\"contentUrl\":\"https:\/\/nordnesrepublikken.no\/wp-content\/uploads\/2025\/02\/nordnesrepublikken-2-2-150x150.jpg\",\"caption\":\"Ole Andersen\"},\"description\":\"Ettersom jeg vokste opp i Oslo, har jeg alltid v\u00e6rt fascinert av ordenes kraft og deres evne til \u00e5 skape endringer. Etter \u00e5 ha fullf\u00f8rt min utdannelse i kommunikasjon ved Universitetet i Bergen, fikk jeg muligheten til \u00e5 jobbe innen ulike medier, der jeg har s\u00f8kt \u00e5 belyse viktige samfunnssp\u00f8rsm\u00e5l. I dag, som redakt\u00f8r for Nordnesrepublikken, pr\u00f8ver jeg \u00e5 forene min kj\u00e6rlighet for journalistikk med min lidenskap for innovasjon og eventyr.\",\"sameAs\":[\"https:\/\/nordnesrepublikken.no\/\"]}]}<\/script>\n<!-- \/ Yoast SEO plugin. -->","yoast_head_json":{"title":"Italia lanserer verdens f\u00f8rste barnescreeningslov for c\u00f8liaki - Nordnesrepublikken","robots":{"index":"index","follow":"follow","max-snippet":"max-snippet:-1","max-image-preview":"max-image-preview:large","max-video-preview":"max-video-preview:-1"},"canonical":"https:\/\/nordnesrepublikken.no\/index.php\/2025\/09\/13\/italia-lanserer-verdens-forste-barnescreeningslov-for-coliaki\/","og_locale":"nb_NO","og_type":"article","og_title":"Italia lanserer verdens f\u00f8rste barnescreeningslov for c\u00f8liaki - Nordnesrepublikken","og_description":"Italia har blitt det f\u00f8rste landet som lovlig mandat landsdekkende screening for c\u00f8liaki og type","og_url":"https:\/\/nordnesrepublikken.no\/index.php\/2025\/09\/13\/italia-lanserer-verdens-forste-barnescreeningslov-for-coliaki\/","og_site_name":"Nordnesrepublikken","article_published_time":"2025-09-13T01:50:23+00:00","article_modified_time":"2025-09-13T01:50:25+00:00","og_image":[{"width":1200,"height":799,"url":"https:\/\/nordnesrepublikken.no\/wp-content\/uploads\/2025\/09\/1757728223_Italia-lanserer-verdens-forste-barnescreeningslov-for-coliaki.jpg","type":"image\/jpeg"}],"author":"Ole Andersen","twitter_card":"summary_large_image","twitter_misc":{"Skrevet av":"Ole Andersen","Ansl. lesetid":"3 minutter"},"schema":{"@context":"https:\/\/schema.org","@graph":[{"@type":"Article","@id":"https:\/\/nordnesrepublikken.no\/index.php\/2025\/09\/13\/italia-lanserer-verdens-forste-barnescreeningslov-for-coliaki\/#article","isPartOf":{"@id":"https:\/\/nordnesrepublikken.no\/index.php\/2025\/09\/13\/italia-lanserer-verdens-forste-barnescreeningslov-for-coliaki\/"},"author":{"name":"Ole Andersen","@id":"https:\/\/nordnesrepublikken.no\/#\/schema\/person\/2e7e81935bab77882fffb79296240ff1"},"headline":"Italia lanserer verdens f\u00f8rste barnescreeningslov for c\u00f8liaki","datePublished":"2025-09-13T01:50:23+00:00","dateModified":"2025-09-13T01:50:25+00:00","mainEntityOfPage":{"@id":"https:\/\/nordnesrepublikken.no\/index.php\/2025\/09\/13\/italia-lanserer-verdens-forste-barnescreeningslov-for-coliaki\/"},"wordCount":511,"publisher":{"@id":"https:\/\/nordnesrepublikken.no\/#organization"},"image":{"@id":"https:\/\/nordnesrepublikken.no\/index.php\/2025\/09\/13\/italia-lanserer-verdens-forste-barnescreeningslov-for-coliaki\/#primaryimage"},"thumbnailUrl":"https:\/\/nordnesrepublikken.no\/wp-content\/uploads\/2025\/09\/1757728223_Italia-lanserer-verdens-forste-barnescreeningslov-for-coliaki.jpg","keywords":["barnescreeningslov","c\u00f8liaki","f\u00f8rste","Italia","lanserer","Verdens"],"articleSection":["Livsstil"],"inLanguage":"nb-NO"},{"@type":"WebPage","@id":"https:\/\/nordnesrepublikken.no\/index.php\/2025\/09\/13\/italia-lanserer-verdens-forste-barnescreeningslov-for-coliaki\/","url":"https:\/\/nordnesrepublikken.no\/index.php\/2025\/09\/13\/italia-lanserer-verdens-forste-barnescreeningslov-for-coliaki\/","name":"Italia lanserer verdens f\u00f8rste barnescreeningslov for c\u00f8liaki - Nordnesrepublikken","isPartOf":{"@id":"https:\/\/nordnesrepublikken.no\/#website"},"primaryImageOfPage":{"@id":"https:\/\/nordnesrepublikken.no\/index.php\/2025\/09\/13\/italia-lanserer-verdens-forste-barnescreeningslov-for-coliaki\/#primaryimage"},"image":{"@id":"https:\/\/nordnesrepublikken.no\/index.php\/2025\/09\/13\/italia-lanserer-verdens-forste-barnescreeningslov-for-coliaki\/#primaryimage"},"thumbnailUrl":"https:\/\/nordnesrepublikken.no\/wp-content\/uploads\/2025\/09\/1757728223_Italia-lanserer-verdens-forste-barnescreeningslov-for-coliaki.jpg","datePublished":"2025-09-13T01:50:23+00:00","dateModified":"2025-09-13T01:50:25+00:00","breadcrumb":{"@id":"https:\/\/nordnesrepublikken.no\/index.php\/2025\/09\/13\/italia-lanserer-verdens-forste-barnescreeningslov-for-coliaki\/#breadcrumb"},"inLanguage":"nb-NO","potentialAction":[{"@type":"ReadAction","target":["https:\/\/nordnesrepublikken.no\/index.php\/2025\/09\/13\/italia-lanserer-verdens-forste-barnescreeningslov-for-coliaki\/"]}]},{"@type":"ImageObject","inLanguage":"nb-NO","@id":"https:\/\/nordnesrepublikken.no\/index.php\/2025\/09\/13\/italia-lanserer-verdens-forste-barnescreeningslov-for-coliaki\/#primaryimage","url":"https:\/\/nordnesrepublikken.no\/wp-content\/uploads\/2025\/09\/1757728223_Italia-lanserer-verdens-forste-barnescreeningslov-for-coliaki.jpg","contentUrl":"https:\/\/nordnesrepublikken.no\/wp-content\/uploads\/2025\/09\/1757728223_Italia-lanserer-verdens-forste-barnescreeningslov-for-coliaki.jpg","width":1200,"height":799,"caption":"Italia lanserer verdens f\u00f8rste barnescreeningslov for c\u00f8liaki"},{"@type":"BreadcrumbList","@id":"https:\/\/nordnesrepublikken.no\/index.php\/2025\/09\/13\/italia-lanserer-verdens-forste-barnescreeningslov-for-coliaki\/#breadcrumb","itemListElement":[{"@type":"ListItem","position":1,"name":"Home","item":"https:\/\/nordnesrepublikken.no\/"},{"@type":"ListItem","position":2,"name":"Italia lanserer verdens f\u00f8rste barnescreeningslov for c\u00f8liaki"}]},{"@type":"WebSite","@id":"https:\/\/nordnesrepublikken.no\/#website","url":"https:\/\/nordnesrepublikken.no\/","name":"Nordnesrepublikken","description":"Stemmer og Visjoner fra Republikkens Hjerte","publisher":{"@id":"https:\/\/nordnesrepublikken.no\/#organization"},"potentialAction":[{"@type":"SearchAction","target":{"@type":"EntryPoint","urlTemplate":"https:\/\/nordnesrepublikken.no\/?s={search_term_string}"},"query-input":{"@type":"PropertyValueSpecification","valueRequired":true,"valueName":"search_term_string"}}],"inLanguage":"nb-NO"},{"@type":"Organization","@id":"https:\/\/nordnesrepublikken.no\/#organization","name":"Nordnesrepublikken","url":"https:\/\/nordnesrepublikken.no\/","logo":{"@type":"ImageObject","inLanguage":"nb-NO","@id":"https:\/\/nordnesrepublikken.no\/#\/schema\/logo\/image\/","url":"https:\/\/nordnesrepublikken.no\/wp-content\/uploads\/2025\/02\/cropped-nordnesrepublikken-2.png","contentUrl":"https:\/\/nordnesrepublikken.no\/wp-content\/uploads\/2025\/02\/cropped-nordnesrepublikken-2.png","width":1248,"height":362,"caption":"Nordnesrepublikken"},"image":{"@id":"https:\/\/nordnesrepublikken.no\/#\/schema\/logo\/image\/"}},{"@type":"Person","@id":"https:\/\/nordnesrepublikken.no\/#\/schema\/person\/2e7e81935bab77882fffb79296240ff1","name":"Ole Andersen","image":{"@type":"ImageObject","inLanguage":"nb-NO","@id":"https:\/\/nordnesrepublikken.no\/#\/schema\/person\/image\/","url":"https:\/\/nordnesrepublikken.no\/wp-content\/uploads\/2025\/02\/nordnesrepublikken-2-2-150x150.jpg","contentUrl":"https:\/\/nordnesrepublikken.no\/wp-content\/uploads\/2025\/02\/nordnesrepublikken-2-2-150x150.jpg","caption":"Ole Andersen"},"description":"Ettersom jeg vokste opp i Oslo, har jeg alltid v\u00e6rt fascinert av ordenes kraft og deres evne til \u00e5 skape endringer. Etter \u00e5 ha fullf\u00f8rt min utdannelse i kommunikasjon ved Universitetet i Bergen, fikk jeg muligheten til \u00e5 jobbe innen ulike medier, der jeg har s\u00f8kt \u00e5 belyse viktige samfunnssp\u00f8rsm\u00e5l. I dag, som redakt\u00f8r for Nordnesrepublikken, pr\u00f8ver jeg \u00e5 forene min kj\u00e6rlighet for journalistikk med min lidenskap for innovasjon og eventyr.","sameAs":["https:\/\/nordnesrepublikken.no\/"]}]}},"_links":{"self":[{"href":"https:\/\/nordnesrepublikken.no\/index.php\/wp-json\/wp\/v2\/posts\/9507","targetHints":{"allow":["GET"]}}],"collection":[{"href":"https:\/\/nordnesrepublikken.no\/index.php\/wp-json\/wp\/v2\/posts"}],"about":[{"href":"https:\/\/nordnesrepublikken.no\/index.php\/wp-json\/wp\/v2\/types\/post"}],"author":[{"embeddable":true,"href":"https:\/\/nordnesrepublikken.no\/index.php\/wp-json\/wp\/v2\/users\/1"}],"replies":[{"embeddable":true,"href":"https:\/\/nordnesrepublikken.no\/index.php\/wp-json\/wp\/v2\/comments?post=9507"}],"version-history":[{"count":1,"href":"https:\/\/nordnesrepublikken.no\/index.php\/wp-json\/wp\/v2\/posts\/9507\/revisions"}],"predecessor-version":[{"id":9509,"href":"https:\/\/nordnesrepublikken.no\/index.php\/wp-json\/wp\/v2\/posts\/9507\/revisions\/9509"}],"wp:featuredmedia":[{"embeddable":true,"href":"https:\/\/nordnesrepublikken.no\/index.php\/wp-json\/wp\/v2\/media\/9508"}],"wp:attachment":[{"href":"https:\/\/nordnesrepublikken.no\/index.php\/wp-json\/wp\/v2\/media?parent=9507"}],"wp:term":[{"taxonomy":"category","embeddable":true,"href":"https:\/\/nordnesrepublikken.no\/index.php\/wp-json\/wp\/v2\/categories?post=9507"},{"taxonomy":"post_tag","embeddable":true,"href":"https:\/\/nordnesrepublikken.no\/index.php\/wp-json\/wp\/v2\/tags?post=9507"}],"curies":[{"name":"wp","href":"https:\/\/api.w.org\/{rel}","templated":true}]}}