{"id":9486,"date":"2025-09-14T09:00:00","date_gmt":"2025-09-14T07:00:00","guid":{"rendered":"https:\/\/nordnesrepublikken.no\/?p=9486"},"modified":"2025-09-12T16:32:44","modified_gmt":"2025-09-12T14:32:44","slug":"denne-undervurderte-klimatrikset-kan-spare-deg-for-strom-hver-maned","status":"publish","type":"post","link":"https:\/\/nordnesrepublikken.no\/index.php\/2025\/09\/14\/denne-undervurderte-klimatrikset-kan-spare-deg-for-strom-hver-maned\/","title":{"rendered":"Denne undervurderte klimatrikset kan spare deg for str\u00f8m hver m\u00e5ned"},"content":{"rendered":"\n<p><strong><em>For mange av oss er sommerkj\u00f8ring en pr\u00f8velse. Bilen har st\u00e5tt i sola, setene f\u00f8les glovarme, og det f\u00f8rste instinktet er \u00e5 sette <\/em><\/strong><strong><em>aircondition<\/em><\/strong><strong><em> p\u00e5 full styrke. Men denne vanen koster mer enn vi tror \u2013 ikke bare i komfort, men ogs\u00e5 i kroner og \u00f8re.<\/em><\/strong><\/p>\n\n\n\n<!--more-->\n\n\n\n<h2 class=\"wp-block-heading\">Den klassiske feilen med vanlig klimabruk<\/h2>\n\n\n\n<p>N\u00e5r <a href=\"https:\/\/nordnesrepublikken.no\/index.php\/2025\/07\/11\/stemmer-det-at-klimaanlegg-tar-av-brunfargen-la-oss-avklare\/\"><strong>klimaanlegget <\/strong><\/a>st\u00e5r p\u00e5 normalt, trekker bilen inn luft utenfra, kj\u00f8ler den ned og sender den videre inn i kupeen. Det h\u00f8res uskyldig ut, men prosessen legger et ekstra press p\u00e5 motoren. If\u00f8lge tall fra det franske energibyr\u00e5et ADEME kan <strong>drivstofforbruket<\/strong> \u00f8ke med opptil 2 liter per 100 kilometer i bytrafikk. P\u00e5 motorveien er \u00f8kningen mindre \u2013 rundt 0,4 liter \u2013 men over lange avstander blir summen betydelig.<\/p>\n\n\n\n<p>Tenk deg en biltur p\u00e5 50 mil midt i juli, klimaanlegget st\u00e5r p\u00e5 fullt hele veien: resultatet er rundt 10 liter ekstra drivstoff \u2013 tilsvarende en 200-lapp borte f\u00f8r du har n\u00e5dd hytta.<\/p>\n\n\n\n<h2 class=\"wp-block-heading\">Den skjulte knappen mange glemmer<\/h2>\n\n\n\n<p>De fleste biler har en liten knapp med et symbol av en pil som sirkulerer inne i en bil \u2013 det er <strong>resirkuleringsfunksjonen<\/strong>. I stedet for \u00e5 hente glovarm luft utenfra, gjenbruker den luften som allerede er inne i bilen. Dermed trenger anlegget \u00e5 kj\u00f8le ned mindre luft, noe som reduserer belastningen p\u00e5 motoren.<\/p>\n\n\n\n<p>Jeg testet dette selv under en lengre kj\u00f8retur: luften ble kj\u00f8lig like raskt, men motoren jobbet roligere. Og tankm\u00e5leren sank ikke like fort. En liten detalj, men forskjellen merkes b\u00e5de i <strong>komfort og lommebok<\/strong>.<\/p>\n\n\n\n<h2 class=\"wp-block-heading\">Husk \u00e5 bruke det med m\u00e5te<\/h2>\n\n\n\n<p>Resirkuleringsmodus er effektivt, men ikke meningen \u00e5 bruke konstant. N\u00e5r samme luft g\u00e5r i rundgang for lenge, stiger <strong>CO2-niv\u00e5et<\/strong> i kupeen. Resultatet kan v\u00e6re tretthet og d\u00e5rligere konsentrasjon \u2013 ikke akkurat det du \u00f8nsker p\u00e5 en lang kj\u00f8retur.<\/p>\n\n\n\n<p>Et godt triks er \u00e5 bruke resirkulering de f\u00f8rste minuttene for \u00e5 kj\u00f8le ned raskt, og deretter veksle tilbake til normaltilf\u00f8rsel. Slik f\u00e5r du en balanse mellom frisk luft og energieffektivitet.<\/p>\n\n\n\n<h2 class=\"wp-block-heading\">Ekstra bonus: bedre luftkvalitet i byen<\/h2>\n\n\n\n<p>Et oversett pluss med resirkulering er at du slipper inn mindre av det som skjer utenfor. Eksos, st\u00f8v og ubehagelige lukter fra trafikken holdes ute. For meg ble det tydelig en dag jeg sto fast i k\u00f8 midt i Oslo \u2013 med resirkulering p\u00e5 slapp jeg unna b\u00e5de eksoslukt og stekeos fra en foodtruck i n\u00e6rheten. For sm\u00e5barnsforeldre eller allergikere kan dette v\u00e6re en sv\u00e6rt praktisk funksjon.<\/p>\n\n\n\n<h2 class=\"wp-block-heading\">Konklusjon<\/h2>\n\n\n\n<p>Det er ingen stor teknologisk nyvinning, men et enkelt knappetrykk som allerede finnes i bilen din. <strong>Resirkuleringsknappen<\/strong> kan spare deg for b\u00e5de drivstoff, str\u00f8m (i elbil med klimaanlegg) og irritasjon i hverdagen. Neste gang du setter deg i en overopphetet bil, husk dette lille trikset \u2013 det kan gj\u00f8re turen mer behagelig og lommeboken litt tykkere.<\/p>\n","protected":false},"excerpt":{"rendered":"<p>For mange av oss er sommerkj\u00f8ring en pr\u00f8velse. Bilen har st\u00e5tt i sola, setene f\u00f8les<\/p>\n","protected":false},"author":4,"featured_media":9487,"comment_status":"closed","ping_status":"open","sticky":false,"template":"","format":"standard","meta":{"footnotes":""},"categories":[1287],"tags":[],"class_list":["post-9486","post","type-post","status-publish","format-standard","has-post-thumbnail","hentry","category-nyheter","generate-columns","tablet-grid-50","mobile-grid-100","grid-parent","grid-33","resize-featured-image"],"yoast_head":"<!-- This site is optimized with the Yoast SEO plugin v24.4 - https:\/\/yoast.com\/wordpress\/plugins\/seo\/ -->\n<title>Denne undervurderte klimatrikset kan spare deg for str\u00f8m hver m\u00e5ned - Nordnesrepublikken<\/title>\n<meta name=\"robots\" content=\"index, follow, max-snippet:-1, max-image-preview:large, max-video-preview:-1\" \/>\n<link rel=\"canonical\" href=\"https:\/\/nordnesrepublikken.no\/index.php\/2025\/09\/14\/denne-undervurderte-klimatrikset-kan-spare-deg-for-strom-hver-maned\/\" \/>\n<meta property=\"og:locale\" content=\"nb_NO\" \/>\n<meta property=\"og:type\" content=\"article\" \/>\n<meta property=\"og:title\" content=\"Denne undervurderte klimatrikset kan spare deg for str\u00f8m hver m\u00e5ned - Nordnesrepublikken\" \/>\n<meta property=\"og:description\" content=\"For mange av oss er sommerkj\u00f8ring en pr\u00f8velse. Bilen har st\u00e5tt i sola, setene f\u00f8les\" \/>\n<meta property=\"og:url\" content=\"https:\/\/nordnesrepublikken.no\/index.php\/2025\/09\/14\/denne-undervurderte-klimatrikset-kan-spare-deg-for-strom-hver-maned\/\" \/>\n<meta property=\"og:site_name\" content=\"Nordnesrepublikken\" \/>\n<meta property=\"article:published_time\" content=\"2025-09-14T07:00:00+00:00\" \/>\n<meta property=\"og:image\" content=\"https:\/\/nordnesrepublikken.no\/wp-content\/uploads\/2025\/09\/12.jpg\" \/>\n\t<meta property=\"og:image:width\" content=\"1200\" \/>\n\t<meta property=\"og:image:height\" content=\"800\" \/>\n\t<meta property=\"og:image:type\" content=\"image\/jpeg\" \/>\n<meta name=\"author\" content=\"Erik Dahlgren\" \/>\n<meta name=\"twitter:card\" content=\"summary_large_image\" \/>\n<meta name=\"twitter:label1\" content=\"Skrevet av\" \/>\n\t<meta name=\"twitter:data1\" content=\"Erik Dahlgren\" \/>\n\t<meta name=\"twitter:label2\" content=\"Ansl. lesetid\" \/>\n\t<meta name=\"twitter:data2\" content=\"3 minutter\" \/>\n<script type=\"application\/ld+json\" class=\"yoast-schema-graph\">{\"@context\":\"https:\/\/schema.org\",\"@graph\":[{\"@type\":\"Article\",\"@id\":\"https:\/\/nordnesrepublikken.no\/index.php\/2025\/09\/14\/denne-undervurderte-klimatrikset-kan-spare-deg-for-strom-hver-maned\/#article\",\"isPartOf\":{\"@id\":\"https:\/\/nordnesrepublikken.no\/index.php\/2025\/09\/14\/denne-undervurderte-klimatrikset-kan-spare-deg-for-strom-hver-maned\/\"},\"author\":{\"name\":\"Erik Dahlgren\",\"@id\":\"https:\/\/nordnesrepublikken.no\/#\/schema\/person\/84c306b32f7a22b4f294a8756f3fde65\"},\"headline\":\"Denne undervurderte klimatrikset kan spare deg for str\u00f8m hver m\u00e5ned\",\"datePublished\":\"2025-09-14T07:00:00+00:00\",\"mainEntityOfPage\":{\"@id\":\"https:\/\/nordnesrepublikken.no\/index.php\/2025\/09\/14\/denne-undervurderte-klimatrikset-kan-spare-deg-for-strom-hver-maned\/\"},\"wordCount\":483,\"publisher\":{\"@id\":\"https:\/\/nordnesrepublikken.no\/#organization\"},\"image\":{\"@id\":\"https:\/\/nordnesrepublikken.no\/index.php\/2025\/09\/14\/denne-undervurderte-klimatrikset-kan-spare-deg-for-strom-hver-maned\/#primaryimage\"},\"thumbnailUrl\":\"https:\/\/nordnesrepublikken.no\/wp-content\/uploads\/2025\/09\/12.jpg\",\"articleSection\":[\"Nyheter\"],\"inLanguage\":\"nb-NO\"},{\"@type\":\"WebPage\",\"@id\":\"https:\/\/nordnesrepublikken.no\/index.php\/2025\/09\/14\/denne-undervurderte-klimatrikset-kan-spare-deg-for-strom-hver-maned\/\",\"url\":\"https:\/\/nordnesrepublikken.no\/index.php\/2025\/09\/14\/denne-undervurderte-klimatrikset-kan-spare-deg-for-strom-hver-maned\/\",\"name\":\"Denne undervurderte klimatrikset kan spare deg for str\u00f8m hver m\u00e5ned - Nordnesrepublikken\",\"isPartOf\":{\"@id\":\"https:\/\/nordnesrepublikken.no\/#website\"},\"primaryImageOfPage\":{\"@id\":\"https:\/\/nordnesrepublikken.no\/index.php\/2025\/09\/14\/denne-undervurderte-klimatrikset-kan-spare-deg-for-strom-hver-maned\/#primaryimage\"},\"image\":{\"@id\":\"https:\/\/nordnesrepublikken.no\/index.php\/2025\/09\/14\/denne-undervurderte-klimatrikset-kan-spare-deg-for-strom-hver-maned\/#primaryimage\"},\"thumbnailUrl\":\"https:\/\/nordnesrepublikken.no\/wp-content\/uploads\/2025\/09\/12.jpg\",\"datePublished\":\"2025-09-14T07:00:00+00:00\",\"breadcrumb\":{\"@id\":\"https:\/\/nordnesrepublikken.no\/index.php\/2025\/09\/14\/denne-undervurderte-klimatrikset-kan-spare-deg-for-strom-hver-maned\/#breadcrumb\"},\"inLanguage\":\"nb-NO\",\"potentialAction\":[{\"@type\":\"ReadAction\",\"target\":[\"https:\/\/nordnesrepublikken.no\/index.php\/2025\/09\/14\/denne-undervurderte-klimatrikset-kan-spare-deg-for-strom-hver-maned\/\"]}]},{\"@type\":\"ImageObject\",\"inLanguage\":\"nb-NO\",\"@id\":\"https:\/\/nordnesrepublikken.no\/index.php\/2025\/09\/14\/denne-undervurderte-klimatrikset-kan-spare-deg-for-strom-hver-maned\/#primaryimage\",\"url\":\"https:\/\/nordnesrepublikken.no\/wp-content\/uploads\/2025\/09\/12.jpg\",\"contentUrl\":\"https:\/\/nordnesrepublikken.no\/wp-content\/uploads\/2025\/09\/12.jpg\",\"width\":1200,\"height\":800,\"caption\":\"Denne undervurderte klimatrikset kan spare deg for str\u00f8m hver m\u00e5ned\"},{\"@type\":\"BreadcrumbList\",\"@id\":\"https:\/\/nordnesrepublikken.no\/index.php\/2025\/09\/14\/denne-undervurderte-klimatrikset-kan-spare-deg-for-strom-hver-maned\/#breadcrumb\",\"itemListElement\":[{\"@type\":\"ListItem\",\"position\":1,\"name\":\"Home\",\"item\":\"https:\/\/nordnesrepublikken.no\/\"},{\"@type\":\"ListItem\",\"position\":2,\"name\":\"Denne undervurderte klimatrikset kan spare deg for str\u00f8m hver m\u00e5ned\"}]},{\"@type\":\"WebSite\",\"@id\":\"https:\/\/nordnesrepublikken.no\/#website\",\"url\":\"https:\/\/nordnesrepublikken.no\/\",\"name\":\"Nordnesrepublikken\",\"description\":\"Stemmer og Visjoner fra Republikkens Hjerte\",\"publisher\":{\"@id\":\"https:\/\/nordnesrepublikken.no\/#organization\"},\"potentialAction\":[{\"@type\":\"SearchAction\",\"target\":{\"@type\":\"EntryPoint\",\"urlTemplate\":\"https:\/\/nordnesrepublikken.no\/?s={search_term_string}\"},\"query-input\":{\"@type\":\"PropertyValueSpecification\",\"valueRequired\":true,\"valueName\":\"search_term_string\"}}],\"inLanguage\":\"nb-NO\"},{\"@type\":\"Organization\",\"@id\":\"https:\/\/nordnesrepublikken.no\/#organization\",\"name\":\"Nordnesrepublikken\",\"url\":\"https:\/\/nordnesrepublikken.no\/\",\"logo\":{\"@type\":\"ImageObject\",\"inLanguage\":\"nb-NO\",\"@id\":\"https:\/\/nordnesrepublikken.no\/#\/schema\/logo\/image\/\",\"url\":\"https:\/\/nordnesrepublikken.no\/wp-content\/uploads\/2025\/02\/cropped-nordnesrepublikken-2.png\",\"contentUrl\":\"https:\/\/nordnesrepublikken.no\/wp-content\/uploads\/2025\/02\/cropped-nordnesrepublikken-2.png\",\"width\":1248,\"height\":362,\"caption\":\"Nordnesrepublikken\"},\"image\":{\"@id\":\"https:\/\/nordnesrepublikken.no\/#\/schema\/logo\/image\/\"}},{\"@type\":\"Person\",\"@id\":\"https:\/\/nordnesrepublikken.no\/#\/schema\/person\/84c306b32f7a22b4f294a8756f3fde65\",\"name\":\"Erik Dahlgren\",\"image\":{\"@type\":\"ImageObject\",\"inLanguage\":\"nb-NO\",\"@id\":\"https:\/\/nordnesrepublikken.no\/#\/schema\/person\/image\/\",\"url\":\"https:\/\/nordnesrepublikken.no\/wp-content\/uploads\/2025\/07\/Capture-decran-2025-07-31-a-15.22.01-150x150.png\",\"contentUrl\":\"https:\/\/nordnesrepublikken.no\/wp-content\/uploads\/2025\/07\/Capture-decran-2025-07-31-a-15.22.01-150x150.png\",\"caption\":\"Erik Dahlgren\"},\"description\":\"Erik Dahlgren er en allsidig journalist med base i Oslo, spesialisert p\u00e5 hus, hage og b\u00e6rekraftige boformer. Han kombinerer praktiske guider for byhager og interi\u00f8r med dypere milj\u00f8journalistikk og reportasjer. Med et tilgjengelig, engasjerende spr\u00e5k bidrar han til \u00e5 inspirere b\u00e5de huseiere og milj\u00f8bevisste lesere.\"}]}<\/script>\n<!-- \/ Yoast SEO plugin. -->","yoast_head_json":{"title":"Denne undervurderte klimatrikset kan spare deg for str\u00f8m hver m\u00e5ned - Nordnesrepublikken","robots":{"index":"index","follow":"follow","max-snippet":"max-snippet:-1","max-image-preview":"max-image-preview:large","max-video-preview":"max-video-preview:-1"},"canonical":"https:\/\/nordnesrepublikken.no\/index.php\/2025\/09\/14\/denne-undervurderte-klimatrikset-kan-spare-deg-for-strom-hver-maned\/","og_locale":"nb_NO","og_type":"article","og_title":"Denne undervurderte klimatrikset kan spare deg for str\u00f8m hver m\u00e5ned - Nordnesrepublikken","og_description":"For mange av oss er sommerkj\u00f8ring en pr\u00f8velse. Bilen har st\u00e5tt i sola, setene f\u00f8les","og_url":"https:\/\/nordnesrepublikken.no\/index.php\/2025\/09\/14\/denne-undervurderte-klimatrikset-kan-spare-deg-for-strom-hver-maned\/","og_site_name":"Nordnesrepublikken","article_published_time":"2025-09-14T07:00:00+00:00","og_image":[{"width":1200,"height":800,"url":"https:\/\/nordnesrepublikken.no\/wp-content\/uploads\/2025\/09\/12.jpg","type":"image\/jpeg"}],"author":"Erik Dahlgren","twitter_card":"summary_large_image","twitter_misc":{"Skrevet av":"Erik Dahlgren","Ansl. lesetid":"3 minutter"},"schema":{"@context":"https:\/\/schema.org","@graph":[{"@type":"Article","@id":"https:\/\/nordnesrepublikken.no\/index.php\/2025\/09\/14\/denne-undervurderte-klimatrikset-kan-spare-deg-for-strom-hver-maned\/#article","isPartOf":{"@id":"https:\/\/nordnesrepublikken.no\/index.php\/2025\/09\/14\/denne-undervurderte-klimatrikset-kan-spare-deg-for-strom-hver-maned\/"},"author":{"name":"Erik Dahlgren","@id":"https:\/\/nordnesrepublikken.no\/#\/schema\/person\/84c306b32f7a22b4f294a8756f3fde65"},"headline":"Denne undervurderte klimatrikset kan spare deg for str\u00f8m hver m\u00e5ned","datePublished":"2025-09-14T07:00:00+00:00","mainEntityOfPage":{"@id":"https:\/\/nordnesrepublikken.no\/index.php\/2025\/09\/14\/denne-undervurderte-klimatrikset-kan-spare-deg-for-strom-hver-maned\/"},"wordCount":483,"publisher":{"@id":"https:\/\/nordnesrepublikken.no\/#organization"},"image":{"@id":"https:\/\/nordnesrepublikken.no\/index.php\/2025\/09\/14\/denne-undervurderte-klimatrikset-kan-spare-deg-for-strom-hver-maned\/#primaryimage"},"thumbnailUrl":"https:\/\/nordnesrepublikken.no\/wp-content\/uploads\/2025\/09\/12.jpg","articleSection":["Nyheter"],"inLanguage":"nb-NO"},{"@type":"WebPage","@id":"https:\/\/nordnesrepublikken.no\/index.php\/2025\/09\/14\/denne-undervurderte-klimatrikset-kan-spare-deg-for-strom-hver-maned\/","url":"https:\/\/nordnesrepublikken.no\/index.php\/2025\/09\/14\/denne-undervurderte-klimatrikset-kan-spare-deg-for-strom-hver-maned\/","name":"Denne undervurderte klimatrikset kan spare deg for str\u00f8m hver m\u00e5ned - Nordnesrepublikken","isPartOf":{"@id":"https:\/\/nordnesrepublikken.no\/#website"},"primaryImageOfPage":{"@id":"https:\/\/nordnesrepublikken.no\/index.php\/2025\/09\/14\/denne-undervurderte-klimatrikset-kan-spare-deg-for-strom-hver-maned\/#primaryimage"},"image":{"@id":"https:\/\/nordnesrepublikken.no\/index.php\/2025\/09\/14\/denne-undervurderte-klimatrikset-kan-spare-deg-for-strom-hver-maned\/#primaryimage"},"thumbnailUrl":"https:\/\/nordnesrepublikken.no\/wp-content\/uploads\/2025\/09\/12.jpg","datePublished":"2025-09-14T07:00:00+00:00","breadcrumb":{"@id":"https:\/\/nordnesrepublikken.no\/index.php\/2025\/09\/14\/denne-undervurderte-klimatrikset-kan-spare-deg-for-strom-hver-maned\/#breadcrumb"},"inLanguage":"nb-NO","potentialAction":[{"@type":"ReadAction","target":["https:\/\/nordnesrepublikken.no\/index.php\/2025\/09\/14\/denne-undervurderte-klimatrikset-kan-spare-deg-for-strom-hver-maned\/"]}]},{"@type":"ImageObject","inLanguage":"nb-NO","@id":"https:\/\/nordnesrepublikken.no\/index.php\/2025\/09\/14\/denne-undervurderte-klimatrikset-kan-spare-deg-for-strom-hver-maned\/#primaryimage","url":"https:\/\/nordnesrepublikken.no\/wp-content\/uploads\/2025\/09\/12.jpg","contentUrl":"https:\/\/nordnesrepublikken.no\/wp-content\/uploads\/2025\/09\/12.jpg","width":1200,"height":800,"caption":"Denne undervurderte klimatrikset kan spare deg for str\u00f8m hver m\u00e5ned"},{"@type":"BreadcrumbList","@id":"https:\/\/nordnesrepublikken.no\/index.php\/2025\/09\/14\/denne-undervurderte-klimatrikset-kan-spare-deg-for-strom-hver-maned\/#breadcrumb","itemListElement":[{"@type":"ListItem","position":1,"name":"Home","item":"https:\/\/nordnesrepublikken.no\/"},{"@type":"ListItem","position":2,"name":"Denne undervurderte klimatrikset kan spare deg for str\u00f8m hver m\u00e5ned"}]},{"@type":"WebSite","@id":"https:\/\/nordnesrepublikken.no\/#website","url":"https:\/\/nordnesrepublikken.no\/","name":"Nordnesrepublikken","description":"Stemmer og Visjoner fra Republikkens Hjerte","publisher":{"@id":"https:\/\/nordnesrepublikken.no\/#organization"},"potentialAction":[{"@type":"SearchAction","target":{"@type":"EntryPoint","urlTemplate":"https:\/\/nordnesrepublikken.no\/?s={search_term_string}"},"query-input":{"@type":"PropertyValueSpecification","valueRequired":true,"valueName":"search_term_string"}}],"inLanguage":"nb-NO"},{"@type":"Organization","@id":"https:\/\/nordnesrepublikken.no\/#organization","name":"Nordnesrepublikken","url":"https:\/\/nordnesrepublikken.no\/","logo":{"@type":"ImageObject","inLanguage":"nb-NO","@id":"https:\/\/nordnesrepublikken.no\/#\/schema\/logo\/image\/","url":"https:\/\/nordnesrepublikken.no\/wp-content\/uploads\/2025\/02\/cropped-nordnesrepublikken-2.png","contentUrl":"https:\/\/nordnesrepublikken.no\/wp-content\/uploads\/2025\/02\/cropped-nordnesrepublikken-2.png","width":1248,"height":362,"caption":"Nordnesrepublikken"},"image":{"@id":"https:\/\/nordnesrepublikken.no\/#\/schema\/logo\/image\/"}},{"@type":"Person","@id":"https:\/\/nordnesrepublikken.no\/#\/schema\/person\/84c306b32f7a22b4f294a8756f3fde65","name":"Erik Dahlgren","image":{"@type":"ImageObject","inLanguage":"nb-NO","@id":"https:\/\/nordnesrepublikken.no\/#\/schema\/person\/image\/","url":"https:\/\/nordnesrepublikken.no\/wp-content\/uploads\/2025\/07\/Capture-decran-2025-07-31-a-15.22.01-150x150.png","contentUrl":"https:\/\/nordnesrepublikken.no\/wp-content\/uploads\/2025\/07\/Capture-decran-2025-07-31-a-15.22.01-150x150.png","caption":"Erik Dahlgren"},"description":"Erik Dahlgren er en allsidig journalist med base i Oslo, spesialisert p\u00e5 hus, hage og b\u00e6rekraftige boformer. Han kombinerer praktiske guider for byhager og interi\u00f8r med dypere milj\u00f8journalistikk og reportasjer. Med et tilgjengelig, engasjerende spr\u00e5k bidrar han til \u00e5 inspirere b\u00e5de huseiere og milj\u00f8bevisste lesere."}]}},"_links":{"self":[{"href":"https:\/\/nordnesrepublikken.no\/index.php\/wp-json\/wp\/v2\/posts\/9486","targetHints":{"allow":["GET"]}}],"collection":[{"href":"https:\/\/nordnesrepublikken.no\/index.php\/wp-json\/wp\/v2\/posts"}],"about":[{"href":"https:\/\/nordnesrepublikken.no\/index.php\/wp-json\/wp\/v2\/types\/post"}],"author":[{"embeddable":true,"href":"https:\/\/nordnesrepublikken.no\/index.php\/wp-json\/wp\/v2\/users\/4"}],"replies":[{"embeddable":true,"href":"https:\/\/nordnesrepublikken.no\/index.php\/wp-json\/wp\/v2\/comments?post=9486"}],"version-history":[{"count":1,"href":"https:\/\/nordnesrepublikken.no\/index.php\/wp-json\/wp\/v2\/posts\/9486\/revisions"}],"predecessor-version":[{"id":9488,"href":"https:\/\/nordnesrepublikken.no\/index.php\/wp-json\/wp\/v2\/posts\/9486\/revisions\/9488"}],"wp:featuredmedia":[{"embeddable":true,"href":"https:\/\/nordnesrepublikken.no\/index.php\/wp-json\/wp\/v2\/media\/9487"}],"wp:attachment":[{"href":"https:\/\/nordnesrepublikken.no\/index.php\/wp-json\/wp\/v2\/media?parent=9486"}],"wp:term":[{"taxonomy":"category","embeddable":true,"href":"https:\/\/nordnesrepublikken.no\/index.php\/wp-json\/wp\/v2\/categories?post=9486"},{"taxonomy":"post_tag","embeddable":true,"href":"https:\/\/nordnesrepublikken.no\/index.php\/wp-json\/wp\/v2\/tags?post=9486"}],"curies":[{"name":"wp","href":"https:\/\/api.w.org\/{rel}","templated":true}]}}