{"id":9471,"date":"2025-09-12T14:49:31","date_gmt":"2025-09-12T12:49:31","guid":{"rendered":"https:\/\/nordnesrepublikken.no\/index.php\/2025\/09\/12\/fordi-nepal-er-det-eneste-landet-i-verden-som-ikke-har-et-rektangulaert-eller-firkantet-flagg\/"},"modified":"2025-09-12T14:49:34","modified_gmt":"2025-09-12T12:49:34","slug":"fordi-nepal-er-det-eneste-landet-i-verden-som-ikke-har-et-rektangulaert-eller-firkantet-flagg","status":"publish","type":"post","link":"https:\/\/nordnesrepublikken.no\/index.php\/2025\/09\/12\/fordi-nepal-er-det-eneste-landet-i-verden-som-ikke-har-et-rektangulaert-eller-firkantet-flagg\/","title":{"rendered":"Fordi Nepal er det eneste landet i verden som ikke har et rektangul\u00e6rt eller firkantet flagg"},"content":{"rendered":"<div>\n<div class=\"cp_wrapper cp_wrapper--fw mb-30 mb-20@tablet\">\n<figure class=\"mm\"><picture class=\"img\" style=\"padding-top:56.25%\"><source  media=\"(min-width: 1024px)\"><source  media=\"(min-width: 768px)\"><\/source><\/source><\/picture><\/figure>\n<\/p><\/div>\n<p>I disse dager <strong>Nepal<\/strong> Det er i s\u00f8kelyset til de internasjonale mediene p\u00e5 grunn av de enorme lidelsene som er brakt av &laquo;<strong>Generasjonens oppr\u00f8r<\/strong>&laquo;, Hvor tusenvis av unge mennesker tok seg til gatene for \u00e5 motsette seg klager og korrupsjon av den nepalske regjeringen. I de mange tjenestene som oversv\u00f8mte nett- og sosiale nettverk vil du helt sikkert ha tilfeldigvis et nasjonalt flagg med en virkelig enest\u00e5ende form, for ikke \u00e5 si unikt, siden det faktisk er det eneste flagget til planeten en <strong>Ikke har en rektangul\u00e6r form<\/strong> <strong>eller<\/strong> <strong>kvadrat<\/strong>.<\/p>\n<p>Det s\u00e6regne ved Nepal -flagget ligger faktisk i dens sammensatte struktur: dannet av <strong>To trekanter<\/strong> ordnet p\u00e5 hverandre. \u00c5rsaken til denne uvanlige formen? Dette flagget er foreningen av to trekantede flagg knyttet til like mange hjem i <strong>Rana -dynastiet<\/strong> som styrte Nepal mellom midten av 1800 -tallet og midten av 1900 -tallet. Den spesielle komposisjonen er designet for \u00e5 huske <strong>taket av en pagode<\/strong> (dvs. t\u00e5rnet med skjenkende tak som er typisk for \u00d8st -Asia) eller det h\u00f8ye <strong>toppene av Himalaya<\/strong>det ber\u00f8mte fjellsystemet som inkluderer de h\u00f8yeste lettelser av planeten og som opptar de sentrale og nordlige delene av landet.<\/p>\n<div class=\"cp_wrapper cp_wrapper--fw mb-50\">\n<figure class=\"mm\"><picture class=\"img\" style=\"padding-top:119.53125%\"><source  media=\"(min-width: 1024px)\"><source  media=\"(min-width: 768px)\"><img decoding=\"async\" loading=\"lazy\" src=\"https:\/\/nordnesrepublikken.no\/wp-content\/uploads\/2025\/09\/1757681371_166_Fordi-Nepal-er-det-eneste-landet-i-verden-som-ikke.jpg\" alt=\"Nepal Bandiera\" width=\"1024\" height=\"1224\"><\/source><\/source><\/picture><\/figure>\n<\/p><\/div>\n<p>Bakgrunnsfargen er <strong>Crimson<\/strong>den nasjonale fargen p\u00e5 Nepal, mens kanten er i farger <strong>bl\u00e5<\/strong> <strong>m\u00f8rk<\/strong>farge assosiert med fred. De to segmentene av flagget rapporterer imidlertid forskjellige symboler: I den \u00f8vre delen a <strong>Halv hvit m\u00e5ne<\/strong> <strong>som stammer ut \u00e5tte str\u00e5ler<\/strong>; I den nedre, st\u00f8rre i st\u00f8rrelse, a <strong>Sol<\/strong> <strong>p\u00e5 tolv tips<\/strong>.<\/p>\n<p>Begge symbolene er knyttet til familiene til <strong>dynasti<\/strong> <strong>Frosk<\/strong>som styrte landet mellom det 19. og det tjuende \u00e5rhundre, og refererer til gamle religi\u00f8se representasjoner som husker begrepene til <strong>stabilitet<\/strong> Og <strong>kontinuitet<\/strong>i det vanlige at Nepal kan v\u00e6re solid og varig som solen og m\u00e5nen er.<\/p>\n<p>Det moderne nepalske flagget, som i sin forrige versjon brakte over de to symbolene p\u00e5 ansiktene overlapping, ble offisielt adoptert med <strong>Constitution of 1962<\/strong>da froskedynastiet ble veltet og et absolutt monarki som varte til nittitallet av det tjuende \u00e5rhundre ble opprettet.<\/p>\n<\/p><\/div>\n","protected":false},"excerpt":{"rendered":"<p>I disse dager Nepal Det er i s\u00f8kelyset til de internasjonale mediene p\u00e5 grunn av<\/p>\n","protected":false},"author":1,"featured_media":9472,"comment_status":"closed","ping_status":"open","sticky":false,"template":"","format":"standard","meta":{"footnotes":""},"categories":[104],"tags":[66,1156,1923,6205,855,83,179,187,3027,6203,6204,31,598],"class_list":["post-9471","post","type-post","status-publish","format-standard","has-post-thumbnail","hentry","category-samfunn","tag-det","tag-eller","tag-eneste","tag-firkantet","tag-flagg","tag-fordi","tag-har","tag-ikke","tag-landet","tag-nepal","tag-rektangulaert","tag-som","tag-verden","generate-columns","tablet-grid-50","mobile-grid-100","grid-parent","grid-33","resize-featured-image"],"yoast_head":"<!-- This site is optimized with the Yoast SEO plugin v24.4 - https:\/\/yoast.com\/wordpress\/plugins\/seo\/ -->\n<title>Fordi Nepal er det eneste landet i verden som ikke har et rektangul\u00e6rt eller firkantet flagg - Nordnesrepublikken<\/title>\n<meta name=\"robots\" content=\"index, follow, max-snippet:-1, max-image-preview:large, max-video-preview:-1\" \/>\n<link rel=\"canonical\" href=\"https:\/\/nordnesrepublikken.no\/index.php\/2025\/09\/12\/fordi-nepal-er-det-eneste-landet-i-verden-som-ikke-har-et-rektangulaert-eller-firkantet-flagg\/\" \/>\n<meta property=\"og:locale\" content=\"nb_NO\" \/>\n<meta property=\"og:type\" content=\"article\" \/>\n<meta property=\"og:title\" content=\"Fordi Nepal er det eneste landet i verden som ikke har et rektangul\u00e6rt eller firkantet flagg - Nordnesrepublikken\" \/>\n<meta property=\"og:description\" content=\"I disse dager Nepal Det er i s\u00f8kelyset til de internasjonale mediene p\u00e5 grunn av\" \/>\n<meta property=\"og:url\" content=\"https:\/\/nordnesrepublikken.no\/index.php\/2025\/09\/12\/fordi-nepal-er-det-eneste-landet-i-verden-som-ikke-har-et-rektangulaert-eller-firkantet-flagg\/\" \/>\n<meta property=\"og:site_name\" content=\"Nordnesrepublikken\" \/>\n<meta property=\"article:published_time\" content=\"2025-09-12T12:49:31+00:00\" \/>\n<meta property=\"article:modified_time\" content=\"2025-09-12T12:49:34+00:00\" \/>\n<meta property=\"og:image\" content=\"https:\/\/nordnesrepublikken.no\/wp-content\/uploads\/2025\/09\/1757681371_Fordi-Nepal-er-det-eneste-landet-i-verden-som-ikke.jpg\" \/>\n\t<meta property=\"og:image:width\" content=\"2121\" \/>\n\t<meta property=\"og:image:height\" content=\"1414\" \/>\n\t<meta property=\"og:image:type\" content=\"image\/jpeg\" \/>\n<meta name=\"author\" content=\"Ole Andersen\" \/>\n<meta name=\"twitter:card\" content=\"summary_large_image\" \/>\n<meta name=\"twitter:label1\" content=\"Skrevet av\" \/>\n\t<meta name=\"twitter:data1\" content=\"Ole Andersen\" \/>\n\t<meta name=\"twitter:label2\" content=\"Ansl. lesetid\" \/>\n\t<meta name=\"twitter:data2\" content=\"2 minutter\" \/>\n<script type=\"application\/ld+json\" class=\"yoast-schema-graph\">{\"@context\":\"https:\/\/schema.org\",\"@graph\":[{\"@type\":\"Article\",\"@id\":\"https:\/\/nordnesrepublikken.no\/index.php\/2025\/09\/12\/fordi-nepal-er-det-eneste-landet-i-verden-som-ikke-har-et-rektangulaert-eller-firkantet-flagg\/#article\",\"isPartOf\":{\"@id\":\"https:\/\/nordnesrepublikken.no\/index.php\/2025\/09\/12\/fordi-nepal-er-det-eneste-landet-i-verden-som-ikke-har-et-rektangulaert-eller-firkantet-flagg\/\"},\"author\":{\"name\":\"Ole Andersen\",\"@id\":\"https:\/\/nordnesrepublikken.no\/#\/schema\/person\/2e7e81935bab77882fffb79296240ff1\"},\"headline\":\"Fordi Nepal er det eneste landet i verden som ikke har et rektangul\u00e6rt eller firkantet flagg\",\"datePublished\":\"2025-09-12T12:49:31+00:00\",\"dateModified\":\"2025-09-12T12:49:34+00:00\",\"mainEntityOfPage\":{\"@id\":\"https:\/\/nordnesrepublikken.no\/index.php\/2025\/09\/12\/fordi-nepal-er-det-eneste-landet-i-verden-som-ikke-har-et-rektangulaert-eller-firkantet-flagg\/\"},\"wordCount\":355,\"publisher\":{\"@id\":\"https:\/\/nordnesrepublikken.no\/#organization\"},\"image\":{\"@id\":\"https:\/\/nordnesrepublikken.no\/index.php\/2025\/09\/12\/fordi-nepal-er-det-eneste-landet-i-verden-som-ikke-har-et-rektangulaert-eller-firkantet-flagg\/#primaryimage\"},\"thumbnailUrl\":\"https:\/\/nordnesrepublikken.no\/wp-content\/uploads\/2025\/09\/1757681371_Fordi-Nepal-er-det-eneste-landet-i-verden-som-ikke.jpg\",\"keywords\":[\"Det\",\"eller\",\"eneste\",\"firkantet\",\"flagg\",\"Fordi\",\"har\",\"ikke\",\"Landet\",\"Nepal\",\"rektangul\u00e6rt\",\"som\",\"verden\"],\"articleSection\":[\"Samfunn\"],\"inLanguage\":\"nb-NO\"},{\"@type\":\"WebPage\",\"@id\":\"https:\/\/nordnesrepublikken.no\/index.php\/2025\/09\/12\/fordi-nepal-er-det-eneste-landet-i-verden-som-ikke-har-et-rektangulaert-eller-firkantet-flagg\/\",\"url\":\"https:\/\/nordnesrepublikken.no\/index.php\/2025\/09\/12\/fordi-nepal-er-det-eneste-landet-i-verden-som-ikke-har-et-rektangulaert-eller-firkantet-flagg\/\",\"name\":\"Fordi Nepal er det eneste landet i verden som ikke har et rektangul\u00e6rt eller firkantet flagg - Nordnesrepublikken\",\"isPartOf\":{\"@id\":\"https:\/\/nordnesrepublikken.no\/#website\"},\"primaryImageOfPage\":{\"@id\":\"https:\/\/nordnesrepublikken.no\/index.php\/2025\/09\/12\/fordi-nepal-er-det-eneste-landet-i-verden-som-ikke-har-et-rektangulaert-eller-firkantet-flagg\/#primaryimage\"},\"image\":{\"@id\":\"https:\/\/nordnesrepublikken.no\/index.php\/2025\/09\/12\/fordi-nepal-er-det-eneste-landet-i-verden-som-ikke-har-et-rektangulaert-eller-firkantet-flagg\/#primaryimage\"},\"thumbnailUrl\":\"https:\/\/nordnesrepublikken.no\/wp-content\/uploads\/2025\/09\/1757681371_Fordi-Nepal-er-det-eneste-landet-i-verden-som-ikke.jpg\",\"datePublished\":\"2025-09-12T12:49:31+00:00\",\"dateModified\":\"2025-09-12T12:49:34+00:00\",\"breadcrumb\":{\"@id\":\"https:\/\/nordnesrepublikken.no\/index.php\/2025\/09\/12\/fordi-nepal-er-det-eneste-landet-i-verden-som-ikke-har-et-rektangulaert-eller-firkantet-flagg\/#breadcrumb\"},\"inLanguage\":\"nb-NO\",\"potentialAction\":[{\"@type\":\"ReadAction\",\"target\":[\"https:\/\/nordnesrepublikken.no\/index.php\/2025\/09\/12\/fordi-nepal-er-det-eneste-landet-i-verden-som-ikke-har-et-rektangulaert-eller-firkantet-flagg\/\"]}]},{\"@type\":\"ImageObject\",\"inLanguage\":\"nb-NO\",\"@id\":\"https:\/\/nordnesrepublikken.no\/index.php\/2025\/09\/12\/fordi-nepal-er-det-eneste-landet-i-verden-som-ikke-har-et-rektangulaert-eller-firkantet-flagg\/#primaryimage\",\"url\":\"https:\/\/nordnesrepublikken.no\/wp-content\/uploads\/2025\/09\/1757681371_Fordi-Nepal-er-det-eneste-landet-i-verden-som-ikke.jpg\",\"contentUrl\":\"https:\/\/nordnesrepublikken.no\/wp-content\/uploads\/2025\/09\/1757681371_Fordi-Nepal-er-det-eneste-landet-i-verden-som-ikke.jpg\",\"width\":2121,\"height\":1414,\"caption\":\"bandiera nepal\"},{\"@type\":\"BreadcrumbList\",\"@id\":\"https:\/\/nordnesrepublikken.no\/index.php\/2025\/09\/12\/fordi-nepal-er-det-eneste-landet-i-verden-som-ikke-har-et-rektangulaert-eller-firkantet-flagg\/#breadcrumb\",\"itemListElement\":[{\"@type\":\"ListItem\",\"position\":1,\"name\":\"Home\",\"item\":\"https:\/\/nordnesrepublikken.no\/\"},{\"@type\":\"ListItem\",\"position\":2,\"name\":\"Fordi Nepal er det eneste landet i verden som ikke har et rektangul\u00e6rt eller firkantet flagg\"}]},{\"@type\":\"WebSite\",\"@id\":\"https:\/\/nordnesrepublikken.no\/#website\",\"url\":\"https:\/\/nordnesrepublikken.no\/\",\"name\":\"Nordnesrepublikken\",\"description\":\"Stemmer og Visjoner fra Republikkens Hjerte\",\"publisher\":{\"@id\":\"https:\/\/nordnesrepublikken.no\/#organization\"},\"potentialAction\":[{\"@type\":\"SearchAction\",\"target\":{\"@type\":\"EntryPoint\",\"urlTemplate\":\"https:\/\/nordnesrepublikken.no\/?s={search_term_string}\"},\"query-input\":{\"@type\":\"PropertyValueSpecification\",\"valueRequired\":true,\"valueName\":\"search_term_string\"}}],\"inLanguage\":\"nb-NO\"},{\"@type\":\"Organization\",\"@id\":\"https:\/\/nordnesrepublikken.no\/#organization\",\"name\":\"Nordnesrepublikken\",\"url\":\"https:\/\/nordnesrepublikken.no\/\",\"logo\":{\"@type\":\"ImageObject\",\"inLanguage\":\"nb-NO\",\"@id\":\"https:\/\/nordnesrepublikken.no\/#\/schema\/logo\/image\/\",\"url\":\"https:\/\/nordnesrepublikken.no\/wp-content\/uploads\/2025\/02\/cropped-nordnesrepublikken-2.png\",\"contentUrl\":\"https:\/\/nordnesrepublikken.no\/wp-content\/uploads\/2025\/02\/cropped-nordnesrepublikken-2.png\",\"width\":1248,\"height\":362,\"caption\":\"Nordnesrepublikken\"},\"image\":{\"@id\":\"https:\/\/nordnesrepublikken.no\/#\/schema\/logo\/image\/\"}},{\"@type\":\"Person\",\"@id\":\"https:\/\/nordnesrepublikken.no\/#\/schema\/person\/2e7e81935bab77882fffb79296240ff1\",\"name\":\"Ole Andersen\",\"image\":{\"@type\":\"ImageObject\",\"inLanguage\":\"nb-NO\",\"@id\":\"https:\/\/nordnesrepublikken.no\/#\/schema\/person\/image\/\",\"url\":\"https:\/\/nordnesrepublikken.no\/wp-content\/uploads\/2025\/02\/nordnesrepublikken-2-2-150x150.jpg\",\"contentUrl\":\"https:\/\/nordnesrepublikken.no\/wp-content\/uploads\/2025\/02\/nordnesrepublikken-2-2-150x150.jpg\",\"caption\":\"Ole Andersen\"},\"description\":\"Ettersom jeg vokste opp i Oslo, har jeg alltid v\u00e6rt fascinert av ordenes kraft og deres evne til \u00e5 skape endringer. Etter \u00e5 ha fullf\u00f8rt min utdannelse i kommunikasjon ved Universitetet i Bergen, fikk jeg muligheten til \u00e5 jobbe innen ulike medier, der jeg har s\u00f8kt \u00e5 belyse viktige samfunnssp\u00f8rsm\u00e5l. I dag, som redakt\u00f8r for Nordnesrepublikken, pr\u00f8ver jeg \u00e5 forene min kj\u00e6rlighet for journalistikk med min lidenskap for innovasjon og eventyr.\",\"sameAs\":[\"https:\/\/nordnesrepublikken.no\/\"]}]}<\/script>\n<!-- \/ Yoast SEO plugin. -->","yoast_head_json":{"title":"Fordi Nepal er det eneste landet i verden som ikke har et rektangul\u00e6rt eller firkantet flagg - Nordnesrepublikken","robots":{"index":"index","follow":"follow","max-snippet":"max-snippet:-1","max-image-preview":"max-image-preview:large","max-video-preview":"max-video-preview:-1"},"canonical":"https:\/\/nordnesrepublikken.no\/index.php\/2025\/09\/12\/fordi-nepal-er-det-eneste-landet-i-verden-som-ikke-har-et-rektangulaert-eller-firkantet-flagg\/","og_locale":"nb_NO","og_type":"article","og_title":"Fordi Nepal er det eneste landet i verden som ikke har et rektangul\u00e6rt eller firkantet flagg - Nordnesrepublikken","og_description":"I disse dager Nepal Det er i s\u00f8kelyset til de internasjonale mediene p\u00e5 grunn av","og_url":"https:\/\/nordnesrepublikken.no\/index.php\/2025\/09\/12\/fordi-nepal-er-det-eneste-landet-i-verden-som-ikke-har-et-rektangulaert-eller-firkantet-flagg\/","og_site_name":"Nordnesrepublikken","article_published_time":"2025-09-12T12:49:31+00:00","article_modified_time":"2025-09-12T12:49:34+00:00","og_image":[{"width":2121,"height":1414,"url":"https:\/\/nordnesrepublikken.no\/wp-content\/uploads\/2025\/09\/1757681371_Fordi-Nepal-er-det-eneste-landet-i-verden-som-ikke.jpg","type":"image\/jpeg"}],"author":"Ole Andersen","twitter_card":"summary_large_image","twitter_misc":{"Skrevet av":"Ole Andersen","Ansl. lesetid":"2 minutter"},"schema":{"@context":"https:\/\/schema.org","@graph":[{"@type":"Article","@id":"https:\/\/nordnesrepublikken.no\/index.php\/2025\/09\/12\/fordi-nepal-er-det-eneste-landet-i-verden-som-ikke-har-et-rektangulaert-eller-firkantet-flagg\/#article","isPartOf":{"@id":"https:\/\/nordnesrepublikken.no\/index.php\/2025\/09\/12\/fordi-nepal-er-det-eneste-landet-i-verden-som-ikke-har-et-rektangulaert-eller-firkantet-flagg\/"},"author":{"name":"Ole Andersen","@id":"https:\/\/nordnesrepublikken.no\/#\/schema\/person\/2e7e81935bab77882fffb79296240ff1"},"headline":"Fordi Nepal er det eneste landet i verden som ikke har et rektangul\u00e6rt eller firkantet flagg","datePublished":"2025-09-12T12:49:31+00:00","dateModified":"2025-09-12T12:49:34+00:00","mainEntityOfPage":{"@id":"https:\/\/nordnesrepublikken.no\/index.php\/2025\/09\/12\/fordi-nepal-er-det-eneste-landet-i-verden-som-ikke-har-et-rektangulaert-eller-firkantet-flagg\/"},"wordCount":355,"publisher":{"@id":"https:\/\/nordnesrepublikken.no\/#organization"},"image":{"@id":"https:\/\/nordnesrepublikken.no\/index.php\/2025\/09\/12\/fordi-nepal-er-det-eneste-landet-i-verden-som-ikke-har-et-rektangulaert-eller-firkantet-flagg\/#primaryimage"},"thumbnailUrl":"https:\/\/nordnesrepublikken.no\/wp-content\/uploads\/2025\/09\/1757681371_Fordi-Nepal-er-det-eneste-landet-i-verden-som-ikke.jpg","keywords":["Det","eller","eneste","firkantet","flagg","Fordi","har","ikke","Landet","Nepal","rektangul\u00e6rt","som","verden"],"articleSection":["Samfunn"],"inLanguage":"nb-NO"},{"@type":"WebPage","@id":"https:\/\/nordnesrepublikken.no\/index.php\/2025\/09\/12\/fordi-nepal-er-det-eneste-landet-i-verden-som-ikke-har-et-rektangulaert-eller-firkantet-flagg\/","url":"https:\/\/nordnesrepublikken.no\/index.php\/2025\/09\/12\/fordi-nepal-er-det-eneste-landet-i-verden-som-ikke-har-et-rektangulaert-eller-firkantet-flagg\/","name":"Fordi Nepal er det eneste landet i verden som ikke har et rektangul\u00e6rt eller firkantet flagg - Nordnesrepublikken","isPartOf":{"@id":"https:\/\/nordnesrepublikken.no\/#website"},"primaryImageOfPage":{"@id":"https:\/\/nordnesrepublikken.no\/index.php\/2025\/09\/12\/fordi-nepal-er-det-eneste-landet-i-verden-som-ikke-har-et-rektangulaert-eller-firkantet-flagg\/#primaryimage"},"image":{"@id":"https:\/\/nordnesrepublikken.no\/index.php\/2025\/09\/12\/fordi-nepal-er-det-eneste-landet-i-verden-som-ikke-har-et-rektangulaert-eller-firkantet-flagg\/#primaryimage"},"thumbnailUrl":"https:\/\/nordnesrepublikken.no\/wp-content\/uploads\/2025\/09\/1757681371_Fordi-Nepal-er-det-eneste-landet-i-verden-som-ikke.jpg","datePublished":"2025-09-12T12:49:31+00:00","dateModified":"2025-09-12T12:49:34+00:00","breadcrumb":{"@id":"https:\/\/nordnesrepublikken.no\/index.php\/2025\/09\/12\/fordi-nepal-er-det-eneste-landet-i-verden-som-ikke-har-et-rektangulaert-eller-firkantet-flagg\/#breadcrumb"},"inLanguage":"nb-NO","potentialAction":[{"@type":"ReadAction","target":["https:\/\/nordnesrepublikken.no\/index.php\/2025\/09\/12\/fordi-nepal-er-det-eneste-landet-i-verden-som-ikke-har-et-rektangulaert-eller-firkantet-flagg\/"]}]},{"@type":"ImageObject","inLanguage":"nb-NO","@id":"https:\/\/nordnesrepublikken.no\/index.php\/2025\/09\/12\/fordi-nepal-er-det-eneste-landet-i-verden-som-ikke-har-et-rektangulaert-eller-firkantet-flagg\/#primaryimage","url":"https:\/\/nordnesrepublikken.no\/wp-content\/uploads\/2025\/09\/1757681371_Fordi-Nepal-er-det-eneste-landet-i-verden-som-ikke.jpg","contentUrl":"https:\/\/nordnesrepublikken.no\/wp-content\/uploads\/2025\/09\/1757681371_Fordi-Nepal-er-det-eneste-landet-i-verden-som-ikke.jpg","width":2121,"height":1414,"caption":"bandiera nepal"},{"@type":"BreadcrumbList","@id":"https:\/\/nordnesrepublikken.no\/index.php\/2025\/09\/12\/fordi-nepal-er-det-eneste-landet-i-verden-som-ikke-har-et-rektangulaert-eller-firkantet-flagg\/#breadcrumb","itemListElement":[{"@type":"ListItem","position":1,"name":"Home","item":"https:\/\/nordnesrepublikken.no\/"},{"@type":"ListItem","position":2,"name":"Fordi Nepal er det eneste landet i verden som ikke har et rektangul\u00e6rt eller firkantet flagg"}]},{"@type":"WebSite","@id":"https:\/\/nordnesrepublikken.no\/#website","url":"https:\/\/nordnesrepublikken.no\/","name":"Nordnesrepublikken","description":"Stemmer og Visjoner fra Republikkens Hjerte","publisher":{"@id":"https:\/\/nordnesrepublikken.no\/#organization"},"potentialAction":[{"@type":"SearchAction","target":{"@type":"EntryPoint","urlTemplate":"https:\/\/nordnesrepublikken.no\/?s={search_term_string}"},"query-input":{"@type":"PropertyValueSpecification","valueRequired":true,"valueName":"search_term_string"}}],"inLanguage":"nb-NO"},{"@type":"Organization","@id":"https:\/\/nordnesrepublikken.no\/#organization","name":"Nordnesrepublikken","url":"https:\/\/nordnesrepublikken.no\/","logo":{"@type":"ImageObject","inLanguage":"nb-NO","@id":"https:\/\/nordnesrepublikken.no\/#\/schema\/logo\/image\/","url":"https:\/\/nordnesrepublikken.no\/wp-content\/uploads\/2025\/02\/cropped-nordnesrepublikken-2.png","contentUrl":"https:\/\/nordnesrepublikken.no\/wp-content\/uploads\/2025\/02\/cropped-nordnesrepublikken-2.png","width":1248,"height":362,"caption":"Nordnesrepublikken"},"image":{"@id":"https:\/\/nordnesrepublikken.no\/#\/schema\/logo\/image\/"}},{"@type":"Person","@id":"https:\/\/nordnesrepublikken.no\/#\/schema\/person\/2e7e81935bab77882fffb79296240ff1","name":"Ole Andersen","image":{"@type":"ImageObject","inLanguage":"nb-NO","@id":"https:\/\/nordnesrepublikken.no\/#\/schema\/person\/image\/","url":"https:\/\/nordnesrepublikken.no\/wp-content\/uploads\/2025\/02\/nordnesrepublikken-2-2-150x150.jpg","contentUrl":"https:\/\/nordnesrepublikken.no\/wp-content\/uploads\/2025\/02\/nordnesrepublikken-2-2-150x150.jpg","caption":"Ole Andersen"},"description":"Ettersom jeg vokste opp i Oslo, har jeg alltid v\u00e6rt fascinert av ordenes kraft og deres evne til \u00e5 skape endringer. Etter \u00e5 ha fullf\u00f8rt min utdannelse i kommunikasjon ved Universitetet i Bergen, fikk jeg muligheten til \u00e5 jobbe innen ulike medier, der jeg har s\u00f8kt \u00e5 belyse viktige samfunnssp\u00f8rsm\u00e5l. I dag, som redakt\u00f8r for Nordnesrepublikken, pr\u00f8ver jeg \u00e5 forene min kj\u00e6rlighet for journalistikk med min lidenskap for innovasjon og eventyr.","sameAs":["https:\/\/nordnesrepublikken.no\/"]}]}},"_links":{"self":[{"href":"https:\/\/nordnesrepublikken.no\/index.php\/wp-json\/wp\/v2\/posts\/9471","targetHints":{"allow":["GET"]}}],"collection":[{"href":"https:\/\/nordnesrepublikken.no\/index.php\/wp-json\/wp\/v2\/posts"}],"about":[{"href":"https:\/\/nordnesrepublikken.no\/index.php\/wp-json\/wp\/v2\/types\/post"}],"author":[{"embeddable":true,"href":"https:\/\/nordnesrepublikken.no\/index.php\/wp-json\/wp\/v2\/users\/1"}],"replies":[{"embeddable":true,"href":"https:\/\/nordnesrepublikken.no\/index.php\/wp-json\/wp\/v2\/comments?post=9471"}],"version-history":[{"count":1,"href":"https:\/\/nordnesrepublikken.no\/index.php\/wp-json\/wp\/v2\/posts\/9471\/revisions"}],"predecessor-version":[{"id":9473,"href":"https:\/\/nordnesrepublikken.no\/index.php\/wp-json\/wp\/v2\/posts\/9471\/revisions\/9473"}],"wp:featuredmedia":[{"embeddable":true,"href":"https:\/\/nordnesrepublikken.no\/index.php\/wp-json\/wp\/v2\/media\/9472"}],"wp:attachment":[{"href":"https:\/\/nordnesrepublikken.no\/index.php\/wp-json\/wp\/v2\/media?parent=9471"}],"wp:term":[{"taxonomy":"category","embeddable":true,"href":"https:\/\/nordnesrepublikken.no\/index.php\/wp-json\/wp\/v2\/categories?post=9471"},{"taxonomy":"post_tag","embeddable":true,"href":"https:\/\/nordnesrepublikken.no\/index.php\/wp-json\/wp\/v2\/tags?post=9471"}],"curies":[{"name":"wp","href":"https:\/\/api.w.org\/{rel}","templated":true}]}}