{"id":9438,"date":"2025-09-11T17:50:14","date_gmt":"2025-09-11T15:50:14","guid":{"rendered":"https:\/\/nordnesrepublikken.no\/index.php\/2025\/09\/11\/hvem-er-larry-ellison-og-hvordan-den-rikeste-mannen-i-verden-har-blitt-med-oracle\/"},"modified":"2025-09-11T17:50:15","modified_gmt":"2025-09-11T15:50:15","slug":"hvem-er-larry-ellison-og-hvordan-den-rikeste-mannen-i-verden-har-blitt-med-oracle","status":"publish","type":"post","link":"https:\/\/nordnesrepublikken.no\/index.php\/2025\/09\/11\/hvem-er-larry-ellison-og-hvordan-den-rikeste-mannen-i-verden-har-blitt-med-oracle\/","title":{"rendered":"Hvem er Larry Ellison og hvordan den rikeste mannen i verden har blitt med Oracle"},"content":{"rendered":"<div>\n<div class=\"cp_wrapper cp_wrapper--fw mb-30 mb-20@tablet\">\n<figure class=\"mm\"><picture class=\"img\" style=\"padding-top:56.25%\"><source  media=\"(min-width: 1024px)\"><source  media=\"(min-width: 768px)\"><\/source><\/source><\/picture><\/figure>\n<\/p><\/div>\n<p><strong>Larry Ellison<\/strong> Det har blitt den<strong>rikeste mann i verden<\/strong>selv om bare for en dag: <strong>Elon Musk<\/strong> Det har bevist det ved \u00e5 overvinne en milliard ellison. Formuen til den 81 -\u00e5rlige ber\u00f8rte h\u00f8yden <strong>393 milliarder dollar <\/strong>10. september 2025, takket v\u00e6re en <strong>Historisk sprang av Oracle&#8217;s handlinger<\/strong>selskapet som han selv grunnla for nesten femti \u00e5r siden, og registrerte en \u00f8kning i<strong> over 100 milliarder <\/strong>p\u00e5 mindre enn 24 timer. En b\u00f8lget presset av avtalen med <strong>Openai<\/strong>som bekrefter den stadig mer sentrale rollen til Oracle i sektoren av<strong>Kunstig intelligens<\/strong> og av <strong>Datah\u00e5ndtering<\/strong>. For \u00e5 forst\u00e5 hvordan et barn f\u00f8dt i New York i 1944 kom til \u00e5 dominere Wall Street og det teknologiske markedet, er det n\u00f8dvendig \u00e5 spede en del av livet hans, en vei laget av intuisjoner, risikoer, ekstralaviske lidenskaper og de seks mislykkede bryllupene: alle ting som gjorde ham til en av de mest kontroversielle og innflytelsesrike karakterene i Silicon Valley. I l\u00f8pet av artikkelen vil vi ikke bare se hans gr\u00fcnderoppstigning, men ogs\u00e5 hans forhold til politikk, hans personlige investeringer og den menneskelige siden av en mann som, 81 \u00e5r gammel, fortsetter \u00e5 spille en ledende rolle.<\/p>\n<h2>Hvem er Larry Ellison<\/h2>\n<p><strong>Lawrence Joseph Ellison<\/strong>dette er hans fulle navn, <strong>17. august 1944<\/strong> I <strong>Bronx<\/strong> til <strong>New York<\/strong>. Larry hadde ikke en enkel barndom. Hans biologiske mor, <strong>Florence Spellman<\/strong>Han var en 19 \u00e5r gammel jente, mens faren var en amerikansk flyger av italiensk opprinnelse, tilbake fra andre verdenskrig. Ikke \u00e5 kunne beholde ham, etter bare ni m\u00e5neder bestemte moren seg for \u00e5 overlate ham til s\u00f8steren sin <strong>Lillian<\/strong> og mannen hennes <strong>Louis Ellison<\/strong>som bodde i Chicago. Bare fra sistnevnte tok Larry p\u00e5 seg etternavnet som gjorde ham ber\u00f8mt.<\/p>\n<p>Ellison ble oppvokst i en liten leilighet i South Shore-distriktet, i et omr\u00e5de bebodd av middelbassaen, og utviklet en sterk kobling med adoptivmoren, mens forholdet til faren var mer sammensatt: mannen var alvorlig og kalte ham ofte en &laquo;god god&raquo;. Til tross for en god prestasjon p\u00e5 skolen, viste Larry liten interesse for akademiske regler og endte opp med \u00e5 forlate sine universitetsstudier to ganger: f\u00f8rst ved University of Illinois og deretter i Chicago, ogs\u00e5 p\u00e5 grunn av d\u00f8dsfallet til adoptivmoren. Det vil v\u00e6re i den perioden han m\u00f8tte <strong>Chuck Weiss<\/strong>venn bestemt for <strong>\u00e5 introdusere den for verden og deretter fremvoksende informasjonsteknologi<\/strong>. I alt dette vil det bare v\u00e6re 48 at Larry vil m\u00f8te den biologiske moren for f\u00f8rste gang.<\/p>\n<p>Larrys personlige feilopplevelser endte ikke med sin opprinnelsesfamilie, gitt hans sentimentale liv til \u00e5 si det minst begivenhetsrike, som s\u00e5 Ellison samle <strong>Seks bryllup<\/strong>. Hans f\u00f8rste union stammer tilbake til <strong>1967<\/strong> med <strong>Adda Quinn<\/strong>fulgt inn <strong>1977<\/strong> fra et veldig kort bryllup (bare ett \u00e5r) med <strong>Nancy Wheeler Jenkins<\/strong>. I <strong>1983<\/strong> stallkar <strong>Barbara Boothe<\/strong>tidligere resepsjonist, fra hvem han hadde to barn: <strong>Megan<\/strong>i dag en filmprodusent med sin <em>Annapurno Pictures<\/em>Og <strong>David<\/strong>grunnlegger av <em>Skydance Productions<\/em>bli over tid <em>Skydance Media<\/em>. I <strong>2003<\/strong> Han giftet seg med forfatteren <strong>Melanie Craft<\/strong>i et ekteskap ud\u00f8deliggjort ingen ringere enn fra<strong> Steve Jobs<\/strong>: Apple-medgr\u00fcnderen var faktisk en stor venn av Ellison, og ved den anledningen fungerte han som en eksepsjonell fotograf. I de f\u00f8lgende \u00e5rene hadde han et langt forhold til den ukrainske skuespilleren og modellen <strong>Nikita Kahn<\/strong>som han giftet seg med i <strong>2010<\/strong>. Til slutt, in <strong>2024<\/strong>allerede \u00e5tti \u00e5r gammel, Ellison ble med i ekteskap med <strong>Jolin<\/strong> (f\u00f8dt <strong>Zhu<\/strong>), kjent i tiden da hun var student ved University of Michigan.<\/p>\n<h2>F\u00f8dselen av Oracle<\/h2>\n<p>Gitt Ellisons kj\u00e6rlighetsvansker, er det ikke en overdrivelse \u00e5 si at hans mest varige kj\u00e6rlighet var den for <strong>Oracle<\/strong>: Selskapet som gjorde det ber\u00f8mt. P\u00e5 70 -tallet hadde Ellison forskjellige erfaringer i teknologiske selskaper som <strong>Amdahl<\/strong> Og <strong>Ampex<\/strong>. Det var nettopp for \u00e5 AMPEX at han jobbet med en database bestilt av <strong>CIA<\/strong>et prosjekt som tok navnet til <strong>&laquo;Oracle&raquo;<\/strong>. Den grunnleggende ideen var inspirert av teoriene om Edgar F. CODS p\u00e5 relasjonsdatabaser, dvs. systemer som er i stand til \u00e5 organisere store mengder data i tabeller koblet til hverandre, forenkle tilgang og analyse av informasjon. I <strong>1977<\/strong> Ellison investerte <strong>1200 dollar<\/strong> egen, sammen med to andre medlemmer (<strong>Bob Miner<\/strong> Og <strong>Og Oates<\/strong>), for \u00e5 finne <strong>Programvareutviklingslaboratorier<\/strong>. Etter en f\u00f8rste fase med omorganisering, endret selskapet navnet flere ganger til det blir, i <strong>1982<\/strong>, <strong>Oracle Systems Corporation<\/strong>. Seks \u00e5r etter at grunnlaget hans da debuterte Oracle.<\/p>\n<p>Oracle&#8217;s vekst var ikke line\u00e6r. Bare tenk det inn <strong>1990<\/strong> selskapet <strong>Han avskjediget omtrent 10% av arbeidsstyrken<\/strong> P\u00e5 grunn av en kommersiell strategi definert som upfransk: Selgerne presset kundene til \u00e5 kj\u00f8pe store volum lisenser p\u00e5 forh\u00e5nd, og bl\u00e5se opp antall kvartaler, men genererte alvorlige problemer n\u00e5r salget ikke ble realisert. Ellison kalte selv den episoden A &laquo;<em>Utrolig forretningsfeil<\/em>\u00bb. Siden den gang, til tross for alternative faser, har en avgj\u00f8rende akt\u00f8r holdt seg i programvaren og tjenestene for bedrifter. I dag blir dets datasentre bedt om av virkeligheten som Openai og Nvidia.<\/p>\n<p>For tiden, <strong>Ellison har omtrent 40% av Oracle<\/strong>del som multipliserte eiendelene under det siste l\u00f8pet til kunstig intelligens. N\u00e5r<strong> 10. september 2025<\/strong> Selskapets aksjer har vokst opp med <strong>Over 40% p\u00e5 en dag<\/strong>hans personlige rikdom registrerte en<strong> \u00f8kning p\u00e5 over 100 milliarder mindre enn 24 timer<\/strong>: En begivenhet nesten enest\u00e5ende!<\/p>\n<p>Ellison var <strong>Administrerende direkt\u00f8r<\/strong> av Oracle opp til <strong>2014<\/strong>da han bestemte seg for \u00e5 gi vitnet for \u00e5 bli skj\u00f8nt <strong>ut\u00f8vende president <\/strong>Og<strong> Teknisk direkt\u00f8r<\/strong>to roller som fremdeles dekker i dag. Hans evne til \u00e5 fokusere p\u00e5 cloud computing &#8211; en modell der digitale tjenester leveres via Internett i stedet for gjennom lokale infrastrukturer &#8211; og p\u00e5 infrastrukturene som er n\u00f8dvendige for AI, har vist seg \u00e5 v\u00e6re avgj\u00f8rende for \u00e5 holde det konkurrerende Oracle foran Microsoft og Amazon Giants.<\/p>\n<h2>De andre lidenskapene til Ellison<\/h2>\n<p>I tillegg til virksomheten, har Ellison bygget et personlig imperium. I <strong>2012<\/strong> ha <strong>Kj\u00f8pte 98% av Hawaiian Island of Lanai for 300 millioner dollar<\/strong>transformere det til et slags privat b\u00e6rekraftslaboratorium. Det er ogs\u00e5 en <strong>Lidenskapelig sj\u00f8mann<\/strong>: med Oracle -teamet <strong>vant <\/strong>de<strong>America&#8217;s Cup <\/strong>I <strong>2013 <\/strong>og inn <strong>2018 <\/strong>har grunnlagt <strong>SAILGP<\/strong>International League of High -Speed \u200b\u200bCatamarans. Blant hobbyene er det ogs\u00e5 <strong>tennis<\/strong> (eier turneringen av <strong>Indiske br\u00f8nner<\/strong>kjent som &laquo;Quinto Slam&raquo;) og <strong>fly<\/strong> (Den har pilotpatentet og har flere private jetfly).<\/p>\n<\/p><\/div>\n","protected":false},"excerpt":{"rendered":"<p>Larry Ellison Det har blitt denrikeste mann i verdenselv om bare for en dag: Elon<\/p>\n","protected":false},"author":1,"featured_media":9439,"comment_status":"closed","ping_status":"open","sticky":false,"template":"","format":"standard","meta":{"footnotes":""},"categories":[104],"tags":[2681,74,6185,179,99,112,6184,978,79,6187,6186,598],"class_list":["post-9438","post","type-post","status-publish","format-standard","has-post-thumbnail","hentry","category-samfunn","tag-blitt","tag-den","tag-ellison","tag-har","tag-hvem","tag-hvordan","tag-larry","tag-mannen","tag-med","tag-oracle","tag-rikeste","tag-verden","generate-columns","tablet-grid-50","mobile-grid-100","grid-parent","grid-33","resize-featured-image"],"yoast_head":"<!-- This site is optimized with the Yoast SEO plugin v24.4 - https:\/\/yoast.com\/wordpress\/plugins\/seo\/ -->\n<title>Hvem er Larry Ellison og hvordan den rikeste mannen i verden har blitt med Oracle - Nordnesrepublikken<\/title>\n<meta name=\"robots\" content=\"index, follow, max-snippet:-1, max-image-preview:large, max-video-preview:-1\" \/>\n<link rel=\"canonical\" href=\"https:\/\/nordnesrepublikken.no\/index.php\/2025\/09\/11\/hvem-er-larry-ellison-og-hvordan-den-rikeste-mannen-i-verden-har-blitt-med-oracle\/\" \/>\n<meta property=\"og:locale\" content=\"nb_NO\" \/>\n<meta property=\"og:type\" content=\"article\" \/>\n<meta property=\"og:title\" content=\"Hvem er Larry Ellison og hvordan den rikeste mannen i verden har blitt med Oracle - Nordnesrepublikken\" \/>\n<meta property=\"og:description\" content=\"Larry Ellison Det har blitt denrikeste mann i verdenselv om bare for en dag: Elon\" \/>\n<meta property=\"og:url\" content=\"https:\/\/nordnesrepublikken.no\/index.php\/2025\/09\/11\/hvem-er-larry-ellison-og-hvordan-den-rikeste-mannen-i-verden-har-blitt-med-oracle\/\" \/>\n<meta property=\"og:site_name\" content=\"Nordnesrepublikken\" \/>\n<meta property=\"article:published_time\" content=\"2025-09-11T15:50:14+00:00\" \/>\n<meta property=\"article:modified_time\" content=\"2025-09-11T15:50:15+00:00\" \/>\n<meta property=\"og:image\" content=\"https:\/\/nordnesrepublikken.no\/wp-content\/uploads\/2025\/09\/1757605815_Hvem-er-Larry-Ellison-og-hvordan-den-rikeste-mannen-i.jpg\" \/>\n\t<meta property=\"og:image:width\" content=\"1200\" \/>\n\t<meta property=\"og:image:height\" content=\"700\" \/>\n\t<meta property=\"og:image:type\" content=\"image\/jpeg\" \/>\n<meta name=\"author\" content=\"Ole Andersen\" \/>\n<meta name=\"twitter:card\" content=\"summary_large_image\" \/>\n<meta name=\"twitter:label1\" content=\"Skrevet av\" \/>\n\t<meta name=\"twitter:data1\" content=\"Ole Andersen\" \/>\n\t<meta name=\"twitter:label2\" content=\"Ansl. lesetid\" \/>\n\t<meta name=\"twitter:data2\" content=\"5 minutter\" \/>\n<script type=\"application\/ld+json\" class=\"yoast-schema-graph\">{\"@context\":\"https:\/\/schema.org\",\"@graph\":[{\"@type\":\"Article\",\"@id\":\"https:\/\/nordnesrepublikken.no\/index.php\/2025\/09\/11\/hvem-er-larry-ellison-og-hvordan-den-rikeste-mannen-i-verden-har-blitt-med-oracle\/#article\",\"isPartOf\":{\"@id\":\"https:\/\/nordnesrepublikken.no\/index.php\/2025\/09\/11\/hvem-er-larry-ellison-og-hvordan-den-rikeste-mannen-i-verden-har-blitt-med-oracle\/\"},\"author\":{\"name\":\"Ole Andersen\",\"@id\":\"https:\/\/nordnesrepublikken.no\/#\/schema\/person\/2e7e81935bab77882fffb79296240ff1\"},\"headline\":\"Hvem er Larry Ellison og hvordan den rikeste mannen i verden har blitt med Oracle\",\"datePublished\":\"2025-09-11T15:50:14+00:00\",\"dateModified\":\"2025-09-11T15:50:15+00:00\",\"mainEntityOfPage\":{\"@id\":\"https:\/\/nordnesrepublikken.no\/index.php\/2025\/09\/11\/hvem-er-larry-ellison-og-hvordan-den-rikeste-mannen-i-verden-har-blitt-med-oracle\/\"},\"wordCount\":1030,\"publisher\":{\"@id\":\"https:\/\/nordnesrepublikken.no\/#organization\"},\"image\":{\"@id\":\"https:\/\/nordnesrepublikken.no\/index.php\/2025\/09\/11\/hvem-er-larry-ellison-og-hvordan-den-rikeste-mannen-i-verden-har-blitt-med-oracle\/#primaryimage\"},\"thumbnailUrl\":\"https:\/\/nordnesrepublikken.no\/wp-content\/uploads\/2025\/09\/1757605815_Hvem-er-Larry-Ellison-og-hvordan-den-rikeste-mannen-i.jpg\",\"keywords\":[\"blitt\",\"den\",\"Ellison\",\"har\",\"Hvem\",\"Hvordan\",\"Larry\",\"mannen\",\"med\",\"Oracle\",\"rikeste\",\"verden\"],\"articleSection\":[\"Samfunn\"],\"inLanguage\":\"nb-NO\"},{\"@type\":\"WebPage\",\"@id\":\"https:\/\/nordnesrepublikken.no\/index.php\/2025\/09\/11\/hvem-er-larry-ellison-og-hvordan-den-rikeste-mannen-i-verden-har-blitt-med-oracle\/\",\"url\":\"https:\/\/nordnesrepublikken.no\/index.php\/2025\/09\/11\/hvem-er-larry-ellison-og-hvordan-den-rikeste-mannen-i-verden-har-blitt-med-oracle\/\",\"name\":\"Hvem er Larry Ellison og hvordan den rikeste mannen i verden har blitt med Oracle - Nordnesrepublikken\",\"isPartOf\":{\"@id\":\"https:\/\/nordnesrepublikken.no\/#website\"},\"primaryImageOfPage\":{\"@id\":\"https:\/\/nordnesrepublikken.no\/index.php\/2025\/09\/11\/hvem-er-larry-ellison-og-hvordan-den-rikeste-mannen-i-verden-har-blitt-med-oracle\/#primaryimage\"},\"image\":{\"@id\":\"https:\/\/nordnesrepublikken.no\/index.php\/2025\/09\/11\/hvem-er-larry-ellison-og-hvordan-den-rikeste-mannen-i-verden-har-blitt-med-oracle\/#primaryimage\"},\"thumbnailUrl\":\"https:\/\/nordnesrepublikken.no\/wp-content\/uploads\/2025\/09\/1757605815_Hvem-er-Larry-Ellison-og-hvordan-den-rikeste-mannen-i.jpg\",\"datePublished\":\"2025-09-11T15:50:14+00:00\",\"dateModified\":\"2025-09-11T15:50:15+00:00\",\"breadcrumb\":{\"@id\":\"https:\/\/nordnesrepublikken.no\/index.php\/2025\/09\/11\/hvem-er-larry-ellison-og-hvordan-den-rikeste-mannen-i-verden-har-blitt-med-oracle\/#breadcrumb\"},\"inLanguage\":\"nb-NO\",\"potentialAction\":[{\"@type\":\"ReadAction\",\"target\":[\"https:\/\/nordnesrepublikken.no\/index.php\/2025\/09\/11\/hvem-er-larry-ellison-og-hvordan-den-rikeste-mannen-i-verden-har-blitt-med-oracle\/\"]}]},{\"@type\":\"ImageObject\",\"inLanguage\":\"nb-NO\",\"@id\":\"https:\/\/nordnesrepublikken.no\/index.php\/2025\/09\/11\/hvem-er-larry-ellison-og-hvordan-den-rikeste-mannen-i-verden-har-blitt-med-oracle\/#primaryimage\",\"url\":\"https:\/\/nordnesrepublikken.no\/wp-content\/uploads\/2025\/09\/1757605815_Hvem-er-Larry-Ellison-og-hvordan-den-rikeste-mannen-i.jpg\",\"contentUrl\":\"https:\/\/nordnesrepublikken.no\/wp-content\/uploads\/2025\/09\/1757605815_Hvem-er-Larry-Ellison-og-hvordan-den-rikeste-mannen-i.jpg\",\"width\":1200,\"height\":700,\"caption\":\"Immagine\"},{\"@type\":\"BreadcrumbList\",\"@id\":\"https:\/\/nordnesrepublikken.no\/index.php\/2025\/09\/11\/hvem-er-larry-ellison-og-hvordan-den-rikeste-mannen-i-verden-har-blitt-med-oracle\/#breadcrumb\",\"itemListElement\":[{\"@type\":\"ListItem\",\"position\":1,\"name\":\"Home\",\"item\":\"https:\/\/nordnesrepublikken.no\/\"},{\"@type\":\"ListItem\",\"position\":2,\"name\":\"Hvem er Larry Ellison og hvordan den rikeste mannen i verden har blitt med Oracle\"}]},{\"@type\":\"WebSite\",\"@id\":\"https:\/\/nordnesrepublikken.no\/#website\",\"url\":\"https:\/\/nordnesrepublikken.no\/\",\"name\":\"Nordnesrepublikken\",\"description\":\"Stemmer og Visjoner fra Republikkens Hjerte\",\"publisher\":{\"@id\":\"https:\/\/nordnesrepublikken.no\/#organization\"},\"potentialAction\":[{\"@type\":\"SearchAction\",\"target\":{\"@type\":\"EntryPoint\",\"urlTemplate\":\"https:\/\/nordnesrepublikken.no\/?s={search_term_string}\"},\"query-input\":{\"@type\":\"PropertyValueSpecification\",\"valueRequired\":true,\"valueName\":\"search_term_string\"}}],\"inLanguage\":\"nb-NO\"},{\"@type\":\"Organization\",\"@id\":\"https:\/\/nordnesrepublikken.no\/#organization\",\"name\":\"Nordnesrepublikken\",\"url\":\"https:\/\/nordnesrepublikken.no\/\",\"logo\":{\"@type\":\"ImageObject\",\"inLanguage\":\"nb-NO\",\"@id\":\"https:\/\/nordnesrepublikken.no\/#\/schema\/logo\/image\/\",\"url\":\"https:\/\/nordnesrepublikken.no\/wp-content\/uploads\/2025\/02\/cropped-nordnesrepublikken-2.png\",\"contentUrl\":\"https:\/\/nordnesrepublikken.no\/wp-content\/uploads\/2025\/02\/cropped-nordnesrepublikken-2.png\",\"width\":1248,\"height\":362,\"caption\":\"Nordnesrepublikken\"},\"image\":{\"@id\":\"https:\/\/nordnesrepublikken.no\/#\/schema\/logo\/image\/\"}},{\"@type\":\"Person\",\"@id\":\"https:\/\/nordnesrepublikken.no\/#\/schema\/person\/2e7e81935bab77882fffb79296240ff1\",\"name\":\"Ole Andersen\",\"image\":{\"@type\":\"ImageObject\",\"inLanguage\":\"nb-NO\",\"@id\":\"https:\/\/nordnesrepublikken.no\/#\/schema\/person\/image\/\",\"url\":\"https:\/\/nordnesrepublikken.no\/wp-content\/uploads\/2025\/02\/nordnesrepublikken-2-2-150x150.jpg\",\"contentUrl\":\"https:\/\/nordnesrepublikken.no\/wp-content\/uploads\/2025\/02\/nordnesrepublikken-2-2-150x150.jpg\",\"caption\":\"Ole Andersen\"},\"description\":\"Ettersom jeg vokste opp i Oslo, har jeg alltid v\u00e6rt fascinert av ordenes kraft og deres evne til \u00e5 skape endringer. Etter \u00e5 ha fullf\u00f8rt min utdannelse i kommunikasjon ved Universitetet i Bergen, fikk jeg muligheten til \u00e5 jobbe innen ulike medier, der jeg har s\u00f8kt \u00e5 belyse viktige samfunnssp\u00f8rsm\u00e5l. I dag, som redakt\u00f8r for Nordnesrepublikken, pr\u00f8ver jeg \u00e5 forene min kj\u00e6rlighet for journalistikk med min lidenskap for innovasjon og eventyr.\",\"sameAs\":[\"https:\/\/nordnesrepublikken.no\/\"]}]}<\/script>\n<!-- \/ Yoast SEO plugin. -->","yoast_head_json":{"title":"Hvem er Larry Ellison og hvordan den rikeste mannen i verden har blitt med Oracle - Nordnesrepublikken","robots":{"index":"index","follow":"follow","max-snippet":"max-snippet:-1","max-image-preview":"max-image-preview:large","max-video-preview":"max-video-preview:-1"},"canonical":"https:\/\/nordnesrepublikken.no\/index.php\/2025\/09\/11\/hvem-er-larry-ellison-og-hvordan-den-rikeste-mannen-i-verden-har-blitt-med-oracle\/","og_locale":"nb_NO","og_type":"article","og_title":"Hvem er Larry Ellison og hvordan den rikeste mannen i verden har blitt med Oracle - Nordnesrepublikken","og_description":"Larry Ellison Det har blitt denrikeste mann i verdenselv om bare for en dag: Elon","og_url":"https:\/\/nordnesrepublikken.no\/index.php\/2025\/09\/11\/hvem-er-larry-ellison-og-hvordan-den-rikeste-mannen-i-verden-har-blitt-med-oracle\/","og_site_name":"Nordnesrepublikken","article_published_time":"2025-09-11T15:50:14+00:00","article_modified_time":"2025-09-11T15:50:15+00:00","og_image":[{"width":1200,"height":700,"url":"https:\/\/nordnesrepublikken.no\/wp-content\/uploads\/2025\/09\/1757605815_Hvem-er-Larry-Ellison-og-hvordan-den-rikeste-mannen-i.jpg","type":"image\/jpeg"}],"author":"Ole Andersen","twitter_card":"summary_large_image","twitter_misc":{"Skrevet av":"Ole Andersen","Ansl. lesetid":"5 minutter"},"schema":{"@context":"https:\/\/schema.org","@graph":[{"@type":"Article","@id":"https:\/\/nordnesrepublikken.no\/index.php\/2025\/09\/11\/hvem-er-larry-ellison-og-hvordan-den-rikeste-mannen-i-verden-har-blitt-med-oracle\/#article","isPartOf":{"@id":"https:\/\/nordnesrepublikken.no\/index.php\/2025\/09\/11\/hvem-er-larry-ellison-og-hvordan-den-rikeste-mannen-i-verden-har-blitt-med-oracle\/"},"author":{"name":"Ole Andersen","@id":"https:\/\/nordnesrepublikken.no\/#\/schema\/person\/2e7e81935bab77882fffb79296240ff1"},"headline":"Hvem er Larry Ellison og hvordan den rikeste mannen i verden har blitt med Oracle","datePublished":"2025-09-11T15:50:14+00:00","dateModified":"2025-09-11T15:50:15+00:00","mainEntityOfPage":{"@id":"https:\/\/nordnesrepublikken.no\/index.php\/2025\/09\/11\/hvem-er-larry-ellison-og-hvordan-den-rikeste-mannen-i-verden-har-blitt-med-oracle\/"},"wordCount":1030,"publisher":{"@id":"https:\/\/nordnesrepublikken.no\/#organization"},"image":{"@id":"https:\/\/nordnesrepublikken.no\/index.php\/2025\/09\/11\/hvem-er-larry-ellison-og-hvordan-den-rikeste-mannen-i-verden-har-blitt-med-oracle\/#primaryimage"},"thumbnailUrl":"https:\/\/nordnesrepublikken.no\/wp-content\/uploads\/2025\/09\/1757605815_Hvem-er-Larry-Ellison-og-hvordan-den-rikeste-mannen-i.jpg","keywords":["blitt","den","Ellison","har","Hvem","Hvordan","Larry","mannen","med","Oracle","rikeste","verden"],"articleSection":["Samfunn"],"inLanguage":"nb-NO"},{"@type":"WebPage","@id":"https:\/\/nordnesrepublikken.no\/index.php\/2025\/09\/11\/hvem-er-larry-ellison-og-hvordan-den-rikeste-mannen-i-verden-har-blitt-med-oracle\/","url":"https:\/\/nordnesrepublikken.no\/index.php\/2025\/09\/11\/hvem-er-larry-ellison-og-hvordan-den-rikeste-mannen-i-verden-har-blitt-med-oracle\/","name":"Hvem er Larry Ellison og hvordan den rikeste mannen i verden har blitt med Oracle - Nordnesrepublikken","isPartOf":{"@id":"https:\/\/nordnesrepublikken.no\/#website"},"primaryImageOfPage":{"@id":"https:\/\/nordnesrepublikken.no\/index.php\/2025\/09\/11\/hvem-er-larry-ellison-og-hvordan-den-rikeste-mannen-i-verden-har-blitt-med-oracle\/#primaryimage"},"image":{"@id":"https:\/\/nordnesrepublikken.no\/index.php\/2025\/09\/11\/hvem-er-larry-ellison-og-hvordan-den-rikeste-mannen-i-verden-har-blitt-med-oracle\/#primaryimage"},"thumbnailUrl":"https:\/\/nordnesrepublikken.no\/wp-content\/uploads\/2025\/09\/1757605815_Hvem-er-Larry-Ellison-og-hvordan-den-rikeste-mannen-i.jpg","datePublished":"2025-09-11T15:50:14+00:00","dateModified":"2025-09-11T15:50:15+00:00","breadcrumb":{"@id":"https:\/\/nordnesrepublikken.no\/index.php\/2025\/09\/11\/hvem-er-larry-ellison-og-hvordan-den-rikeste-mannen-i-verden-har-blitt-med-oracle\/#breadcrumb"},"inLanguage":"nb-NO","potentialAction":[{"@type":"ReadAction","target":["https:\/\/nordnesrepublikken.no\/index.php\/2025\/09\/11\/hvem-er-larry-ellison-og-hvordan-den-rikeste-mannen-i-verden-har-blitt-med-oracle\/"]}]},{"@type":"ImageObject","inLanguage":"nb-NO","@id":"https:\/\/nordnesrepublikken.no\/index.php\/2025\/09\/11\/hvem-er-larry-ellison-og-hvordan-den-rikeste-mannen-i-verden-har-blitt-med-oracle\/#primaryimage","url":"https:\/\/nordnesrepublikken.no\/wp-content\/uploads\/2025\/09\/1757605815_Hvem-er-Larry-Ellison-og-hvordan-den-rikeste-mannen-i.jpg","contentUrl":"https:\/\/nordnesrepublikken.no\/wp-content\/uploads\/2025\/09\/1757605815_Hvem-er-Larry-Ellison-og-hvordan-den-rikeste-mannen-i.jpg","width":1200,"height":700,"caption":"Immagine"},{"@type":"BreadcrumbList","@id":"https:\/\/nordnesrepublikken.no\/index.php\/2025\/09\/11\/hvem-er-larry-ellison-og-hvordan-den-rikeste-mannen-i-verden-har-blitt-med-oracle\/#breadcrumb","itemListElement":[{"@type":"ListItem","position":1,"name":"Home","item":"https:\/\/nordnesrepublikken.no\/"},{"@type":"ListItem","position":2,"name":"Hvem er Larry Ellison og hvordan den rikeste mannen i verden har blitt med Oracle"}]},{"@type":"WebSite","@id":"https:\/\/nordnesrepublikken.no\/#website","url":"https:\/\/nordnesrepublikken.no\/","name":"Nordnesrepublikken","description":"Stemmer og Visjoner fra Republikkens Hjerte","publisher":{"@id":"https:\/\/nordnesrepublikken.no\/#organization"},"potentialAction":[{"@type":"SearchAction","target":{"@type":"EntryPoint","urlTemplate":"https:\/\/nordnesrepublikken.no\/?s={search_term_string}"},"query-input":{"@type":"PropertyValueSpecification","valueRequired":true,"valueName":"search_term_string"}}],"inLanguage":"nb-NO"},{"@type":"Organization","@id":"https:\/\/nordnesrepublikken.no\/#organization","name":"Nordnesrepublikken","url":"https:\/\/nordnesrepublikken.no\/","logo":{"@type":"ImageObject","inLanguage":"nb-NO","@id":"https:\/\/nordnesrepublikken.no\/#\/schema\/logo\/image\/","url":"https:\/\/nordnesrepublikken.no\/wp-content\/uploads\/2025\/02\/cropped-nordnesrepublikken-2.png","contentUrl":"https:\/\/nordnesrepublikken.no\/wp-content\/uploads\/2025\/02\/cropped-nordnesrepublikken-2.png","width":1248,"height":362,"caption":"Nordnesrepublikken"},"image":{"@id":"https:\/\/nordnesrepublikken.no\/#\/schema\/logo\/image\/"}},{"@type":"Person","@id":"https:\/\/nordnesrepublikken.no\/#\/schema\/person\/2e7e81935bab77882fffb79296240ff1","name":"Ole Andersen","image":{"@type":"ImageObject","inLanguage":"nb-NO","@id":"https:\/\/nordnesrepublikken.no\/#\/schema\/person\/image\/","url":"https:\/\/nordnesrepublikken.no\/wp-content\/uploads\/2025\/02\/nordnesrepublikken-2-2-150x150.jpg","contentUrl":"https:\/\/nordnesrepublikken.no\/wp-content\/uploads\/2025\/02\/nordnesrepublikken-2-2-150x150.jpg","caption":"Ole Andersen"},"description":"Ettersom jeg vokste opp i Oslo, har jeg alltid v\u00e6rt fascinert av ordenes kraft og deres evne til \u00e5 skape endringer. Etter \u00e5 ha fullf\u00f8rt min utdannelse i kommunikasjon ved Universitetet i Bergen, fikk jeg muligheten til \u00e5 jobbe innen ulike medier, der jeg har s\u00f8kt \u00e5 belyse viktige samfunnssp\u00f8rsm\u00e5l. I dag, som redakt\u00f8r for Nordnesrepublikken, pr\u00f8ver jeg \u00e5 forene min kj\u00e6rlighet for journalistikk med min lidenskap for innovasjon og eventyr.","sameAs":["https:\/\/nordnesrepublikken.no\/"]}]}},"_links":{"self":[{"href":"https:\/\/nordnesrepublikken.no\/index.php\/wp-json\/wp\/v2\/posts\/9438","targetHints":{"allow":["GET"]}}],"collection":[{"href":"https:\/\/nordnesrepublikken.no\/index.php\/wp-json\/wp\/v2\/posts"}],"about":[{"href":"https:\/\/nordnesrepublikken.no\/index.php\/wp-json\/wp\/v2\/types\/post"}],"author":[{"embeddable":true,"href":"https:\/\/nordnesrepublikken.no\/index.php\/wp-json\/wp\/v2\/users\/1"}],"replies":[{"embeddable":true,"href":"https:\/\/nordnesrepublikken.no\/index.php\/wp-json\/wp\/v2\/comments?post=9438"}],"version-history":[{"count":1,"href":"https:\/\/nordnesrepublikken.no\/index.php\/wp-json\/wp\/v2\/posts\/9438\/revisions"}],"predecessor-version":[{"id":9440,"href":"https:\/\/nordnesrepublikken.no\/index.php\/wp-json\/wp\/v2\/posts\/9438\/revisions\/9440"}],"wp:featuredmedia":[{"embeddable":true,"href":"https:\/\/nordnesrepublikken.no\/index.php\/wp-json\/wp\/v2\/media\/9439"}],"wp:attachment":[{"href":"https:\/\/nordnesrepublikken.no\/index.php\/wp-json\/wp\/v2\/media?parent=9438"}],"wp:term":[{"taxonomy":"category","embeddable":true,"href":"https:\/\/nordnesrepublikken.no\/index.php\/wp-json\/wp\/v2\/categories?post=9438"},{"taxonomy":"post_tag","embeddable":true,"href":"https:\/\/nordnesrepublikken.no\/index.php\/wp-json\/wp\/v2\/tags?post=9438"}],"curies":[{"name":"wp","href":"https:\/\/api.w.org\/{rel}","templated":true}]}}