{"id":9435,"date":"2025-09-11T16:50:15","date_gmt":"2025-09-11T14:50:15","guid":{"rendered":"https:\/\/nordnesrepublikken.no\/index.php\/2025\/09\/11\/lokale-modre-soker-okt-babytotte\/"},"modified":"2025-09-11T16:50:17","modified_gmt":"2025-09-11T14:50:17","slug":"lokale-modre-soker-okt-babytotte","status":"publish","type":"post","link":"https:\/\/nordnesrepublikken.no\/index.php\/2025\/09\/11\/lokale-modre-soker-okt-babytotte\/","title":{"rendered":"Lokale m\u00f8dre s\u00f8ker \u00f8kt babyt\u00f8tte"},"content":{"rendered":"<p><\/p>\n<div class=\"wordpress-content\">\n                    <!-- Article Start --><\/p>\n<p class=\"p1\"><b>Nye m\u00f8dre i Torrevieja ber om st\u00f8rre tilgang til &laquo;mor og baby&raquo; -grupper, og sier at mangelen p\u00e5 strukturert st\u00f8tte og leke\u00f8kter forlater mange familier uten viktige samfunnsforbindelser.<\/b><\/p>\n<p class=\"p1\">Over hele Storbritannia og Nord -Europa er slike grupper en stift i tidlig foreldreskap, og gir foreldre en sjanse til \u00e5 dele r\u00e5d, redusere isolasjon og hjelpe sm\u00e5 barn til \u00e5 begynne \u00e5 sosialisere seg. I Torrevieja sier imidlertid lokale m\u00f8dre muligheter er begrenset, spesielt for internasjonale familier som sliter med \u00e5 f\u00e5 tilgang til spanskspr\u00e5klige tjenester. Hayley, en mor som bodde i Torrevieja, forklarte forskjellen hun har opplevd: &laquo;Tilbake i Storbritannia var det s\u00e5 mange alternativer jeg ble bortskjemt med valg. Her ser det imidlertid ikke ut til \u00e5 v\u00e6re noen alternativer.&raquo; Kommentaren hennes gjenspeiler en st\u00f8rre frustrasjon blant foreldre som pr\u00f8ver \u00e5 finne regelmessige, strukturerte \u00f8kter for babyer og sm\u00e5barn.<\/p>\n<p class=\"p1\">Andre foreldre har uttrykt lignende bekymringer p\u00e5 lokale fora, og spurt om det finnes noen lekegrupper eller &laquo;mamma og sm\u00e5barn&raquo; -\u00f8kter. Mens uformelle m\u00f8ter noen ganger foreg\u00e5r i parker eller kafeer, mangler de konsistens, struktur og profesjonell st\u00f8tte som dedikerte mor- og babygrupper vanligvis gir. Foreldre sier at dette kan gj\u00f8re det vanskelig \u00e5 utvikle sosiale forbindelser eller f\u00e5 p\u00e5litelige r\u00e5d om barnepass og tidlig utvikling. Eksperter fremhever viktigheten av disse \u00f8ktene. De hjelper ikke bare babyer med tidlige sosiale og utviklingsmessige ferdigheter, men gir ogs\u00e5 m\u00f8dre viktig jevnaldrende st\u00f8tte. Foreldre i l\u00f8pet av det f\u00f8rste \u00e5ret kan ofte f\u00f8les isolerende, spesielt for utlendinger uten familie i n\u00e6rheten. Grupper kan ogs\u00e5 tjene som en bro mellom helsetjenester og familier, og tilbyr informasjon om f\u00f4ring, s\u00f8vn og tidlige milep\u00e6ler.<\/p>\n<div class=\"sra_unit\"><link rel=\"stylesheet\" id=\"block-sra\" href=\"https:\/\/euroweeklynews.com\/wp-content\/plugins\/snack-related-articles\/dist\/css\/snack-related.min.css?250312-193541\" type=\"text\/css\" media=\"all\">\n<\/div>\n<p class=\"p1\">Helsepersonell og spesialister for tidlig \u00e5r bemerker at ettersp\u00f8rselen etter mor og babygrupper ofte overstiger tilbudet i byer som Torrevieja, der sesongbestander og utvandrede samfunn kan gj\u00f8re tilgang ujevn. Mange eksisterende programmer er begrenset i kapasitet, bare tilgjengelige p\u00e5 spansk eller planlagt til upraktiske tider, og lar noen foreldre ikke kunne delta. Dr. Gabrielle Klein, en klinisk psykolog ved Wildflower Center for Emotional Health, understreker viktigheten av disse gruppene: <i>&laquo;Mor og babygrupper spiller en avgj\u00f8rende rolle i \u00e5 st\u00f8tte b\u00e5de m\u00f8dre og deres spedbarn. Disse gruppene gir et st\u00f8ttende milj\u00f8 der m\u00f8dre kan dele erfaringer, motta veiledning og bygge sosiale forbindelser, som er essensielle i de tidlige stadiene av foreldreskap.&raquo;<\/i><\/p>\n<p class=\"p1\">Noen foreldre har ogs\u00e5 lagt vekt p\u00e5 de emosjonelle fordelene. \u00c5 dele erfaringer med andre i samme livsfase kan redusere stress, \u00f8ke selvtilliten og gi trygghet. For m\u00f8dre som flytter til et nytt land, er disse gruppene en livline, slik at de kan bygge et st\u00f8tteett og integrere lettere i lokalsamfunnet. For m\u00f8dre som Hayley er behovet for mer strukturerte, tilgjengelige mor- og babygrupper klart. Disse \u00f8ktene gir ikke bare muligheter for barn for barn, men ogs\u00e5 avgj\u00f8rende sosiale og emosjonelle st\u00f8tte for foreldrene. N\u00e5r familier i Torrevieja fortsetter \u00e5 s\u00f8ke samfunn og veiledning i l\u00f8pet av de f\u00f8rste m\u00e5nedene av foreldreskap, forblir ettersp\u00f8rselen etter disse gruppene sterk, og fremhever et gap i lokale tjenester som mange h\u00e5per vil bli adressert i l\u00f8pet av en n\u00e6r fremtid.<\/p>\n<p>                    <!-- This article has been originally published at https:\/\/euroweeklynews.com\/2025\/09\/11\/local-mothers-seek-increased-baby-support\/ on 11 Sep 2025 at 12:37 by Molly Grace --><br \/>\n                    <!-- Article End -->\n                <\/div>\n","protected":false},"excerpt":{"rendered":"<p>Nye m\u00f8dre i Torrevieja ber om st\u00f8rre tilgang til &laquo;mor og baby&raquo; -grupper, og sier<\/p>\n","protected":false},"author":1,"featured_media":9436,"comment_status":"closed","ping_status":"open","sticky":false,"template":"","format":"standard","meta":{"footnotes":""},"categories":[105],"tags":[6183,1312,789,1301,6182],"class_list":["post-9435","post","type-post","status-publish","format-standard","has-post-thumbnail","hentry","category-livsstil","tag-babytotte","tag-lokale","tag-modre","tag-okt","tag-soker","generate-columns","tablet-grid-50","mobile-grid-100","grid-parent","grid-33","resize-featured-image"],"yoast_head":"<!-- This site is optimized with the Yoast SEO plugin v24.4 - https:\/\/yoast.com\/wordpress\/plugins\/seo\/ -->\n<title>Lokale m\u00f8dre s\u00f8ker \u00f8kt babyt\u00f8tte - Nordnesrepublikken<\/title>\n<meta name=\"robots\" content=\"index, follow, max-snippet:-1, max-image-preview:large, max-video-preview:-1\" \/>\n<link rel=\"canonical\" href=\"https:\/\/nordnesrepublikken.no\/index.php\/2025\/09\/11\/lokale-modre-soker-okt-babytotte\/\" \/>\n<meta property=\"og:locale\" content=\"nb_NO\" \/>\n<meta property=\"og:type\" content=\"article\" \/>\n<meta property=\"og:title\" content=\"Lokale m\u00f8dre s\u00f8ker \u00f8kt babyt\u00f8tte - Nordnesrepublikken\" \/>\n<meta property=\"og:description\" content=\"Nye m\u00f8dre i Torrevieja ber om st\u00f8rre tilgang til &laquo;mor og baby&raquo; -grupper, og sier\" \/>\n<meta property=\"og:url\" content=\"https:\/\/nordnesrepublikken.no\/index.php\/2025\/09\/11\/lokale-modre-soker-okt-babytotte\/\" \/>\n<meta property=\"og:site_name\" content=\"Nordnesrepublikken\" \/>\n<meta property=\"article:published_time\" content=\"2025-09-11T14:50:15+00:00\" \/>\n<meta property=\"article:modified_time\" content=\"2025-09-11T14:50:17+00:00\" \/>\n<meta property=\"og:image\" content=\"https:\/\/nordnesrepublikken.no\/wp-content\/uploads\/2025\/09\/1757602216_Lokale-modre-soker-okt-babytotte.jpg\" \/>\n\t<meta property=\"og:image:width\" content=\"1200\" \/>\n\t<meta property=\"og:image:height\" content=\"675\" \/>\n\t<meta property=\"og:image:type\" content=\"image\/jpeg\" \/>\n<meta name=\"author\" content=\"Ole Andersen\" \/>\n<meta name=\"twitter:card\" content=\"summary_large_image\" \/>\n<meta name=\"twitter:label1\" content=\"Skrevet av\" \/>\n\t<meta name=\"twitter:data1\" content=\"Ole Andersen\" \/>\n\t<meta name=\"twitter:label2\" content=\"Ansl. lesetid\" \/>\n\t<meta name=\"twitter:data2\" content=\"3 minutter\" \/>\n<script type=\"application\/ld+json\" class=\"yoast-schema-graph\">{\"@context\":\"https:\/\/schema.org\",\"@graph\":[{\"@type\":\"Article\",\"@id\":\"https:\/\/nordnesrepublikken.no\/index.php\/2025\/09\/11\/lokale-modre-soker-okt-babytotte\/#article\",\"isPartOf\":{\"@id\":\"https:\/\/nordnesrepublikken.no\/index.php\/2025\/09\/11\/lokale-modre-soker-okt-babytotte\/\"},\"author\":{\"name\":\"Ole Andersen\",\"@id\":\"https:\/\/nordnesrepublikken.no\/#\/schema\/person\/2e7e81935bab77882fffb79296240ff1\"},\"headline\":\"Lokale m\u00f8dre s\u00f8ker \u00f8kt babyt\u00f8tte\",\"datePublished\":\"2025-09-11T14:50:15+00:00\",\"dateModified\":\"2025-09-11T14:50:17+00:00\",\"mainEntityOfPage\":{\"@id\":\"https:\/\/nordnesrepublikken.no\/index.php\/2025\/09\/11\/lokale-modre-soker-okt-babytotte\/\"},\"wordCount\":553,\"publisher\":{\"@id\":\"https:\/\/nordnesrepublikken.no\/#organization\"},\"image\":{\"@id\":\"https:\/\/nordnesrepublikken.no\/index.php\/2025\/09\/11\/lokale-modre-soker-okt-babytotte\/#primaryimage\"},\"thumbnailUrl\":\"https:\/\/nordnesrepublikken.no\/wp-content\/uploads\/2025\/09\/1757602216_Lokale-modre-soker-okt-babytotte.jpg\",\"keywords\":[\"babyt\u00f8tte\",\"lokale\",\"m\u00f8dre\",\"\u00f8kt\",\"s\u00f8ker\"],\"articleSection\":[\"Livsstil\"],\"inLanguage\":\"nb-NO\"},{\"@type\":\"WebPage\",\"@id\":\"https:\/\/nordnesrepublikken.no\/index.php\/2025\/09\/11\/lokale-modre-soker-okt-babytotte\/\",\"url\":\"https:\/\/nordnesrepublikken.no\/index.php\/2025\/09\/11\/lokale-modre-soker-okt-babytotte\/\",\"name\":\"Lokale m\u00f8dre s\u00f8ker \u00f8kt babyt\u00f8tte - Nordnesrepublikken\",\"isPartOf\":{\"@id\":\"https:\/\/nordnesrepublikken.no\/#website\"},\"primaryImageOfPage\":{\"@id\":\"https:\/\/nordnesrepublikken.no\/index.php\/2025\/09\/11\/lokale-modre-soker-okt-babytotte\/#primaryimage\"},\"image\":{\"@id\":\"https:\/\/nordnesrepublikken.no\/index.php\/2025\/09\/11\/lokale-modre-soker-okt-babytotte\/#primaryimage\"},\"thumbnailUrl\":\"https:\/\/nordnesrepublikken.no\/wp-content\/uploads\/2025\/09\/1757602216_Lokale-modre-soker-okt-babytotte.jpg\",\"datePublished\":\"2025-09-11T14:50:15+00:00\",\"dateModified\":\"2025-09-11T14:50:17+00:00\",\"breadcrumb\":{\"@id\":\"https:\/\/nordnesrepublikken.no\/index.php\/2025\/09\/11\/lokale-modre-soker-okt-babytotte\/#breadcrumb\"},\"inLanguage\":\"nb-NO\",\"potentialAction\":[{\"@type\":\"ReadAction\",\"target\":[\"https:\/\/nordnesrepublikken.no\/index.php\/2025\/09\/11\/lokale-modre-soker-okt-babytotte\/\"]}]},{\"@type\":\"ImageObject\",\"inLanguage\":\"nb-NO\",\"@id\":\"https:\/\/nordnesrepublikken.no\/index.php\/2025\/09\/11\/lokale-modre-soker-okt-babytotte\/#primaryimage\",\"url\":\"https:\/\/nordnesrepublikken.no\/wp-content\/uploads\/2025\/09\/1757602216_Lokale-modre-soker-okt-babytotte.jpg\",\"contentUrl\":\"https:\/\/nordnesrepublikken.no\/wp-content\/uploads\/2025\/09\/1757602216_Lokale-modre-soker-okt-babytotte.jpg\",\"width\":1200,\"height\":675,\"caption\":\"Lokale m\u00f8dre s\u00f8ker \u00f8kt babyt\u00f8tte\"},{\"@type\":\"BreadcrumbList\",\"@id\":\"https:\/\/nordnesrepublikken.no\/index.php\/2025\/09\/11\/lokale-modre-soker-okt-babytotte\/#breadcrumb\",\"itemListElement\":[{\"@type\":\"ListItem\",\"position\":1,\"name\":\"Home\",\"item\":\"https:\/\/nordnesrepublikken.no\/\"},{\"@type\":\"ListItem\",\"position\":2,\"name\":\"Lokale m\u00f8dre s\u00f8ker \u00f8kt babyt\u00f8tte\"}]},{\"@type\":\"WebSite\",\"@id\":\"https:\/\/nordnesrepublikken.no\/#website\",\"url\":\"https:\/\/nordnesrepublikken.no\/\",\"name\":\"Nordnesrepublikken\",\"description\":\"Stemmer og Visjoner fra Republikkens Hjerte\",\"publisher\":{\"@id\":\"https:\/\/nordnesrepublikken.no\/#organization\"},\"potentialAction\":[{\"@type\":\"SearchAction\",\"target\":{\"@type\":\"EntryPoint\",\"urlTemplate\":\"https:\/\/nordnesrepublikken.no\/?s={search_term_string}\"},\"query-input\":{\"@type\":\"PropertyValueSpecification\",\"valueRequired\":true,\"valueName\":\"search_term_string\"}}],\"inLanguage\":\"nb-NO\"},{\"@type\":\"Organization\",\"@id\":\"https:\/\/nordnesrepublikken.no\/#organization\",\"name\":\"Nordnesrepublikken\",\"url\":\"https:\/\/nordnesrepublikken.no\/\",\"logo\":{\"@type\":\"ImageObject\",\"inLanguage\":\"nb-NO\",\"@id\":\"https:\/\/nordnesrepublikken.no\/#\/schema\/logo\/image\/\",\"url\":\"https:\/\/nordnesrepublikken.no\/wp-content\/uploads\/2025\/02\/cropped-nordnesrepublikken-2.png\",\"contentUrl\":\"https:\/\/nordnesrepublikken.no\/wp-content\/uploads\/2025\/02\/cropped-nordnesrepublikken-2.png\",\"width\":1248,\"height\":362,\"caption\":\"Nordnesrepublikken\"},\"image\":{\"@id\":\"https:\/\/nordnesrepublikken.no\/#\/schema\/logo\/image\/\"}},{\"@type\":\"Person\",\"@id\":\"https:\/\/nordnesrepublikken.no\/#\/schema\/person\/2e7e81935bab77882fffb79296240ff1\",\"name\":\"Ole Andersen\",\"image\":{\"@type\":\"ImageObject\",\"inLanguage\":\"nb-NO\",\"@id\":\"https:\/\/nordnesrepublikken.no\/#\/schema\/person\/image\/\",\"url\":\"https:\/\/nordnesrepublikken.no\/wp-content\/uploads\/2025\/02\/nordnesrepublikken-2-2-150x150.jpg\",\"contentUrl\":\"https:\/\/nordnesrepublikken.no\/wp-content\/uploads\/2025\/02\/nordnesrepublikken-2-2-150x150.jpg\",\"caption\":\"Ole Andersen\"},\"description\":\"Ettersom jeg vokste opp i Oslo, har jeg alltid v\u00e6rt fascinert av ordenes kraft og deres evne til \u00e5 skape endringer. Etter \u00e5 ha fullf\u00f8rt min utdannelse i kommunikasjon ved Universitetet i Bergen, fikk jeg muligheten til \u00e5 jobbe innen ulike medier, der jeg har s\u00f8kt \u00e5 belyse viktige samfunnssp\u00f8rsm\u00e5l. I dag, som redakt\u00f8r for Nordnesrepublikken, pr\u00f8ver jeg \u00e5 forene min kj\u00e6rlighet for journalistikk med min lidenskap for innovasjon og eventyr.\",\"sameAs\":[\"https:\/\/nordnesrepublikken.no\/\"]}]}<\/script>\n<!-- \/ Yoast SEO plugin. -->","yoast_head_json":{"title":"Lokale m\u00f8dre s\u00f8ker \u00f8kt babyt\u00f8tte - Nordnesrepublikken","robots":{"index":"index","follow":"follow","max-snippet":"max-snippet:-1","max-image-preview":"max-image-preview:large","max-video-preview":"max-video-preview:-1"},"canonical":"https:\/\/nordnesrepublikken.no\/index.php\/2025\/09\/11\/lokale-modre-soker-okt-babytotte\/","og_locale":"nb_NO","og_type":"article","og_title":"Lokale m\u00f8dre s\u00f8ker \u00f8kt babyt\u00f8tte - Nordnesrepublikken","og_description":"Nye m\u00f8dre i Torrevieja ber om st\u00f8rre tilgang til &laquo;mor og baby&raquo; -grupper, og sier","og_url":"https:\/\/nordnesrepublikken.no\/index.php\/2025\/09\/11\/lokale-modre-soker-okt-babytotte\/","og_site_name":"Nordnesrepublikken","article_published_time":"2025-09-11T14:50:15+00:00","article_modified_time":"2025-09-11T14:50:17+00:00","og_image":[{"width":1200,"height":675,"url":"https:\/\/nordnesrepublikken.no\/wp-content\/uploads\/2025\/09\/1757602216_Lokale-modre-soker-okt-babytotte.jpg","type":"image\/jpeg"}],"author":"Ole Andersen","twitter_card":"summary_large_image","twitter_misc":{"Skrevet av":"Ole Andersen","Ansl. lesetid":"3 minutter"},"schema":{"@context":"https:\/\/schema.org","@graph":[{"@type":"Article","@id":"https:\/\/nordnesrepublikken.no\/index.php\/2025\/09\/11\/lokale-modre-soker-okt-babytotte\/#article","isPartOf":{"@id":"https:\/\/nordnesrepublikken.no\/index.php\/2025\/09\/11\/lokale-modre-soker-okt-babytotte\/"},"author":{"name":"Ole Andersen","@id":"https:\/\/nordnesrepublikken.no\/#\/schema\/person\/2e7e81935bab77882fffb79296240ff1"},"headline":"Lokale m\u00f8dre s\u00f8ker \u00f8kt babyt\u00f8tte","datePublished":"2025-09-11T14:50:15+00:00","dateModified":"2025-09-11T14:50:17+00:00","mainEntityOfPage":{"@id":"https:\/\/nordnesrepublikken.no\/index.php\/2025\/09\/11\/lokale-modre-soker-okt-babytotte\/"},"wordCount":553,"publisher":{"@id":"https:\/\/nordnesrepublikken.no\/#organization"},"image":{"@id":"https:\/\/nordnesrepublikken.no\/index.php\/2025\/09\/11\/lokale-modre-soker-okt-babytotte\/#primaryimage"},"thumbnailUrl":"https:\/\/nordnesrepublikken.no\/wp-content\/uploads\/2025\/09\/1757602216_Lokale-modre-soker-okt-babytotte.jpg","keywords":["babyt\u00f8tte","lokale","m\u00f8dre","\u00f8kt","s\u00f8ker"],"articleSection":["Livsstil"],"inLanguage":"nb-NO"},{"@type":"WebPage","@id":"https:\/\/nordnesrepublikken.no\/index.php\/2025\/09\/11\/lokale-modre-soker-okt-babytotte\/","url":"https:\/\/nordnesrepublikken.no\/index.php\/2025\/09\/11\/lokale-modre-soker-okt-babytotte\/","name":"Lokale m\u00f8dre s\u00f8ker \u00f8kt babyt\u00f8tte - Nordnesrepublikken","isPartOf":{"@id":"https:\/\/nordnesrepublikken.no\/#website"},"primaryImageOfPage":{"@id":"https:\/\/nordnesrepublikken.no\/index.php\/2025\/09\/11\/lokale-modre-soker-okt-babytotte\/#primaryimage"},"image":{"@id":"https:\/\/nordnesrepublikken.no\/index.php\/2025\/09\/11\/lokale-modre-soker-okt-babytotte\/#primaryimage"},"thumbnailUrl":"https:\/\/nordnesrepublikken.no\/wp-content\/uploads\/2025\/09\/1757602216_Lokale-modre-soker-okt-babytotte.jpg","datePublished":"2025-09-11T14:50:15+00:00","dateModified":"2025-09-11T14:50:17+00:00","breadcrumb":{"@id":"https:\/\/nordnesrepublikken.no\/index.php\/2025\/09\/11\/lokale-modre-soker-okt-babytotte\/#breadcrumb"},"inLanguage":"nb-NO","potentialAction":[{"@type":"ReadAction","target":["https:\/\/nordnesrepublikken.no\/index.php\/2025\/09\/11\/lokale-modre-soker-okt-babytotte\/"]}]},{"@type":"ImageObject","inLanguage":"nb-NO","@id":"https:\/\/nordnesrepublikken.no\/index.php\/2025\/09\/11\/lokale-modre-soker-okt-babytotte\/#primaryimage","url":"https:\/\/nordnesrepublikken.no\/wp-content\/uploads\/2025\/09\/1757602216_Lokale-modre-soker-okt-babytotte.jpg","contentUrl":"https:\/\/nordnesrepublikken.no\/wp-content\/uploads\/2025\/09\/1757602216_Lokale-modre-soker-okt-babytotte.jpg","width":1200,"height":675,"caption":"Lokale m\u00f8dre s\u00f8ker \u00f8kt babyt\u00f8tte"},{"@type":"BreadcrumbList","@id":"https:\/\/nordnesrepublikken.no\/index.php\/2025\/09\/11\/lokale-modre-soker-okt-babytotte\/#breadcrumb","itemListElement":[{"@type":"ListItem","position":1,"name":"Home","item":"https:\/\/nordnesrepublikken.no\/"},{"@type":"ListItem","position":2,"name":"Lokale m\u00f8dre s\u00f8ker \u00f8kt babyt\u00f8tte"}]},{"@type":"WebSite","@id":"https:\/\/nordnesrepublikken.no\/#website","url":"https:\/\/nordnesrepublikken.no\/","name":"Nordnesrepublikken","description":"Stemmer og Visjoner fra Republikkens Hjerte","publisher":{"@id":"https:\/\/nordnesrepublikken.no\/#organization"},"potentialAction":[{"@type":"SearchAction","target":{"@type":"EntryPoint","urlTemplate":"https:\/\/nordnesrepublikken.no\/?s={search_term_string}"},"query-input":{"@type":"PropertyValueSpecification","valueRequired":true,"valueName":"search_term_string"}}],"inLanguage":"nb-NO"},{"@type":"Organization","@id":"https:\/\/nordnesrepublikken.no\/#organization","name":"Nordnesrepublikken","url":"https:\/\/nordnesrepublikken.no\/","logo":{"@type":"ImageObject","inLanguage":"nb-NO","@id":"https:\/\/nordnesrepublikken.no\/#\/schema\/logo\/image\/","url":"https:\/\/nordnesrepublikken.no\/wp-content\/uploads\/2025\/02\/cropped-nordnesrepublikken-2.png","contentUrl":"https:\/\/nordnesrepublikken.no\/wp-content\/uploads\/2025\/02\/cropped-nordnesrepublikken-2.png","width":1248,"height":362,"caption":"Nordnesrepublikken"},"image":{"@id":"https:\/\/nordnesrepublikken.no\/#\/schema\/logo\/image\/"}},{"@type":"Person","@id":"https:\/\/nordnesrepublikken.no\/#\/schema\/person\/2e7e81935bab77882fffb79296240ff1","name":"Ole Andersen","image":{"@type":"ImageObject","inLanguage":"nb-NO","@id":"https:\/\/nordnesrepublikken.no\/#\/schema\/person\/image\/","url":"https:\/\/nordnesrepublikken.no\/wp-content\/uploads\/2025\/02\/nordnesrepublikken-2-2-150x150.jpg","contentUrl":"https:\/\/nordnesrepublikken.no\/wp-content\/uploads\/2025\/02\/nordnesrepublikken-2-2-150x150.jpg","caption":"Ole Andersen"},"description":"Ettersom jeg vokste opp i Oslo, har jeg alltid v\u00e6rt fascinert av ordenes kraft og deres evne til \u00e5 skape endringer. Etter \u00e5 ha fullf\u00f8rt min utdannelse i kommunikasjon ved Universitetet i Bergen, fikk jeg muligheten til \u00e5 jobbe innen ulike medier, der jeg har s\u00f8kt \u00e5 belyse viktige samfunnssp\u00f8rsm\u00e5l. I dag, som redakt\u00f8r for Nordnesrepublikken, pr\u00f8ver jeg \u00e5 forene min kj\u00e6rlighet for journalistikk med min lidenskap for innovasjon og eventyr.","sameAs":["https:\/\/nordnesrepublikken.no\/"]}]}},"_links":{"self":[{"href":"https:\/\/nordnesrepublikken.no\/index.php\/wp-json\/wp\/v2\/posts\/9435","targetHints":{"allow":["GET"]}}],"collection":[{"href":"https:\/\/nordnesrepublikken.no\/index.php\/wp-json\/wp\/v2\/posts"}],"about":[{"href":"https:\/\/nordnesrepublikken.no\/index.php\/wp-json\/wp\/v2\/types\/post"}],"author":[{"embeddable":true,"href":"https:\/\/nordnesrepublikken.no\/index.php\/wp-json\/wp\/v2\/users\/1"}],"replies":[{"embeddable":true,"href":"https:\/\/nordnesrepublikken.no\/index.php\/wp-json\/wp\/v2\/comments?post=9435"}],"version-history":[{"count":1,"href":"https:\/\/nordnesrepublikken.no\/index.php\/wp-json\/wp\/v2\/posts\/9435\/revisions"}],"predecessor-version":[{"id":9437,"href":"https:\/\/nordnesrepublikken.no\/index.php\/wp-json\/wp\/v2\/posts\/9435\/revisions\/9437"}],"wp:featuredmedia":[{"embeddable":true,"href":"https:\/\/nordnesrepublikken.no\/index.php\/wp-json\/wp\/v2\/media\/9436"}],"wp:attachment":[{"href":"https:\/\/nordnesrepublikken.no\/index.php\/wp-json\/wp\/v2\/media?parent=9435"}],"wp:term":[{"taxonomy":"category","embeddable":true,"href":"https:\/\/nordnesrepublikken.no\/index.php\/wp-json\/wp\/v2\/categories?post=9435"},{"taxonomy":"post_tag","embeddable":true,"href":"https:\/\/nordnesrepublikken.no\/index.php\/wp-json\/wp\/v2\/tags?post=9435"}],"curies":[{"name":"wp","href":"https:\/\/api.w.org\/{rel}","templated":true}]}}