{"id":9426,"date":"2025-09-11T10:49:57","date_gmt":"2025-09-11T08:49:57","guid":{"rendered":"https:\/\/nordnesrepublikken.no\/index.php\/2025\/09\/11\/hva-er-ground-zero-minnesmerket-som-fyller-hullet-igjen-av-twin-towers-11-september-2001\/"},"modified":"2025-09-11T10:49:59","modified_gmt":"2025-09-11T08:49:59","slug":"hva-er-ground-zero-minnesmerket-som-fyller-hullet-igjen-av-twin-towers-11-september-2001","status":"publish","type":"post","link":"https:\/\/nordnesrepublikken.no\/index.php\/2025\/09\/11\/hva-er-ground-zero-minnesmerket-som-fyller-hullet-igjen-av-twin-towers-11-september-2001\/","title":{"rendered":"Hva er Ground Zero, minnesmerket som fyller &laquo;hullet&raquo; igjen av Twin Towers 11. september 2001"},"content":{"rendered":"<div>\n<div class=\"cp_wrapper cp_wrapper--fw mb-30 mb-20@tablet\">\n<figure class=\"mm\"><picture class=\"img\" style=\"padding-top:56.25%\"><source  media=\"(min-width: 1024px)\"><source  media=\"(min-width: 768px)\"><\/source><\/source><\/picture><\/figure>\n<\/p><\/div>\n<p>Om morgenen tirsdag 11. september 2001 ble to planlagte fly, som tilh\u00f8rte de store American Airlines (United Airlines og American Airlines) avledet av en gruppe terrorister som tilh\u00f8rte terrororganisasjonen Al Qaida. Flyvning <strong>American Airlines 11<\/strong> og flyturen <strong>United Airlines 175<\/strong>de ble henholdsvis krasjet p\u00e5 nordt\u00e5rnet og p\u00e5 det s\u00f8rlige t\u00e5rnet av <strong>World Trade Center<\/strong>i Nedre Mantthan -omr\u00e5det i New York. Innenfor<strong> 1 time og 42 minutter,<\/strong> Begge tvillingt\u00e5rnene kollapset. Dette angrepet, sammen med to andre kapsler som fant sted samme dag, for\u00e5rsaket d\u00f8den til nesten 3000 mennesker. I dag, for \u00e5 minnes minnet om det falne 11. september, p\u00e5 det n\u00f8yaktige punktet i tragedien st\u00e5r <strong>Nasjonalt 11. september Memorial &#038; Museum <\/strong>eller<strong> &laquo;Ground Zero&raquo; <\/strong>&#8211; Bokstavelig talt &laquo;null niv\u00e5&raquo;. Bygget p\u00e5 grunnlaget for t\u00e5rnene, og har forskjellige omr\u00e5der inkludert <strong>Memorial Plaza<\/strong>et rom med to enorme stridsvogner 9 meter h\u00f8ye (30 fot) som f\u00f8lger omkretsen av t\u00e5rnene, utstyrt med kunstige fossefall og kantet av bronsepaneler med gravert navnene p\u00e5 ofrene. Under minnesmerket er museet, som huser mange symbolske funn, inkludert &laquo;siste kolonne&raquo; og restene av en brannbil.<\/p>\n<h2>National 11. september Memorial &#038; Museum in Ground Zero<\/h2>\n<p>De <strong>National Septeber 11 Memorial &#038; Museum<\/strong> Det er et kompleks som hyller minnet om de over 2900 d\u00f8dsfallene til angrepene 11. september, og de for angrepet av <strong>Februar 1993<\/strong>. Nettstedet der minnesmerket ble laget, kalles <strong>Bakken null<\/strong>. Begrepet stammer fra milit\u00e6r sjargong, og indikerer det n\u00f8yaktige punktet der en bombe, spesielt en atombombe, eksploderer. Valget om \u00e5 bruke dette navnet for \u00e5 indikere et slikt sted er rettet n\u00f8yaktig mot \u00e5 transponere f\u00f8lelsen av tragedie av hendelser og \u00f8deleggelser.<\/p>\n<p>Prosjektet best\u00e5r av forskjellige omr\u00e5der eller sektorer. De<strong> Memorial Plaza<\/strong>opprettet i henhold til prosjektet <strong>Michael Arad<\/strong> Og <strong>Peter Walke<\/strong>ble bygget i stedet for grunnlaget for tvillingt\u00e5rnene, er et omr\u00e5de av <strong>8 dekar<\/strong> (<strong>3.237 Ettar<\/strong>i) hvor 400 eiketr\u00e6r ble plantet p\u00e5. Utend\u00f8rs minnesmerket ble designet for \u00e5 tilby et stille rom, rettet mot ettertanke. I sentrum av minnesmerket er det <strong>To store stridsvogner<\/strong>hvis omkrets er n\u00f8yaktig den som er okkupert av de to t\u00e5rnene, som hver okkuperer et omr\u00e5de p\u00e5 nesten <strong>1 hektar<\/strong>. De to sv\u00f8mmebassengene er blitt unnfanget og laget for \u00e5 v\u00e6re vertskap for de st\u00f8rste kunstige fossefallene i Amerika. Dette er to h\u00f8ye chasmer <strong>9 meter<\/strong>p\u00e5 hvis kanter, navn p\u00e5 <strong>2977 ofre for 90 forskjellige nasjonaliteter<\/strong>. Vi \u00f8nsket \u00e5 gi inntrykk av at vannet skulle falle i tomrommet, uten noen gang \u00e5 stoppe. Dette ba om bruk av et komplekst vanninnsamlings- og dreneringssystem, inkludert et ansiktsoppvarmingssystem og forhindre at vannet oppfyller de kaldere m\u00e5nedene.<\/p>\n<div class=\"cp_wrapper cp_wrapper--fw mb-50\">\n<figure class=\"mm\"><picture class=\"img\" style=\"padding-top:75%\"><source  media=\"(min-width: 1024px)\"><source  media=\"(min-width: 768px)\"><img decoding=\"async\" loading=\"lazy\" src=\"https:\/\/nordnesrepublikken.no\/wp-content\/uploads\/2025\/09\/1757580596_334_Hva-er-Ground-Zero-minnesmerket-som-fyller-hullet-igjen-av.jpg\" alt=\"Bilde\" width=\"1024\" height=\"768\"><\/source><\/source><\/picture><\/figure>\n<\/p><\/div>\n<p>Et av de mest spesielle, og absolutt minneselementene, er absolutt den <strong>Overlevende tre<\/strong>. Det er et tre av Pero som har blitt gjenfunnet av steinsprut, behandlet og laget voksende og plantet i minnesmerket, for \u00e5 symbolisere det amerikanske folks motstandskraft mot slike svake angrep.<\/p>\n<h2>9\/11 museet<\/h2>\n<p>Under minnesmerket <strong>Angrepsmuseet 11. september<\/strong>. Inne i museet er det mange dypt symbolske gjenstander. En av de viktigste &laquo;siste kolonnene&raquo;, den siste s\u00f8ylen fjernet fra angrepsstedet, sammen med en <strong>Brannbil<\/strong> \u00f8delagt. Et annet interessant ingeni\u00f8relement er &laquo;<strong>Slurry Wall<\/strong>&laquo;, En forsterket betongvegg som unngikk at stedet ble oversv\u00f8mmet under oversv\u00f8mmelsen av Hudson -elven. Denne veggen var allerede en del av World Trade Center -komplekset og ble&raquo; gjenfunnet &laquo;som en integrert del av museet.<\/p>\n<div class=\"cp_wrapper cp_wrapper--fw mb-50\">\n<figure class=\"mm\"><picture class=\"img\" style=\"padding-top:65.0390625%\"><source  media=\"(min-width: 1024px)\"><source  media=\"(min-width: 768px)\"><img decoding=\"async\" loading=\"lazy\" src=\"https:\/\/nordnesrepublikken.no\/wp-content\/uploads\/2025\/09\/1757580597_760_Hva-er-Ground-Zero-minnesmerket-som-fyller-hullet-igjen-av.jpg\" alt=\"9\/11 brannbil\" width=\"1024\" height=\"666\" class=\"js-seedtag-img\"><\/source><\/source><\/picture><\/figure>\n<\/p><\/div>\n<p>Blant de viktigste utfordringene ingeni\u00f8rene sto overfor i byggingen av museet. Den tilgjengelige plassen var liten, og ingeni\u00f8rene fant seg ogs\u00e5 \u00e5 m\u00e5tte m\u00f8te tilstedev\u00e6relsen av andre viktige infrastrukturelementer som <strong>Subway<\/strong> Rett p\u00e5 det punktet hvor inngangen burde v\u00e6rt gjort. Dette f\u00f8rte til at designerne valgte \u00e5 st\u00f8tte hele det strukturelle dekket p\u00e5 bare 12 poeng, og utnyttet taket p\u00e5 museet som en sidest\u00f8tte.<\/p>\n<div class=\"cp_wrapper cp_wrapper--fw mb-50\">\n<figure class=\"mm\"><picture class=\"img\" style=\"padding-top:66.796875%\"><source  media=\"(min-width: 1024px)\"><source  media=\"(min-width: 768px)\"><img decoding=\"async\" loading=\"lazy\" src=\"https:\/\/nordnesrepublikken.no\/wp-content\/uploads\/2025\/09\/1757580597_523_Hva-er-Ground-Zero-minnesmerket-som-fyller-hullet-igjen-av.jpg\" alt=\"Bilde\" width=\"1024\" height=\"684\"><\/source><\/source><\/picture><\/figure>\n<\/p><\/div>\n<p>P\u00e5 dette stedet, hvert \u00e5r, <strong>Amerikansk regjering<\/strong> organisere <strong>Minneshendelser<\/strong>rettet mot ikke \u00e5 f\u00e5 minnet om angrepene til \u00e5 tape og forklare den yngste hva som var 11. september.<\/p>\n<h2>Tvillingst\u00e5rnene<\/h2>\n<p>Angrepene p\u00e5 World Trade Center ble beg\u00e5tt mot de to store t\u00e5rnene i hele WTC -komplekset, best\u00e5ende av 16 t\u00e5rn, mest designet av arkitekten <strong>Minoru Yamasaki<\/strong> og av ingeni\u00f8ren <strong>Leslie Robertson<\/strong>. De to t\u00e5rnene var faktisk symbolet p\u00e5 WTC, og ble innviet 4. april 1973.<\/p>\n<p>P\u00e5 tidspunktet for fullf\u00f8ringen var de to t\u00e5rnene de h\u00f8yeste bygningene i verden, med deres <strong>417,5 m Nordt\u00e5rnet<\/strong>Og <strong>415 m s\u00f8rt\u00e5rnet<\/strong>. Det totale arealet for begge t\u00e5rnene var 800 000 kvadratmeter, og de to t\u00e5rnene hadde totalt 196 heiser.<\/p>\n<div class=\"cp_wrapper cp_wrapper--fw mb-50\">\n<figure class=\"mm\"><picture class=\"img\" style=\"padding-top:141.375%\"><source  media=\"(min-width: 1024px)\"><source  media=\"(min-width: 768px)\"><img decoding=\"async\" loading=\"lazy\" src=\"https:\/\/nordnesrepublikken.no\/wp-content\/uploads\/2025\/09\/1757580597_733_Hva-er-Ground-Zero-minnesmerket-som-fyller-hullet-igjen-av.jpg\" alt=\"Bilde\" width=\"800\" height=\"1131\" class=\"js-seedtag-img\"><\/source><\/source><\/picture><\/figure>\n<\/p><\/div>\n<\/p><\/div>\n","protected":false},"excerpt":{"rendered":"<p>Om morgenen tirsdag 11. september 2001 ble to planlagte fly, som tilh\u00f8rte de store American<\/p>\n","protected":false},"author":1,"featured_media":9427,"comment_status":"closed","ping_status":"open","sticky":false,"template":"","format":"standard","meta":{"footnotes":""},"categories":[104],"tags":[6173,6172,6174,144,1215,4489,4418,31,6176,6175],"class_list":["post-9426","post","type-post","status-publish","format-standard","has-post-thumbnail","hentry","category-samfunn","tag-fyller","tag-ground","tag-hullet","tag-hva","tag-igjen","tag-minnesmerket","tag-september","tag-som","tag-towers","tag-twin","generate-columns","tablet-grid-50","mobile-grid-100","grid-parent","grid-33","resize-featured-image"],"yoast_head":"<!-- This site is optimized with the Yoast SEO plugin v24.4 - https:\/\/yoast.com\/wordpress\/plugins\/seo\/ -->\n<title>Hva er Ground Zero, minnesmerket som fyller &quot;hullet&quot; igjen av Twin Towers 11. september 2001 - Nordnesrepublikken<\/title>\n<meta name=\"robots\" content=\"index, follow, max-snippet:-1, max-image-preview:large, max-video-preview:-1\" \/>\n<link rel=\"canonical\" href=\"https:\/\/nordnesrepublikken.no\/index.php\/2025\/09\/11\/hva-er-ground-zero-minnesmerket-som-fyller-hullet-igjen-av-twin-towers-11-september-2001\/\" \/>\n<meta property=\"og:locale\" content=\"nb_NO\" \/>\n<meta property=\"og:type\" content=\"article\" \/>\n<meta property=\"og:title\" content=\"Hva er Ground Zero, minnesmerket som fyller &quot;hullet&quot; igjen av Twin Towers 11. september 2001 - Nordnesrepublikken\" \/>\n<meta property=\"og:description\" content=\"Om morgenen tirsdag 11. september 2001 ble to planlagte fly, som tilh\u00f8rte de store American\" \/>\n<meta property=\"og:url\" content=\"https:\/\/nordnesrepublikken.no\/index.php\/2025\/09\/11\/hva-er-ground-zero-minnesmerket-som-fyller-hullet-igjen-av-twin-towers-11-september-2001\/\" \/>\n<meta property=\"og:site_name\" content=\"Nordnesrepublikken\" \/>\n<meta property=\"article:published_time\" content=\"2025-09-11T08:49:57+00:00\" \/>\n<meta property=\"article:modified_time\" content=\"2025-09-11T08:49:59+00:00\" \/>\n<meta property=\"og:image\" content=\"https:\/\/nordnesrepublikken.no\/wp-content\/uploads\/2025\/09\/1757580597_Hva-er-Ground-Zero-minnesmerket-som-fyller-hullet-igjen-av.jpg\" \/>\n\t<meta property=\"og:image:width\" content=\"2048\" \/>\n\t<meta property=\"og:image:height\" content=\"1365\" \/>\n\t<meta property=\"og:image:type\" content=\"image\/jpeg\" \/>\n<meta name=\"author\" content=\"Ole Andersen\" \/>\n<meta name=\"twitter:card\" content=\"summary_large_image\" \/>\n<meta name=\"twitter:label1\" content=\"Skrevet av\" \/>\n\t<meta name=\"twitter:data1\" content=\"Ole Andersen\" \/>\n\t<meta name=\"twitter:label2\" content=\"Ansl. lesetid\" \/>\n\t<meta name=\"twitter:data2\" content=\"4 minutter\" \/>\n<script type=\"application\/ld+json\" class=\"yoast-schema-graph\">{\"@context\":\"https:\/\/schema.org\",\"@graph\":[{\"@type\":\"Article\",\"@id\":\"https:\/\/nordnesrepublikken.no\/index.php\/2025\/09\/11\/hva-er-ground-zero-minnesmerket-som-fyller-hullet-igjen-av-twin-towers-11-september-2001\/#article\",\"isPartOf\":{\"@id\":\"https:\/\/nordnesrepublikken.no\/index.php\/2025\/09\/11\/hva-er-ground-zero-minnesmerket-som-fyller-hullet-igjen-av-twin-towers-11-september-2001\/\"},\"author\":{\"name\":\"Ole Andersen\",\"@id\":\"https:\/\/nordnesrepublikken.no\/#\/schema\/person\/2e7e81935bab77882fffb79296240ff1\"},\"headline\":\"Hva er Ground Zero, minnesmerket som fyller &laquo;hullet&raquo; igjen av Twin Towers 11. september 2001\",\"datePublished\":\"2025-09-11T08:49:57+00:00\",\"dateModified\":\"2025-09-11T08:49:59+00:00\",\"mainEntityOfPage\":{\"@id\":\"https:\/\/nordnesrepublikken.no\/index.php\/2025\/09\/11\/hva-er-ground-zero-minnesmerket-som-fyller-hullet-igjen-av-twin-towers-11-september-2001\/\"},\"wordCount\":742,\"publisher\":{\"@id\":\"https:\/\/nordnesrepublikken.no\/#organization\"},\"image\":{\"@id\":\"https:\/\/nordnesrepublikken.no\/index.php\/2025\/09\/11\/hva-er-ground-zero-minnesmerket-som-fyller-hullet-igjen-av-twin-towers-11-september-2001\/#primaryimage\"},\"thumbnailUrl\":\"https:\/\/nordnesrepublikken.no\/wp-content\/uploads\/2025\/09\/1757580597_Hva-er-Ground-Zero-minnesmerket-som-fyller-hullet-igjen-av.jpg\",\"keywords\":[\"fyller\",\"Ground\",\"hullet\",\"Hva\",\"igjen\",\"minnesmerket\",\"september\",\"som\",\"Towers\",\"Twin\"],\"articleSection\":[\"Samfunn\"],\"inLanguage\":\"nb-NO\"},{\"@type\":\"WebPage\",\"@id\":\"https:\/\/nordnesrepublikken.no\/index.php\/2025\/09\/11\/hva-er-ground-zero-minnesmerket-som-fyller-hullet-igjen-av-twin-towers-11-september-2001\/\",\"url\":\"https:\/\/nordnesrepublikken.no\/index.php\/2025\/09\/11\/hva-er-ground-zero-minnesmerket-som-fyller-hullet-igjen-av-twin-towers-11-september-2001\/\",\"name\":\"Hva er Ground Zero, minnesmerket som fyller \\\"hullet\\\" igjen av Twin Towers 11. september 2001 - Nordnesrepublikken\",\"isPartOf\":{\"@id\":\"https:\/\/nordnesrepublikken.no\/#website\"},\"primaryImageOfPage\":{\"@id\":\"https:\/\/nordnesrepublikken.no\/index.php\/2025\/09\/11\/hva-er-ground-zero-minnesmerket-som-fyller-hullet-igjen-av-twin-towers-11-september-2001\/#primaryimage\"},\"image\":{\"@id\":\"https:\/\/nordnesrepublikken.no\/index.php\/2025\/09\/11\/hva-er-ground-zero-minnesmerket-som-fyller-hullet-igjen-av-twin-towers-11-september-2001\/#primaryimage\"},\"thumbnailUrl\":\"https:\/\/nordnesrepublikken.no\/wp-content\/uploads\/2025\/09\/1757580597_Hva-er-Ground-Zero-minnesmerket-som-fyller-hullet-igjen-av.jpg\",\"datePublished\":\"2025-09-11T08:49:57+00:00\",\"dateModified\":\"2025-09-11T08:49:59+00:00\",\"breadcrumb\":{\"@id\":\"https:\/\/nordnesrepublikken.no\/index.php\/2025\/09\/11\/hva-er-ground-zero-minnesmerket-som-fyller-hullet-igjen-av-twin-towers-11-september-2001\/#breadcrumb\"},\"inLanguage\":\"nb-NO\",\"potentialAction\":[{\"@type\":\"ReadAction\",\"target\":[\"https:\/\/nordnesrepublikken.no\/index.php\/2025\/09\/11\/hva-er-ground-zero-minnesmerket-som-fyller-hullet-igjen-av-twin-towers-11-september-2001\/\"]}]},{\"@type\":\"ImageObject\",\"inLanguage\":\"nb-NO\",\"@id\":\"https:\/\/nordnesrepublikken.no\/index.php\/2025\/09\/11\/hva-er-ground-zero-minnesmerket-som-fyller-hullet-igjen-av-twin-towers-11-september-2001\/#primaryimage\",\"url\":\"https:\/\/nordnesrepublikken.no\/wp-content\/uploads\/2025\/09\/1757580597_Hva-er-Ground-Zero-minnesmerket-som-fyller-hullet-igjen-av.jpg\",\"contentUrl\":\"https:\/\/nordnesrepublikken.no\/wp-content\/uploads\/2025\/09\/1757580597_Hva-er-Ground-Zero-minnesmerket-som-fyller-hullet-igjen-av.jpg\",\"width\":2048,\"height\":1365,\"caption\":\"ground zero\"},{\"@type\":\"BreadcrumbList\",\"@id\":\"https:\/\/nordnesrepublikken.no\/index.php\/2025\/09\/11\/hva-er-ground-zero-minnesmerket-som-fyller-hullet-igjen-av-twin-towers-11-september-2001\/#breadcrumb\",\"itemListElement\":[{\"@type\":\"ListItem\",\"position\":1,\"name\":\"Home\",\"item\":\"https:\/\/nordnesrepublikken.no\/\"},{\"@type\":\"ListItem\",\"position\":2,\"name\":\"Hva er Ground Zero, minnesmerket som fyller &laquo;hullet&raquo; igjen av Twin Towers 11. september 2001\"}]},{\"@type\":\"WebSite\",\"@id\":\"https:\/\/nordnesrepublikken.no\/#website\",\"url\":\"https:\/\/nordnesrepublikken.no\/\",\"name\":\"Nordnesrepublikken\",\"description\":\"Stemmer og Visjoner fra Republikkens Hjerte\",\"publisher\":{\"@id\":\"https:\/\/nordnesrepublikken.no\/#organization\"},\"potentialAction\":[{\"@type\":\"SearchAction\",\"target\":{\"@type\":\"EntryPoint\",\"urlTemplate\":\"https:\/\/nordnesrepublikken.no\/?s={search_term_string}\"},\"query-input\":{\"@type\":\"PropertyValueSpecification\",\"valueRequired\":true,\"valueName\":\"search_term_string\"}}],\"inLanguage\":\"nb-NO\"},{\"@type\":\"Organization\",\"@id\":\"https:\/\/nordnesrepublikken.no\/#organization\",\"name\":\"Nordnesrepublikken\",\"url\":\"https:\/\/nordnesrepublikken.no\/\",\"logo\":{\"@type\":\"ImageObject\",\"inLanguage\":\"nb-NO\",\"@id\":\"https:\/\/nordnesrepublikken.no\/#\/schema\/logo\/image\/\",\"url\":\"https:\/\/nordnesrepublikken.no\/wp-content\/uploads\/2025\/02\/cropped-nordnesrepublikken-2.png\",\"contentUrl\":\"https:\/\/nordnesrepublikken.no\/wp-content\/uploads\/2025\/02\/cropped-nordnesrepublikken-2.png\",\"width\":1248,\"height\":362,\"caption\":\"Nordnesrepublikken\"},\"image\":{\"@id\":\"https:\/\/nordnesrepublikken.no\/#\/schema\/logo\/image\/\"}},{\"@type\":\"Person\",\"@id\":\"https:\/\/nordnesrepublikken.no\/#\/schema\/person\/2e7e81935bab77882fffb79296240ff1\",\"name\":\"Ole Andersen\",\"image\":{\"@type\":\"ImageObject\",\"inLanguage\":\"nb-NO\",\"@id\":\"https:\/\/nordnesrepublikken.no\/#\/schema\/person\/image\/\",\"url\":\"https:\/\/nordnesrepublikken.no\/wp-content\/uploads\/2025\/02\/nordnesrepublikken-2-2-150x150.jpg\",\"contentUrl\":\"https:\/\/nordnesrepublikken.no\/wp-content\/uploads\/2025\/02\/nordnesrepublikken-2-2-150x150.jpg\",\"caption\":\"Ole Andersen\"},\"description\":\"Ettersom jeg vokste opp i Oslo, har jeg alltid v\u00e6rt fascinert av ordenes kraft og deres evne til \u00e5 skape endringer. Etter \u00e5 ha fullf\u00f8rt min utdannelse i kommunikasjon ved Universitetet i Bergen, fikk jeg muligheten til \u00e5 jobbe innen ulike medier, der jeg har s\u00f8kt \u00e5 belyse viktige samfunnssp\u00f8rsm\u00e5l. I dag, som redakt\u00f8r for Nordnesrepublikken, pr\u00f8ver jeg \u00e5 forene min kj\u00e6rlighet for journalistikk med min lidenskap for innovasjon og eventyr.\",\"sameAs\":[\"https:\/\/nordnesrepublikken.no\/\"]}]}<\/script>\n<!-- \/ Yoast SEO plugin. -->","yoast_head_json":{"title":"Hva er Ground Zero, minnesmerket som fyller \"hullet\" igjen av Twin Towers 11. september 2001 - Nordnesrepublikken","robots":{"index":"index","follow":"follow","max-snippet":"max-snippet:-1","max-image-preview":"max-image-preview:large","max-video-preview":"max-video-preview:-1"},"canonical":"https:\/\/nordnesrepublikken.no\/index.php\/2025\/09\/11\/hva-er-ground-zero-minnesmerket-som-fyller-hullet-igjen-av-twin-towers-11-september-2001\/","og_locale":"nb_NO","og_type":"article","og_title":"Hva er Ground Zero, minnesmerket som fyller \"hullet\" igjen av Twin Towers 11. september 2001 - Nordnesrepublikken","og_description":"Om morgenen tirsdag 11. september 2001 ble to planlagte fly, som tilh\u00f8rte de store American","og_url":"https:\/\/nordnesrepublikken.no\/index.php\/2025\/09\/11\/hva-er-ground-zero-minnesmerket-som-fyller-hullet-igjen-av-twin-towers-11-september-2001\/","og_site_name":"Nordnesrepublikken","article_published_time":"2025-09-11T08:49:57+00:00","article_modified_time":"2025-09-11T08:49:59+00:00","og_image":[{"width":2048,"height":1365,"url":"https:\/\/nordnesrepublikken.no\/wp-content\/uploads\/2025\/09\/1757580597_Hva-er-Ground-Zero-minnesmerket-som-fyller-hullet-igjen-av.jpg","type":"image\/jpeg"}],"author":"Ole Andersen","twitter_card":"summary_large_image","twitter_misc":{"Skrevet av":"Ole Andersen","Ansl. lesetid":"4 minutter"},"schema":{"@context":"https:\/\/schema.org","@graph":[{"@type":"Article","@id":"https:\/\/nordnesrepublikken.no\/index.php\/2025\/09\/11\/hva-er-ground-zero-minnesmerket-som-fyller-hullet-igjen-av-twin-towers-11-september-2001\/#article","isPartOf":{"@id":"https:\/\/nordnesrepublikken.no\/index.php\/2025\/09\/11\/hva-er-ground-zero-minnesmerket-som-fyller-hullet-igjen-av-twin-towers-11-september-2001\/"},"author":{"name":"Ole Andersen","@id":"https:\/\/nordnesrepublikken.no\/#\/schema\/person\/2e7e81935bab77882fffb79296240ff1"},"headline":"Hva er Ground Zero, minnesmerket som fyller &laquo;hullet&raquo; igjen av Twin Towers 11. september 2001","datePublished":"2025-09-11T08:49:57+00:00","dateModified":"2025-09-11T08:49:59+00:00","mainEntityOfPage":{"@id":"https:\/\/nordnesrepublikken.no\/index.php\/2025\/09\/11\/hva-er-ground-zero-minnesmerket-som-fyller-hullet-igjen-av-twin-towers-11-september-2001\/"},"wordCount":742,"publisher":{"@id":"https:\/\/nordnesrepublikken.no\/#organization"},"image":{"@id":"https:\/\/nordnesrepublikken.no\/index.php\/2025\/09\/11\/hva-er-ground-zero-minnesmerket-som-fyller-hullet-igjen-av-twin-towers-11-september-2001\/#primaryimage"},"thumbnailUrl":"https:\/\/nordnesrepublikken.no\/wp-content\/uploads\/2025\/09\/1757580597_Hva-er-Ground-Zero-minnesmerket-som-fyller-hullet-igjen-av.jpg","keywords":["fyller","Ground","hullet","Hva","igjen","minnesmerket","september","som","Towers","Twin"],"articleSection":["Samfunn"],"inLanguage":"nb-NO"},{"@type":"WebPage","@id":"https:\/\/nordnesrepublikken.no\/index.php\/2025\/09\/11\/hva-er-ground-zero-minnesmerket-som-fyller-hullet-igjen-av-twin-towers-11-september-2001\/","url":"https:\/\/nordnesrepublikken.no\/index.php\/2025\/09\/11\/hva-er-ground-zero-minnesmerket-som-fyller-hullet-igjen-av-twin-towers-11-september-2001\/","name":"Hva er Ground Zero, minnesmerket som fyller \"hullet\" igjen av Twin Towers 11. september 2001 - Nordnesrepublikken","isPartOf":{"@id":"https:\/\/nordnesrepublikken.no\/#website"},"primaryImageOfPage":{"@id":"https:\/\/nordnesrepublikken.no\/index.php\/2025\/09\/11\/hva-er-ground-zero-minnesmerket-som-fyller-hullet-igjen-av-twin-towers-11-september-2001\/#primaryimage"},"image":{"@id":"https:\/\/nordnesrepublikken.no\/index.php\/2025\/09\/11\/hva-er-ground-zero-minnesmerket-som-fyller-hullet-igjen-av-twin-towers-11-september-2001\/#primaryimage"},"thumbnailUrl":"https:\/\/nordnesrepublikken.no\/wp-content\/uploads\/2025\/09\/1757580597_Hva-er-Ground-Zero-minnesmerket-som-fyller-hullet-igjen-av.jpg","datePublished":"2025-09-11T08:49:57+00:00","dateModified":"2025-09-11T08:49:59+00:00","breadcrumb":{"@id":"https:\/\/nordnesrepublikken.no\/index.php\/2025\/09\/11\/hva-er-ground-zero-minnesmerket-som-fyller-hullet-igjen-av-twin-towers-11-september-2001\/#breadcrumb"},"inLanguage":"nb-NO","potentialAction":[{"@type":"ReadAction","target":["https:\/\/nordnesrepublikken.no\/index.php\/2025\/09\/11\/hva-er-ground-zero-minnesmerket-som-fyller-hullet-igjen-av-twin-towers-11-september-2001\/"]}]},{"@type":"ImageObject","inLanguage":"nb-NO","@id":"https:\/\/nordnesrepublikken.no\/index.php\/2025\/09\/11\/hva-er-ground-zero-minnesmerket-som-fyller-hullet-igjen-av-twin-towers-11-september-2001\/#primaryimage","url":"https:\/\/nordnesrepublikken.no\/wp-content\/uploads\/2025\/09\/1757580597_Hva-er-Ground-Zero-minnesmerket-som-fyller-hullet-igjen-av.jpg","contentUrl":"https:\/\/nordnesrepublikken.no\/wp-content\/uploads\/2025\/09\/1757580597_Hva-er-Ground-Zero-minnesmerket-som-fyller-hullet-igjen-av.jpg","width":2048,"height":1365,"caption":"ground zero"},{"@type":"BreadcrumbList","@id":"https:\/\/nordnesrepublikken.no\/index.php\/2025\/09\/11\/hva-er-ground-zero-minnesmerket-som-fyller-hullet-igjen-av-twin-towers-11-september-2001\/#breadcrumb","itemListElement":[{"@type":"ListItem","position":1,"name":"Home","item":"https:\/\/nordnesrepublikken.no\/"},{"@type":"ListItem","position":2,"name":"Hva er Ground Zero, minnesmerket som fyller &laquo;hullet&raquo; igjen av Twin Towers 11. september 2001"}]},{"@type":"WebSite","@id":"https:\/\/nordnesrepublikken.no\/#website","url":"https:\/\/nordnesrepublikken.no\/","name":"Nordnesrepublikken","description":"Stemmer og Visjoner fra Republikkens Hjerte","publisher":{"@id":"https:\/\/nordnesrepublikken.no\/#organization"},"potentialAction":[{"@type":"SearchAction","target":{"@type":"EntryPoint","urlTemplate":"https:\/\/nordnesrepublikken.no\/?s={search_term_string}"},"query-input":{"@type":"PropertyValueSpecification","valueRequired":true,"valueName":"search_term_string"}}],"inLanguage":"nb-NO"},{"@type":"Organization","@id":"https:\/\/nordnesrepublikken.no\/#organization","name":"Nordnesrepublikken","url":"https:\/\/nordnesrepublikken.no\/","logo":{"@type":"ImageObject","inLanguage":"nb-NO","@id":"https:\/\/nordnesrepublikken.no\/#\/schema\/logo\/image\/","url":"https:\/\/nordnesrepublikken.no\/wp-content\/uploads\/2025\/02\/cropped-nordnesrepublikken-2.png","contentUrl":"https:\/\/nordnesrepublikken.no\/wp-content\/uploads\/2025\/02\/cropped-nordnesrepublikken-2.png","width":1248,"height":362,"caption":"Nordnesrepublikken"},"image":{"@id":"https:\/\/nordnesrepublikken.no\/#\/schema\/logo\/image\/"}},{"@type":"Person","@id":"https:\/\/nordnesrepublikken.no\/#\/schema\/person\/2e7e81935bab77882fffb79296240ff1","name":"Ole Andersen","image":{"@type":"ImageObject","inLanguage":"nb-NO","@id":"https:\/\/nordnesrepublikken.no\/#\/schema\/person\/image\/","url":"https:\/\/nordnesrepublikken.no\/wp-content\/uploads\/2025\/02\/nordnesrepublikken-2-2-150x150.jpg","contentUrl":"https:\/\/nordnesrepublikken.no\/wp-content\/uploads\/2025\/02\/nordnesrepublikken-2-2-150x150.jpg","caption":"Ole Andersen"},"description":"Ettersom jeg vokste opp i Oslo, har jeg alltid v\u00e6rt fascinert av ordenes kraft og deres evne til \u00e5 skape endringer. Etter \u00e5 ha fullf\u00f8rt min utdannelse i kommunikasjon ved Universitetet i Bergen, fikk jeg muligheten til \u00e5 jobbe innen ulike medier, der jeg har s\u00f8kt \u00e5 belyse viktige samfunnssp\u00f8rsm\u00e5l. I dag, som redakt\u00f8r for Nordnesrepublikken, pr\u00f8ver jeg \u00e5 forene min kj\u00e6rlighet for journalistikk med min lidenskap for innovasjon og eventyr.","sameAs":["https:\/\/nordnesrepublikken.no\/"]}]}},"_links":{"self":[{"href":"https:\/\/nordnesrepublikken.no\/index.php\/wp-json\/wp\/v2\/posts\/9426","targetHints":{"allow":["GET"]}}],"collection":[{"href":"https:\/\/nordnesrepublikken.no\/index.php\/wp-json\/wp\/v2\/posts"}],"about":[{"href":"https:\/\/nordnesrepublikken.no\/index.php\/wp-json\/wp\/v2\/types\/post"}],"author":[{"embeddable":true,"href":"https:\/\/nordnesrepublikken.no\/index.php\/wp-json\/wp\/v2\/users\/1"}],"replies":[{"embeddable":true,"href":"https:\/\/nordnesrepublikken.no\/index.php\/wp-json\/wp\/v2\/comments?post=9426"}],"version-history":[{"count":1,"href":"https:\/\/nordnesrepublikken.no\/index.php\/wp-json\/wp\/v2\/posts\/9426\/revisions"}],"predecessor-version":[{"id":9428,"href":"https:\/\/nordnesrepublikken.no\/index.php\/wp-json\/wp\/v2\/posts\/9426\/revisions\/9428"}],"wp:featuredmedia":[{"embeddable":true,"href":"https:\/\/nordnesrepublikken.no\/index.php\/wp-json\/wp\/v2\/media\/9427"}],"wp:attachment":[{"href":"https:\/\/nordnesrepublikken.no\/index.php\/wp-json\/wp\/v2\/media?parent=9426"}],"wp:term":[{"taxonomy":"category","embeddable":true,"href":"https:\/\/nordnesrepublikken.no\/index.php\/wp-json\/wp\/v2\/categories?post=9426"},{"taxonomy":"post_tag","embeddable":true,"href":"https:\/\/nordnesrepublikken.no\/index.php\/wp-json\/wp\/v2\/tags?post=9426"}],"curies":[{"name":"wp","href":"https:\/\/api.w.org\/{rel}","templated":true}]}}