{"id":9390,"date":"2025-09-10T06:50:17","date_gmt":"2025-09-10T04:50:17","guid":{"rendered":"https:\/\/nordnesrepublikken.no\/index.php\/2025\/09\/10\/hvorfor-varer-sommerskoleferien-i-italia\/"},"modified":"2025-09-10T06:50:19","modified_gmt":"2025-09-10T04:50:19","slug":"hvorfor-varer-sommerskoleferien-i-italia","status":"publish","type":"post","link":"https:\/\/nordnesrepublikken.no\/index.php\/2025\/09\/10\/hvorfor-varer-sommerskoleferien-i-italia\/","title":{"rendered":"Hvorfor varer sommerskoleferien i Italia?"},"content":{"rendered":"<div>\n<div class=\"cp_wrapper cp_wrapper--fw mb-30 mb-20@tablet\">\n<figure class=\"mm\"><picture class=\"img\" style=\"padding-top:56.25%\"><source  media=\"(min-width: 1024px)\"><source  media=\"(min-width: 768px)\"><\/source><\/source><\/picture><\/figure>\n<\/p><\/div>\n<p>I Italia, The <strong>Sommerskoleferier<\/strong> De er veldig lange: de varer tre m\u00e5neder, og g\u00e5r fra juni til september. De er de lengste i Europa. Men hvorfor? Varigheten av disse h\u00f8ytidene er knyttet til <strong>Syklus av landbruksverk:<\/strong> I det siste, n\u00e5r det meste av befolkningen <strong>Italiensk var okkupert i landbruket<\/strong>Unge mennesker m\u00e5tte v\u00e6re hjemme for \u00e5 hjelpe familier i den perioden arbeidet i \u00e5krene var mer intenst. Da Italia sluttet \u00e5 v\u00e6re et land med jordbruksforekomst <strong>Ferienes varighet er bevart<\/strong>med noen varianter, delvis for <strong>konservatisme og inn av klimatiske grunner<\/strong>. I dag varer ferien omtrent 13 uker, og det er derfor ingen mangel p\u00e5 de som foresl\u00e5r \u00e5 endre varigheten, men til n\u00e5 har alle forslagene falt i tomrommet. De tre m\u00e5nedene med ferie, dessuten ,, <strong>presentere b\u00e5de fordeler og ulemper<\/strong> for studenter og for samfunnet.<\/p>\n<h2>Hvor lenge sommerferien for skolen i Italia varer<\/h2>\n<p>For studenter varer sommerferien omtrent tre m\u00e5neder, tilsvarer <strong>13 uker<\/strong>fra midten av juni til midten av september. Dette betyr ikke at skoler i tre m\u00e5neder er stengt, fordi det er eksamener og administrative aktiviteter og organisasjonsaktiviteter, men om sommeren er det ingen leksjon. Italia er sammen med Latvia, det europeiske landet der h\u00f8ytiden er lengre. I noen tilfeller, for eksempel i Tyskland og Frankrike, h\u00f8ytider <strong>De varer bare 6-8 uker<\/strong>men skolekalendere inkluderer forskjellige hvileperioder i l\u00f8pet av skole\u00e5ret. Til tross for de lange sommerferien, er Italia sammen med Danmark landet der det mest faktiske antallet skoledager er laget: <strong>200 per \u00e5r<\/strong>.<\/p>\n<div class=\"cp_wrapper cp_wrapper--fw mb-50\">\n<figure class=\"mm\"><picture class=\"img\" style=\"padding-top:64.516129032258%\"><source  media=\"(min-width: 1024px)\"><source  media=\"(min-width: 768px)\"><img decoding=\"async\" loading=\"lazy\" src=\"https:\/\/nordnesrepublikken.no\/wp-content\/uploads\/2025\/09\/1757479817_320_Hvorfor-varer-sommerskoleferien-i-Italia.jpg\" alt=\"En skoleklasse (Horizoncicuola.it)\" width=\"1240\" height=\"800\"><\/source><\/source><\/picture><\/figure>\n<\/p><\/div>\n<h2>Hvorfor sommerferien er s\u00e5 lang<\/h2>\n<p>Varigheten av sommerskoleferien er knyttet til <strong>\u00d8konomisk og sosial struktur utbredt i fortiden<\/strong>: Fram til 1950-60-tallet seiret bondesivilisasjonen i Italia, og det var n\u00f8dvendig at guttene i skolealderen forble hjemme om sommeren, en periode med <strong>Maksimal aktivitet i feltene<\/strong>spesielt for syklusen av hvete og for de andre samlingene. \u00c5 holde sommerskolene \u00e5pne ville ha betydd at incentivering av skoleflukt, fordi mange familier ikke kunne gi fra seg bidraget fra barn i landbruksarbeid. Fram til 70 -tallet, dessuten skolen <strong>Han startet alltid 1. oktober<\/strong> Og f\u00f8rst siden 1977 har begynnelsen av \u00e5ret blitt forventet til en dag mellom 10. og 20. september.<\/p>\n<p>Praksisen med \u00e5 lage tre -m\u00e5neders h\u00f8ytid sist ble bevart selv n\u00e5r Italia har sluttet \u00e5 v\u00e6re et landbruksland og fordi det er <strong>Vanskelig \u00e5 endre forankrede tradisjoner<\/strong>og for <strong>klimatiske grunner<\/strong>: I sommerm\u00e5nedene gj\u00f8r varmen det vanskeligere \u00e5 g\u00e5 p\u00e5 skole.<\/p>\n<h2>Forslagene om \u00e5 endre varigheten<\/h2>\n<p>Flere eksponenter i den regjerende klassen og den intellektuelle verden har foresl\u00e5tt <strong>varier varigheten av h\u00f8ytiden<\/strong>organisere skolekalenderen p\u00e5 en annen m\u00e5te. For eksempel i 2007 utdanningsministeren <strong>Giuseppe Fioroni<\/strong> Han evaluerte muligheten for \u00e5 forkorte to -ukers h\u00f8ytider, tilordne nye hvileperioder i l\u00f8pet av \u00e5ret, men ideen <strong>hadde ikke fulgt<\/strong>. Andre fors\u00f8k p\u00e5 \u00e5 endre var <strong>Avansert i 2013<\/strong>p\u00e5 tidspunktet for Monti -regjeringen, og i de p\u00e5f\u00f8lgende \u00e5rene. I 2021, p\u00e5 grunn av tap av leksjoner for\u00e5rsaket av Covid-19-pandemien, ikke kompensert nok ved avstandsundervisning, <strong>Draghi -regjeringen<\/strong> Han foreslo \u00e5 holde skolene \u00e5pne lenger om sommeren, men forslaget falt i tomrommet. Nylig har en online begj\u00e6ring ogs\u00e5 blitt lansert for \u00e5 forkorte h\u00f8ytiden.<\/p>\n<div class=\"cp_wrapper cp_wrapper--fw mb-50\">\n<figure class=\"mm\"><picture class=\"img\" style=\"padding-top:56.25%\"><source  media=\"(min-width: 1024px)\"><source  media=\"(min-width: 768px)\"><img decoding=\"async\" loading=\"lazy\" src=\"https:\/\/nordnesrepublikken.no\/wp-content\/uploads\/2025\/09\/1757479817_413_Hvorfor-varer-sommerskoleferien-i-Italia.jpg\" alt=\"Sommerferie (Schoollink.it)\" width=\"1200\" height=\"675\" class=\"js-seedtag-img\"><\/source><\/source><\/picture><\/figure>\n<\/p><\/div>\n<p>Det er heller ingen mangel <strong>Forslag til det motsatte skiltet<\/strong>if\u00f8lge hvilken skolen skulle begynne i oktober, slik det ble gjort til 70 -tallet. En slik avhandling har nylig blitt st\u00f8ttet blant annet av den tidligere senatoren <strong>Marinella Pacific<\/strong>hvor det er n\u00f8dvendig \u00e5 beskytte elever og l\u00e6rere fra sommerm\u00e5nedene.<\/p>\n<h2>Fordeler og ulemper med tre -month skoleferier<\/h2>\n<p>Varigheten av h\u00f8ytiden <strong>Det har fordeler og ulemper<\/strong>. Blant fordelene, muligheten for studenter av studenter <strong>regenerere og bruke deg til fritidsaktiviteter<\/strong>. I tillegg tillater de tre m\u00e5nedene med h\u00f8ytider deg <strong>reise og m\u00f8te nye realiteter<\/strong>som imidlertid representerer en form for l\u00e6ring. Fra et \u00f8konomisk synspunkt, den lange varigheten av skoleferien <strong>favoriserer turisme,<\/strong> Fordi familier har flere muligheter til \u00e5 holde seg hjemmefra.<\/p>\n<p>Blant ulempene er det viktigste <strong>L\u00e6ringstap<\/strong>det vil si tapet av l\u00e6ring. Den lange sommerferien f\u00e5r studentene til \u00e5 glemme en del av det som er nedenfor i l\u00f8pet av \u00e5ret: if\u00f8lge noen estimater glemmer de mellom 17 og 28% av det de l\u00e6rte p\u00e5 det humanistiske feltet og mellom 25 og 34% i matematikk. I tillegg gj\u00f8r ferien <strong>Forskjeller i livsstil mellom studenter som tilh\u00f8rer forskjellige sosiale klasser<\/strong>fordi bare velst\u00e5ende familier har r\u00e5d til \u00e5 ta lange turer til barna sine, mens de andre blir tvunget til \u00e5 forlate dem hjemme, ser ofte p\u00e5 TV eller leker med smarttelefoner. Endelig skaper h\u00f8ytiden <strong>Vanskeligheter for foreldre som jobber<\/strong>og spesielt for m\u00f8drene, som generelt er involvert i st\u00f8rre grad enn fedrene i omsorgen for barna; F\u00f8lgelig den lange perioden med ferie for \u00e5 \u00f8ke <strong>Kj\u00f8nnsl\u00f8nnsgap<\/strong>det vil si forskjellen i godtgj\u00f8relse mellom menn og kvinner, og den mer generelle kj\u00f8nnsforskjellen.<\/p>\n<\/p><\/div>\n","protected":false},"excerpt":{"rendered":"<p>I Italia, The Sommerskoleferier De er veldig lange: de varer tre m\u00e5neder, og g\u00e5r fra<\/p>\n","protected":false},"author":1,"featured_media":9391,"comment_status":"closed","ping_status":"open","sticky":false,"template":"","format":"standard","meta":{"footnotes":""},"categories":[104],"tags":[101,437,6142,1035],"class_list":["post-9390","post","type-post","status-publish","format-standard","has-post-thumbnail","hentry","category-samfunn","tag-hvorfor","tag-italia","tag-sommerskoleferien","tag-varer","generate-columns","tablet-grid-50","mobile-grid-100","grid-parent","grid-33","resize-featured-image"],"yoast_head":"<!-- This site is optimized with the Yoast SEO plugin v24.4 - https:\/\/yoast.com\/wordpress\/plugins\/seo\/ -->\n<title>Hvorfor varer sommerskoleferien i Italia? - Nordnesrepublikken<\/title>\n<meta name=\"robots\" content=\"index, follow, max-snippet:-1, max-image-preview:large, max-video-preview:-1\" \/>\n<link rel=\"canonical\" href=\"https:\/\/nordnesrepublikken.no\/index.php\/2025\/09\/10\/hvorfor-varer-sommerskoleferien-i-italia\/\" \/>\n<meta property=\"og:locale\" content=\"nb_NO\" \/>\n<meta property=\"og:type\" content=\"article\" \/>\n<meta property=\"og:title\" content=\"Hvorfor varer sommerskoleferien i Italia? - Nordnesrepublikken\" \/>\n<meta property=\"og:description\" content=\"I Italia, The Sommerskoleferier De er veldig lange: de varer tre m\u00e5neder, og g\u00e5r fra\" \/>\n<meta property=\"og:url\" content=\"https:\/\/nordnesrepublikken.no\/index.php\/2025\/09\/10\/hvorfor-varer-sommerskoleferien-i-italia\/\" \/>\n<meta property=\"og:site_name\" content=\"Nordnesrepublikken\" \/>\n<meta property=\"article:published_time\" content=\"2025-09-10T04:50:17+00:00\" \/>\n<meta property=\"article:modified_time\" content=\"2025-09-10T04:50:19+00:00\" \/>\n<meta property=\"og:image\" content=\"https:\/\/nordnesrepublikken.no\/wp-content\/uploads\/2025\/09\/1757479818_Hvorfor-varer-sommerskoleferien-i-Italia.jpg\" \/>\n\t<meta property=\"og:image:width\" content=\"1536\" \/>\n\t<meta property=\"og:image:height\" content=\"1024\" \/>\n\t<meta property=\"og:image:type\" content=\"image\/jpeg\" \/>\n<meta name=\"author\" content=\"Ole Andersen\" \/>\n<meta name=\"twitter:card\" content=\"summary_large_image\" \/>\n<meta name=\"twitter:label1\" content=\"Skrevet av\" \/>\n\t<meta name=\"twitter:data1\" content=\"Ole Andersen\" \/>\n\t<meta name=\"twitter:label2\" content=\"Ansl. lesetid\" \/>\n\t<meta name=\"twitter:data2\" content=\"4 minutter\" \/>\n<script type=\"application\/ld+json\" class=\"yoast-schema-graph\">{\"@context\":\"https:\/\/schema.org\",\"@graph\":[{\"@type\":\"Article\",\"@id\":\"https:\/\/nordnesrepublikken.no\/index.php\/2025\/09\/10\/hvorfor-varer-sommerskoleferien-i-italia\/#article\",\"isPartOf\":{\"@id\":\"https:\/\/nordnesrepublikken.no\/index.php\/2025\/09\/10\/hvorfor-varer-sommerskoleferien-i-italia\/\"},\"author\":{\"name\":\"Ole Andersen\",\"@id\":\"https:\/\/nordnesrepublikken.no\/#\/schema\/person\/2e7e81935bab77882fffb79296240ff1\"},\"headline\":\"Hvorfor varer sommerskoleferien i Italia?\",\"datePublished\":\"2025-09-10T04:50:17+00:00\",\"dateModified\":\"2025-09-10T04:50:19+00:00\",\"mainEntityOfPage\":{\"@id\":\"https:\/\/nordnesrepublikken.no\/index.php\/2025\/09\/10\/hvorfor-varer-sommerskoleferien-i-italia\/\"},\"wordCount\":806,\"publisher\":{\"@id\":\"https:\/\/nordnesrepublikken.no\/#organization\"},\"image\":{\"@id\":\"https:\/\/nordnesrepublikken.no\/index.php\/2025\/09\/10\/hvorfor-varer-sommerskoleferien-i-italia\/#primaryimage\"},\"thumbnailUrl\":\"https:\/\/nordnesrepublikken.no\/wp-content\/uploads\/2025\/09\/1757479818_Hvorfor-varer-sommerskoleferien-i-Italia.jpg\",\"keywords\":[\"hvorfor\",\"Italia\",\"sommerskoleferien\",\"varer\"],\"articleSection\":[\"Samfunn\"],\"inLanguage\":\"nb-NO\"},{\"@type\":\"WebPage\",\"@id\":\"https:\/\/nordnesrepublikken.no\/index.php\/2025\/09\/10\/hvorfor-varer-sommerskoleferien-i-italia\/\",\"url\":\"https:\/\/nordnesrepublikken.no\/index.php\/2025\/09\/10\/hvorfor-varer-sommerskoleferien-i-italia\/\",\"name\":\"Hvorfor varer sommerskoleferien i Italia? - Nordnesrepublikken\",\"isPartOf\":{\"@id\":\"https:\/\/nordnesrepublikken.no\/#website\"},\"primaryImageOfPage\":{\"@id\":\"https:\/\/nordnesrepublikken.no\/index.php\/2025\/09\/10\/hvorfor-varer-sommerskoleferien-i-italia\/#primaryimage\"},\"image\":{\"@id\":\"https:\/\/nordnesrepublikken.no\/index.php\/2025\/09\/10\/hvorfor-varer-sommerskoleferien-i-italia\/#primaryimage\"},\"thumbnailUrl\":\"https:\/\/nordnesrepublikken.no\/wp-content\/uploads\/2025\/09\/1757479818_Hvorfor-varer-sommerskoleferien-i-Italia.jpg\",\"datePublished\":\"2025-09-10T04:50:17+00:00\",\"dateModified\":\"2025-09-10T04:50:19+00:00\",\"breadcrumb\":{\"@id\":\"https:\/\/nordnesrepublikken.no\/index.php\/2025\/09\/10\/hvorfor-varer-sommerskoleferien-i-italia\/#breadcrumb\"},\"inLanguage\":\"nb-NO\",\"potentialAction\":[{\"@type\":\"ReadAction\",\"target\":[\"https:\/\/nordnesrepublikken.no\/index.php\/2025\/09\/10\/hvorfor-varer-sommerskoleferien-i-italia\/\"]}]},{\"@type\":\"ImageObject\",\"inLanguage\":\"nb-NO\",\"@id\":\"https:\/\/nordnesrepublikken.no\/index.php\/2025\/09\/10\/hvorfor-varer-sommerskoleferien-i-italia\/#primaryimage\",\"url\":\"https:\/\/nordnesrepublikken.no\/wp-content\/uploads\/2025\/09\/1757479818_Hvorfor-varer-sommerskoleferien-i-Italia.jpg\",\"contentUrl\":\"https:\/\/nordnesrepublikken.no\/wp-content\/uploads\/2025\/09\/1757479818_Hvorfor-varer-sommerskoleferien-i-Italia.jpg\",\"width\":1536,\"height\":1024,\"caption\":\"Immagine\"},{\"@type\":\"BreadcrumbList\",\"@id\":\"https:\/\/nordnesrepublikken.no\/index.php\/2025\/09\/10\/hvorfor-varer-sommerskoleferien-i-italia\/#breadcrumb\",\"itemListElement\":[{\"@type\":\"ListItem\",\"position\":1,\"name\":\"Home\",\"item\":\"https:\/\/nordnesrepublikken.no\/\"},{\"@type\":\"ListItem\",\"position\":2,\"name\":\"Hvorfor varer sommerskoleferien i Italia?\"}]},{\"@type\":\"WebSite\",\"@id\":\"https:\/\/nordnesrepublikken.no\/#website\",\"url\":\"https:\/\/nordnesrepublikken.no\/\",\"name\":\"Nordnesrepublikken\",\"description\":\"Stemmer og Visjoner fra Republikkens Hjerte\",\"publisher\":{\"@id\":\"https:\/\/nordnesrepublikken.no\/#organization\"},\"potentialAction\":[{\"@type\":\"SearchAction\",\"target\":{\"@type\":\"EntryPoint\",\"urlTemplate\":\"https:\/\/nordnesrepublikken.no\/?s={search_term_string}\"},\"query-input\":{\"@type\":\"PropertyValueSpecification\",\"valueRequired\":true,\"valueName\":\"search_term_string\"}}],\"inLanguage\":\"nb-NO\"},{\"@type\":\"Organization\",\"@id\":\"https:\/\/nordnesrepublikken.no\/#organization\",\"name\":\"Nordnesrepublikken\",\"url\":\"https:\/\/nordnesrepublikken.no\/\",\"logo\":{\"@type\":\"ImageObject\",\"inLanguage\":\"nb-NO\",\"@id\":\"https:\/\/nordnesrepublikken.no\/#\/schema\/logo\/image\/\",\"url\":\"https:\/\/nordnesrepublikken.no\/wp-content\/uploads\/2025\/02\/cropped-nordnesrepublikken-2.png\",\"contentUrl\":\"https:\/\/nordnesrepublikken.no\/wp-content\/uploads\/2025\/02\/cropped-nordnesrepublikken-2.png\",\"width\":1248,\"height\":362,\"caption\":\"Nordnesrepublikken\"},\"image\":{\"@id\":\"https:\/\/nordnesrepublikken.no\/#\/schema\/logo\/image\/\"}},{\"@type\":\"Person\",\"@id\":\"https:\/\/nordnesrepublikken.no\/#\/schema\/person\/2e7e81935bab77882fffb79296240ff1\",\"name\":\"Ole Andersen\",\"image\":{\"@type\":\"ImageObject\",\"inLanguage\":\"nb-NO\",\"@id\":\"https:\/\/nordnesrepublikken.no\/#\/schema\/person\/image\/\",\"url\":\"https:\/\/nordnesrepublikken.no\/wp-content\/uploads\/2025\/02\/nordnesrepublikken-2-2-150x150.jpg\",\"contentUrl\":\"https:\/\/nordnesrepublikken.no\/wp-content\/uploads\/2025\/02\/nordnesrepublikken-2-2-150x150.jpg\",\"caption\":\"Ole Andersen\"},\"description\":\"Ettersom jeg vokste opp i Oslo, har jeg alltid v\u00e6rt fascinert av ordenes kraft og deres evne til \u00e5 skape endringer. Etter \u00e5 ha fullf\u00f8rt min utdannelse i kommunikasjon ved Universitetet i Bergen, fikk jeg muligheten til \u00e5 jobbe innen ulike medier, der jeg har s\u00f8kt \u00e5 belyse viktige samfunnssp\u00f8rsm\u00e5l. I dag, som redakt\u00f8r for Nordnesrepublikken, pr\u00f8ver jeg \u00e5 forene min kj\u00e6rlighet for journalistikk med min lidenskap for innovasjon og eventyr.\",\"sameAs\":[\"https:\/\/nordnesrepublikken.no\/\"]}]}<\/script>\n<!-- \/ Yoast SEO plugin. -->","yoast_head_json":{"title":"Hvorfor varer sommerskoleferien i Italia? - Nordnesrepublikken","robots":{"index":"index","follow":"follow","max-snippet":"max-snippet:-1","max-image-preview":"max-image-preview:large","max-video-preview":"max-video-preview:-1"},"canonical":"https:\/\/nordnesrepublikken.no\/index.php\/2025\/09\/10\/hvorfor-varer-sommerskoleferien-i-italia\/","og_locale":"nb_NO","og_type":"article","og_title":"Hvorfor varer sommerskoleferien i Italia? - Nordnesrepublikken","og_description":"I Italia, The Sommerskoleferier De er veldig lange: de varer tre m\u00e5neder, og g\u00e5r fra","og_url":"https:\/\/nordnesrepublikken.no\/index.php\/2025\/09\/10\/hvorfor-varer-sommerskoleferien-i-italia\/","og_site_name":"Nordnesrepublikken","article_published_time":"2025-09-10T04:50:17+00:00","article_modified_time":"2025-09-10T04:50:19+00:00","og_image":[{"width":1536,"height":1024,"url":"https:\/\/nordnesrepublikken.no\/wp-content\/uploads\/2025\/09\/1757479818_Hvorfor-varer-sommerskoleferien-i-Italia.jpg","type":"image\/jpeg"}],"author":"Ole Andersen","twitter_card":"summary_large_image","twitter_misc":{"Skrevet av":"Ole Andersen","Ansl. lesetid":"4 minutter"},"schema":{"@context":"https:\/\/schema.org","@graph":[{"@type":"Article","@id":"https:\/\/nordnesrepublikken.no\/index.php\/2025\/09\/10\/hvorfor-varer-sommerskoleferien-i-italia\/#article","isPartOf":{"@id":"https:\/\/nordnesrepublikken.no\/index.php\/2025\/09\/10\/hvorfor-varer-sommerskoleferien-i-italia\/"},"author":{"name":"Ole Andersen","@id":"https:\/\/nordnesrepublikken.no\/#\/schema\/person\/2e7e81935bab77882fffb79296240ff1"},"headline":"Hvorfor varer sommerskoleferien i Italia?","datePublished":"2025-09-10T04:50:17+00:00","dateModified":"2025-09-10T04:50:19+00:00","mainEntityOfPage":{"@id":"https:\/\/nordnesrepublikken.no\/index.php\/2025\/09\/10\/hvorfor-varer-sommerskoleferien-i-italia\/"},"wordCount":806,"publisher":{"@id":"https:\/\/nordnesrepublikken.no\/#organization"},"image":{"@id":"https:\/\/nordnesrepublikken.no\/index.php\/2025\/09\/10\/hvorfor-varer-sommerskoleferien-i-italia\/#primaryimage"},"thumbnailUrl":"https:\/\/nordnesrepublikken.no\/wp-content\/uploads\/2025\/09\/1757479818_Hvorfor-varer-sommerskoleferien-i-Italia.jpg","keywords":["hvorfor","Italia","sommerskoleferien","varer"],"articleSection":["Samfunn"],"inLanguage":"nb-NO"},{"@type":"WebPage","@id":"https:\/\/nordnesrepublikken.no\/index.php\/2025\/09\/10\/hvorfor-varer-sommerskoleferien-i-italia\/","url":"https:\/\/nordnesrepublikken.no\/index.php\/2025\/09\/10\/hvorfor-varer-sommerskoleferien-i-italia\/","name":"Hvorfor varer sommerskoleferien i Italia? - Nordnesrepublikken","isPartOf":{"@id":"https:\/\/nordnesrepublikken.no\/#website"},"primaryImageOfPage":{"@id":"https:\/\/nordnesrepublikken.no\/index.php\/2025\/09\/10\/hvorfor-varer-sommerskoleferien-i-italia\/#primaryimage"},"image":{"@id":"https:\/\/nordnesrepublikken.no\/index.php\/2025\/09\/10\/hvorfor-varer-sommerskoleferien-i-italia\/#primaryimage"},"thumbnailUrl":"https:\/\/nordnesrepublikken.no\/wp-content\/uploads\/2025\/09\/1757479818_Hvorfor-varer-sommerskoleferien-i-Italia.jpg","datePublished":"2025-09-10T04:50:17+00:00","dateModified":"2025-09-10T04:50:19+00:00","breadcrumb":{"@id":"https:\/\/nordnesrepublikken.no\/index.php\/2025\/09\/10\/hvorfor-varer-sommerskoleferien-i-italia\/#breadcrumb"},"inLanguage":"nb-NO","potentialAction":[{"@type":"ReadAction","target":["https:\/\/nordnesrepublikken.no\/index.php\/2025\/09\/10\/hvorfor-varer-sommerskoleferien-i-italia\/"]}]},{"@type":"ImageObject","inLanguage":"nb-NO","@id":"https:\/\/nordnesrepublikken.no\/index.php\/2025\/09\/10\/hvorfor-varer-sommerskoleferien-i-italia\/#primaryimage","url":"https:\/\/nordnesrepublikken.no\/wp-content\/uploads\/2025\/09\/1757479818_Hvorfor-varer-sommerskoleferien-i-Italia.jpg","contentUrl":"https:\/\/nordnesrepublikken.no\/wp-content\/uploads\/2025\/09\/1757479818_Hvorfor-varer-sommerskoleferien-i-Italia.jpg","width":1536,"height":1024,"caption":"Immagine"},{"@type":"BreadcrumbList","@id":"https:\/\/nordnesrepublikken.no\/index.php\/2025\/09\/10\/hvorfor-varer-sommerskoleferien-i-italia\/#breadcrumb","itemListElement":[{"@type":"ListItem","position":1,"name":"Home","item":"https:\/\/nordnesrepublikken.no\/"},{"@type":"ListItem","position":2,"name":"Hvorfor varer sommerskoleferien i Italia?"}]},{"@type":"WebSite","@id":"https:\/\/nordnesrepublikken.no\/#website","url":"https:\/\/nordnesrepublikken.no\/","name":"Nordnesrepublikken","description":"Stemmer og Visjoner fra Republikkens Hjerte","publisher":{"@id":"https:\/\/nordnesrepublikken.no\/#organization"},"potentialAction":[{"@type":"SearchAction","target":{"@type":"EntryPoint","urlTemplate":"https:\/\/nordnesrepublikken.no\/?s={search_term_string}"},"query-input":{"@type":"PropertyValueSpecification","valueRequired":true,"valueName":"search_term_string"}}],"inLanguage":"nb-NO"},{"@type":"Organization","@id":"https:\/\/nordnesrepublikken.no\/#organization","name":"Nordnesrepublikken","url":"https:\/\/nordnesrepublikken.no\/","logo":{"@type":"ImageObject","inLanguage":"nb-NO","@id":"https:\/\/nordnesrepublikken.no\/#\/schema\/logo\/image\/","url":"https:\/\/nordnesrepublikken.no\/wp-content\/uploads\/2025\/02\/cropped-nordnesrepublikken-2.png","contentUrl":"https:\/\/nordnesrepublikken.no\/wp-content\/uploads\/2025\/02\/cropped-nordnesrepublikken-2.png","width":1248,"height":362,"caption":"Nordnesrepublikken"},"image":{"@id":"https:\/\/nordnesrepublikken.no\/#\/schema\/logo\/image\/"}},{"@type":"Person","@id":"https:\/\/nordnesrepublikken.no\/#\/schema\/person\/2e7e81935bab77882fffb79296240ff1","name":"Ole Andersen","image":{"@type":"ImageObject","inLanguage":"nb-NO","@id":"https:\/\/nordnesrepublikken.no\/#\/schema\/person\/image\/","url":"https:\/\/nordnesrepublikken.no\/wp-content\/uploads\/2025\/02\/nordnesrepublikken-2-2-150x150.jpg","contentUrl":"https:\/\/nordnesrepublikken.no\/wp-content\/uploads\/2025\/02\/nordnesrepublikken-2-2-150x150.jpg","caption":"Ole Andersen"},"description":"Ettersom jeg vokste opp i Oslo, har jeg alltid v\u00e6rt fascinert av ordenes kraft og deres evne til \u00e5 skape endringer. Etter \u00e5 ha fullf\u00f8rt min utdannelse i kommunikasjon ved Universitetet i Bergen, fikk jeg muligheten til \u00e5 jobbe innen ulike medier, der jeg har s\u00f8kt \u00e5 belyse viktige samfunnssp\u00f8rsm\u00e5l. I dag, som redakt\u00f8r for Nordnesrepublikken, pr\u00f8ver jeg \u00e5 forene min kj\u00e6rlighet for journalistikk med min lidenskap for innovasjon og eventyr.","sameAs":["https:\/\/nordnesrepublikken.no\/"]}]}},"_links":{"self":[{"href":"https:\/\/nordnesrepublikken.no\/index.php\/wp-json\/wp\/v2\/posts\/9390","targetHints":{"allow":["GET"]}}],"collection":[{"href":"https:\/\/nordnesrepublikken.no\/index.php\/wp-json\/wp\/v2\/posts"}],"about":[{"href":"https:\/\/nordnesrepublikken.no\/index.php\/wp-json\/wp\/v2\/types\/post"}],"author":[{"embeddable":true,"href":"https:\/\/nordnesrepublikken.no\/index.php\/wp-json\/wp\/v2\/users\/1"}],"replies":[{"embeddable":true,"href":"https:\/\/nordnesrepublikken.no\/index.php\/wp-json\/wp\/v2\/comments?post=9390"}],"version-history":[{"count":1,"href":"https:\/\/nordnesrepublikken.no\/index.php\/wp-json\/wp\/v2\/posts\/9390\/revisions"}],"predecessor-version":[{"id":9392,"href":"https:\/\/nordnesrepublikken.no\/index.php\/wp-json\/wp\/v2\/posts\/9390\/revisions\/9392"}],"wp:featuredmedia":[{"embeddable":true,"href":"https:\/\/nordnesrepublikken.no\/index.php\/wp-json\/wp\/v2\/media\/9391"}],"wp:attachment":[{"href":"https:\/\/nordnesrepublikken.no\/index.php\/wp-json\/wp\/v2\/media?parent=9390"}],"wp:term":[{"taxonomy":"category","embeddable":true,"href":"https:\/\/nordnesrepublikken.no\/index.php\/wp-json\/wp\/v2\/categories?post=9390"},{"taxonomy":"post_tag","embeddable":true,"href":"https:\/\/nordnesrepublikken.no\/index.php\/wp-json\/wp\/v2\/tags?post=9390"}],"curies":[{"name":"wp","href":"https:\/\/api.w.org\/{rel}","templated":true}]}}