{"id":9387,"date":"2025-09-10T05:50:52","date_gmt":"2025-09-10T03:50:52","guid":{"rendered":"https:\/\/nordnesrepublikken.no\/index.php\/2025\/09\/10\/reisekaosvarsel-strikes-traff-spania-frankrike-italia-og-portugal-i-september\/"},"modified":"2025-09-10T05:50:53","modified_gmt":"2025-09-10T03:50:53","slug":"reisekaosvarsel-strikes-traff-spania-frankrike-italia-og-portugal-i-september","status":"publish","type":"post","link":"https:\/\/nordnesrepublikken.no\/index.php\/2025\/09\/10\/reisekaosvarsel-strikes-traff-spania-frankrike-italia-og-portugal-i-september\/","title":{"rendered":"Reisekaosvarsel: Strikes traff Spania, Frankrike, Italia og Portugal i september"},"content":{"rendered":"<p><\/p>\n<div class=\"wordpress-content\">\n                    <!-- Article Start --><\/p>\n<p><strong>Hvis du trodde at slutten av sommeren betydde jevn seiling for h\u00f8stfluktene, tenk p\u00e5 nytt. Industriell aksjon feier over hele Europa, og det truer med \u00e5 avspore ferieplaner for tusenvis av reisende p\u00e5 vei til Spania, Frankrike, Italia og Portugal i september.<\/strong><\/p>\n<p>Etter en sommer som gikk med relativt f\u00e5 forstyrrelser, trapper fagforeninger over hele kontinentet handling igjen &#8211; og transport er fast p\u00e5 deres severdigheter. Fra flyplassbagasjebehandlere i Lisboa til flygeledere i Paris, kan streikene bety lengre ventetid, kansellerte flyreiser og rikelig med frustrasjon for ferierende.<\/p>\n<h2>Frankrike seler for landsomfattende protester og flyforstyrrelser<\/h2>\n<p>Frankrike er nok en gang i sentrum for industriell uro. Onsdag 10. september har en grasrotdag for protest blitt kalt mot statsminister Fran\u00e7ois Bayrous n\u00f8ysomhetsplaner. Hvis det g\u00e5r foran, kan bes\u00f8kende forvente store demonstrasjoner, veisperringer og forsinkelser i st\u00f8rre byer.<\/p>\n<div class=\"sra_unit\"><link rel=\"stylesheet\" id=\"block-sra\" href=\"https:\/\/euroweeklynews.com\/wp-content\/plugins\/snack-related-articles\/dist\/css\/snack-related.min.css?250312-193541\" type=\"text\/css\" media=\"all\">\n<\/div>\n<p>Men den st\u00f8rre forstyrrelsen forventes senere i m\u00e5neden. 18. &#8211; 19. september har \u00e5tte av Frankrikes mektigste fagforeninger &#8211; inkludert flygeledere &#8211; kunngjort koordinerte streik. Det betyr at flyreiser over fransk luftrom risikerer kansellering eller avledning, med knock-on-effekter over hele Europa.<\/p>\n<p>Reisende i Paris b\u00f8r ogs\u00e5 forberede seg p\u00e5 mulige forsinkelser p\u00e5 RATP -metrosystemet og SNCF National Rail Network. Eurostar har s\u00e5 langt sagt at den ikke forventer \u00e5 bli p\u00e5virket, men det har innr\u00f8mmet at situasjonen kan endre seg raskt.<\/p>\n<h2>Italia: Streik kommer tilbake etter sommerferien<\/h2>\n<p>I Italia kaster fagforeningene ikke tid n\u00e5 som forbudet mot streikene om h\u00f8ysesong har l\u00f8ftet seg. Tidligere denne m\u00e5neden for\u00e5rsaket en landsomfattende jernbanestreiking kaos, etterfulgt av walkouts p\u00e5 flyplasser inkludert Catania, Milan Linate, Florence og Pisa.<\/p>\n<p>Mer problemer er i horisonten. S\u00f8ndag 14. september er bakkestaff i Milan Linate og Malpensa innstilt p\u00e5 \u00e5 streike, mens det er planlagt en landsomfattende luftfartsstreik for 26. september. Passasjerer som reiser gjennom Italia, b\u00f8r st\u00f8tte seg for lange k\u00f8er og mulige kanselleringer.<\/p>\n<h2>Spania og Portugal: Bagasjeh\u00e5ndteringstvister drar videre<\/h2>\n<p>Spania st\u00e5r overfor sin egen b\u00f8lge av forstyrrelser, spesielt p\u00e5 flyplasser som ble betjent av Ryanair. Arbeidere ved Azul -h\u00e5ndtering, representert av UGT Union, iscenesetter walkouts p\u00e5 onsdager, fredager, l\u00f8rdager og s\u00f8ndager til slutten av \u00e5ret. Ryanair insisterer p\u00e5 at flyene fungerer normalt, men passasjerer b\u00f8r forvente forsinkelser ved innsjekking og bagasjesamling.<\/p>\n<p>Nabolandet Portugal blir ogs\u00e5 rammet. Streik fra Menzies Aviation Ground Staff har allerede for\u00e5rsaket kaos p\u00e5 Lisboa Airport i sommer, og mer aksjon er planlagt 12. &#8211; 15. september. Fagforeningene har advart om at stoppet kan fortsette i helgene helt til slutten av \u00e5ret.<\/p>\n<h2>Hva dette betyr for reisende<\/h2>\n<p>For alle som flyr denne m\u00e5neden, er meldingen klar: Tillat ekstra tid, pakk lys og f\u00f8lg n\u00f8ye med p\u00e5 oppdateringer fra flyselskapet eller togoperat\u00f8ren.<\/p>\n<p>Det er ogs\u00e5 viktig \u00e5 kjenne dine rettigheter. Streik som ikke er direkte for\u00e5rsaket av flyselskapet ditt, gir deg vanligvis ikke rett til automatisk kompensasjon, men transport\u00f8rer har fortsatt en aktsomhetsplikt. Det betyr at hvis flyet ditt er forsinket i mer enn to timer, har du rett til mat, drikke og om n\u00f8dvendig hotellovernatting. Hvis flyreisen din blir kansellert helt, m\u00e5 flyselskapet ditt ombook deg om neste tilgjengelige tjeneste, selv om det er med en annen transport\u00f8r.<\/p>\n<p>Tog passasjerer i Frankrike har lignende beskyttelse. Hvis SNCF -tjenesten din blir kansellert, kan du enten bytte billett gratis eller kreve full refusjon.<\/p>\n<p>Reiseeksperter foresl\u00e5r bare \u00e5 b\u00e6re h\u00e5ndbagasje der det er mulig, for \u00e5 unng\u00e5 det verste av forsinkelser i bagasjen. \u00c5 holde kvitteringer er ogs\u00e5 viktig: Hvis du trenger \u00e5 betale for m\u00e5ltider eller et hotell mens du venter p\u00e5 en flytur, kan du senere kreve kostnaden tilbake fra flyselskapet ditt.<\/p>\n<h2>H\u00f8stfluktssteder st\u00e5r overfor usikkerhet<\/h2>\n<p>Med industrielle tvister som sannsynligvis ikke vil bli l\u00f8st raskt, kan Europas h\u00f8ytids h\u00f8ytids h\u00f8ytid v\u00e6re en humpete. Familier som s\u00f8ker en sen dose solskinn i Spania, par som er p\u00e5 vei til en romantisk helg i Paris, eller reisende som planlegger en matfylt flukt til Italia, kunne alle finne planene sine ber\u00f8rt.<\/p>\n<p>Det beste r\u00e5det? Hold deg fleksibel. Sjekk flystatusen din f\u00f8r du forlater hjemmet, oppbevar en sikkerhetskopieringsplan der det er mulig, og v\u00e6r forberedt p\u00e5 endringer i siste \u00f8yeblikk. Streik kan v\u00e6re utenfor din kontroll, men \u00e5 v\u00e6re forberedt kan ta noe av stresset ut av en allerede uforutsigbar situasjon.<\/p>\n<p>                    <!-- This article has been originally published at https:\/\/euroweeklynews.com\/2025\/09\/09\/travel-chaos-warning-strikes-hit-spain-france-italy-and-portugal-this-september\/ on 09 Sep 2025 at 11:52 by Farah Mokrani --><br \/>\n                    <!-- Article End -->\n                <\/div>\n","protected":false},"excerpt":{"rendered":"<p>Hvis du trodde at slutten av sommeren betydde jevn seiling for h\u00f8stfluktene, tenk p\u00e5 nytt.<\/p>\n","protected":false},"author":1,"featured_media":9388,"comment_status":"closed","ping_status":"open","sticky":false,"template":"","format":"standard","meta":{"footnotes":""},"categories":[105],"tags":[750,437,139,6139,4418,529,6140,6141],"class_list":["post-9387","post","type-post","status-publish","format-standard","has-post-thumbnail","hentry","category-livsstil","tag-frankrike","tag-italia","tag-portugal","tag-reisekaosvarsel","tag-september","tag-spania","tag-strikes","tag-traff","generate-columns","tablet-grid-50","mobile-grid-100","grid-parent","grid-33","resize-featured-image"],"yoast_head":"<!-- This site is optimized with the Yoast SEO plugin v24.4 - https:\/\/yoast.com\/wordpress\/plugins\/seo\/ -->\n<title>Reisekaosvarsel: Strikes traff Spania, Frankrike, Italia og Portugal i september - Nordnesrepublikken<\/title>\n<meta name=\"robots\" content=\"index, follow, max-snippet:-1, max-image-preview:large, max-video-preview:-1\" \/>\n<link rel=\"canonical\" href=\"https:\/\/nordnesrepublikken.no\/index.php\/2025\/09\/10\/reisekaosvarsel-strikes-traff-spania-frankrike-italia-og-portugal-i-september\/\" \/>\n<meta property=\"og:locale\" content=\"nb_NO\" \/>\n<meta property=\"og:type\" content=\"article\" \/>\n<meta property=\"og:title\" content=\"Reisekaosvarsel: Strikes traff Spania, Frankrike, Italia og Portugal i september - Nordnesrepublikken\" \/>\n<meta property=\"og:description\" content=\"Hvis du trodde at slutten av sommeren betydde jevn seiling for h\u00f8stfluktene, tenk p\u00e5 nytt.\" \/>\n<meta property=\"og:url\" content=\"https:\/\/nordnesrepublikken.no\/index.php\/2025\/09\/10\/reisekaosvarsel-strikes-traff-spania-frankrike-italia-og-portugal-i-september\/\" \/>\n<meta property=\"og:site_name\" content=\"Nordnesrepublikken\" \/>\n<meta property=\"article:published_time\" content=\"2025-09-10T03:50:52+00:00\" \/>\n<meta property=\"article:modified_time\" content=\"2025-09-10T03:50:53+00:00\" \/>\n<meta property=\"og:image\" content=\"https:\/\/nordnesrepublikken.no\/wp-content\/uploads\/2025\/09\/1757476252_Reisekaosvarsel-Strikes-traff-Spania-Frankrike-Italia-og-Portugal-i-september.jpg\" \/>\n\t<meta property=\"og:image:width\" content=\"1200\" \/>\n\t<meta property=\"og:image:height\" content=\"901\" \/>\n\t<meta property=\"og:image:type\" content=\"image\/jpeg\" \/>\n<meta name=\"author\" content=\"Ole Andersen\" \/>\n<meta name=\"twitter:card\" content=\"summary_large_image\" \/>\n<meta name=\"twitter:label1\" content=\"Skrevet av\" \/>\n\t<meta name=\"twitter:data1\" content=\"Ole Andersen\" \/>\n\t<meta name=\"twitter:label2\" content=\"Ansl. lesetid\" \/>\n\t<meta name=\"twitter:data2\" content=\"4 minutter\" \/>\n<script type=\"application\/ld+json\" class=\"yoast-schema-graph\">{\"@context\":\"https:\/\/schema.org\",\"@graph\":[{\"@type\":\"Article\",\"@id\":\"https:\/\/nordnesrepublikken.no\/index.php\/2025\/09\/10\/reisekaosvarsel-strikes-traff-spania-frankrike-italia-og-portugal-i-september\/#article\",\"isPartOf\":{\"@id\":\"https:\/\/nordnesrepublikken.no\/index.php\/2025\/09\/10\/reisekaosvarsel-strikes-traff-spania-frankrike-italia-og-portugal-i-september\/\"},\"author\":{\"name\":\"Ole Andersen\",\"@id\":\"https:\/\/nordnesrepublikken.no\/#\/schema\/person\/2e7e81935bab77882fffb79296240ff1\"},\"headline\":\"Reisekaosvarsel: Strikes traff Spania, Frankrike, Italia og Portugal i september\",\"datePublished\":\"2025-09-10T03:50:52+00:00\",\"dateModified\":\"2025-09-10T03:50:53+00:00\",\"mainEntityOfPage\":{\"@id\":\"https:\/\/nordnesrepublikken.no\/index.php\/2025\/09\/10\/reisekaosvarsel-strikes-traff-spania-frankrike-italia-og-portugal-i-september\/\"},\"wordCount\":734,\"publisher\":{\"@id\":\"https:\/\/nordnesrepublikken.no\/#organization\"},\"image\":{\"@id\":\"https:\/\/nordnesrepublikken.no\/index.php\/2025\/09\/10\/reisekaosvarsel-strikes-traff-spania-frankrike-italia-og-portugal-i-september\/#primaryimage\"},\"thumbnailUrl\":\"https:\/\/nordnesrepublikken.no\/wp-content\/uploads\/2025\/09\/1757476252_Reisekaosvarsel-Strikes-traff-Spania-Frankrike-Italia-og-Portugal-i-september.jpg\",\"keywords\":[\"Frankrike\",\"Italia\",\"Portugal\",\"Reisekaosvarsel\",\"september\",\"Spania\",\"Strikes\",\"traff\"],\"articleSection\":[\"Livsstil\"],\"inLanguage\":\"nb-NO\"},{\"@type\":\"WebPage\",\"@id\":\"https:\/\/nordnesrepublikken.no\/index.php\/2025\/09\/10\/reisekaosvarsel-strikes-traff-spania-frankrike-italia-og-portugal-i-september\/\",\"url\":\"https:\/\/nordnesrepublikken.no\/index.php\/2025\/09\/10\/reisekaosvarsel-strikes-traff-spania-frankrike-italia-og-portugal-i-september\/\",\"name\":\"Reisekaosvarsel: Strikes traff Spania, Frankrike, Italia og Portugal i september - Nordnesrepublikken\",\"isPartOf\":{\"@id\":\"https:\/\/nordnesrepublikken.no\/#website\"},\"primaryImageOfPage\":{\"@id\":\"https:\/\/nordnesrepublikken.no\/index.php\/2025\/09\/10\/reisekaosvarsel-strikes-traff-spania-frankrike-italia-og-portugal-i-september\/#primaryimage\"},\"image\":{\"@id\":\"https:\/\/nordnesrepublikken.no\/index.php\/2025\/09\/10\/reisekaosvarsel-strikes-traff-spania-frankrike-italia-og-portugal-i-september\/#primaryimage\"},\"thumbnailUrl\":\"https:\/\/nordnesrepublikken.no\/wp-content\/uploads\/2025\/09\/1757476252_Reisekaosvarsel-Strikes-traff-Spania-Frankrike-Italia-og-Portugal-i-september.jpg\",\"datePublished\":\"2025-09-10T03:50:52+00:00\",\"dateModified\":\"2025-09-10T03:50:53+00:00\",\"breadcrumb\":{\"@id\":\"https:\/\/nordnesrepublikken.no\/index.php\/2025\/09\/10\/reisekaosvarsel-strikes-traff-spania-frankrike-italia-og-portugal-i-september\/#breadcrumb\"},\"inLanguage\":\"nb-NO\",\"potentialAction\":[{\"@type\":\"ReadAction\",\"target\":[\"https:\/\/nordnesrepublikken.no\/index.php\/2025\/09\/10\/reisekaosvarsel-strikes-traff-spania-frankrike-italia-og-portugal-i-september\/\"]}]},{\"@type\":\"ImageObject\",\"inLanguage\":\"nb-NO\",\"@id\":\"https:\/\/nordnesrepublikken.no\/index.php\/2025\/09\/10\/reisekaosvarsel-strikes-traff-spania-frankrike-italia-og-portugal-i-september\/#primaryimage\",\"url\":\"https:\/\/nordnesrepublikken.no\/wp-content\/uploads\/2025\/09\/1757476252_Reisekaosvarsel-Strikes-traff-Spania-Frankrike-Italia-og-Portugal-i-september.jpg\",\"contentUrl\":\"https:\/\/nordnesrepublikken.no\/wp-content\/uploads\/2025\/09\/1757476252_Reisekaosvarsel-Strikes-traff-Spania-Frankrike-Italia-og-Portugal-i-september.jpg\",\"width\":1200,\"height\":901,\"caption\":\"Reisekaosvarsel: Strikes traff Spania, Frankrike, Italia og Portugal i september\"},{\"@type\":\"BreadcrumbList\",\"@id\":\"https:\/\/nordnesrepublikken.no\/index.php\/2025\/09\/10\/reisekaosvarsel-strikes-traff-spania-frankrike-italia-og-portugal-i-september\/#breadcrumb\",\"itemListElement\":[{\"@type\":\"ListItem\",\"position\":1,\"name\":\"Home\",\"item\":\"https:\/\/nordnesrepublikken.no\/\"},{\"@type\":\"ListItem\",\"position\":2,\"name\":\"Reisekaosvarsel: Strikes traff Spania, Frankrike, Italia og Portugal i september\"}]},{\"@type\":\"WebSite\",\"@id\":\"https:\/\/nordnesrepublikken.no\/#website\",\"url\":\"https:\/\/nordnesrepublikken.no\/\",\"name\":\"Nordnesrepublikken\",\"description\":\"Stemmer og Visjoner fra Republikkens Hjerte\",\"publisher\":{\"@id\":\"https:\/\/nordnesrepublikken.no\/#organization\"},\"potentialAction\":[{\"@type\":\"SearchAction\",\"target\":{\"@type\":\"EntryPoint\",\"urlTemplate\":\"https:\/\/nordnesrepublikken.no\/?s={search_term_string}\"},\"query-input\":{\"@type\":\"PropertyValueSpecification\",\"valueRequired\":true,\"valueName\":\"search_term_string\"}}],\"inLanguage\":\"nb-NO\"},{\"@type\":\"Organization\",\"@id\":\"https:\/\/nordnesrepublikken.no\/#organization\",\"name\":\"Nordnesrepublikken\",\"url\":\"https:\/\/nordnesrepublikken.no\/\",\"logo\":{\"@type\":\"ImageObject\",\"inLanguage\":\"nb-NO\",\"@id\":\"https:\/\/nordnesrepublikken.no\/#\/schema\/logo\/image\/\",\"url\":\"https:\/\/nordnesrepublikken.no\/wp-content\/uploads\/2025\/02\/cropped-nordnesrepublikken-2.png\",\"contentUrl\":\"https:\/\/nordnesrepublikken.no\/wp-content\/uploads\/2025\/02\/cropped-nordnesrepublikken-2.png\",\"width\":1248,\"height\":362,\"caption\":\"Nordnesrepublikken\"},\"image\":{\"@id\":\"https:\/\/nordnesrepublikken.no\/#\/schema\/logo\/image\/\"}},{\"@type\":\"Person\",\"@id\":\"https:\/\/nordnesrepublikken.no\/#\/schema\/person\/2e7e81935bab77882fffb79296240ff1\",\"name\":\"Ole Andersen\",\"image\":{\"@type\":\"ImageObject\",\"inLanguage\":\"nb-NO\",\"@id\":\"https:\/\/nordnesrepublikken.no\/#\/schema\/person\/image\/\",\"url\":\"https:\/\/nordnesrepublikken.no\/wp-content\/uploads\/2025\/02\/nordnesrepublikken-2-2-150x150.jpg\",\"contentUrl\":\"https:\/\/nordnesrepublikken.no\/wp-content\/uploads\/2025\/02\/nordnesrepublikken-2-2-150x150.jpg\",\"caption\":\"Ole Andersen\"},\"description\":\"Ettersom jeg vokste opp i Oslo, har jeg alltid v\u00e6rt fascinert av ordenes kraft og deres evne til \u00e5 skape endringer. Etter \u00e5 ha fullf\u00f8rt min utdannelse i kommunikasjon ved Universitetet i Bergen, fikk jeg muligheten til \u00e5 jobbe innen ulike medier, der jeg har s\u00f8kt \u00e5 belyse viktige samfunnssp\u00f8rsm\u00e5l. I dag, som redakt\u00f8r for Nordnesrepublikken, pr\u00f8ver jeg \u00e5 forene min kj\u00e6rlighet for journalistikk med min lidenskap for innovasjon og eventyr.\",\"sameAs\":[\"https:\/\/nordnesrepublikken.no\/\"]}]}<\/script>\n<!-- \/ Yoast SEO plugin. -->","yoast_head_json":{"title":"Reisekaosvarsel: Strikes traff Spania, Frankrike, Italia og Portugal i september - Nordnesrepublikken","robots":{"index":"index","follow":"follow","max-snippet":"max-snippet:-1","max-image-preview":"max-image-preview:large","max-video-preview":"max-video-preview:-1"},"canonical":"https:\/\/nordnesrepublikken.no\/index.php\/2025\/09\/10\/reisekaosvarsel-strikes-traff-spania-frankrike-italia-og-portugal-i-september\/","og_locale":"nb_NO","og_type":"article","og_title":"Reisekaosvarsel: Strikes traff Spania, Frankrike, Italia og Portugal i september - Nordnesrepublikken","og_description":"Hvis du trodde at slutten av sommeren betydde jevn seiling for h\u00f8stfluktene, tenk p\u00e5 nytt.","og_url":"https:\/\/nordnesrepublikken.no\/index.php\/2025\/09\/10\/reisekaosvarsel-strikes-traff-spania-frankrike-italia-og-portugal-i-september\/","og_site_name":"Nordnesrepublikken","article_published_time":"2025-09-10T03:50:52+00:00","article_modified_time":"2025-09-10T03:50:53+00:00","og_image":[{"width":1200,"height":901,"url":"https:\/\/nordnesrepublikken.no\/wp-content\/uploads\/2025\/09\/1757476252_Reisekaosvarsel-Strikes-traff-Spania-Frankrike-Italia-og-Portugal-i-september.jpg","type":"image\/jpeg"}],"author":"Ole Andersen","twitter_card":"summary_large_image","twitter_misc":{"Skrevet av":"Ole Andersen","Ansl. lesetid":"4 minutter"},"schema":{"@context":"https:\/\/schema.org","@graph":[{"@type":"Article","@id":"https:\/\/nordnesrepublikken.no\/index.php\/2025\/09\/10\/reisekaosvarsel-strikes-traff-spania-frankrike-italia-og-portugal-i-september\/#article","isPartOf":{"@id":"https:\/\/nordnesrepublikken.no\/index.php\/2025\/09\/10\/reisekaosvarsel-strikes-traff-spania-frankrike-italia-og-portugal-i-september\/"},"author":{"name":"Ole Andersen","@id":"https:\/\/nordnesrepublikken.no\/#\/schema\/person\/2e7e81935bab77882fffb79296240ff1"},"headline":"Reisekaosvarsel: Strikes traff Spania, Frankrike, Italia og Portugal i september","datePublished":"2025-09-10T03:50:52+00:00","dateModified":"2025-09-10T03:50:53+00:00","mainEntityOfPage":{"@id":"https:\/\/nordnesrepublikken.no\/index.php\/2025\/09\/10\/reisekaosvarsel-strikes-traff-spania-frankrike-italia-og-portugal-i-september\/"},"wordCount":734,"publisher":{"@id":"https:\/\/nordnesrepublikken.no\/#organization"},"image":{"@id":"https:\/\/nordnesrepublikken.no\/index.php\/2025\/09\/10\/reisekaosvarsel-strikes-traff-spania-frankrike-italia-og-portugal-i-september\/#primaryimage"},"thumbnailUrl":"https:\/\/nordnesrepublikken.no\/wp-content\/uploads\/2025\/09\/1757476252_Reisekaosvarsel-Strikes-traff-Spania-Frankrike-Italia-og-Portugal-i-september.jpg","keywords":["Frankrike","Italia","Portugal","Reisekaosvarsel","september","Spania","Strikes","traff"],"articleSection":["Livsstil"],"inLanguage":"nb-NO"},{"@type":"WebPage","@id":"https:\/\/nordnesrepublikken.no\/index.php\/2025\/09\/10\/reisekaosvarsel-strikes-traff-spania-frankrike-italia-og-portugal-i-september\/","url":"https:\/\/nordnesrepublikken.no\/index.php\/2025\/09\/10\/reisekaosvarsel-strikes-traff-spania-frankrike-italia-og-portugal-i-september\/","name":"Reisekaosvarsel: Strikes traff Spania, Frankrike, Italia og Portugal i september - Nordnesrepublikken","isPartOf":{"@id":"https:\/\/nordnesrepublikken.no\/#website"},"primaryImageOfPage":{"@id":"https:\/\/nordnesrepublikken.no\/index.php\/2025\/09\/10\/reisekaosvarsel-strikes-traff-spania-frankrike-italia-og-portugal-i-september\/#primaryimage"},"image":{"@id":"https:\/\/nordnesrepublikken.no\/index.php\/2025\/09\/10\/reisekaosvarsel-strikes-traff-spania-frankrike-italia-og-portugal-i-september\/#primaryimage"},"thumbnailUrl":"https:\/\/nordnesrepublikken.no\/wp-content\/uploads\/2025\/09\/1757476252_Reisekaosvarsel-Strikes-traff-Spania-Frankrike-Italia-og-Portugal-i-september.jpg","datePublished":"2025-09-10T03:50:52+00:00","dateModified":"2025-09-10T03:50:53+00:00","breadcrumb":{"@id":"https:\/\/nordnesrepublikken.no\/index.php\/2025\/09\/10\/reisekaosvarsel-strikes-traff-spania-frankrike-italia-og-portugal-i-september\/#breadcrumb"},"inLanguage":"nb-NO","potentialAction":[{"@type":"ReadAction","target":["https:\/\/nordnesrepublikken.no\/index.php\/2025\/09\/10\/reisekaosvarsel-strikes-traff-spania-frankrike-italia-og-portugal-i-september\/"]}]},{"@type":"ImageObject","inLanguage":"nb-NO","@id":"https:\/\/nordnesrepublikken.no\/index.php\/2025\/09\/10\/reisekaosvarsel-strikes-traff-spania-frankrike-italia-og-portugal-i-september\/#primaryimage","url":"https:\/\/nordnesrepublikken.no\/wp-content\/uploads\/2025\/09\/1757476252_Reisekaosvarsel-Strikes-traff-Spania-Frankrike-Italia-og-Portugal-i-september.jpg","contentUrl":"https:\/\/nordnesrepublikken.no\/wp-content\/uploads\/2025\/09\/1757476252_Reisekaosvarsel-Strikes-traff-Spania-Frankrike-Italia-og-Portugal-i-september.jpg","width":1200,"height":901,"caption":"Reisekaosvarsel: Strikes traff Spania, Frankrike, Italia og Portugal i september"},{"@type":"BreadcrumbList","@id":"https:\/\/nordnesrepublikken.no\/index.php\/2025\/09\/10\/reisekaosvarsel-strikes-traff-spania-frankrike-italia-og-portugal-i-september\/#breadcrumb","itemListElement":[{"@type":"ListItem","position":1,"name":"Home","item":"https:\/\/nordnesrepublikken.no\/"},{"@type":"ListItem","position":2,"name":"Reisekaosvarsel: Strikes traff Spania, Frankrike, Italia og Portugal i september"}]},{"@type":"WebSite","@id":"https:\/\/nordnesrepublikken.no\/#website","url":"https:\/\/nordnesrepublikken.no\/","name":"Nordnesrepublikken","description":"Stemmer og Visjoner fra Republikkens Hjerte","publisher":{"@id":"https:\/\/nordnesrepublikken.no\/#organization"},"potentialAction":[{"@type":"SearchAction","target":{"@type":"EntryPoint","urlTemplate":"https:\/\/nordnesrepublikken.no\/?s={search_term_string}"},"query-input":{"@type":"PropertyValueSpecification","valueRequired":true,"valueName":"search_term_string"}}],"inLanguage":"nb-NO"},{"@type":"Organization","@id":"https:\/\/nordnesrepublikken.no\/#organization","name":"Nordnesrepublikken","url":"https:\/\/nordnesrepublikken.no\/","logo":{"@type":"ImageObject","inLanguage":"nb-NO","@id":"https:\/\/nordnesrepublikken.no\/#\/schema\/logo\/image\/","url":"https:\/\/nordnesrepublikken.no\/wp-content\/uploads\/2025\/02\/cropped-nordnesrepublikken-2.png","contentUrl":"https:\/\/nordnesrepublikken.no\/wp-content\/uploads\/2025\/02\/cropped-nordnesrepublikken-2.png","width":1248,"height":362,"caption":"Nordnesrepublikken"},"image":{"@id":"https:\/\/nordnesrepublikken.no\/#\/schema\/logo\/image\/"}},{"@type":"Person","@id":"https:\/\/nordnesrepublikken.no\/#\/schema\/person\/2e7e81935bab77882fffb79296240ff1","name":"Ole Andersen","image":{"@type":"ImageObject","inLanguage":"nb-NO","@id":"https:\/\/nordnesrepublikken.no\/#\/schema\/person\/image\/","url":"https:\/\/nordnesrepublikken.no\/wp-content\/uploads\/2025\/02\/nordnesrepublikken-2-2-150x150.jpg","contentUrl":"https:\/\/nordnesrepublikken.no\/wp-content\/uploads\/2025\/02\/nordnesrepublikken-2-2-150x150.jpg","caption":"Ole Andersen"},"description":"Ettersom jeg vokste opp i Oslo, har jeg alltid v\u00e6rt fascinert av ordenes kraft og deres evne til \u00e5 skape endringer. Etter \u00e5 ha fullf\u00f8rt min utdannelse i kommunikasjon ved Universitetet i Bergen, fikk jeg muligheten til \u00e5 jobbe innen ulike medier, der jeg har s\u00f8kt \u00e5 belyse viktige samfunnssp\u00f8rsm\u00e5l. I dag, som redakt\u00f8r for Nordnesrepublikken, pr\u00f8ver jeg \u00e5 forene min kj\u00e6rlighet for journalistikk med min lidenskap for innovasjon og eventyr.","sameAs":["https:\/\/nordnesrepublikken.no\/"]}]}},"_links":{"self":[{"href":"https:\/\/nordnesrepublikken.no\/index.php\/wp-json\/wp\/v2\/posts\/9387","targetHints":{"allow":["GET"]}}],"collection":[{"href":"https:\/\/nordnesrepublikken.no\/index.php\/wp-json\/wp\/v2\/posts"}],"about":[{"href":"https:\/\/nordnesrepublikken.no\/index.php\/wp-json\/wp\/v2\/types\/post"}],"author":[{"embeddable":true,"href":"https:\/\/nordnesrepublikken.no\/index.php\/wp-json\/wp\/v2\/users\/1"}],"replies":[{"embeddable":true,"href":"https:\/\/nordnesrepublikken.no\/index.php\/wp-json\/wp\/v2\/comments?post=9387"}],"version-history":[{"count":1,"href":"https:\/\/nordnesrepublikken.no\/index.php\/wp-json\/wp\/v2\/posts\/9387\/revisions"}],"predecessor-version":[{"id":9389,"href":"https:\/\/nordnesrepublikken.no\/index.php\/wp-json\/wp\/v2\/posts\/9387\/revisions\/9389"}],"wp:featuredmedia":[{"embeddable":true,"href":"https:\/\/nordnesrepublikken.no\/index.php\/wp-json\/wp\/v2\/media\/9388"}],"wp:attachment":[{"href":"https:\/\/nordnesrepublikken.no\/index.php\/wp-json\/wp\/v2\/media?parent=9387"}],"wp:term":[{"taxonomy":"category","embeddable":true,"href":"https:\/\/nordnesrepublikken.no\/index.php\/wp-json\/wp\/v2\/categories?post=9387"},{"taxonomy":"post_tag","embeddable":true,"href":"https:\/\/nordnesrepublikken.no\/index.php\/wp-json\/wp\/v2\/tags?post=9387"}],"curies":[{"name":"wp","href":"https:\/\/api.w.org\/{rel}","templated":true}]}}